{"id":61468,"date":"2025-06-07T09:14:58","date_gmt":"2025-06-07T15:14:58","guid":{"rendered":"https:\/\/www.bbmnoticias.com\/labravaradiofm\/2025\/06\/07\/mientras-pemex-se-sigue-atrasando-con-pagos-ola-despidos-ya-comenzo-en-empresas-del-sur-de-veracruz\/"},"modified":"2025-06-07T09:15:08","modified_gmt":"2025-06-07T15:15:08","slug":"mientras-pemex-se-sigue-atrasando-con-pagos-ola-despidos-ya-comenzo-en-empresas-del-sur-de-veracruz","status":"publish","type":"post","link":"https:\/\/www.bbmnoticias.com\/labravaradiofm\/2025\/06\/07\/mientras-pemex-se-sigue-atrasando-con-pagos-ola-despidos-ya-comenzo-en-empresas-del-sur-de-veracruz\/","title":{"rendered":"Mientras Pemex se sigue atrasando con pagos, ola despidos ya comenz\u00f3 en empresas del sur de Veracruz"},"content":{"rendered":"<div style=\"margin-top: 0px; margin-bottom: 0px;\" class=\"sharethis-inline-share-buttons\" ><\/div>\n<p>Los despidos <strong>ya comenzaron en parte de las 25 empresas <\/strong>con las que Petr\u00f3leos Mexicanos (<strong>Pemex<\/strong>) tiene adeudos por alrededor de mil 500 millones de pesos en el sur de Veracruz.<\/p>\n\n\n\n<p>Lo anterior lo dio a conocer el presidente de la Delegaci\u00f3n Veracruz-Sur de la C\u00e1mara Mexicana de la Industria de la Construcci\u00f3n (CMIC),<strong> hasta este viernes llevan 31 d\u00edas.<\/strong><\/p>\n\n\n\n<p>&#8220;Es algo que sigue afectando a empresas de la zona, la verdad es que la gobernadora tiene muy buen oficio y relaci\u00f3n con la presidenta, <strong>y si habr\u00e1 la oportunidad<\/strong>, claro que se lo vamos a pedir (que les apoye a tener un encuentro)&#8221;, detall\u00f3 el presidente de la Delegaci\u00f3n Veracruz-Sur de la CMIC, Iv\u00e1n Ordaz Ar\u00e9chiga.<\/p>\n\n\n\n<p>Ordaz Ar\u00e9chiga fue entrevistado este <strong>viernes previo a la reuni\u00f3n de la gobernadora de Veracruz,<\/strong> Roc\u00edo Nahle Garc\u00eda, con integrantes de la Delegaci\u00f3n Veracruz-Sur de la CMIC.<\/p>\n\n\n\n<figure class=\"wp-block-pullquote\"><blockquote><p>&#8220;Fue m\u00ednimo el tema de pagos&#8230; N\u00fameros no los tendr\u00eda, s\u00ed, definitivamente hay empresas que est\u00e1n a punto de quebrar&#8221;, remarc\u00f3.<\/p><\/blockquote><\/figure>\n\n\n\n<p><strong>Pemex<\/strong> sostiene adeudos con las contratistas por trabajos realizados en los Complejos <strong>Petroqu\u00edmicos Cosoleacaque, La Cangrejera y Morelos,<\/strong> as\u00ed como en la Refiner\u00eda General L\u00e1zaro C\u00e1rdenas del R\u00edo, ubicada en Minatitl\u00e1n; en esta \u00faltima es donde se realiza el plant\u00f3n de los empresarios.<\/p>\n\n\n\n<p>&#8220;Lo que le queremos plantear (a la gobernadora) es su intervenci\u00f3n para poder tener un acercamiento con la gente de <strong>Pemex<\/strong>, con director de <strong>Pemex<\/strong>, o incluso hasta de Secretar\u00eda de <strong>Energ\u00eda o junto o con la presidenta,<\/strong> para que volteen, que se sensibilicen con el sur de Veracruz&#8221;, sostuvo.<\/p>\n\n\n\n<p>Fue en la segunda catorcena de febrero cuando dejaron de recibir los pagos consecutivos, mientras que el \u00faltimo se hizo el 15 de mayo, sumando a la fecha dos meses y <strong>medios sin recibir los recursos de parte de Pemex.<\/strong><\/p>\n\n\n\n<p>&#8220;M\u00e1s de la mitad yo creo que ya est\u00e1 muy cr\u00edtico (en el tema del despido de trabajadores)&#8221;, puntualiz\u00f3 Iv\u00e1n Ordaz.<\/p>\n\n\n\n<p>Con informaci\u00f3n de Diario del Istmo<\/p>\n","protected":false},"excerpt":{"rendered":"<p>Los despidos ya comenzaron en parte de las 25 empresas con las que Petr\u00f3leos Mexicanos (Pemex) tiene adeudos por alrededor de mil 500 millones de pesos en el sur de Veracruz. Lo anterior lo dio a conocer el presidente de la Delegaci\u00f3n Veracruz-Sur de la C\u00e1mara Mexicana de la Industria de la Construcci\u00f3n (CMIC), hasta [&hellip;]<\/p>\n","protected":false},"author":4,"featured_media":61470,"comment_status":"closed","ping_status":"","sticky":false,"template":"","format":"standard","meta":{"footnotes":""},"categories":[2,19],"tags":[],"class_list":{"0":"post-61468","1":"post","2":"type-post","3":"status-publish","4":"format-standard","5":"has-post-thumbnail","7":"category-oaxaca","8":"category-nacional"},"yoast_head":"<!-- This site is optimized with the Yoast SEO plugin v27.4 - https:\/\/yoast.com\/product\/yoast-seo-wordpress\/ -->\n<title>Mientras Pemex se sigue atrasando con pagos, ola despidos ya comenz\u00f3 en empresas del sur de Veracruz - LA BRAVA RADIO<\/title>\n<meta name=\"robots\" content=\"index, follow, max-snippet:-1, max-image-preview:large, max-video-preview:-1\" \/>\n<link rel=\"canonical\" href=\"https:\/\/www.bbmnoticias.com\/blog\/2025\/06\/07\/mientras-pemex-se-sigue-atrasando-con-pagos-ola-despidos-ya-comenzo-en-empresas-del-sur-de-veracruz\/\" \/>\n<meta property=\"og:locale\" content=\"es_MX\" \/>\n<meta property=\"og:type\" content=\"article\" \/>\n<meta property=\"og:title\" content=\"Mientras Pemex se sigue atrasando con pagos, ola despidos ya comenz\u00f3 en empresas del sur de Veracruz - LA BRAVA RADIO\" \/>\n<meta property=\"og:description\" content=\"Los despidos ya comenzaron en parte de las 25 empresas con las que Petr\u00f3leos Mexicanos (Pemex) tiene adeudos por alrededor de mil 500 millones de pesos en el sur de Veracruz. Lo anterior lo dio a conocer el presidente de la Delegaci\u00f3n Veracruz-Sur de la C\u00e1mara Mexicana de la Industria de la Construcci\u00f3n (CMIC), hasta [&hellip;]\" \/>\n<meta property=\"og:url\" content=\"https:\/\/www.bbmnoticias.com\/blog\/2025\/06\/07\/mientras-pemex-se-sigue-atrasando-con-pagos-ola-despidos-ya-comenzo-en-empresas-del-sur-de-veracruz\/\" \/>\n<meta property=\"og:site_name\" content=\"LA BRAVA RADIO\" \/>\n<meta property=\"article:published_time\" content=\"2025-06-07T15:14:58+00:00\" \/>\n<meta property=\"article:modified_time\" content=\"2025-06-07T15:15:08+00:00\" \/>\n<meta property=\"og:image\" content=\"https:\/\/www.bbmnoticias.com\/labravaradiofm\/wp-content\/uploads\/sites\/5\/2025\/06\/pemex_petroleo.jpg\" \/>\n\t<meta property=\"og:image:width\" content=\"730\" \/>\n\t<meta property=\"og:image:height\" content=\"550\" \/>\n\t<meta property=\"og:image:type\" content=\"image\/jpeg\" \/>\n<meta name=\"author\" content=\"Agencias\" \/>\n<meta name=\"twitter:card\" content=\"summary_large_image\" \/>\n<meta name=\"twitter:label1\" content=\"Escrito por\" \/>\n\t<meta name=\"twitter:data1\" content=\"Agencias\" \/>\n\t<meta name=\"twitter:label2\" content=\"Tiempo de lectura\" \/>\n\t<meta name=\"twitter:data2\" content=\"2 minutos\" \/>\n<script type=\"application\/ld+json\" class=\"yoast-schema-graph\">{\"@context\":\"https:\\\/\\\/schema.org\",\"@graph\":[{\"@type\":\"Article\",\"@id\":\"https:\\\/\\\/www.bbmnoticias.com\\\/blog\\\/2025\\\/06\\\/07\\\/mientras-pemex-se-sigue-atrasando-con-pagos-ola-despidos-ya-comenzo-en-empresas-del-sur-de-veracruz\\\/#article\",\"isPartOf\":{\"@id\":\"https:\\\/\\\/www.bbmnoticias.com\\\/labravaradiofm\\\/2025\\\/06\\\/07\\\/mientras-pemex-se-sigue-atrasando-con-pagos-ola-despidos-ya-comenzo-en-empresas-del-sur-de-veracruz\\\/\"},\"author\":{\"name\":\"Agencias\",\"@id\":\"https:\\\/\\\/www.bbmnoticias.com\\\/labravaradiofm\\\/#\\\/schema\\\/person\\\/000bdaf0a8fb5bff0d537c4d0778e33f\"},\"headline\":\"Mientras Pemex se sigue atrasando con pagos, ola despidos ya comenz\u00f3 en empresas del sur de Veracruz\",\"datePublished\":\"2025-06-07T15:14:58+00:00\",\"dateModified\":\"2025-06-07T15:15:08+00:00\",\"mainEntityOfPage\":{\"@id\":\"https:\\\/\\\/www.bbmnoticias.com\\\/labravaradiofm\\\/2025\\\/06\\\/07\\\/mientras-pemex-se-sigue-atrasando-con-pagos-ola-despidos-ya-comenzo-en-empresas-del-sur-de-veracruz\\\/\"},\"wordCount\":370,\"image\":{\"@id\":\"https:\\\/\\\/www.bbmnoticias.com\\\/blog\\\/2025\\\/06\\\/07\\\/mientras-pemex-se-sigue-atrasando-con-pagos-ola-despidos-ya-comenzo-en-empresas-del-sur-de-veracruz\\\/#primaryimage\"},\"thumbnailUrl\":\"https:\\\/\\\/www.bbmnoticias.com\\\/labravaradiofm\\\/wp-content\\\/uploads\\\/sites\\\/5\\\/2025\\\/06\\\/pemex_petroleo.jpg\",\"articleSection\":[\"LOCAL\",\"NACIONAL\"],\"inLanguage\":\"es\"},{\"@type\":\"WebPage\",\"@id\":\"https:\\\/\\\/www.bbmnoticias.com\\\/labravaradiofm\\\/2025\\\/06\\\/07\\\/mientras-pemex-se-sigue-atrasando-con-pagos-ola-despidos-ya-comenzo-en-empresas-del-sur-de-veracruz\\\/\",\"url\":\"https:\\\/\\\/www.bbmnoticias.com\\\/blog\\\/2025\\\/06\\\/07\\\/mientras-pemex-se-sigue-atrasando-con-pagos-ola-despidos-ya-comenzo-en-empresas-del-sur-de-veracruz\\\/\",\"name\":\"Mientras Pemex se sigue atrasando con pagos, ola despidos ya comenz\u00f3 en empresas del sur de Veracruz - LA BRAVA RADIO\",\"isPartOf\":{\"@id\":\"https:\\\/\\\/www.bbmnoticias.com\\\/labravaradiofm\\\/#website\"},\"primaryImageOfPage\":{\"@id\":\"https:\\\/\\\/www.bbmnoticias.com\\\/blog\\\/2025\\\/06\\\/07\\\/mientras-pemex-se-sigue-atrasando-con-pagos-ola-despidos-ya-comenzo-en-empresas-del-sur-de-veracruz\\\/#primaryimage\"},\"image\":{\"@id\":\"https:\\\/\\\/www.bbmnoticias.com\\\/blog\\\/2025\\\/06\\\/07\\\/mientras-pemex-se-sigue-atrasando-con-pagos-ola-despidos-ya-comenzo-en-empresas-del-sur-de-veracruz\\\/#primaryimage\"},\"thumbnailUrl\":\"https:\\\/\\\/www.bbmnoticias.com\\\/labravaradiofm\\\/wp-content\\\/uploads\\\/sites\\\/5\\\/2025\\\/06\\\/pemex_petroleo.jpg\",\"datePublished\":\"2025-06-07T15:14:58+00:00\",\"dateModified\":\"2025-06-07T15:15:08+00:00\",\"author\":{\"@id\":\"https:\\\/\\\/www.bbmnoticias.com\\\/labravaradiofm\\\/#\\\/schema\\\/person\\\/000bdaf0a8fb5bff0d537c4d0778e33f\"},\"breadcrumb\":{\"@id\":\"https:\\\/\\\/www.bbmnoticias.com\\\/blog\\\/2025\\\/06\\\/07\\\/mientras-pemex-se-sigue-atrasando-con-pagos-ola-despidos-ya-comenzo-en-empresas-del-sur-de-veracruz\\\/#breadcrumb\"},\"inLanguage\":\"es\",\"potentialAction\":[{\"@type\":\"ReadAction\",\"target\":[\"https:\\\/\\\/www.bbmnoticias.com\\\/blog\\\/2025\\\/06\\\/07\\\/mientras-pemex-se-sigue-atrasando-con-pagos-ola-despidos-ya-comenzo-en-empresas-del-sur-de-veracruz\\\/\"]}]},{\"@type\":\"ImageObject\",\"inLanguage\":\"es\",\"@id\":\"https:\\\/\\\/www.bbmnoticias.com\\\/blog\\\/2025\\\/06\\\/07\\\/mientras-pemex-se-sigue-atrasando-con-pagos-ola-despidos-ya-comenzo-en-empresas-del-sur-de-veracruz\\\/#primaryimage\",\"url\":\"https:\\\/\\\/www.bbmnoticias.com\\\/labravaradiofm\\\/wp-content\\\/uploads\\\/sites\\\/5\\\/2025\\\/06\\\/pemex_petroleo.jpg\",\"contentUrl\":\"https:\\\/\\\/www.bbmnoticias.com\\\/labravaradiofm\\\/wp-content\\\/uploads\\\/sites\\\/5\\\/2025\\\/06\\\/pemex_petroleo.jpg\",\"width\":730,\"height\":550},{\"@type\":\"BreadcrumbList\",\"@id\":\"https:\\\/\\\/www.bbmnoticias.com\\\/blog\\\/2025\\\/06\\\/07\\\/mientras-pemex-se-sigue-atrasando-con-pagos-ola-despidos-ya-comenzo-en-empresas-del-sur-de-veracruz\\\/#breadcrumb\",\"itemListElement\":[{\"@type\":\"ListItem\",\"position\":1,\"name\":\"Inicio\",\"item\":\"https:\\\/\\\/www.bbmnoticias.com\\\/labravaradiofm\\\/\"},{\"@type\":\"ListItem\",\"position\":2,\"name\":\"Mientras Pemex se sigue atrasando con pagos, ola despidos ya comenz\u00f3 en empresas del sur de Veracruz\"}]},{\"@type\":\"WebSite\",\"@id\":\"https:\\\/\\\/www.bbmnoticias.com\\\/labravaradiofm\\\/#website\",\"url\":\"https:\\\/\\\/www.bbmnoticias.com\\\/labravaradiofm\\\/\",\"name\":\"LA BRAVA RADIO\",\"description\":\"Empresa productora de medios, Radiodifusi\u00f3n, Noticias, tendencias y todo lo que necesitas saber de la pol\u00edtica mexicana e internacional; entretenimiento, espect\u00e1culos, salud y mucho m\u00e1s.\",\"potentialAction\":[{\"@type\":\"SearchAction\",\"target\":{\"@type\":\"EntryPoint\",\"urlTemplate\":\"https:\\\/\\\/www.bbmnoticias.com\\\/labravaradiofm\\\/?s={search_term_string}\"},\"query-input\":{\"@type\":\"PropertyValueSpecification\",\"valueRequired\":true,\"valueName\":\"search_term_string\"}}],\"inLanguage\":\"es\"},{\"@type\":\"Person\",\"@id\":\"https:\\\/\\\/www.bbmnoticias.com\\\/labravaradiofm\\\/#\\\/schema\\\/person\\\/000bdaf0a8fb5bff0d537c4d0778e33f\",\"name\":\"Agencias\",\"image\":{\"@type\":\"ImageObject\",\"inLanguage\":\"es\",\"@id\":\"https:\\\/\\\/secure.gravatar.com\\\/avatar\\\/739e0b61adf9e398b425c36718c8752286da0e8cd90f20ce9a86678abc26aa0d?s=96&d=mm&r=g\",\"url\":\"https:\\\/\\\/secure.gravatar.com\\\/avatar\\\/739e0b61adf9e398b425c36718c8752286da0e8cd90f20ce9a86678abc26aa0d?s=96&d=mm&r=g\",\"contentUrl\":\"https:\\\/\\\/secure.gravatar.com\\\/avatar\\\/739e0b61adf9e398b425c36718c8752286da0e8cd90f20ce9a86678abc26aa0d?s=96&d=mm&r=g\",\"caption\":\"Agencias\"},\"url\":\"https:\\\/\\\/www.bbmnoticias.com\\\/labravaradiofm\\\/author\\\/agencias\\\/\"}]}<\/script>\n<!-- \/ Yoast SEO plugin. -->","yoast_head_json":{"title":"Mientras Pemex se sigue atrasando con pagos, ola despidos ya comenz\u00f3 en empresas del sur de Veracruz - LA BRAVA RADIO","robots":{"index":"index","follow":"follow","max-snippet":"max-snippet:-1","max-image-preview":"max-image-preview:large","max-video-preview":"max-video-preview:-1"},"canonical":"https:\/\/www.bbmnoticias.com\/blog\/2025\/06\/07\/mientras-pemex-se-sigue-atrasando-con-pagos-ola-despidos-ya-comenzo-en-empresas-del-sur-de-veracruz\/","og_locale":"es_MX","og_type":"article","og_title":"Mientras Pemex se sigue atrasando con pagos, ola despidos ya comenz\u00f3 en empresas del sur de Veracruz - LA BRAVA RADIO","og_description":"Los despidos ya comenzaron en parte de las 25 empresas con las que Petr\u00f3leos Mexicanos (Pemex) tiene adeudos por alrededor de mil 500 millones de pesos en el sur de Veracruz. Lo anterior lo dio a conocer el presidente de la Delegaci\u00f3n Veracruz-Sur de la C\u00e1mara Mexicana de la Industria de la Construcci\u00f3n (CMIC), hasta [&hellip;]","og_url":"https:\/\/www.bbmnoticias.com\/blog\/2025\/06\/07\/mientras-pemex-se-sigue-atrasando-con-pagos-ola-despidos-ya-comenzo-en-empresas-del-sur-de-veracruz\/","og_site_name":"LA BRAVA RADIO","article_published_time":"2025-06-07T15:14:58+00:00","article_modified_time":"2025-06-07T15:15:08+00:00","og_image":[{"width":730,"height":550,"url":"https:\/\/www.bbmnoticias.com\/labravaradiofm\/wp-content\/uploads\/sites\/5\/2025\/06\/pemex_petroleo.jpg","type":"image\/jpeg"}],"author":"Agencias","twitter_card":"summary_large_image","twitter_misc":{"Escrito por":"Agencias","Tiempo de lectura":"2 minutos"},"schema":{"@context":"https:\/\/schema.org","@graph":[{"@type":"Article","@id":"https:\/\/www.bbmnoticias.com\/blog\/2025\/06\/07\/mientras-pemex-se-sigue-atrasando-con-pagos-ola-despidos-ya-comenzo-en-empresas-del-sur-de-veracruz\/#article","isPartOf":{"@id":"https:\/\/www.bbmnoticias.com\/labravaradiofm\/2025\/06\/07\/mientras-pemex-se-sigue-atrasando-con-pagos-ola-despidos-ya-comenzo-en-empresas-del-sur-de-veracruz\/"},"author":{"name":"Agencias","@id":"https:\/\/www.bbmnoticias.com\/labravaradiofm\/#\/schema\/person\/000bdaf0a8fb5bff0d537c4d0778e33f"},"headline":"Mientras Pemex se sigue atrasando con pagos, ola despidos ya comenz\u00f3 en empresas del sur de Veracruz","datePublished":"2025-06-07T15:14:58+00:00","dateModified":"2025-06-07T15:15:08+00:00","mainEntityOfPage":{"@id":"https:\/\/www.bbmnoticias.com\/labravaradiofm\/2025\/06\/07\/mientras-pemex-se-sigue-atrasando-con-pagos-ola-despidos-ya-comenzo-en-empresas-del-sur-de-veracruz\/"},"wordCount":370,"image":{"@id":"https:\/\/www.bbmnoticias.com\/blog\/2025\/06\/07\/mientras-pemex-se-sigue-atrasando-con-pagos-ola-despidos-ya-comenzo-en-empresas-del-sur-de-veracruz\/#primaryimage"},"thumbnailUrl":"https:\/\/www.bbmnoticias.com\/labravaradiofm\/wp-content\/uploads\/sites\/5\/2025\/06\/pemex_petroleo.jpg","articleSection":["LOCAL","NACIONAL"],"inLanguage":"es"},{"@type":"WebPage","@id":"https:\/\/www.bbmnoticias.com\/labravaradiofm\/2025\/06\/07\/mientras-pemex-se-sigue-atrasando-con-pagos-ola-despidos-ya-comenzo-en-empresas-del-sur-de-veracruz\/","url":"https:\/\/www.bbmnoticias.com\/blog\/2025\/06\/07\/mientras-pemex-se-sigue-atrasando-con-pagos-ola-despidos-ya-comenzo-en-empresas-del-sur-de-veracruz\/","name":"Mientras Pemex se sigue atrasando con pagos, ola despidos ya comenz\u00f3 en empresas del sur de Veracruz - LA BRAVA RADIO","isPartOf":{"@id":"https:\/\/www.bbmnoticias.com\/labravaradiofm\/#website"},"primaryImageOfPage":{"@id":"https:\/\/www.bbmnoticias.com\/blog\/2025\/06\/07\/mientras-pemex-se-sigue-atrasando-con-pagos-ola-despidos-ya-comenzo-en-empresas-del-sur-de-veracruz\/#primaryimage"},"image":{"@id":"https:\/\/www.bbmnoticias.com\/blog\/2025\/06\/07\/mientras-pemex-se-sigue-atrasando-con-pagos-ola-despidos-ya-comenzo-en-empresas-del-sur-de-veracruz\/#primaryimage"},"thumbnailUrl":"https:\/\/www.bbmnoticias.com\/labravaradiofm\/wp-content\/uploads\/sites\/5\/2025\/06\/pemex_petroleo.jpg","datePublished":"2025-06-07T15:14:58+00:00","dateModified":"2025-06-07T15:15:08+00:00","author":{"@id":"https:\/\/www.bbmnoticias.com\/labravaradiofm\/#\/schema\/person\/000bdaf0a8fb5bff0d537c4d0778e33f"},"breadcrumb":{"@id":"https:\/\/www.bbmnoticias.com\/blog\/2025\/06\/07\/mientras-pemex-se-sigue-atrasando-con-pagos-ola-despidos-ya-comenzo-en-empresas-del-sur-de-veracruz\/#breadcrumb"},"inLanguage":"es","potentialAction":[{"@type":"ReadAction","target":["https:\/\/www.bbmnoticias.com\/blog\/2025\/06\/07\/mientras-pemex-se-sigue-atrasando-con-pagos-ola-despidos-ya-comenzo-en-empresas-del-sur-de-veracruz\/"]}]},{"@type":"ImageObject","inLanguage":"es","@id":"https:\/\/www.bbmnoticias.com\/blog\/2025\/06\/07\/mientras-pemex-se-sigue-atrasando-con-pagos-ola-despidos-ya-comenzo-en-empresas-del-sur-de-veracruz\/#primaryimage","url":"https:\/\/www.bbmnoticias.com\/labravaradiofm\/wp-content\/uploads\/sites\/5\/2025\/06\/pemex_petroleo.jpg","contentUrl":"https:\/\/www.bbmnoticias.com\/labravaradiofm\/wp-content\/uploads\/sites\/5\/2025\/06\/pemex_petroleo.jpg","width":730,"height":550},{"@type":"BreadcrumbList","@id":"https:\/\/www.bbmnoticias.com\/blog\/2025\/06\/07\/mientras-pemex-se-sigue-atrasando-con-pagos-ola-despidos-ya-comenzo-en-empresas-del-sur-de-veracruz\/#breadcrumb","itemListElement":[{"@type":"ListItem","position":1,"name":"Inicio","item":"https:\/\/www.bbmnoticias.com\/labravaradiofm\/"},{"@type":"ListItem","position":2,"name":"Mientras Pemex se sigue atrasando con pagos, ola despidos ya comenz\u00f3 en empresas del sur de Veracruz"}]},{"@type":"WebSite","@id":"https:\/\/www.bbmnoticias.com\/labravaradiofm\/#website","url":"https:\/\/www.bbmnoticias.com\/labravaradiofm\/","name":"LA BRAVA RADIO","description":"Empresa productora de medios, Radiodifusi\u00f3n, Noticias, tendencias y todo lo que necesitas saber de la pol\u00edtica mexicana e internacional; entretenimiento, espect\u00e1culos, salud y mucho m\u00e1s.","potentialAction":[{"@type":"SearchAction","target":{"@type":"EntryPoint","urlTemplate":"https:\/\/www.bbmnoticias.com\/labravaradiofm\/?s={search_term_string}"},"query-input":{"@type":"PropertyValueSpecification","valueRequired":true,"valueName":"search_term_string"}}],"inLanguage":"es"},{"@type":"Person","@id":"https:\/\/www.bbmnoticias.com\/labravaradiofm\/#\/schema\/person\/000bdaf0a8fb5bff0d537c4d0778e33f","name":"Agencias","image":{"@type":"ImageObject","inLanguage":"es","@id":"https:\/\/secure.gravatar.com\/avatar\/739e0b61adf9e398b425c36718c8752286da0e8cd90f20ce9a86678abc26aa0d?s=96&d=mm&r=g","url":"https:\/\/secure.gravatar.com\/avatar\/739e0b61adf9e398b425c36718c8752286da0e8cd90f20ce9a86678abc26aa0d?s=96&d=mm&r=g","contentUrl":"https:\/\/secure.gravatar.com\/avatar\/739e0b61adf9e398b425c36718c8752286da0e8cd90f20ce9a86678abc26aa0d?s=96&d=mm&r=g","caption":"Agencias"},"url":"https:\/\/www.bbmnoticias.com\/labravaradiofm\/author\/agencias\/"}]}},"_links":{"self":[{"href":"https:\/\/www.bbmnoticias.com\/labravaradiofm\/wp-json\/wp\/v2\/posts\/61468","targetHints":{"allow":["GET"]}}],"collection":[{"href":"https:\/\/www.bbmnoticias.com\/labravaradiofm\/wp-json\/wp\/v2\/posts"}],"about":[{"href":"https:\/\/www.bbmnoticias.com\/labravaradiofm\/wp-json\/wp\/v2\/types\/post"}],"author":[{"embeddable":true,"href":"https:\/\/www.bbmnoticias.com\/labravaradiofm\/wp-json\/wp\/v2\/users\/4"}],"replies":[{"embeddable":true,"href":"https:\/\/www.bbmnoticias.com\/labravaradiofm\/wp-json\/wp\/v2\/comments?post=61468"}],"version-history":[{"count":0,"href":"https:\/\/www.bbmnoticias.com\/labravaradiofm\/wp-json\/wp\/v2\/posts\/61468\/revisions"}],"wp:featuredmedia":[{"embeddable":true,"href":"https:\/\/www.bbmnoticias.com\/labravaradiofm\/wp-json\/wp\/v2\/media\/61470"}],"wp:attachment":[{"href":"https:\/\/www.bbmnoticias.com\/labravaradiofm\/wp-json\/wp\/v2\/media?parent=61468"}],"wp:term":[{"taxonomy":"category","embeddable":true,"href":"https:\/\/www.bbmnoticias.com\/labravaradiofm\/wp-json\/wp\/v2\/categories?post=61468"},{"taxonomy":"post_tag","embeddable":true,"href":"https:\/\/www.bbmnoticias.com\/labravaradiofm\/wp-json\/wp\/v2\/tags?post=61468"}],"curies":[{"name":"wp","href":"https:\/\/api.w.org\/{rel}","templated":true}]}}