{"id":61462,"date":"2025-06-07T08:44:13","date_gmt":"2025-06-07T14:44:13","guid":{"rendered":"https:\/\/www.bbmnoticias.com\/labravaradiofm\/2025\/06\/07\/ellos-eran-los-3-tripulantes-de-la-avioneta-que-se-desplomo-en-chiapas-combatian-plaga-de-gusano-barrenador\/"},"modified":"2025-06-07T08:44:21","modified_gmt":"2025-06-07T14:44:21","slug":"ellos-eran-los-3-tripulantes-de-la-avioneta-que-se-desplomo-en-chiapas-combatian-plaga-de-gusano-barrenador","status":"publish","type":"post","link":"https:\/\/www.bbmnoticias.com\/labravaradiofm\/2025\/06\/07\/ellos-eran-los-3-tripulantes-de-la-avioneta-que-se-desplomo-en-chiapas-combatian-plaga-de-gusano-barrenador\/","title":{"rendered":"Ellos eran los 3 tripulantes de la avioneta que se desplom\u00f3 en Chiapas, combat\u00edan plaga de gusano barrenador"},"content":{"rendered":"<div style=\"margin-top: 0px; margin-bottom: 0px;\" class=\"sharethis-inline-share-buttons\" ><\/div>\n<p>Este viernes 6 de junio la <strong>Secretar\u00eda de Agricultura y Desarrollo Rural (Sader) <\/strong>confirm\u00f3 el fallecimiento de <strong>tres personas que tripulaban una avioneta<\/strong> dedicada a la liberaci\u00f3n de moscas est\u00e9riles para combatir el <strong>gusano barrenador<\/strong> en el estado de Chiapas, al sur de la Rep\u00fablica Mexicana.&nbsp;<\/p>\n\n\n\n<p>El <strong>secretario de Agricultura, Julio Berdegu\u00e9,<\/strong> lament\u00f3 el fallecimiento de las tres personas que realizaban su trabajo para combatir la plaga del gusano barrenador del ganado. As\u00ed como la <strong>presidenta de M\u00e9xico, Claudia Sheinbaum<\/strong>, quien envi\u00f3 su solidaridad a los familiares de las v\u00edctimas.&nbsp;<\/p>\n\n\n\n<figure class=\"wp-block-pullquote\"><blockquote><p>\u201cMi p\u00e9same a sus familias, amigos y compa\u00f1eros y compa\u00f1eras de trabajo. Siempre estaremos agradecidos por su entrega y sacrificio en defensa de la ganader\u00eda nacional\u201d, public\u00f3 en la red social X<\/p><\/blockquote><\/figure>\n\n\n\n<p>Por otro lado, la Agencia Federal de Aviaci\u00f3n Civil de M\u00e9xico detall\u00f3 que la aeronave&nbsp;de la compa\u00f1\u00eda guatemalteca Inversiones 777 S.A., tipo L-410 UVP-E despeg\u00f3 del <strong>aeropuerto de Tapachula, Chiapas,<\/strong> a las 8:15 horas, y el accidente ocurri\u00f3 en la frontera entre M\u00e9xico y Guatemala apenas una hora despu\u00e9s.&nbsp;<\/p>\n\n\n\n<figure class=\"wp-block-embed is-type-rich is-provider-twitter wp-block-embed-twitter\"><div class=\"wp-block-embed__wrapper\">\n<blockquote class=\"twitter-tweet\" data-width=\"550\" data-dnt=\"true\"><p lang=\"es\" dir=\"ltr\"><a href=\"https:\/\/twitter.com\/hashtag\/NotaInformativa?src=hash&amp;ref_src=twsrc%5Etfw\">#NotaInformativa<\/a>: El personal de AGRICULTURA y del Senasica se solidariza con familiares, amistades, compa\u00f1eros y compa\u00f1eras de trabajo de las personas que fallecieron en cumplimiento de su trabajo en defensa de la ganader\u00eda nacional <a href=\"https:\/\/t.co\/9Irg3b8hXC\">https:\/\/t.co\/9Irg3b8hXC<\/a> <a href=\"https:\/\/t.co\/25pXCUuX3Q\">pic.twitter.com\/25pXCUuX3Q<\/a><\/p>&mdash; Secretar\u00eda de Agricultura y Desarrollo Rural (@Agricultura_mex) <a href=\"https:\/\/twitter.com\/Agricultura_mex\/status\/1931067124451295568?ref_src=twsrc%5Etfw\">June 6, 2025<\/a><\/blockquote><script async src=\"https:\/\/platform.twitter.com\/widgets.js\" charset=\"utf-8\"><\/script>\n<\/div><\/figure>\n\n\n\n<p>La <strong>Direcci\u00f3n General de Aeron\u00e1utica Civil de Guatemala <\/strong>confirm\u00f3 el accidente de la avioneta de matr\u00edcula TG-TJG, as\u00ed como el deceso de los tres tripulantes. De igual forma la dependencia extern\u00f3 su p\u00e9same a las familias de las v\u00edctimas as\u00ed como su apertura a una investigaci\u00f3n para esclarecer <strong>el origen del accidente.&nbsp;<\/strong><\/p>\n\n\n\n<p>Fue a trav\u00e9s de redes sociales que la Sedar revel\u00f3 las identidades de los tres tripulantes de la avioneta que se dedicaban a erradicar la plaga de gusano barrenador, una problem\u00e1tica que hasta el 27 de mayo del presente a\u00f1o ha reportado <strong>al menos 6 casos en personas.&nbsp;<\/strong><\/p>\n\n\n\n<ul class=\"wp-block-list\">\n<li>Carlos Eduardo Monroy Pinto &#8211; PILOTO (nacionalidad guatemalteca)\u00a0<\/li>\n\n\n\n<li>Byron Eduardo Moran de Paz &#8211; COPILOTO (nacionalidad guatemalteca)\u00a0<\/li>\n\n\n\n<li>Lucio Alberto Roblero de Le\u00f3n &#8211; Ingeniero Agr\u00f3nomo, adscrito al Centro de Empaque de Mosca del Mediterr\u00e1neo del Senasica (nacionalidad mexicana)\u00a0<\/li>\n<\/ul>\n","protected":false},"excerpt":{"rendered":"<p>Este viernes 6 de junio la Secretar\u00eda de Agricultura y Desarrollo Rural (Sader) confirm\u00f3 el fallecimiento de tres personas que tripulaban una avioneta dedicada a la liberaci\u00f3n de moscas est\u00e9riles para combatir el gusano barrenador en el estado de Chiapas, al sur de la Rep\u00fablica Mexicana.&nbsp; El secretario de Agricultura, Julio Berdegu\u00e9, lament\u00f3 el fallecimiento [&hellip;]<\/p>\n","protected":false},"author":4,"featured_media":61464,"comment_status":"closed","ping_status":"","sticky":false,"template":"","format":"standard","meta":{"footnotes":""},"categories":[2,19],"tags":[],"class_list":{"0":"post-61462","1":"post","2":"type-post","3":"status-publish","4":"format-standard","5":"has-post-thumbnail","7":"category-oaxaca","8":"category-nacional"},"yoast_head":"<!-- This site is optimized with the Yoast SEO plugin v27.4 - https:\/\/yoast.com\/product\/yoast-seo-wordpress\/ -->\n<title>Ellos eran los 3 tripulantes de la avioneta que se desplom\u00f3 en Chiapas, combat\u00edan plaga de gusano barrenador - LA BRAVA RADIO<\/title>\n<meta name=\"robots\" content=\"index, follow, max-snippet:-1, max-image-preview:large, max-video-preview:-1\" \/>\n<link rel=\"canonical\" href=\"https:\/\/www.bbmnoticias.com\/blog\/2025\/06\/07\/ellos-eran-los-3-tripulantes-de-la-avioneta-que-se-desplomo-en-chiapas-combatian-plaga-de-gusano-barrenador\/\" \/>\n<meta property=\"og:locale\" content=\"es_MX\" \/>\n<meta property=\"og:type\" content=\"article\" \/>\n<meta property=\"og:title\" content=\"Ellos eran los 3 tripulantes de la avioneta que se desplom\u00f3 en Chiapas, combat\u00edan plaga de gusano barrenador - LA BRAVA RADIO\" \/>\n<meta property=\"og:description\" content=\"Este viernes 6 de junio la Secretar\u00eda de Agricultura y Desarrollo Rural (Sader) confirm\u00f3 el fallecimiento de tres personas que tripulaban una avioneta dedicada a la liberaci\u00f3n de moscas est\u00e9riles para combatir el gusano barrenador en el estado de Chiapas, al sur de la Rep\u00fablica Mexicana.&nbsp; El secretario de Agricultura, Julio Berdegu\u00e9, lament\u00f3 el fallecimiento [&hellip;]\" \/>\n<meta property=\"og:url\" content=\"https:\/\/www.bbmnoticias.com\/blog\/2025\/06\/07\/ellos-eran-los-3-tripulantes-de-la-avioneta-que-se-desplomo-en-chiapas-combatian-plaga-de-gusano-barrenador\/\" \/>\n<meta property=\"og:site_name\" content=\"LA BRAVA RADIO\" \/>\n<meta property=\"article:published_time\" content=\"2025-06-07T14:44:13+00:00\" \/>\n<meta property=\"article:modified_time\" content=\"2025-06-07T14:44:21+00:00\" \/>\n<meta property=\"og:image\" content=\"https:\/\/www.bbmnoticias.com\/labravaradiofm\/wp-content\/uploads\/sites\/5\/2025\/06\/desplome-de-avion-pequeno-en-tapachula.jpeg\" \/>\n\t<meta property=\"og:image:width\" content=\"980\" \/>\n\t<meta property=\"og:image:height\" content=\"550\" \/>\n\t<meta property=\"og:image:type\" content=\"image\/jpeg\" \/>\n<meta name=\"author\" content=\"Agencias\" \/>\n<meta name=\"twitter:card\" content=\"summary_large_image\" \/>\n<meta name=\"twitter:label1\" content=\"Escrito por\" \/>\n\t<meta name=\"twitter:data1\" content=\"Agencias\" \/>\n\t<meta name=\"twitter:label2\" content=\"Tiempo de lectura\" \/>\n\t<meta name=\"twitter:data2\" content=\"2 minutos\" \/>\n<script type=\"application\/ld+json\" class=\"yoast-schema-graph\">{\"@context\":\"https:\\\/\\\/schema.org\",\"@graph\":[{\"@type\":\"Article\",\"@id\":\"https:\\\/\\\/www.bbmnoticias.com\\\/blog\\\/2025\\\/06\\\/07\\\/ellos-eran-los-3-tripulantes-de-la-avioneta-que-se-desplomo-en-chiapas-combatian-plaga-de-gusano-barrenador\\\/#article\",\"isPartOf\":{\"@id\":\"https:\\\/\\\/www.bbmnoticias.com\\\/labravaradiofm\\\/2025\\\/06\\\/07\\\/ellos-eran-los-3-tripulantes-de-la-avioneta-que-se-desplomo-en-chiapas-combatian-plaga-de-gusano-barrenador\\\/\"},\"author\":{\"name\":\"Agencias\",\"@id\":\"https:\\\/\\\/www.bbmnoticias.com\\\/labravaradiofm\\\/#\\\/schema\\\/person\\\/000bdaf0a8fb5bff0d537c4d0778e33f\"},\"headline\":\"Ellos eran los 3 tripulantes de la avioneta que se desplom\u00f3 en Chiapas, combat\u00edan plaga de gusano barrenador\",\"datePublished\":\"2025-06-07T14:44:13+00:00\",\"dateModified\":\"2025-06-07T14:44:21+00:00\",\"mainEntityOfPage\":{\"@id\":\"https:\\\/\\\/www.bbmnoticias.com\\\/labravaradiofm\\\/2025\\\/06\\\/07\\\/ellos-eran-los-3-tripulantes-de-la-avioneta-que-se-desplomo-en-chiapas-combatian-plaga-de-gusano-barrenador\\\/\"},\"wordCount\":363,\"image\":{\"@id\":\"https:\\\/\\\/www.bbmnoticias.com\\\/blog\\\/2025\\\/06\\\/07\\\/ellos-eran-los-3-tripulantes-de-la-avioneta-que-se-desplomo-en-chiapas-combatian-plaga-de-gusano-barrenador\\\/#primaryimage\"},\"thumbnailUrl\":\"https:\\\/\\\/www.bbmnoticias.com\\\/labravaradiofm\\\/wp-content\\\/uploads\\\/sites\\\/5\\\/2025\\\/06\\\/desplome-de-avion-pequeno-en-tapachula.jpeg\",\"articleSection\":[\"LOCAL\",\"NACIONAL\"],\"inLanguage\":\"es\"},{\"@type\":\"WebPage\",\"@id\":\"https:\\\/\\\/www.bbmnoticias.com\\\/labravaradiofm\\\/2025\\\/06\\\/07\\\/ellos-eran-los-3-tripulantes-de-la-avioneta-que-se-desplomo-en-chiapas-combatian-plaga-de-gusano-barrenador\\\/\",\"url\":\"https:\\\/\\\/www.bbmnoticias.com\\\/blog\\\/2025\\\/06\\\/07\\\/ellos-eran-los-3-tripulantes-de-la-avioneta-que-se-desplomo-en-chiapas-combatian-plaga-de-gusano-barrenador\\\/\",\"name\":\"Ellos eran los 3 tripulantes de la avioneta que se desplom\u00f3 en Chiapas, combat\u00edan plaga de gusano barrenador - LA BRAVA RADIO\",\"isPartOf\":{\"@id\":\"https:\\\/\\\/www.bbmnoticias.com\\\/labravaradiofm\\\/#website\"},\"primaryImageOfPage\":{\"@id\":\"https:\\\/\\\/www.bbmnoticias.com\\\/blog\\\/2025\\\/06\\\/07\\\/ellos-eran-los-3-tripulantes-de-la-avioneta-que-se-desplomo-en-chiapas-combatian-plaga-de-gusano-barrenador\\\/#primaryimage\"},\"image\":{\"@id\":\"https:\\\/\\\/www.bbmnoticias.com\\\/blog\\\/2025\\\/06\\\/07\\\/ellos-eran-los-3-tripulantes-de-la-avioneta-que-se-desplomo-en-chiapas-combatian-plaga-de-gusano-barrenador\\\/#primaryimage\"},\"thumbnailUrl\":\"https:\\\/\\\/www.bbmnoticias.com\\\/labravaradiofm\\\/wp-content\\\/uploads\\\/sites\\\/5\\\/2025\\\/06\\\/desplome-de-avion-pequeno-en-tapachula.jpeg\",\"datePublished\":\"2025-06-07T14:44:13+00:00\",\"dateModified\":\"2025-06-07T14:44:21+00:00\",\"author\":{\"@id\":\"https:\\\/\\\/www.bbmnoticias.com\\\/labravaradiofm\\\/#\\\/schema\\\/person\\\/000bdaf0a8fb5bff0d537c4d0778e33f\"},\"breadcrumb\":{\"@id\":\"https:\\\/\\\/www.bbmnoticias.com\\\/blog\\\/2025\\\/06\\\/07\\\/ellos-eran-los-3-tripulantes-de-la-avioneta-que-se-desplomo-en-chiapas-combatian-plaga-de-gusano-barrenador\\\/#breadcrumb\"},\"inLanguage\":\"es\",\"potentialAction\":[{\"@type\":\"ReadAction\",\"target\":[\"https:\\\/\\\/www.bbmnoticias.com\\\/blog\\\/2025\\\/06\\\/07\\\/ellos-eran-los-3-tripulantes-de-la-avioneta-que-se-desplomo-en-chiapas-combatian-plaga-de-gusano-barrenador\\\/\"]}]},{\"@type\":\"ImageObject\",\"inLanguage\":\"es\",\"@id\":\"https:\\\/\\\/www.bbmnoticias.com\\\/blog\\\/2025\\\/06\\\/07\\\/ellos-eran-los-3-tripulantes-de-la-avioneta-que-se-desplomo-en-chiapas-combatian-plaga-de-gusano-barrenador\\\/#primaryimage\",\"url\":\"https:\\\/\\\/www.bbmnoticias.com\\\/labravaradiofm\\\/wp-content\\\/uploads\\\/sites\\\/5\\\/2025\\\/06\\\/desplome-de-avion-pequeno-en-tapachula.jpeg\",\"contentUrl\":\"https:\\\/\\\/www.bbmnoticias.com\\\/labravaradiofm\\\/wp-content\\\/uploads\\\/sites\\\/5\\\/2025\\\/06\\\/desplome-de-avion-pequeno-en-tapachula.jpeg\",\"width\":980,\"height\":550},{\"@type\":\"BreadcrumbList\",\"@id\":\"https:\\\/\\\/www.bbmnoticias.com\\\/blog\\\/2025\\\/06\\\/07\\\/ellos-eran-los-3-tripulantes-de-la-avioneta-que-se-desplomo-en-chiapas-combatian-plaga-de-gusano-barrenador\\\/#breadcrumb\",\"itemListElement\":[{\"@type\":\"ListItem\",\"position\":1,\"name\":\"Inicio\",\"item\":\"https:\\\/\\\/www.bbmnoticias.com\\\/labravaradiofm\\\/\"},{\"@type\":\"ListItem\",\"position\":2,\"name\":\"Ellos eran los 3 tripulantes de la avioneta que se desplom\u00f3 en Chiapas, combat\u00edan plaga de gusano barrenador\"}]},{\"@type\":\"WebSite\",\"@id\":\"https:\\\/\\\/www.bbmnoticias.com\\\/labravaradiofm\\\/#website\",\"url\":\"https:\\\/\\\/www.bbmnoticias.com\\\/labravaradiofm\\\/\",\"name\":\"LA BRAVA RADIO\",\"description\":\"Empresa productora de medios, Radiodifusi\u00f3n, Noticias, tendencias y todo lo que necesitas saber de la pol\u00edtica mexicana e internacional; entretenimiento, espect\u00e1culos, salud y mucho m\u00e1s.\",\"potentialAction\":[{\"@type\":\"SearchAction\",\"target\":{\"@type\":\"EntryPoint\",\"urlTemplate\":\"https:\\\/\\\/www.bbmnoticias.com\\\/labravaradiofm\\\/?s={search_term_string}\"},\"query-input\":{\"@type\":\"PropertyValueSpecification\",\"valueRequired\":true,\"valueName\":\"search_term_string\"}}],\"inLanguage\":\"es\"},{\"@type\":\"Person\",\"@id\":\"https:\\\/\\\/www.bbmnoticias.com\\\/labravaradiofm\\\/#\\\/schema\\\/person\\\/000bdaf0a8fb5bff0d537c4d0778e33f\",\"name\":\"Agencias\",\"image\":{\"@type\":\"ImageObject\",\"inLanguage\":\"es\",\"@id\":\"https:\\\/\\\/secure.gravatar.com\\\/avatar\\\/739e0b61adf9e398b425c36718c8752286da0e8cd90f20ce9a86678abc26aa0d?s=96&d=mm&r=g\",\"url\":\"https:\\\/\\\/secure.gravatar.com\\\/avatar\\\/739e0b61adf9e398b425c36718c8752286da0e8cd90f20ce9a86678abc26aa0d?s=96&d=mm&r=g\",\"contentUrl\":\"https:\\\/\\\/secure.gravatar.com\\\/avatar\\\/739e0b61adf9e398b425c36718c8752286da0e8cd90f20ce9a86678abc26aa0d?s=96&d=mm&r=g\",\"caption\":\"Agencias\"},\"url\":\"https:\\\/\\\/www.bbmnoticias.com\\\/labravaradiofm\\\/author\\\/agencias\\\/\"}]}<\/script>\n<!-- \/ Yoast SEO plugin. -->","yoast_head_json":{"title":"Ellos eran los 3 tripulantes de la avioneta que se desplom\u00f3 en Chiapas, combat\u00edan plaga de gusano barrenador - LA BRAVA RADIO","robots":{"index":"index","follow":"follow","max-snippet":"max-snippet:-1","max-image-preview":"max-image-preview:large","max-video-preview":"max-video-preview:-1"},"canonical":"https:\/\/www.bbmnoticias.com\/blog\/2025\/06\/07\/ellos-eran-los-3-tripulantes-de-la-avioneta-que-se-desplomo-en-chiapas-combatian-plaga-de-gusano-barrenador\/","og_locale":"es_MX","og_type":"article","og_title":"Ellos eran los 3 tripulantes de la avioneta que se desplom\u00f3 en Chiapas, combat\u00edan plaga de gusano barrenador - LA BRAVA RADIO","og_description":"Este viernes 6 de junio la Secretar\u00eda de Agricultura y Desarrollo Rural (Sader) confirm\u00f3 el fallecimiento de tres personas que tripulaban una avioneta dedicada a la liberaci\u00f3n de moscas est\u00e9riles para combatir el gusano barrenador en el estado de Chiapas, al sur de la Rep\u00fablica Mexicana.&nbsp; El secretario de Agricultura, Julio Berdegu\u00e9, lament\u00f3 el fallecimiento [&hellip;]","og_url":"https:\/\/www.bbmnoticias.com\/blog\/2025\/06\/07\/ellos-eran-los-3-tripulantes-de-la-avioneta-que-se-desplomo-en-chiapas-combatian-plaga-de-gusano-barrenador\/","og_site_name":"LA BRAVA RADIO","article_published_time":"2025-06-07T14:44:13+00:00","article_modified_time":"2025-06-07T14:44:21+00:00","og_image":[{"width":980,"height":550,"url":"https:\/\/www.bbmnoticias.com\/labravaradiofm\/wp-content\/uploads\/sites\/5\/2025\/06\/desplome-de-avion-pequeno-en-tapachula.jpeg","type":"image\/jpeg"}],"author":"Agencias","twitter_card":"summary_large_image","twitter_misc":{"Escrito por":"Agencias","Tiempo de lectura":"2 minutos"},"schema":{"@context":"https:\/\/schema.org","@graph":[{"@type":"Article","@id":"https:\/\/www.bbmnoticias.com\/blog\/2025\/06\/07\/ellos-eran-los-3-tripulantes-de-la-avioneta-que-se-desplomo-en-chiapas-combatian-plaga-de-gusano-barrenador\/#article","isPartOf":{"@id":"https:\/\/www.bbmnoticias.com\/labravaradiofm\/2025\/06\/07\/ellos-eran-los-3-tripulantes-de-la-avioneta-que-se-desplomo-en-chiapas-combatian-plaga-de-gusano-barrenador\/"},"author":{"name":"Agencias","@id":"https:\/\/www.bbmnoticias.com\/labravaradiofm\/#\/schema\/person\/000bdaf0a8fb5bff0d537c4d0778e33f"},"headline":"Ellos eran los 3 tripulantes de la avioneta que se desplom\u00f3 en Chiapas, combat\u00edan plaga de gusano barrenador","datePublished":"2025-06-07T14:44:13+00:00","dateModified":"2025-06-07T14:44:21+00:00","mainEntityOfPage":{"@id":"https:\/\/www.bbmnoticias.com\/labravaradiofm\/2025\/06\/07\/ellos-eran-los-3-tripulantes-de-la-avioneta-que-se-desplomo-en-chiapas-combatian-plaga-de-gusano-barrenador\/"},"wordCount":363,"image":{"@id":"https:\/\/www.bbmnoticias.com\/blog\/2025\/06\/07\/ellos-eran-los-3-tripulantes-de-la-avioneta-que-se-desplomo-en-chiapas-combatian-plaga-de-gusano-barrenador\/#primaryimage"},"thumbnailUrl":"https:\/\/www.bbmnoticias.com\/labravaradiofm\/wp-content\/uploads\/sites\/5\/2025\/06\/desplome-de-avion-pequeno-en-tapachula.jpeg","articleSection":["LOCAL","NACIONAL"],"inLanguage":"es"},{"@type":"WebPage","@id":"https:\/\/www.bbmnoticias.com\/labravaradiofm\/2025\/06\/07\/ellos-eran-los-3-tripulantes-de-la-avioneta-que-se-desplomo-en-chiapas-combatian-plaga-de-gusano-barrenador\/","url":"https:\/\/www.bbmnoticias.com\/blog\/2025\/06\/07\/ellos-eran-los-3-tripulantes-de-la-avioneta-que-se-desplomo-en-chiapas-combatian-plaga-de-gusano-barrenador\/","name":"Ellos eran los 3 tripulantes de la avioneta que se desplom\u00f3 en Chiapas, combat\u00edan plaga de gusano barrenador - LA BRAVA RADIO","isPartOf":{"@id":"https:\/\/www.bbmnoticias.com\/labravaradiofm\/#website"},"primaryImageOfPage":{"@id":"https:\/\/www.bbmnoticias.com\/blog\/2025\/06\/07\/ellos-eran-los-3-tripulantes-de-la-avioneta-que-se-desplomo-en-chiapas-combatian-plaga-de-gusano-barrenador\/#primaryimage"},"image":{"@id":"https:\/\/www.bbmnoticias.com\/blog\/2025\/06\/07\/ellos-eran-los-3-tripulantes-de-la-avioneta-que-se-desplomo-en-chiapas-combatian-plaga-de-gusano-barrenador\/#primaryimage"},"thumbnailUrl":"https:\/\/www.bbmnoticias.com\/labravaradiofm\/wp-content\/uploads\/sites\/5\/2025\/06\/desplome-de-avion-pequeno-en-tapachula.jpeg","datePublished":"2025-06-07T14:44:13+00:00","dateModified":"2025-06-07T14:44:21+00:00","author":{"@id":"https:\/\/www.bbmnoticias.com\/labravaradiofm\/#\/schema\/person\/000bdaf0a8fb5bff0d537c4d0778e33f"},"breadcrumb":{"@id":"https:\/\/www.bbmnoticias.com\/blog\/2025\/06\/07\/ellos-eran-los-3-tripulantes-de-la-avioneta-que-se-desplomo-en-chiapas-combatian-plaga-de-gusano-barrenador\/#breadcrumb"},"inLanguage":"es","potentialAction":[{"@type":"ReadAction","target":["https:\/\/www.bbmnoticias.com\/blog\/2025\/06\/07\/ellos-eran-los-3-tripulantes-de-la-avioneta-que-se-desplomo-en-chiapas-combatian-plaga-de-gusano-barrenador\/"]}]},{"@type":"ImageObject","inLanguage":"es","@id":"https:\/\/www.bbmnoticias.com\/blog\/2025\/06\/07\/ellos-eran-los-3-tripulantes-de-la-avioneta-que-se-desplomo-en-chiapas-combatian-plaga-de-gusano-barrenador\/#primaryimage","url":"https:\/\/www.bbmnoticias.com\/labravaradiofm\/wp-content\/uploads\/sites\/5\/2025\/06\/desplome-de-avion-pequeno-en-tapachula.jpeg","contentUrl":"https:\/\/www.bbmnoticias.com\/labravaradiofm\/wp-content\/uploads\/sites\/5\/2025\/06\/desplome-de-avion-pequeno-en-tapachula.jpeg","width":980,"height":550},{"@type":"BreadcrumbList","@id":"https:\/\/www.bbmnoticias.com\/blog\/2025\/06\/07\/ellos-eran-los-3-tripulantes-de-la-avioneta-que-se-desplomo-en-chiapas-combatian-plaga-de-gusano-barrenador\/#breadcrumb","itemListElement":[{"@type":"ListItem","position":1,"name":"Inicio","item":"https:\/\/www.bbmnoticias.com\/labravaradiofm\/"},{"@type":"ListItem","position":2,"name":"Ellos eran los 3 tripulantes de la avioneta que se desplom\u00f3 en Chiapas, combat\u00edan plaga de gusano barrenador"}]},{"@type":"WebSite","@id":"https:\/\/www.bbmnoticias.com\/labravaradiofm\/#website","url":"https:\/\/www.bbmnoticias.com\/labravaradiofm\/","name":"LA BRAVA RADIO","description":"Empresa productora de medios, Radiodifusi\u00f3n, Noticias, tendencias y todo lo que necesitas saber de la pol\u00edtica mexicana e internacional; entretenimiento, espect\u00e1culos, salud y mucho m\u00e1s.","potentialAction":[{"@type":"SearchAction","target":{"@type":"EntryPoint","urlTemplate":"https:\/\/www.bbmnoticias.com\/labravaradiofm\/?s={search_term_string}"},"query-input":{"@type":"PropertyValueSpecification","valueRequired":true,"valueName":"search_term_string"}}],"inLanguage":"es"},{"@type":"Person","@id":"https:\/\/www.bbmnoticias.com\/labravaradiofm\/#\/schema\/person\/000bdaf0a8fb5bff0d537c4d0778e33f","name":"Agencias","image":{"@type":"ImageObject","inLanguage":"es","@id":"https:\/\/secure.gravatar.com\/avatar\/739e0b61adf9e398b425c36718c8752286da0e8cd90f20ce9a86678abc26aa0d?s=96&d=mm&r=g","url":"https:\/\/secure.gravatar.com\/avatar\/739e0b61adf9e398b425c36718c8752286da0e8cd90f20ce9a86678abc26aa0d?s=96&d=mm&r=g","contentUrl":"https:\/\/secure.gravatar.com\/avatar\/739e0b61adf9e398b425c36718c8752286da0e8cd90f20ce9a86678abc26aa0d?s=96&d=mm&r=g","caption":"Agencias"},"url":"https:\/\/www.bbmnoticias.com\/labravaradiofm\/author\/agencias\/"}]}},"_links":{"self":[{"href":"https:\/\/www.bbmnoticias.com\/labravaradiofm\/wp-json\/wp\/v2\/posts\/61462","targetHints":{"allow":["GET"]}}],"collection":[{"href":"https:\/\/www.bbmnoticias.com\/labravaradiofm\/wp-json\/wp\/v2\/posts"}],"about":[{"href":"https:\/\/www.bbmnoticias.com\/labravaradiofm\/wp-json\/wp\/v2\/types\/post"}],"author":[{"embeddable":true,"href":"https:\/\/www.bbmnoticias.com\/labravaradiofm\/wp-json\/wp\/v2\/users\/4"}],"replies":[{"embeddable":true,"href":"https:\/\/www.bbmnoticias.com\/labravaradiofm\/wp-json\/wp\/v2\/comments?post=61462"}],"version-history":[{"count":0,"href":"https:\/\/www.bbmnoticias.com\/labravaradiofm\/wp-json\/wp\/v2\/posts\/61462\/revisions"}],"wp:featuredmedia":[{"embeddable":true,"href":"https:\/\/www.bbmnoticias.com\/labravaradiofm\/wp-json\/wp\/v2\/media\/61464"}],"wp:attachment":[{"href":"https:\/\/www.bbmnoticias.com\/labravaradiofm\/wp-json\/wp\/v2\/media?parent=61462"}],"wp:term":[{"taxonomy":"category","embeddable":true,"href":"https:\/\/www.bbmnoticias.com\/labravaradiofm\/wp-json\/wp\/v2\/categories?post=61462"},{"taxonomy":"post_tag","embeddable":true,"href":"https:\/\/www.bbmnoticias.com\/labravaradiofm\/wp-json\/wp\/v2\/tags?post=61462"}],"curies":[{"name":"wp","href":"https:\/\/api.w.org\/{rel}","templated":true}]}}