{"id":6135,"date":"2021-11-25T09:06:59","date_gmt":"2021-11-25T15:06:59","guid":{"rendered":"https:\/\/www.bbmnoticias.com\/labravaradiofm\/?p=6135"},"modified":"2021-11-25T09:22:29","modified_gmt":"2021-11-25T15:22:29","slug":"la-ema-aprueba-vacuna-anticovid-de-pfizer-en-ninos-de-5-a-11-anos","status":"publish","type":"post","link":"https:\/\/www.bbmnoticias.com\/labravaradiofm\/2021\/11\/25\/la-ema-aprueba-vacuna-anticovid-de-pfizer-en-ninos-de-5-a-11-anos\/","title":{"rendered":"La EMA aprueba vacuna anticovid de Pfizer en ni\u00f1os de 5 a 11 a\u00f1os"},"content":{"rendered":"<div style=\"margin-top: 0px; margin-bottom: 0px;\" class=\"sharethis-inline-share-buttons\" ><\/div>\n<p>La Agencia Europea de Medicamento (<strong>EMA<\/strong> por sus siglas en ingl\u00e9s) aprueba v<strong>acuna anticovid <\/strong>de Pfizer-BioNTech en <strong>ni\u00f1os de 5 a 11 a\u00f1os<\/strong>.<\/p>\n\n\n\n<p>La autorizaci\u00f3n de esta<strong> vacuna <\/strong>se dio en medio de una reuni\u00f3n extraordinaria, se trata de la <strong>primera inmunizaci\u00f3n para ni\u00f1os<\/strong> en la <strong>Uni\u00f3n Europea<\/strong>. Aunque en pa\u00edses como <strong>Estados Unidos<\/strong> e <strong>Israel<\/strong> ya se comenzaba a probar.<\/p>\n\n\n\n<p>El nombre comercial de esta vacuna es \u201c<strong>Comirnaty<\/strong>\u201d, la cual tendr\u00e1 una dosis muy baja de anticuerpos contra el <strong>Covid-19<\/strong>, ya que ser\u00e1 de 10 miligramos en vez de 30, como se estaba manejando en grupos de edad como los de los 16 a\u00f1os a los 25 a\u00f1os.<\/p>\n\n\n\n<p>De acuerdo con <strong>estudios<\/strong> realizados por la <strong>EMA<\/strong> para medir la <strong>efectividad <\/strong>de esta vacuna, de un grupo de ni\u00f1os de 2 mil de 5 a 11 a\u00f1os, que no presentaba signos de haber contra\u00eddo el virus, mil 305 recibieron la vacuna, s\u00f3lo 3 desarrollaron Covid-19.<\/p>\n\n\n\n<p>En comparaci\u00f3n con 16 de 663 que recibieron placebo, lo que significa, con base a este estudio, que la vacuna tiene un 90.7% de efectividad en la <strong>prevenci\u00f3n del Covid-19 asintom\u00e1tico<\/strong>. Aunque en la aplicaci\u00f3n real, la efectividad podr\u00eda ser de 67.7% a 98.3%.<\/p>\n\n\n\n<p><\/p>\n\n\n\n<figure class=\"wp-block-image size-large\"><img loading=\"lazy\" decoding=\"async\" width=\"1200\" height=\"800\" src=\"https:\/\/www.bbmnoticias.com\/labravaradiofm\/wp-content\/uploads\/sites\/5\/2021\/11\/vacunaema25112021-2.webp\" alt=\"\" class=\"wp-image-6136\" srcset=\"https:\/\/www.bbmnoticias.com\/labravaradiofm\/wp-content\/uploads\/sites\/5\/2021\/11\/vacunaema25112021-2.webp 1200w, https:\/\/www.bbmnoticias.com\/labravaradiofm\/wp-content\/uploads\/sites\/5\/2021\/11\/vacunaema25112021-2-300x200.webp 300w, https:\/\/www.bbmnoticias.com\/labravaradiofm\/wp-content\/uploads\/sites\/5\/2021\/11\/vacunaema25112021-2-1024x683.webp 1024w, https:\/\/www.bbmnoticias.com\/labravaradiofm\/wp-content\/uploads\/sites\/5\/2021\/11\/vacunaema25112021-2-768x512.webp 768w, https:\/\/www.bbmnoticias.com\/labravaradiofm\/wp-content\/uploads\/sites\/5\/2021\/11\/vacunaema25112021-2-630x420.webp 630w, https:\/\/www.bbmnoticias.com\/labravaradiofm\/wp-content\/uploads\/sites\/5\/2021\/11\/vacunaema25112021-2-640x427.webp 640w, https:\/\/www.bbmnoticias.com\/labravaradiofm\/wp-content\/uploads\/sites\/5\/2021\/11\/vacunaema25112021-2-681x454.webp 681w\" sizes=\"auto, (max-width: 1200px) 100vw, 1200px\" \/><\/figure>\n\n\n\n<h2 class=\"wp-block-heading\">\u00bfCu\u00e1les son los efectos secundarios que podr\u00edan desarrollar los ni\u00f1os de 5 a 11 a\u00f1os con la vacuna de Pfizer-BioNTech?<\/h2>\n\n\n\n<p>Entre los <strong>efectos secundarios<\/strong> que podr\u00edan desarrollar los<strong> ni\u00f1os de 5 a 11 a\u00f1os<\/strong> con la <strong>vacuna Pfizer-BioNTech<\/strong>, son similares a los observados en el grupo de edad de los 12 a\u00f1os, y los siguientes:<\/p>\n\n\n\n<ul class=\"wp-block-list\"><li>Dolor e inflamaci\u00f3n en el lugar de la inyecci\u00f3n<\/li><li>Cansancio<\/li><li>Dolor de cabeza<\/li><li>Dolor muscular<\/li><li>Escalofr\u00edos<\/li><\/ul>\n\n\n\n<p>En general estos s\u00edntomas se manifiestan de manera suave a moderada, y se mejora a los pocos d\u00edas posteriores de la vacuna.<\/p>\n\n\n\n<figure class=\"wp-block-image size-large\"><img loading=\"lazy\" decoding=\"async\" width=\"1200\" height=\"800\" src=\"https:\/\/www.bbmnoticias.com\/labravaradiofm\/wp-content\/uploads\/sites\/5\/2021\/11\/vacunaema25112021-3.webp\" alt=\"\" class=\"wp-image-6137\" srcset=\"https:\/\/www.bbmnoticias.com\/labravaradiofm\/wp-content\/uploads\/sites\/5\/2021\/11\/vacunaema25112021-3.webp 1200w, https:\/\/www.bbmnoticias.com\/labravaradiofm\/wp-content\/uploads\/sites\/5\/2021\/11\/vacunaema25112021-3-300x200.webp 300w, https:\/\/www.bbmnoticias.com\/labravaradiofm\/wp-content\/uploads\/sites\/5\/2021\/11\/vacunaema25112021-3-1024x683.webp 1024w, https:\/\/www.bbmnoticias.com\/labravaradiofm\/wp-content\/uploads\/sites\/5\/2021\/11\/vacunaema25112021-3-768x512.webp 768w, https:\/\/www.bbmnoticias.com\/labravaradiofm\/wp-content\/uploads\/sites\/5\/2021\/11\/vacunaema25112021-3-630x420.webp 630w, https:\/\/www.bbmnoticias.com\/labravaradiofm\/wp-content\/uploads\/sites\/5\/2021\/11\/vacunaema25112021-3-640x427.webp 640w, https:\/\/www.bbmnoticias.com\/labravaradiofm\/wp-content\/uploads\/sites\/5\/2021\/11\/vacunaema25112021-3-681x454.webp 681w\" sizes=\"auto, (max-width: 1200px) 100vw, 1200px\" \/><\/figure>\n\n\n\n<p><\/p>\n\n\n\n<p>Seg\u00fan la <strong>Agencia Europea de Medicamentos<\/strong> por todos los estudios que se han hecho alrededor de esta <strong>nueva vacuna<\/strong>, los beneficios son mayores y superan los riesgos en los ni\u00f1os.<\/p>\n\n\n\n<p>Estos beneficios de la <strong>vacuna de Pfizer-BioNTech<\/strong>, se reflejar\u00e1n con mayor impacto en los ni\u00f1os que tuvieran alguna<strong> patolog\u00eda previa<\/strong> que pudiera aumentar la posibilidad de sufrir un <strong>Covid-19 severo<\/strong>.<\/p>\n","protected":false},"excerpt":{"rendered":"<p>La Agencia Europea de Medicamento (EMA por sus siglas en ingl\u00e9s) aprueba vacuna anticovid de Pfizer-BioNTech en ni\u00f1os de 5 a 11 a\u00f1os. La autorizaci\u00f3n de esta vacuna se dio en medio de una reuni\u00f3n extraordinaria, se trata de la primera inmunizaci\u00f3n para ni\u00f1os en la Uni\u00f3n Europea. Aunque en pa\u00edses como Estados Unidos e [&hellip;]<\/p>\n","protected":false},"author":12,"featured_media":6138,"comment_status":"closed","ping_status":"closed","sticky":false,"template":"","format":"standard","meta":{"footnotes":""},"categories":[1],"tags":[],"class_list":{"0":"post-6135","1":"post","2":"type-post","3":"status-publish","4":"format-standard","5":"has-post-thumbnail","7":"category-sin-categoria"},"yoast_head":"<!-- This site is optimized with the Yoast SEO plugin v27.4 - https:\/\/yoast.com\/product\/yoast-seo-wordpress\/ -->\n<title>La EMA aprueba vacuna anticovid de Pfizer en ni\u00f1os de 5 a 11 a\u00f1os - LA BRAVA RADIO<\/title>\n<meta name=\"robots\" content=\"index, follow, max-snippet:-1, max-image-preview:large, max-video-preview:-1\" \/>\n<link rel=\"canonical\" href=\"https:\/\/www.bbmnoticias.com\/labravaradiofm\/2021\/11\/25\/la-ema-aprueba-vacuna-anticovid-de-pfizer-en-ninos-de-5-a-11-anos\/\" \/>\n<meta property=\"og:locale\" content=\"es_MX\" \/>\n<meta property=\"og:type\" content=\"article\" \/>\n<meta property=\"og:title\" content=\"La EMA aprueba vacuna anticovid de Pfizer en ni\u00f1os de 5 a 11 a\u00f1os - LA BRAVA RADIO\" \/>\n<meta property=\"og:description\" content=\"La Agencia Europea de Medicamento (EMA por sus siglas en ingl\u00e9s) aprueba vacuna anticovid de Pfizer-BioNTech en ni\u00f1os de 5 a 11 a\u00f1os. La autorizaci\u00f3n de esta vacuna se dio en medio de una reuni\u00f3n extraordinaria, se trata de la primera inmunizaci\u00f3n para ni\u00f1os en la Uni\u00f3n Europea. Aunque en pa\u00edses como Estados Unidos e [&hellip;]\" \/>\n<meta property=\"og:url\" content=\"https:\/\/www.bbmnoticias.com\/labravaradiofm\/2021\/11\/25\/la-ema-aprueba-vacuna-anticovid-de-pfizer-en-ninos-de-5-a-11-anos\/\" \/>\n<meta property=\"og:site_name\" content=\"LA BRAVA RADIO\" \/>\n<meta property=\"article:published_time\" content=\"2021-11-25T15:06:59+00:00\" \/>\n<meta property=\"article:modified_time\" content=\"2021-11-25T15:22:29+00:00\" \/>\n<meta property=\"og:image\" content=\"https:\/\/www.bbmnoticias.com\/labravaradiofm\/wp-content\/uploads\/sites\/5\/2021\/11\/vacunaema25112021-1.jpg\" \/>\n\t<meta property=\"og:image:width\" content=\"640\" \/>\n\t<meta property=\"og:image:height\" content=\"360\" \/>\n\t<meta property=\"og:image:type\" content=\"image\/jpeg\" \/>\n<meta name=\"author\" content=\"SDPnoticias\" \/>\n<meta name=\"twitter:card\" content=\"summary_large_image\" \/>\n<meta name=\"twitter:label1\" content=\"Escrito por\" \/>\n\t<meta name=\"twitter:data1\" content=\"SDPnoticias\" \/>\n\t<meta name=\"twitter:label2\" content=\"Tiempo de lectura\" \/>\n\t<meta name=\"twitter:data2\" content=\"2 minutos\" \/>\n<script type=\"application\/ld+json\" class=\"yoast-schema-graph\">{\"@context\":\"https:\\\/\\\/schema.org\",\"@graph\":[{\"@type\":\"Article\",\"@id\":\"https:\\\/\\\/www.bbmnoticias.com\\\/labravaradiofm\\\/2021\\\/11\\\/25\\\/la-ema-aprueba-vacuna-anticovid-de-pfizer-en-ninos-de-5-a-11-anos\\\/#article\",\"isPartOf\":{\"@id\":\"https:\\\/\\\/www.bbmnoticias.com\\\/labravaradiofm\\\/2021\\\/11\\\/25\\\/la-ema-aprueba-vacuna-anticovid-de-pfizer-en-ninos-de-5-a-11-anos\\\/\"},\"author\":{\"name\":\"SDPnoticias\",\"@id\":\"https:\\\/\\\/www.bbmnoticias.com\\\/labravaradiofm\\\/#\\\/schema\\\/person\\\/baf240d77a345f5fbc3dc146f9161af9\"},\"headline\":\"La EMA aprueba vacuna anticovid de Pfizer en ni\u00f1os de 5 a 11 a\u00f1os\",\"datePublished\":\"2021-11-25T15:06:59+00:00\",\"dateModified\":\"2021-11-25T15:22:29+00:00\",\"mainEntityOfPage\":{\"@id\":\"https:\\\/\\\/www.bbmnoticias.com\\\/labravaradiofm\\\/2021\\\/11\\\/25\\\/la-ema-aprueba-vacuna-anticovid-de-pfizer-en-ninos-de-5-a-11-anos\\\/\"},\"wordCount\":383,\"image\":{\"@id\":\"https:\\\/\\\/www.bbmnoticias.com\\\/labravaradiofm\\\/2021\\\/11\\\/25\\\/la-ema-aprueba-vacuna-anticovid-de-pfizer-en-ninos-de-5-a-11-anos\\\/#primaryimage\"},\"thumbnailUrl\":\"https:\\\/\\\/www.bbmnoticias.com\\\/labravaradiofm\\\/wp-content\\\/uploads\\\/sites\\\/5\\\/2021\\\/11\\\/vacunaema25112021-1.jpg\",\"inLanguage\":\"es\"},{\"@type\":\"WebPage\",\"@id\":\"https:\\\/\\\/www.bbmnoticias.com\\\/labravaradiofm\\\/2021\\\/11\\\/25\\\/la-ema-aprueba-vacuna-anticovid-de-pfizer-en-ninos-de-5-a-11-anos\\\/\",\"url\":\"https:\\\/\\\/www.bbmnoticias.com\\\/labravaradiofm\\\/2021\\\/11\\\/25\\\/la-ema-aprueba-vacuna-anticovid-de-pfizer-en-ninos-de-5-a-11-anos\\\/\",\"name\":\"La EMA aprueba vacuna anticovid de Pfizer en ni\u00f1os de 5 a 11 a\u00f1os - LA BRAVA RADIO\",\"isPartOf\":{\"@id\":\"https:\\\/\\\/www.bbmnoticias.com\\\/labravaradiofm\\\/#website\"},\"primaryImageOfPage\":{\"@id\":\"https:\\\/\\\/www.bbmnoticias.com\\\/labravaradiofm\\\/2021\\\/11\\\/25\\\/la-ema-aprueba-vacuna-anticovid-de-pfizer-en-ninos-de-5-a-11-anos\\\/#primaryimage\"},\"image\":{\"@id\":\"https:\\\/\\\/www.bbmnoticias.com\\\/labravaradiofm\\\/2021\\\/11\\\/25\\\/la-ema-aprueba-vacuna-anticovid-de-pfizer-en-ninos-de-5-a-11-anos\\\/#primaryimage\"},\"thumbnailUrl\":\"https:\\\/\\\/www.bbmnoticias.com\\\/labravaradiofm\\\/wp-content\\\/uploads\\\/sites\\\/5\\\/2021\\\/11\\\/vacunaema25112021-1.jpg\",\"datePublished\":\"2021-11-25T15:06:59+00:00\",\"dateModified\":\"2021-11-25T15:22:29+00:00\",\"author\":{\"@id\":\"https:\\\/\\\/www.bbmnoticias.com\\\/labravaradiofm\\\/#\\\/schema\\\/person\\\/baf240d77a345f5fbc3dc146f9161af9\"},\"breadcrumb\":{\"@id\":\"https:\\\/\\\/www.bbmnoticias.com\\\/labravaradiofm\\\/2021\\\/11\\\/25\\\/la-ema-aprueba-vacuna-anticovid-de-pfizer-en-ninos-de-5-a-11-anos\\\/#breadcrumb\"},\"inLanguage\":\"es\",\"potentialAction\":[{\"@type\":\"ReadAction\",\"target\":[\"https:\\\/\\\/www.bbmnoticias.com\\\/labravaradiofm\\\/2021\\\/11\\\/25\\\/la-ema-aprueba-vacuna-anticovid-de-pfizer-en-ninos-de-5-a-11-anos\\\/\"]}]},{\"@type\":\"ImageObject\",\"inLanguage\":\"es\",\"@id\":\"https:\\\/\\\/www.bbmnoticias.com\\\/labravaradiofm\\\/2021\\\/11\\\/25\\\/la-ema-aprueba-vacuna-anticovid-de-pfizer-en-ninos-de-5-a-11-anos\\\/#primaryimage\",\"url\":\"https:\\\/\\\/www.bbmnoticias.com\\\/labravaradiofm\\\/wp-content\\\/uploads\\\/sites\\\/5\\\/2021\\\/11\\\/vacunaema25112021-1.jpg\",\"contentUrl\":\"https:\\\/\\\/www.bbmnoticias.com\\\/labravaradiofm\\\/wp-content\\\/uploads\\\/sites\\\/5\\\/2021\\\/11\\\/vacunaema25112021-1.jpg\",\"width\":640,\"height\":360},{\"@type\":\"BreadcrumbList\",\"@id\":\"https:\\\/\\\/www.bbmnoticias.com\\\/labravaradiofm\\\/2021\\\/11\\\/25\\\/la-ema-aprueba-vacuna-anticovid-de-pfizer-en-ninos-de-5-a-11-anos\\\/#breadcrumb\",\"itemListElement\":[{\"@type\":\"ListItem\",\"position\":1,\"name\":\"Inicio\",\"item\":\"https:\\\/\\\/www.bbmnoticias.com\\\/labravaradiofm\\\/\"},{\"@type\":\"ListItem\",\"position\":2,\"name\":\"La EMA aprueba vacuna anticovid de Pfizer en ni\u00f1os de 5 a 11 a\u00f1os\"}]},{\"@type\":\"WebSite\",\"@id\":\"https:\\\/\\\/www.bbmnoticias.com\\\/labravaradiofm\\\/#website\",\"url\":\"https:\\\/\\\/www.bbmnoticias.com\\\/labravaradiofm\\\/\",\"name\":\"LA BRAVA RADIO\",\"description\":\"Empresa productora de medios, Radiodifusi\u00f3n, Noticias, tendencias y todo lo que necesitas saber de la pol\u00edtica mexicana e internacional; entretenimiento, espect\u00e1culos, salud y mucho m\u00e1s.\",\"potentialAction\":[{\"@type\":\"SearchAction\",\"target\":{\"@type\":\"EntryPoint\",\"urlTemplate\":\"https:\\\/\\\/www.bbmnoticias.com\\\/labravaradiofm\\\/?s={search_term_string}\"},\"query-input\":{\"@type\":\"PropertyValueSpecification\",\"valueRequired\":true,\"valueName\":\"search_term_string\"}}],\"inLanguage\":\"es\"},{\"@type\":\"Person\",\"@id\":\"https:\\\/\\\/www.bbmnoticias.com\\\/labravaradiofm\\\/#\\\/schema\\\/person\\\/baf240d77a345f5fbc3dc146f9161af9\",\"name\":\"SDPnoticias\",\"image\":{\"@type\":\"ImageObject\",\"inLanguage\":\"es\",\"@id\":\"https:\\\/\\\/secure.gravatar.com\\\/avatar\\\/015ede9175a06d999d8b2b09e108b48c9e008e4ee44a647956086b51bbce326c?s=96&d=mm&r=g\",\"url\":\"https:\\\/\\\/secure.gravatar.com\\\/avatar\\\/015ede9175a06d999d8b2b09e108b48c9e008e4ee44a647956086b51bbce326c?s=96&d=mm&r=g\",\"contentUrl\":\"https:\\\/\\\/secure.gravatar.com\\\/avatar\\\/015ede9175a06d999d8b2b09e108b48c9e008e4ee44a647956086b51bbce326c?s=96&d=mm&r=g\",\"caption\":\"SDPnoticias\"},\"url\":\"https:\\\/\\\/www.bbmnoticias.com\\\/labravaradiofm\\\/author\\\/sdpnoticias\\\/\"}]}<\/script>\n<!-- \/ Yoast SEO plugin. -->","yoast_head_json":{"title":"La EMA aprueba vacuna anticovid de Pfizer en ni\u00f1os de 5 a 11 a\u00f1os - LA BRAVA RADIO","robots":{"index":"index","follow":"follow","max-snippet":"max-snippet:-1","max-image-preview":"max-image-preview:large","max-video-preview":"max-video-preview:-1"},"canonical":"https:\/\/www.bbmnoticias.com\/labravaradiofm\/2021\/11\/25\/la-ema-aprueba-vacuna-anticovid-de-pfizer-en-ninos-de-5-a-11-anos\/","og_locale":"es_MX","og_type":"article","og_title":"La EMA aprueba vacuna anticovid de Pfizer en ni\u00f1os de 5 a 11 a\u00f1os - LA BRAVA RADIO","og_description":"La Agencia Europea de Medicamento (EMA por sus siglas en ingl\u00e9s) aprueba vacuna anticovid de Pfizer-BioNTech en ni\u00f1os de 5 a 11 a\u00f1os. La autorizaci\u00f3n de esta vacuna se dio en medio de una reuni\u00f3n extraordinaria, se trata de la primera inmunizaci\u00f3n para ni\u00f1os en la Uni\u00f3n Europea. Aunque en pa\u00edses como Estados Unidos e [&hellip;]","og_url":"https:\/\/www.bbmnoticias.com\/labravaradiofm\/2021\/11\/25\/la-ema-aprueba-vacuna-anticovid-de-pfizer-en-ninos-de-5-a-11-anos\/","og_site_name":"LA BRAVA RADIO","article_published_time":"2021-11-25T15:06:59+00:00","article_modified_time":"2021-11-25T15:22:29+00:00","og_image":[{"width":640,"height":360,"url":"https:\/\/www.bbmnoticias.com\/labravaradiofm\/wp-content\/uploads\/sites\/5\/2021\/11\/vacunaema25112021-1.jpg","type":"image\/jpeg"}],"author":"SDPnoticias","twitter_card":"summary_large_image","twitter_misc":{"Escrito por":"SDPnoticias","Tiempo de lectura":"2 minutos"},"schema":{"@context":"https:\/\/schema.org","@graph":[{"@type":"Article","@id":"https:\/\/www.bbmnoticias.com\/labravaradiofm\/2021\/11\/25\/la-ema-aprueba-vacuna-anticovid-de-pfizer-en-ninos-de-5-a-11-anos\/#article","isPartOf":{"@id":"https:\/\/www.bbmnoticias.com\/labravaradiofm\/2021\/11\/25\/la-ema-aprueba-vacuna-anticovid-de-pfizer-en-ninos-de-5-a-11-anos\/"},"author":{"name":"SDPnoticias","@id":"https:\/\/www.bbmnoticias.com\/labravaradiofm\/#\/schema\/person\/baf240d77a345f5fbc3dc146f9161af9"},"headline":"La EMA aprueba vacuna anticovid de Pfizer en ni\u00f1os de 5 a 11 a\u00f1os","datePublished":"2021-11-25T15:06:59+00:00","dateModified":"2021-11-25T15:22:29+00:00","mainEntityOfPage":{"@id":"https:\/\/www.bbmnoticias.com\/labravaradiofm\/2021\/11\/25\/la-ema-aprueba-vacuna-anticovid-de-pfizer-en-ninos-de-5-a-11-anos\/"},"wordCount":383,"image":{"@id":"https:\/\/www.bbmnoticias.com\/labravaradiofm\/2021\/11\/25\/la-ema-aprueba-vacuna-anticovid-de-pfizer-en-ninos-de-5-a-11-anos\/#primaryimage"},"thumbnailUrl":"https:\/\/www.bbmnoticias.com\/labravaradiofm\/wp-content\/uploads\/sites\/5\/2021\/11\/vacunaema25112021-1.jpg","inLanguage":"es"},{"@type":"WebPage","@id":"https:\/\/www.bbmnoticias.com\/labravaradiofm\/2021\/11\/25\/la-ema-aprueba-vacuna-anticovid-de-pfizer-en-ninos-de-5-a-11-anos\/","url":"https:\/\/www.bbmnoticias.com\/labravaradiofm\/2021\/11\/25\/la-ema-aprueba-vacuna-anticovid-de-pfizer-en-ninos-de-5-a-11-anos\/","name":"La EMA aprueba vacuna anticovid de Pfizer en ni\u00f1os de 5 a 11 a\u00f1os - LA BRAVA RADIO","isPartOf":{"@id":"https:\/\/www.bbmnoticias.com\/labravaradiofm\/#website"},"primaryImageOfPage":{"@id":"https:\/\/www.bbmnoticias.com\/labravaradiofm\/2021\/11\/25\/la-ema-aprueba-vacuna-anticovid-de-pfizer-en-ninos-de-5-a-11-anos\/#primaryimage"},"image":{"@id":"https:\/\/www.bbmnoticias.com\/labravaradiofm\/2021\/11\/25\/la-ema-aprueba-vacuna-anticovid-de-pfizer-en-ninos-de-5-a-11-anos\/#primaryimage"},"thumbnailUrl":"https:\/\/www.bbmnoticias.com\/labravaradiofm\/wp-content\/uploads\/sites\/5\/2021\/11\/vacunaema25112021-1.jpg","datePublished":"2021-11-25T15:06:59+00:00","dateModified":"2021-11-25T15:22:29+00:00","author":{"@id":"https:\/\/www.bbmnoticias.com\/labravaradiofm\/#\/schema\/person\/baf240d77a345f5fbc3dc146f9161af9"},"breadcrumb":{"@id":"https:\/\/www.bbmnoticias.com\/labravaradiofm\/2021\/11\/25\/la-ema-aprueba-vacuna-anticovid-de-pfizer-en-ninos-de-5-a-11-anos\/#breadcrumb"},"inLanguage":"es","potentialAction":[{"@type":"ReadAction","target":["https:\/\/www.bbmnoticias.com\/labravaradiofm\/2021\/11\/25\/la-ema-aprueba-vacuna-anticovid-de-pfizer-en-ninos-de-5-a-11-anos\/"]}]},{"@type":"ImageObject","inLanguage":"es","@id":"https:\/\/www.bbmnoticias.com\/labravaradiofm\/2021\/11\/25\/la-ema-aprueba-vacuna-anticovid-de-pfizer-en-ninos-de-5-a-11-anos\/#primaryimage","url":"https:\/\/www.bbmnoticias.com\/labravaradiofm\/wp-content\/uploads\/sites\/5\/2021\/11\/vacunaema25112021-1.jpg","contentUrl":"https:\/\/www.bbmnoticias.com\/labravaradiofm\/wp-content\/uploads\/sites\/5\/2021\/11\/vacunaema25112021-1.jpg","width":640,"height":360},{"@type":"BreadcrumbList","@id":"https:\/\/www.bbmnoticias.com\/labravaradiofm\/2021\/11\/25\/la-ema-aprueba-vacuna-anticovid-de-pfizer-en-ninos-de-5-a-11-anos\/#breadcrumb","itemListElement":[{"@type":"ListItem","position":1,"name":"Inicio","item":"https:\/\/www.bbmnoticias.com\/labravaradiofm\/"},{"@type":"ListItem","position":2,"name":"La EMA aprueba vacuna anticovid de Pfizer en ni\u00f1os de 5 a 11 a\u00f1os"}]},{"@type":"WebSite","@id":"https:\/\/www.bbmnoticias.com\/labravaradiofm\/#website","url":"https:\/\/www.bbmnoticias.com\/labravaradiofm\/","name":"LA BRAVA RADIO","description":"Empresa productora de medios, Radiodifusi\u00f3n, Noticias, tendencias y todo lo que necesitas saber de la pol\u00edtica mexicana e internacional; entretenimiento, espect\u00e1culos, salud y mucho m\u00e1s.","potentialAction":[{"@type":"SearchAction","target":{"@type":"EntryPoint","urlTemplate":"https:\/\/www.bbmnoticias.com\/labravaradiofm\/?s={search_term_string}"},"query-input":{"@type":"PropertyValueSpecification","valueRequired":true,"valueName":"search_term_string"}}],"inLanguage":"es"},{"@type":"Person","@id":"https:\/\/www.bbmnoticias.com\/labravaradiofm\/#\/schema\/person\/baf240d77a345f5fbc3dc146f9161af9","name":"SDPnoticias","image":{"@type":"ImageObject","inLanguage":"es","@id":"https:\/\/secure.gravatar.com\/avatar\/015ede9175a06d999d8b2b09e108b48c9e008e4ee44a647956086b51bbce326c?s=96&d=mm&r=g","url":"https:\/\/secure.gravatar.com\/avatar\/015ede9175a06d999d8b2b09e108b48c9e008e4ee44a647956086b51bbce326c?s=96&d=mm&r=g","contentUrl":"https:\/\/secure.gravatar.com\/avatar\/015ede9175a06d999d8b2b09e108b48c9e008e4ee44a647956086b51bbce326c?s=96&d=mm&r=g","caption":"SDPnoticias"},"url":"https:\/\/www.bbmnoticias.com\/labravaradiofm\/author\/sdpnoticias\/"}]}},"_links":{"self":[{"href":"https:\/\/www.bbmnoticias.com\/labravaradiofm\/wp-json\/wp\/v2\/posts\/6135","targetHints":{"allow":["GET"]}}],"collection":[{"href":"https:\/\/www.bbmnoticias.com\/labravaradiofm\/wp-json\/wp\/v2\/posts"}],"about":[{"href":"https:\/\/www.bbmnoticias.com\/labravaradiofm\/wp-json\/wp\/v2\/types\/post"}],"author":[{"embeddable":true,"href":"https:\/\/www.bbmnoticias.com\/labravaradiofm\/wp-json\/wp\/v2\/users\/12"}],"replies":[{"embeddable":true,"href":"https:\/\/www.bbmnoticias.com\/labravaradiofm\/wp-json\/wp\/v2\/comments?post=6135"}],"version-history":[{"count":0,"href":"https:\/\/www.bbmnoticias.com\/labravaradiofm\/wp-json\/wp\/v2\/posts\/6135\/revisions"}],"wp:featuredmedia":[{"embeddable":true,"href":"https:\/\/www.bbmnoticias.com\/labravaradiofm\/wp-json\/wp\/v2\/media\/6138"}],"wp:attachment":[{"href":"https:\/\/www.bbmnoticias.com\/labravaradiofm\/wp-json\/wp\/v2\/media?parent=6135"}],"wp:term":[{"taxonomy":"category","embeddable":true,"href":"https:\/\/www.bbmnoticias.com\/labravaradiofm\/wp-json\/wp\/v2\/categories?post=6135"},{"taxonomy":"post_tag","embeddable":true,"href":"https:\/\/www.bbmnoticias.com\/labravaradiofm\/wp-json\/wp\/v2\/tags?post=6135"}],"curies":[{"name":"wp","href":"https:\/\/api.w.org\/{rel}","templated":true}]}}