{"id":6096,"date":"2021-11-24T17:22:07","date_gmt":"2021-11-24T23:22:07","guid":{"rendered":"https:\/\/www.bbmnoticias.com\/labravaradiofm\/?p=6096"},"modified":"2021-11-24T17:22:08","modified_gmt":"2021-11-24T23:22:08","slug":"calidez-en-familia-un-programa-que-atiende-las-politicas-publicas-y-que-ha-arropado-a-miles-de-oaxaquenas-y-oaxaquenos","status":"publish","type":"post","link":"https:\/\/www.bbmnoticias.com\/labravaradiofm\/2021\/11\/24\/calidez-en-familia-un-programa-que-atiende-las-politicas-publicas-y-que-ha-arropado-a-miles-de-oaxaquenas-y-oaxaquenos\/","title":{"rendered":"&#8220;Calidez en Familia&#8221; un programa que atiende las pol\u00edticas p\u00fablicas y que ha arropado a miles de oaxaque\u00f1as y oaxaque\u00f1os"},"content":{"rendered":"<div style=\"margin-top: 0px; margin-bottom: 0px;\" class=\"sharethis-inline-share-buttons\" ><\/div>\n<p>Continuando con la labor tit\u00e1nica en beneficio de las y los oaxaque\u00f1os m\u00e1s vulnerables en las ocho regiones del estado y encabezados por la presidenta honoraria del Sistema para el Desarrollo Integral de la Familia (DIF) Oaxaca, la se\u00f1ora Ivette Mor\u00e1n de Murat, y la subdirectora general de este organismo asistencial, Patricia S\u00e1mano Bonal, se entregaron cobijas y sudaderas a la poblaci\u00f3n de Santa Catarina Ixtepeji, como parte del programa &#8220;Calidez en Familia&#8221;.<\/p>\n\n\n\n<p>&#8220;Me da mucho gusto estar nuevamente aqu\u00ed con todos ustedes, cumpliendo como desde el d\u00eda uno de la administraci\u00f3n de mi esposo, el Gobernador del Estado, siendo un gobierno cercano a la gente, el cual, est\u00e1 aqu\u00ed presente, para ver con nuestros propios ojos, escuchar y sobretodo, atender sus necesidades&#8221; se\u00f1al\u00f3 Ivette Mor\u00e1n de Murat.<\/p>\n\n\n\n<p>Dicho programa, obedece a las pol\u00edticas p\u00fablicas implementadas por el Gobernador del Estado, Alejandro Murat Hinojosa, con el fin de salvaguardar la salud de los sectores m\u00e1s vulnerables en estos tiempos, debido a las bajas temperaturas que se registran en algunas zonas del estado, as\u00ed como el incremento de enfermedades respiratorias.<\/p>\n\n\n\n<p>Cabe destacar que en dicha entrega, tambi\u00e9n las y los habitantes de Santa Catarina Ixtepeji recibieron de manos de la presidenta honoraria y de la subdirectora general del DIF Oaxaca, paquetes de aseo personal donados por la empresa Genomma Lab, que se ha vuelto uno de los m\u00e1s grandes aliados en beneficio de la poblaci\u00f3n oaxaque\u00f1a, as\u00ed como juguetes a ni\u00f1as y ni\u00f1os ah\u00ed presentes.<\/p>\n\n\n\n<p>Por su parte, el presidente municipal de Santa Catarina Ixtepeji, dijo sentirse muy agradecido por los apoyos y acciones que el Gobierno del Estado y el DIF Oaxaca llevan a cabo en beneficio de sus paisanos.<\/p>\n\n\n\n<p>&#8220;Gracias por las acciones emprendidas, gracias por ser una administraci\u00f3n que escucha nuestras necesidades y las atiende, esperamos poder seguir trabajando de la mano en beneficio de nuestro municipio y sobre todo de su gente&#8221;, asent\u00f3.<\/p>\n\n\n\n<p>Finalmente, la Familia DIF Oaxaca contin\u00faa invitando a las personas con discapacidad a su certamen \u201cFestival de Talentos Art\u00edsticos Oaxaca Incluyente&#8221;, que convoca a ni\u00f1as, ni\u00f1os, adolescentes y adultos mayores de entre 5 a 80 a\u00f1os en las categor\u00edas de canto, m\u00fasica y baile.<\/p>\n\n\n\n<p>Para mayores informes e inscripciones visita la p\u00e1gina web www.difoaxaca.gob.mx\/talentoincluyente, fecha l\u00edmite 29 de noviembre del presente a\u00f1o.<\/p>\n\n\n\n<p>Con estas acciones, el DIF Oaxaca crea, construye y crece en beneficio de las y los oaxaque\u00f1os.<\/p>\n","protected":false},"excerpt":{"rendered":"<p>Continuando con la labor tit\u00e1nica en beneficio de las y los oaxaque\u00f1os m\u00e1s vulnerables en las ocho regiones del estado y encabezados por la presidenta honoraria del Sistema para el Desarrollo Integral de la Familia (DIF) Oaxaca, la se\u00f1ora Ivette Mor\u00e1n de Murat, y la subdirectora general de este organismo asistencial, Patricia S\u00e1mano Bonal, se [&hellip;]<\/p>\n","protected":false},"author":2,"featured_media":6097,"comment_status":"closed","ping_status":"closed","sticky":false,"template":"","format":"standard","meta":{"footnotes":""},"categories":[2],"tags":[],"class_list":{"0":"post-6096","1":"post","2":"type-post","3":"status-publish","4":"format-standard","5":"has-post-thumbnail","7":"category-oaxaca"},"yoast_head":"<!-- This site is optimized with the Yoast SEO plugin v27.4 - https:\/\/yoast.com\/product\/yoast-seo-wordpress\/ -->\n<title>&quot;Calidez en Familia&quot; un programa que atiende las pol\u00edticas p\u00fablicas y que ha arropado a miles de oaxaque\u00f1as y oaxaque\u00f1os - LA BRAVA RADIO<\/title>\n<meta name=\"robots\" content=\"index, follow, max-snippet:-1, max-image-preview:large, max-video-preview:-1\" \/>\n<link rel=\"canonical\" href=\"https:\/\/www.bbmnoticias.com\/labravaradiofm\/2021\/11\/24\/calidez-en-familia-un-programa-que-atiende-las-politicas-publicas-y-que-ha-arropado-a-miles-de-oaxaquenas-y-oaxaquenos\/\" \/>\n<meta property=\"og:locale\" content=\"es_MX\" \/>\n<meta property=\"og:type\" content=\"article\" \/>\n<meta property=\"og:title\" content=\"&quot;Calidez en Familia&quot; un programa que atiende las pol\u00edticas p\u00fablicas y que ha arropado a miles de oaxaque\u00f1as y oaxaque\u00f1os - LA BRAVA RADIO\" \/>\n<meta property=\"og:description\" content=\"Continuando con la labor tit\u00e1nica en beneficio de las y los oaxaque\u00f1os m\u00e1s vulnerables en las ocho regiones del estado y encabezados por la presidenta honoraria del Sistema para el Desarrollo Integral de la Familia (DIF) Oaxaca, la se\u00f1ora Ivette Mor\u00e1n de Murat, y la subdirectora general de este organismo asistencial, Patricia S\u00e1mano Bonal, se [&hellip;]\" \/>\n<meta property=\"og:url\" content=\"https:\/\/www.bbmnoticias.com\/labravaradiofm\/2021\/11\/24\/calidez-en-familia-un-programa-que-atiende-las-politicas-publicas-y-que-ha-arropado-a-miles-de-oaxaquenas-y-oaxaquenos\/\" \/>\n<meta property=\"og:site_name\" content=\"LA BRAVA RADIO\" \/>\n<meta property=\"article:published_time\" content=\"2021-11-24T23:22:07+00:00\" \/>\n<meta property=\"article:modified_time\" content=\"2021-11-24T23:22:08+00:00\" \/>\n<meta property=\"og:image\" content=\"https:\/\/www.bbmnoticias.com\/labravaradiofm\/wp-content\/uploads\/sites\/5\/2021\/11\/l23112021-3.jpg\" \/>\n\t<meta property=\"og:image:width\" content=\"1024\" \/>\n\t<meta property=\"og:image:height\" content=\"693\" \/>\n\t<meta property=\"og:image:type\" content=\"image\/jpeg\" \/>\n<meta name=\"author\" content=\"Staff\" \/>\n<meta name=\"twitter:card\" content=\"summary_large_image\" \/>\n<meta name=\"twitter:label1\" content=\"Escrito por\" \/>\n\t<meta name=\"twitter:data1\" content=\"Staff\" \/>\n\t<meta name=\"twitter:label2\" content=\"Tiempo de lectura\" \/>\n\t<meta name=\"twitter:data2\" content=\"2 minutos\" \/>\n<script type=\"application\/ld+json\" class=\"yoast-schema-graph\">{\"@context\":\"https:\\\/\\\/schema.org\",\"@graph\":[{\"@type\":\"Article\",\"@id\":\"https:\\\/\\\/www.bbmnoticias.com\\\/labravaradiofm\\\/2021\\\/11\\\/24\\\/calidez-en-familia-un-programa-que-atiende-las-politicas-publicas-y-que-ha-arropado-a-miles-de-oaxaquenas-y-oaxaquenos\\\/#article\",\"isPartOf\":{\"@id\":\"https:\\\/\\\/www.bbmnoticias.com\\\/labravaradiofm\\\/2021\\\/11\\\/24\\\/calidez-en-familia-un-programa-que-atiende-las-politicas-publicas-y-que-ha-arropado-a-miles-de-oaxaquenas-y-oaxaquenos\\\/\"},\"author\":{\"name\":\"Staff\",\"@id\":\"https:\\\/\\\/www.bbmnoticias.com\\\/labravaradiofm\\\/#\\\/schema\\\/person\\\/68a9e9036ef3c5b55aeb2b71dc8bab45\"},\"headline\":\"&#8220;Calidez en Familia&#8221; un programa que atiende las pol\u00edticas p\u00fablicas y que ha arropado a miles de oaxaque\u00f1as y oaxaque\u00f1os\",\"datePublished\":\"2021-11-24T23:22:07+00:00\",\"dateModified\":\"2021-11-24T23:22:08+00:00\",\"mainEntityOfPage\":{\"@id\":\"https:\\\/\\\/www.bbmnoticias.com\\\/labravaradiofm\\\/2021\\\/11\\\/24\\\/calidez-en-familia-un-programa-que-atiende-las-politicas-publicas-y-que-ha-arropado-a-miles-de-oaxaquenas-y-oaxaquenos\\\/\"},\"wordCount\":452,\"image\":{\"@id\":\"https:\\\/\\\/www.bbmnoticias.com\\\/labravaradiofm\\\/2021\\\/11\\\/24\\\/calidez-en-familia-un-programa-que-atiende-las-politicas-publicas-y-que-ha-arropado-a-miles-de-oaxaquenas-y-oaxaquenos\\\/#primaryimage\"},\"thumbnailUrl\":\"https:\\\/\\\/www.bbmnoticias.com\\\/labravaradiofm\\\/wp-content\\\/uploads\\\/sites\\\/5\\\/2021\\\/11\\\/l23112021-3.jpg\",\"articleSection\":[\"LOCAL\"],\"inLanguage\":\"es\"},{\"@type\":\"WebPage\",\"@id\":\"https:\\\/\\\/www.bbmnoticias.com\\\/labravaradiofm\\\/2021\\\/11\\\/24\\\/calidez-en-familia-un-programa-que-atiende-las-politicas-publicas-y-que-ha-arropado-a-miles-de-oaxaquenas-y-oaxaquenos\\\/\",\"url\":\"https:\\\/\\\/www.bbmnoticias.com\\\/labravaradiofm\\\/2021\\\/11\\\/24\\\/calidez-en-familia-un-programa-que-atiende-las-politicas-publicas-y-que-ha-arropado-a-miles-de-oaxaquenas-y-oaxaquenos\\\/\",\"name\":\"\\\"Calidez en Familia\\\" un programa que atiende las pol\u00edticas p\u00fablicas y que ha arropado a miles de oaxaque\u00f1as y oaxaque\u00f1os - LA BRAVA RADIO\",\"isPartOf\":{\"@id\":\"https:\\\/\\\/www.bbmnoticias.com\\\/labravaradiofm\\\/#website\"},\"primaryImageOfPage\":{\"@id\":\"https:\\\/\\\/www.bbmnoticias.com\\\/labravaradiofm\\\/2021\\\/11\\\/24\\\/calidez-en-familia-un-programa-que-atiende-las-politicas-publicas-y-que-ha-arropado-a-miles-de-oaxaquenas-y-oaxaquenos\\\/#primaryimage\"},\"image\":{\"@id\":\"https:\\\/\\\/www.bbmnoticias.com\\\/labravaradiofm\\\/2021\\\/11\\\/24\\\/calidez-en-familia-un-programa-que-atiende-las-politicas-publicas-y-que-ha-arropado-a-miles-de-oaxaquenas-y-oaxaquenos\\\/#primaryimage\"},\"thumbnailUrl\":\"https:\\\/\\\/www.bbmnoticias.com\\\/labravaradiofm\\\/wp-content\\\/uploads\\\/sites\\\/5\\\/2021\\\/11\\\/l23112021-3.jpg\",\"datePublished\":\"2021-11-24T23:22:07+00:00\",\"dateModified\":\"2021-11-24T23:22:08+00:00\",\"author\":{\"@id\":\"https:\\\/\\\/www.bbmnoticias.com\\\/labravaradiofm\\\/#\\\/schema\\\/person\\\/68a9e9036ef3c5b55aeb2b71dc8bab45\"},\"breadcrumb\":{\"@id\":\"https:\\\/\\\/www.bbmnoticias.com\\\/labravaradiofm\\\/2021\\\/11\\\/24\\\/calidez-en-familia-un-programa-que-atiende-las-politicas-publicas-y-que-ha-arropado-a-miles-de-oaxaquenas-y-oaxaquenos\\\/#breadcrumb\"},\"inLanguage\":\"es\",\"potentialAction\":[{\"@type\":\"ReadAction\",\"target\":[\"https:\\\/\\\/www.bbmnoticias.com\\\/labravaradiofm\\\/2021\\\/11\\\/24\\\/calidez-en-familia-un-programa-que-atiende-las-politicas-publicas-y-que-ha-arropado-a-miles-de-oaxaquenas-y-oaxaquenos\\\/\"]}]},{\"@type\":\"ImageObject\",\"inLanguage\":\"es\",\"@id\":\"https:\\\/\\\/www.bbmnoticias.com\\\/labravaradiofm\\\/2021\\\/11\\\/24\\\/calidez-en-familia-un-programa-que-atiende-las-politicas-publicas-y-que-ha-arropado-a-miles-de-oaxaquenas-y-oaxaquenos\\\/#primaryimage\",\"url\":\"https:\\\/\\\/www.bbmnoticias.com\\\/labravaradiofm\\\/wp-content\\\/uploads\\\/sites\\\/5\\\/2021\\\/11\\\/l23112021-3.jpg\",\"contentUrl\":\"https:\\\/\\\/www.bbmnoticias.com\\\/labravaradiofm\\\/wp-content\\\/uploads\\\/sites\\\/5\\\/2021\\\/11\\\/l23112021-3.jpg\",\"width\":1024,\"height\":693},{\"@type\":\"BreadcrumbList\",\"@id\":\"https:\\\/\\\/www.bbmnoticias.com\\\/labravaradiofm\\\/2021\\\/11\\\/24\\\/calidez-en-familia-un-programa-que-atiende-las-politicas-publicas-y-que-ha-arropado-a-miles-de-oaxaquenas-y-oaxaquenos\\\/#breadcrumb\",\"itemListElement\":[{\"@type\":\"ListItem\",\"position\":1,\"name\":\"Inicio\",\"item\":\"https:\\\/\\\/www.bbmnoticias.com\\\/labravaradiofm\\\/\"},{\"@type\":\"ListItem\",\"position\":2,\"name\":\"&#8220;Calidez en Familia&#8221; un programa que atiende las pol\u00edticas p\u00fablicas y que ha arropado a miles de oaxaque\u00f1as y oaxaque\u00f1os\"}]},{\"@type\":\"WebSite\",\"@id\":\"https:\\\/\\\/www.bbmnoticias.com\\\/labravaradiofm\\\/#website\",\"url\":\"https:\\\/\\\/www.bbmnoticias.com\\\/labravaradiofm\\\/\",\"name\":\"LA BRAVA RADIO\",\"description\":\"Empresa productora de medios, Radiodifusi\u00f3n, Noticias, tendencias y todo lo que necesitas saber de la pol\u00edtica mexicana e internacional; entretenimiento, espect\u00e1culos, salud y mucho m\u00e1s.\",\"potentialAction\":[{\"@type\":\"SearchAction\",\"target\":{\"@type\":\"EntryPoint\",\"urlTemplate\":\"https:\\\/\\\/www.bbmnoticias.com\\\/labravaradiofm\\\/?s={search_term_string}\"},\"query-input\":{\"@type\":\"PropertyValueSpecification\",\"valueRequired\":true,\"valueName\":\"search_term_string\"}}],\"inLanguage\":\"es\"},{\"@type\":\"Person\",\"@id\":\"https:\\\/\\\/www.bbmnoticias.com\\\/labravaradiofm\\\/#\\\/schema\\\/person\\\/68a9e9036ef3c5b55aeb2b71dc8bab45\",\"name\":\"Staff\",\"image\":{\"@type\":\"ImageObject\",\"inLanguage\":\"es\",\"@id\":\"https:\\\/\\\/secure.gravatar.com\\\/avatar\\\/fdd21ad66fd8b98c407f9dee5b5e588cfe7f0d8579ec20fa6527cd59bab7f0f0?s=96&d=mm&r=g\",\"url\":\"https:\\\/\\\/secure.gravatar.com\\\/avatar\\\/fdd21ad66fd8b98c407f9dee5b5e588cfe7f0d8579ec20fa6527cd59bab7f0f0?s=96&d=mm&r=g\",\"contentUrl\":\"https:\\\/\\\/secure.gravatar.com\\\/avatar\\\/fdd21ad66fd8b98c407f9dee5b5e588cfe7f0d8579ec20fa6527cd59bab7f0f0?s=96&d=mm&r=g\",\"caption\":\"Staff\"},\"url\":\"https:\\\/\\\/www.bbmnoticias.com\\\/labravaradiofm\\\/author\\\/redaccion\\\/\"}]}<\/script>\n<!-- \/ Yoast SEO plugin. -->","yoast_head_json":{"title":"\"Calidez en Familia\" un programa que atiende las pol\u00edticas p\u00fablicas y que ha arropado a miles de oaxaque\u00f1as y oaxaque\u00f1os - LA BRAVA RADIO","robots":{"index":"index","follow":"follow","max-snippet":"max-snippet:-1","max-image-preview":"max-image-preview:large","max-video-preview":"max-video-preview:-1"},"canonical":"https:\/\/www.bbmnoticias.com\/labravaradiofm\/2021\/11\/24\/calidez-en-familia-un-programa-que-atiende-las-politicas-publicas-y-que-ha-arropado-a-miles-de-oaxaquenas-y-oaxaquenos\/","og_locale":"es_MX","og_type":"article","og_title":"\"Calidez en Familia\" un programa que atiende las pol\u00edticas p\u00fablicas y que ha arropado a miles de oaxaque\u00f1as y oaxaque\u00f1os - LA BRAVA RADIO","og_description":"Continuando con la labor tit\u00e1nica en beneficio de las y los oaxaque\u00f1os m\u00e1s vulnerables en las ocho regiones del estado y encabezados por la presidenta honoraria del Sistema para el Desarrollo Integral de la Familia (DIF) Oaxaca, la se\u00f1ora Ivette Mor\u00e1n de Murat, y la subdirectora general de este organismo asistencial, Patricia S\u00e1mano Bonal, se [&hellip;]","og_url":"https:\/\/www.bbmnoticias.com\/labravaradiofm\/2021\/11\/24\/calidez-en-familia-un-programa-que-atiende-las-politicas-publicas-y-que-ha-arropado-a-miles-de-oaxaquenas-y-oaxaquenos\/","og_site_name":"LA BRAVA RADIO","article_published_time":"2021-11-24T23:22:07+00:00","article_modified_time":"2021-11-24T23:22:08+00:00","og_image":[{"width":1024,"height":693,"url":"https:\/\/www.bbmnoticias.com\/labravaradiofm\/wp-content\/uploads\/sites\/5\/2021\/11\/l23112021-3.jpg","type":"image\/jpeg"}],"author":"Staff","twitter_card":"summary_large_image","twitter_misc":{"Escrito por":"Staff","Tiempo de lectura":"2 minutos"},"schema":{"@context":"https:\/\/schema.org","@graph":[{"@type":"Article","@id":"https:\/\/www.bbmnoticias.com\/labravaradiofm\/2021\/11\/24\/calidez-en-familia-un-programa-que-atiende-las-politicas-publicas-y-que-ha-arropado-a-miles-de-oaxaquenas-y-oaxaquenos\/#article","isPartOf":{"@id":"https:\/\/www.bbmnoticias.com\/labravaradiofm\/2021\/11\/24\/calidez-en-familia-un-programa-que-atiende-las-politicas-publicas-y-que-ha-arropado-a-miles-de-oaxaquenas-y-oaxaquenos\/"},"author":{"name":"Staff","@id":"https:\/\/www.bbmnoticias.com\/labravaradiofm\/#\/schema\/person\/68a9e9036ef3c5b55aeb2b71dc8bab45"},"headline":"&#8220;Calidez en Familia&#8221; un programa que atiende las pol\u00edticas p\u00fablicas y que ha arropado a miles de oaxaque\u00f1as y oaxaque\u00f1os","datePublished":"2021-11-24T23:22:07+00:00","dateModified":"2021-11-24T23:22:08+00:00","mainEntityOfPage":{"@id":"https:\/\/www.bbmnoticias.com\/labravaradiofm\/2021\/11\/24\/calidez-en-familia-un-programa-que-atiende-las-politicas-publicas-y-que-ha-arropado-a-miles-de-oaxaquenas-y-oaxaquenos\/"},"wordCount":452,"image":{"@id":"https:\/\/www.bbmnoticias.com\/labravaradiofm\/2021\/11\/24\/calidez-en-familia-un-programa-que-atiende-las-politicas-publicas-y-que-ha-arropado-a-miles-de-oaxaquenas-y-oaxaquenos\/#primaryimage"},"thumbnailUrl":"https:\/\/www.bbmnoticias.com\/labravaradiofm\/wp-content\/uploads\/sites\/5\/2021\/11\/l23112021-3.jpg","articleSection":["LOCAL"],"inLanguage":"es"},{"@type":"WebPage","@id":"https:\/\/www.bbmnoticias.com\/labravaradiofm\/2021\/11\/24\/calidez-en-familia-un-programa-que-atiende-las-politicas-publicas-y-que-ha-arropado-a-miles-de-oaxaquenas-y-oaxaquenos\/","url":"https:\/\/www.bbmnoticias.com\/labravaradiofm\/2021\/11\/24\/calidez-en-familia-un-programa-que-atiende-las-politicas-publicas-y-que-ha-arropado-a-miles-de-oaxaquenas-y-oaxaquenos\/","name":"\"Calidez en Familia\" un programa que atiende las pol\u00edticas p\u00fablicas y que ha arropado a miles de oaxaque\u00f1as y oaxaque\u00f1os - LA BRAVA RADIO","isPartOf":{"@id":"https:\/\/www.bbmnoticias.com\/labravaradiofm\/#website"},"primaryImageOfPage":{"@id":"https:\/\/www.bbmnoticias.com\/labravaradiofm\/2021\/11\/24\/calidez-en-familia-un-programa-que-atiende-las-politicas-publicas-y-que-ha-arropado-a-miles-de-oaxaquenas-y-oaxaquenos\/#primaryimage"},"image":{"@id":"https:\/\/www.bbmnoticias.com\/labravaradiofm\/2021\/11\/24\/calidez-en-familia-un-programa-que-atiende-las-politicas-publicas-y-que-ha-arropado-a-miles-de-oaxaquenas-y-oaxaquenos\/#primaryimage"},"thumbnailUrl":"https:\/\/www.bbmnoticias.com\/labravaradiofm\/wp-content\/uploads\/sites\/5\/2021\/11\/l23112021-3.jpg","datePublished":"2021-11-24T23:22:07+00:00","dateModified":"2021-11-24T23:22:08+00:00","author":{"@id":"https:\/\/www.bbmnoticias.com\/labravaradiofm\/#\/schema\/person\/68a9e9036ef3c5b55aeb2b71dc8bab45"},"breadcrumb":{"@id":"https:\/\/www.bbmnoticias.com\/labravaradiofm\/2021\/11\/24\/calidez-en-familia-un-programa-que-atiende-las-politicas-publicas-y-que-ha-arropado-a-miles-de-oaxaquenas-y-oaxaquenos\/#breadcrumb"},"inLanguage":"es","potentialAction":[{"@type":"ReadAction","target":["https:\/\/www.bbmnoticias.com\/labravaradiofm\/2021\/11\/24\/calidez-en-familia-un-programa-que-atiende-las-politicas-publicas-y-que-ha-arropado-a-miles-de-oaxaquenas-y-oaxaquenos\/"]}]},{"@type":"ImageObject","inLanguage":"es","@id":"https:\/\/www.bbmnoticias.com\/labravaradiofm\/2021\/11\/24\/calidez-en-familia-un-programa-que-atiende-las-politicas-publicas-y-que-ha-arropado-a-miles-de-oaxaquenas-y-oaxaquenos\/#primaryimage","url":"https:\/\/www.bbmnoticias.com\/labravaradiofm\/wp-content\/uploads\/sites\/5\/2021\/11\/l23112021-3.jpg","contentUrl":"https:\/\/www.bbmnoticias.com\/labravaradiofm\/wp-content\/uploads\/sites\/5\/2021\/11\/l23112021-3.jpg","width":1024,"height":693},{"@type":"BreadcrumbList","@id":"https:\/\/www.bbmnoticias.com\/labravaradiofm\/2021\/11\/24\/calidez-en-familia-un-programa-que-atiende-las-politicas-publicas-y-que-ha-arropado-a-miles-de-oaxaquenas-y-oaxaquenos\/#breadcrumb","itemListElement":[{"@type":"ListItem","position":1,"name":"Inicio","item":"https:\/\/www.bbmnoticias.com\/labravaradiofm\/"},{"@type":"ListItem","position":2,"name":"&#8220;Calidez en Familia&#8221; un programa que atiende las pol\u00edticas p\u00fablicas y que ha arropado a miles de oaxaque\u00f1as y oaxaque\u00f1os"}]},{"@type":"WebSite","@id":"https:\/\/www.bbmnoticias.com\/labravaradiofm\/#website","url":"https:\/\/www.bbmnoticias.com\/labravaradiofm\/","name":"LA BRAVA RADIO","description":"Empresa productora de medios, Radiodifusi\u00f3n, Noticias, tendencias y todo lo que necesitas saber de la pol\u00edtica mexicana e internacional; entretenimiento, espect\u00e1culos, salud y mucho m\u00e1s.","potentialAction":[{"@type":"SearchAction","target":{"@type":"EntryPoint","urlTemplate":"https:\/\/www.bbmnoticias.com\/labravaradiofm\/?s={search_term_string}"},"query-input":{"@type":"PropertyValueSpecification","valueRequired":true,"valueName":"search_term_string"}}],"inLanguage":"es"},{"@type":"Person","@id":"https:\/\/www.bbmnoticias.com\/labravaradiofm\/#\/schema\/person\/68a9e9036ef3c5b55aeb2b71dc8bab45","name":"Staff","image":{"@type":"ImageObject","inLanguage":"es","@id":"https:\/\/secure.gravatar.com\/avatar\/fdd21ad66fd8b98c407f9dee5b5e588cfe7f0d8579ec20fa6527cd59bab7f0f0?s=96&d=mm&r=g","url":"https:\/\/secure.gravatar.com\/avatar\/fdd21ad66fd8b98c407f9dee5b5e588cfe7f0d8579ec20fa6527cd59bab7f0f0?s=96&d=mm&r=g","contentUrl":"https:\/\/secure.gravatar.com\/avatar\/fdd21ad66fd8b98c407f9dee5b5e588cfe7f0d8579ec20fa6527cd59bab7f0f0?s=96&d=mm&r=g","caption":"Staff"},"url":"https:\/\/www.bbmnoticias.com\/labravaradiofm\/author\/redaccion\/"}]}},"_links":{"self":[{"href":"https:\/\/www.bbmnoticias.com\/labravaradiofm\/wp-json\/wp\/v2\/posts\/6096","targetHints":{"allow":["GET"]}}],"collection":[{"href":"https:\/\/www.bbmnoticias.com\/labravaradiofm\/wp-json\/wp\/v2\/posts"}],"about":[{"href":"https:\/\/www.bbmnoticias.com\/labravaradiofm\/wp-json\/wp\/v2\/types\/post"}],"author":[{"embeddable":true,"href":"https:\/\/www.bbmnoticias.com\/labravaradiofm\/wp-json\/wp\/v2\/users\/2"}],"replies":[{"embeddable":true,"href":"https:\/\/www.bbmnoticias.com\/labravaradiofm\/wp-json\/wp\/v2\/comments?post=6096"}],"version-history":[{"count":0,"href":"https:\/\/www.bbmnoticias.com\/labravaradiofm\/wp-json\/wp\/v2\/posts\/6096\/revisions"}],"wp:featuredmedia":[{"embeddable":true,"href":"https:\/\/www.bbmnoticias.com\/labravaradiofm\/wp-json\/wp\/v2\/media\/6097"}],"wp:attachment":[{"href":"https:\/\/www.bbmnoticias.com\/labravaradiofm\/wp-json\/wp\/v2\/media?parent=6096"}],"wp:term":[{"taxonomy":"category","embeddable":true,"href":"https:\/\/www.bbmnoticias.com\/labravaradiofm\/wp-json\/wp\/v2\/categories?post=6096"},{"taxonomy":"post_tag","embeddable":true,"href":"https:\/\/www.bbmnoticias.com\/labravaradiofm\/wp-json\/wp\/v2\/tags?post=6096"}],"curies":[{"name":"wp","href":"https:\/\/api.w.org\/{rel}","templated":true}]}}