{"id":6067,"date":"2021-11-24T12:46:05","date_gmt":"2021-11-24T18:46:05","guid":{"rendered":"https:\/\/www.bbmnoticias.com\/labravaradiofm\/?p=6067"},"modified":"2021-11-24T12:46:06","modified_gmt":"2021-11-24T18:46:06","slug":"localiza-fiscalia-en-oaxaca-a-adolescente-guatemalteca-reportada-como-desaparecida","status":"publish","type":"post","link":"https:\/\/www.bbmnoticias.com\/labravaradiofm\/2021\/11\/24\/localiza-fiscalia-en-oaxaca-a-adolescente-guatemalteca-reportada-como-desaparecida\/","title":{"rendered":"Localiza fiscal\u00eda en Oaxaca a adolescente guatemalteca reportada como desaparecida"},"content":{"rendered":"<div style=\"margin-top: 0px; margin-bottom: 0px;\" class=\"sharethis-inline-share-buttons\" ><\/div>\n<p><strong>Oaxaca de Ju\u00e1rez, Oax.-<\/strong> La comprometida labor de b\u00fasqueda de personas reportadas como desaparecidas y no localizadas de la Fiscal\u00eda General del Estado de Oaxaca (FGEO) dio como resultado la localizaci\u00f3n -en la Ciudad de Oaxaca de Ju\u00e1rez- de una adolescente de 16 a\u00f1os de edad de nacionalidad guatemalteca, quien hab\u00eda sido reportada como desaparecida en octubre de 2021, en el Departamento de Quetzaltenango, en la Rep\u00fablica de Guatemala.<\/p>\n\n\n\n<p>La FGEO tuvo conocimiento del caso luego de que el pasado 27 de octubre de 2021, la madre de la adolescente, acompa\u00f1ada de una autoridad diplom\u00e1tica (Vicec\u00f3nsul) de la Rep\u00fablica de Guatemala, acudieran a reportar la desaparici\u00f3n de la menor de edad, debido a que desde el 10 de octubre del a\u00f1o en curso se hab\u00eda ausentado de su domicilio ubicado en el municipio de Coatepeque, Departamento de Quetzaltenango.<\/p>\n\n\n\n<p>Ante este hecho, la Vicefiscal\u00eda General de Atenci\u00f3n a V\u00edctimas y a la Sociedad atrajo la investigaci\u00f3n, iniciando la carpeta 35486\/FEDH\/UNOL\/2021 por el delito de desaparici\u00f3n cometida por particulares, debido a que exist\u00eda la presunci\u00f3n de que la adolescente desaparecida se encontraba en la ciudad de Oaxaca de Ju\u00e1rez, sitio donde radica su madre biol\u00f3gica.<\/p>\n\n\n\n<p>Luego de llevarse a cabo los actos de investigaci\u00f3n e inteligencia correspondientes, el pasado 22 de noviembre, personal adscrito a la Unidad de B\u00fasqueda de Personas No Localizadas (DNOL) hallaron a la adolescente en inmediaciones de la Agencia Municipal de San Juan Chapultepec, quien fue presentada ante el Vicec\u00f3nsul de Guatemala y a quien se le brindaron todos los servicios Institucionales, logro que se dio gracias al trabajo colaborativo entre la FGEO y las autoridades diplom\u00e1ticas del pa\u00eds centroamericano.<\/p>\n","protected":false},"excerpt":{"rendered":"<p>Oaxaca de Ju\u00e1rez, Oax.- La comprometida labor de b\u00fasqueda de personas reportadas como desaparecidas y no localizadas de la Fiscal\u00eda General del Estado de Oaxaca (FGEO) dio como resultado la localizaci\u00f3n -en la Ciudad de Oaxaca de Ju\u00e1rez- de una adolescente de 16 a\u00f1os de edad de nacionalidad guatemalteca, quien hab\u00eda sido reportada como desaparecida [&hellip;]<\/p>\n","protected":false},"author":2,"featured_media":6068,"comment_status":"closed","ping_status":"closed","sticky":false,"template":"","format":"standard","meta":{"footnotes":""},"categories":[20],"tags":[],"class_list":{"0":"post-6067","1":"post","2":"type-post","3":"status-publish","4":"format-standard","5":"has-post-thumbnail","7":"category-policiaca"},"yoast_head":"<!-- This site is optimized with the Yoast SEO plugin v27.4 - https:\/\/yoast.com\/product\/yoast-seo-wordpress\/ -->\n<title>Localiza fiscal\u00eda en Oaxaca a adolescente guatemalteca reportada como desaparecida - LA BRAVA RADIO<\/title>\n<meta name=\"robots\" content=\"index, follow, max-snippet:-1, max-image-preview:large, max-video-preview:-1\" \/>\n<link rel=\"canonical\" href=\"https:\/\/www.bbmnoticias.com\/labravaradiofm\/2021\/11\/24\/localiza-fiscalia-en-oaxaca-a-adolescente-guatemalteca-reportada-como-desaparecida\/\" \/>\n<meta property=\"og:locale\" content=\"es_MX\" \/>\n<meta property=\"og:type\" content=\"article\" \/>\n<meta property=\"og:title\" content=\"Localiza fiscal\u00eda en Oaxaca a adolescente guatemalteca reportada como desaparecida - LA BRAVA RADIO\" \/>\n<meta property=\"og:description\" content=\"Oaxaca de Ju\u00e1rez, Oax.- La comprometida labor de b\u00fasqueda de personas reportadas como desaparecidas y no localizadas de la Fiscal\u00eda General del Estado de Oaxaca (FGEO) dio como resultado la localizaci\u00f3n -en la Ciudad de Oaxaca de Ju\u00e1rez- de una adolescente de 16 a\u00f1os de edad de nacionalidad guatemalteca, quien hab\u00eda sido reportada como desaparecida [&hellip;]\" \/>\n<meta property=\"og:url\" content=\"https:\/\/www.bbmnoticias.com\/labravaradiofm\/2021\/11\/24\/localiza-fiscalia-en-oaxaca-a-adolescente-guatemalteca-reportada-como-desaparecida\/\" \/>\n<meta property=\"og:site_name\" content=\"LA BRAVA RADIO\" \/>\n<meta property=\"article:published_time\" content=\"2021-11-24T18:46:05+00:00\" \/>\n<meta property=\"article:modified_time\" content=\"2021-11-24T18:46:06+00:00\" \/>\n<meta property=\"og:image\" content=\"https:\/\/www.bbmnoticias.com\/labravaradiofm\/wp-content\/uploads\/sites\/5\/2021\/11\/desaparecida24112021.jpg\" \/>\n\t<meta property=\"og:image:width\" content=\"1200\" \/>\n\t<meta property=\"og:image:height\" content=\"675\" \/>\n\t<meta property=\"og:image:type\" content=\"image\/jpeg\" \/>\n<meta name=\"author\" content=\"Staff\" \/>\n<meta name=\"twitter:card\" content=\"summary_large_image\" \/>\n<meta name=\"twitter:label1\" content=\"Escrito por\" \/>\n\t<meta name=\"twitter:data1\" content=\"Staff\" \/>\n\t<meta name=\"twitter:label2\" content=\"Tiempo de lectura\" \/>\n\t<meta name=\"twitter:data2\" content=\"2 minutos\" \/>\n<script type=\"application\/ld+json\" class=\"yoast-schema-graph\">{\"@context\":\"https:\\\/\\\/schema.org\",\"@graph\":[{\"@type\":\"Article\",\"@id\":\"https:\\\/\\\/www.bbmnoticias.com\\\/labravaradiofm\\\/2021\\\/11\\\/24\\\/localiza-fiscalia-en-oaxaca-a-adolescente-guatemalteca-reportada-como-desaparecida\\\/#article\",\"isPartOf\":{\"@id\":\"https:\\\/\\\/www.bbmnoticias.com\\\/labravaradiofm\\\/2021\\\/11\\\/24\\\/localiza-fiscalia-en-oaxaca-a-adolescente-guatemalteca-reportada-como-desaparecida\\\/\"},\"author\":{\"name\":\"Staff\",\"@id\":\"https:\\\/\\\/www.bbmnoticias.com\\\/labravaradiofm\\\/#\\\/schema\\\/person\\\/68a9e9036ef3c5b55aeb2b71dc8bab45\"},\"headline\":\"Localiza fiscal\u00eda en Oaxaca a adolescente guatemalteca reportada como desaparecida\",\"datePublished\":\"2021-11-24T18:46:05+00:00\",\"dateModified\":\"2021-11-24T18:46:06+00:00\",\"mainEntityOfPage\":{\"@id\":\"https:\\\/\\\/www.bbmnoticias.com\\\/labravaradiofm\\\/2021\\\/11\\\/24\\\/localiza-fiscalia-en-oaxaca-a-adolescente-guatemalteca-reportada-como-desaparecida\\\/\"},\"wordCount\":308,\"image\":{\"@id\":\"https:\\\/\\\/www.bbmnoticias.com\\\/labravaradiofm\\\/2021\\\/11\\\/24\\\/localiza-fiscalia-en-oaxaca-a-adolescente-guatemalteca-reportada-como-desaparecida\\\/#primaryimage\"},\"thumbnailUrl\":\"https:\\\/\\\/www.bbmnoticias.com\\\/labravaradiofm\\\/wp-content\\\/uploads\\\/sites\\\/5\\\/2021\\\/11\\\/desaparecida24112021.jpg\",\"articleSection\":[\"POLICIACA\"],\"inLanguage\":\"es\"},{\"@type\":\"WebPage\",\"@id\":\"https:\\\/\\\/www.bbmnoticias.com\\\/labravaradiofm\\\/2021\\\/11\\\/24\\\/localiza-fiscalia-en-oaxaca-a-adolescente-guatemalteca-reportada-como-desaparecida\\\/\",\"url\":\"https:\\\/\\\/www.bbmnoticias.com\\\/labravaradiofm\\\/2021\\\/11\\\/24\\\/localiza-fiscalia-en-oaxaca-a-adolescente-guatemalteca-reportada-como-desaparecida\\\/\",\"name\":\"Localiza fiscal\u00eda en Oaxaca a adolescente guatemalteca reportada como desaparecida - LA BRAVA RADIO\",\"isPartOf\":{\"@id\":\"https:\\\/\\\/www.bbmnoticias.com\\\/labravaradiofm\\\/#website\"},\"primaryImageOfPage\":{\"@id\":\"https:\\\/\\\/www.bbmnoticias.com\\\/labravaradiofm\\\/2021\\\/11\\\/24\\\/localiza-fiscalia-en-oaxaca-a-adolescente-guatemalteca-reportada-como-desaparecida\\\/#primaryimage\"},\"image\":{\"@id\":\"https:\\\/\\\/www.bbmnoticias.com\\\/labravaradiofm\\\/2021\\\/11\\\/24\\\/localiza-fiscalia-en-oaxaca-a-adolescente-guatemalteca-reportada-como-desaparecida\\\/#primaryimage\"},\"thumbnailUrl\":\"https:\\\/\\\/www.bbmnoticias.com\\\/labravaradiofm\\\/wp-content\\\/uploads\\\/sites\\\/5\\\/2021\\\/11\\\/desaparecida24112021.jpg\",\"datePublished\":\"2021-11-24T18:46:05+00:00\",\"dateModified\":\"2021-11-24T18:46:06+00:00\",\"author\":{\"@id\":\"https:\\\/\\\/www.bbmnoticias.com\\\/labravaradiofm\\\/#\\\/schema\\\/person\\\/68a9e9036ef3c5b55aeb2b71dc8bab45\"},\"breadcrumb\":{\"@id\":\"https:\\\/\\\/www.bbmnoticias.com\\\/labravaradiofm\\\/2021\\\/11\\\/24\\\/localiza-fiscalia-en-oaxaca-a-adolescente-guatemalteca-reportada-como-desaparecida\\\/#breadcrumb\"},\"inLanguage\":\"es\",\"potentialAction\":[{\"@type\":\"ReadAction\",\"target\":[\"https:\\\/\\\/www.bbmnoticias.com\\\/labravaradiofm\\\/2021\\\/11\\\/24\\\/localiza-fiscalia-en-oaxaca-a-adolescente-guatemalteca-reportada-como-desaparecida\\\/\"]}]},{\"@type\":\"ImageObject\",\"inLanguage\":\"es\",\"@id\":\"https:\\\/\\\/www.bbmnoticias.com\\\/labravaradiofm\\\/2021\\\/11\\\/24\\\/localiza-fiscalia-en-oaxaca-a-adolescente-guatemalteca-reportada-como-desaparecida\\\/#primaryimage\",\"url\":\"https:\\\/\\\/www.bbmnoticias.com\\\/labravaradiofm\\\/wp-content\\\/uploads\\\/sites\\\/5\\\/2021\\\/11\\\/desaparecida24112021.jpg\",\"contentUrl\":\"https:\\\/\\\/www.bbmnoticias.com\\\/labravaradiofm\\\/wp-content\\\/uploads\\\/sites\\\/5\\\/2021\\\/11\\\/desaparecida24112021.jpg\",\"width\":1200,\"height\":675},{\"@type\":\"BreadcrumbList\",\"@id\":\"https:\\\/\\\/www.bbmnoticias.com\\\/labravaradiofm\\\/2021\\\/11\\\/24\\\/localiza-fiscalia-en-oaxaca-a-adolescente-guatemalteca-reportada-como-desaparecida\\\/#breadcrumb\",\"itemListElement\":[{\"@type\":\"ListItem\",\"position\":1,\"name\":\"Inicio\",\"item\":\"https:\\\/\\\/www.bbmnoticias.com\\\/labravaradiofm\\\/\"},{\"@type\":\"ListItem\",\"position\":2,\"name\":\"Localiza fiscal\u00eda en Oaxaca a adolescente guatemalteca reportada como desaparecida\"}]},{\"@type\":\"WebSite\",\"@id\":\"https:\\\/\\\/www.bbmnoticias.com\\\/labravaradiofm\\\/#website\",\"url\":\"https:\\\/\\\/www.bbmnoticias.com\\\/labravaradiofm\\\/\",\"name\":\"LA BRAVA RADIO\",\"description\":\"Empresa productora de medios, Radiodifusi\u00f3n, Noticias, tendencias y todo lo que necesitas saber de la pol\u00edtica mexicana e internacional; entretenimiento, espect\u00e1culos, salud y mucho m\u00e1s.\",\"potentialAction\":[{\"@type\":\"SearchAction\",\"target\":{\"@type\":\"EntryPoint\",\"urlTemplate\":\"https:\\\/\\\/www.bbmnoticias.com\\\/labravaradiofm\\\/?s={search_term_string}\"},\"query-input\":{\"@type\":\"PropertyValueSpecification\",\"valueRequired\":true,\"valueName\":\"search_term_string\"}}],\"inLanguage\":\"es\"},{\"@type\":\"Person\",\"@id\":\"https:\\\/\\\/www.bbmnoticias.com\\\/labravaradiofm\\\/#\\\/schema\\\/person\\\/68a9e9036ef3c5b55aeb2b71dc8bab45\",\"name\":\"Staff\",\"image\":{\"@type\":\"ImageObject\",\"inLanguage\":\"es\",\"@id\":\"https:\\\/\\\/secure.gravatar.com\\\/avatar\\\/fdd21ad66fd8b98c407f9dee5b5e588cfe7f0d8579ec20fa6527cd59bab7f0f0?s=96&d=mm&r=g\",\"url\":\"https:\\\/\\\/secure.gravatar.com\\\/avatar\\\/fdd21ad66fd8b98c407f9dee5b5e588cfe7f0d8579ec20fa6527cd59bab7f0f0?s=96&d=mm&r=g\",\"contentUrl\":\"https:\\\/\\\/secure.gravatar.com\\\/avatar\\\/fdd21ad66fd8b98c407f9dee5b5e588cfe7f0d8579ec20fa6527cd59bab7f0f0?s=96&d=mm&r=g\",\"caption\":\"Staff\"},\"url\":\"https:\\\/\\\/www.bbmnoticias.com\\\/labravaradiofm\\\/author\\\/redaccion\\\/\"}]}<\/script>\n<!-- \/ Yoast SEO plugin. -->","yoast_head_json":{"title":"Localiza fiscal\u00eda en Oaxaca a adolescente guatemalteca reportada como desaparecida - LA BRAVA RADIO","robots":{"index":"index","follow":"follow","max-snippet":"max-snippet:-1","max-image-preview":"max-image-preview:large","max-video-preview":"max-video-preview:-1"},"canonical":"https:\/\/www.bbmnoticias.com\/labravaradiofm\/2021\/11\/24\/localiza-fiscalia-en-oaxaca-a-adolescente-guatemalteca-reportada-como-desaparecida\/","og_locale":"es_MX","og_type":"article","og_title":"Localiza fiscal\u00eda en Oaxaca a adolescente guatemalteca reportada como desaparecida - LA BRAVA RADIO","og_description":"Oaxaca de Ju\u00e1rez, Oax.- La comprometida labor de b\u00fasqueda de personas reportadas como desaparecidas y no localizadas de la Fiscal\u00eda General del Estado de Oaxaca (FGEO) dio como resultado la localizaci\u00f3n -en la Ciudad de Oaxaca de Ju\u00e1rez- de una adolescente de 16 a\u00f1os de edad de nacionalidad guatemalteca, quien hab\u00eda sido reportada como desaparecida [&hellip;]","og_url":"https:\/\/www.bbmnoticias.com\/labravaradiofm\/2021\/11\/24\/localiza-fiscalia-en-oaxaca-a-adolescente-guatemalteca-reportada-como-desaparecida\/","og_site_name":"LA BRAVA RADIO","article_published_time":"2021-11-24T18:46:05+00:00","article_modified_time":"2021-11-24T18:46:06+00:00","og_image":[{"width":1200,"height":675,"url":"https:\/\/www.bbmnoticias.com\/labravaradiofm\/wp-content\/uploads\/sites\/5\/2021\/11\/desaparecida24112021.jpg","type":"image\/jpeg"}],"author":"Staff","twitter_card":"summary_large_image","twitter_misc":{"Escrito por":"Staff","Tiempo de lectura":"2 minutos"},"schema":{"@context":"https:\/\/schema.org","@graph":[{"@type":"Article","@id":"https:\/\/www.bbmnoticias.com\/labravaradiofm\/2021\/11\/24\/localiza-fiscalia-en-oaxaca-a-adolescente-guatemalteca-reportada-como-desaparecida\/#article","isPartOf":{"@id":"https:\/\/www.bbmnoticias.com\/labravaradiofm\/2021\/11\/24\/localiza-fiscalia-en-oaxaca-a-adolescente-guatemalteca-reportada-como-desaparecida\/"},"author":{"name":"Staff","@id":"https:\/\/www.bbmnoticias.com\/labravaradiofm\/#\/schema\/person\/68a9e9036ef3c5b55aeb2b71dc8bab45"},"headline":"Localiza fiscal\u00eda en Oaxaca a adolescente guatemalteca reportada como desaparecida","datePublished":"2021-11-24T18:46:05+00:00","dateModified":"2021-11-24T18:46:06+00:00","mainEntityOfPage":{"@id":"https:\/\/www.bbmnoticias.com\/labravaradiofm\/2021\/11\/24\/localiza-fiscalia-en-oaxaca-a-adolescente-guatemalteca-reportada-como-desaparecida\/"},"wordCount":308,"image":{"@id":"https:\/\/www.bbmnoticias.com\/labravaradiofm\/2021\/11\/24\/localiza-fiscalia-en-oaxaca-a-adolescente-guatemalteca-reportada-como-desaparecida\/#primaryimage"},"thumbnailUrl":"https:\/\/www.bbmnoticias.com\/labravaradiofm\/wp-content\/uploads\/sites\/5\/2021\/11\/desaparecida24112021.jpg","articleSection":["POLICIACA"],"inLanguage":"es"},{"@type":"WebPage","@id":"https:\/\/www.bbmnoticias.com\/labravaradiofm\/2021\/11\/24\/localiza-fiscalia-en-oaxaca-a-adolescente-guatemalteca-reportada-como-desaparecida\/","url":"https:\/\/www.bbmnoticias.com\/labravaradiofm\/2021\/11\/24\/localiza-fiscalia-en-oaxaca-a-adolescente-guatemalteca-reportada-como-desaparecida\/","name":"Localiza fiscal\u00eda en Oaxaca a adolescente guatemalteca reportada como desaparecida - LA BRAVA RADIO","isPartOf":{"@id":"https:\/\/www.bbmnoticias.com\/labravaradiofm\/#website"},"primaryImageOfPage":{"@id":"https:\/\/www.bbmnoticias.com\/labravaradiofm\/2021\/11\/24\/localiza-fiscalia-en-oaxaca-a-adolescente-guatemalteca-reportada-como-desaparecida\/#primaryimage"},"image":{"@id":"https:\/\/www.bbmnoticias.com\/labravaradiofm\/2021\/11\/24\/localiza-fiscalia-en-oaxaca-a-adolescente-guatemalteca-reportada-como-desaparecida\/#primaryimage"},"thumbnailUrl":"https:\/\/www.bbmnoticias.com\/labravaradiofm\/wp-content\/uploads\/sites\/5\/2021\/11\/desaparecida24112021.jpg","datePublished":"2021-11-24T18:46:05+00:00","dateModified":"2021-11-24T18:46:06+00:00","author":{"@id":"https:\/\/www.bbmnoticias.com\/labravaradiofm\/#\/schema\/person\/68a9e9036ef3c5b55aeb2b71dc8bab45"},"breadcrumb":{"@id":"https:\/\/www.bbmnoticias.com\/labravaradiofm\/2021\/11\/24\/localiza-fiscalia-en-oaxaca-a-adolescente-guatemalteca-reportada-como-desaparecida\/#breadcrumb"},"inLanguage":"es","potentialAction":[{"@type":"ReadAction","target":["https:\/\/www.bbmnoticias.com\/labravaradiofm\/2021\/11\/24\/localiza-fiscalia-en-oaxaca-a-adolescente-guatemalteca-reportada-como-desaparecida\/"]}]},{"@type":"ImageObject","inLanguage":"es","@id":"https:\/\/www.bbmnoticias.com\/labravaradiofm\/2021\/11\/24\/localiza-fiscalia-en-oaxaca-a-adolescente-guatemalteca-reportada-como-desaparecida\/#primaryimage","url":"https:\/\/www.bbmnoticias.com\/labravaradiofm\/wp-content\/uploads\/sites\/5\/2021\/11\/desaparecida24112021.jpg","contentUrl":"https:\/\/www.bbmnoticias.com\/labravaradiofm\/wp-content\/uploads\/sites\/5\/2021\/11\/desaparecida24112021.jpg","width":1200,"height":675},{"@type":"BreadcrumbList","@id":"https:\/\/www.bbmnoticias.com\/labravaradiofm\/2021\/11\/24\/localiza-fiscalia-en-oaxaca-a-adolescente-guatemalteca-reportada-como-desaparecida\/#breadcrumb","itemListElement":[{"@type":"ListItem","position":1,"name":"Inicio","item":"https:\/\/www.bbmnoticias.com\/labravaradiofm\/"},{"@type":"ListItem","position":2,"name":"Localiza fiscal\u00eda en Oaxaca a adolescente guatemalteca reportada como desaparecida"}]},{"@type":"WebSite","@id":"https:\/\/www.bbmnoticias.com\/labravaradiofm\/#website","url":"https:\/\/www.bbmnoticias.com\/labravaradiofm\/","name":"LA BRAVA RADIO","description":"Empresa productora de medios, Radiodifusi\u00f3n, Noticias, tendencias y todo lo que necesitas saber de la pol\u00edtica mexicana e internacional; entretenimiento, espect\u00e1culos, salud y mucho m\u00e1s.","potentialAction":[{"@type":"SearchAction","target":{"@type":"EntryPoint","urlTemplate":"https:\/\/www.bbmnoticias.com\/labravaradiofm\/?s={search_term_string}"},"query-input":{"@type":"PropertyValueSpecification","valueRequired":true,"valueName":"search_term_string"}}],"inLanguage":"es"},{"@type":"Person","@id":"https:\/\/www.bbmnoticias.com\/labravaradiofm\/#\/schema\/person\/68a9e9036ef3c5b55aeb2b71dc8bab45","name":"Staff","image":{"@type":"ImageObject","inLanguage":"es","@id":"https:\/\/secure.gravatar.com\/avatar\/fdd21ad66fd8b98c407f9dee5b5e588cfe7f0d8579ec20fa6527cd59bab7f0f0?s=96&d=mm&r=g","url":"https:\/\/secure.gravatar.com\/avatar\/fdd21ad66fd8b98c407f9dee5b5e588cfe7f0d8579ec20fa6527cd59bab7f0f0?s=96&d=mm&r=g","contentUrl":"https:\/\/secure.gravatar.com\/avatar\/fdd21ad66fd8b98c407f9dee5b5e588cfe7f0d8579ec20fa6527cd59bab7f0f0?s=96&d=mm&r=g","caption":"Staff"},"url":"https:\/\/www.bbmnoticias.com\/labravaradiofm\/author\/redaccion\/"}]}},"_links":{"self":[{"href":"https:\/\/www.bbmnoticias.com\/labravaradiofm\/wp-json\/wp\/v2\/posts\/6067","targetHints":{"allow":["GET"]}}],"collection":[{"href":"https:\/\/www.bbmnoticias.com\/labravaradiofm\/wp-json\/wp\/v2\/posts"}],"about":[{"href":"https:\/\/www.bbmnoticias.com\/labravaradiofm\/wp-json\/wp\/v2\/types\/post"}],"author":[{"embeddable":true,"href":"https:\/\/www.bbmnoticias.com\/labravaradiofm\/wp-json\/wp\/v2\/users\/2"}],"replies":[{"embeddable":true,"href":"https:\/\/www.bbmnoticias.com\/labravaradiofm\/wp-json\/wp\/v2\/comments?post=6067"}],"version-history":[{"count":0,"href":"https:\/\/www.bbmnoticias.com\/labravaradiofm\/wp-json\/wp\/v2\/posts\/6067\/revisions"}],"wp:featuredmedia":[{"embeddable":true,"href":"https:\/\/www.bbmnoticias.com\/labravaradiofm\/wp-json\/wp\/v2\/media\/6068"}],"wp:attachment":[{"href":"https:\/\/www.bbmnoticias.com\/labravaradiofm\/wp-json\/wp\/v2\/media?parent=6067"}],"wp:term":[{"taxonomy":"category","embeddable":true,"href":"https:\/\/www.bbmnoticias.com\/labravaradiofm\/wp-json\/wp\/v2\/categories?post=6067"},{"taxonomy":"post_tag","embeddable":true,"href":"https:\/\/www.bbmnoticias.com\/labravaradiofm\/wp-json\/wp\/v2\/tags?post=6067"}],"curies":[{"name":"wp","href":"https:\/\/api.w.org\/{rel}","templated":true}]}}