{"id":6059,"date":"2021-11-24T10:09:35","date_gmt":"2021-11-24T16:09:35","guid":{"rendered":"https:\/\/www.bbmnoticias.com\/labravaradiofm\/?p=6059"},"modified":"2021-11-24T10:09:36","modified_gmt":"2021-11-24T16:09:36","slug":"continua-salomon-jara-liderando-las-encuestas","status":"publish","type":"post","link":"https:\/\/www.bbmnoticias.com\/labravaradiofm\/2021\/11\/24\/continua-salomon-jara-liderando-las-encuestas\/","title":{"rendered":"Contin\u00faa Salom\u00f3n Jara, liderando las encuestas"},"content":{"rendered":"<div style=\"margin-top: 0px; margin-bottom: 0px;\" class=\"sharethis-inline-share-buttons\" ><\/div>\n<p>Oaxaca de Ju\u00e1rez.- De acuerdo a los \u00faltimos datos, todo indica que el Senador Salom\u00f3n Jara Cruz, contin\u00faa liderando las encuestas m\u00e1s serias y recientes, as\u00ed lo demuestra el minucioso estudio realizado por Indicadores S.C. Qui\u00e9n adem\u00e1s es integrante de la Asociaci\u00f3n Mexicana de Agencias de Inteligencia de Mercado y Opini\u00f3n AC.<\/p>\n\n\n\n<p>Rumbo al proceso de renovaci\u00f3n en 2022, una avalancha de encuestas han proliferado, sin embargo, recientemente las y los aspirantes en Oaxaca, cuestionaron la legalidad de muchas de ellas, pues una gran parte no tienen sustento legal o se desconoce su metodolog\u00eda.<\/p>\n\n\n\n<p><\/p>\n\n\n\n<figure class=\"wp-block-image size-large\"><img loading=\"lazy\" decoding=\"async\" width=\"1280\" height=\"846\" src=\"https:\/\/www.bbmnoticias.com\/labravaradiofm\/wp-content\/uploads\/sites\/5\/2021\/11\/encuesta24112021-2.jpg\" alt=\"\" class=\"wp-image-6060\" srcset=\"https:\/\/www.bbmnoticias.com\/labravaradiofm\/wp-content\/uploads\/sites\/5\/2021\/11\/encuesta24112021-2.jpg 1280w, https:\/\/www.bbmnoticias.com\/labravaradiofm\/wp-content\/uploads\/sites\/5\/2021\/11\/encuesta24112021-2-300x198.jpg 300w, https:\/\/www.bbmnoticias.com\/labravaradiofm\/wp-content\/uploads\/sites\/5\/2021\/11\/encuesta24112021-2-1024x677.jpg 1024w, https:\/\/www.bbmnoticias.com\/labravaradiofm\/wp-content\/uploads\/sites\/5\/2021\/11\/encuesta24112021-2-768x508.jpg 768w, https:\/\/www.bbmnoticias.com\/labravaradiofm\/wp-content\/uploads\/sites\/5\/2021\/11\/encuesta24112021-2-635x420.jpg 635w, https:\/\/www.bbmnoticias.com\/labravaradiofm\/wp-content\/uploads\/sites\/5\/2021\/11\/encuesta24112021-2-640x423.jpg 640w, https:\/\/www.bbmnoticias.com\/labravaradiofm\/wp-content\/uploads\/sites\/5\/2021\/11\/encuesta24112021-2-681x450.jpg 681w\" sizes=\"auto, (max-width: 1280px) 100vw, 1280px\" \/><\/figure>\n\n\n\n<p>Sin embargo, en las casas encuestadoras como IMO (Instituto de Mercadotecnia y Opini\u00f3n) con datos y metodolog\u00eda de car\u00e1cter p\u00fablico, el Senador Salom\u00f3n Jara aparece como puntero en las preferencias, esto de acuerdo al riguroso estudio levantado a mediados de este mes de noviembre.<\/p>\n\n\n\n<p>Nuevamente, este martes de acuerdo a datos de Indicadores S.C. El tambi\u00e9n fundador de Morena aparece arriba en elementos como intenci\u00f3n, disposici\u00f3n y opini\u00f3n positiva entre otros, que lo colocan como favorito rumbo al proceso que se avecina para Oaxaca en este 2022.<\/p>\n\n\n\n<p><\/p>\n\n\n\n<figure class=\"wp-block-image size-large\"><img loading=\"lazy\" decoding=\"async\" width=\"1280\" height=\"918\" src=\"https:\/\/www.bbmnoticias.com\/labravaradiofm\/wp-content\/uploads\/sites\/5\/2021\/11\/encuesta24112021-3.jpg\" alt=\"\" class=\"wp-image-6061\" srcset=\"https:\/\/www.bbmnoticias.com\/labravaradiofm\/wp-content\/uploads\/sites\/5\/2021\/11\/encuesta24112021-3.jpg 1280w, https:\/\/www.bbmnoticias.com\/labravaradiofm\/wp-content\/uploads\/sites\/5\/2021\/11\/encuesta24112021-3-300x215.jpg 300w, https:\/\/www.bbmnoticias.com\/labravaradiofm\/wp-content\/uploads\/sites\/5\/2021\/11\/encuesta24112021-3-1024x734.jpg 1024w, https:\/\/www.bbmnoticias.com\/labravaradiofm\/wp-content\/uploads\/sites\/5\/2021\/11\/encuesta24112021-3-768x551.jpg 768w, https:\/\/www.bbmnoticias.com\/labravaradiofm\/wp-content\/uploads\/sites\/5\/2021\/11\/encuesta24112021-3-586x420.jpg 586w, https:\/\/www.bbmnoticias.com\/labravaradiofm\/wp-content\/uploads\/sites\/5\/2021\/11\/encuesta24112021-3-640x459.jpg 640w, https:\/\/www.bbmnoticias.com\/labravaradiofm\/wp-content\/uploads\/sites\/5\/2021\/11\/encuesta24112021-3-681x488.jpg 681w\" sizes=\"auto, (max-width: 1280px) 100vw, 1280px\" \/><\/figure>\n\n\n\n<p>De acuerdo a datos de esta prestigiosa casa encuestadora con fecha 20 de noviembre, y con una t\u00e9cnica de levantamiento domiciliaria, en conocimiento y opini\u00f3n el Senador Salom\u00f3n Jara aparece con un 76.0 puntos mientras que a la senadora Susana Harp con un 70.1, seguida del diputado federal Benjam\u00edn Robles con un 51.1 y la diputada federal Irma Juan Carlos con un 20.1.<\/p>\n\n\n\n<p>Cabe mencionar que en atributos de intenci\u00f3n, al preguntar \u00bfusted a quien prefiere como candidato a gobernador del estado? El Senador Salom\u00f3n Jara, de acuerdo a este estudio, obtiene un porcentaje de 33.3 mientras que la Senadora Susana Harp un 28.2, el diputado federal Benjam\u00edn Robles 12.8 y la diputada federal Irma Juan Carlos un 4.1.<\/p>\n\n\n\n<p>As\u00ed los datos en Oaxaca, estimado lector, las referencias pueden consultarse a trav\u00e9s del sitio oficial de indicadores S.C.<\/p>\n","protected":false},"excerpt":{"rendered":"<p>Oaxaca de Ju\u00e1rez.- De acuerdo a los \u00faltimos datos, todo indica que el Senador Salom\u00f3n Jara Cruz, contin\u00faa liderando las encuestas m\u00e1s serias y recientes, as\u00ed lo demuestra el minucioso estudio realizado por Indicadores S.C. Qui\u00e9n adem\u00e1s es integrante de la Asociaci\u00f3n Mexicana de Agencias de Inteligencia de Mercado y Opini\u00f3n AC. Rumbo al proceso [&hellip;]<\/p>\n","protected":false},"author":2,"featured_media":6062,"comment_status":"closed","ping_status":"closed","sticky":false,"template":"","format":"standard","meta":{"footnotes":""},"categories":[2],"tags":[],"class_list":{"0":"post-6059","1":"post","2":"type-post","3":"status-publish","4":"format-standard","5":"has-post-thumbnail","7":"category-oaxaca"},"yoast_head":"<!-- This site is optimized with the Yoast SEO plugin v27.4 - https:\/\/yoast.com\/product\/yoast-seo-wordpress\/ -->\n<title>Contin\u00faa Salom\u00f3n Jara, liderando las encuestas - LA BRAVA RADIO<\/title>\n<meta name=\"robots\" content=\"index, follow, max-snippet:-1, max-image-preview:large, max-video-preview:-1\" \/>\n<link rel=\"canonical\" href=\"https:\/\/www.bbmnoticias.com\/labravaradiofm\/2021\/11\/24\/continua-salomon-jara-liderando-las-encuestas\/\" \/>\n<meta property=\"og:locale\" content=\"es_MX\" \/>\n<meta property=\"og:type\" content=\"article\" \/>\n<meta property=\"og:title\" content=\"Contin\u00faa Salom\u00f3n Jara, liderando las encuestas - LA BRAVA RADIO\" \/>\n<meta property=\"og:description\" content=\"Oaxaca de Ju\u00e1rez.- De acuerdo a los \u00faltimos datos, todo indica que el Senador Salom\u00f3n Jara Cruz, contin\u00faa liderando las encuestas m\u00e1s serias y recientes, as\u00ed lo demuestra el minucioso estudio realizado por Indicadores S.C. Qui\u00e9n adem\u00e1s es integrante de la Asociaci\u00f3n Mexicana de Agencias de Inteligencia de Mercado y Opini\u00f3n AC. Rumbo al proceso [&hellip;]\" \/>\n<meta property=\"og:url\" content=\"https:\/\/www.bbmnoticias.com\/labravaradiofm\/2021\/11\/24\/continua-salomon-jara-liderando-las-encuestas\/\" \/>\n<meta property=\"og:site_name\" content=\"LA BRAVA RADIO\" \/>\n<meta property=\"article:published_time\" content=\"2021-11-24T16:09:35+00:00\" \/>\n<meta property=\"article:modified_time\" content=\"2021-11-24T16:09:36+00:00\" \/>\n<meta property=\"og:image\" content=\"https:\/\/www.bbmnoticias.com\/labravaradiofm\/wp-content\/uploads\/sites\/5\/2021\/11\/encuesta24112021.jpg\" \/>\n\t<meta property=\"og:image:width\" content=\"1280\" \/>\n\t<meta property=\"og:image:height\" content=\"781\" \/>\n\t<meta property=\"og:image:type\" content=\"image\/jpeg\" \/>\n<meta name=\"author\" content=\"Staff\" \/>\n<meta name=\"twitter:card\" content=\"summary_large_image\" \/>\n<meta name=\"twitter:label1\" content=\"Escrito por\" \/>\n\t<meta name=\"twitter:data1\" content=\"Staff\" \/>\n\t<meta name=\"twitter:label2\" content=\"Tiempo de lectura\" \/>\n\t<meta name=\"twitter:data2\" content=\"2 minutos\" \/>\n<script type=\"application\/ld+json\" class=\"yoast-schema-graph\">{\"@context\":\"https:\\\/\\\/schema.org\",\"@graph\":[{\"@type\":\"Article\",\"@id\":\"https:\\\/\\\/www.bbmnoticias.com\\\/labravaradiofm\\\/2021\\\/11\\\/24\\\/continua-salomon-jara-liderando-las-encuestas\\\/#article\",\"isPartOf\":{\"@id\":\"https:\\\/\\\/www.bbmnoticias.com\\\/labravaradiofm\\\/2021\\\/11\\\/24\\\/continua-salomon-jara-liderando-las-encuestas\\\/\"},\"author\":{\"name\":\"Staff\",\"@id\":\"https:\\\/\\\/www.bbmnoticias.com\\\/labravaradiofm\\\/#\\\/schema\\\/person\\\/68a9e9036ef3c5b55aeb2b71dc8bab45\"},\"headline\":\"Contin\u00faa Salom\u00f3n Jara, liderando las encuestas\",\"datePublished\":\"2021-11-24T16:09:35+00:00\",\"dateModified\":\"2021-11-24T16:09:36+00:00\",\"mainEntityOfPage\":{\"@id\":\"https:\\\/\\\/www.bbmnoticias.com\\\/labravaradiofm\\\/2021\\\/11\\\/24\\\/continua-salomon-jara-liderando-las-encuestas\\\/\"},\"wordCount\":347,\"image\":{\"@id\":\"https:\\\/\\\/www.bbmnoticias.com\\\/labravaradiofm\\\/2021\\\/11\\\/24\\\/continua-salomon-jara-liderando-las-encuestas\\\/#primaryimage\"},\"thumbnailUrl\":\"https:\\\/\\\/www.bbmnoticias.com\\\/labravaradiofm\\\/wp-content\\\/uploads\\\/sites\\\/5\\\/2021\\\/11\\\/encuesta24112021.jpg\",\"articleSection\":[\"LOCAL\"],\"inLanguage\":\"es\"},{\"@type\":\"WebPage\",\"@id\":\"https:\\\/\\\/www.bbmnoticias.com\\\/labravaradiofm\\\/2021\\\/11\\\/24\\\/continua-salomon-jara-liderando-las-encuestas\\\/\",\"url\":\"https:\\\/\\\/www.bbmnoticias.com\\\/labravaradiofm\\\/2021\\\/11\\\/24\\\/continua-salomon-jara-liderando-las-encuestas\\\/\",\"name\":\"Contin\u00faa Salom\u00f3n Jara, liderando las encuestas - LA BRAVA RADIO\",\"isPartOf\":{\"@id\":\"https:\\\/\\\/www.bbmnoticias.com\\\/labravaradiofm\\\/#website\"},\"primaryImageOfPage\":{\"@id\":\"https:\\\/\\\/www.bbmnoticias.com\\\/labravaradiofm\\\/2021\\\/11\\\/24\\\/continua-salomon-jara-liderando-las-encuestas\\\/#primaryimage\"},\"image\":{\"@id\":\"https:\\\/\\\/www.bbmnoticias.com\\\/labravaradiofm\\\/2021\\\/11\\\/24\\\/continua-salomon-jara-liderando-las-encuestas\\\/#primaryimage\"},\"thumbnailUrl\":\"https:\\\/\\\/www.bbmnoticias.com\\\/labravaradiofm\\\/wp-content\\\/uploads\\\/sites\\\/5\\\/2021\\\/11\\\/encuesta24112021.jpg\",\"datePublished\":\"2021-11-24T16:09:35+00:00\",\"dateModified\":\"2021-11-24T16:09:36+00:00\",\"author\":{\"@id\":\"https:\\\/\\\/www.bbmnoticias.com\\\/labravaradiofm\\\/#\\\/schema\\\/person\\\/68a9e9036ef3c5b55aeb2b71dc8bab45\"},\"breadcrumb\":{\"@id\":\"https:\\\/\\\/www.bbmnoticias.com\\\/labravaradiofm\\\/2021\\\/11\\\/24\\\/continua-salomon-jara-liderando-las-encuestas\\\/#breadcrumb\"},\"inLanguage\":\"es\",\"potentialAction\":[{\"@type\":\"ReadAction\",\"target\":[\"https:\\\/\\\/www.bbmnoticias.com\\\/labravaradiofm\\\/2021\\\/11\\\/24\\\/continua-salomon-jara-liderando-las-encuestas\\\/\"]}]},{\"@type\":\"ImageObject\",\"inLanguage\":\"es\",\"@id\":\"https:\\\/\\\/www.bbmnoticias.com\\\/labravaradiofm\\\/2021\\\/11\\\/24\\\/continua-salomon-jara-liderando-las-encuestas\\\/#primaryimage\",\"url\":\"https:\\\/\\\/www.bbmnoticias.com\\\/labravaradiofm\\\/wp-content\\\/uploads\\\/sites\\\/5\\\/2021\\\/11\\\/encuesta24112021.jpg\",\"contentUrl\":\"https:\\\/\\\/www.bbmnoticias.com\\\/labravaradiofm\\\/wp-content\\\/uploads\\\/sites\\\/5\\\/2021\\\/11\\\/encuesta24112021.jpg\",\"width\":1280,\"height\":781},{\"@type\":\"BreadcrumbList\",\"@id\":\"https:\\\/\\\/www.bbmnoticias.com\\\/labravaradiofm\\\/2021\\\/11\\\/24\\\/continua-salomon-jara-liderando-las-encuestas\\\/#breadcrumb\",\"itemListElement\":[{\"@type\":\"ListItem\",\"position\":1,\"name\":\"Inicio\",\"item\":\"https:\\\/\\\/www.bbmnoticias.com\\\/labravaradiofm\\\/\"},{\"@type\":\"ListItem\",\"position\":2,\"name\":\"Contin\u00faa Salom\u00f3n Jara, liderando las encuestas\"}]},{\"@type\":\"WebSite\",\"@id\":\"https:\\\/\\\/www.bbmnoticias.com\\\/labravaradiofm\\\/#website\",\"url\":\"https:\\\/\\\/www.bbmnoticias.com\\\/labravaradiofm\\\/\",\"name\":\"LA BRAVA RADIO\",\"description\":\"Empresa productora de medios, Radiodifusi\u00f3n, Noticias, tendencias y todo lo que necesitas saber de la pol\u00edtica mexicana e internacional; entretenimiento, espect\u00e1culos, salud y mucho m\u00e1s.\",\"potentialAction\":[{\"@type\":\"SearchAction\",\"target\":{\"@type\":\"EntryPoint\",\"urlTemplate\":\"https:\\\/\\\/www.bbmnoticias.com\\\/labravaradiofm\\\/?s={search_term_string}\"},\"query-input\":{\"@type\":\"PropertyValueSpecification\",\"valueRequired\":true,\"valueName\":\"search_term_string\"}}],\"inLanguage\":\"es\"},{\"@type\":\"Person\",\"@id\":\"https:\\\/\\\/www.bbmnoticias.com\\\/labravaradiofm\\\/#\\\/schema\\\/person\\\/68a9e9036ef3c5b55aeb2b71dc8bab45\",\"name\":\"Staff\",\"image\":{\"@type\":\"ImageObject\",\"inLanguage\":\"es\",\"@id\":\"https:\\\/\\\/secure.gravatar.com\\\/avatar\\\/fdd21ad66fd8b98c407f9dee5b5e588cfe7f0d8579ec20fa6527cd59bab7f0f0?s=96&d=mm&r=g\",\"url\":\"https:\\\/\\\/secure.gravatar.com\\\/avatar\\\/fdd21ad66fd8b98c407f9dee5b5e588cfe7f0d8579ec20fa6527cd59bab7f0f0?s=96&d=mm&r=g\",\"contentUrl\":\"https:\\\/\\\/secure.gravatar.com\\\/avatar\\\/fdd21ad66fd8b98c407f9dee5b5e588cfe7f0d8579ec20fa6527cd59bab7f0f0?s=96&d=mm&r=g\",\"caption\":\"Staff\"},\"url\":\"https:\\\/\\\/www.bbmnoticias.com\\\/labravaradiofm\\\/author\\\/redaccion\\\/\"}]}<\/script>\n<!-- \/ Yoast SEO plugin. -->","yoast_head_json":{"title":"Contin\u00faa Salom\u00f3n Jara, liderando las encuestas - LA BRAVA RADIO","robots":{"index":"index","follow":"follow","max-snippet":"max-snippet:-1","max-image-preview":"max-image-preview:large","max-video-preview":"max-video-preview:-1"},"canonical":"https:\/\/www.bbmnoticias.com\/labravaradiofm\/2021\/11\/24\/continua-salomon-jara-liderando-las-encuestas\/","og_locale":"es_MX","og_type":"article","og_title":"Contin\u00faa Salom\u00f3n Jara, liderando las encuestas - LA BRAVA RADIO","og_description":"Oaxaca de Ju\u00e1rez.- De acuerdo a los \u00faltimos datos, todo indica que el Senador Salom\u00f3n Jara Cruz, contin\u00faa liderando las encuestas m\u00e1s serias y recientes, as\u00ed lo demuestra el minucioso estudio realizado por Indicadores S.C. Qui\u00e9n adem\u00e1s es integrante de la Asociaci\u00f3n Mexicana de Agencias de Inteligencia de Mercado y Opini\u00f3n AC. Rumbo al proceso [&hellip;]","og_url":"https:\/\/www.bbmnoticias.com\/labravaradiofm\/2021\/11\/24\/continua-salomon-jara-liderando-las-encuestas\/","og_site_name":"LA BRAVA RADIO","article_published_time":"2021-11-24T16:09:35+00:00","article_modified_time":"2021-11-24T16:09:36+00:00","og_image":[{"width":1280,"height":781,"url":"https:\/\/www.bbmnoticias.com\/labravaradiofm\/wp-content\/uploads\/sites\/5\/2021\/11\/encuesta24112021.jpg","type":"image\/jpeg"}],"author":"Staff","twitter_card":"summary_large_image","twitter_misc":{"Escrito por":"Staff","Tiempo de lectura":"2 minutos"},"schema":{"@context":"https:\/\/schema.org","@graph":[{"@type":"Article","@id":"https:\/\/www.bbmnoticias.com\/labravaradiofm\/2021\/11\/24\/continua-salomon-jara-liderando-las-encuestas\/#article","isPartOf":{"@id":"https:\/\/www.bbmnoticias.com\/labravaradiofm\/2021\/11\/24\/continua-salomon-jara-liderando-las-encuestas\/"},"author":{"name":"Staff","@id":"https:\/\/www.bbmnoticias.com\/labravaradiofm\/#\/schema\/person\/68a9e9036ef3c5b55aeb2b71dc8bab45"},"headline":"Contin\u00faa Salom\u00f3n Jara, liderando las encuestas","datePublished":"2021-11-24T16:09:35+00:00","dateModified":"2021-11-24T16:09:36+00:00","mainEntityOfPage":{"@id":"https:\/\/www.bbmnoticias.com\/labravaradiofm\/2021\/11\/24\/continua-salomon-jara-liderando-las-encuestas\/"},"wordCount":347,"image":{"@id":"https:\/\/www.bbmnoticias.com\/labravaradiofm\/2021\/11\/24\/continua-salomon-jara-liderando-las-encuestas\/#primaryimage"},"thumbnailUrl":"https:\/\/www.bbmnoticias.com\/labravaradiofm\/wp-content\/uploads\/sites\/5\/2021\/11\/encuesta24112021.jpg","articleSection":["LOCAL"],"inLanguage":"es"},{"@type":"WebPage","@id":"https:\/\/www.bbmnoticias.com\/labravaradiofm\/2021\/11\/24\/continua-salomon-jara-liderando-las-encuestas\/","url":"https:\/\/www.bbmnoticias.com\/labravaradiofm\/2021\/11\/24\/continua-salomon-jara-liderando-las-encuestas\/","name":"Contin\u00faa Salom\u00f3n Jara, liderando las encuestas - LA BRAVA RADIO","isPartOf":{"@id":"https:\/\/www.bbmnoticias.com\/labravaradiofm\/#website"},"primaryImageOfPage":{"@id":"https:\/\/www.bbmnoticias.com\/labravaradiofm\/2021\/11\/24\/continua-salomon-jara-liderando-las-encuestas\/#primaryimage"},"image":{"@id":"https:\/\/www.bbmnoticias.com\/labravaradiofm\/2021\/11\/24\/continua-salomon-jara-liderando-las-encuestas\/#primaryimage"},"thumbnailUrl":"https:\/\/www.bbmnoticias.com\/labravaradiofm\/wp-content\/uploads\/sites\/5\/2021\/11\/encuesta24112021.jpg","datePublished":"2021-11-24T16:09:35+00:00","dateModified":"2021-11-24T16:09:36+00:00","author":{"@id":"https:\/\/www.bbmnoticias.com\/labravaradiofm\/#\/schema\/person\/68a9e9036ef3c5b55aeb2b71dc8bab45"},"breadcrumb":{"@id":"https:\/\/www.bbmnoticias.com\/labravaradiofm\/2021\/11\/24\/continua-salomon-jara-liderando-las-encuestas\/#breadcrumb"},"inLanguage":"es","potentialAction":[{"@type":"ReadAction","target":["https:\/\/www.bbmnoticias.com\/labravaradiofm\/2021\/11\/24\/continua-salomon-jara-liderando-las-encuestas\/"]}]},{"@type":"ImageObject","inLanguage":"es","@id":"https:\/\/www.bbmnoticias.com\/labravaradiofm\/2021\/11\/24\/continua-salomon-jara-liderando-las-encuestas\/#primaryimage","url":"https:\/\/www.bbmnoticias.com\/labravaradiofm\/wp-content\/uploads\/sites\/5\/2021\/11\/encuesta24112021.jpg","contentUrl":"https:\/\/www.bbmnoticias.com\/labravaradiofm\/wp-content\/uploads\/sites\/5\/2021\/11\/encuesta24112021.jpg","width":1280,"height":781},{"@type":"BreadcrumbList","@id":"https:\/\/www.bbmnoticias.com\/labravaradiofm\/2021\/11\/24\/continua-salomon-jara-liderando-las-encuestas\/#breadcrumb","itemListElement":[{"@type":"ListItem","position":1,"name":"Inicio","item":"https:\/\/www.bbmnoticias.com\/labravaradiofm\/"},{"@type":"ListItem","position":2,"name":"Contin\u00faa Salom\u00f3n Jara, liderando las encuestas"}]},{"@type":"WebSite","@id":"https:\/\/www.bbmnoticias.com\/labravaradiofm\/#website","url":"https:\/\/www.bbmnoticias.com\/labravaradiofm\/","name":"LA BRAVA RADIO","description":"Empresa productora de medios, Radiodifusi\u00f3n, Noticias, tendencias y todo lo que necesitas saber de la pol\u00edtica mexicana e internacional; entretenimiento, espect\u00e1culos, salud y mucho m\u00e1s.","potentialAction":[{"@type":"SearchAction","target":{"@type":"EntryPoint","urlTemplate":"https:\/\/www.bbmnoticias.com\/labravaradiofm\/?s={search_term_string}"},"query-input":{"@type":"PropertyValueSpecification","valueRequired":true,"valueName":"search_term_string"}}],"inLanguage":"es"},{"@type":"Person","@id":"https:\/\/www.bbmnoticias.com\/labravaradiofm\/#\/schema\/person\/68a9e9036ef3c5b55aeb2b71dc8bab45","name":"Staff","image":{"@type":"ImageObject","inLanguage":"es","@id":"https:\/\/secure.gravatar.com\/avatar\/fdd21ad66fd8b98c407f9dee5b5e588cfe7f0d8579ec20fa6527cd59bab7f0f0?s=96&d=mm&r=g","url":"https:\/\/secure.gravatar.com\/avatar\/fdd21ad66fd8b98c407f9dee5b5e588cfe7f0d8579ec20fa6527cd59bab7f0f0?s=96&d=mm&r=g","contentUrl":"https:\/\/secure.gravatar.com\/avatar\/fdd21ad66fd8b98c407f9dee5b5e588cfe7f0d8579ec20fa6527cd59bab7f0f0?s=96&d=mm&r=g","caption":"Staff"},"url":"https:\/\/www.bbmnoticias.com\/labravaradiofm\/author\/redaccion\/"}]}},"_links":{"self":[{"href":"https:\/\/www.bbmnoticias.com\/labravaradiofm\/wp-json\/wp\/v2\/posts\/6059","targetHints":{"allow":["GET"]}}],"collection":[{"href":"https:\/\/www.bbmnoticias.com\/labravaradiofm\/wp-json\/wp\/v2\/posts"}],"about":[{"href":"https:\/\/www.bbmnoticias.com\/labravaradiofm\/wp-json\/wp\/v2\/types\/post"}],"author":[{"embeddable":true,"href":"https:\/\/www.bbmnoticias.com\/labravaradiofm\/wp-json\/wp\/v2\/users\/2"}],"replies":[{"embeddable":true,"href":"https:\/\/www.bbmnoticias.com\/labravaradiofm\/wp-json\/wp\/v2\/comments?post=6059"}],"version-history":[{"count":0,"href":"https:\/\/www.bbmnoticias.com\/labravaradiofm\/wp-json\/wp\/v2\/posts\/6059\/revisions"}],"wp:featuredmedia":[{"embeddable":true,"href":"https:\/\/www.bbmnoticias.com\/labravaradiofm\/wp-json\/wp\/v2\/media\/6062"}],"wp:attachment":[{"href":"https:\/\/www.bbmnoticias.com\/labravaradiofm\/wp-json\/wp\/v2\/media?parent=6059"}],"wp:term":[{"taxonomy":"category","embeddable":true,"href":"https:\/\/www.bbmnoticias.com\/labravaradiofm\/wp-json\/wp\/v2\/categories?post=6059"},{"taxonomy":"post_tag","embeddable":true,"href":"https:\/\/www.bbmnoticias.com\/labravaradiofm\/wp-json\/wp\/v2\/tags?post=6059"}],"curies":[{"name":"wp","href":"https:\/\/api.w.org\/{rel}","templated":true}]}}