{"id":6041,"date":"2021-11-24T08:20:52","date_gmt":"2021-11-24T14:20:52","guid":{"rendered":"https:\/\/www.bbmnoticias.com\/labravaradiofm\/?p=6041"},"modified":"2021-11-24T08:56:58","modified_gmt":"2021-11-24T14:56:58","slug":"amlo-propone-a-victoria-rodriguez-ceja-como-gobernadora-del-banco-de-mexico","status":"publish","type":"post","link":"https:\/\/www.bbmnoticias.com\/labravaradiofm\/2021\/11\/24\/amlo-propone-a-victoria-rodriguez-ceja-como-gobernadora-del-banco-de-mexico\/","title":{"rendered":"AMLO propone a Victoria Rodr\u00edguez Ceja como gobernadora del Banco de M\u00e9xico"},"content":{"rendered":"<div style=\"margin-top: 0px; margin-bottom: 0px;\" class=\"sharethis-inline-share-buttons\" ><\/div>\n<p><strong>AMLO <\/strong>propondr\u00e1 a <strong>Victoria Rodr\u00edguez Ceja <\/strong>como <strong>gobernadora del Banco de M\u00e9xico (Banxico).<\/strong><\/p>\n\n\n\n<p>Durante la conferencia ma\u00f1anera del 24 de noviembre, AMLO inform\u00f3 dicha propuesta luego de que la candidatura de Arturo Herrera, exsecretario de Hacienda, fuera descartada.<\/p>\n\n\n\n<p><strong>Victoria Rodr\u00edguez Ceja<\/strong> actualmente es subsecretar\u00eda de Egresos de la Secretar\u00eda de Hacienda y Cr\u00e9dito P\u00fablico (SHCP).<\/p>\n\n\n\n<p><\/p>\n\n\n\n<figure class=\"wp-block-image size-large\"><img loading=\"lazy\" decoding=\"async\" width=\"1200\" height=\"797\" src=\"https:\/\/www.bbmnoticias.com\/labravaradiofm\/wp-content\/uploads\/sites\/5\/2021\/11\/victoriaceja2411.jpeg\" alt=\"\" class=\"wp-image-6042\" srcset=\"https:\/\/www.bbmnoticias.com\/labravaradiofm\/wp-content\/uploads\/sites\/5\/2021\/11\/victoriaceja2411.jpeg 1200w, https:\/\/www.bbmnoticias.com\/labravaradiofm\/wp-content\/uploads\/sites\/5\/2021\/11\/victoriaceja2411-300x199.jpeg 300w, https:\/\/www.bbmnoticias.com\/labravaradiofm\/wp-content\/uploads\/sites\/5\/2021\/11\/victoriaceja2411-1024x680.jpeg 1024w, https:\/\/www.bbmnoticias.com\/labravaradiofm\/wp-content\/uploads\/sites\/5\/2021\/11\/victoriaceja2411-768x510.jpeg 768w, https:\/\/www.bbmnoticias.com\/labravaradiofm\/wp-content\/uploads\/sites\/5\/2021\/11\/victoriaceja2411-632x420.jpeg 632w, https:\/\/www.bbmnoticias.com\/labravaradiofm\/wp-content\/uploads\/sites\/5\/2021\/11\/victoriaceja2411-640x425.jpeg 640w, https:\/\/www.bbmnoticias.com\/labravaradiofm\/wp-content\/uploads\/sites\/5\/2021\/11\/victoriaceja2411-681x452.jpeg 681w\" sizes=\"auto, (max-width: 1200px) 100vw, 1200px\" \/><\/figure>\n\n\n\n<h2 class=\"wp-block-heading\"><strong>AMLO rechaza problemas con Arturo Herrera<\/strong><\/h2>\n\n\n\n<p>La decisi\u00f3n de AMLO de sacar a Arturo Herrera -quien renunci\u00f3 a la SHCP para ir por la gubernatura de Banxico- y poner en su lugar a Victoria Rodr\u00edguez Ceja es para darle m\u00e1s participaci\u00f3n a las mujeres.<\/p>\n\n\n\n<p>\u201cQueremos que participen m\u00e1s mujeres, que se lleve a cabo este cambio, reconociendo el trabajo que ha hecho la subsecretar\u00eda de Egresos\u201d, dijo AMLO.<\/p>\n\n\n\n<p>El presidente rechaz\u00f3 que se haya encontrado alguna<strong> irregularidad para descartar a Arturo Herrera <\/strong>al frente de Banxico, aunque no ahond\u00f3 m\u00e1s al respecto.<\/p>\n\n\n\n<p>\u201cTenemos que considerar lo mejor y dadas las circunstancias es muy importante que sea Victoria Rodr\u00edguez (la gobernadora de Banxico)\u201d, dijo AMLO.<\/p>\n\n\n\n<h2 class=\"wp-block-heading\"><strong>AMLO rechaza que propuesta afecte autonom\u00eda de Banxico<\/strong><\/h2>\n\n\n\n<p>AMLO rechaz\u00f3 que la propuesta de Victoria Rodr\u00edguez Ceja para dirigir Banxico afecte su autonom\u00eda.<\/p>\n\n\n\n<p>\u201c(Victoria Rodr\u00edguez Ceja) no es una tecn\u00f3crata que reciba instrucciones del secretario de Hacienda o del presidente\u201d, dijo AMLO.<\/p>\n\n\n\n<p>El presidente asegur\u00f3 que su gobierno ha demostrado con hechos que respeta la autonom\u00eda de Banxico.<\/p>\n\n\n\n<p>\u201cNosotros hemos demostrado, con hechos, ser respetuosos de la autonom\u00eda del Banco de M\u00e9xico, no hay ni una sola intromisi\u00f3n del gobierno, ni de la Secretar\u00eda de Hacienda, en las decisiones de Banxico y no lo haremos\u201d, asegur\u00f3 AMLO.<\/p>\n\n\n\n<h2 class=\"wp-block-heading\"><strong>Victoria Rodr\u00edguez Ceja, primera gobernadora de Banxico<\/strong><\/h2>\n\n\n\n<p>AMLO presumi\u00f3 que Victoria Rodr\u00edguez Ceja ser\u00e1 la primera gobernadora del Banco de M\u00e9xico.<\/p>\n\n\n\n<p>\u201c(Con la propuesta de Victoria Rodr\u00edguez Ceja,) Por primera vez una mujer encabezar\u00e1 el Banco de M\u00e9xico\u201d, dijo AMLO.<\/p>\n\n\n\n<p>AMLO destac\u00f3 el desempe\u00f1o de Victoria Rodr\u00edguez Ceja en la SCHP, a quien responsabiliz\u00f3 de la estabilidad financiera en el pa\u00eds.<\/p>\n\n\n\n<p>\u201c(Victoria Rodr\u00edguez Ceja) ha estado actuando muy bien, con un desempe\u00f1o ejemplar, es la encargada de el manejo de las inversiones p\u00fablicas y ha actuado con mucha responsabilidad, para no gastar por gastar\u201d, dijo AMLO.<\/p>\n\n\n\n<p>Y agreg\u00f3: \u201cA ella se debe el que tengamos estabilidad financiera, el que no se haya recurrido a deuda adicional, es una muy buena servidora p\u00fablica\u201d.<\/p>\n\n\n\n<p>Victoria Rodr\u00edguez Ceja sustituir\u00e1 a Alejandro D\u00edaz de Le\u00f3n Carrillo, quien fue nombrado gobernador del Banxico el 1 de diciembre de 2017 y concluir\u00e1 sus labores el pr\u00f3ximo 31 de diciembre de 2021.<\/p>\n","protected":false},"excerpt":{"rendered":"<p>AMLO propondr\u00e1 a Victoria Rodr\u00edguez Ceja como gobernadora del Banco de M\u00e9xico (Banxico). Durante la conferencia ma\u00f1anera del 24 de noviembre, AMLO inform\u00f3 dicha propuesta luego de que la candidatura de Arturo Herrera, exsecretario de Hacienda, fuera descartada. Victoria Rodr\u00edguez Ceja actualmente es subsecretar\u00eda de Egresos de la Secretar\u00eda de Hacienda y Cr\u00e9dito P\u00fablico (SHCP). [&hellip;]<\/p>\n","protected":false},"author":2,"featured_media":6043,"comment_status":"closed","ping_status":"closed","sticky":false,"template":"","format":"standard","meta":{"footnotes":""},"categories":[19],"tags":[],"class_list":{"0":"post-6041","1":"post","2":"type-post","3":"status-publish","4":"format-standard","5":"has-post-thumbnail","7":"category-nacional"},"yoast_head":"<!-- This site is optimized with the Yoast SEO plugin v27.4 - https:\/\/yoast.com\/product\/yoast-seo-wordpress\/ -->\n<title>AMLO propone a Victoria Rodr\u00edguez Ceja como gobernadora del Banco de M\u00e9xico - LA BRAVA RADIO<\/title>\n<meta name=\"robots\" content=\"index, follow, max-snippet:-1, max-image-preview:large, max-video-preview:-1\" \/>\n<link rel=\"canonical\" href=\"https:\/\/www.bbmnoticias.com\/labravaradiofm\/2021\/11\/24\/amlo-propone-a-victoria-rodriguez-ceja-como-gobernadora-del-banco-de-mexico\/\" \/>\n<meta property=\"og:locale\" content=\"es_MX\" \/>\n<meta property=\"og:type\" content=\"article\" \/>\n<meta property=\"og:title\" content=\"AMLO propone a Victoria Rodr\u00edguez Ceja como gobernadora del Banco de M\u00e9xico - LA BRAVA RADIO\" \/>\n<meta property=\"og:description\" content=\"AMLO propondr\u00e1 a Victoria Rodr\u00edguez Ceja como gobernadora del Banco de M\u00e9xico (Banxico). Durante la conferencia ma\u00f1anera del 24 de noviembre, AMLO inform\u00f3 dicha propuesta luego de que la candidatura de Arturo Herrera, exsecretario de Hacienda, fuera descartada. Victoria Rodr\u00edguez Ceja actualmente es subsecretar\u00eda de Egresos de la Secretar\u00eda de Hacienda y Cr\u00e9dito P\u00fablico (SHCP). [&hellip;]\" \/>\n<meta property=\"og:url\" content=\"https:\/\/www.bbmnoticias.com\/labravaradiofm\/2021\/11\/24\/amlo-propone-a-victoria-rodriguez-ceja-como-gobernadora-del-banco-de-mexico\/\" \/>\n<meta property=\"og:site_name\" content=\"LA BRAVA RADIO\" \/>\n<meta property=\"article:published_time\" content=\"2021-11-24T14:20:52+00:00\" \/>\n<meta property=\"article:modified_time\" content=\"2021-11-24T14:56:58+00:00\" \/>\n<meta property=\"og:image\" content=\"https:\/\/www.bbmnoticias.com\/labravaradiofm\/wp-content\/uploads\/sites\/5\/2021\/11\/amlo24112021.jpeg\" \/>\n\t<meta property=\"og:image:width\" content=\"640\" \/>\n\t<meta property=\"og:image:height\" content=\"360\" \/>\n\t<meta property=\"og:image:type\" content=\"image\/jpeg\" \/>\n<meta name=\"author\" content=\"Staff\" \/>\n<meta name=\"twitter:card\" content=\"summary_large_image\" \/>\n<meta name=\"twitter:label1\" content=\"Escrito por\" \/>\n\t<meta name=\"twitter:data1\" content=\"Staff\" \/>\n\t<meta name=\"twitter:label2\" content=\"Tiempo de lectura\" \/>\n\t<meta name=\"twitter:data2\" content=\"3 minutos\" \/>\n<script type=\"application\/ld+json\" class=\"yoast-schema-graph\">{\"@context\":\"https:\\\/\\\/schema.org\",\"@graph\":[{\"@type\":\"Article\",\"@id\":\"https:\\\/\\\/www.bbmnoticias.com\\\/labravaradiofm\\\/2021\\\/11\\\/24\\\/amlo-propone-a-victoria-rodriguez-ceja-como-gobernadora-del-banco-de-mexico\\\/#article\",\"isPartOf\":{\"@id\":\"https:\\\/\\\/www.bbmnoticias.com\\\/labravaradiofm\\\/2021\\\/11\\\/24\\\/amlo-propone-a-victoria-rodriguez-ceja-como-gobernadora-del-banco-de-mexico\\\/\"},\"author\":{\"name\":\"Staff\",\"@id\":\"https:\\\/\\\/www.bbmnoticias.com\\\/labravaradiofm\\\/#\\\/schema\\\/person\\\/68a9e9036ef3c5b55aeb2b71dc8bab45\"},\"headline\":\"AMLO propone a Victoria Rodr\u00edguez Ceja como gobernadora del Banco de M\u00e9xico\",\"datePublished\":\"2021-11-24T14:20:52+00:00\",\"dateModified\":\"2021-11-24T14:56:58+00:00\",\"mainEntityOfPage\":{\"@id\":\"https:\\\/\\\/www.bbmnoticias.com\\\/labravaradiofm\\\/2021\\\/11\\\/24\\\/amlo-propone-a-victoria-rodriguez-ceja-como-gobernadora-del-banco-de-mexico\\\/\"},\"wordCount\":472,\"image\":{\"@id\":\"https:\\\/\\\/www.bbmnoticias.com\\\/labravaradiofm\\\/2021\\\/11\\\/24\\\/amlo-propone-a-victoria-rodriguez-ceja-como-gobernadora-del-banco-de-mexico\\\/#primaryimage\"},\"thumbnailUrl\":\"https:\\\/\\\/www.bbmnoticias.com\\\/labravaradiofm\\\/wp-content\\\/uploads\\\/sites\\\/5\\\/2021\\\/11\\\/amlo24112021.jpeg\",\"articleSection\":[\"NACIONAL\"],\"inLanguage\":\"es\"},{\"@type\":\"WebPage\",\"@id\":\"https:\\\/\\\/www.bbmnoticias.com\\\/labravaradiofm\\\/2021\\\/11\\\/24\\\/amlo-propone-a-victoria-rodriguez-ceja-como-gobernadora-del-banco-de-mexico\\\/\",\"url\":\"https:\\\/\\\/www.bbmnoticias.com\\\/labravaradiofm\\\/2021\\\/11\\\/24\\\/amlo-propone-a-victoria-rodriguez-ceja-como-gobernadora-del-banco-de-mexico\\\/\",\"name\":\"AMLO propone a Victoria Rodr\u00edguez Ceja como gobernadora del Banco de M\u00e9xico - LA BRAVA RADIO\",\"isPartOf\":{\"@id\":\"https:\\\/\\\/www.bbmnoticias.com\\\/labravaradiofm\\\/#website\"},\"primaryImageOfPage\":{\"@id\":\"https:\\\/\\\/www.bbmnoticias.com\\\/labravaradiofm\\\/2021\\\/11\\\/24\\\/amlo-propone-a-victoria-rodriguez-ceja-como-gobernadora-del-banco-de-mexico\\\/#primaryimage\"},\"image\":{\"@id\":\"https:\\\/\\\/www.bbmnoticias.com\\\/labravaradiofm\\\/2021\\\/11\\\/24\\\/amlo-propone-a-victoria-rodriguez-ceja-como-gobernadora-del-banco-de-mexico\\\/#primaryimage\"},\"thumbnailUrl\":\"https:\\\/\\\/www.bbmnoticias.com\\\/labravaradiofm\\\/wp-content\\\/uploads\\\/sites\\\/5\\\/2021\\\/11\\\/amlo24112021.jpeg\",\"datePublished\":\"2021-11-24T14:20:52+00:00\",\"dateModified\":\"2021-11-24T14:56:58+00:00\",\"author\":{\"@id\":\"https:\\\/\\\/www.bbmnoticias.com\\\/labravaradiofm\\\/#\\\/schema\\\/person\\\/68a9e9036ef3c5b55aeb2b71dc8bab45\"},\"breadcrumb\":{\"@id\":\"https:\\\/\\\/www.bbmnoticias.com\\\/labravaradiofm\\\/2021\\\/11\\\/24\\\/amlo-propone-a-victoria-rodriguez-ceja-como-gobernadora-del-banco-de-mexico\\\/#breadcrumb\"},\"inLanguage\":\"es\",\"potentialAction\":[{\"@type\":\"ReadAction\",\"target\":[\"https:\\\/\\\/www.bbmnoticias.com\\\/labravaradiofm\\\/2021\\\/11\\\/24\\\/amlo-propone-a-victoria-rodriguez-ceja-como-gobernadora-del-banco-de-mexico\\\/\"]}]},{\"@type\":\"ImageObject\",\"inLanguage\":\"es\",\"@id\":\"https:\\\/\\\/www.bbmnoticias.com\\\/labravaradiofm\\\/2021\\\/11\\\/24\\\/amlo-propone-a-victoria-rodriguez-ceja-como-gobernadora-del-banco-de-mexico\\\/#primaryimage\",\"url\":\"https:\\\/\\\/www.bbmnoticias.com\\\/labravaradiofm\\\/wp-content\\\/uploads\\\/sites\\\/5\\\/2021\\\/11\\\/amlo24112021.jpeg\",\"contentUrl\":\"https:\\\/\\\/www.bbmnoticias.com\\\/labravaradiofm\\\/wp-content\\\/uploads\\\/sites\\\/5\\\/2021\\\/11\\\/amlo24112021.jpeg\",\"width\":640,\"height\":360},{\"@type\":\"BreadcrumbList\",\"@id\":\"https:\\\/\\\/www.bbmnoticias.com\\\/labravaradiofm\\\/2021\\\/11\\\/24\\\/amlo-propone-a-victoria-rodriguez-ceja-como-gobernadora-del-banco-de-mexico\\\/#breadcrumb\",\"itemListElement\":[{\"@type\":\"ListItem\",\"position\":1,\"name\":\"Inicio\",\"item\":\"https:\\\/\\\/www.bbmnoticias.com\\\/labravaradiofm\\\/\"},{\"@type\":\"ListItem\",\"position\":2,\"name\":\"AMLO propone a Victoria Rodr\u00edguez Ceja como gobernadora del Banco de M\u00e9xico\"}]},{\"@type\":\"WebSite\",\"@id\":\"https:\\\/\\\/www.bbmnoticias.com\\\/labravaradiofm\\\/#website\",\"url\":\"https:\\\/\\\/www.bbmnoticias.com\\\/labravaradiofm\\\/\",\"name\":\"LA BRAVA RADIO\",\"description\":\"Empresa productora de medios, Radiodifusi\u00f3n, Noticias, tendencias y todo lo que necesitas saber de la pol\u00edtica mexicana e internacional; entretenimiento, espect\u00e1culos, salud y mucho m\u00e1s.\",\"potentialAction\":[{\"@type\":\"SearchAction\",\"target\":{\"@type\":\"EntryPoint\",\"urlTemplate\":\"https:\\\/\\\/www.bbmnoticias.com\\\/labravaradiofm\\\/?s={search_term_string}\"},\"query-input\":{\"@type\":\"PropertyValueSpecification\",\"valueRequired\":true,\"valueName\":\"search_term_string\"}}],\"inLanguage\":\"es\"},{\"@type\":\"Person\",\"@id\":\"https:\\\/\\\/www.bbmnoticias.com\\\/labravaradiofm\\\/#\\\/schema\\\/person\\\/68a9e9036ef3c5b55aeb2b71dc8bab45\",\"name\":\"Staff\",\"image\":{\"@type\":\"ImageObject\",\"inLanguage\":\"es\",\"@id\":\"https:\\\/\\\/secure.gravatar.com\\\/avatar\\\/fdd21ad66fd8b98c407f9dee5b5e588cfe7f0d8579ec20fa6527cd59bab7f0f0?s=96&d=mm&r=g\",\"url\":\"https:\\\/\\\/secure.gravatar.com\\\/avatar\\\/fdd21ad66fd8b98c407f9dee5b5e588cfe7f0d8579ec20fa6527cd59bab7f0f0?s=96&d=mm&r=g\",\"contentUrl\":\"https:\\\/\\\/secure.gravatar.com\\\/avatar\\\/fdd21ad66fd8b98c407f9dee5b5e588cfe7f0d8579ec20fa6527cd59bab7f0f0?s=96&d=mm&r=g\",\"caption\":\"Staff\"},\"url\":\"https:\\\/\\\/www.bbmnoticias.com\\\/labravaradiofm\\\/author\\\/redaccion\\\/\"}]}<\/script>\n<!-- \/ Yoast SEO plugin. -->","yoast_head_json":{"title":"AMLO propone a Victoria Rodr\u00edguez Ceja como gobernadora del Banco de M\u00e9xico - LA BRAVA RADIO","robots":{"index":"index","follow":"follow","max-snippet":"max-snippet:-1","max-image-preview":"max-image-preview:large","max-video-preview":"max-video-preview:-1"},"canonical":"https:\/\/www.bbmnoticias.com\/labravaradiofm\/2021\/11\/24\/amlo-propone-a-victoria-rodriguez-ceja-como-gobernadora-del-banco-de-mexico\/","og_locale":"es_MX","og_type":"article","og_title":"AMLO propone a Victoria Rodr\u00edguez Ceja como gobernadora del Banco de M\u00e9xico - LA BRAVA RADIO","og_description":"AMLO propondr\u00e1 a Victoria Rodr\u00edguez Ceja como gobernadora del Banco de M\u00e9xico (Banxico). Durante la conferencia ma\u00f1anera del 24 de noviembre, AMLO inform\u00f3 dicha propuesta luego de que la candidatura de Arturo Herrera, exsecretario de Hacienda, fuera descartada. Victoria Rodr\u00edguez Ceja actualmente es subsecretar\u00eda de Egresos de la Secretar\u00eda de Hacienda y Cr\u00e9dito P\u00fablico (SHCP). [&hellip;]","og_url":"https:\/\/www.bbmnoticias.com\/labravaradiofm\/2021\/11\/24\/amlo-propone-a-victoria-rodriguez-ceja-como-gobernadora-del-banco-de-mexico\/","og_site_name":"LA BRAVA RADIO","article_published_time":"2021-11-24T14:20:52+00:00","article_modified_time":"2021-11-24T14:56:58+00:00","og_image":[{"width":640,"height":360,"url":"https:\/\/www.bbmnoticias.com\/labravaradiofm\/wp-content\/uploads\/sites\/5\/2021\/11\/amlo24112021.jpeg","type":"image\/jpeg"}],"author":"Staff","twitter_card":"summary_large_image","twitter_misc":{"Escrito por":"Staff","Tiempo de lectura":"3 minutos"},"schema":{"@context":"https:\/\/schema.org","@graph":[{"@type":"Article","@id":"https:\/\/www.bbmnoticias.com\/labravaradiofm\/2021\/11\/24\/amlo-propone-a-victoria-rodriguez-ceja-como-gobernadora-del-banco-de-mexico\/#article","isPartOf":{"@id":"https:\/\/www.bbmnoticias.com\/labravaradiofm\/2021\/11\/24\/amlo-propone-a-victoria-rodriguez-ceja-como-gobernadora-del-banco-de-mexico\/"},"author":{"name":"Staff","@id":"https:\/\/www.bbmnoticias.com\/labravaradiofm\/#\/schema\/person\/68a9e9036ef3c5b55aeb2b71dc8bab45"},"headline":"AMLO propone a Victoria Rodr\u00edguez Ceja como gobernadora del Banco de M\u00e9xico","datePublished":"2021-11-24T14:20:52+00:00","dateModified":"2021-11-24T14:56:58+00:00","mainEntityOfPage":{"@id":"https:\/\/www.bbmnoticias.com\/labravaradiofm\/2021\/11\/24\/amlo-propone-a-victoria-rodriguez-ceja-como-gobernadora-del-banco-de-mexico\/"},"wordCount":472,"image":{"@id":"https:\/\/www.bbmnoticias.com\/labravaradiofm\/2021\/11\/24\/amlo-propone-a-victoria-rodriguez-ceja-como-gobernadora-del-banco-de-mexico\/#primaryimage"},"thumbnailUrl":"https:\/\/www.bbmnoticias.com\/labravaradiofm\/wp-content\/uploads\/sites\/5\/2021\/11\/amlo24112021.jpeg","articleSection":["NACIONAL"],"inLanguage":"es"},{"@type":"WebPage","@id":"https:\/\/www.bbmnoticias.com\/labravaradiofm\/2021\/11\/24\/amlo-propone-a-victoria-rodriguez-ceja-como-gobernadora-del-banco-de-mexico\/","url":"https:\/\/www.bbmnoticias.com\/labravaradiofm\/2021\/11\/24\/amlo-propone-a-victoria-rodriguez-ceja-como-gobernadora-del-banco-de-mexico\/","name":"AMLO propone a Victoria Rodr\u00edguez Ceja como gobernadora del Banco de M\u00e9xico - LA BRAVA RADIO","isPartOf":{"@id":"https:\/\/www.bbmnoticias.com\/labravaradiofm\/#website"},"primaryImageOfPage":{"@id":"https:\/\/www.bbmnoticias.com\/labravaradiofm\/2021\/11\/24\/amlo-propone-a-victoria-rodriguez-ceja-como-gobernadora-del-banco-de-mexico\/#primaryimage"},"image":{"@id":"https:\/\/www.bbmnoticias.com\/labravaradiofm\/2021\/11\/24\/amlo-propone-a-victoria-rodriguez-ceja-como-gobernadora-del-banco-de-mexico\/#primaryimage"},"thumbnailUrl":"https:\/\/www.bbmnoticias.com\/labravaradiofm\/wp-content\/uploads\/sites\/5\/2021\/11\/amlo24112021.jpeg","datePublished":"2021-11-24T14:20:52+00:00","dateModified":"2021-11-24T14:56:58+00:00","author":{"@id":"https:\/\/www.bbmnoticias.com\/labravaradiofm\/#\/schema\/person\/68a9e9036ef3c5b55aeb2b71dc8bab45"},"breadcrumb":{"@id":"https:\/\/www.bbmnoticias.com\/labravaradiofm\/2021\/11\/24\/amlo-propone-a-victoria-rodriguez-ceja-como-gobernadora-del-banco-de-mexico\/#breadcrumb"},"inLanguage":"es","potentialAction":[{"@type":"ReadAction","target":["https:\/\/www.bbmnoticias.com\/labravaradiofm\/2021\/11\/24\/amlo-propone-a-victoria-rodriguez-ceja-como-gobernadora-del-banco-de-mexico\/"]}]},{"@type":"ImageObject","inLanguage":"es","@id":"https:\/\/www.bbmnoticias.com\/labravaradiofm\/2021\/11\/24\/amlo-propone-a-victoria-rodriguez-ceja-como-gobernadora-del-banco-de-mexico\/#primaryimage","url":"https:\/\/www.bbmnoticias.com\/labravaradiofm\/wp-content\/uploads\/sites\/5\/2021\/11\/amlo24112021.jpeg","contentUrl":"https:\/\/www.bbmnoticias.com\/labravaradiofm\/wp-content\/uploads\/sites\/5\/2021\/11\/amlo24112021.jpeg","width":640,"height":360},{"@type":"BreadcrumbList","@id":"https:\/\/www.bbmnoticias.com\/labravaradiofm\/2021\/11\/24\/amlo-propone-a-victoria-rodriguez-ceja-como-gobernadora-del-banco-de-mexico\/#breadcrumb","itemListElement":[{"@type":"ListItem","position":1,"name":"Inicio","item":"https:\/\/www.bbmnoticias.com\/labravaradiofm\/"},{"@type":"ListItem","position":2,"name":"AMLO propone a Victoria Rodr\u00edguez Ceja como gobernadora del Banco de M\u00e9xico"}]},{"@type":"WebSite","@id":"https:\/\/www.bbmnoticias.com\/labravaradiofm\/#website","url":"https:\/\/www.bbmnoticias.com\/labravaradiofm\/","name":"LA BRAVA RADIO","description":"Empresa productora de medios, Radiodifusi\u00f3n, Noticias, tendencias y todo lo que necesitas saber de la pol\u00edtica mexicana e internacional; entretenimiento, espect\u00e1culos, salud y mucho m\u00e1s.","potentialAction":[{"@type":"SearchAction","target":{"@type":"EntryPoint","urlTemplate":"https:\/\/www.bbmnoticias.com\/labravaradiofm\/?s={search_term_string}"},"query-input":{"@type":"PropertyValueSpecification","valueRequired":true,"valueName":"search_term_string"}}],"inLanguage":"es"},{"@type":"Person","@id":"https:\/\/www.bbmnoticias.com\/labravaradiofm\/#\/schema\/person\/68a9e9036ef3c5b55aeb2b71dc8bab45","name":"Staff","image":{"@type":"ImageObject","inLanguage":"es","@id":"https:\/\/secure.gravatar.com\/avatar\/fdd21ad66fd8b98c407f9dee5b5e588cfe7f0d8579ec20fa6527cd59bab7f0f0?s=96&d=mm&r=g","url":"https:\/\/secure.gravatar.com\/avatar\/fdd21ad66fd8b98c407f9dee5b5e588cfe7f0d8579ec20fa6527cd59bab7f0f0?s=96&d=mm&r=g","contentUrl":"https:\/\/secure.gravatar.com\/avatar\/fdd21ad66fd8b98c407f9dee5b5e588cfe7f0d8579ec20fa6527cd59bab7f0f0?s=96&d=mm&r=g","caption":"Staff"},"url":"https:\/\/www.bbmnoticias.com\/labravaradiofm\/author\/redaccion\/"}]}},"_links":{"self":[{"href":"https:\/\/www.bbmnoticias.com\/labravaradiofm\/wp-json\/wp\/v2\/posts\/6041","targetHints":{"allow":["GET"]}}],"collection":[{"href":"https:\/\/www.bbmnoticias.com\/labravaradiofm\/wp-json\/wp\/v2\/posts"}],"about":[{"href":"https:\/\/www.bbmnoticias.com\/labravaradiofm\/wp-json\/wp\/v2\/types\/post"}],"author":[{"embeddable":true,"href":"https:\/\/www.bbmnoticias.com\/labravaradiofm\/wp-json\/wp\/v2\/users\/2"}],"replies":[{"embeddable":true,"href":"https:\/\/www.bbmnoticias.com\/labravaradiofm\/wp-json\/wp\/v2\/comments?post=6041"}],"version-history":[{"count":0,"href":"https:\/\/www.bbmnoticias.com\/labravaradiofm\/wp-json\/wp\/v2\/posts\/6041\/revisions"}],"wp:featuredmedia":[{"embeddable":true,"href":"https:\/\/www.bbmnoticias.com\/labravaradiofm\/wp-json\/wp\/v2\/media\/6043"}],"wp:attachment":[{"href":"https:\/\/www.bbmnoticias.com\/labravaradiofm\/wp-json\/wp\/v2\/media?parent=6041"}],"wp:term":[{"taxonomy":"category","embeddable":true,"href":"https:\/\/www.bbmnoticias.com\/labravaradiofm\/wp-json\/wp\/v2\/categories?post=6041"},{"taxonomy":"post_tag","embeddable":true,"href":"https:\/\/www.bbmnoticias.com\/labravaradiofm\/wp-json\/wp\/v2\/tags?post=6041"}],"curies":[{"name":"wp","href":"https:\/\/api.w.org\/{rel}","templated":true}]}}