{"id":60391,"date":"2025-05-20T19:02:31","date_gmt":"2025-05-21T01:02:31","guid":{"rendered":"https:\/\/www.bbmnoticias.com\/labravaradiofm\/2025\/05\/20\/claudia-sheinbaum-y-cnte-se-reuniran-el-viernes-del-23-de-mayo\/"},"modified":"2025-05-20T19:02:38","modified_gmt":"2025-05-21T01:02:38","slug":"claudia-sheinbaum-y-cnte-se-reuniran-el-viernes-del-23-de-mayo","status":"publish","type":"post","link":"https:\/\/www.bbmnoticias.com\/labravaradiofm\/2025\/05\/20\/claudia-sheinbaum-y-cnte-se-reuniran-el-viernes-del-23-de-mayo\/","title":{"rendered":"Claudia Sheinbaum y CNTE se reunir\u00e1n el viernes del 23 de mayo"},"content":{"rendered":"<div style=\"margin-top: 0px; margin-bottom: 0px;\" class=\"sharethis-inline-share-buttons\" ><\/div>\n<p>La presidenta <strong>Claudia Sheinbaum<\/strong> y los integrantes de la mesa de negociaci\u00f3n de la coordinadora nacional de trabajadores de la educaci\u00f3n se reunir\u00e1n el pr\u00f3ximo viernes 23 de mayo en <strong>Palacio Nacional.<\/strong><\/p>\n\n\n\n<p>Este martes, la secretaria de <strong>Gobernaci\u00f3n, Rosa Icela Rodr\u00edguez<\/strong>, y el secretario de <strong>Educaci\u00f3n P\u00fablica<\/strong>, <strong>Mario Delgado<\/strong> sostuvieron una reuni\u00f3n con integrantes de la coordinadora en el Palacio de Cobi\u00e1n en la Ciudad de M\u00e9xico.<\/p>\n\n\n\n<p>En la reuni\u00f3n de trabajo, a petici\u00f3n de las y los maestros, se acord\u00f3 llevar a cabo una nueva mesa de trabajo con la presidenta <strong>Claudia Sheinbaum<\/strong>, el pr\u00f3ximo viernes 23, a las 12:00 horas.<\/p>\n\n\n\n<p><strong>Rosa Icela Rodr\u00edguez <\/strong>afirm\u00f3 que existe la disposici\u00f3n del <strong>gobierno de M\u00e9xico<\/strong> de mantener un di\u00e1logo permanente para buscar acuerdos que beneficien al magisterio del pa\u00eds.<\/p>\n\n\n\n<p>En el encuentro se reiter\u00f3 la propuesta a de <strong>Pensiones<\/strong>, el <strong>D\u00e9cimo Transitorio<\/strong>, a 58 a\u00f1os para hombres, 56 para mujeres.<br>Se le propuso a las y los docentes establecer una mesa de trabajo para definir la ruta de una consulta, escuela por escuela, con el fin de definir las nuevas reglas con los maestros para sustituir a la <strong>Unidad del Sistema para la Carrera de las Maestras y Maestros<\/strong> <strong>(USICAMM).<\/strong><\/p>\n\n\n\n<p>Y se inform\u00f3 del aumento salarial del 9% para educaci\u00f3n b\u00e1sica, a partir de enero, y del 1%, a partir de septiembre.<\/p>\n","protected":false},"excerpt":{"rendered":"<p>La presidenta Claudia Sheinbaum y los integrantes de la mesa de negociaci\u00f3n de la coordinadora nacional de trabajadores de la educaci\u00f3n se reunir\u00e1n el pr\u00f3ximo viernes 23 de mayo en Palacio Nacional. Este martes, la secretaria de Gobernaci\u00f3n, Rosa Icela Rodr\u00edguez, y el secretario de Educaci\u00f3n P\u00fablica, Mario Delgado sostuvieron una reuni\u00f3n con integrantes de [&hellip;]<\/p>\n","protected":false},"author":15,"featured_media":60393,"comment_status":"closed","ping_status":"","sticky":false,"template":"","format":"standard","meta":{"footnotes":""},"categories":[2,19],"tags":[],"class_list":{"0":"post-60391","1":"post","2":"type-post","3":"status-publish","4":"format-standard","5":"has-post-thumbnail","7":"category-oaxaca","8":"category-nacional"},"yoast_head":"<!-- This site is optimized with the Yoast SEO plugin v27.4 - https:\/\/yoast.com\/product\/yoast-seo-wordpress\/ -->\n<title>Claudia Sheinbaum y CNTE se reunir\u00e1n el viernes del 23 de mayo - LA BRAVA RADIO<\/title>\n<meta name=\"robots\" content=\"index, follow, max-snippet:-1, max-image-preview:large, max-video-preview:-1\" \/>\n<link rel=\"canonical\" href=\"https:\/\/www.bbmnoticias.com\/blog\/2025\/05\/20\/claudia-sheinbaum-y-cnte-se-reuniran-el-viernes-del-23-de-mayo\/\" \/>\n<meta property=\"og:locale\" content=\"es_MX\" \/>\n<meta property=\"og:type\" content=\"article\" \/>\n<meta property=\"og:title\" content=\"Claudia Sheinbaum y CNTE se reunir\u00e1n el viernes del 23 de mayo - LA BRAVA RADIO\" \/>\n<meta property=\"og:description\" content=\"La presidenta Claudia Sheinbaum y los integrantes de la mesa de negociaci\u00f3n de la coordinadora nacional de trabajadores de la educaci\u00f3n se reunir\u00e1n el pr\u00f3ximo viernes 23 de mayo en Palacio Nacional. Este martes, la secretaria de Gobernaci\u00f3n, Rosa Icela Rodr\u00edguez, y el secretario de Educaci\u00f3n P\u00fablica, Mario Delgado sostuvieron una reuni\u00f3n con integrantes de [&hellip;]\" \/>\n<meta property=\"og:url\" content=\"https:\/\/www.bbmnoticias.com\/blog\/2025\/05\/20\/claudia-sheinbaum-y-cnte-se-reuniran-el-viernes-del-23-de-mayo\/\" \/>\n<meta property=\"og:site_name\" content=\"LA BRAVA RADIO\" \/>\n<meta property=\"article:published_time\" content=\"2025-05-21T01:02:31+00:00\" \/>\n<meta property=\"article:modified_time\" content=\"2025-05-21T01:02:38+00:00\" \/>\n<meta property=\"og:image\" content=\"https:\/\/www.bbmnoticias.com\/labravaradiofm\/wp-content\/uploads\/sites\/5\/2025\/05\/f848x477-1129653_1187456_4821.jpg\" \/>\n\t<meta property=\"og:image:width\" content=\"848\" \/>\n\t<meta property=\"og:image:height\" content=\"477\" \/>\n\t<meta property=\"og:image:type\" content=\"image\/jpeg\" \/>\n<meta name=\"author\" content=\"El Heraldo\" \/>\n<meta name=\"twitter:card\" content=\"summary_large_image\" \/>\n<meta name=\"twitter:label1\" content=\"Escrito por\" \/>\n\t<meta name=\"twitter:data1\" content=\"El Heraldo\" \/>\n\t<meta name=\"twitter:label2\" content=\"Tiempo de lectura\" \/>\n\t<meta name=\"twitter:data2\" content=\"1 minuto\" \/>\n<script type=\"application\/ld+json\" class=\"yoast-schema-graph\">{\"@context\":\"https:\\\/\\\/schema.org\",\"@graph\":[{\"@type\":\"Article\",\"@id\":\"https:\\\/\\\/www.bbmnoticias.com\\\/blog\\\/2025\\\/05\\\/20\\\/claudia-sheinbaum-y-cnte-se-reuniran-el-viernes-del-23-de-mayo\\\/#article\",\"isPartOf\":{\"@id\":\"https:\\\/\\\/www.bbmnoticias.com\\\/labravaradiofm\\\/2025\\\/05\\\/20\\\/claudia-sheinbaum-y-cnte-se-reuniran-el-viernes-del-23-de-mayo\\\/\"},\"author\":{\"name\":\"El Heraldo\",\"@id\":\"https:\\\/\\\/www.bbmnoticias.com\\\/labravaradiofm\\\/#\\\/schema\\\/person\\\/78ff63fb371c799850071f4b5feb0b7a\"},\"headline\":\"Claudia Sheinbaum y CNTE se reunir\u00e1n el viernes del 23 de mayo\",\"datePublished\":\"2025-05-21T01:02:31+00:00\",\"dateModified\":\"2025-05-21T01:02:38+00:00\",\"mainEntityOfPage\":{\"@id\":\"https:\\\/\\\/www.bbmnoticias.com\\\/labravaradiofm\\\/2025\\\/05\\\/20\\\/claudia-sheinbaum-y-cnte-se-reuniran-el-viernes-del-23-de-mayo\\\/\"},\"wordCount\":249,\"image\":{\"@id\":\"https:\\\/\\\/www.bbmnoticias.com\\\/blog\\\/2025\\\/05\\\/20\\\/claudia-sheinbaum-y-cnte-se-reuniran-el-viernes-del-23-de-mayo\\\/#primaryimage\"},\"thumbnailUrl\":\"https:\\\/\\\/www.bbmnoticias.com\\\/labravaradiofm\\\/wp-content\\\/uploads\\\/sites\\\/5\\\/2025\\\/05\\\/f848x477-1129653_1187456_4821.jpg\",\"articleSection\":[\"LOCAL\",\"NACIONAL\"],\"inLanguage\":\"es\"},{\"@type\":\"WebPage\",\"@id\":\"https:\\\/\\\/www.bbmnoticias.com\\\/labravaradiofm\\\/2025\\\/05\\\/20\\\/claudia-sheinbaum-y-cnte-se-reuniran-el-viernes-del-23-de-mayo\\\/\",\"url\":\"https:\\\/\\\/www.bbmnoticias.com\\\/blog\\\/2025\\\/05\\\/20\\\/claudia-sheinbaum-y-cnte-se-reuniran-el-viernes-del-23-de-mayo\\\/\",\"name\":\"Claudia Sheinbaum y CNTE se reunir\u00e1n el viernes del 23 de mayo - LA BRAVA RADIO\",\"isPartOf\":{\"@id\":\"https:\\\/\\\/www.bbmnoticias.com\\\/labravaradiofm\\\/#website\"},\"primaryImageOfPage\":{\"@id\":\"https:\\\/\\\/www.bbmnoticias.com\\\/blog\\\/2025\\\/05\\\/20\\\/claudia-sheinbaum-y-cnte-se-reuniran-el-viernes-del-23-de-mayo\\\/#primaryimage\"},\"image\":{\"@id\":\"https:\\\/\\\/www.bbmnoticias.com\\\/blog\\\/2025\\\/05\\\/20\\\/claudia-sheinbaum-y-cnte-se-reuniran-el-viernes-del-23-de-mayo\\\/#primaryimage\"},\"thumbnailUrl\":\"https:\\\/\\\/www.bbmnoticias.com\\\/labravaradiofm\\\/wp-content\\\/uploads\\\/sites\\\/5\\\/2025\\\/05\\\/f848x477-1129653_1187456_4821.jpg\",\"datePublished\":\"2025-05-21T01:02:31+00:00\",\"dateModified\":\"2025-05-21T01:02:38+00:00\",\"author\":{\"@id\":\"https:\\\/\\\/www.bbmnoticias.com\\\/labravaradiofm\\\/#\\\/schema\\\/person\\\/78ff63fb371c799850071f4b5feb0b7a\"},\"breadcrumb\":{\"@id\":\"https:\\\/\\\/www.bbmnoticias.com\\\/blog\\\/2025\\\/05\\\/20\\\/claudia-sheinbaum-y-cnte-se-reuniran-el-viernes-del-23-de-mayo\\\/#breadcrumb\"},\"inLanguage\":\"es\",\"potentialAction\":[{\"@type\":\"ReadAction\",\"target\":[\"https:\\\/\\\/www.bbmnoticias.com\\\/blog\\\/2025\\\/05\\\/20\\\/claudia-sheinbaum-y-cnte-se-reuniran-el-viernes-del-23-de-mayo\\\/\"]}]},{\"@type\":\"ImageObject\",\"inLanguage\":\"es\",\"@id\":\"https:\\\/\\\/www.bbmnoticias.com\\\/blog\\\/2025\\\/05\\\/20\\\/claudia-sheinbaum-y-cnte-se-reuniran-el-viernes-del-23-de-mayo\\\/#primaryimage\",\"url\":\"https:\\\/\\\/www.bbmnoticias.com\\\/labravaradiofm\\\/wp-content\\\/uploads\\\/sites\\\/5\\\/2025\\\/05\\\/f848x477-1129653_1187456_4821.jpg\",\"contentUrl\":\"https:\\\/\\\/www.bbmnoticias.com\\\/labravaradiofm\\\/wp-content\\\/uploads\\\/sites\\\/5\\\/2025\\\/05\\\/f848x477-1129653_1187456_4821.jpg\",\"width\":848,\"height\":477},{\"@type\":\"BreadcrumbList\",\"@id\":\"https:\\\/\\\/www.bbmnoticias.com\\\/blog\\\/2025\\\/05\\\/20\\\/claudia-sheinbaum-y-cnte-se-reuniran-el-viernes-del-23-de-mayo\\\/#breadcrumb\",\"itemListElement\":[{\"@type\":\"ListItem\",\"position\":1,\"name\":\"Inicio\",\"item\":\"https:\\\/\\\/www.bbmnoticias.com\\\/labravaradiofm\\\/\"},{\"@type\":\"ListItem\",\"position\":2,\"name\":\"Claudia Sheinbaum y CNTE se reunir\u00e1n el viernes del 23 de mayo\"}]},{\"@type\":\"WebSite\",\"@id\":\"https:\\\/\\\/www.bbmnoticias.com\\\/labravaradiofm\\\/#website\",\"url\":\"https:\\\/\\\/www.bbmnoticias.com\\\/labravaradiofm\\\/\",\"name\":\"LA BRAVA RADIO\",\"description\":\"Empresa productora de medios, Radiodifusi\u00f3n, Noticias, tendencias y todo lo que necesitas saber de la pol\u00edtica mexicana e internacional; entretenimiento, espect\u00e1culos, salud y mucho m\u00e1s.\",\"potentialAction\":[{\"@type\":\"SearchAction\",\"target\":{\"@type\":\"EntryPoint\",\"urlTemplate\":\"https:\\\/\\\/www.bbmnoticias.com\\\/labravaradiofm\\\/?s={search_term_string}\"},\"query-input\":{\"@type\":\"PropertyValueSpecification\",\"valueRequired\":true,\"valueName\":\"search_term_string\"}}],\"inLanguage\":\"es\"},{\"@type\":\"Person\",\"@id\":\"https:\\\/\\\/www.bbmnoticias.com\\\/labravaradiofm\\\/#\\\/schema\\\/person\\\/78ff63fb371c799850071f4b5feb0b7a\",\"name\":\"El Heraldo\",\"image\":{\"@type\":\"ImageObject\",\"inLanguage\":\"es\",\"@id\":\"https:\\\/\\\/secure.gravatar.com\\\/avatar\\\/463017be041288b5a196814ef7242bd62699b857f306e4b5b61b533e8a87f404?s=96&d=mm&r=g\",\"url\":\"https:\\\/\\\/secure.gravatar.com\\\/avatar\\\/463017be041288b5a196814ef7242bd62699b857f306e4b5b61b533e8a87f404?s=96&d=mm&r=g\",\"contentUrl\":\"https:\\\/\\\/secure.gravatar.com\\\/avatar\\\/463017be041288b5a196814ef7242bd62699b857f306e4b5b61b533e8a87f404?s=96&d=mm&r=g\",\"caption\":\"El Heraldo\"},\"url\":\"https:\\\/\\\/www.bbmnoticias.com\\\/labravaradiofm\\\/author\\\/heraldo\\\/\"}]}<\/script>\n<!-- \/ Yoast SEO plugin. -->","yoast_head_json":{"title":"Claudia Sheinbaum y CNTE se reunir\u00e1n el viernes del 23 de mayo - LA BRAVA RADIO","robots":{"index":"index","follow":"follow","max-snippet":"max-snippet:-1","max-image-preview":"max-image-preview:large","max-video-preview":"max-video-preview:-1"},"canonical":"https:\/\/www.bbmnoticias.com\/blog\/2025\/05\/20\/claudia-sheinbaum-y-cnte-se-reuniran-el-viernes-del-23-de-mayo\/","og_locale":"es_MX","og_type":"article","og_title":"Claudia Sheinbaum y CNTE se reunir\u00e1n el viernes del 23 de mayo - LA BRAVA RADIO","og_description":"La presidenta Claudia Sheinbaum y los integrantes de la mesa de negociaci\u00f3n de la coordinadora nacional de trabajadores de la educaci\u00f3n se reunir\u00e1n el pr\u00f3ximo viernes 23 de mayo en Palacio Nacional. Este martes, la secretaria de Gobernaci\u00f3n, Rosa Icela Rodr\u00edguez, y el secretario de Educaci\u00f3n P\u00fablica, Mario Delgado sostuvieron una reuni\u00f3n con integrantes de [&hellip;]","og_url":"https:\/\/www.bbmnoticias.com\/blog\/2025\/05\/20\/claudia-sheinbaum-y-cnte-se-reuniran-el-viernes-del-23-de-mayo\/","og_site_name":"LA BRAVA RADIO","article_published_time":"2025-05-21T01:02:31+00:00","article_modified_time":"2025-05-21T01:02:38+00:00","og_image":[{"width":848,"height":477,"url":"https:\/\/www.bbmnoticias.com\/labravaradiofm\/wp-content\/uploads\/sites\/5\/2025\/05\/f848x477-1129653_1187456_4821.jpg","type":"image\/jpeg"}],"author":"El Heraldo","twitter_card":"summary_large_image","twitter_misc":{"Escrito por":"El Heraldo","Tiempo de lectura":"1 minuto"},"schema":{"@context":"https:\/\/schema.org","@graph":[{"@type":"Article","@id":"https:\/\/www.bbmnoticias.com\/blog\/2025\/05\/20\/claudia-sheinbaum-y-cnte-se-reuniran-el-viernes-del-23-de-mayo\/#article","isPartOf":{"@id":"https:\/\/www.bbmnoticias.com\/labravaradiofm\/2025\/05\/20\/claudia-sheinbaum-y-cnte-se-reuniran-el-viernes-del-23-de-mayo\/"},"author":{"name":"El Heraldo","@id":"https:\/\/www.bbmnoticias.com\/labravaradiofm\/#\/schema\/person\/78ff63fb371c799850071f4b5feb0b7a"},"headline":"Claudia Sheinbaum y CNTE se reunir\u00e1n el viernes del 23 de mayo","datePublished":"2025-05-21T01:02:31+00:00","dateModified":"2025-05-21T01:02:38+00:00","mainEntityOfPage":{"@id":"https:\/\/www.bbmnoticias.com\/labravaradiofm\/2025\/05\/20\/claudia-sheinbaum-y-cnte-se-reuniran-el-viernes-del-23-de-mayo\/"},"wordCount":249,"image":{"@id":"https:\/\/www.bbmnoticias.com\/blog\/2025\/05\/20\/claudia-sheinbaum-y-cnte-se-reuniran-el-viernes-del-23-de-mayo\/#primaryimage"},"thumbnailUrl":"https:\/\/www.bbmnoticias.com\/labravaradiofm\/wp-content\/uploads\/sites\/5\/2025\/05\/f848x477-1129653_1187456_4821.jpg","articleSection":["LOCAL","NACIONAL"],"inLanguage":"es"},{"@type":"WebPage","@id":"https:\/\/www.bbmnoticias.com\/labravaradiofm\/2025\/05\/20\/claudia-sheinbaum-y-cnte-se-reuniran-el-viernes-del-23-de-mayo\/","url":"https:\/\/www.bbmnoticias.com\/blog\/2025\/05\/20\/claudia-sheinbaum-y-cnte-se-reuniran-el-viernes-del-23-de-mayo\/","name":"Claudia Sheinbaum y CNTE se reunir\u00e1n el viernes del 23 de mayo - LA BRAVA RADIO","isPartOf":{"@id":"https:\/\/www.bbmnoticias.com\/labravaradiofm\/#website"},"primaryImageOfPage":{"@id":"https:\/\/www.bbmnoticias.com\/blog\/2025\/05\/20\/claudia-sheinbaum-y-cnte-se-reuniran-el-viernes-del-23-de-mayo\/#primaryimage"},"image":{"@id":"https:\/\/www.bbmnoticias.com\/blog\/2025\/05\/20\/claudia-sheinbaum-y-cnte-se-reuniran-el-viernes-del-23-de-mayo\/#primaryimage"},"thumbnailUrl":"https:\/\/www.bbmnoticias.com\/labravaradiofm\/wp-content\/uploads\/sites\/5\/2025\/05\/f848x477-1129653_1187456_4821.jpg","datePublished":"2025-05-21T01:02:31+00:00","dateModified":"2025-05-21T01:02:38+00:00","author":{"@id":"https:\/\/www.bbmnoticias.com\/labravaradiofm\/#\/schema\/person\/78ff63fb371c799850071f4b5feb0b7a"},"breadcrumb":{"@id":"https:\/\/www.bbmnoticias.com\/blog\/2025\/05\/20\/claudia-sheinbaum-y-cnte-se-reuniran-el-viernes-del-23-de-mayo\/#breadcrumb"},"inLanguage":"es","potentialAction":[{"@type":"ReadAction","target":["https:\/\/www.bbmnoticias.com\/blog\/2025\/05\/20\/claudia-sheinbaum-y-cnte-se-reuniran-el-viernes-del-23-de-mayo\/"]}]},{"@type":"ImageObject","inLanguage":"es","@id":"https:\/\/www.bbmnoticias.com\/blog\/2025\/05\/20\/claudia-sheinbaum-y-cnte-se-reuniran-el-viernes-del-23-de-mayo\/#primaryimage","url":"https:\/\/www.bbmnoticias.com\/labravaradiofm\/wp-content\/uploads\/sites\/5\/2025\/05\/f848x477-1129653_1187456_4821.jpg","contentUrl":"https:\/\/www.bbmnoticias.com\/labravaradiofm\/wp-content\/uploads\/sites\/5\/2025\/05\/f848x477-1129653_1187456_4821.jpg","width":848,"height":477},{"@type":"BreadcrumbList","@id":"https:\/\/www.bbmnoticias.com\/blog\/2025\/05\/20\/claudia-sheinbaum-y-cnte-se-reuniran-el-viernes-del-23-de-mayo\/#breadcrumb","itemListElement":[{"@type":"ListItem","position":1,"name":"Inicio","item":"https:\/\/www.bbmnoticias.com\/labravaradiofm\/"},{"@type":"ListItem","position":2,"name":"Claudia Sheinbaum y CNTE se reunir\u00e1n el viernes del 23 de mayo"}]},{"@type":"WebSite","@id":"https:\/\/www.bbmnoticias.com\/labravaradiofm\/#website","url":"https:\/\/www.bbmnoticias.com\/labravaradiofm\/","name":"LA BRAVA RADIO","description":"Empresa productora de medios, Radiodifusi\u00f3n, Noticias, tendencias y todo lo que necesitas saber de la pol\u00edtica mexicana e internacional; entretenimiento, espect\u00e1culos, salud y mucho m\u00e1s.","potentialAction":[{"@type":"SearchAction","target":{"@type":"EntryPoint","urlTemplate":"https:\/\/www.bbmnoticias.com\/labravaradiofm\/?s={search_term_string}"},"query-input":{"@type":"PropertyValueSpecification","valueRequired":true,"valueName":"search_term_string"}}],"inLanguage":"es"},{"@type":"Person","@id":"https:\/\/www.bbmnoticias.com\/labravaradiofm\/#\/schema\/person\/78ff63fb371c799850071f4b5feb0b7a","name":"El Heraldo","image":{"@type":"ImageObject","inLanguage":"es","@id":"https:\/\/secure.gravatar.com\/avatar\/463017be041288b5a196814ef7242bd62699b857f306e4b5b61b533e8a87f404?s=96&d=mm&r=g","url":"https:\/\/secure.gravatar.com\/avatar\/463017be041288b5a196814ef7242bd62699b857f306e4b5b61b533e8a87f404?s=96&d=mm&r=g","contentUrl":"https:\/\/secure.gravatar.com\/avatar\/463017be041288b5a196814ef7242bd62699b857f306e4b5b61b533e8a87f404?s=96&d=mm&r=g","caption":"El Heraldo"},"url":"https:\/\/www.bbmnoticias.com\/labravaradiofm\/author\/heraldo\/"}]}},"_links":{"self":[{"href":"https:\/\/www.bbmnoticias.com\/labravaradiofm\/wp-json\/wp\/v2\/posts\/60391","targetHints":{"allow":["GET"]}}],"collection":[{"href":"https:\/\/www.bbmnoticias.com\/labravaradiofm\/wp-json\/wp\/v2\/posts"}],"about":[{"href":"https:\/\/www.bbmnoticias.com\/labravaradiofm\/wp-json\/wp\/v2\/types\/post"}],"author":[{"embeddable":true,"href":"https:\/\/www.bbmnoticias.com\/labravaradiofm\/wp-json\/wp\/v2\/users\/15"}],"replies":[{"embeddable":true,"href":"https:\/\/www.bbmnoticias.com\/labravaradiofm\/wp-json\/wp\/v2\/comments?post=60391"}],"version-history":[{"count":0,"href":"https:\/\/www.bbmnoticias.com\/labravaradiofm\/wp-json\/wp\/v2\/posts\/60391\/revisions"}],"wp:featuredmedia":[{"embeddable":true,"href":"https:\/\/www.bbmnoticias.com\/labravaradiofm\/wp-json\/wp\/v2\/media\/60393"}],"wp:attachment":[{"href":"https:\/\/www.bbmnoticias.com\/labravaradiofm\/wp-json\/wp\/v2\/media?parent=60391"}],"wp:term":[{"taxonomy":"category","embeddable":true,"href":"https:\/\/www.bbmnoticias.com\/labravaradiofm\/wp-json\/wp\/v2\/categories?post=60391"},{"taxonomy":"post_tag","embeddable":true,"href":"https:\/\/www.bbmnoticias.com\/labravaradiofm\/wp-json\/wp\/v2\/tags?post=60391"}],"curies":[{"name":"wp","href":"https:\/\/api.w.org\/{rel}","templated":true}]}}