{"id":6038,"date":"2021-11-24T08:18:27","date_gmt":"2021-11-24T14:18:27","guid":{"rendered":"https:\/\/www.bbmnoticias.com\/labravaradiofm\/?p=6038"},"modified":"2021-11-24T08:18:28","modified_gmt":"2021-11-24T14:18:28","slug":"segego-y-cgar-han-brindado-puntual-atencion-al-conflicto-de-san-jose-xochixtlan","status":"publish","type":"post","link":"https:\/\/www.bbmnoticias.com\/labravaradiofm\/2021\/11\/24\/segego-y-cgar-han-brindado-puntual-atencion-al-conflicto-de-san-jose-xochixtlan\/","title":{"rendered":"Segego y CGAR han brindado puntual atenci\u00f3n al conflicto de San Jos\u00e9 Xochixtl\u00e1n"},"content":{"rendered":"<div style=\"margin-top: 0px; margin-bottom: 0px;\" class=\"sharethis-inline-share-buttons\" ><\/div>\n<p><strong>Tlalixtac de Cabrera, Oax. <\/strong>Derivado del conflicto interno que prevalece entre el municipio de San Mart\u00edn Itunyoso y su agencia San Jos\u00e9 Xochixtl\u00e1n, la Secretar\u00eda General de Gobierno (Segego), a trav\u00e9s de la subsecretar\u00eda de Fortalecimiento Municipal, la Coordinaci\u00f3n General de Atenci\u00f3n Regional (CGAR) y la subdelegaci\u00f3n en Oaxaca de la Secretaria de Gobernaci\u00f3n (Segob), instalaron una mesa de di\u00e1logo con el agente municipal y la comisi\u00f3n ciudadana de San Jos\u00e9 Xochixtl\u00e1n.<\/p>\n\n\n\n<p>A fin de conciliar el conflicto interno y encontrar una ruta que le permita al Ayuntamiento de San Mart\u00edn Itunyoso cumplir con la sentencia emitida por el Tribunal Superior de Justicia del Estado de Oaxaca (TSJO), en lo que respecta a los recursos de los ramos 28 y 33, se instal\u00f3 una mesa de di\u00e1logo.<\/p>\n\n\n\n<p>Cabe se\u00f1alar que el pasado 22 de noviembre las autoridades auxiliares y habitantes de San Jos\u00e9 Xochixtl\u00e1n, realizaron un bloqueo en la caseta de peaje \u201cHuitzo\u201d, cobrando una cuota voluntaria; ante esto la Segego mantuvo un acercamiento con el agente municipal y habitantes para instalar una mesa de dialogo este 23 de noviembre, invitando a retirar el bloqueo a las terminales de cobro y no realizar esta acci\u00f3n.<\/p>\n\n\n\n<p>En ese sentido, este 23 de noviembre se instal\u00f3 una mesa de di\u00e1logo interinstitucional para dar atenci\u00f3n a la problem\u00e1tica como se hab\u00eda acordado; sin embargo, los manifestantes decidieron continuar con el bloqueo a la caseta de peaje \u201cHuitzo\u201d, con el cobro de una cuota voluntaria.<\/p>\n\n\n\n<p>En reiteradas ocasiones los funcionarios de los gobiernos Estatal y Federal, solicitaron la libraci\u00f3n de la caseta de peaje.<\/p>\n\n\n\n<p>La Segego condena los hechos ocurridos en el cual fue herido de gravedad un manifestante, y solicita a la Fiscal\u00eda General del Estado de Oaxaca (FGEO), en estricto respeto a su autonom\u00eda, realice las investigaciones correspondientes y se de castigo al o los responsables.<\/p>\n\n\n\n<p>Asimismo, la dependencia solicita con respeto al Movimiento de Unificaci\u00f3n de Lucha Triqui Independiente (MULT-I), evitar especulaciones que alteren el orden y la paz social.<\/p>\n\n\n\n<p>La Segego respeta el derecho a la libre manifestaci\u00f3n; sin embargo, hace un llamado a las autoridades municipales, auxiliares, sindicatos, organizaciones sociales y ciudadan\u00eda en general, a privilegiar el di\u00e1logo para conciliar sus diferencias de manera pac\u00edfica y con ello evitar acciones que da\u00f1en a terceros, como bloqueos carreteros, retenci\u00f3n de personas, cobrar cuotas indebidas para el libre tr\u00e1nsito y evitar poner en riesgo la integridad f\u00edsica de las personas<\/p>\n","protected":false},"excerpt":{"rendered":"<p>Tlalixtac de Cabrera, Oax. Derivado del conflicto interno que prevalece entre el municipio de San Mart\u00edn Itunyoso y su agencia San Jos\u00e9 Xochixtl\u00e1n, la Secretar\u00eda General de Gobierno (Segego), a trav\u00e9s de la subsecretar\u00eda de Fortalecimiento Municipal, la Coordinaci\u00f3n General de Atenci\u00f3n Regional (CGAR) y la subdelegaci\u00f3n en Oaxaca de la Secretaria de Gobernaci\u00f3n (Segob), [&hellip;]<\/p>\n","protected":false},"author":2,"featured_media":6039,"comment_status":"closed","ping_status":"closed","sticky":false,"template":"","format":"standard","meta":{"footnotes":""},"categories":[2],"tags":[],"class_list":{"0":"post-6038","1":"post","2":"type-post","3":"status-publish","4":"format-standard","5":"has-post-thumbnail","7":"category-oaxaca"},"yoast_head":"<!-- This site is optimized with the Yoast SEO plugin v27.4 - https:\/\/yoast.com\/product\/yoast-seo-wordpress\/ -->\n<title>Segego y CGAR han brindado puntual atenci\u00f3n al conflicto de San Jos\u00e9 Xochixtl\u00e1n - LA BRAVA RADIO<\/title>\n<meta name=\"robots\" content=\"index, follow, max-snippet:-1, max-image-preview:large, max-video-preview:-1\" \/>\n<link rel=\"canonical\" href=\"https:\/\/www.bbmnoticias.com\/labravaradiofm\/2021\/11\/24\/segego-y-cgar-han-brindado-puntual-atencion-al-conflicto-de-san-jose-xochixtlan\/\" \/>\n<meta property=\"og:locale\" content=\"es_MX\" \/>\n<meta property=\"og:type\" content=\"article\" \/>\n<meta property=\"og:title\" content=\"Segego y CGAR han brindado puntual atenci\u00f3n al conflicto de San Jos\u00e9 Xochixtl\u00e1n - LA BRAVA RADIO\" \/>\n<meta property=\"og:description\" content=\"Tlalixtac de Cabrera, Oax. Derivado del conflicto interno que prevalece entre el municipio de San Mart\u00edn Itunyoso y su agencia San Jos\u00e9 Xochixtl\u00e1n, la Secretar\u00eda General de Gobierno (Segego), a trav\u00e9s de la subsecretar\u00eda de Fortalecimiento Municipal, la Coordinaci\u00f3n General de Atenci\u00f3n Regional (CGAR) y la subdelegaci\u00f3n en Oaxaca de la Secretaria de Gobernaci\u00f3n (Segob), [&hellip;]\" \/>\n<meta property=\"og:url\" content=\"https:\/\/www.bbmnoticias.com\/labravaradiofm\/2021\/11\/24\/segego-y-cgar-han-brindado-puntual-atencion-al-conflicto-de-san-jose-xochixtlan\/\" \/>\n<meta property=\"og:site_name\" content=\"LA BRAVA RADIO\" \/>\n<meta property=\"article:published_time\" content=\"2021-11-24T14:18:27+00:00\" \/>\n<meta property=\"article:modified_time\" content=\"2021-11-24T14:18:28+00:00\" \/>\n<meta property=\"og:image\" content=\"https:\/\/www.bbmnoticias.com\/labravaradiofm\/wp-content\/uploads\/sites\/5\/2021\/11\/local24112021-2.jpg\" \/>\n\t<meta property=\"og:image:width\" content=\"1024\" \/>\n\t<meta property=\"og:image:height\" content=\"645\" \/>\n\t<meta property=\"og:image:type\" content=\"image\/jpeg\" \/>\n<meta name=\"author\" content=\"Staff\" \/>\n<meta name=\"twitter:card\" content=\"summary_large_image\" \/>\n<meta name=\"twitter:label1\" content=\"Escrito por\" \/>\n\t<meta name=\"twitter:data1\" content=\"Staff\" \/>\n\t<meta name=\"twitter:label2\" content=\"Tiempo de lectura\" \/>\n\t<meta name=\"twitter:data2\" content=\"2 minutos\" \/>\n<script type=\"application\/ld+json\" class=\"yoast-schema-graph\">{\"@context\":\"https:\\\/\\\/schema.org\",\"@graph\":[{\"@type\":\"Article\",\"@id\":\"https:\\\/\\\/www.bbmnoticias.com\\\/labravaradiofm\\\/2021\\\/11\\\/24\\\/segego-y-cgar-han-brindado-puntual-atencion-al-conflicto-de-san-jose-xochixtlan\\\/#article\",\"isPartOf\":{\"@id\":\"https:\\\/\\\/www.bbmnoticias.com\\\/labravaradiofm\\\/2021\\\/11\\\/24\\\/segego-y-cgar-han-brindado-puntual-atencion-al-conflicto-de-san-jose-xochixtlan\\\/\"},\"author\":{\"name\":\"Staff\",\"@id\":\"https:\\\/\\\/www.bbmnoticias.com\\\/labravaradiofm\\\/#\\\/schema\\\/person\\\/68a9e9036ef3c5b55aeb2b71dc8bab45\"},\"headline\":\"Segego y CGAR han brindado puntual atenci\u00f3n al conflicto de San Jos\u00e9 Xochixtl\u00e1n\",\"datePublished\":\"2021-11-24T14:18:27+00:00\",\"dateModified\":\"2021-11-24T14:18:28+00:00\",\"mainEntityOfPage\":{\"@id\":\"https:\\\/\\\/www.bbmnoticias.com\\\/labravaradiofm\\\/2021\\\/11\\\/24\\\/segego-y-cgar-han-brindado-puntual-atencion-al-conflicto-de-san-jose-xochixtlan\\\/\"},\"wordCount\":442,\"image\":{\"@id\":\"https:\\\/\\\/www.bbmnoticias.com\\\/labravaradiofm\\\/2021\\\/11\\\/24\\\/segego-y-cgar-han-brindado-puntual-atencion-al-conflicto-de-san-jose-xochixtlan\\\/#primaryimage\"},\"thumbnailUrl\":\"https:\\\/\\\/www.bbmnoticias.com\\\/labravaradiofm\\\/wp-content\\\/uploads\\\/sites\\\/5\\\/2021\\\/11\\\/local24112021-2.jpg\",\"articleSection\":[\"LOCAL\"],\"inLanguage\":\"es\"},{\"@type\":\"WebPage\",\"@id\":\"https:\\\/\\\/www.bbmnoticias.com\\\/labravaradiofm\\\/2021\\\/11\\\/24\\\/segego-y-cgar-han-brindado-puntual-atencion-al-conflicto-de-san-jose-xochixtlan\\\/\",\"url\":\"https:\\\/\\\/www.bbmnoticias.com\\\/labravaradiofm\\\/2021\\\/11\\\/24\\\/segego-y-cgar-han-brindado-puntual-atencion-al-conflicto-de-san-jose-xochixtlan\\\/\",\"name\":\"Segego y CGAR han brindado puntual atenci\u00f3n al conflicto de San Jos\u00e9 Xochixtl\u00e1n - LA BRAVA RADIO\",\"isPartOf\":{\"@id\":\"https:\\\/\\\/www.bbmnoticias.com\\\/labravaradiofm\\\/#website\"},\"primaryImageOfPage\":{\"@id\":\"https:\\\/\\\/www.bbmnoticias.com\\\/labravaradiofm\\\/2021\\\/11\\\/24\\\/segego-y-cgar-han-brindado-puntual-atencion-al-conflicto-de-san-jose-xochixtlan\\\/#primaryimage\"},\"image\":{\"@id\":\"https:\\\/\\\/www.bbmnoticias.com\\\/labravaradiofm\\\/2021\\\/11\\\/24\\\/segego-y-cgar-han-brindado-puntual-atencion-al-conflicto-de-san-jose-xochixtlan\\\/#primaryimage\"},\"thumbnailUrl\":\"https:\\\/\\\/www.bbmnoticias.com\\\/labravaradiofm\\\/wp-content\\\/uploads\\\/sites\\\/5\\\/2021\\\/11\\\/local24112021-2.jpg\",\"datePublished\":\"2021-11-24T14:18:27+00:00\",\"dateModified\":\"2021-11-24T14:18:28+00:00\",\"author\":{\"@id\":\"https:\\\/\\\/www.bbmnoticias.com\\\/labravaradiofm\\\/#\\\/schema\\\/person\\\/68a9e9036ef3c5b55aeb2b71dc8bab45\"},\"breadcrumb\":{\"@id\":\"https:\\\/\\\/www.bbmnoticias.com\\\/labravaradiofm\\\/2021\\\/11\\\/24\\\/segego-y-cgar-han-brindado-puntual-atencion-al-conflicto-de-san-jose-xochixtlan\\\/#breadcrumb\"},\"inLanguage\":\"es\",\"potentialAction\":[{\"@type\":\"ReadAction\",\"target\":[\"https:\\\/\\\/www.bbmnoticias.com\\\/labravaradiofm\\\/2021\\\/11\\\/24\\\/segego-y-cgar-han-brindado-puntual-atencion-al-conflicto-de-san-jose-xochixtlan\\\/\"]}]},{\"@type\":\"ImageObject\",\"inLanguage\":\"es\",\"@id\":\"https:\\\/\\\/www.bbmnoticias.com\\\/labravaradiofm\\\/2021\\\/11\\\/24\\\/segego-y-cgar-han-brindado-puntual-atencion-al-conflicto-de-san-jose-xochixtlan\\\/#primaryimage\",\"url\":\"https:\\\/\\\/www.bbmnoticias.com\\\/labravaradiofm\\\/wp-content\\\/uploads\\\/sites\\\/5\\\/2021\\\/11\\\/local24112021-2.jpg\",\"contentUrl\":\"https:\\\/\\\/www.bbmnoticias.com\\\/labravaradiofm\\\/wp-content\\\/uploads\\\/sites\\\/5\\\/2021\\\/11\\\/local24112021-2.jpg\",\"width\":1024,\"height\":645},{\"@type\":\"BreadcrumbList\",\"@id\":\"https:\\\/\\\/www.bbmnoticias.com\\\/labravaradiofm\\\/2021\\\/11\\\/24\\\/segego-y-cgar-han-brindado-puntual-atencion-al-conflicto-de-san-jose-xochixtlan\\\/#breadcrumb\",\"itemListElement\":[{\"@type\":\"ListItem\",\"position\":1,\"name\":\"Inicio\",\"item\":\"https:\\\/\\\/www.bbmnoticias.com\\\/labravaradiofm\\\/\"},{\"@type\":\"ListItem\",\"position\":2,\"name\":\"Segego y CGAR han brindado puntual atenci\u00f3n al conflicto de San Jos\u00e9 Xochixtl\u00e1n\"}]},{\"@type\":\"WebSite\",\"@id\":\"https:\\\/\\\/www.bbmnoticias.com\\\/labravaradiofm\\\/#website\",\"url\":\"https:\\\/\\\/www.bbmnoticias.com\\\/labravaradiofm\\\/\",\"name\":\"LA BRAVA RADIO\",\"description\":\"Empresa productora de medios, Radiodifusi\u00f3n, Noticias, tendencias y todo lo que necesitas saber de la pol\u00edtica mexicana e internacional; entretenimiento, espect\u00e1culos, salud y mucho m\u00e1s.\",\"potentialAction\":[{\"@type\":\"SearchAction\",\"target\":{\"@type\":\"EntryPoint\",\"urlTemplate\":\"https:\\\/\\\/www.bbmnoticias.com\\\/labravaradiofm\\\/?s={search_term_string}\"},\"query-input\":{\"@type\":\"PropertyValueSpecification\",\"valueRequired\":true,\"valueName\":\"search_term_string\"}}],\"inLanguage\":\"es\"},{\"@type\":\"Person\",\"@id\":\"https:\\\/\\\/www.bbmnoticias.com\\\/labravaradiofm\\\/#\\\/schema\\\/person\\\/68a9e9036ef3c5b55aeb2b71dc8bab45\",\"name\":\"Staff\",\"image\":{\"@type\":\"ImageObject\",\"inLanguage\":\"es\",\"@id\":\"https:\\\/\\\/secure.gravatar.com\\\/avatar\\\/fdd21ad66fd8b98c407f9dee5b5e588cfe7f0d8579ec20fa6527cd59bab7f0f0?s=96&d=mm&r=g\",\"url\":\"https:\\\/\\\/secure.gravatar.com\\\/avatar\\\/fdd21ad66fd8b98c407f9dee5b5e588cfe7f0d8579ec20fa6527cd59bab7f0f0?s=96&d=mm&r=g\",\"contentUrl\":\"https:\\\/\\\/secure.gravatar.com\\\/avatar\\\/fdd21ad66fd8b98c407f9dee5b5e588cfe7f0d8579ec20fa6527cd59bab7f0f0?s=96&d=mm&r=g\",\"caption\":\"Staff\"},\"url\":\"https:\\\/\\\/www.bbmnoticias.com\\\/labravaradiofm\\\/author\\\/redaccion\\\/\"}]}<\/script>\n<!-- \/ Yoast SEO plugin. -->","yoast_head_json":{"title":"Segego y CGAR han brindado puntual atenci\u00f3n al conflicto de San Jos\u00e9 Xochixtl\u00e1n - LA BRAVA RADIO","robots":{"index":"index","follow":"follow","max-snippet":"max-snippet:-1","max-image-preview":"max-image-preview:large","max-video-preview":"max-video-preview:-1"},"canonical":"https:\/\/www.bbmnoticias.com\/labravaradiofm\/2021\/11\/24\/segego-y-cgar-han-brindado-puntual-atencion-al-conflicto-de-san-jose-xochixtlan\/","og_locale":"es_MX","og_type":"article","og_title":"Segego y CGAR han brindado puntual atenci\u00f3n al conflicto de San Jos\u00e9 Xochixtl\u00e1n - LA BRAVA RADIO","og_description":"Tlalixtac de Cabrera, Oax. Derivado del conflicto interno que prevalece entre el municipio de San Mart\u00edn Itunyoso y su agencia San Jos\u00e9 Xochixtl\u00e1n, la Secretar\u00eda General de Gobierno (Segego), a trav\u00e9s de la subsecretar\u00eda de Fortalecimiento Municipal, la Coordinaci\u00f3n General de Atenci\u00f3n Regional (CGAR) y la subdelegaci\u00f3n en Oaxaca de la Secretaria de Gobernaci\u00f3n (Segob), [&hellip;]","og_url":"https:\/\/www.bbmnoticias.com\/labravaradiofm\/2021\/11\/24\/segego-y-cgar-han-brindado-puntual-atencion-al-conflicto-de-san-jose-xochixtlan\/","og_site_name":"LA BRAVA RADIO","article_published_time":"2021-11-24T14:18:27+00:00","article_modified_time":"2021-11-24T14:18:28+00:00","og_image":[{"width":1024,"height":645,"url":"https:\/\/www.bbmnoticias.com\/labravaradiofm\/wp-content\/uploads\/sites\/5\/2021\/11\/local24112021-2.jpg","type":"image\/jpeg"}],"author":"Staff","twitter_card":"summary_large_image","twitter_misc":{"Escrito por":"Staff","Tiempo de lectura":"2 minutos"},"schema":{"@context":"https:\/\/schema.org","@graph":[{"@type":"Article","@id":"https:\/\/www.bbmnoticias.com\/labravaradiofm\/2021\/11\/24\/segego-y-cgar-han-brindado-puntual-atencion-al-conflicto-de-san-jose-xochixtlan\/#article","isPartOf":{"@id":"https:\/\/www.bbmnoticias.com\/labravaradiofm\/2021\/11\/24\/segego-y-cgar-han-brindado-puntual-atencion-al-conflicto-de-san-jose-xochixtlan\/"},"author":{"name":"Staff","@id":"https:\/\/www.bbmnoticias.com\/labravaradiofm\/#\/schema\/person\/68a9e9036ef3c5b55aeb2b71dc8bab45"},"headline":"Segego y CGAR han brindado puntual atenci\u00f3n al conflicto de San Jos\u00e9 Xochixtl\u00e1n","datePublished":"2021-11-24T14:18:27+00:00","dateModified":"2021-11-24T14:18:28+00:00","mainEntityOfPage":{"@id":"https:\/\/www.bbmnoticias.com\/labravaradiofm\/2021\/11\/24\/segego-y-cgar-han-brindado-puntual-atencion-al-conflicto-de-san-jose-xochixtlan\/"},"wordCount":442,"image":{"@id":"https:\/\/www.bbmnoticias.com\/labravaradiofm\/2021\/11\/24\/segego-y-cgar-han-brindado-puntual-atencion-al-conflicto-de-san-jose-xochixtlan\/#primaryimage"},"thumbnailUrl":"https:\/\/www.bbmnoticias.com\/labravaradiofm\/wp-content\/uploads\/sites\/5\/2021\/11\/local24112021-2.jpg","articleSection":["LOCAL"],"inLanguage":"es"},{"@type":"WebPage","@id":"https:\/\/www.bbmnoticias.com\/labravaradiofm\/2021\/11\/24\/segego-y-cgar-han-brindado-puntual-atencion-al-conflicto-de-san-jose-xochixtlan\/","url":"https:\/\/www.bbmnoticias.com\/labravaradiofm\/2021\/11\/24\/segego-y-cgar-han-brindado-puntual-atencion-al-conflicto-de-san-jose-xochixtlan\/","name":"Segego y CGAR han brindado puntual atenci\u00f3n al conflicto de San Jos\u00e9 Xochixtl\u00e1n - LA BRAVA RADIO","isPartOf":{"@id":"https:\/\/www.bbmnoticias.com\/labravaradiofm\/#website"},"primaryImageOfPage":{"@id":"https:\/\/www.bbmnoticias.com\/labravaradiofm\/2021\/11\/24\/segego-y-cgar-han-brindado-puntual-atencion-al-conflicto-de-san-jose-xochixtlan\/#primaryimage"},"image":{"@id":"https:\/\/www.bbmnoticias.com\/labravaradiofm\/2021\/11\/24\/segego-y-cgar-han-brindado-puntual-atencion-al-conflicto-de-san-jose-xochixtlan\/#primaryimage"},"thumbnailUrl":"https:\/\/www.bbmnoticias.com\/labravaradiofm\/wp-content\/uploads\/sites\/5\/2021\/11\/local24112021-2.jpg","datePublished":"2021-11-24T14:18:27+00:00","dateModified":"2021-11-24T14:18:28+00:00","author":{"@id":"https:\/\/www.bbmnoticias.com\/labravaradiofm\/#\/schema\/person\/68a9e9036ef3c5b55aeb2b71dc8bab45"},"breadcrumb":{"@id":"https:\/\/www.bbmnoticias.com\/labravaradiofm\/2021\/11\/24\/segego-y-cgar-han-brindado-puntual-atencion-al-conflicto-de-san-jose-xochixtlan\/#breadcrumb"},"inLanguage":"es","potentialAction":[{"@type":"ReadAction","target":["https:\/\/www.bbmnoticias.com\/labravaradiofm\/2021\/11\/24\/segego-y-cgar-han-brindado-puntual-atencion-al-conflicto-de-san-jose-xochixtlan\/"]}]},{"@type":"ImageObject","inLanguage":"es","@id":"https:\/\/www.bbmnoticias.com\/labravaradiofm\/2021\/11\/24\/segego-y-cgar-han-brindado-puntual-atencion-al-conflicto-de-san-jose-xochixtlan\/#primaryimage","url":"https:\/\/www.bbmnoticias.com\/labravaradiofm\/wp-content\/uploads\/sites\/5\/2021\/11\/local24112021-2.jpg","contentUrl":"https:\/\/www.bbmnoticias.com\/labravaradiofm\/wp-content\/uploads\/sites\/5\/2021\/11\/local24112021-2.jpg","width":1024,"height":645},{"@type":"BreadcrumbList","@id":"https:\/\/www.bbmnoticias.com\/labravaradiofm\/2021\/11\/24\/segego-y-cgar-han-brindado-puntual-atencion-al-conflicto-de-san-jose-xochixtlan\/#breadcrumb","itemListElement":[{"@type":"ListItem","position":1,"name":"Inicio","item":"https:\/\/www.bbmnoticias.com\/labravaradiofm\/"},{"@type":"ListItem","position":2,"name":"Segego y CGAR han brindado puntual atenci\u00f3n al conflicto de San Jos\u00e9 Xochixtl\u00e1n"}]},{"@type":"WebSite","@id":"https:\/\/www.bbmnoticias.com\/labravaradiofm\/#website","url":"https:\/\/www.bbmnoticias.com\/labravaradiofm\/","name":"LA BRAVA RADIO","description":"Empresa productora de medios, Radiodifusi\u00f3n, Noticias, tendencias y todo lo que necesitas saber de la pol\u00edtica mexicana e internacional; entretenimiento, espect\u00e1culos, salud y mucho m\u00e1s.","potentialAction":[{"@type":"SearchAction","target":{"@type":"EntryPoint","urlTemplate":"https:\/\/www.bbmnoticias.com\/labravaradiofm\/?s={search_term_string}"},"query-input":{"@type":"PropertyValueSpecification","valueRequired":true,"valueName":"search_term_string"}}],"inLanguage":"es"},{"@type":"Person","@id":"https:\/\/www.bbmnoticias.com\/labravaradiofm\/#\/schema\/person\/68a9e9036ef3c5b55aeb2b71dc8bab45","name":"Staff","image":{"@type":"ImageObject","inLanguage":"es","@id":"https:\/\/secure.gravatar.com\/avatar\/fdd21ad66fd8b98c407f9dee5b5e588cfe7f0d8579ec20fa6527cd59bab7f0f0?s=96&d=mm&r=g","url":"https:\/\/secure.gravatar.com\/avatar\/fdd21ad66fd8b98c407f9dee5b5e588cfe7f0d8579ec20fa6527cd59bab7f0f0?s=96&d=mm&r=g","contentUrl":"https:\/\/secure.gravatar.com\/avatar\/fdd21ad66fd8b98c407f9dee5b5e588cfe7f0d8579ec20fa6527cd59bab7f0f0?s=96&d=mm&r=g","caption":"Staff"},"url":"https:\/\/www.bbmnoticias.com\/labravaradiofm\/author\/redaccion\/"}]}},"_links":{"self":[{"href":"https:\/\/www.bbmnoticias.com\/labravaradiofm\/wp-json\/wp\/v2\/posts\/6038","targetHints":{"allow":["GET"]}}],"collection":[{"href":"https:\/\/www.bbmnoticias.com\/labravaradiofm\/wp-json\/wp\/v2\/posts"}],"about":[{"href":"https:\/\/www.bbmnoticias.com\/labravaradiofm\/wp-json\/wp\/v2\/types\/post"}],"author":[{"embeddable":true,"href":"https:\/\/www.bbmnoticias.com\/labravaradiofm\/wp-json\/wp\/v2\/users\/2"}],"replies":[{"embeddable":true,"href":"https:\/\/www.bbmnoticias.com\/labravaradiofm\/wp-json\/wp\/v2\/comments?post=6038"}],"version-history":[{"count":0,"href":"https:\/\/www.bbmnoticias.com\/labravaradiofm\/wp-json\/wp\/v2\/posts\/6038\/revisions"}],"wp:featuredmedia":[{"embeddable":true,"href":"https:\/\/www.bbmnoticias.com\/labravaradiofm\/wp-json\/wp\/v2\/media\/6039"}],"wp:attachment":[{"href":"https:\/\/www.bbmnoticias.com\/labravaradiofm\/wp-json\/wp\/v2\/media?parent=6038"}],"wp:term":[{"taxonomy":"category","embeddable":true,"href":"https:\/\/www.bbmnoticias.com\/labravaradiofm\/wp-json\/wp\/v2\/categories?post=6038"},{"taxonomy":"post_tag","embeddable":true,"href":"https:\/\/www.bbmnoticias.com\/labravaradiofm\/wp-json\/wp\/v2\/tags?post=6038"}],"curies":[{"name":"wp","href":"https:\/\/api.w.org\/{rel}","templated":true}]}}