{"id":60370,"date":"2025-05-20T14:36:21","date_gmt":"2025-05-20T20:36:21","guid":{"rendered":"https:\/\/www.bbmnoticias.com\/labravaradiofm\/2025\/05\/20\/trabajan-en-instalaciones-de-alto-riesgo-ricardo-aldana-sobre-carencias-en-complejos-de-pemex-del-sur\/"},"modified":"2025-05-20T14:36:26","modified_gmt":"2025-05-20T20:36:26","slug":"trabajan-en-instalaciones-de-alto-riesgo-ricardo-aldana-sobre-carencias-en-complejos-de-pemex-del-sur","status":"publish","type":"post","link":"https:\/\/www.bbmnoticias.com\/labravaradiofm\/2025\/05\/20\/trabajan-en-instalaciones-de-alto-riesgo-ricardo-aldana-sobre-carencias-en-complejos-de-pemex-del-sur\/","title":{"rendered":"&#8220;Trabajan en instalaciones de alto riesgo&#8221;: Ricardo Aldana sobre carencias en complejos de Pemex del sur."},"content":{"rendered":"<div style=\"margin-top: 0px; margin-bottom: 0px;\" class=\"sharethis-inline-share-buttons\" ><\/div>\n<p>No s\u00f3lo los t\u00e9cnicos y profesionistas se lamentan por las malas condiciones en que se encuentran las instalaciones de Petr\u00f3leos Mexicanos (Pemex) en el sur, sino tambi\u00e9n el Sindicato de Trabajadores Petroleros de la Rep\u00fablica Mexicana (STPRM).<\/p>\n\n\n\n<p>Es preciso mencionar que en las dos semanas anteriores, agremiados de la Uni\u00f3n Nacional de T\u00e9cnicos y Profesionistas Petroleros (UNTyPP), tambi\u00e9n revelaron que varios de ellos compraron refacciones para las plantas en las que laboran dentro de los Complejos Petroqu\u00edmicos La Cangrejera y Morelos, ante la lentitud de las rehabilitaciones en \u00e9stos.<\/p>\n\n\n\n<p>&#8220;Ahorita Petr\u00f3leos Mexicanos desafortunadamente no le ha invertido a nuestros centros de trabajo, nuestros compa\u00f1eros, es una tristeza, est\u00e1n participando ellos econ\u00f3micamente para comprar los refaccionamientos apropiados para que la producci\u00f3n no se pare, es una verdad que se tiene que decir: La ausencia de la inversi\u00f3n nos est\u00e1 llevando a unas condiciones no favorables, para poder hacer producir nuestras plantas de proceso&#8221;, revel\u00f3 Mart\u00edn Ruiz G\u00e1mez, el l\u00edder nacional de la UNTyPP.<\/p>\n\n\n\n<p>A su m\u00e1s reciente visita por Coatzacoalcos el secretario general del STPRM, Ricardo Aldana Prieto, tambi\u00e9n se\u00f1al\u00f3 que no s\u00f3lo se enfrentan a la falta de mantenimiento en la mayor\u00eda de las instalaciones con las que cuenta Pemex en el sur, sino a la falta de entrega de equipos de protecci\u00f3n personal (EPP), lo que tratar\u00e1n en la revisi\u00f3n contractual de su Contrato Colectivo de Trabajo.<\/p>\n\n\n\n<p>&#8220;Esto es un tema que precisamente estamos viendo dentro de las condiciones laborales en el nuevo contrato, exigirle a la empresa que cumpla con el mantenimiento y la dotaci\u00f3n de equipos de protecci\u00f3n, ropa de trabajo, condiciones de higiene en ba\u00f1os, en instalaciones; pero, sobre todo, las medidas de seguridad que deben de tener las instalaciones petroleras, es un de alto riesgo&#8221;, confirm\u00f3 Aldana Prieto.<\/p>\n\n\n\n<p>Con informaci\u00f3n de Diario del Istmo<\/p>\n","protected":false},"excerpt":{"rendered":"<p>No s\u00f3lo los t\u00e9cnicos y profesionistas se lamentan por las malas condiciones en que se encuentran las instalaciones de Petr\u00f3leos Mexicanos (Pemex) en el sur, sino tambi\u00e9n el Sindicato de Trabajadores Petroleros de la Rep\u00fablica Mexicana (STPRM). Es preciso mencionar que en las dos semanas anteriores, agremiados de la Uni\u00f3n Nacional de T\u00e9cnicos y Profesionistas [&hellip;]<\/p>\n","protected":false},"author":4,"featured_media":60372,"comment_status":"closed","ping_status":"","sticky":false,"template":"","format":"standard","meta":{"footnotes":""},"categories":[2,19],"tags":[],"class_list":{"0":"post-60370","1":"post","2":"type-post","3":"status-publish","4":"format-standard","5":"has-post-thumbnail","7":"category-oaxaca","8":"category-nacional"},"yoast_head":"<!-- This site is optimized with the Yoast SEO plugin v27.4 - https:\/\/yoast.com\/product\/yoast-seo-wordpress\/ -->\n<title>&quot;Trabajan en instalaciones de alto riesgo&quot;: Ricardo Aldana sobre carencias en complejos de Pemex del sur. - LA BRAVA RADIO<\/title>\n<meta name=\"robots\" content=\"index, follow, max-snippet:-1, max-image-preview:large, max-video-preview:-1\" \/>\n<link rel=\"canonical\" href=\"https:\/\/www.bbmnoticias.com\/blog\/2025\/05\/20\/trabajan-en-instalaciones-de-alto-riesgo-ricardo-aldana-sobre-carencias-en-complejos-de-pemex-del-sur\/\" \/>\n<meta property=\"og:locale\" content=\"es_MX\" \/>\n<meta property=\"og:type\" content=\"article\" \/>\n<meta property=\"og:title\" content=\"&quot;Trabajan en instalaciones de alto riesgo&quot;: Ricardo Aldana sobre carencias en complejos de Pemex del sur. - LA BRAVA RADIO\" \/>\n<meta property=\"og:description\" content=\"No s\u00f3lo los t\u00e9cnicos y profesionistas se lamentan por las malas condiciones en que se encuentran las instalaciones de Petr\u00f3leos Mexicanos (Pemex) en el sur, sino tambi\u00e9n el Sindicato de Trabajadores Petroleros de la Rep\u00fablica Mexicana (STPRM). Es preciso mencionar que en las dos semanas anteriores, agremiados de la Uni\u00f3n Nacional de T\u00e9cnicos y Profesionistas [&hellip;]\" \/>\n<meta property=\"og:url\" content=\"https:\/\/www.bbmnoticias.com\/blog\/2025\/05\/20\/trabajan-en-instalaciones-de-alto-riesgo-ricardo-aldana-sobre-carencias-en-complejos-de-pemex-del-sur\/\" \/>\n<meta property=\"og:site_name\" content=\"LA BRAVA RADIO\" \/>\n<meta property=\"article:published_time\" content=\"2025-05-20T20:36:21+00:00\" \/>\n<meta property=\"article:modified_time\" content=\"2025-05-20T20:36:26+00:00\" \/>\n<meta property=\"og:image\" content=\"https:\/\/www.bbmnoticias.com\/labravaradiofm\/wp-content\/uploads\/sites\/5\/2025\/05\/ricardo_aldana-1.jpg\" \/>\n\t<meta property=\"og:image:width\" content=\"911\" \/>\n\t<meta property=\"og:image:height\" content=\"582\" \/>\n\t<meta property=\"og:image:type\" content=\"image\/jpeg\" \/>\n<meta name=\"author\" content=\"Agencias\" \/>\n<meta name=\"twitter:card\" content=\"summary_large_image\" \/>\n<meta name=\"twitter:label1\" content=\"Escrito por\" \/>\n\t<meta name=\"twitter:data1\" content=\"Agencias\" \/>\n\t<meta name=\"twitter:label2\" content=\"Tiempo de lectura\" \/>\n\t<meta name=\"twitter:data2\" content=\"2 minutos\" \/>\n<script type=\"application\/ld+json\" class=\"yoast-schema-graph\">{\"@context\":\"https:\\\/\\\/schema.org\",\"@graph\":[{\"@type\":\"Article\",\"@id\":\"https:\\\/\\\/www.bbmnoticias.com\\\/blog\\\/2025\\\/05\\\/20\\\/trabajan-en-instalaciones-de-alto-riesgo-ricardo-aldana-sobre-carencias-en-complejos-de-pemex-del-sur\\\/#article\",\"isPartOf\":{\"@id\":\"https:\\\/\\\/www.bbmnoticias.com\\\/labravaradiofm\\\/2025\\\/05\\\/20\\\/trabajan-en-instalaciones-de-alto-riesgo-ricardo-aldana-sobre-carencias-en-complejos-de-pemex-del-sur\\\/\"},\"author\":{\"name\":\"Agencias\",\"@id\":\"https:\\\/\\\/www.bbmnoticias.com\\\/labravaradiofm\\\/#\\\/schema\\\/person\\\/000bdaf0a8fb5bff0d537c4d0778e33f\"},\"headline\":\"&#8220;Trabajan en instalaciones de alto riesgo&#8221;: Ricardo Aldana sobre carencias en complejos de Pemex del sur.\",\"datePublished\":\"2025-05-20T20:36:21+00:00\",\"dateModified\":\"2025-05-20T20:36:26+00:00\",\"mainEntityOfPage\":{\"@id\":\"https:\\\/\\\/www.bbmnoticias.com\\\/labravaradiofm\\\/2025\\\/05\\\/20\\\/trabajan-en-instalaciones-de-alto-riesgo-ricardo-aldana-sobre-carencias-en-complejos-de-pemex-del-sur\\\/\"},\"wordCount\":345,\"image\":{\"@id\":\"https:\\\/\\\/www.bbmnoticias.com\\\/blog\\\/2025\\\/05\\\/20\\\/trabajan-en-instalaciones-de-alto-riesgo-ricardo-aldana-sobre-carencias-en-complejos-de-pemex-del-sur\\\/#primaryimage\"},\"thumbnailUrl\":\"https:\\\/\\\/www.bbmnoticias.com\\\/labravaradiofm\\\/wp-content\\\/uploads\\\/sites\\\/5\\\/2025\\\/05\\\/ricardo_aldana-1.jpg\",\"articleSection\":[\"LOCAL\",\"NACIONAL\"],\"inLanguage\":\"es\"},{\"@type\":\"WebPage\",\"@id\":\"https:\\\/\\\/www.bbmnoticias.com\\\/labravaradiofm\\\/2025\\\/05\\\/20\\\/trabajan-en-instalaciones-de-alto-riesgo-ricardo-aldana-sobre-carencias-en-complejos-de-pemex-del-sur\\\/\",\"url\":\"https:\\\/\\\/www.bbmnoticias.com\\\/blog\\\/2025\\\/05\\\/20\\\/trabajan-en-instalaciones-de-alto-riesgo-ricardo-aldana-sobre-carencias-en-complejos-de-pemex-del-sur\\\/\",\"name\":\"\\\"Trabajan en instalaciones de alto riesgo\\\": Ricardo Aldana sobre carencias en complejos de Pemex del sur. - LA BRAVA RADIO\",\"isPartOf\":{\"@id\":\"https:\\\/\\\/www.bbmnoticias.com\\\/labravaradiofm\\\/#website\"},\"primaryImageOfPage\":{\"@id\":\"https:\\\/\\\/www.bbmnoticias.com\\\/blog\\\/2025\\\/05\\\/20\\\/trabajan-en-instalaciones-de-alto-riesgo-ricardo-aldana-sobre-carencias-en-complejos-de-pemex-del-sur\\\/#primaryimage\"},\"image\":{\"@id\":\"https:\\\/\\\/www.bbmnoticias.com\\\/blog\\\/2025\\\/05\\\/20\\\/trabajan-en-instalaciones-de-alto-riesgo-ricardo-aldana-sobre-carencias-en-complejos-de-pemex-del-sur\\\/#primaryimage\"},\"thumbnailUrl\":\"https:\\\/\\\/www.bbmnoticias.com\\\/labravaradiofm\\\/wp-content\\\/uploads\\\/sites\\\/5\\\/2025\\\/05\\\/ricardo_aldana-1.jpg\",\"datePublished\":\"2025-05-20T20:36:21+00:00\",\"dateModified\":\"2025-05-20T20:36:26+00:00\",\"author\":{\"@id\":\"https:\\\/\\\/www.bbmnoticias.com\\\/labravaradiofm\\\/#\\\/schema\\\/person\\\/000bdaf0a8fb5bff0d537c4d0778e33f\"},\"breadcrumb\":{\"@id\":\"https:\\\/\\\/www.bbmnoticias.com\\\/blog\\\/2025\\\/05\\\/20\\\/trabajan-en-instalaciones-de-alto-riesgo-ricardo-aldana-sobre-carencias-en-complejos-de-pemex-del-sur\\\/#breadcrumb\"},\"inLanguage\":\"es\",\"potentialAction\":[{\"@type\":\"ReadAction\",\"target\":[\"https:\\\/\\\/www.bbmnoticias.com\\\/blog\\\/2025\\\/05\\\/20\\\/trabajan-en-instalaciones-de-alto-riesgo-ricardo-aldana-sobre-carencias-en-complejos-de-pemex-del-sur\\\/\"]}]},{\"@type\":\"ImageObject\",\"inLanguage\":\"es\",\"@id\":\"https:\\\/\\\/www.bbmnoticias.com\\\/blog\\\/2025\\\/05\\\/20\\\/trabajan-en-instalaciones-de-alto-riesgo-ricardo-aldana-sobre-carencias-en-complejos-de-pemex-del-sur\\\/#primaryimage\",\"url\":\"https:\\\/\\\/www.bbmnoticias.com\\\/labravaradiofm\\\/wp-content\\\/uploads\\\/sites\\\/5\\\/2025\\\/05\\\/ricardo_aldana-1.jpg\",\"contentUrl\":\"https:\\\/\\\/www.bbmnoticias.com\\\/labravaradiofm\\\/wp-content\\\/uploads\\\/sites\\\/5\\\/2025\\\/05\\\/ricardo_aldana-1.jpg\",\"width\":911,\"height\":582},{\"@type\":\"BreadcrumbList\",\"@id\":\"https:\\\/\\\/www.bbmnoticias.com\\\/blog\\\/2025\\\/05\\\/20\\\/trabajan-en-instalaciones-de-alto-riesgo-ricardo-aldana-sobre-carencias-en-complejos-de-pemex-del-sur\\\/#breadcrumb\",\"itemListElement\":[{\"@type\":\"ListItem\",\"position\":1,\"name\":\"Inicio\",\"item\":\"https:\\\/\\\/www.bbmnoticias.com\\\/labravaradiofm\\\/\"},{\"@type\":\"ListItem\",\"position\":2,\"name\":\"&#8220;Trabajan en instalaciones de alto riesgo&#8221;: Ricardo Aldana sobre carencias en complejos de Pemex del sur.\"}]},{\"@type\":\"WebSite\",\"@id\":\"https:\\\/\\\/www.bbmnoticias.com\\\/labravaradiofm\\\/#website\",\"url\":\"https:\\\/\\\/www.bbmnoticias.com\\\/labravaradiofm\\\/\",\"name\":\"LA BRAVA RADIO\",\"description\":\"Empresa productora de medios, Radiodifusi\u00f3n, Noticias, tendencias y todo lo que necesitas saber de la pol\u00edtica mexicana e internacional; entretenimiento, espect\u00e1culos, salud y mucho m\u00e1s.\",\"potentialAction\":[{\"@type\":\"SearchAction\",\"target\":{\"@type\":\"EntryPoint\",\"urlTemplate\":\"https:\\\/\\\/www.bbmnoticias.com\\\/labravaradiofm\\\/?s={search_term_string}\"},\"query-input\":{\"@type\":\"PropertyValueSpecification\",\"valueRequired\":true,\"valueName\":\"search_term_string\"}}],\"inLanguage\":\"es\"},{\"@type\":\"Person\",\"@id\":\"https:\\\/\\\/www.bbmnoticias.com\\\/labravaradiofm\\\/#\\\/schema\\\/person\\\/000bdaf0a8fb5bff0d537c4d0778e33f\",\"name\":\"Agencias\",\"image\":{\"@type\":\"ImageObject\",\"inLanguage\":\"es\",\"@id\":\"https:\\\/\\\/secure.gravatar.com\\\/avatar\\\/739e0b61adf9e398b425c36718c8752286da0e8cd90f20ce9a86678abc26aa0d?s=96&d=mm&r=g\",\"url\":\"https:\\\/\\\/secure.gravatar.com\\\/avatar\\\/739e0b61adf9e398b425c36718c8752286da0e8cd90f20ce9a86678abc26aa0d?s=96&d=mm&r=g\",\"contentUrl\":\"https:\\\/\\\/secure.gravatar.com\\\/avatar\\\/739e0b61adf9e398b425c36718c8752286da0e8cd90f20ce9a86678abc26aa0d?s=96&d=mm&r=g\",\"caption\":\"Agencias\"},\"url\":\"https:\\\/\\\/www.bbmnoticias.com\\\/labravaradiofm\\\/author\\\/agencias\\\/\"}]}<\/script>\n<!-- \/ Yoast SEO plugin. -->","yoast_head_json":{"title":"\"Trabajan en instalaciones de alto riesgo\": Ricardo Aldana sobre carencias en complejos de Pemex del sur. - LA BRAVA RADIO","robots":{"index":"index","follow":"follow","max-snippet":"max-snippet:-1","max-image-preview":"max-image-preview:large","max-video-preview":"max-video-preview:-1"},"canonical":"https:\/\/www.bbmnoticias.com\/blog\/2025\/05\/20\/trabajan-en-instalaciones-de-alto-riesgo-ricardo-aldana-sobre-carencias-en-complejos-de-pemex-del-sur\/","og_locale":"es_MX","og_type":"article","og_title":"\"Trabajan en instalaciones de alto riesgo\": Ricardo Aldana sobre carencias en complejos de Pemex del sur. - LA BRAVA RADIO","og_description":"No s\u00f3lo los t\u00e9cnicos y profesionistas se lamentan por las malas condiciones en que se encuentran las instalaciones de Petr\u00f3leos Mexicanos (Pemex) en el sur, sino tambi\u00e9n el Sindicato de Trabajadores Petroleros de la Rep\u00fablica Mexicana (STPRM). Es preciso mencionar que en las dos semanas anteriores, agremiados de la Uni\u00f3n Nacional de T\u00e9cnicos y Profesionistas [&hellip;]","og_url":"https:\/\/www.bbmnoticias.com\/blog\/2025\/05\/20\/trabajan-en-instalaciones-de-alto-riesgo-ricardo-aldana-sobre-carencias-en-complejos-de-pemex-del-sur\/","og_site_name":"LA BRAVA RADIO","article_published_time":"2025-05-20T20:36:21+00:00","article_modified_time":"2025-05-20T20:36:26+00:00","og_image":[{"width":911,"height":582,"url":"https:\/\/www.bbmnoticias.com\/labravaradiofm\/wp-content\/uploads\/sites\/5\/2025\/05\/ricardo_aldana-1.jpg","type":"image\/jpeg"}],"author":"Agencias","twitter_card":"summary_large_image","twitter_misc":{"Escrito por":"Agencias","Tiempo de lectura":"2 minutos"},"schema":{"@context":"https:\/\/schema.org","@graph":[{"@type":"Article","@id":"https:\/\/www.bbmnoticias.com\/blog\/2025\/05\/20\/trabajan-en-instalaciones-de-alto-riesgo-ricardo-aldana-sobre-carencias-en-complejos-de-pemex-del-sur\/#article","isPartOf":{"@id":"https:\/\/www.bbmnoticias.com\/labravaradiofm\/2025\/05\/20\/trabajan-en-instalaciones-de-alto-riesgo-ricardo-aldana-sobre-carencias-en-complejos-de-pemex-del-sur\/"},"author":{"name":"Agencias","@id":"https:\/\/www.bbmnoticias.com\/labravaradiofm\/#\/schema\/person\/000bdaf0a8fb5bff0d537c4d0778e33f"},"headline":"&#8220;Trabajan en instalaciones de alto riesgo&#8221;: Ricardo Aldana sobre carencias en complejos de Pemex del sur.","datePublished":"2025-05-20T20:36:21+00:00","dateModified":"2025-05-20T20:36:26+00:00","mainEntityOfPage":{"@id":"https:\/\/www.bbmnoticias.com\/labravaradiofm\/2025\/05\/20\/trabajan-en-instalaciones-de-alto-riesgo-ricardo-aldana-sobre-carencias-en-complejos-de-pemex-del-sur\/"},"wordCount":345,"image":{"@id":"https:\/\/www.bbmnoticias.com\/blog\/2025\/05\/20\/trabajan-en-instalaciones-de-alto-riesgo-ricardo-aldana-sobre-carencias-en-complejos-de-pemex-del-sur\/#primaryimage"},"thumbnailUrl":"https:\/\/www.bbmnoticias.com\/labravaradiofm\/wp-content\/uploads\/sites\/5\/2025\/05\/ricardo_aldana-1.jpg","articleSection":["LOCAL","NACIONAL"],"inLanguage":"es"},{"@type":"WebPage","@id":"https:\/\/www.bbmnoticias.com\/labravaradiofm\/2025\/05\/20\/trabajan-en-instalaciones-de-alto-riesgo-ricardo-aldana-sobre-carencias-en-complejos-de-pemex-del-sur\/","url":"https:\/\/www.bbmnoticias.com\/blog\/2025\/05\/20\/trabajan-en-instalaciones-de-alto-riesgo-ricardo-aldana-sobre-carencias-en-complejos-de-pemex-del-sur\/","name":"\"Trabajan en instalaciones de alto riesgo\": Ricardo Aldana sobre carencias en complejos de Pemex del sur. - LA BRAVA RADIO","isPartOf":{"@id":"https:\/\/www.bbmnoticias.com\/labravaradiofm\/#website"},"primaryImageOfPage":{"@id":"https:\/\/www.bbmnoticias.com\/blog\/2025\/05\/20\/trabajan-en-instalaciones-de-alto-riesgo-ricardo-aldana-sobre-carencias-en-complejos-de-pemex-del-sur\/#primaryimage"},"image":{"@id":"https:\/\/www.bbmnoticias.com\/blog\/2025\/05\/20\/trabajan-en-instalaciones-de-alto-riesgo-ricardo-aldana-sobre-carencias-en-complejos-de-pemex-del-sur\/#primaryimage"},"thumbnailUrl":"https:\/\/www.bbmnoticias.com\/labravaradiofm\/wp-content\/uploads\/sites\/5\/2025\/05\/ricardo_aldana-1.jpg","datePublished":"2025-05-20T20:36:21+00:00","dateModified":"2025-05-20T20:36:26+00:00","author":{"@id":"https:\/\/www.bbmnoticias.com\/labravaradiofm\/#\/schema\/person\/000bdaf0a8fb5bff0d537c4d0778e33f"},"breadcrumb":{"@id":"https:\/\/www.bbmnoticias.com\/blog\/2025\/05\/20\/trabajan-en-instalaciones-de-alto-riesgo-ricardo-aldana-sobre-carencias-en-complejos-de-pemex-del-sur\/#breadcrumb"},"inLanguage":"es","potentialAction":[{"@type":"ReadAction","target":["https:\/\/www.bbmnoticias.com\/blog\/2025\/05\/20\/trabajan-en-instalaciones-de-alto-riesgo-ricardo-aldana-sobre-carencias-en-complejos-de-pemex-del-sur\/"]}]},{"@type":"ImageObject","inLanguage":"es","@id":"https:\/\/www.bbmnoticias.com\/blog\/2025\/05\/20\/trabajan-en-instalaciones-de-alto-riesgo-ricardo-aldana-sobre-carencias-en-complejos-de-pemex-del-sur\/#primaryimage","url":"https:\/\/www.bbmnoticias.com\/labravaradiofm\/wp-content\/uploads\/sites\/5\/2025\/05\/ricardo_aldana-1.jpg","contentUrl":"https:\/\/www.bbmnoticias.com\/labravaradiofm\/wp-content\/uploads\/sites\/5\/2025\/05\/ricardo_aldana-1.jpg","width":911,"height":582},{"@type":"BreadcrumbList","@id":"https:\/\/www.bbmnoticias.com\/blog\/2025\/05\/20\/trabajan-en-instalaciones-de-alto-riesgo-ricardo-aldana-sobre-carencias-en-complejos-de-pemex-del-sur\/#breadcrumb","itemListElement":[{"@type":"ListItem","position":1,"name":"Inicio","item":"https:\/\/www.bbmnoticias.com\/labravaradiofm\/"},{"@type":"ListItem","position":2,"name":"&#8220;Trabajan en instalaciones de alto riesgo&#8221;: Ricardo Aldana sobre carencias en complejos de Pemex del sur."}]},{"@type":"WebSite","@id":"https:\/\/www.bbmnoticias.com\/labravaradiofm\/#website","url":"https:\/\/www.bbmnoticias.com\/labravaradiofm\/","name":"LA BRAVA RADIO","description":"Empresa productora de medios, Radiodifusi\u00f3n, Noticias, tendencias y todo lo que necesitas saber de la pol\u00edtica mexicana e internacional; entretenimiento, espect\u00e1culos, salud y mucho m\u00e1s.","potentialAction":[{"@type":"SearchAction","target":{"@type":"EntryPoint","urlTemplate":"https:\/\/www.bbmnoticias.com\/labravaradiofm\/?s={search_term_string}"},"query-input":{"@type":"PropertyValueSpecification","valueRequired":true,"valueName":"search_term_string"}}],"inLanguage":"es"},{"@type":"Person","@id":"https:\/\/www.bbmnoticias.com\/labravaradiofm\/#\/schema\/person\/000bdaf0a8fb5bff0d537c4d0778e33f","name":"Agencias","image":{"@type":"ImageObject","inLanguage":"es","@id":"https:\/\/secure.gravatar.com\/avatar\/739e0b61adf9e398b425c36718c8752286da0e8cd90f20ce9a86678abc26aa0d?s=96&d=mm&r=g","url":"https:\/\/secure.gravatar.com\/avatar\/739e0b61adf9e398b425c36718c8752286da0e8cd90f20ce9a86678abc26aa0d?s=96&d=mm&r=g","contentUrl":"https:\/\/secure.gravatar.com\/avatar\/739e0b61adf9e398b425c36718c8752286da0e8cd90f20ce9a86678abc26aa0d?s=96&d=mm&r=g","caption":"Agencias"},"url":"https:\/\/www.bbmnoticias.com\/labravaradiofm\/author\/agencias\/"}]}},"_links":{"self":[{"href":"https:\/\/www.bbmnoticias.com\/labravaradiofm\/wp-json\/wp\/v2\/posts\/60370","targetHints":{"allow":["GET"]}}],"collection":[{"href":"https:\/\/www.bbmnoticias.com\/labravaradiofm\/wp-json\/wp\/v2\/posts"}],"about":[{"href":"https:\/\/www.bbmnoticias.com\/labravaradiofm\/wp-json\/wp\/v2\/types\/post"}],"author":[{"embeddable":true,"href":"https:\/\/www.bbmnoticias.com\/labravaradiofm\/wp-json\/wp\/v2\/users\/4"}],"replies":[{"embeddable":true,"href":"https:\/\/www.bbmnoticias.com\/labravaradiofm\/wp-json\/wp\/v2\/comments?post=60370"}],"version-history":[{"count":0,"href":"https:\/\/www.bbmnoticias.com\/labravaradiofm\/wp-json\/wp\/v2\/posts\/60370\/revisions"}],"wp:featuredmedia":[{"embeddable":true,"href":"https:\/\/www.bbmnoticias.com\/labravaradiofm\/wp-json\/wp\/v2\/media\/60372"}],"wp:attachment":[{"href":"https:\/\/www.bbmnoticias.com\/labravaradiofm\/wp-json\/wp\/v2\/media?parent=60370"}],"wp:term":[{"taxonomy":"category","embeddable":true,"href":"https:\/\/www.bbmnoticias.com\/labravaradiofm\/wp-json\/wp\/v2\/categories?post=60370"},{"taxonomy":"post_tag","embeddable":true,"href":"https:\/\/www.bbmnoticias.com\/labravaradiofm\/wp-json\/wp\/v2\/tags?post=60370"}],"curies":[{"name":"wp","href":"https:\/\/api.w.org\/{rel}","templated":true}]}}