{"id":60367,"date":"2025-05-20T14:31:05","date_gmt":"2025-05-20T20:31:05","guid":{"rendered":"https:\/\/www.bbmnoticias.com\/labravaradiofm\/2025\/05\/20\/instala-gobernador-de-oaxaca-consejo-de-proteccion-civil-para-vigilar-y-responder-en-temporada-de-lluvias-y-huracanes\/"},"modified":"2025-05-20T14:31:11","modified_gmt":"2025-05-20T20:31:11","slug":"instala-gobernador-de-oaxaca-consejo-de-proteccion-civil-para-vigilar-y-responder-en-temporada-de-lluvias-y-huracanes","status":"publish","type":"post","link":"https:\/\/www.bbmnoticias.com\/labravaradiofm\/2025\/05\/20\/instala-gobernador-de-oaxaca-consejo-de-proteccion-civil-para-vigilar-y-responder-en-temporada-de-lluvias-y-huracanes\/","title":{"rendered":"Instala Gobernador de Oaxaca Consejo de Protecci\u00f3n Civil para vigilar y responder en temporada de lluvias y huracanes"},"content":{"rendered":"<div style=\"margin-top: 0px; margin-bottom: 0px;\" class=\"sharethis-inline-share-buttons\" ><\/div>\n<p><strong>Santa Luc\u00eda del Camino, Oax. 20 de mayo de 2025.-<\/strong> Ante el inicio de la temporada de tormentas tropicales y huracanes, el Gobernador Salom\u00f3n Jara Cruz instal\u00f3 la Segunda Sesi\u00f3n Ordinaria del Consejo Estatal de Protecci\u00f3n Civil y Gesti\u00f3n de Riesgos, en la cual anunci\u00f3 una inversi\u00f3n estatal por 325.79 millones de pesos para acciones preventivas y de atenci\u00f3n a emergencias por desastres.<\/p>\n\n\n\n<p>En esta reuni\u00f3n, el Mandatario estatal refrend\u00f3 el compromiso de su administraci\u00f3n para estar preparada y atender a la ciudadan\u00eda oaxaque\u00f1a en esta \u00e9poca en la que se esperan de 16 a 20 depresiones tropicales y huracanes en el Oc\u00e9ano Pac\u00edfico, y de 13 a 17 en el Atl\u00e1ntico.<\/p>\n\n\n\n<p>Expuso que la prevenci\u00f3n es la mejor herramienta y la protecci\u00f3n civil una cultura que se debe fortalecer, por lo que durante esta temporada no se debe bajar la guardia.<\/p>\n\n\n\n<p>\u201cDesde el Gobierno del Estado, en coordinaci\u00f3n con la federaci\u00f3n y los municipios, hemos activado los protocolos de vigilancia, atenci\u00f3n y respuesta inmediata para la salvaguarda de la vida de las personas\u201d, destac\u00f3 al tiempo de convocar a las autoridades a unir esfuerzos para responder con responsabilidad y humanismo en auxilio de la poblaci\u00f3n.<\/p>\n\n\n\n<p>El director del Organismo Cuenca Pac\u00edfico Sur de la Comisi\u00f3n Nacional del Agua (Conagua), Juli\u00e1n Rub\u00e9n R\u00edos \u00c1ngeles expuso las acciones de esta instancia y el pron\u00f3stico de las condiciones clim\u00e1ticas durante esta temporada de lluvias.<\/p>\n\n\n\n<p>Destac\u00f3 que, durante los meses de mayo y junio, se prev\u00e9 que Oaxaca registre lluvias por arriba del promedio, particularmente en las regiones monta\u00f1osas y del oriente y sureste del estado.<\/p>\n\n\n\n<p><strong>Trabajos preventivos para la Temporada de Lluvias y Huracanes 2025<\/strong><\/p>\n\n\n\n<p>En el encuentro al que asisti\u00f3 el secretario de Gobierno, Jes\u00fas Romero L\u00f3pez, en su calidad de secretario ejecutivo del Consejo; as\u00ed como, representantes de los gobiernos federal y estatal, autoridades municipales y de las Fuerzas Armadas; el titular de la Coordinaci\u00f3n Estatal de Protecci\u00f3n Civil y Gesti\u00f3n de Riesgos CEPCyGR, Manuel Maza S\u00e1nchez inform\u00f3 las acciones preventivas y de atenci\u00f3n a emergencias para esta temporada.<\/p>\n\n\n\n<p>Entre ellas destaca la construcci\u00f3n de dos Centros Regionales Multitareas de Protecci\u00f3n Civil, ubicados en las regiones de la Costa, en un predio donado por el municipio de Santa Mar\u00eda Tonameca y del Istmo de Tehuantepec, en la Heroica Ciudad de Juchit\u00e1n de Zaragoza, con una inversi\u00f3n de 150 millones de pesos; as\u00ed tambi\u00e9n la contrataci\u00f3n de seguro param\u00e9trico para sismos y huracanes (\u201ctormenta de vientos identificada\u201d-sic)&nbsp; por 140 millones de pesos y 35.79 millones como aportaci\u00f3n al Fondo de Desastres Naturales del Estado de Oaxaca (FDNEO) para el ejercicio 2025. Estas acciones suman 325.79 millones de pesos.<\/p>\n\n\n\n<p>Adicionalmente durante 2024 y 2025 se han elaborado 143 Atlas municipales de riesgos activos para esta temporada.<\/p>\n\n\n\n<p>El tambi\u00e9n secretario t\u00e9cnico del Consejo indic\u00f3 que se realizaron las Jornadas Integrales de Capacitaci\u00f3n en Protecci\u00f3n Civil en las regiones de Costa, Istmo de Tehuantepec, Sierra de Flores Mag\u00f3n y Cuenca del Papaloapan, en que se instruyeron a 300 municipios, con corte al 12 de mayo; a las cuales asistieron mil 284 personas funcionarias y, para la tercera semana de mayo de 2025, se reactivan en la Costa.<\/p>\n\n\n\n<p>Hasta el 12 de mayo se han instalado 183 refugios temporales; 56 en la Costa, 60 en la Cuenca del Papaloapan, 21 en la Mixteca, 13 en la Sierra Sur, 19 en el Istmo y 14 en Valles Centrales.<\/p>\n\n\n\n<p>Los espacios son principalmente auditorios municipales, casas ejidales, casas de representaci\u00f3n, agencias y salones de usos m\u00faltiples que cuentan con los servicios b\u00e1sicos. No se emplear\u00e1n escuelas como refugios temporales.<\/p>\n\n\n\n<p>El jefe de la Unidad de Salud P\u00fablica de Servicios de Salud de Oaxaca (SSO), Daniel L\u00f3pez Regalado se\u00f1al\u00f3 que se refuerzan las acciones para la presentaci\u00f3n y promoci\u00f3n de la salud en la eliminaci\u00f3n de larvarios del mosquito transmisor del dengue, el cual se prolifera por la presencia de las lluvias. Detall\u00f3 que en 4 de cada 10 casas se registra una positividad, por lo que pidi\u00f3 la colaboraci\u00f3n de la ciudadan\u00eda para realizar tequios en los hogares y limpiar los espacios.<\/p>\n","protected":false},"excerpt":{"rendered":"<p>Santa Luc\u00eda del Camino, Oax. 20 de mayo de 2025.- Ante el inicio de la temporada de tormentas tropicales y huracanes, el Gobernador Salom\u00f3n Jara Cruz instal\u00f3 la Segunda Sesi\u00f3n Ordinaria del Consejo Estatal de Protecci\u00f3n Civil y Gesti\u00f3n de Riesgos, en la cual anunci\u00f3 una inversi\u00f3n estatal por 325.79 millones de pesos para acciones [&hellip;]<\/p>\n","protected":false},"author":2,"featured_media":60369,"comment_status":"closed","ping_status":"","sticky":false,"template":"","format":"standard","meta":{"footnotes":""},"categories":[2],"tags":[],"class_list":{"0":"post-60367","1":"post","2":"type-post","3":"status-publish","4":"format-standard","5":"has-post-thumbnail","7":"category-oaxaca"},"yoast_head":"<!-- This site is optimized with the Yoast SEO plugin v27.4 - https:\/\/yoast.com\/product\/yoast-seo-wordpress\/ -->\n<title>Instala Gobernador de Oaxaca Consejo de Protecci\u00f3n Civil para vigilar y responder en temporada de lluvias y huracanes - LA BRAVA RADIO<\/title>\n<meta name=\"robots\" content=\"index, follow, max-snippet:-1, max-image-preview:large, max-video-preview:-1\" \/>\n<link rel=\"canonical\" href=\"https:\/\/www.bbmnoticias.com\/blog\/2025\/05\/20\/instala-gobernador-de-oaxaca-consejo-de-proteccion-civil-para-vigilar-y-responder-en-temporada-de-lluvias-y-huracanes\/\" \/>\n<meta property=\"og:locale\" content=\"es_MX\" \/>\n<meta property=\"og:type\" content=\"article\" \/>\n<meta property=\"og:title\" content=\"Instala Gobernador de Oaxaca Consejo de Protecci\u00f3n Civil para vigilar y responder en temporada de lluvias y huracanes - LA BRAVA RADIO\" \/>\n<meta property=\"og:description\" content=\"Santa Luc\u00eda del Camino, Oax. 20 de mayo de 2025.- Ante el inicio de la temporada de tormentas tropicales y huracanes, el Gobernador Salom\u00f3n Jara Cruz instal\u00f3 la Segunda Sesi\u00f3n Ordinaria del Consejo Estatal de Protecci\u00f3n Civil y Gesti\u00f3n de Riesgos, en la cual anunci\u00f3 una inversi\u00f3n estatal por 325.79 millones de pesos para acciones [&hellip;]\" \/>\n<meta property=\"og:url\" content=\"https:\/\/www.bbmnoticias.com\/blog\/2025\/05\/20\/instala-gobernador-de-oaxaca-consejo-de-proteccion-civil-para-vigilar-y-responder-en-temporada-de-lluvias-y-huracanes\/\" \/>\n<meta property=\"og:site_name\" content=\"LA BRAVA RADIO\" \/>\n<meta property=\"article:published_time\" content=\"2025-05-20T20:31:05+00:00\" \/>\n<meta property=\"article:modified_time\" content=\"2025-05-20T20:31:11+00:00\" \/>\n<meta property=\"og:image\" content=\"https:\/\/www.bbmnoticias.com\/labravaradiofm\/wp-content\/uploads\/sites\/5\/2025\/05\/sjc_proteccion_civil.jpeg\" \/>\n\t<meta property=\"og:image:width\" content=\"1280\" \/>\n\t<meta property=\"og:image:height\" content=\"853\" \/>\n\t<meta property=\"og:image:type\" content=\"image\/jpeg\" \/>\n<meta name=\"author\" content=\"Staff\" \/>\n<meta name=\"twitter:card\" content=\"summary_large_image\" \/>\n<meta name=\"twitter:label1\" content=\"Escrito por\" \/>\n\t<meta name=\"twitter:data1\" content=\"Staff\" \/>\n\t<meta name=\"twitter:label2\" content=\"Tiempo de lectura\" \/>\n\t<meta name=\"twitter:data2\" content=\"4 minutos\" \/>\n<script type=\"application\/ld+json\" class=\"yoast-schema-graph\">{\"@context\":\"https:\\\/\\\/schema.org\",\"@graph\":[{\"@type\":\"Article\",\"@id\":\"https:\\\/\\\/www.bbmnoticias.com\\\/blog\\\/2025\\\/05\\\/20\\\/instala-gobernador-de-oaxaca-consejo-de-proteccion-civil-para-vigilar-y-responder-en-temporada-de-lluvias-y-huracanes\\\/#article\",\"isPartOf\":{\"@id\":\"https:\\\/\\\/www.bbmnoticias.com\\\/labravaradiofm\\\/2025\\\/05\\\/20\\\/instala-gobernador-de-oaxaca-consejo-de-proteccion-civil-para-vigilar-y-responder-en-temporada-de-lluvias-y-huracanes\\\/\"},\"author\":{\"name\":\"Staff\",\"@id\":\"https:\\\/\\\/www.bbmnoticias.com\\\/labravaradiofm\\\/#\\\/schema\\\/person\\\/68a9e9036ef3c5b55aeb2b71dc8bab45\"},\"headline\":\"Instala Gobernador de Oaxaca Consejo de Protecci\u00f3n Civil para vigilar y responder en temporada de lluvias y huracanes\",\"datePublished\":\"2025-05-20T20:31:05+00:00\",\"dateModified\":\"2025-05-20T20:31:11+00:00\",\"mainEntityOfPage\":{\"@id\":\"https:\\\/\\\/www.bbmnoticias.com\\\/labravaradiofm\\\/2025\\\/05\\\/20\\\/instala-gobernador-de-oaxaca-consejo-de-proteccion-civil-para-vigilar-y-responder-en-temporada-de-lluvias-y-huracanes\\\/\"},\"wordCount\":728,\"image\":{\"@id\":\"https:\\\/\\\/www.bbmnoticias.com\\\/blog\\\/2025\\\/05\\\/20\\\/instala-gobernador-de-oaxaca-consejo-de-proteccion-civil-para-vigilar-y-responder-en-temporada-de-lluvias-y-huracanes\\\/#primaryimage\"},\"thumbnailUrl\":\"https:\\\/\\\/www.bbmnoticias.com\\\/labravaradiofm\\\/wp-content\\\/uploads\\\/sites\\\/5\\\/2025\\\/05\\\/sjc_proteccion_civil.jpeg\",\"articleSection\":[\"LOCAL\"],\"inLanguage\":\"es\"},{\"@type\":\"WebPage\",\"@id\":\"https:\\\/\\\/www.bbmnoticias.com\\\/labravaradiofm\\\/2025\\\/05\\\/20\\\/instala-gobernador-de-oaxaca-consejo-de-proteccion-civil-para-vigilar-y-responder-en-temporada-de-lluvias-y-huracanes\\\/\",\"url\":\"https:\\\/\\\/www.bbmnoticias.com\\\/blog\\\/2025\\\/05\\\/20\\\/instala-gobernador-de-oaxaca-consejo-de-proteccion-civil-para-vigilar-y-responder-en-temporada-de-lluvias-y-huracanes\\\/\",\"name\":\"Instala Gobernador de Oaxaca Consejo de Protecci\u00f3n Civil para vigilar y responder en temporada de lluvias y huracanes - LA BRAVA RADIO\",\"isPartOf\":{\"@id\":\"https:\\\/\\\/www.bbmnoticias.com\\\/labravaradiofm\\\/#website\"},\"primaryImageOfPage\":{\"@id\":\"https:\\\/\\\/www.bbmnoticias.com\\\/blog\\\/2025\\\/05\\\/20\\\/instala-gobernador-de-oaxaca-consejo-de-proteccion-civil-para-vigilar-y-responder-en-temporada-de-lluvias-y-huracanes\\\/#primaryimage\"},\"image\":{\"@id\":\"https:\\\/\\\/www.bbmnoticias.com\\\/blog\\\/2025\\\/05\\\/20\\\/instala-gobernador-de-oaxaca-consejo-de-proteccion-civil-para-vigilar-y-responder-en-temporada-de-lluvias-y-huracanes\\\/#primaryimage\"},\"thumbnailUrl\":\"https:\\\/\\\/www.bbmnoticias.com\\\/labravaradiofm\\\/wp-content\\\/uploads\\\/sites\\\/5\\\/2025\\\/05\\\/sjc_proteccion_civil.jpeg\",\"datePublished\":\"2025-05-20T20:31:05+00:00\",\"dateModified\":\"2025-05-20T20:31:11+00:00\",\"author\":{\"@id\":\"https:\\\/\\\/www.bbmnoticias.com\\\/labravaradiofm\\\/#\\\/schema\\\/person\\\/68a9e9036ef3c5b55aeb2b71dc8bab45\"},\"breadcrumb\":{\"@id\":\"https:\\\/\\\/www.bbmnoticias.com\\\/blog\\\/2025\\\/05\\\/20\\\/instala-gobernador-de-oaxaca-consejo-de-proteccion-civil-para-vigilar-y-responder-en-temporada-de-lluvias-y-huracanes\\\/#breadcrumb\"},\"inLanguage\":\"es\",\"potentialAction\":[{\"@type\":\"ReadAction\",\"target\":[\"https:\\\/\\\/www.bbmnoticias.com\\\/blog\\\/2025\\\/05\\\/20\\\/instala-gobernador-de-oaxaca-consejo-de-proteccion-civil-para-vigilar-y-responder-en-temporada-de-lluvias-y-huracanes\\\/\"]}]},{\"@type\":\"ImageObject\",\"inLanguage\":\"es\",\"@id\":\"https:\\\/\\\/www.bbmnoticias.com\\\/blog\\\/2025\\\/05\\\/20\\\/instala-gobernador-de-oaxaca-consejo-de-proteccion-civil-para-vigilar-y-responder-en-temporada-de-lluvias-y-huracanes\\\/#primaryimage\",\"url\":\"https:\\\/\\\/www.bbmnoticias.com\\\/labravaradiofm\\\/wp-content\\\/uploads\\\/sites\\\/5\\\/2025\\\/05\\\/sjc_proteccion_civil.jpeg\",\"contentUrl\":\"https:\\\/\\\/www.bbmnoticias.com\\\/labravaradiofm\\\/wp-content\\\/uploads\\\/sites\\\/5\\\/2025\\\/05\\\/sjc_proteccion_civil.jpeg\",\"width\":1280,\"height\":853},{\"@type\":\"BreadcrumbList\",\"@id\":\"https:\\\/\\\/www.bbmnoticias.com\\\/blog\\\/2025\\\/05\\\/20\\\/instala-gobernador-de-oaxaca-consejo-de-proteccion-civil-para-vigilar-y-responder-en-temporada-de-lluvias-y-huracanes\\\/#breadcrumb\",\"itemListElement\":[{\"@type\":\"ListItem\",\"position\":1,\"name\":\"Inicio\",\"item\":\"https:\\\/\\\/www.bbmnoticias.com\\\/labravaradiofm\\\/\"},{\"@type\":\"ListItem\",\"position\":2,\"name\":\"Instala Gobernador de Oaxaca Consejo de Protecci\u00f3n Civil para vigilar y responder en temporada de lluvias y huracanes\"}]},{\"@type\":\"WebSite\",\"@id\":\"https:\\\/\\\/www.bbmnoticias.com\\\/labravaradiofm\\\/#website\",\"url\":\"https:\\\/\\\/www.bbmnoticias.com\\\/labravaradiofm\\\/\",\"name\":\"LA BRAVA RADIO\",\"description\":\"Empresa productora de medios, Radiodifusi\u00f3n, Noticias, tendencias y todo lo que necesitas saber de la pol\u00edtica mexicana e internacional; entretenimiento, espect\u00e1culos, salud y mucho m\u00e1s.\",\"potentialAction\":[{\"@type\":\"SearchAction\",\"target\":{\"@type\":\"EntryPoint\",\"urlTemplate\":\"https:\\\/\\\/www.bbmnoticias.com\\\/labravaradiofm\\\/?s={search_term_string}\"},\"query-input\":{\"@type\":\"PropertyValueSpecification\",\"valueRequired\":true,\"valueName\":\"search_term_string\"}}],\"inLanguage\":\"es\"},{\"@type\":\"Person\",\"@id\":\"https:\\\/\\\/www.bbmnoticias.com\\\/labravaradiofm\\\/#\\\/schema\\\/person\\\/68a9e9036ef3c5b55aeb2b71dc8bab45\",\"name\":\"Staff\",\"image\":{\"@type\":\"ImageObject\",\"inLanguage\":\"es\",\"@id\":\"https:\\\/\\\/secure.gravatar.com\\\/avatar\\\/fdd21ad66fd8b98c407f9dee5b5e588cfe7f0d8579ec20fa6527cd59bab7f0f0?s=96&d=mm&r=g\",\"url\":\"https:\\\/\\\/secure.gravatar.com\\\/avatar\\\/fdd21ad66fd8b98c407f9dee5b5e588cfe7f0d8579ec20fa6527cd59bab7f0f0?s=96&d=mm&r=g\",\"contentUrl\":\"https:\\\/\\\/secure.gravatar.com\\\/avatar\\\/fdd21ad66fd8b98c407f9dee5b5e588cfe7f0d8579ec20fa6527cd59bab7f0f0?s=96&d=mm&r=g\",\"caption\":\"Staff\"},\"url\":\"https:\\\/\\\/www.bbmnoticias.com\\\/labravaradiofm\\\/author\\\/redaccion\\\/\"}]}<\/script>\n<!-- \/ Yoast SEO plugin. -->","yoast_head_json":{"title":"Instala Gobernador de Oaxaca Consejo de Protecci\u00f3n Civil para vigilar y responder en temporada de lluvias y huracanes - LA BRAVA RADIO","robots":{"index":"index","follow":"follow","max-snippet":"max-snippet:-1","max-image-preview":"max-image-preview:large","max-video-preview":"max-video-preview:-1"},"canonical":"https:\/\/www.bbmnoticias.com\/blog\/2025\/05\/20\/instala-gobernador-de-oaxaca-consejo-de-proteccion-civil-para-vigilar-y-responder-en-temporada-de-lluvias-y-huracanes\/","og_locale":"es_MX","og_type":"article","og_title":"Instala Gobernador de Oaxaca Consejo de Protecci\u00f3n Civil para vigilar y responder en temporada de lluvias y huracanes - LA BRAVA RADIO","og_description":"Santa Luc\u00eda del Camino, Oax. 20 de mayo de 2025.- Ante el inicio de la temporada de tormentas tropicales y huracanes, el Gobernador Salom\u00f3n Jara Cruz instal\u00f3 la Segunda Sesi\u00f3n Ordinaria del Consejo Estatal de Protecci\u00f3n Civil y Gesti\u00f3n de Riesgos, en la cual anunci\u00f3 una inversi\u00f3n estatal por 325.79 millones de pesos para acciones [&hellip;]","og_url":"https:\/\/www.bbmnoticias.com\/blog\/2025\/05\/20\/instala-gobernador-de-oaxaca-consejo-de-proteccion-civil-para-vigilar-y-responder-en-temporada-de-lluvias-y-huracanes\/","og_site_name":"LA BRAVA RADIO","article_published_time":"2025-05-20T20:31:05+00:00","article_modified_time":"2025-05-20T20:31:11+00:00","og_image":[{"width":1280,"height":853,"url":"https:\/\/www.bbmnoticias.com\/labravaradiofm\/wp-content\/uploads\/sites\/5\/2025\/05\/sjc_proteccion_civil.jpeg","type":"image\/jpeg"}],"author":"Staff","twitter_card":"summary_large_image","twitter_misc":{"Escrito por":"Staff","Tiempo de lectura":"4 minutos"},"schema":{"@context":"https:\/\/schema.org","@graph":[{"@type":"Article","@id":"https:\/\/www.bbmnoticias.com\/blog\/2025\/05\/20\/instala-gobernador-de-oaxaca-consejo-de-proteccion-civil-para-vigilar-y-responder-en-temporada-de-lluvias-y-huracanes\/#article","isPartOf":{"@id":"https:\/\/www.bbmnoticias.com\/labravaradiofm\/2025\/05\/20\/instala-gobernador-de-oaxaca-consejo-de-proteccion-civil-para-vigilar-y-responder-en-temporada-de-lluvias-y-huracanes\/"},"author":{"name":"Staff","@id":"https:\/\/www.bbmnoticias.com\/labravaradiofm\/#\/schema\/person\/68a9e9036ef3c5b55aeb2b71dc8bab45"},"headline":"Instala Gobernador de Oaxaca Consejo de Protecci\u00f3n Civil para vigilar y responder en temporada de lluvias y huracanes","datePublished":"2025-05-20T20:31:05+00:00","dateModified":"2025-05-20T20:31:11+00:00","mainEntityOfPage":{"@id":"https:\/\/www.bbmnoticias.com\/labravaradiofm\/2025\/05\/20\/instala-gobernador-de-oaxaca-consejo-de-proteccion-civil-para-vigilar-y-responder-en-temporada-de-lluvias-y-huracanes\/"},"wordCount":728,"image":{"@id":"https:\/\/www.bbmnoticias.com\/blog\/2025\/05\/20\/instala-gobernador-de-oaxaca-consejo-de-proteccion-civil-para-vigilar-y-responder-en-temporada-de-lluvias-y-huracanes\/#primaryimage"},"thumbnailUrl":"https:\/\/www.bbmnoticias.com\/labravaradiofm\/wp-content\/uploads\/sites\/5\/2025\/05\/sjc_proteccion_civil.jpeg","articleSection":["LOCAL"],"inLanguage":"es"},{"@type":"WebPage","@id":"https:\/\/www.bbmnoticias.com\/labravaradiofm\/2025\/05\/20\/instala-gobernador-de-oaxaca-consejo-de-proteccion-civil-para-vigilar-y-responder-en-temporada-de-lluvias-y-huracanes\/","url":"https:\/\/www.bbmnoticias.com\/blog\/2025\/05\/20\/instala-gobernador-de-oaxaca-consejo-de-proteccion-civil-para-vigilar-y-responder-en-temporada-de-lluvias-y-huracanes\/","name":"Instala Gobernador de Oaxaca Consejo de Protecci\u00f3n Civil para vigilar y responder en temporada de lluvias y huracanes - LA BRAVA RADIO","isPartOf":{"@id":"https:\/\/www.bbmnoticias.com\/labravaradiofm\/#website"},"primaryImageOfPage":{"@id":"https:\/\/www.bbmnoticias.com\/blog\/2025\/05\/20\/instala-gobernador-de-oaxaca-consejo-de-proteccion-civil-para-vigilar-y-responder-en-temporada-de-lluvias-y-huracanes\/#primaryimage"},"image":{"@id":"https:\/\/www.bbmnoticias.com\/blog\/2025\/05\/20\/instala-gobernador-de-oaxaca-consejo-de-proteccion-civil-para-vigilar-y-responder-en-temporada-de-lluvias-y-huracanes\/#primaryimage"},"thumbnailUrl":"https:\/\/www.bbmnoticias.com\/labravaradiofm\/wp-content\/uploads\/sites\/5\/2025\/05\/sjc_proteccion_civil.jpeg","datePublished":"2025-05-20T20:31:05+00:00","dateModified":"2025-05-20T20:31:11+00:00","author":{"@id":"https:\/\/www.bbmnoticias.com\/labravaradiofm\/#\/schema\/person\/68a9e9036ef3c5b55aeb2b71dc8bab45"},"breadcrumb":{"@id":"https:\/\/www.bbmnoticias.com\/blog\/2025\/05\/20\/instala-gobernador-de-oaxaca-consejo-de-proteccion-civil-para-vigilar-y-responder-en-temporada-de-lluvias-y-huracanes\/#breadcrumb"},"inLanguage":"es","potentialAction":[{"@type":"ReadAction","target":["https:\/\/www.bbmnoticias.com\/blog\/2025\/05\/20\/instala-gobernador-de-oaxaca-consejo-de-proteccion-civil-para-vigilar-y-responder-en-temporada-de-lluvias-y-huracanes\/"]}]},{"@type":"ImageObject","inLanguage":"es","@id":"https:\/\/www.bbmnoticias.com\/blog\/2025\/05\/20\/instala-gobernador-de-oaxaca-consejo-de-proteccion-civil-para-vigilar-y-responder-en-temporada-de-lluvias-y-huracanes\/#primaryimage","url":"https:\/\/www.bbmnoticias.com\/labravaradiofm\/wp-content\/uploads\/sites\/5\/2025\/05\/sjc_proteccion_civil.jpeg","contentUrl":"https:\/\/www.bbmnoticias.com\/labravaradiofm\/wp-content\/uploads\/sites\/5\/2025\/05\/sjc_proteccion_civil.jpeg","width":1280,"height":853},{"@type":"BreadcrumbList","@id":"https:\/\/www.bbmnoticias.com\/blog\/2025\/05\/20\/instala-gobernador-de-oaxaca-consejo-de-proteccion-civil-para-vigilar-y-responder-en-temporada-de-lluvias-y-huracanes\/#breadcrumb","itemListElement":[{"@type":"ListItem","position":1,"name":"Inicio","item":"https:\/\/www.bbmnoticias.com\/labravaradiofm\/"},{"@type":"ListItem","position":2,"name":"Instala Gobernador de Oaxaca Consejo de Protecci\u00f3n Civil para vigilar y responder en temporada de lluvias y huracanes"}]},{"@type":"WebSite","@id":"https:\/\/www.bbmnoticias.com\/labravaradiofm\/#website","url":"https:\/\/www.bbmnoticias.com\/labravaradiofm\/","name":"LA BRAVA RADIO","description":"Empresa productora de medios, Radiodifusi\u00f3n, Noticias, tendencias y todo lo que necesitas saber de la pol\u00edtica mexicana e internacional; entretenimiento, espect\u00e1culos, salud y mucho m\u00e1s.","potentialAction":[{"@type":"SearchAction","target":{"@type":"EntryPoint","urlTemplate":"https:\/\/www.bbmnoticias.com\/labravaradiofm\/?s={search_term_string}"},"query-input":{"@type":"PropertyValueSpecification","valueRequired":true,"valueName":"search_term_string"}}],"inLanguage":"es"},{"@type":"Person","@id":"https:\/\/www.bbmnoticias.com\/labravaradiofm\/#\/schema\/person\/68a9e9036ef3c5b55aeb2b71dc8bab45","name":"Staff","image":{"@type":"ImageObject","inLanguage":"es","@id":"https:\/\/secure.gravatar.com\/avatar\/fdd21ad66fd8b98c407f9dee5b5e588cfe7f0d8579ec20fa6527cd59bab7f0f0?s=96&d=mm&r=g","url":"https:\/\/secure.gravatar.com\/avatar\/fdd21ad66fd8b98c407f9dee5b5e588cfe7f0d8579ec20fa6527cd59bab7f0f0?s=96&d=mm&r=g","contentUrl":"https:\/\/secure.gravatar.com\/avatar\/fdd21ad66fd8b98c407f9dee5b5e588cfe7f0d8579ec20fa6527cd59bab7f0f0?s=96&d=mm&r=g","caption":"Staff"},"url":"https:\/\/www.bbmnoticias.com\/labravaradiofm\/author\/redaccion\/"}]}},"_links":{"self":[{"href":"https:\/\/www.bbmnoticias.com\/labravaradiofm\/wp-json\/wp\/v2\/posts\/60367","targetHints":{"allow":["GET"]}}],"collection":[{"href":"https:\/\/www.bbmnoticias.com\/labravaradiofm\/wp-json\/wp\/v2\/posts"}],"about":[{"href":"https:\/\/www.bbmnoticias.com\/labravaradiofm\/wp-json\/wp\/v2\/types\/post"}],"author":[{"embeddable":true,"href":"https:\/\/www.bbmnoticias.com\/labravaradiofm\/wp-json\/wp\/v2\/users\/2"}],"replies":[{"embeddable":true,"href":"https:\/\/www.bbmnoticias.com\/labravaradiofm\/wp-json\/wp\/v2\/comments?post=60367"}],"version-history":[{"count":0,"href":"https:\/\/www.bbmnoticias.com\/labravaradiofm\/wp-json\/wp\/v2\/posts\/60367\/revisions"}],"wp:featuredmedia":[{"embeddable":true,"href":"https:\/\/www.bbmnoticias.com\/labravaradiofm\/wp-json\/wp\/v2\/media\/60369"}],"wp:attachment":[{"href":"https:\/\/www.bbmnoticias.com\/labravaradiofm\/wp-json\/wp\/v2\/media?parent=60367"}],"wp:term":[{"taxonomy":"category","embeddable":true,"href":"https:\/\/www.bbmnoticias.com\/labravaradiofm\/wp-json\/wp\/v2\/categories?post=60367"},{"taxonomy":"post_tag","embeddable":true,"href":"https:\/\/www.bbmnoticias.com\/labravaradiofm\/wp-json\/wp\/v2\/tags?post=60367"}],"curies":[{"name":"wp","href":"https:\/\/api.w.org\/{rel}","templated":true}]}}