{"id":60361,"date":"2025-05-20T13:03:00","date_gmt":"2025-05-20T19:03:00","guid":{"rendered":"https:\/\/www.bbmnoticias.com\/labravaradiofm\/2025\/05\/20\/llama-salomon-jara-a-las-y-los-jovenes-a-participar-en-la-eleccion-judicial\/"},"modified":"2025-05-20T13:03:06","modified_gmt":"2025-05-20T19:03:06","slug":"llama-salomon-jara-a-las-y-los-jovenes-a-participar-en-la-eleccion-judicial","status":"publish","type":"post","link":"https:\/\/www.bbmnoticias.com\/labravaradiofm\/2025\/05\/20\/llama-salomon-jara-a-las-y-los-jovenes-a-participar-en-la-eleccion-judicial\/","title":{"rendered":"Llama Salom\u00f3n Jara a las y los j\u00f3venes a participar en la elecci\u00f3n judicial"},"content":{"rendered":"<div style=\"margin-top: 0px; margin-bottom: 0px;\" class=\"sharethis-inline-share-buttons\" ><\/div>\n<p><strong>Oaxaca de Ju\u00e1rez, Oax. 20 de mayo de 2025.- <\/strong>El Gobernador Salom\u00f3n Jara Cruz hizo un llamado especial a las y los j\u00f3venes que por primera vez cuentan con su credencial de elector del Instituto Nacional Electoral (INE), para que participen en el proceso electoral del Poder Judicial federal el pr\u00f3ximo 1 de junio.<\/p>\n\n\n\n<p>Durante conferencia de prensa, expres\u00f3 con seguridad y confianza que, en 11 d\u00edas, la juventud har\u00e1 valer su voto en esta elecci\u00f3n hist\u00f3rica, en la cual se elegir\u00e1n a las y los jueces, personas magistradas y ministras.<\/p>\n\n\n\n<p>\u201cEllas y ellos ser\u00e1n protagonistas de este momento hist\u00f3rico en el que tenemos por primera vez esta elecci\u00f3n judicial, van a vivir lo que no vivimos nosotros\u201d, afirm\u00f3 desde Palacio de Gobierno.<\/p>\n\n\n\n<p>En tanto, el titular de la Consejer\u00eda Jur\u00eddica y Asistencia Legal del Gobierno de Oaxaca, Geovany V\u00e1squez Sagrero inform\u00f3 que el proceso electoral para renovar al Poder Judicial iniciar\u00e1 a las 8:00 horas del domingo 1 de junio, conforme a los lineamientos emitidos por el INE.<\/p>\n\n\n\n<p>Detall\u00f3 que la recepci\u00f3n de votos ser\u00e1 hasta las 18:00 horas, a excepci\u00f3n de que haya personas en la fila para votar. Adem\u00e1s, detall\u00f3 que la \u00fanica manera en que la votaci\u00f3n cierre antes de esta hora, es que se hayan agotado las mil boletas por casilla seccional, pues se trata de una innovaci\u00f3n de este proceso electoral, ya que en las elecciones constitucionales hay un m\u00e1ximo de 750 boletas.<\/p>\n\n\n\n<p>Explic\u00f3 que las personas llegar\u00e1n a su casilla correspondiente con su credencial de elector del INE, recibir\u00e1n seis boletas de diferentes colores y pasar\u00e1n a la mampara para emitir su voto, recordando colocar el n\u00famero o n\u00fameros de las personas seleccionadas. Posteriormente, las y los funcionarios de las mesas de casilla marcar\u00e1n la credencial de elector.<\/p>\n\n\n\n<p>V\u00e1squez Sagrero puntualiz\u00f3 que en este caso no habr\u00e1 escrutinio o c\u00f3mputo de la casilla de manera inmediata, ya que, del 1 al 10 de junio se realizar\u00e1 en los respectivos consejos distritales del INE.<\/p>\n","protected":false},"excerpt":{"rendered":"<p>Oaxaca de Ju\u00e1rez, Oax. 20 de mayo de 2025.- El Gobernador Salom\u00f3n Jara Cruz hizo un llamado especial a las y los j\u00f3venes que por primera vez cuentan con su credencial de elector del Instituto Nacional Electoral (INE), para que participen en el proceso electoral del Poder Judicial federal el pr\u00f3ximo 1 de junio. Durante [&hellip;]<\/p>\n","protected":false},"author":2,"featured_media":60363,"comment_status":"closed","ping_status":"","sticky":false,"template":"","format":"standard","meta":{"footnotes":""},"categories":[2],"tags":[],"class_list":{"0":"post-60361","1":"post","2":"type-post","3":"status-publish","4":"format-standard","5":"has-post-thumbnail","7":"category-oaxaca"},"yoast_head":"<!-- This site is optimized with the Yoast SEO plugin v27.4 - https:\/\/yoast.com\/product\/yoast-seo-wordpress\/ -->\n<title>Llama Salom\u00f3n Jara a las y los j\u00f3venes a participar en la elecci\u00f3n judicial - LA BRAVA RADIO<\/title>\n<meta name=\"robots\" content=\"index, follow, max-snippet:-1, max-image-preview:large, max-video-preview:-1\" \/>\n<link rel=\"canonical\" href=\"https:\/\/www.bbmnoticias.com\/blog\/2025\/05\/20\/llama-salomon-jara-a-las-y-los-jovenes-a-participar-en-la-eleccion-judicial\/\" \/>\n<meta property=\"og:locale\" content=\"es_MX\" \/>\n<meta property=\"og:type\" content=\"article\" \/>\n<meta property=\"og:title\" content=\"Llama Salom\u00f3n Jara a las y los j\u00f3venes a participar en la elecci\u00f3n judicial - LA BRAVA RADIO\" \/>\n<meta property=\"og:description\" content=\"Oaxaca de Ju\u00e1rez, Oax. 20 de mayo de 2025.- El Gobernador Salom\u00f3n Jara Cruz hizo un llamado especial a las y los j\u00f3venes que por primera vez cuentan con su credencial de elector del Instituto Nacional Electoral (INE), para que participen en el proceso electoral del Poder Judicial federal el pr\u00f3ximo 1 de junio. Durante [&hellip;]\" \/>\n<meta property=\"og:url\" content=\"https:\/\/www.bbmnoticias.com\/blog\/2025\/05\/20\/llama-salomon-jara-a-las-y-los-jovenes-a-participar-en-la-eleccion-judicial\/\" \/>\n<meta property=\"og:site_name\" content=\"LA BRAVA RADIO\" \/>\n<meta property=\"article:published_time\" content=\"2025-05-20T19:03:00+00:00\" \/>\n<meta property=\"article:modified_time\" content=\"2025-05-20T19:03:06+00:00\" \/>\n<meta property=\"og:image\" content=\"https:\/\/www.bbmnoticias.com\/labravaradiofm\/wp-content\/uploads\/sites\/5\/2025\/05\/sjc_eleccion.jpg\" \/>\n\t<meta property=\"og:image:width\" content=\"800\" \/>\n\t<meta property=\"og:image:height\" content=\"533\" \/>\n\t<meta property=\"og:image:type\" content=\"image\/jpeg\" \/>\n<meta name=\"author\" content=\"Staff\" \/>\n<meta name=\"twitter:card\" content=\"summary_large_image\" \/>\n<meta name=\"twitter:label1\" content=\"Escrito por\" \/>\n\t<meta name=\"twitter:data1\" content=\"Staff\" \/>\n\t<meta name=\"twitter:label2\" content=\"Tiempo de lectura\" \/>\n\t<meta name=\"twitter:data2\" content=\"2 minutos\" \/>\n<script type=\"application\/ld+json\" class=\"yoast-schema-graph\">{\"@context\":\"https:\\\/\\\/schema.org\",\"@graph\":[{\"@type\":\"Article\",\"@id\":\"https:\\\/\\\/www.bbmnoticias.com\\\/blog\\\/2025\\\/05\\\/20\\\/llama-salomon-jara-a-las-y-los-jovenes-a-participar-en-la-eleccion-judicial\\\/#article\",\"isPartOf\":{\"@id\":\"https:\\\/\\\/www.bbmnoticias.com\\\/labravaradiofm\\\/2025\\\/05\\\/20\\\/llama-salomon-jara-a-las-y-los-jovenes-a-participar-en-la-eleccion-judicial\\\/\"},\"author\":{\"name\":\"Staff\",\"@id\":\"https:\\\/\\\/www.bbmnoticias.com\\\/labravaradiofm\\\/#\\\/schema\\\/person\\\/68a9e9036ef3c5b55aeb2b71dc8bab45\"},\"headline\":\"Llama Salom\u00f3n Jara a las y los j\u00f3venes a participar en la elecci\u00f3n judicial\",\"datePublished\":\"2025-05-20T19:03:00+00:00\",\"dateModified\":\"2025-05-20T19:03:06+00:00\",\"mainEntityOfPage\":{\"@id\":\"https:\\\/\\\/www.bbmnoticias.com\\\/labravaradiofm\\\/2025\\\/05\\\/20\\\/llama-salomon-jara-a-las-y-los-jovenes-a-participar-en-la-eleccion-judicial\\\/\"},\"wordCount\":366,\"image\":{\"@id\":\"https:\\\/\\\/www.bbmnoticias.com\\\/blog\\\/2025\\\/05\\\/20\\\/llama-salomon-jara-a-las-y-los-jovenes-a-participar-en-la-eleccion-judicial\\\/#primaryimage\"},\"thumbnailUrl\":\"https:\\\/\\\/www.bbmnoticias.com\\\/labravaradiofm\\\/wp-content\\\/uploads\\\/sites\\\/5\\\/2025\\\/05\\\/sjc_eleccion.jpg\",\"articleSection\":[\"LOCAL\"],\"inLanguage\":\"es\"},{\"@type\":\"WebPage\",\"@id\":\"https:\\\/\\\/www.bbmnoticias.com\\\/labravaradiofm\\\/2025\\\/05\\\/20\\\/llama-salomon-jara-a-las-y-los-jovenes-a-participar-en-la-eleccion-judicial\\\/\",\"url\":\"https:\\\/\\\/www.bbmnoticias.com\\\/blog\\\/2025\\\/05\\\/20\\\/llama-salomon-jara-a-las-y-los-jovenes-a-participar-en-la-eleccion-judicial\\\/\",\"name\":\"Llama Salom\u00f3n Jara a las y los j\u00f3venes a participar en la elecci\u00f3n judicial - LA BRAVA RADIO\",\"isPartOf\":{\"@id\":\"https:\\\/\\\/www.bbmnoticias.com\\\/labravaradiofm\\\/#website\"},\"primaryImageOfPage\":{\"@id\":\"https:\\\/\\\/www.bbmnoticias.com\\\/blog\\\/2025\\\/05\\\/20\\\/llama-salomon-jara-a-las-y-los-jovenes-a-participar-en-la-eleccion-judicial\\\/#primaryimage\"},\"image\":{\"@id\":\"https:\\\/\\\/www.bbmnoticias.com\\\/blog\\\/2025\\\/05\\\/20\\\/llama-salomon-jara-a-las-y-los-jovenes-a-participar-en-la-eleccion-judicial\\\/#primaryimage\"},\"thumbnailUrl\":\"https:\\\/\\\/www.bbmnoticias.com\\\/labravaradiofm\\\/wp-content\\\/uploads\\\/sites\\\/5\\\/2025\\\/05\\\/sjc_eleccion.jpg\",\"datePublished\":\"2025-05-20T19:03:00+00:00\",\"dateModified\":\"2025-05-20T19:03:06+00:00\",\"author\":{\"@id\":\"https:\\\/\\\/www.bbmnoticias.com\\\/labravaradiofm\\\/#\\\/schema\\\/person\\\/68a9e9036ef3c5b55aeb2b71dc8bab45\"},\"breadcrumb\":{\"@id\":\"https:\\\/\\\/www.bbmnoticias.com\\\/blog\\\/2025\\\/05\\\/20\\\/llama-salomon-jara-a-las-y-los-jovenes-a-participar-en-la-eleccion-judicial\\\/#breadcrumb\"},\"inLanguage\":\"es\",\"potentialAction\":[{\"@type\":\"ReadAction\",\"target\":[\"https:\\\/\\\/www.bbmnoticias.com\\\/blog\\\/2025\\\/05\\\/20\\\/llama-salomon-jara-a-las-y-los-jovenes-a-participar-en-la-eleccion-judicial\\\/\"]}]},{\"@type\":\"ImageObject\",\"inLanguage\":\"es\",\"@id\":\"https:\\\/\\\/www.bbmnoticias.com\\\/blog\\\/2025\\\/05\\\/20\\\/llama-salomon-jara-a-las-y-los-jovenes-a-participar-en-la-eleccion-judicial\\\/#primaryimage\",\"url\":\"https:\\\/\\\/www.bbmnoticias.com\\\/labravaradiofm\\\/wp-content\\\/uploads\\\/sites\\\/5\\\/2025\\\/05\\\/sjc_eleccion.jpg\",\"contentUrl\":\"https:\\\/\\\/www.bbmnoticias.com\\\/labravaradiofm\\\/wp-content\\\/uploads\\\/sites\\\/5\\\/2025\\\/05\\\/sjc_eleccion.jpg\",\"width\":800,\"height\":533},{\"@type\":\"BreadcrumbList\",\"@id\":\"https:\\\/\\\/www.bbmnoticias.com\\\/blog\\\/2025\\\/05\\\/20\\\/llama-salomon-jara-a-las-y-los-jovenes-a-participar-en-la-eleccion-judicial\\\/#breadcrumb\",\"itemListElement\":[{\"@type\":\"ListItem\",\"position\":1,\"name\":\"Inicio\",\"item\":\"https:\\\/\\\/www.bbmnoticias.com\\\/labravaradiofm\\\/\"},{\"@type\":\"ListItem\",\"position\":2,\"name\":\"Llama Salom\u00f3n Jara a las y los j\u00f3venes a participar en la elecci\u00f3n judicial\"}]},{\"@type\":\"WebSite\",\"@id\":\"https:\\\/\\\/www.bbmnoticias.com\\\/labravaradiofm\\\/#website\",\"url\":\"https:\\\/\\\/www.bbmnoticias.com\\\/labravaradiofm\\\/\",\"name\":\"LA BRAVA RADIO\",\"description\":\"Empresa productora de medios, Radiodifusi\u00f3n, Noticias, tendencias y todo lo que necesitas saber de la pol\u00edtica mexicana e internacional; entretenimiento, espect\u00e1culos, salud y mucho m\u00e1s.\",\"potentialAction\":[{\"@type\":\"SearchAction\",\"target\":{\"@type\":\"EntryPoint\",\"urlTemplate\":\"https:\\\/\\\/www.bbmnoticias.com\\\/labravaradiofm\\\/?s={search_term_string}\"},\"query-input\":{\"@type\":\"PropertyValueSpecification\",\"valueRequired\":true,\"valueName\":\"search_term_string\"}}],\"inLanguage\":\"es\"},{\"@type\":\"Person\",\"@id\":\"https:\\\/\\\/www.bbmnoticias.com\\\/labravaradiofm\\\/#\\\/schema\\\/person\\\/68a9e9036ef3c5b55aeb2b71dc8bab45\",\"name\":\"Staff\",\"image\":{\"@type\":\"ImageObject\",\"inLanguage\":\"es\",\"@id\":\"https:\\\/\\\/secure.gravatar.com\\\/avatar\\\/fdd21ad66fd8b98c407f9dee5b5e588cfe7f0d8579ec20fa6527cd59bab7f0f0?s=96&d=mm&r=g\",\"url\":\"https:\\\/\\\/secure.gravatar.com\\\/avatar\\\/fdd21ad66fd8b98c407f9dee5b5e588cfe7f0d8579ec20fa6527cd59bab7f0f0?s=96&d=mm&r=g\",\"contentUrl\":\"https:\\\/\\\/secure.gravatar.com\\\/avatar\\\/fdd21ad66fd8b98c407f9dee5b5e588cfe7f0d8579ec20fa6527cd59bab7f0f0?s=96&d=mm&r=g\",\"caption\":\"Staff\"},\"url\":\"https:\\\/\\\/www.bbmnoticias.com\\\/labravaradiofm\\\/author\\\/redaccion\\\/\"}]}<\/script>\n<!-- \/ Yoast SEO plugin. -->","yoast_head_json":{"title":"Llama Salom\u00f3n Jara a las y los j\u00f3venes a participar en la elecci\u00f3n judicial - LA BRAVA RADIO","robots":{"index":"index","follow":"follow","max-snippet":"max-snippet:-1","max-image-preview":"max-image-preview:large","max-video-preview":"max-video-preview:-1"},"canonical":"https:\/\/www.bbmnoticias.com\/blog\/2025\/05\/20\/llama-salomon-jara-a-las-y-los-jovenes-a-participar-en-la-eleccion-judicial\/","og_locale":"es_MX","og_type":"article","og_title":"Llama Salom\u00f3n Jara a las y los j\u00f3venes a participar en la elecci\u00f3n judicial - LA BRAVA RADIO","og_description":"Oaxaca de Ju\u00e1rez, Oax. 20 de mayo de 2025.- El Gobernador Salom\u00f3n Jara Cruz hizo un llamado especial a las y los j\u00f3venes que por primera vez cuentan con su credencial de elector del Instituto Nacional Electoral (INE), para que participen en el proceso electoral del Poder Judicial federal el pr\u00f3ximo 1 de junio. Durante [&hellip;]","og_url":"https:\/\/www.bbmnoticias.com\/blog\/2025\/05\/20\/llama-salomon-jara-a-las-y-los-jovenes-a-participar-en-la-eleccion-judicial\/","og_site_name":"LA BRAVA RADIO","article_published_time":"2025-05-20T19:03:00+00:00","article_modified_time":"2025-05-20T19:03:06+00:00","og_image":[{"width":800,"height":533,"url":"https:\/\/www.bbmnoticias.com\/labravaradiofm\/wp-content\/uploads\/sites\/5\/2025\/05\/sjc_eleccion.jpg","type":"image\/jpeg"}],"author":"Staff","twitter_card":"summary_large_image","twitter_misc":{"Escrito por":"Staff","Tiempo de lectura":"2 minutos"},"schema":{"@context":"https:\/\/schema.org","@graph":[{"@type":"Article","@id":"https:\/\/www.bbmnoticias.com\/blog\/2025\/05\/20\/llama-salomon-jara-a-las-y-los-jovenes-a-participar-en-la-eleccion-judicial\/#article","isPartOf":{"@id":"https:\/\/www.bbmnoticias.com\/labravaradiofm\/2025\/05\/20\/llama-salomon-jara-a-las-y-los-jovenes-a-participar-en-la-eleccion-judicial\/"},"author":{"name":"Staff","@id":"https:\/\/www.bbmnoticias.com\/labravaradiofm\/#\/schema\/person\/68a9e9036ef3c5b55aeb2b71dc8bab45"},"headline":"Llama Salom\u00f3n Jara a las y los j\u00f3venes a participar en la elecci\u00f3n judicial","datePublished":"2025-05-20T19:03:00+00:00","dateModified":"2025-05-20T19:03:06+00:00","mainEntityOfPage":{"@id":"https:\/\/www.bbmnoticias.com\/labravaradiofm\/2025\/05\/20\/llama-salomon-jara-a-las-y-los-jovenes-a-participar-en-la-eleccion-judicial\/"},"wordCount":366,"image":{"@id":"https:\/\/www.bbmnoticias.com\/blog\/2025\/05\/20\/llama-salomon-jara-a-las-y-los-jovenes-a-participar-en-la-eleccion-judicial\/#primaryimage"},"thumbnailUrl":"https:\/\/www.bbmnoticias.com\/labravaradiofm\/wp-content\/uploads\/sites\/5\/2025\/05\/sjc_eleccion.jpg","articleSection":["LOCAL"],"inLanguage":"es"},{"@type":"WebPage","@id":"https:\/\/www.bbmnoticias.com\/labravaradiofm\/2025\/05\/20\/llama-salomon-jara-a-las-y-los-jovenes-a-participar-en-la-eleccion-judicial\/","url":"https:\/\/www.bbmnoticias.com\/blog\/2025\/05\/20\/llama-salomon-jara-a-las-y-los-jovenes-a-participar-en-la-eleccion-judicial\/","name":"Llama Salom\u00f3n Jara a las y los j\u00f3venes a participar en la elecci\u00f3n judicial - LA BRAVA RADIO","isPartOf":{"@id":"https:\/\/www.bbmnoticias.com\/labravaradiofm\/#website"},"primaryImageOfPage":{"@id":"https:\/\/www.bbmnoticias.com\/blog\/2025\/05\/20\/llama-salomon-jara-a-las-y-los-jovenes-a-participar-en-la-eleccion-judicial\/#primaryimage"},"image":{"@id":"https:\/\/www.bbmnoticias.com\/blog\/2025\/05\/20\/llama-salomon-jara-a-las-y-los-jovenes-a-participar-en-la-eleccion-judicial\/#primaryimage"},"thumbnailUrl":"https:\/\/www.bbmnoticias.com\/labravaradiofm\/wp-content\/uploads\/sites\/5\/2025\/05\/sjc_eleccion.jpg","datePublished":"2025-05-20T19:03:00+00:00","dateModified":"2025-05-20T19:03:06+00:00","author":{"@id":"https:\/\/www.bbmnoticias.com\/labravaradiofm\/#\/schema\/person\/68a9e9036ef3c5b55aeb2b71dc8bab45"},"breadcrumb":{"@id":"https:\/\/www.bbmnoticias.com\/blog\/2025\/05\/20\/llama-salomon-jara-a-las-y-los-jovenes-a-participar-en-la-eleccion-judicial\/#breadcrumb"},"inLanguage":"es","potentialAction":[{"@type":"ReadAction","target":["https:\/\/www.bbmnoticias.com\/blog\/2025\/05\/20\/llama-salomon-jara-a-las-y-los-jovenes-a-participar-en-la-eleccion-judicial\/"]}]},{"@type":"ImageObject","inLanguage":"es","@id":"https:\/\/www.bbmnoticias.com\/blog\/2025\/05\/20\/llama-salomon-jara-a-las-y-los-jovenes-a-participar-en-la-eleccion-judicial\/#primaryimage","url":"https:\/\/www.bbmnoticias.com\/labravaradiofm\/wp-content\/uploads\/sites\/5\/2025\/05\/sjc_eleccion.jpg","contentUrl":"https:\/\/www.bbmnoticias.com\/labravaradiofm\/wp-content\/uploads\/sites\/5\/2025\/05\/sjc_eleccion.jpg","width":800,"height":533},{"@type":"BreadcrumbList","@id":"https:\/\/www.bbmnoticias.com\/blog\/2025\/05\/20\/llama-salomon-jara-a-las-y-los-jovenes-a-participar-en-la-eleccion-judicial\/#breadcrumb","itemListElement":[{"@type":"ListItem","position":1,"name":"Inicio","item":"https:\/\/www.bbmnoticias.com\/labravaradiofm\/"},{"@type":"ListItem","position":2,"name":"Llama Salom\u00f3n Jara a las y los j\u00f3venes a participar en la elecci\u00f3n judicial"}]},{"@type":"WebSite","@id":"https:\/\/www.bbmnoticias.com\/labravaradiofm\/#website","url":"https:\/\/www.bbmnoticias.com\/labravaradiofm\/","name":"LA BRAVA RADIO","description":"Empresa productora de medios, Radiodifusi\u00f3n, Noticias, tendencias y todo lo que necesitas saber de la pol\u00edtica mexicana e internacional; entretenimiento, espect\u00e1culos, salud y mucho m\u00e1s.","potentialAction":[{"@type":"SearchAction","target":{"@type":"EntryPoint","urlTemplate":"https:\/\/www.bbmnoticias.com\/labravaradiofm\/?s={search_term_string}"},"query-input":{"@type":"PropertyValueSpecification","valueRequired":true,"valueName":"search_term_string"}}],"inLanguage":"es"},{"@type":"Person","@id":"https:\/\/www.bbmnoticias.com\/labravaradiofm\/#\/schema\/person\/68a9e9036ef3c5b55aeb2b71dc8bab45","name":"Staff","image":{"@type":"ImageObject","inLanguage":"es","@id":"https:\/\/secure.gravatar.com\/avatar\/fdd21ad66fd8b98c407f9dee5b5e588cfe7f0d8579ec20fa6527cd59bab7f0f0?s=96&d=mm&r=g","url":"https:\/\/secure.gravatar.com\/avatar\/fdd21ad66fd8b98c407f9dee5b5e588cfe7f0d8579ec20fa6527cd59bab7f0f0?s=96&d=mm&r=g","contentUrl":"https:\/\/secure.gravatar.com\/avatar\/fdd21ad66fd8b98c407f9dee5b5e588cfe7f0d8579ec20fa6527cd59bab7f0f0?s=96&d=mm&r=g","caption":"Staff"},"url":"https:\/\/www.bbmnoticias.com\/labravaradiofm\/author\/redaccion\/"}]}},"_links":{"self":[{"href":"https:\/\/www.bbmnoticias.com\/labravaradiofm\/wp-json\/wp\/v2\/posts\/60361","targetHints":{"allow":["GET"]}}],"collection":[{"href":"https:\/\/www.bbmnoticias.com\/labravaradiofm\/wp-json\/wp\/v2\/posts"}],"about":[{"href":"https:\/\/www.bbmnoticias.com\/labravaradiofm\/wp-json\/wp\/v2\/types\/post"}],"author":[{"embeddable":true,"href":"https:\/\/www.bbmnoticias.com\/labravaradiofm\/wp-json\/wp\/v2\/users\/2"}],"replies":[{"embeddable":true,"href":"https:\/\/www.bbmnoticias.com\/labravaradiofm\/wp-json\/wp\/v2\/comments?post=60361"}],"version-history":[{"count":0,"href":"https:\/\/www.bbmnoticias.com\/labravaradiofm\/wp-json\/wp\/v2\/posts\/60361\/revisions"}],"wp:featuredmedia":[{"embeddable":true,"href":"https:\/\/www.bbmnoticias.com\/labravaradiofm\/wp-json\/wp\/v2\/media\/60363"}],"wp:attachment":[{"href":"https:\/\/www.bbmnoticias.com\/labravaradiofm\/wp-json\/wp\/v2\/media?parent=60361"}],"wp:term":[{"taxonomy":"category","embeddable":true,"href":"https:\/\/www.bbmnoticias.com\/labravaradiofm\/wp-json\/wp\/v2\/categories?post=60361"},{"taxonomy":"post_tag","embeddable":true,"href":"https:\/\/www.bbmnoticias.com\/labravaradiofm\/wp-json\/wp\/v2\/tags?post=60361"}],"curies":[{"name":"wp","href":"https:\/\/api.w.org\/{rel}","templated":true}]}}