{"id":6032,"date":"2021-11-23T20:05:01","date_gmt":"2021-11-24T02:05:01","guid":{"rendered":"https:\/\/www.bbmnoticias.com\/labravaradiofm\/?p=6032"},"modified":"2021-11-23T20:05:02","modified_gmt":"2021-11-24T02:05:02","slug":"senado-elige-a-loretta-ortiz-como-nueva-ministra-de-la-scjn","status":"publish","type":"post","link":"https:\/\/www.bbmnoticias.com\/labravaradiofm\/2021\/11\/23\/senado-elige-a-loretta-ortiz-como-nueva-ministra-de-la-scjn\/","title":{"rendered":"Senado elige a Loretta Ortiz como nueva ministra de la SCJN"},"content":{"rendered":"<div style=\"margin-top: 0px; margin-bottom: 0px;\" class=\"sharethis-inline-share-buttons\" ><\/div>\n<p>El <strong>Senado<\/strong> eligi\u00f3 en votaci\u00f3n por c\u00e9dula a <strong>Loretta Ortiz Ahlf <\/strong>como nueva ministra de la Suprema Corte de Justicia de la Naci\u00f3n (SCJN), por lo que sustituir\u00e1 al ministro Fernando Franco, quien se retirar\u00e1 del cargo en diciembre.<\/p>\n\n\n\n<p>Ortiz Ahlf logr\u00f3 el respald\u00f3 de m\u00e1s de dos tercios de los votos con una mayor\u00eda calificada con 92 votos de 114 senadores presentes.<\/p>\n\n\n\n<p>Reafirm\u00f3 ante los senadores su disposici\u00f3n para impulsar un di\u00e1logo abierto y transversal con las diferentes instituciones del Estado encaminado a combatir cualquier forma de corrupci\u00f3n; as\u00ed como para impulsar las medidas necesarias para erradicar los delitos que afectan a los sectores m\u00e1s vulnerables en la poblaci\u00f3n.<\/p>\n\n\n\n<figure class=\"wp-block-pullquote\"><blockquote><p>Pol\u00edtica de tolerancia cero a la corrupci\u00f3n, tr\u00e1fico de influencias y nepotismo\u201d, indic\u00f3 la nueva ministra de la SCJN.<\/p><\/blockquote><\/figure>\n\n\n\n<p>Ortiz Ahlf es licenciada en Derecho por la Escuela Libre de Derecho y actualmente es miembro del Sistema Nacional de Investigadores Nivel III. Tambi\u00e9n cuenta con una maestr\u00eda y un doctorado en Derechos Humanos.<\/p>\n\n\n\n<p>Particip\u00f3 en el grupo redactor de la Constituci\u00f3n de la Ciudad de M\u00e9xico de 2016 a 2017. Tambi\u00e9n fue diputada federal de septiembre de 2012 a 2015 y consejera de la Comisi\u00f3n Nacional de los Derechos Humanos.<\/p>\n\n\n\n<p>Antes de ser nombrada nueva ministra de la SCJN, Loretta Ortiz fue consejera en la Judicatura Federal, cargo en el que se desempe\u00f1ar\u00eda hasta noviembre de 2024.<\/p>\n\n\n\n<p>Bernardo B\u00e1tiz, quien tambi\u00e9n esperaba la designaci\u00f3n para ser ministro de la SCJN defendi\u00f3 que es \u201cl\u00f3gico\u201d que quien tiene la facultad constitucional de hacer la propuesta la haga eligiendo personas que en su opini\u00f3n tenga los m\u00e9ritos, cualidades requeridas para el cargo y que la propuesta recaiga en personas a las que el presidente conozca.<\/p>\n\n\n\n<p>La tercera contendiente, Eva Ver\u00f3nica de Gyv\u00e9s Z\u00e1rate, agradeci\u00f3 al primer mandatario incluirla en la terna para la vacante a la SCJN.<\/p>\n\n\n\n<figure class=\"wp-block-embed is-type-rich is-provider-twitter wp-block-embed-twitter\"><div class=\"wp-block-embed__wrapper\">\n<blockquote class=\"twitter-tweet\" data-width=\"550\" data-dnt=\"true\"><p lang=\"es\" dir=\"ltr\">\ud83d\udccc En este momento las senadoras y los senadores votan por c\u00e9dula para la elecci\u00f3n de Ministra o Ministro de la <a href=\"https:\/\/twitter.com\/SCJN?ref_src=twsrc%5Etfw\">@SCJN<\/a>, que deber\u00e1 obtener las dos terceras partes de la votaci\u00f3n a favor.<\/p>&mdash; Senado de M\u00e9xico (@senadomexicano) <a href=\"https:\/\/twitter.com\/senadomexicano\/status\/1463267731323691009?ref_src=twsrc%5Etfw\">November 23, 2021<\/a><\/blockquote><script async src=\"https:\/\/platform.twitter.com\/widgets.js\" charset=\"utf-8\"><\/script>\n<\/div><\/figure>\n","protected":false},"excerpt":{"rendered":"<p>El Senado eligi\u00f3 en votaci\u00f3n por c\u00e9dula a Loretta Ortiz Ahlf como nueva ministra de la Suprema Corte de Justicia de la Naci\u00f3n (SCJN), por lo que sustituir\u00e1 al ministro Fernando Franco, quien se retirar\u00e1 del cargo en diciembre. Ortiz Ahlf logr\u00f3 el respald\u00f3 de m\u00e1s de dos tercios de los votos con una mayor\u00eda [&hellip;]<\/p>\n","protected":false},"author":8,"featured_media":6033,"comment_status":"closed","ping_status":"closed","sticky":false,"template":"","format":"standard","meta":{"footnotes":""},"categories":[19],"tags":[],"class_list":{"0":"post-6032","1":"post","2":"type-post","3":"status-publish","4":"format-standard","5":"has-post-thumbnail","7":"category-nacional"},"yoast_head":"<!-- This site is optimized with the Yoast SEO plugin v27.4 - https:\/\/yoast.com\/product\/yoast-seo-wordpress\/ -->\n<title>Senado elige a Loretta Ortiz como nueva ministra de la SCJN - LA BRAVA RADIO<\/title>\n<meta name=\"robots\" content=\"index, follow, max-snippet:-1, max-image-preview:large, max-video-preview:-1\" \/>\n<link rel=\"canonical\" href=\"https:\/\/www.bbmnoticias.com\/labravaradiofm\/2021\/11\/23\/senado-elige-a-loretta-ortiz-como-nueva-ministra-de-la-scjn\/\" \/>\n<meta property=\"og:locale\" content=\"es_MX\" \/>\n<meta property=\"og:type\" content=\"article\" \/>\n<meta property=\"og:title\" content=\"Senado elige a Loretta Ortiz como nueva ministra de la SCJN - LA BRAVA RADIO\" \/>\n<meta property=\"og:description\" content=\"El Senado eligi\u00f3 en votaci\u00f3n por c\u00e9dula a Loretta Ortiz Ahlf como nueva ministra de la Suprema Corte de Justicia de la Naci\u00f3n (SCJN), por lo que sustituir\u00e1 al ministro Fernando Franco, quien se retirar\u00e1 del cargo en diciembre. Ortiz Ahlf logr\u00f3 el respald\u00f3 de m\u00e1s de dos tercios de los votos con una mayor\u00eda [&hellip;]\" \/>\n<meta property=\"og:url\" content=\"https:\/\/www.bbmnoticias.com\/labravaradiofm\/2021\/11\/23\/senado-elige-a-loretta-ortiz-como-nueva-ministra-de-la-scjn\/\" \/>\n<meta property=\"og:site_name\" content=\"LA BRAVA RADIO\" \/>\n<meta property=\"article:published_time\" content=\"2021-11-24T02:05:01+00:00\" \/>\n<meta property=\"article:modified_time\" content=\"2021-11-24T02:05:02+00:00\" \/>\n<meta property=\"og:image\" content=\"https:\/\/www.bbmnoticias.com\/labravaradiofm\/wp-content\/uploads\/sites\/5\/2021\/11\/lorettaortiz2311.jpg\" \/>\n\t<meta property=\"og:image:width\" content=\"680\" \/>\n\t<meta property=\"og:image:height\" content=\"383\" \/>\n\t<meta property=\"og:image:type\" content=\"image\/jpeg\" \/>\n<meta name=\"author\" content=\"Exc\u00e9lsior\" \/>\n<meta name=\"twitter:card\" content=\"summary_large_image\" \/>\n<meta name=\"twitter:label1\" content=\"Escrito por\" \/>\n\t<meta name=\"twitter:data1\" content=\"Exc\u00e9lsior\" \/>\n\t<meta name=\"twitter:label2\" content=\"Tiempo de lectura\" \/>\n\t<meta name=\"twitter:data2\" content=\"2 minutos\" \/>\n<script type=\"application\/ld+json\" class=\"yoast-schema-graph\">{\"@context\":\"https:\\\/\\\/schema.org\",\"@graph\":[{\"@type\":\"Article\",\"@id\":\"https:\\\/\\\/www.bbmnoticias.com\\\/labravaradiofm\\\/2021\\\/11\\\/23\\\/senado-elige-a-loretta-ortiz-como-nueva-ministra-de-la-scjn\\\/#article\",\"isPartOf\":{\"@id\":\"https:\\\/\\\/www.bbmnoticias.com\\\/labravaradiofm\\\/2021\\\/11\\\/23\\\/senado-elige-a-loretta-ortiz-como-nueva-ministra-de-la-scjn\\\/\"},\"author\":{\"name\":\"Exc\u00e9lsior\",\"@id\":\"https:\\\/\\\/www.bbmnoticias.com\\\/labravaradiofm\\\/#\\\/schema\\\/person\\\/56f4677efb93d47930db8f58aa971b20\"},\"headline\":\"Senado elige a Loretta Ortiz como nueva ministra de la SCJN\",\"datePublished\":\"2021-11-24T02:05:01+00:00\",\"dateModified\":\"2021-11-24T02:05:02+00:00\",\"mainEntityOfPage\":{\"@id\":\"https:\\\/\\\/www.bbmnoticias.com\\\/labravaradiofm\\\/2021\\\/11\\\/23\\\/senado-elige-a-loretta-ortiz-como-nueva-ministra-de-la-scjn\\\/\"},\"wordCount\":344,\"image\":{\"@id\":\"https:\\\/\\\/www.bbmnoticias.com\\\/labravaradiofm\\\/2021\\\/11\\\/23\\\/senado-elige-a-loretta-ortiz-como-nueva-ministra-de-la-scjn\\\/#primaryimage\"},\"thumbnailUrl\":\"https:\\\/\\\/www.bbmnoticias.com\\\/labravaradiofm\\\/wp-content\\\/uploads\\\/sites\\\/5\\\/2021\\\/11\\\/lorettaortiz2311.jpg\",\"articleSection\":[\"NACIONAL\"],\"inLanguage\":\"es\"},{\"@type\":\"WebPage\",\"@id\":\"https:\\\/\\\/www.bbmnoticias.com\\\/labravaradiofm\\\/2021\\\/11\\\/23\\\/senado-elige-a-loretta-ortiz-como-nueva-ministra-de-la-scjn\\\/\",\"url\":\"https:\\\/\\\/www.bbmnoticias.com\\\/labravaradiofm\\\/2021\\\/11\\\/23\\\/senado-elige-a-loretta-ortiz-como-nueva-ministra-de-la-scjn\\\/\",\"name\":\"Senado elige a Loretta Ortiz como nueva ministra de la SCJN - LA BRAVA RADIO\",\"isPartOf\":{\"@id\":\"https:\\\/\\\/www.bbmnoticias.com\\\/labravaradiofm\\\/#website\"},\"primaryImageOfPage\":{\"@id\":\"https:\\\/\\\/www.bbmnoticias.com\\\/labravaradiofm\\\/2021\\\/11\\\/23\\\/senado-elige-a-loretta-ortiz-como-nueva-ministra-de-la-scjn\\\/#primaryimage\"},\"image\":{\"@id\":\"https:\\\/\\\/www.bbmnoticias.com\\\/labravaradiofm\\\/2021\\\/11\\\/23\\\/senado-elige-a-loretta-ortiz-como-nueva-ministra-de-la-scjn\\\/#primaryimage\"},\"thumbnailUrl\":\"https:\\\/\\\/www.bbmnoticias.com\\\/labravaradiofm\\\/wp-content\\\/uploads\\\/sites\\\/5\\\/2021\\\/11\\\/lorettaortiz2311.jpg\",\"datePublished\":\"2021-11-24T02:05:01+00:00\",\"dateModified\":\"2021-11-24T02:05:02+00:00\",\"author\":{\"@id\":\"https:\\\/\\\/www.bbmnoticias.com\\\/labravaradiofm\\\/#\\\/schema\\\/person\\\/56f4677efb93d47930db8f58aa971b20\"},\"breadcrumb\":{\"@id\":\"https:\\\/\\\/www.bbmnoticias.com\\\/labravaradiofm\\\/2021\\\/11\\\/23\\\/senado-elige-a-loretta-ortiz-como-nueva-ministra-de-la-scjn\\\/#breadcrumb\"},\"inLanguage\":\"es\",\"potentialAction\":[{\"@type\":\"ReadAction\",\"target\":[\"https:\\\/\\\/www.bbmnoticias.com\\\/labravaradiofm\\\/2021\\\/11\\\/23\\\/senado-elige-a-loretta-ortiz-como-nueva-ministra-de-la-scjn\\\/\"]}]},{\"@type\":\"ImageObject\",\"inLanguage\":\"es\",\"@id\":\"https:\\\/\\\/www.bbmnoticias.com\\\/labravaradiofm\\\/2021\\\/11\\\/23\\\/senado-elige-a-loretta-ortiz-como-nueva-ministra-de-la-scjn\\\/#primaryimage\",\"url\":\"https:\\\/\\\/www.bbmnoticias.com\\\/labravaradiofm\\\/wp-content\\\/uploads\\\/sites\\\/5\\\/2021\\\/11\\\/lorettaortiz2311.jpg\",\"contentUrl\":\"https:\\\/\\\/www.bbmnoticias.com\\\/labravaradiofm\\\/wp-content\\\/uploads\\\/sites\\\/5\\\/2021\\\/11\\\/lorettaortiz2311.jpg\",\"width\":680,\"height\":383},{\"@type\":\"BreadcrumbList\",\"@id\":\"https:\\\/\\\/www.bbmnoticias.com\\\/labravaradiofm\\\/2021\\\/11\\\/23\\\/senado-elige-a-loretta-ortiz-como-nueva-ministra-de-la-scjn\\\/#breadcrumb\",\"itemListElement\":[{\"@type\":\"ListItem\",\"position\":1,\"name\":\"Inicio\",\"item\":\"https:\\\/\\\/www.bbmnoticias.com\\\/labravaradiofm\\\/\"},{\"@type\":\"ListItem\",\"position\":2,\"name\":\"Senado elige a Loretta Ortiz como nueva ministra de la SCJN\"}]},{\"@type\":\"WebSite\",\"@id\":\"https:\\\/\\\/www.bbmnoticias.com\\\/labravaradiofm\\\/#website\",\"url\":\"https:\\\/\\\/www.bbmnoticias.com\\\/labravaradiofm\\\/\",\"name\":\"LA BRAVA RADIO\",\"description\":\"Empresa productora de medios, Radiodifusi\u00f3n, Noticias, tendencias y todo lo que necesitas saber de la pol\u00edtica mexicana e internacional; entretenimiento, espect\u00e1culos, salud y mucho m\u00e1s.\",\"potentialAction\":[{\"@type\":\"SearchAction\",\"target\":{\"@type\":\"EntryPoint\",\"urlTemplate\":\"https:\\\/\\\/www.bbmnoticias.com\\\/labravaradiofm\\\/?s={search_term_string}\"},\"query-input\":{\"@type\":\"PropertyValueSpecification\",\"valueRequired\":true,\"valueName\":\"search_term_string\"}}],\"inLanguage\":\"es\"},{\"@type\":\"Person\",\"@id\":\"https:\\\/\\\/www.bbmnoticias.com\\\/labravaradiofm\\\/#\\\/schema\\\/person\\\/56f4677efb93d47930db8f58aa971b20\",\"name\":\"Exc\u00e9lsior\",\"image\":{\"@type\":\"ImageObject\",\"inLanguage\":\"es\",\"@id\":\"https:\\\/\\\/secure.gravatar.com\\\/avatar\\\/497265c4dbe1cd0e2f3f1b19aba0f5779c7f95d09e139a5b83c1ecd47b4e780d?s=96&d=mm&r=g\",\"url\":\"https:\\\/\\\/secure.gravatar.com\\\/avatar\\\/497265c4dbe1cd0e2f3f1b19aba0f5779c7f95d09e139a5b83c1ecd47b4e780d?s=96&d=mm&r=g\",\"contentUrl\":\"https:\\\/\\\/secure.gravatar.com\\\/avatar\\\/497265c4dbe1cd0e2f3f1b19aba0f5779c7f95d09e139a5b83c1ecd47b4e780d?s=96&d=mm&r=g\",\"caption\":\"Exc\u00e9lsior\"},\"url\":\"https:\\\/\\\/www.bbmnoticias.com\\\/labravaradiofm\\\/author\\\/excelsior\\\/\"}]}<\/script>\n<!-- \/ Yoast SEO plugin. -->","yoast_head_json":{"title":"Senado elige a Loretta Ortiz como nueva ministra de la SCJN - LA BRAVA RADIO","robots":{"index":"index","follow":"follow","max-snippet":"max-snippet:-1","max-image-preview":"max-image-preview:large","max-video-preview":"max-video-preview:-1"},"canonical":"https:\/\/www.bbmnoticias.com\/labravaradiofm\/2021\/11\/23\/senado-elige-a-loretta-ortiz-como-nueva-ministra-de-la-scjn\/","og_locale":"es_MX","og_type":"article","og_title":"Senado elige a Loretta Ortiz como nueva ministra de la SCJN - LA BRAVA RADIO","og_description":"El Senado eligi\u00f3 en votaci\u00f3n por c\u00e9dula a Loretta Ortiz Ahlf como nueva ministra de la Suprema Corte de Justicia de la Naci\u00f3n (SCJN), por lo que sustituir\u00e1 al ministro Fernando Franco, quien se retirar\u00e1 del cargo en diciembre. Ortiz Ahlf logr\u00f3 el respald\u00f3 de m\u00e1s de dos tercios de los votos con una mayor\u00eda [&hellip;]","og_url":"https:\/\/www.bbmnoticias.com\/labravaradiofm\/2021\/11\/23\/senado-elige-a-loretta-ortiz-como-nueva-ministra-de-la-scjn\/","og_site_name":"LA BRAVA RADIO","article_published_time":"2021-11-24T02:05:01+00:00","article_modified_time":"2021-11-24T02:05:02+00:00","og_image":[{"width":680,"height":383,"url":"https:\/\/www.bbmnoticias.com\/labravaradiofm\/wp-content\/uploads\/sites\/5\/2021\/11\/lorettaortiz2311.jpg","type":"image\/jpeg"}],"author":"Exc\u00e9lsior","twitter_card":"summary_large_image","twitter_misc":{"Escrito por":"Exc\u00e9lsior","Tiempo de lectura":"2 minutos"},"schema":{"@context":"https:\/\/schema.org","@graph":[{"@type":"Article","@id":"https:\/\/www.bbmnoticias.com\/labravaradiofm\/2021\/11\/23\/senado-elige-a-loretta-ortiz-como-nueva-ministra-de-la-scjn\/#article","isPartOf":{"@id":"https:\/\/www.bbmnoticias.com\/labravaradiofm\/2021\/11\/23\/senado-elige-a-loretta-ortiz-como-nueva-ministra-de-la-scjn\/"},"author":{"name":"Exc\u00e9lsior","@id":"https:\/\/www.bbmnoticias.com\/labravaradiofm\/#\/schema\/person\/56f4677efb93d47930db8f58aa971b20"},"headline":"Senado elige a Loretta Ortiz como nueva ministra de la SCJN","datePublished":"2021-11-24T02:05:01+00:00","dateModified":"2021-11-24T02:05:02+00:00","mainEntityOfPage":{"@id":"https:\/\/www.bbmnoticias.com\/labravaradiofm\/2021\/11\/23\/senado-elige-a-loretta-ortiz-como-nueva-ministra-de-la-scjn\/"},"wordCount":344,"image":{"@id":"https:\/\/www.bbmnoticias.com\/labravaradiofm\/2021\/11\/23\/senado-elige-a-loretta-ortiz-como-nueva-ministra-de-la-scjn\/#primaryimage"},"thumbnailUrl":"https:\/\/www.bbmnoticias.com\/labravaradiofm\/wp-content\/uploads\/sites\/5\/2021\/11\/lorettaortiz2311.jpg","articleSection":["NACIONAL"],"inLanguage":"es"},{"@type":"WebPage","@id":"https:\/\/www.bbmnoticias.com\/labravaradiofm\/2021\/11\/23\/senado-elige-a-loretta-ortiz-como-nueva-ministra-de-la-scjn\/","url":"https:\/\/www.bbmnoticias.com\/labravaradiofm\/2021\/11\/23\/senado-elige-a-loretta-ortiz-como-nueva-ministra-de-la-scjn\/","name":"Senado elige a Loretta Ortiz como nueva ministra de la SCJN - LA BRAVA RADIO","isPartOf":{"@id":"https:\/\/www.bbmnoticias.com\/labravaradiofm\/#website"},"primaryImageOfPage":{"@id":"https:\/\/www.bbmnoticias.com\/labravaradiofm\/2021\/11\/23\/senado-elige-a-loretta-ortiz-como-nueva-ministra-de-la-scjn\/#primaryimage"},"image":{"@id":"https:\/\/www.bbmnoticias.com\/labravaradiofm\/2021\/11\/23\/senado-elige-a-loretta-ortiz-como-nueva-ministra-de-la-scjn\/#primaryimage"},"thumbnailUrl":"https:\/\/www.bbmnoticias.com\/labravaradiofm\/wp-content\/uploads\/sites\/5\/2021\/11\/lorettaortiz2311.jpg","datePublished":"2021-11-24T02:05:01+00:00","dateModified":"2021-11-24T02:05:02+00:00","author":{"@id":"https:\/\/www.bbmnoticias.com\/labravaradiofm\/#\/schema\/person\/56f4677efb93d47930db8f58aa971b20"},"breadcrumb":{"@id":"https:\/\/www.bbmnoticias.com\/labravaradiofm\/2021\/11\/23\/senado-elige-a-loretta-ortiz-como-nueva-ministra-de-la-scjn\/#breadcrumb"},"inLanguage":"es","potentialAction":[{"@type":"ReadAction","target":["https:\/\/www.bbmnoticias.com\/labravaradiofm\/2021\/11\/23\/senado-elige-a-loretta-ortiz-como-nueva-ministra-de-la-scjn\/"]}]},{"@type":"ImageObject","inLanguage":"es","@id":"https:\/\/www.bbmnoticias.com\/labravaradiofm\/2021\/11\/23\/senado-elige-a-loretta-ortiz-como-nueva-ministra-de-la-scjn\/#primaryimage","url":"https:\/\/www.bbmnoticias.com\/labravaradiofm\/wp-content\/uploads\/sites\/5\/2021\/11\/lorettaortiz2311.jpg","contentUrl":"https:\/\/www.bbmnoticias.com\/labravaradiofm\/wp-content\/uploads\/sites\/5\/2021\/11\/lorettaortiz2311.jpg","width":680,"height":383},{"@type":"BreadcrumbList","@id":"https:\/\/www.bbmnoticias.com\/labravaradiofm\/2021\/11\/23\/senado-elige-a-loretta-ortiz-como-nueva-ministra-de-la-scjn\/#breadcrumb","itemListElement":[{"@type":"ListItem","position":1,"name":"Inicio","item":"https:\/\/www.bbmnoticias.com\/labravaradiofm\/"},{"@type":"ListItem","position":2,"name":"Senado elige a Loretta Ortiz como nueva ministra de la SCJN"}]},{"@type":"WebSite","@id":"https:\/\/www.bbmnoticias.com\/labravaradiofm\/#website","url":"https:\/\/www.bbmnoticias.com\/labravaradiofm\/","name":"LA BRAVA RADIO","description":"Empresa productora de medios, Radiodifusi\u00f3n, Noticias, tendencias y todo lo que necesitas saber de la pol\u00edtica mexicana e internacional; entretenimiento, espect\u00e1culos, salud y mucho m\u00e1s.","potentialAction":[{"@type":"SearchAction","target":{"@type":"EntryPoint","urlTemplate":"https:\/\/www.bbmnoticias.com\/labravaradiofm\/?s={search_term_string}"},"query-input":{"@type":"PropertyValueSpecification","valueRequired":true,"valueName":"search_term_string"}}],"inLanguage":"es"},{"@type":"Person","@id":"https:\/\/www.bbmnoticias.com\/labravaradiofm\/#\/schema\/person\/56f4677efb93d47930db8f58aa971b20","name":"Exc\u00e9lsior","image":{"@type":"ImageObject","inLanguage":"es","@id":"https:\/\/secure.gravatar.com\/avatar\/497265c4dbe1cd0e2f3f1b19aba0f5779c7f95d09e139a5b83c1ecd47b4e780d?s=96&d=mm&r=g","url":"https:\/\/secure.gravatar.com\/avatar\/497265c4dbe1cd0e2f3f1b19aba0f5779c7f95d09e139a5b83c1ecd47b4e780d?s=96&d=mm&r=g","contentUrl":"https:\/\/secure.gravatar.com\/avatar\/497265c4dbe1cd0e2f3f1b19aba0f5779c7f95d09e139a5b83c1ecd47b4e780d?s=96&d=mm&r=g","caption":"Exc\u00e9lsior"},"url":"https:\/\/www.bbmnoticias.com\/labravaradiofm\/author\/excelsior\/"}]}},"_links":{"self":[{"href":"https:\/\/www.bbmnoticias.com\/labravaradiofm\/wp-json\/wp\/v2\/posts\/6032","targetHints":{"allow":["GET"]}}],"collection":[{"href":"https:\/\/www.bbmnoticias.com\/labravaradiofm\/wp-json\/wp\/v2\/posts"}],"about":[{"href":"https:\/\/www.bbmnoticias.com\/labravaradiofm\/wp-json\/wp\/v2\/types\/post"}],"author":[{"embeddable":true,"href":"https:\/\/www.bbmnoticias.com\/labravaradiofm\/wp-json\/wp\/v2\/users\/8"}],"replies":[{"embeddable":true,"href":"https:\/\/www.bbmnoticias.com\/labravaradiofm\/wp-json\/wp\/v2\/comments?post=6032"}],"version-history":[{"count":0,"href":"https:\/\/www.bbmnoticias.com\/labravaradiofm\/wp-json\/wp\/v2\/posts\/6032\/revisions"}],"wp:featuredmedia":[{"embeddable":true,"href":"https:\/\/www.bbmnoticias.com\/labravaradiofm\/wp-json\/wp\/v2\/media\/6033"}],"wp:attachment":[{"href":"https:\/\/www.bbmnoticias.com\/labravaradiofm\/wp-json\/wp\/v2\/media?parent=6032"}],"wp:term":[{"taxonomy":"category","embeddable":true,"href":"https:\/\/www.bbmnoticias.com\/labravaradiofm\/wp-json\/wp\/v2\/categories?post=6032"},{"taxonomy":"post_tag","embeddable":true,"href":"https:\/\/www.bbmnoticias.com\/labravaradiofm\/wp-json\/wp\/v2\/tags?post=6032"}],"curies":[{"name":"wp","href":"https:\/\/api.w.org\/{rel}","templated":true}]}}