{"id":60244,"date":"2025-05-19T10:56:36","date_gmt":"2025-05-19T16:56:36","guid":{"rendered":"https:\/\/www.bbmnoticias.com\/labravaradiofm\/2025\/05\/19\/sheinbaum-descarta-reforma-para-quitar-autonomia-a-fiscalias\/"},"modified":"2025-05-19T10:56:43","modified_gmt":"2025-05-19T16:56:43","slug":"sheinbaum-descarta-reforma-para-quitar-autonomia-a-fiscalias","status":"publish","type":"post","link":"https:\/\/www.bbmnoticias.com\/labravaradiofm\/2025\/05\/19\/sheinbaum-descarta-reforma-para-quitar-autonomia-a-fiscalias\/","title":{"rendered":"Sheinbaum descarta reforma para quitar autonom\u00eda a fiscal\u00edas"},"content":{"rendered":"<div style=\"margin-top: 0px; margin-bottom: 0px;\" class=\"sharethis-inline-share-buttons\" ><\/div>\n<p>La presidenta <strong>Claudia Sheinbaum Pardo<\/strong> neg\u00f3 que su gobierno se encuentre preparando una <strong>reforma<\/strong> para eliminar la <strong>autonom\u00eda<\/strong> de las <strong>fiscal\u00edas<\/strong>.<\/p>\n\n\n\n<p>En la conferencia matutina de Palacio Nacional, Sheinbaum Pardo apunt\u00f3 que esta es una noticia falsa, y pidi\u00f3 a la ciudadan\u00eda seguir \u201cinform\u00e1ndose bien\u201d.<\/p>\n\n\n\n<figure class=\"wp-block-pullquote\"><blockquote><p>No hay ninguna iniciativa (para reformar fiscal\u00edas en el pa\u00eds)\u201d, destac\u00f3 en la conferencia matutina de Palacio Nacional.<\/p><\/blockquote><\/figure>\n\n\n\n<p>\u201cPor cierto, es incre\u00edble la cantidad de noticias falsas que hay en redes sociales, hay que seguir inform\u00e1ndose bien porque la verdad es que es impresionante. En las redes sociales y muchos coment\u00f3cratas. No hay ninguna iniciativa\u201d, se\u00f1al\u00f3.<\/p>\n\n\n\n<p>\u201cComo dije hay que pasar la reforma al Poder Judicial y en un tiempo, si es necesario, discutir qu\u00e9 necesitamos hacer en las fiscal\u00edas, pero por el momento no est\u00e1 planteada ninguna reforma\u201d, argument\u00f3.<\/p>\n\n\n\n<p>El Pa\u00eds detall\u00f3 que el Gobierno de Sheinbaum Pardo preparaba una reforma a las fiscal\u00edas, en donde se devolv\u00eda al Ejecutivo federal y a los estados el poder para designar a los titulares de dichas instituciones.<\/p>\n\n\n\n<p>Se apunt\u00f3 que dicha reforma inclu\u00eda tanto a la <strong>Fiscal\u00eda General de la Rep\u00fablica<\/strong> (<strong>FGR<\/strong>) como a las fiscal\u00edas de las 32 entidades del pa\u00eds.<\/p>\n\n\n\n<p>\u201cEl cambio cualitativo significa un regreso a la \u00e9poca en que el presidente o gobernador de turno designaba directamente a su fiscal, antes llamado procurador. Esa facultad discrecional tambi\u00e9n le permit\u00eda relevarlo de sus funciones, como a cualquier otro secretario de Gobierno bajo su autoridad\u201d, se indic\u00f3 en la nota.<\/p>\n","protected":false},"excerpt":{"rendered":"<p>La presidenta Claudia Sheinbaum Pardo neg\u00f3 que su gobierno se encuentre preparando una reforma para eliminar la autonom\u00eda de las fiscal\u00edas. En la conferencia matutina de Palacio Nacional, Sheinbaum Pardo apunt\u00f3 que esta es una noticia falsa, y pidi\u00f3 a la ciudadan\u00eda seguir \u201cinform\u00e1ndose bien\u201d. No hay ninguna iniciativa (para reformar fiscal\u00edas en el pa\u00eds)\u201d, [&hellip;]<\/p>\n","protected":false},"author":4,"featured_media":60246,"comment_status":"closed","ping_status":"","sticky":false,"template":"","format":"standard","meta":{"footnotes":""},"categories":[2,19],"tags":[],"class_list":{"0":"post-60244","1":"post","2":"type-post","3":"status-publish","4":"format-standard","5":"has-post-thumbnail","7":"category-oaxaca","8":"category-nacional"},"yoast_head":"<!-- This site is optimized with the Yoast SEO plugin v27.4 - https:\/\/yoast.com\/product\/yoast-seo-wordpress\/ -->\n<title>Sheinbaum descarta reforma para quitar autonom\u00eda a fiscal\u00edas - LA BRAVA RADIO<\/title>\n<meta name=\"robots\" content=\"index, follow, max-snippet:-1, max-image-preview:large, max-video-preview:-1\" \/>\n<link rel=\"canonical\" href=\"https:\/\/www.bbmnoticias.com\/blog\/2025\/05\/19\/sheinbaum-descarta-reforma-para-quitar-autonomia-a-fiscalias\/\" \/>\n<meta property=\"og:locale\" content=\"es_MX\" \/>\n<meta property=\"og:type\" content=\"article\" \/>\n<meta property=\"og:title\" content=\"Sheinbaum descarta reforma para quitar autonom\u00eda a fiscal\u00edas - LA BRAVA RADIO\" \/>\n<meta property=\"og:description\" content=\"La presidenta Claudia Sheinbaum Pardo neg\u00f3 que su gobierno se encuentre preparando una reforma para eliminar la autonom\u00eda de las fiscal\u00edas. En la conferencia matutina de Palacio Nacional, Sheinbaum Pardo apunt\u00f3 que esta es una noticia falsa, y pidi\u00f3 a la ciudadan\u00eda seguir \u201cinform\u00e1ndose bien\u201d. No hay ninguna iniciativa (para reformar fiscal\u00edas en el pa\u00eds)\u201d, [&hellip;]\" \/>\n<meta property=\"og:url\" content=\"https:\/\/www.bbmnoticias.com\/blog\/2025\/05\/19\/sheinbaum-descarta-reforma-para-quitar-autonomia-a-fiscalias\/\" \/>\n<meta property=\"og:site_name\" content=\"LA BRAVA RADIO\" \/>\n<meta property=\"article:published_time\" content=\"2025-05-19T16:56:36+00:00\" \/>\n<meta property=\"article:modified_time\" content=\"2025-05-19T16:56:43+00:00\" \/>\n<meta property=\"og:image\" content=\"https:\/\/www.bbmnoticias.com\/labravaradiofm\/wp-content\/uploads\/sites\/5\/2025\/05\/sheinbaum-fiscalias-1536x946-1.jpg\" \/>\n\t<meta property=\"og:image:width\" content=\"1536\" \/>\n\t<meta property=\"og:image:height\" content=\"946\" \/>\n\t<meta property=\"og:image:type\" content=\"image\/jpeg\" \/>\n<meta name=\"author\" content=\"Agencias\" \/>\n<meta name=\"twitter:card\" content=\"summary_large_image\" \/>\n<meta name=\"twitter:label1\" content=\"Escrito por\" \/>\n\t<meta name=\"twitter:data1\" content=\"Agencias\" \/>\n\t<meta name=\"twitter:label2\" content=\"Tiempo de lectura\" \/>\n\t<meta name=\"twitter:data2\" content=\"1 minuto\" \/>\n<script type=\"application\/ld+json\" class=\"yoast-schema-graph\">{\"@context\":\"https:\\\/\\\/schema.org\",\"@graph\":[{\"@type\":\"Article\",\"@id\":\"https:\\\/\\\/www.bbmnoticias.com\\\/blog\\\/2025\\\/05\\\/19\\\/sheinbaum-descarta-reforma-para-quitar-autonomia-a-fiscalias\\\/#article\",\"isPartOf\":{\"@id\":\"https:\\\/\\\/www.bbmnoticias.com\\\/labravaradiofm\\\/2025\\\/05\\\/19\\\/sheinbaum-descarta-reforma-para-quitar-autonomia-a-fiscalias\\\/\"},\"author\":{\"name\":\"Agencias\",\"@id\":\"https:\\\/\\\/www.bbmnoticias.com\\\/labravaradiofm\\\/#\\\/schema\\\/person\\\/857a3daf5c8142f29919023f377fbfad\"},\"headline\":\"Sheinbaum descarta reforma para quitar autonom\u00eda a fiscal\u00edas\",\"datePublished\":\"2025-05-19T16:56:36+00:00\",\"dateModified\":\"2025-05-19T16:56:43+00:00\",\"mainEntityOfPage\":{\"@id\":\"https:\\\/\\\/www.bbmnoticias.com\\\/labravaradiofm\\\/2025\\\/05\\\/19\\\/sheinbaum-descarta-reforma-para-quitar-autonomia-a-fiscalias\\\/\"},\"wordCount\":276,\"image\":{\"@id\":\"https:\\\/\\\/www.bbmnoticias.com\\\/blog\\\/2025\\\/05\\\/19\\\/sheinbaum-descarta-reforma-para-quitar-autonomia-a-fiscalias\\\/#primaryimage\"},\"thumbnailUrl\":\"https:\\\/\\\/www.bbmnoticias.com\\\/labravaradiofm\\\/wp-content\\\/uploads\\\/sites\\\/5\\\/2025\\\/05\\\/sheinbaum-fiscalias-1536x946-1.jpg\",\"articleSection\":[\"LOCAL\",\"NACIONAL\"],\"inLanguage\":\"es\"},{\"@type\":\"WebPage\",\"@id\":\"https:\\\/\\\/www.bbmnoticias.com\\\/labravaradiofm\\\/2025\\\/05\\\/19\\\/sheinbaum-descarta-reforma-para-quitar-autonomia-a-fiscalias\\\/\",\"url\":\"https:\\\/\\\/www.bbmnoticias.com\\\/blog\\\/2025\\\/05\\\/19\\\/sheinbaum-descarta-reforma-para-quitar-autonomia-a-fiscalias\\\/\",\"name\":\"Sheinbaum descarta reforma para quitar autonom\u00eda a fiscal\u00edas - LA BRAVA RADIO\",\"isPartOf\":{\"@id\":\"https:\\\/\\\/www.bbmnoticias.com\\\/labravaradiofm\\\/#website\"},\"primaryImageOfPage\":{\"@id\":\"https:\\\/\\\/www.bbmnoticias.com\\\/blog\\\/2025\\\/05\\\/19\\\/sheinbaum-descarta-reforma-para-quitar-autonomia-a-fiscalias\\\/#primaryimage\"},\"image\":{\"@id\":\"https:\\\/\\\/www.bbmnoticias.com\\\/blog\\\/2025\\\/05\\\/19\\\/sheinbaum-descarta-reforma-para-quitar-autonomia-a-fiscalias\\\/#primaryimage\"},\"thumbnailUrl\":\"https:\\\/\\\/www.bbmnoticias.com\\\/labravaradiofm\\\/wp-content\\\/uploads\\\/sites\\\/5\\\/2025\\\/05\\\/sheinbaum-fiscalias-1536x946-1.jpg\",\"datePublished\":\"2025-05-19T16:56:36+00:00\",\"dateModified\":\"2025-05-19T16:56:43+00:00\",\"author\":{\"@id\":\"https:\\\/\\\/www.bbmnoticias.com\\\/labravaradiofm\\\/#\\\/schema\\\/person\\\/857a3daf5c8142f29919023f377fbfad\"},\"breadcrumb\":{\"@id\":\"https:\\\/\\\/www.bbmnoticias.com\\\/blog\\\/2025\\\/05\\\/19\\\/sheinbaum-descarta-reforma-para-quitar-autonomia-a-fiscalias\\\/#breadcrumb\"},\"inLanguage\":\"es\",\"potentialAction\":[{\"@type\":\"ReadAction\",\"target\":[\"https:\\\/\\\/www.bbmnoticias.com\\\/blog\\\/2025\\\/05\\\/19\\\/sheinbaum-descarta-reforma-para-quitar-autonomia-a-fiscalias\\\/\"]}]},{\"@type\":\"ImageObject\",\"inLanguage\":\"es\",\"@id\":\"https:\\\/\\\/www.bbmnoticias.com\\\/blog\\\/2025\\\/05\\\/19\\\/sheinbaum-descarta-reforma-para-quitar-autonomia-a-fiscalias\\\/#primaryimage\",\"url\":\"https:\\\/\\\/www.bbmnoticias.com\\\/labravaradiofm\\\/wp-content\\\/uploads\\\/sites\\\/5\\\/2025\\\/05\\\/sheinbaum-fiscalias-1536x946-1.jpg\",\"contentUrl\":\"https:\\\/\\\/www.bbmnoticias.com\\\/labravaradiofm\\\/wp-content\\\/uploads\\\/sites\\\/5\\\/2025\\\/05\\\/sheinbaum-fiscalias-1536x946-1.jpg\",\"width\":1536,\"height\":946},{\"@type\":\"BreadcrumbList\",\"@id\":\"https:\\\/\\\/www.bbmnoticias.com\\\/blog\\\/2025\\\/05\\\/19\\\/sheinbaum-descarta-reforma-para-quitar-autonomia-a-fiscalias\\\/#breadcrumb\",\"itemListElement\":[{\"@type\":\"ListItem\",\"position\":1,\"name\":\"Inicio\",\"item\":\"https:\\\/\\\/www.bbmnoticias.com\\\/labravaradiofm\\\/\"},{\"@type\":\"ListItem\",\"position\":2,\"name\":\"Sheinbaum descarta reforma para quitar autonom\u00eda a fiscal\u00edas\"}]},{\"@type\":\"WebSite\",\"@id\":\"https:\\\/\\\/www.bbmnoticias.com\\\/labravaradiofm\\\/#website\",\"url\":\"https:\\\/\\\/www.bbmnoticias.com\\\/labravaradiofm\\\/\",\"name\":\"LA BRAVA RADIO\",\"description\":\"Empresa productora de medios, Radiodifusi\u00f3n, Noticias, tendencias y todo lo que necesitas saber de la pol\u00edtica mexicana e internacional; entretenimiento, espect\u00e1culos, salud y mucho m\u00e1s.\",\"potentialAction\":[{\"@type\":\"SearchAction\",\"target\":{\"@type\":\"EntryPoint\",\"urlTemplate\":\"https:\\\/\\\/www.bbmnoticias.com\\\/labravaradiofm\\\/?s={search_term_string}\"},\"query-input\":{\"@type\":\"PropertyValueSpecification\",\"valueRequired\":true,\"valueName\":\"search_term_string\"}}],\"inLanguage\":\"es\"},{\"@type\":\"Person\",\"@id\":\"https:\\\/\\\/www.bbmnoticias.com\\\/labravaradiofm\\\/#\\\/schema\\\/person\\\/857a3daf5c8142f29919023f377fbfad\",\"name\":\"Agencias\",\"image\":{\"@type\":\"ImageObject\",\"inLanguage\":\"es\",\"@id\":\"https:\\\/\\\/secure.gravatar.com\\\/avatar\\\/739e0b61adf9e398b425c36718c8752286da0e8cd90f20ce9a86678abc26aa0d?s=96&d=mm&r=g\",\"url\":\"https:\\\/\\\/secure.gravatar.com\\\/avatar\\\/739e0b61adf9e398b425c36718c8752286da0e8cd90f20ce9a86678abc26aa0d?s=96&d=mm&r=g\",\"contentUrl\":\"https:\\\/\\\/secure.gravatar.com\\\/avatar\\\/739e0b61adf9e398b425c36718c8752286da0e8cd90f20ce9a86678abc26aa0d?s=96&d=mm&r=g\",\"caption\":\"Agencias\"},\"url\":\"https:\\\/\\\/www.bbmnoticias.com\\\/labravaradiofm\\\/author\\\/agencias\\\/\"}]}<\/script>\n<!-- \/ Yoast SEO plugin. -->","yoast_head_json":{"title":"Sheinbaum descarta reforma para quitar autonom\u00eda a fiscal\u00edas - LA BRAVA RADIO","robots":{"index":"index","follow":"follow","max-snippet":"max-snippet:-1","max-image-preview":"max-image-preview:large","max-video-preview":"max-video-preview:-1"},"canonical":"https:\/\/www.bbmnoticias.com\/blog\/2025\/05\/19\/sheinbaum-descarta-reforma-para-quitar-autonomia-a-fiscalias\/","og_locale":"es_MX","og_type":"article","og_title":"Sheinbaum descarta reforma para quitar autonom\u00eda a fiscal\u00edas - LA BRAVA RADIO","og_description":"La presidenta Claudia Sheinbaum Pardo neg\u00f3 que su gobierno se encuentre preparando una reforma para eliminar la autonom\u00eda de las fiscal\u00edas. En la conferencia matutina de Palacio Nacional, Sheinbaum Pardo apunt\u00f3 que esta es una noticia falsa, y pidi\u00f3 a la ciudadan\u00eda seguir \u201cinform\u00e1ndose bien\u201d. No hay ninguna iniciativa (para reformar fiscal\u00edas en el pa\u00eds)\u201d, [&hellip;]","og_url":"https:\/\/www.bbmnoticias.com\/blog\/2025\/05\/19\/sheinbaum-descarta-reforma-para-quitar-autonomia-a-fiscalias\/","og_site_name":"LA BRAVA RADIO","article_published_time":"2025-05-19T16:56:36+00:00","article_modified_time":"2025-05-19T16:56:43+00:00","og_image":[{"width":1536,"height":946,"url":"https:\/\/www.bbmnoticias.com\/labravaradiofm\/wp-content\/uploads\/sites\/5\/2025\/05\/sheinbaum-fiscalias-1536x946-1.jpg","type":"image\/jpeg"}],"author":"Agencias","twitter_card":"summary_large_image","twitter_misc":{"Escrito por":"Agencias","Tiempo de lectura":"1 minuto"},"schema":{"@context":"https:\/\/schema.org","@graph":[{"@type":"Article","@id":"https:\/\/www.bbmnoticias.com\/blog\/2025\/05\/19\/sheinbaum-descarta-reforma-para-quitar-autonomia-a-fiscalias\/#article","isPartOf":{"@id":"https:\/\/www.bbmnoticias.com\/labravaradiofm\/2025\/05\/19\/sheinbaum-descarta-reforma-para-quitar-autonomia-a-fiscalias\/"},"author":{"name":"Agencias","@id":"https:\/\/www.bbmnoticias.com\/labravaradiofm\/#\/schema\/person\/857a3daf5c8142f29919023f377fbfad"},"headline":"Sheinbaum descarta reforma para quitar autonom\u00eda a fiscal\u00edas","datePublished":"2025-05-19T16:56:36+00:00","dateModified":"2025-05-19T16:56:43+00:00","mainEntityOfPage":{"@id":"https:\/\/www.bbmnoticias.com\/labravaradiofm\/2025\/05\/19\/sheinbaum-descarta-reforma-para-quitar-autonomia-a-fiscalias\/"},"wordCount":276,"image":{"@id":"https:\/\/www.bbmnoticias.com\/blog\/2025\/05\/19\/sheinbaum-descarta-reforma-para-quitar-autonomia-a-fiscalias\/#primaryimage"},"thumbnailUrl":"https:\/\/www.bbmnoticias.com\/labravaradiofm\/wp-content\/uploads\/sites\/5\/2025\/05\/sheinbaum-fiscalias-1536x946-1.jpg","articleSection":["LOCAL","NACIONAL"],"inLanguage":"es"},{"@type":"WebPage","@id":"https:\/\/www.bbmnoticias.com\/labravaradiofm\/2025\/05\/19\/sheinbaum-descarta-reforma-para-quitar-autonomia-a-fiscalias\/","url":"https:\/\/www.bbmnoticias.com\/blog\/2025\/05\/19\/sheinbaum-descarta-reforma-para-quitar-autonomia-a-fiscalias\/","name":"Sheinbaum descarta reforma para quitar autonom\u00eda a fiscal\u00edas - LA BRAVA RADIO","isPartOf":{"@id":"https:\/\/www.bbmnoticias.com\/labravaradiofm\/#website"},"primaryImageOfPage":{"@id":"https:\/\/www.bbmnoticias.com\/blog\/2025\/05\/19\/sheinbaum-descarta-reforma-para-quitar-autonomia-a-fiscalias\/#primaryimage"},"image":{"@id":"https:\/\/www.bbmnoticias.com\/blog\/2025\/05\/19\/sheinbaum-descarta-reforma-para-quitar-autonomia-a-fiscalias\/#primaryimage"},"thumbnailUrl":"https:\/\/www.bbmnoticias.com\/labravaradiofm\/wp-content\/uploads\/sites\/5\/2025\/05\/sheinbaum-fiscalias-1536x946-1.jpg","datePublished":"2025-05-19T16:56:36+00:00","dateModified":"2025-05-19T16:56:43+00:00","author":{"@id":"https:\/\/www.bbmnoticias.com\/labravaradiofm\/#\/schema\/person\/857a3daf5c8142f29919023f377fbfad"},"breadcrumb":{"@id":"https:\/\/www.bbmnoticias.com\/blog\/2025\/05\/19\/sheinbaum-descarta-reforma-para-quitar-autonomia-a-fiscalias\/#breadcrumb"},"inLanguage":"es","potentialAction":[{"@type":"ReadAction","target":["https:\/\/www.bbmnoticias.com\/blog\/2025\/05\/19\/sheinbaum-descarta-reforma-para-quitar-autonomia-a-fiscalias\/"]}]},{"@type":"ImageObject","inLanguage":"es","@id":"https:\/\/www.bbmnoticias.com\/blog\/2025\/05\/19\/sheinbaum-descarta-reforma-para-quitar-autonomia-a-fiscalias\/#primaryimage","url":"https:\/\/www.bbmnoticias.com\/labravaradiofm\/wp-content\/uploads\/sites\/5\/2025\/05\/sheinbaum-fiscalias-1536x946-1.jpg","contentUrl":"https:\/\/www.bbmnoticias.com\/labravaradiofm\/wp-content\/uploads\/sites\/5\/2025\/05\/sheinbaum-fiscalias-1536x946-1.jpg","width":1536,"height":946},{"@type":"BreadcrumbList","@id":"https:\/\/www.bbmnoticias.com\/blog\/2025\/05\/19\/sheinbaum-descarta-reforma-para-quitar-autonomia-a-fiscalias\/#breadcrumb","itemListElement":[{"@type":"ListItem","position":1,"name":"Inicio","item":"https:\/\/www.bbmnoticias.com\/labravaradiofm\/"},{"@type":"ListItem","position":2,"name":"Sheinbaum descarta reforma para quitar autonom\u00eda a fiscal\u00edas"}]},{"@type":"WebSite","@id":"https:\/\/www.bbmnoticias.com\/labravaradiofm\/#website","url":"https:\/\/www.bbmnoticias.com\/labravaradiofm\/","name":"LA BRAVA RADIO","description":"Empresa productora de medios, Radiodifusi\u00f3n, Noticias, tendencias y todo lo que necesitas saber de la pol\u00edtica mexicana e internacional; entretenimiento, espect\u00e1culos, salud y mucho m\u00e1s.","potentialAction":[{"@type":"SearchAction","target":{"@type":"EntryPoint","urlTemplate":"https:\/\/www.bbmnoticias.com\/labravaradiofm\/?s={search_term_string}"},"query-input":{"@type":"PropertyValueSpecification","valueRequired":true,"valueName":"search_term_string"}}],"inLanguage":"es"},{"@type":"Person","@id":"https:\/\/www.bbmnoticias.com\/labravaradiofm\/#\/schema\/person\/857a3daf5c8142f29919023f377fbfad","name":"Agencias","image":{"@type":"ImageObject","inLanguage":"es","@id":"https:\/\/secure.gravatar.com\/avatar\/739e0b61adf9e398b425c36718c8752286da0e8cd90f20ce9a86678abc26aa0d?s=96&d=mm&r=g","url":"https:\/\/secure.gravatar.com\/avatar\/739e0b61adf9e398b425c36718c8752286da0e8cd90f20ce9a86678abc26aa0d?s=96&d=mm&r=g","contentUrl":"https:\/\/secure.gravatar.com\/avatar\/739e0b61adf9e398b425c36718c8752286da0e8cd90f20ce9a86678abc26aa0d?s=96&d=mm&r=g","caption":"Agencias"},"url":"https:\/\/www.bbmnoticias.com\/labravaradiofm\/author\/agencias\/"}]}},"_links":{"self":[{"href":"https:\/\/www.bbmnoticias.com\/labravaradiofm\/wp-json\/wp\/v2\/posts\/60244","targetHints":{"allow":["GET"]}}],"collection":[{"href":"https:\/\/www.bbmnoticias.com\/labravaradiofm\/wp-json\/wp\/v2\/posts"}],"about":[{"href":"https:\/\/www.bbmnoticias.com\/labravaradiofm\/wp-json\/wp\/v2\/types\/post"}],"author":[{"embeddable":true,"href":"https:\/\/www.bbmnoticias.com\/labravaradiofm\/wp-json\/wp\/v2\/users\/4"}],"replies":[{"embeddable":true,"href":"https:\/\/www.bbmnoticias.com\/labravaradiofm\/wp-json\/wp\/v2\/comments?post=60244"}],"version-history":[{"count":0,"href":"https:\/\/www.bbmnoticias.com\/labravaradiofm\/wp-json\/wp\/v2\/posts\/60244\/revisions"}],"wp:featuredmedia":[{"embeddable":true,"href":"https:\/\/www.bbmnoticias.com\/labravaradiofm\/wp-json\/wp\/v2\/media\/60246"}],"wp:attachment":[{"href":"https:\/\/www.bbmnoticias.com\/labravaradiofm\/wp-json\/wp\/v2\/media?parent=60244"}],"wp:term":[{"taxonomy":"category","embeddable":true,"href":"https:\/\/www.bbmnoticias.com\/labravaradiofm\/wp-json\/wp\/v2\/categories?post=60244"},{"taxonomy":"post_tag","embeddable":true,"href":"https:\/\/www.bbmnoticias.com\/labravaradiofm\/wp-json\/wp\/v2\/tags?post=60244"}],"curies":[{"name":"wp","href":"https:\/\/api.w.org\/{rel}","templated":true}]}}