{"id":60241,"date":"2025-05-19T10:46:54","date_gmt":"2025-05-19T16:46:54","guid":{"rendered":"https:\/\/www.bbmnoticias.com\/labravaradiofm\/2025\/05\/19\/promueve-el-imss-oaxaca-la-salud-mental-como-parte-integral-del-bienestar\/"},"modified":"2025-05-19T10:46:58","modified_gmt":"2025-05-19T16:46:58","slug":"promueve-el-imss-oaxaca-la-salud-mental-como-parte-integral-del-bienestar","status":"publish","type":"post","link":"https:\/\/www.bbmnoticias.com\/labravaradiofm\/2025\/05\/19\/promueve-el-imss-oaxaca-la-salud-mental-como-parte-integral-del-bienestar\/","title":{"rendered":"Promueve el IMSS Oaxaca la salud mental como parte integral del bienestar"},"content":{"rendered":"<div style=\"margin-top: 0px; margin-bottom: 0px;\" class=\"sharethis-inline-share-buttons\" ><\/div>\n<p>El Instituto Mexicano del Seguro Social (IMSS) en Oaxaca hace un llamado a visibilizar la importancia de la salud mental y a promover entornos basados en la empat\u00eda, la inclusi\u00f3n y el bienestar emocional, tanto en el \u00e1mbito laboral como en la vida cotidiana, con el firme compromiso de fomentar una cultura de prevenci\u00f3n y cuidado integral.<\/p>\n\n\n\n<p>Hablar de salud mental con naturalidad permite que m\u00e1s personas se sientan escuchadas, acompa\u00f1adas y comprendidas. Por ello, el IMSS subraya la necesidad de normalizar el cuidado psicol\u00f3gico, tal como se hace con la atenci\u00f3n m\u00e9dica preventiva, a fin de derribar estigmas que a\u00fan persisten en torno a este tema.<\/p>\n\n\n\n<p>La psic\u00f3loga cl\u00ednica de los Servicios de Prevenci\u00f3n y Promoci\u00f3n de la Salud para Trabajadores del IMSS (SPPSTIMSS), licenciada Karina Santiago Ambrosio, destac\u00f3 que acudir al psic\u00f3logo de manera regular deber\u00eda asumirse como parte esencial del autocuidado, equiparable a las visitas peri\u00f3dicas con el m\u00e9dico familiar.<\/p>\n\n\n\n<p>\u201cLa salud mental es un componente clave del bienestar integral. Abordarla con responsabilidad y apertura fortalece el tejido social y nos permite construir una sociedad m\u00e1s solidaria, emp\u00e1tica e incluyente\u201d, expres\u00f3 la especialista.<\/p>\n\n\n\n<p>Indic\u00f3 que existen se\u00f1ales que aunque pueden parecer sutiles o pasajeras, no deben subestimarse: sentimientos persistentes de tristeza o ansiedad, cambios abruptos de \u00e1nimo, p\u00e9rdida de inter\u00e9s en actividades cotidianas, aislamiento, alteraciones del sue\u00f1o, irritabilidad o pensamientos negativos recurrentes. A estos s\u00edntomas se puede sumar la sensaci\u00f3n constante de fatiga, desmotivaci\u00f3n o vac\u00edo emocional.<\/p>\n\n\n\n<p>\u201cNo es necesario esperar a estar en crisis para buscar ayuda profesional. La prevenci\u00f3n tambi\u00e9n es parte del cuidado de la salud mental\u201d, enfatiz\u00f3.<\/p>\n\n\n\n<p>Como parte de las estrategias para fortalecer el bienestar emocional, la especialista del IMSS recomend\u00f3 adoptar h\u00e1bitos saludables que pueden marcar una gran diferencia: mantener horarios regulares de sue\u00f1o, establecer rutinas diarias, realizar actividad f\u00edsica, alimentarse adecuadamente y procurar momentos de desconexi\u00f3n para relajar la mente, ya sea leyendo, meditando o alej\u00e1ndose por un momento de los dispositivos m\u00f3viles.<\/p>\n\n\n\n<p>Karina Santiago Ambrosio reiter\u00f3 que el cuidado de la salud mental no debe verse como un lujo, sino como una necesidad prioritaria. \u201cCuidarte no es un acto de ego\u00edsmo, sino una forma consciente de proteger tu bienestar y el de quienes te rodean\u201d.<\/p>\n","protected":false},"excerpt":{"rendered":"<p>El Instituto Mexicano del Seguro Social (IMSS) en Oaxaca hace un llamado a visibilizar la importancia de la salud mental y a promover entornos basados en la empat\u00eda, la inclusi\u00f3n y el bienestar emocional, tanto en el \u00e1mbito laboral como en la vida cotidiana, con el firme compromiso de fomentar una cultura de prevenci\u00f3n y [&hellip;]<\/p>\n","protected":false},"author":2,"featured_media":60243,"comment_status":"closed","ping_status":"","sticky":false,"template":"","format":"standard","meta":{"footnotes":""},"categories":[2],"tags":[],"class_list":{"0":"post-60241","1":"post","2":"type-post","3":"status-publish","4":"format-standard","5":"has-post-thumbnail","7":"category-oaxaca"},"yoast_head":"<!-- This site is optimized with the Yoast SEO plugin v27.4 - https:\/\/yoast.com\/product\/yoast-seo-wordpress\/ -->\n<title>Promueve el IMSS Oaxaca la salud mental como parte integral del bienestar - LA BRAVA RADIO<\/title>\n<meta name=\"robots\" content=\"index, follow, max-snippet:-1, max-image-preview:large, max-video-preview:-1\" \/>\n<link rel=\"canonical\" href=\"https:\/\/www.bbmnoticias.com\/blog\/2025\/05\/19\/promueve-el-imss-oaxaca-la-salud-mental-como-parte-integral-del-bienestar\/\" \/>\n<meta property=\"og:locale\" content=\"es_MX\" \/>\n<meta property=\"og:type\" content=\"article\" \/>\n<meta property=\"og:title\" content=\"Promueve el IMSS Oaxaca la salud mental como parte integral del bienestar - LA BRAVA RADIO\" \/>\n<meta property=\"og:description\" content=\"El Instituto Mexicano del Seguro Social (IMSS) en Oaxaca hace un llamado a visibilizar la importancia de la salud mental y a promover entornos basados en la empat\u00eda, la inclusi\u00f3n y el bienestar emocional, tanto en el \u00e1mbito laboral como en la vida cotidiana, con el firme compromiso de fomentar una cultura de prevenci\u00f3n y [&hellip;]\" \/>\n<meta property=\"og:url\" content=\"https:\/\/www.bbmnoticias.com\/blog\/2025\/05\/19\/promueve-el-imss-oaxaca-la-salud-mental-como-parte-integral-del-bienestar\/\" \/>\n<meta property=\"og:site_name\" content=\"LA BRAVA RADIO\" \/>\n<meta property=\"article:published_time\" content=\"2025-05-19T16:46:54+00:00\" \/>\n<meta property=\"article:modified_time\" content=\"2025-05-19T16:46:58+00:00\" \/>\n<meta property=\"og:image\" content=\"https:\/\/www.bbmnoticias.com\/labravaradiofm\/wp-content\/uploads\/sites\/5\/2025\/05\/salud_mental.jpg\" \/>\n\t<meta property=\"og:image:width\" content=\"751\" \/>\n\t<meta property=\"og:image:height\" content=\"773\" \/>\n\t<meta property=\"og:image:type\" content=\"image\/jpeg\" \/>\n<meta name=\"author\" content=\"Staff\" \/>\n<meta name=\"twitter:card\" content=\"summary_large_image\" \/>\n<meta name=\"twitter:label1\" content=\"Escrito por\" \/>\n\t<meta name=\"twitter:data1\" content=\"Staff\" \/>\n\t<meta name=\"twitter:label2\" content=\"Tiempo de lectura\" \/>\n\t<meta name=\"twitter:data2\" content=\"2 minutos\" \/>\n<script type=\"application\/ld+json\" class=\"yoast-schema-graph\">{\"@context\":\"https:\\\/\\\/schema.org\",\"@graph\":[{\"@type\":\"Article\",\"@id\":\"https:\\\/\\\/www.bbmnoticias.com\\\/blog\\\/2025\\\/05\\\/19\\\/promueve-el-imss-oaxaca-la-salud-mental-como-parte-integral-del-bienestar\\\/#article\",\"isPartOf\":{\"@id\":\"https:\\\/\\\/www.bbmnoticias.com\\\/labravaradiofm\\\/2025\\\/05\\\/19\\\/promueve-el-imss-oaxaca-la-salud-mental-como-parte-integral-del-bienestar\\\/\"},\"author\":{\"name\":\"Staff\",\"@id\":\"https:\\\/\\\/www.bbmnoticias.com\\\/labravaradiofm\\\/#\\\/schema\\\/person\\\/34b139c617a70ea5bef5678bffe4dd7b\"},\"headline\":\"Promueve el IMSS Oaxaca la salud mental como parte integral del bienestar\",\"datePublished\":\"2025-05-19T16:46:54+00:00\",\"dateModified\":\"2025-05-19T16:46:58+00:00\",\"mainEntityOfPage\":{\"@id\":\"https:\\\/\\\/www.bbmnoticias.com\\\/labravaradiofm\\\/2025\\\/05\\\/19\\\/promueve-el-imss-oaxaca-la-salud-mental-como-parte-integral-del-bienestar\\\/\"},\"wordCount\":414,\"image\":{\"@id\":\"https:\\\/\\\/www.bbmnoticias.com\\\/blog\\\/2025\\\/05\\\/19\\\/promueve-el-imss-oaxaca-la-salud-mental-como-parte-integral-del-bienestar\\\/#primaryimage\"},\"thumbnailUrl\":\"https:\\\/\\\/www.bbmnoticias.com\\\/labravaradiofm\\\/wp-content\\\/uploads\\\/sites\\\/5\\\/2025\\\/05\\\/salud_mental.jpg\",\"articleSection\":[\"LOCAL\"],\"inLanguage\":\"es\"},{\"@type\":\"WebPage\",\"@id\":\"https:\\\/\\\/www.bbmnoticias.com\\\/labravaradiofm\\\/2025\\\/05\\\/19\\\/promueve-el-imss-oaxaca-la-salud-mental-como-parte-integral-del-bienestar\\\/\",\"url\":\"https:\\\/\\\/www.bbmnoticias.com\\\/blog\\\/2025\\\/05\\\/19\\\/promueve-el-imss-oaxaca-la-salud-mental-como-parte-integral-del-bienestar\\\/\",\"name\":\"Promueve el IMSS Oaxaca la salud mental como parte integral del bienestar - LA BRAVA RADIO\",\"isPartOf\":{\"@id\":\"https:\\\/\\\/www.bbmnoticias.com\\\/labravaradiofm\\\/#website\"},\"primaryImageOfPage\":{\"@id\":\"https:\\\/\\\/www.bbmnoticias.com\\\/blog\\\/2025\\\/05\\\/19\\\/promueve-el-imss-oaxaca-la-salud-mental-como-parte-integral-del-bienestar\\\/#primaryimage\"},\"image\":{\"@id\":\"https:\\\/\\\/www.bbmnoticias.com\\\/blog\\\/2025\\\/05\\\/19\\\/promueve-el-imss-oaxaca-la-salud-mental-como-parte-integral-del-bienestar\\\/#primaryimage\"},\"thumbnailUrl\":\"https:\\\/\\\/www.bbmnoticias.com\\\/labravaradiofm\\\/wp-content\\\/uploads\\\/sites\\\/5\\\/2025\\\/05\\\/salud_mental.jpg\",\"datePublished\":\"2025-05-19T16:46:54+00:00\",\"dateModified\":\"2025-05-19T16:46:58+00:00\",\"author\":{\"@id\":\"https:\\\/\\\/www.bbmnoticias.com\\\/labravaradiofm\\\/#\\\/schema\\\/person\\\/34b139c617a70ea5bef5678bffe4dd7b\"},\"breadcrumb\":{\"@id\":\"https:\\\/\\\/www.bbmnoticias.com\\\/blog\\\/2025\\\/05\\\/19\\\/promueve-el-imss-oaxaca-la-salud-mental-como-parte-integral-del-bienestar\\\/#breadcrumb\"},\"inLanguage\":\"es\",\"potentialAction\":[{\"@type\":\"ReadAction\",\"target\":[\"https:\\\/\\\/www.bbmnoticias.com\\\/blog\\\/2025\\\/05\\\/19\\\/promueve-el-imss-oaxaca-la-salud-mental-como-parte-integral-del-bienestar\\\/\"]}]},{\"@type\":\"ImageObject\",\"inLanguage\":\"es\",\"@id\":\"https:\\\/\\\/www.bbmnoticias.com\\\/blog\\\/2025\\\/05\\\/19\\\/promueve-el-imss-oaxaca-la-salud-mental-como-parte-integral-del-bienestar\\\/#primaryimage\",\"url\":\"https:\\\/\\\/www.bbmnoticias.com\\\/labravaradiofm\\\/wp-content\\\/uploads\\\/sites\\\/5\\\/2025\\\/05\\\/salud_mental.jpg\",\"contentUrl\":\"https:\\\/\\\/www.bbmnoticias.com\\\/labravaradiofm\\\/wp-content\\\/uploads\\\/sites\\\/5\\\/2025\\\/05\\\/salud_mental.jpg\",\"width\":751,\"height\":773},{\"@type\":\"BreadcrumbList\",\"@id\":\"https:\\\/\\\/www.bbmnoticias.com\\\/blog\\\/2025\\\/05\\\/19\\\/promueve-el-imss-oaxaca-la-salud-mental-como-parte-integral-del-bienestar\\\/#breadcrumb\",\"itemListElement\":[{\"@type\":\"ListItem\",\"position\":1,\"name\":\"Inicio\",\"item\":\"https:\\\/\\\/www.bbmnoticias.com\\\/labravaradiofm\\\/\"},{\"@type\":\"ListItem\",\"position\":2,\"name\":\"Promueve el IMSS Oaxaca la salud mental como parte integral del bienestar\"}]},{\"@type\":\"WebSite\",\"@id\":\"https:\\\/\\\/www.bbmnoticias.com\\\/labravaradiofm\\\/#website\",\"url\":\"https:\\\/\\\/www.bbmnoticias.com\\\/labravaradiofm\\\/\",\"name\":\"LA BRAVA RADIO\",\"description\":\"Empresa productora de medios, Radiodifusi\u00f3n, Noticias, tendencias y todo lo que necesitas saber de la pol\u00edtica mexicana e internacional; entretenimiento, espect\u00e1culos, salud y mucho m\u00e1s.\",\"potentialAction\":[{\"@type\":\"SearchAction\",\"target\":{\"@type\":\"EntryPoint\",\"urlTemplate\":\"https:\\\/\\\/www.bbmnoticias.com\\\/labravaradiofm\\\/?s={search_term_string}\"},\"query-input\":{\"@type\":\"PropertyValueSpecification\",\"valueRequired\":true,\"valueName\":\"search_term_string\"}}],\"inLanguage\":\"es\"},{\"@type\":\"Person\",\"@id\":\"https:\\\/\\\/www.bbmnoticias.com\\\/labravaradiofm\\\/#\\\/schema\\\/person\\\/34b139c617a70ea5bef5678bffe4dd7b\",\"name\":\"Staff\",\"image\":{\"@type\":\"ImageObject\",\"inLanguage\":\"es\",\"@id\":\"https:\\\/\\\/secure.gravatar.com\\\/avatar\\\/fdd21ad66fd8b98c407f9dee5b5e588cfe7f0d8579ec20fa6527cd59bab7f0f0?s=96&d=mm&r=g\",\"url\":\"https:\\\/\\\/secure.gravatar.com\\\/avatar\\\/fdd21ad66fd8b98c407f9dee5b5e588cfe7f0d8579ec20fa6527cd59bab7f0f0?s=96&d=mm&r=g\",\"contentUrl\":\"https:\\\/\\\/secure.gravatar.com\\\/avatar\\\/fdd21ad66fd8b98c407f9dee5b5e588cfe7f0d8579ec20fa6527cd59bab7f0f0?s=96&d=mm&r=g\",\"caption\":\"Staff\"},\"url\":\"https:\\\/\\\/www.bbmnoticias.com\\\/labravaradiofm\\\/author\\\/redaccion\\\/\"}]}<\/script>\n<!-- \/ Yoast SEO plugin. -->","yoast_head_json":{"title":"Promueve el IMSS Oaxaca la salud mental como parte integral del bienestar - LA BRAVA RADIO","robots":{"index":"index","follow":"follow","max-snippet":"max-snippet:-1","max-image-preview":"max-image-preview:large","max-video-preview":"max-video-preview:-1"},"canonical":"https:\/\/www.bbmnoticias.com\/blog\/2025\/05\/19\/promueve-el-imss-oaxaca-la-salud-mental-como-parte-integral-del-bienestar\/","og_locale":"es_MX","og_type":"article","og_title":"Promueve el IMSS Oaxaca la salud mental como parte integral del bienestar - LA BRAVA RADIO","og_description":"El Instituto Mexicano del Seguro Social (IMSS) en Oaxaca hace un llamado a visibilizar la importancia de la salud mental y a promover entornos basados en la empat\u00eda, la inclusi\u00f3n y el bienestar emocional, tanto en el \u00e1mbito laboral como en la vida cotidiana, con el firme compromiso de fomentar una cultura de prevenci\u00f3n y [&hellip;]","og_url":"https:\/\/www.bbmnoticias.com\/blog\/2025\/05\/19\/promueve-el-imss-oaxaca-la-salud-mental-como-parte-integral-del-bienestar\/","og_site_name":"LA BRAVA RADIO","article_published_time":"2025-05-19T16:46:54+00:00","article_modified_time":"2025-05-19T16:46:58+00:00","og_image":[{"width":751,"height":773,"url":"https:\/\/www.bbmnoticias.com\/labravaradiofm\/wp-content\/uploads\/sites\/5\/2025\/05\/salud_mental.jpg","type":"image\/jpeg"}],"author":"Staff","twitter_card":"summary_large_image","twitter_misc":{"Escrito por":"Staff","Tiempo de lectura":"2 minutos"},"schema":{"@context":"https:\/\/schema.org","@graph":[{"@type":"Article","@id":"https:\/\/www.bbmnoticias.com\/blog\/2025\/05\/19\/promueve-el-imss-oaxaca-la-salud-mental-como-parte-integral-del-bienestar\/#article","isPartOf":{"@id":"https:\/\/www.bbmnoticias.com\/labravaradiofm\/2025\/05\/19\/promueve-el-imss-oaxaca-la-salud-mental-como-parte-integral-del-bienestar\/"},"author":{"name":"Staff","@id":"https:\/\/www.bbmnoticias.com\/labravaradiofm\/#\/schema\/person\/34b139c617a70ea5bef5678bffe4dd7b"},"headline":"Promueve el IMSS Oaxaca la salud mental como parte integral del bienestar","datePublished":"2025-05-19T16:46:54+00:00","dateModified":"2025-05-19T16:46:58+00:00","mainEntityOfPage":{"@id":"https:\/\/www.bbmnoticias.com\/labravaradiofm\/2025\/05\/19\/promueve-el-imss-oaxaca-la-salud-mental-como-parte-integral-del-bienestar\/"},"wordCount":414,"image":{"@id":"https:\/\/www.bbmnoticias.com\/blog\/2025\/05\/19\/promueve-el-imss-oaxaca-la-salud-mental-como-parte-integral-del-bienestar\/#primaryimage"},"thumbnailUrl":"https:\/\/www.bbmnoticias.com\/labravaradiofm\/wp-content\/uploads\/sites\/5\/2025\/05\/salud_mental.jpg","articleSection":["LOCAL"],"inLanguage":"es"},{"@type":"WebPage","@id":"https:\/\/www.bbmnoticias.com\/labravaradiofm\/2025\/05\/19\/promueve-el-imss-oaxaca-la-salud-mental-como-parte-integral-del-bienestar\/","url":"https:\/\/www.bbmnoticias.com\/blog\/2025\/05\/19\/promueve-el-imss-oaxaca-la-salud-mental-como-parte-integral-del-bienestar\/","name":"Promueve el IMSS Oaxaca la salud mental como parte integral del bienestar - LA BRAVA RADIO","isPartOf":{"@id":"https:\/\/www.bbmnoticias.com\/labravaradiofm\/#website"},"primaryImageOfPage":{"@id":"https:\/\/www.bbmnoticias.com\/blog\/2025\/05\/19\/promueve-el-imss-oaxaca-la-salud-mental-como-parte-integral-del-bienestar\/#primaryimage"},"image":{"@id":"https:\/\/www.bbmnoticias.com\/blog\/2025\/05\/19\/promueve-el-imss-oaxaca-la-salud-mental-como-parte-integral-del-bienestar\/#primaryimage"},"thumbnailUrl":"https:\/\/www.bbmnoticias.com\/labravaradiofm\/wp-content\/uploads\/sites\/5\/2025\/05\/salud_mental.jpg","datePublished":"2025-05-19T16:46:54+00:00","dateModified":"2025-05-19T16:46:58+00:00","author":{"@id":"https:\/\/www.bbmnoticias.com\/labravaradiofm\/#\/schema\/person\/34b139c617a70ea5bef5678bffe4dd7b"},"breadcrumb":{"@id":"https:\/\/www.bbmnoticias.com\/blog\/2025\/05\/19\/promueve-el-imss-oaxaca-la-salud-mental-como-parte-integral-del-bienestar\/#breadcrumb"},"inLanguage":"es","potentialAction":[{"@type":"ReadAction","target":["https:\/\/www.bbmnoticias.com\/blog\/2025\/05\/19\/promueve-el-imss-oaxaca-la-salud-mental-como-parte-integral-del-bienestar\/"]}]},{"@type":"ImageObject","inLanguage":"es","@id":"https:\/\/www.bbmnoticias.com\/blog\/2025\/05\/19\/promueve-el-imss-oaxaca-la-salud-mental-como-parte-integral-del-bienestar\/#primaryimage","url":"https:\/\/www.bbmnoticias.com\/labravaradiofm\/wp-content\/uploads\/sites\/5\/2025\/05\/salud_mental.jpg","contentUrl":"https:\/\/www.bbmnoticias.com\/labravaradiofm\/wp-content\/uploads\/sites\/5\/2025\/05\/salud_mental.jpg","width":751,"height":773},{"@type":"BreadcrumbList","@id":"https:\/\/www.bbmnoticias.com\/blog\/2025\/05\/19\/promueve-el-imss-oaxaca-la-salud-mental-como-parte-integral-del-bienestar\/#breadcrumb","itemListElement":[{"@type":"ListItem","position":1,"name":"Inicio","item":"https:\/\/www.bbmnoticias.com\/labravaradiofm\/"},{"@type":"ListItem","position":2,"name":"Promueve el IMSS Oaxaca la salud mental como parte integral del bienestar"}]},{"@type":"WebSite","@id":"https:\/\/www.bbmnoticias.com\/labravaradiofm\/#website","url":"https:\/\/www.bbmnoticias.com\/labravaradiofm\/","name":"LA BRAVA RADIO","description":"Empresa productora de medios, Radiodifusi\u00f3n, Noticias, tendencias y todo lo que necesitas saber de la pol\u00edtica mexicana e internacional; entretenimiento, espect\u00e1culos, salud y mucho m\u00e1s.","potentialAction":[{"@type":"SearchAction","target":{"@type":"EntryPoint","urlTemplate":"https:\/\/www.bbmnoticias.com\/labravaradiofm\/?s={search_term_string}"},"query-input":{"@type":"PropertyValueSpecification","valueRequired":true,"valueName":"search_term_string"}}],"inLanguage":"es"},{"@type":"Person","@id":"https:\/\/www.bbmnoticias.com\/labravaradiofm\/#\/schema\/person\/34b139c617a70ea5bef5678bffe4dd7b","name":"Staff","image":{"@type":"ImageObject","inLanguage":"es","@id":"https:\/\/secure.gravatar.com\/avatar\/fdd21ad66fd8b98c407f9dee5b5e588cfe7f0d8579ec20fa6527cd59bab7f0f0?s=96&d=mm&r=g","url":"https:\/\/secure.gravatar.com\/avatar\/fdd21ad66fd8b98c407f9dee5b5e588cfe7f0d8579ec20fa6527cd59bab7f0f0?s=96&d=mm&r=g","contentUrl":"https:\/\/secure.gravatar.com\/avatar\/fdd21ad66fd8b98c407f9dee5b5e588cfe7f0d8579ec20fa6527cd59bab7f0f0?s=96&d=mm&r=g","caption":"Staff"},"url":"https:\/\/www.bbmnoticias.com\/labravaradiofm\/author\/redaccion\/"}]}},"_links":{"self":[{"href":"https:\/\/www.bbmnoticias.com\/labravaradiofm\/wp-json\/wp\/v2\/posts\/60241","targetHints":{"allow":["GET"]}}],"collection":[{"href":"https:\/\/www.bbmnoticias.com\/labravaradiofm\/wp-json\/wp\/v2\/posts"}],"about":[{"href":"https:\/\/www.bbmnoticias.com\/labravaradiofm\/wp-json\/wp\/v2\/types\/post"}],"author":[{"embeddable":true,"href":"https:\/\/www.bbmnoticias.com\/labravaradiofm\/wp-json\/wp\/v2\/users\/2"}],"replies":[{"embeddable":true,"href":"https:\/\/www.bbmnoticias.com\/labravaradiofm\/wp-json\/wp\/v2\/comments?post=60241"}],"version-history":[{"count":0,"href":"https:\/\/www.bbmnoticias.com\/labravaradiofm\/wp-json\/wp\/v2\/posts\/60241\/revisions"}],"wp:featuredmedia":[{"embeddable":true,"href":"https:\/\/www.bbmnoticias.com\/labravaradiofm\/wp-json\/wp\/v2\/media\/60243"}],"wp:attachment":[{"href":"https:\/\/www.bbmnoticias.com\/labravaradiofm\/wp-json\/wp\/v2\/media?parent=60241"}],"wp:term":[{"taxonomy":"category","embeddable":true,"href":"https:\/\/www.bbmnoticias.com\/labravaradiofm\/wp-json\/wp\/v2\/categories?post=60241"},{"taxonomy":"post_tag","embeddable":true,"href":"https:\/\/www.bbmnoticias.com\/labravaradiofm\/wp-json\/wp\/v2\/tags?post=60241"}],"curies":[{"name":"wp","href":"https:\/\/api.w.org\/{rel}","templated":true}]}}