{"id":60235,"date":"2025-05-19T09:00:04","date_gmt":"2025-05-19T15:00:04","guid":{"rendered":"https:\/\/www.bbmnoticias.com\/labravaradiofm\/2025\/05\/19\/sheinbaum-califica-de-mezquino-el-uso-politico-de-la-tragedia-del-buque-escuela-cuauhtemoc\/"},"modified":"2025-05-19T09:00:16","modified_gmt":"2025-05-19T15:00:16","slug":"sheinbaum-califica-de-mezquino-el-uso-politico-de-la-tragedia-del-buque-escuela-cuauhtemoc","status":"publish","type":"post","link":"https:\/\/www.bbmnoticias.com\/labravaradiofm\/2025\/05\/19\/sheinbaum-califica-de-mezquino-el-uso-politico-de-la-tragedia-del-buque-escuela-cuauhtemoc\/","title":{"rendered":"Sheinbaum califica de &#8220;mezquino&#8221; el uso pol\u00edtico de la tragedia del buque escuela Cuauht\u00e9moc."},"content":{"rendered":"<div style=\"margin-top: 0px; margin-bottom: 0px;\" class=\"sharethis-inline-share-buttons\" ><\/div>\n<p>La presidenta de M\u00e9xico, <strong>Claudia Sheinbaum Pardo<\/strong>, calific\u00f3 de \u201c<strong>mezquino\u201d<\/strong> el uso pol\u00edtico que hacen\u00a0 <strong>opositores<\/strong> del accidente que tuvo el<strong> buque escuela Cuauht\u00e9moc<\/strong> de la Armada de M\u00e9xico en <strong>Nueva York<\/strong>.<\/p>\n\n\n\n<figure class=\"wp-block-pullquote\"><blockquote><p>\u00bfC\u00f3mo catalogo yo este ataque que recibi\u00f3 la Secretar\u00eda de Marina y el Gobierno? Mezquino, no tiene otro adjetivo, es mezquindad\u201d, indic\u00f3 en la conferencia matutina de Palacio Nacional.<\/p><\/blockquote><\/figure>\n\n\n\n<figure class=\"wp-block-embed is-type-video is-provider-youtube wp-block-embed-youtube wp-embed-aspect-16-9 wp-has-aspect-ratio\"><div class=\"wp-block-embed__wrapper\">\n<iframe loading=\"lazy\" title=\"#Ma\u00f1aneraDelPueblo desde Palacio Nacional. Lunes 19 de mayo 2025\" width=\"696\" height=\"392\" src=\"https:\/\/www.youtube.com\/embed\/BaITjgnDKbs?feature=oembed\" frameborder=\"0\" allow=\"accelerometer; autoplay; clipboard-write; encrypted-media; gyroscope; picture-in-picture; web-share\" referrerpolicy=\"strict-origin-when-cross-origin\" allowfullscreen><\/iframe>\n<\/div><\/figure>\n\n\n\n<p>\u201cSobre todo cuando dos j\u00f3venes fallecieron y en vez de haber una solidaridad, un apoyo, un reconocimiento porque la Semar es una instituci\u00f3n gloriosa del estado mexicano, incre\u00edble lo que hacen, ellos cuidan la seguridad de las costas, cuidan la seguridad\u201d, expres\u00f3.<\/p>\n\n\n\n<p>\u201cEs una instituci\u00f3n (la Semar) reconocida por nuestro pueblo. Tiene todo reconocimiento y el del pueblo de M\u00e9xico\u201d, argument\u00f3.<\/p>\n\n\n\n<p>La mandataria mexicana explic\u00f3 que el video en donde personas promueven la <strong>elecci\u00f3n judicial<\/strong> en el buque escuela de la Semar se debe a que dicha embarcaci\u00f3n se abri\u00f3 al p\u00fablico en general en Nueva York.<\/p>\n\n\n\n<p>\u201cHay un video que circul\u00f3 de unas personas que subieron al buque horas antes o un d\u00eda antes y que hablaban de la elecci\u00f3n al Poder Judicial. Es importante que todos sepan que el buque estaba abierto a la poblaci\u00f3n, es algo que se hacer normalmente\u201d, dijo.<\/p>\n\n\n\n<p>\u201cLlega a un puerto se abre para que quien desee, personas que viven en Nueva York, y muchos paisanos y paisanas van, saben que llega el buque Cuauht\u00e9moc y van y lo visitan para saber c\u00f3mo es\u201d, se\u00f1al\u00f3.<\/p>\n\n\n\n<p>\u201cEn esa apertura de los visitantes hubo algunas personas que filmaron un video, evidentemente eso no tiene que ver con un involucramiento de la Marina, sino sencillamente los visitantes filmaron un video, es importante que se conozca porque hasta el expresidente Calder\u00f3n ya andada tuiteando sobre el tema\u201d, extern\u00f3.<\/p>\n\n\n\n<p>La mandataria mexicana afirm\u00f3 que el buque ser\u00e1 reparado lo m\u00e1s pronto posible y que se pagar\u00e1n mediante seguro los da\u00f1os que se hayan registrado por este accidente.<\/p>\n\n\n\n<figure class=\"wp-block-pullquote\"><blockquote><p>Se va a estar dando la informaci\u00f3n de manera transparente. El buque tiene que ser reparado y hay un seguro que cubre estas situaciones, y va a ser pagado a trav\u00e9s de este seguro, y probablemente sea en un astillero del propio puerto de Nueva York\u201d, resalt\u00f3.<\/p><\/blockquote><\/figure>\n\n\n\n<p>Los cadetes\u00a0<strong>Am\u00e9rica Yamileth S\u00e1nchez<\/strong>, originaria de Xalapa, Veracruz, y\u00a0<strong>Adal Jair Marcos<\/strong>, originario de Salina Cruz, Oaxaca, fueron identificados como las v\u00edctimas mortales del choque del buque escuela \u2018Cuauht\u00e9moc\u2019 contra el puente de Brooklyn.<\/p>\n\n\n\n<p>El incidente ocurri\u00f3 este la noche del s\u00e1bado cuando el \u2018Cuauht\u00e9moc\u2019, con 277 personas a bordo, se preparaba para partir hacia Islandia, tras una visita a Nueva York que comenz\u00f3 el 13 de mayo como parte de su misi\u00f3n de diplomacia p\u00fablica y formaci\u00f3n naval.<\/p>\n\n\n\n<p>Durante la maniobra, el buque perdi\u00f3 el control y retrocedi\u00f3, impactando sus m\u00e1stiles contra la estructura del puente dejando al menos 22 personas lesionadas.<\/p>\n","protected":false},"excerpt":{"rendered":"<p>La presidenta de M\u00e9xico, Claudia Sheinbaum Pardo, calific\u00f3 de \u201cmezquino\u201d el uso pol\u00edtico que hacen\u00a0 opositores del accidente que tuvo el buque escuela Cuauht\u00e9moc de la Armada de M\u00e9xico en Nueva York. \u00bfC\u00f3mo catalogo yo este ataque que recibi\u00f3 la Secretar\u00eda de Marina y el Gobierno? Mezquino, no tiene otro adjetivo, es mezquindad\u201d, indic\u00f3 en [&hellip;]<\/p>\n","protected":false},"author":4,"featured_media":60237,"comment_status":"closed","ping_status":"","sticky":false,"template":"","format":"standard","meta":{"footnotes":""},"categories":[2,19],"tags":[],"class_list":{"0":"post-60235","1":"post","2":"type-post","3":"status-publish","4":"format-standard","5":"has-post-thumbnail","7":"category-oaxaca","8":"category-nacional"},"yoast_head":"<!-- This site is optimized with the Yoast SEO plugin v27.4 - https:\/\/yoast.com\/product\/yoast-seo-wordpress\/ -->\n<title>Sheinbaum califica de &quot;mezquino&quot; el uso pol\u00edtico de la tragedia del buque escuela Cuauht\u00e9moc. - LA BRAVA RADIO<\/title>\n<meta name=\"robots\" content=\"index, follow, max-snippet:-1, max-image-preview:large, max-video-preview:-1\" \/>\n<link rel=\"canonical\" href=\"https:\/\/www.bbmnoticias.com\/blog\/2025\/05\/19\/sheinbaum-califica-de-mezquino-el-uso-politico-de-la-tragedia-del-buque-escuela-cuauhtemoc\/\" \/>\n<meta property=\"og:locale\" content=\"es_MX\" \/>\n<meta property=\"og:type\" content=\"article\" \/>\n<meta property=\"og:title\" content=\"Sheinbaum califica de &quot;mezquino&quot; el uso pol\u00edtico de la tragedia del buque escuela Cuauht\u00e9moc. - LA BRAVA RADIO\" \/>\n<meta property=\"og:description\" content=\"La presidenta de M\u00e9xico, Claudia Sheinbaum Pardo, calific\u00f3 de \u201cmezquino\u201d el uso pol\u00edtico que hacen\u00a0 opositores del accidente que tuvo el buque escuela Cuauht\u00e9moc de la Armada de M\u00e9xico en Nueva York. \u00bfC\u00f3mo catalogo yo este ataque que recibi\u00f3 la Secretar\u00eda de Marina y el Gobierno? Mezquino, no tiene otro adjetivo, es mezquindad\u201d, indic\u00f3 en [&hellip;]\" \/>\n<meta property=\"og:url\" content=\"https:\/\/www.bbmnoticias.com\/blog\/2025\/05\/19\/sheinbaum-califica-de-mezquino-el-uso-politico-de-la-tragedia-del-buque-escuela-cuauhtemoc\/\" \/>\n<meta property=\"og:site_name\" content=\"LA BRAVA RADIO\" \/>\n<meta property=\"article:published_time\" content=\"2025-05-19T15:00:04+00:00\" \/>\n<meta property=\"article:modified_time\" content=\"2025-05-19T15:00:16+00:00\" \/>\n<meta property=\"og:image\" content=\"https:\/\/www.bbmnoticias.com\/labravaradiofm\/wp-content\/uploads\/sites\/5\/2025\/05\/buque-escuela-cuauhtemoc-nueva-york-choque-puente-brooklyn-1536x1025-1.jpg\" \/>\n\t<meta property=\"og:image:width\" content=\"1536\" \/>\n\t<meta property=\"og:image:height\" content=\"1025\" \/>\n\t<meta property=\"og:image:type\" content=\"image\/jpeg\" \/>\n<meta name=\"author\" content=\"Agencias\" \/>\n<meta name=\"twitter:card\" content=\"summary_large_image\" \/>\n<meta name=\"twitter:label1\" content=\"Escrito por\" \/>\n\t<meta name=\"twitter:data1\" content=\"Agencias\" \/>\n\t<meta name=\"twitter:label2\" content=\"Tiempo de lectura\" \/>\n\t<meta name=\"twitter:data2\" content=\"3 minutos\" \/>\n<script type=\"application\/ld+json\" class=\"yoast-schema-graph\">{\"@context\":\"https:\\\/\\\/schema.org\",\"@graph\":[{\"@type\":\"Article\",\"@id\":\"https:\\\/\\\/www.bbmnoticias.com\\\/blog\\\/2025\\\/05\\\/19\\\/sheinbaum-califica-de-mezquino-el-uso-politico-de-la-tragedia-del-buque-escuela-cuauhtemoc\\\/#article\",\"isPartOf\":{\"@id\":\"https:\\\/\\\/www.bbmnoticias.com\\\/labravaradiofm\\\/2025\\\/05\\\/19\\\/sheinbaum-califica-de-mezquino-el-uso-politico-de-la-tragedia-del-buque-escuela-cuauhtemoc\\\/\"},\"author\":{\"name\":\"Agencias\",\"@id\":\"https:\\\/\\\/www.bbmnoticias.com\\\/labravaradiofm\\\/#\\\/schema\\\/person\\\/000bdaf0a8fb5bff0d537c4d0778e33f\"},\"headline\":\"Sheinbaum califica de &#8220;mezquino&#8221; el uso pol\u00edtico de la tragedia del buque escuela Cuauht\u00e9moc.\",\"datePublished\":\"2025-05-19T15:00:04+00:00\",\"dateModified\":\"2025-05-19T15:00:16+00:00\",\"mainEntityOfPage\":{\"@id\":\"https:\\\/\\\/www.bbmnoticias.com\\\/labravaradiofm\\\/2025\\\/05\\\/19\\\/sheinbaum-califica-de-mezquino-el-uso-politico-de-la-tragedia-del-buque-escuela-cuauhtemoc\\\/\"},\"wordCount\":524,\"image\":{\"@id\":\"https:\\\/\\\/www.bbmnoticias.com\\\/blog\\\/2025\\\/05\\\/19\\\/sheinbaum-califica-de-mezquino-el-uso-politico-de-la-tragedia-del-buque-escuela-cuauhtemoc\\\/#primaryimage\"},\"thumbnailUrl\":\"https:\\\/\\\/www.bbmnoticias.com\\\/labravaradiofm\\\/wp-content\\\/uploads\\\/sites\\\/5\\\/2025\\\/05\\\/buque-escuela-cuauhtemoc-nueva-york-choque-puente-brooklyn-1536x1025-1.jpg\",\"articleSection\":[\"LOCAL\",\"NACIONAL\"],\"inLanguage\":\"es\"},{\"@type\":\"WebPage\",\"@id\":\"https:\\\/\\\/www.bbmnoticias.com\\\/labravaradiofm\\\/2025\\\/05\\\/19\\\/sheinbaum-califica-de-mezquino-el-uso-politico-de-la-tragedia-del-buque-escuela-cuauhtemoc\\\/\",\"url\":\"https:\\\/\\\/www.bbmnoticias.com\\\/blog\\\/2025\\\/05\\\/19\\\/sheinbaum-califica-de-mezquino-el-uso-politico-de-la-tragedia-del-buque-escuela-cuauhtemoc\\\/\",\"name\":\"Sheinbaum califica de \\\"mezquino\\\" el uso pol\u00edtico de la tragedia del buque escuela Cuauht\u00e9moc. - LA BRAVA RADIO\",\"isPartOf\":{\"@id\":\"https:\\\/\\\/www.bbmnoticias.com\\\/labravaradiofm\\\/#website\"},\"primaryImageOfPage\":{\"@id\":\"https:\\\/\\\/www.bbmnoticias.com\\\/blog\\\/2025\\\/05\\\/19\\\/sheinbaum-califica-de-mezquino-el-uso-politico-de-la-tragedia-del-buque-escuela-cuauhtemoc\\\/#primaryimage\"},\"image\":{\"@id\":\"https:\\\/\\\/www.bbmnoticias.com\\\/blog\\\/2025\\\/05\\\/19\\\/sheinbaum-califica-de-mezquino-el-uso-politico-de-la-tragedia-del-buque-escuela-cuauhtemoc\\\/#primaryimage\"},\"thumbnailUrl\":\"https:\\\/\\\/www.bbmnoticias.com\\\/labravaradiofm\\\/wp-content\\\/uploads\\\/sites\\\/5\\\/2025\\\/05\\\/buque-escuela-cuauhtemoc-nueva-york-choque-puente-brooklyn-1536x1025-1.jpg\",\"datePublished\":\"2025-05-19T15:00:04+00:00\",\"dateModified\":\"2025-05-19T15:00:16+00:00\",\"author\":{\"@id\":\"https:\\\/\\\/www.bbmnoticias.com\\\/labravaradiofm\\\/#\\\/schema\\\/person\\\/000bdaf0a8fb5bff0d537c4d0778e33f\"},\"breadcrumb\":{\"@id\":\"https:\\\/\\\/www.bbmnoticias.com\\\/blog\\\/2025\\\/05\\\/19\\\/sheinbaum-califica-de-mezquino-el-uso-politico-de-la-tragedia-del-buque-escuela-cuauhtemoc\\\/#breadcrumb\"},\"inLanguage\":\"es\",\"potentialAction\":[{\"@type\":\"ReadAction\",\"target\":[\"https:\\\/\\\/www.bbmnoticias.com\\\/blog\\\/2025\\\/05\\\/19\\\/sheinbaum-califica-de-mezquino-el-uso-politico-de-la-tragedia-del-buque-escuela-cuauhtemoc\\\/\"]}]},{\"@type\":\"ImageObject\",\"inLanguage\":\"es\",\"@id\":\"https:\\\/\\\/www.bbmnoticias.com\\\/blog\\\/2025\\\/05\\\/19\\\/sheinbaum-califica-de-mezquino-el-uso-politico-de-la-tragedia-del-buque-escuela-cuauhtemoc\\\/#primaryimage\",\"url\":\"https:\\\/\\\/www.bbmnoticias.com\\\/labravaradiofm\\\/wp-content\\\/uploads\\\/sites\\\/5\\\/2025\\\/05\\\/buque-escuela-cuauhtemoc-nueva-york-choque-puente-brooklyn-1536x1025-1.jpg\",\"contentUrl\":\"https:\\\/\\\/www.bbmnoticias.com\\\/labravaradiofm\\\/wp-content\\\/uploads\\\/sites\\\/5\\\/2025\\\/05\\\/buque-escuela-cuauhtemoc-nueva-york-choque-puente-brooklyn-1536x1025-1.jpg\",\"width\":1536,\"height\":1025},{\"@type\":\"BreadcrumbList\",\"@id\":\"https:\\\/\\\/www.bbmnoticias.com\\\/blog\\\/2025\\\/05\\\/19\\\/sheinbaum-califica-de-mezquino-el-uso-politico-de-la-tragedia-del-buque-escuela-cuauhtemoc\\\/#breadcrumb\",\"itemListElement\":[{\"@type\":\"ListItem\",\"position\":1,\"name\":\"Inicio\",\"item\":\"https:\\\/\\\/www.bbmnoticias.com\\\/labravaradiofm\\\/\"},{\"@type\":\"ListItem\",\"position\":2,\"name\":\"Sheinbaum califica de &#8220;mezquino&#8221; el uso pol\u00edtico de la tragedia del buque escuela Cuauht\u00e9moc.\"}]},{\"@type\":\"WebSite\",\"@id\":\"https:\\\/\\\/www.bbmnoticias.com\\\/labravaradiofm\\\/#website\",\"url\":\"https:\\\/\\\/www.bbmnoticias.com\\\/labravaradiofm\\\/\",\"name\":\"LA BRAVA RADIO\",\"description\":\"Empresa productora de medios, Radiodifusi\u00f3n, Noticias, tendencias y todo lo que necesitas saber de la pol\u00edtica mexicana e internacional; entretenimiento, espect\u00e1culos, salud y mucho m\u00e1s.\",\"potentialAction\":[{\"@type\":\"SearchAction\",\"target\":{\"@type\":\"EntryPoint\",\"urlTemplate\":\"https:\\\/\\\/www.bbmnoticias.com\\\/labravaradiofm\\\/?s={search_term_string}\"},\"query-input\":{\"@type\":\"PropertyValueSpecification\",\"valueRequired\":true,\"valueName\":\"search_term_string\"}}],\"inLanguage\":\"es\"},{\"@type\":\"Person\",\"@id\":\"https:\\\/\\\/www.bbmnoticias.com\\\/labravaradiofm\\\/#\\\/schema\\\/person\\\/000bdaf0a8fb5bff0d537c4d0778e33f\",\"name\":\"Agencias\",\"image\":{\"@type\":\"ImageObject\",\"inLanguage\":\"es\",\"@id\":\"https:\\\/\\\/secure.gravatar.com\\\/avatar\\\/739e0b61adf9e398b425c36718c8752286da0e8cd90f20ce9a86678abc26aa0d?s=96&d=mm&r=g\",\"url\":\"https:\\\/\\\/secure.gravatar.com\\\/avatar\\\/739e0b61adf9e398b425c36718c8752286da0e8cd90f20ce9a86678abc26aa0d?s=96&d=mm&r=g\",\"contentUrl\":\"https:\\\/\\\/secure.gravatar.com\\\/avatar\\\/739e0b61adf9e398b425c36718c8752286da0e8cd90f20ce9a86678abc26aa0d?s=96&d=mm&r=g\",\"caption\":\"Agencias\"},\"url\":\"https:\\\/\\\/www.bbmnoticias.com\\\/labravaradiofm\\\/author\\\/agencias\\\/\"}]}<\/script>\n<!-- \/ Yoast SEO plugin. -->","yoast_head_json":{"title":"Sheinbaum califica de \"mezquino\" el uso pol\u00edtico de la tragedia del buque escuela Cuauht\u00e9moc. - LA BRAVA RADIO","robots":{"index":"index","follow":"follow","max-snippet":"max-snippet:-1","max-image-preview":"max-image-preview:large","max-video-preview":"max-video-preview:-1"},"canonical":"https:\/\/www.bbmnoticias.com\/blog\/2025\/05\/19\/sheinbaum-califica-de-mezquino-el-uso-politico-de-la-tragedia-del-buque-escuela-cuauhtemoc\/","og_locale":"es_MX","og_type":"article","og_title":"Sheinbaum califica de \"mezquino\" el uso pol\u00edtico de la tragedia del buque escuela Cuauht\u00e9moc. - LA BRAVA RADIO","og_description":"La presidenta de M\u00e9xico, Claudia Sheinbaum Pardo, calific\u00f3 de \u201cmezquino\u201d el uso pol\u00edtico que hacen\u00a0 opositores del accidente que tuvo el buque escuela Cuauht\u00e9moc de la Armada de M\u00e9xico en Nueva York. \u00bfC\u00f3mo catalogo yo este ataque que recibi\u00f3 la Secretar\u00eda de Marina y el Gobierno? Mezquino, no tiene otro adjetivo, es mezquindad\u201d, indic\u00f3 en [&hellip;]","og_url":"https:\/\/www.bbmnoticias.com\/blog\/2025\/05\/19\/sheinbaum-califica-de-mezquino-el-uso-politico-de-la-tragedia-del-buque-escuela-cuauhtemoc\/","og_site_name":"LA BRAVA RADIO","article_published_time":"2025-05-19T15:00:04+00:00","article_modified_time":"2025-05-19T15:00:16+00:00","og_image":[{"width":1536,"height":1025,"url":"https:\/\/www.bbmnoticias.com\/labravaradiofm\/wp-content\/uploads\/sites\/5\/2025\/05\/buque-escuela-cuauhtemoc-nueva-york-choque-puente-brooklyn-1536x1025-1.jpg","type":"image\/jpeg"}],"author":"Agencias","twitter_card":"summary_large_image","twitter_misc":{"Escrito por":"Agencias","Tiempo de lectura":"3 minutos"},"schema":{"@context":"https:\/\/schema.org","@graph":[{"@type":"Article","@id":"https:\/\/www.bbmnoticias.com\/blog\/2025\/05\/19\/sheinbaum-califica-de-mezquino-el-uso-politico-de-la-tragedia-del-buque-escuela-cuauhtemoc\/#article","isPartOf":{"@id":"https:\/\/www.bbmnoticias.com\/labravaradiofm\/2025\/05\/19\/sheinbaum-califica-de-mezquino-el-uso-politico-de-la-tragedia-del-buque-escuela-cuauhtemoc\/"},"author":{"name":"Agencias","@id":"https:\/\/www.bbmnoticias.com\/labravaradiofm\/#\/schema\/person\/000bdaf0a8fb5bff0d537c4d0778e33f"},"headline":"Sheinbaum califica de &#8220;mezquino&#8221; el uso pol\u00edtico de la tragedia del buque escuela Cuauht\u00e9moc.","datePublished":"2025-05-19T15:00:04+00:00","dateModified":"2025-05-19T15:00:16+00:00","mainEntityOfPage":{"@id":"https:\/\/www.bbmnoticias.com\/labravaradiofm\/2025\/05\/19\/sheinbaum-califica-de-mezquino-el-uso-politico-de-la-tragedia-del-buque-escuela-cuauhtemoc\/"},"wordCount":524,"image":{"@id":"https:\/\/www.bbmnoticias.com\/blog\/2025\/05\/19\/sheinbaum-califica-de-mezquino-el-uso-politico-de-la-tragedia-del-buque-escuela-cuauhtemoc\/#primaryimage"},"thumbnailUrl":"https:\/\/www.bbmnoticias.com\/labravaradiofm\/wp-content\/uploads\/sites\/5\/2025\/05\/buque-escuela-cuauhtemoc-nueva-york-choque-puente-brooklyn-1536x1025-1.jpg","articleSection":["LOCAL","NACIONAL"],"inLanguage":"es"},{"@type":"WebPage","@id":"https:\/\/www.bbmnoticias.com\/labravaradiofm\/2025\/05\/19\/sheinbaum-califica-de-mezquino-el-uso-politico-de-la-tragedia-del-buque-escuela-cuauhtemoc\/","url":"https:\/\/www.bbmnoticias.com\/blog\/2025\/05\/19\/sheinbaum-califica-de-mezquino-el-uso-politico-de-la-tragedia-del-buque-escuela-cuauhtemoc\/","name":"Sheinbaum califica de \"mezquino\" el uso pol\u00edtico de la tragedia del buque escuela Cuauht\u00e9moc. - LA BRAVA RADIO","isPartOf":{"@id":"https:\/\/www.bbmnoticias.com\/labravaradiofm\/#website"},"primaryImageOfPage":{"@id":"https:\/\/www.bbmnoticias.com\/blog\/2025\/05\/19\/sheinbaum-califica-de-mezquino-el-uso-politico-de-la-tragedia-del-buque-escuela-cuauhtemoc\/#primaryimage"},"image":{"@id":"https:\/\/www.bbmnoticias.com\/blog\/2025\/05\/19\/sheinbaum-califica-de-mezquino-el-uso-politico-de-la-tragedia-del-buque-escuela-cuauhtemoc\/#primaryimage"},"thumbnailUrl":"https:\/\/www.bbmnoticias.com\/labravaradiofm\/wp-content\/uploads\/sites\/5\/2025\/05\/buque-escuela-cuauhtemoc-nueva-york-choque-puente-brooklyn-1536x1025-1.jpg","datePublished":"2025-05-19T15:00:04+00:00","dateModified":"2025-05-19T15:00:16+00:00","author":{"@id":"https:\/\/www.bbmnoticias.com\/labravaradiofm\/#\/schema\/person\/000bdaf0a8fb5bff0d537c4d0778e33f"},"breadcrumb":{"@id":"https:\/\/www.bbmnoticias.com\/blog\/2025\/05\/19\/sheinbaum-califica-de-mezquino-el-uso-politico-de-la-tragedia-del-buque-escuela-cuauhtemoc\/#breadcrumb"},"inLanguage":"es","potentialAction":[{"@type":"ReadAction","target":["https:\/\/www.bbmnoticias.com\/blog\/2025\/05\/19\/sheinbaum-califica-de-mezquino-el-uso-politico-de-la-tragedia-del-buque-escuela-cuauhtemoc\/"]}]},{"@type":"ImageObject","inLanguage":"es","@id":"https:\/\/www.bbmnoticias.com\/blog\/2025\/05\/19\/sheinbaum-califica-de-mezquino-el-uso-politico-de-la-tragedia-del-buque-escuela-cuauhtemoc\/#primaryimage","url":"https:\/\/www.bbmnoticias.com\/labravaradiofm\/wp-content\/uploads\/sites\/5\/2025\/05\/buque-escuela-cuauhtemoc-nueva-york-choque-puente-brooklyn-1536x1025-1.jpg","contentUrl":"https:\/\/www.bbmnoticias.com\/labravaradiofm\/wp-content\/uploads\/sites\/5\/2025\/05\/buque-escuela-cuauhtemoc-nueva-york-choque-puente-brooklyn-1536x1025-1.jpg","width":1536,"height":1025},{"@type":"BreadcrumbList","@id":"https:\/\/www.bbmnoticias.com\/blog\/2025\/05\/19\/sheinbaum-califica-de-mezquino-el-uso-politico-de-la-tragedia-del-buque-escuela-cuauhtemoc\/#breadcrumb","itemListElement":[{"@type":"ListItem","position":1,"name":"Inicio","item":"https:\/\/www.bbmnoticias.com\/labravaradiofm\/"},{"@type":"ListItem","position":2,"name":"Sheinbaum califica de &#8220;mezquino&#8221; el uso pol\u00edtico de la tragedia del buque escuela Cuauht\u00e9moc."}]},{"@type":"WebSite","@id":"https:\/\/www.bbmnoticias.com\/labravaradiofm\/#website","url":"https:\/\/www.bbmnoticias.com\/labravaradiofm\/","name":"LA BRAVA RADIO","description":"Empresa productora de medios, Radiodifusi\u00f3n, Noticias, tendencias y todo lo que necesitas saber de la pol\u00edtica mexicana e internacional; entretenimiento, espect\u00e1culos, salud y mucho m\u00e1s.","potentialAction":[{"@type":"SearchAction","target":{"@type":"EntryPoint","urlTemplate":"https:\/\/www.bbmnoticias.com\/labravaradiofm\/?s={search_term_string}"},"query-input":{"@type":"PropertyValueSpecification","valueRequired":true,"valueName":"search_term_string"}}],"inLanguage":"es"},{"@type":"Person","@id":"https:\/\/www.bbmnoticias.com\/labravaradiofm\/#\/schema\/person\/000bdaf0a8fb5bff0d537c4d0778e33f","name":"Agencias","image":{"@type":"ImageObject","inLanguage":"es","@id":"https:\/\/secure.gravatar.com\/avatar\/739e0b61adf9e398b425c36718c8752286da0e8cd90f20ce9a86678abc26aa0d?s=96&d=mm&r=g","url":"https:\/\/secure.gravatar.com\/avatar\/739e0b61adf9e398b425c36718c8752286da0e8cd90f20ce9a86678abc26aa0d?s=96&d=mm&r=g","contentUrl":"https:\/\/secure.gravatar.com\/avatar\/739e0b61adf9e398b425c36718c8752286da0e8cd90f20ce9a86678abc26aa0d?s=96&d=mm&r=g","caption":"Agencias"},"url":"https:\/\/www.bbmnoticias.com\/labravaradiofm\/author\/agencias\/"}]}},"_links":{"self":[{"href":"https:\/\/www.bbmnoticias.com\/labravaradiofm\/wp-json\/wp\/v2\/posts\/60235","targetHints":{"allow":["GET"]}}],"collection":[{"href":"https:\/\/www.bbmnoticias.com\/labravaradiofm\/wp-json\/wp\/v2\/posts"}],"about":[{"href":"https:\/\/www.bbmnoticias.com\/labravaradiofm\/wp-json\/wp\/v2\/types\/post"}],"author":[{"embeddable":true,"href":"https:\/\/www.bbmnoticias.com\/labravaradiofm\/wp-json\/wp\/v2\/users\/4"}],"replies":[{"embeddable":true,"href":"https:\/\/www.bbmnoticias.com\/labravaradiofm\/wp-json\/wp\/v2\/comments?post=60235"}],"version-history":[{"count":0,"href":"https:\/\/www.bbmnoticias.com\/labravaradiofm\/wp-json\/wp\/v2\/posts\/60235\/revisions"}],"wp:featuredmedia":[{"embeddable":true,"href":"https:\/\/www.bbmnoticias.com\/labravaradiofm\/wp-json\/wp\/v2\/media\/60237"}],"wp:attachment":[{"href":"https:\/\/www.bbmnoticias.com\/labravaradiofm\/wp-json\/wp\/v2\/media?parent=60235"}],"wp:term":[{"taxonomy":"category","embeddable":true,"href":"https:\/\/www.bbmnoticias.com\/labravaradiofm\/wp-json\/wp\/v2\/categories?post=60235"},{"taxonomy":"post_tag","embeddable":true,"href":"https:\/\/www.bbmnoticias.com\/labravaradiofm\/wp-json\/wp\/v2\/tags?post=60235"}],"curies":[{"name":"wp","href":"https:\/\/api.w.org\/{rel}","templated":true}]}}