{"id":60232,"date":"2025-05-19T08:48:45","date_gmt":"2025-05-19T14:48:45","guid":{"rendered":"https:\/\/www.bbmnoticias.com\/labravaradiofm\/2025\/05\/19\/alma-lucero-ramos-continua-grave-tras-accidente-en-la-super-carretera-cuacnopalan-oaxaca\/"},"modified":"2025-05-19T08:48:57","modified_gmt":"2025-05-19T14:48:57","slug":"alma-lucero-ramos-continua-grave-tras-accidente-en-la-super-carretera-cuacnopalan-oaxaca","status":"publish","type":"post","link":"https:\/\/www.bbmnoticias.com\/labravaradiofm\/2025\/05\/19\/alma-lucero-ramos-continua-grave-tras-accidente-en-la-super-carretera-cuacnopalan-oaxaca\/","title":{"rendered":"Alma Lucero Ramos contin\u00faa grave tras accidente en la s\u00faper carretera Cuacnopalan-Oaxaca"},"content":{"rendered":"<div style=\"margin-top: 0px; margin-bottom: 0px;\" class=\"sharethis-inline-share-buttons\" ><\/div>\n<p>Alma Lucero Ramos N\u00fa\u00f1ez, madre de un ni\u00f1o de cuatro a\u00f1os y una de las pocas sobrevivientes del tr\u00e1gico accidente ocurrido en la s\u00faper carretera Cuacnopalan-Oaxaca, contin\u00faa&nbsp;<strong>hospitalizada en estado cr\u00edtico<\/strong>&nbsp;tras ser sometida a una&nbsp;<strong>compleja cirug\u00eda de columna de nueve horas<\/strong>.<\/p>\n\n\n\n<p>Sus familiares informaron que se encuentra&nbsp;<strong>en proceso de estabilizaci\u00f3n con medicamentos<\/strong>, y que por el momento&nbsp;<strong>no pueden visitarla<\/strong>. A Alma Lucero se le asign\u00f3 una enfermera que la&nbsp;<strong>vigilar\u00e1 las 24 horas<\/strong>. En medio de la incertidumbre, sus seres queridos agradecieron el respaldo ciudadano, especialmente por las&nbsp;<strong>donaciones de sangre<\/strong>, que permitieron contar con los insumos necesarios para su intervenci\u00f3n. Tambi\u00e9n pidieron continuar con una&nbsp;<strong>cadena de oraci\u00f3n<\/strong>&nbsp;por su recuperaci\u00f3n.<\/p>\n\n\n\n<p>El d\u00eda del siniestro, Alma viajaba con su hermana&nbsp;<strong>Luz Clarita<\/strong>, quien lamentablemente perdi\u00f3 la vida y fue&nbsp;<strong>sepultada el pasado s\u00e1bado en San Pedro Acoquiaco<\/strong>, dejando en la orfandad a un ni\u00f1o de 10 a\u00f1os.<\/p>\n\n\n\n<p>Mientras tanto, en otras comunidades del sur de Puebla se llevaron a cabo m\u00e1s sepelios. En&nbsp;<strong>Altepexi<\/strong>, familiares dieron el \u00faltimo adi\u00f3s a&nbsp;<strong>Rosa Idalia Mat\u00edas<\/strong>, a su esposo&nbsp;<strong>Jos\u00e9 Luis Rodr\u00edguez Mart\u00ednez<\/strong>, y a su beb\u00e9&nbsp;<strong>Gema<\/strong>, quien nacer\u00eda en junio. A\u00fan esperan la entrega del cuerpo de otra v\u00edctima.<\/p>\n\n\n\n<figure class=\"wp-block-image\"><img decoding=\"async\" src=\"https:\/\/sicomnoticias.mx\/wp-content\/uploads\/2025\/05\/photo_4994857875474067268_x.jpg\" alt=\"\"\/><\/figure>\n\n\n\n<p>En&nbsp;<strong>Santiago Miahuatl\u00e1n<\/strong>, familiares despidieron a&nbsp;<strong>Ximena y Esperanza<\/strong>, madre e hija, en medio del dolor colectivo.<\/p>\n\n\n\n<figure class=\"wp-block-image\"><img decoding=\"async\" src=\"https:\/\/sicomnoticias.mx\/wp-content\/uploads\/2025\/05\/photo_4994857875474067266_y-1024x768.jpg\" alt=\"\"\/><\/figure>\n\n\n\n<p>Por su parte,&nbsp;<strong>Jes\u00fas Alejo Campos<\/strong>&nbsp;fue sepultado en el pante\u00f3n municipal, mientras que en el ejido de Tula se dio el \u00faltimo adi\u00f3s a&nbsp;<strong>Reynaldo \u00c1ngel Cruz Rivera<\/strong>, joven de 28 a\u00f1os que dej\u00f3 en la orfandad a un beb\u00e9 de tres meses.<\/p>\n\n\n\n<p>Finalmente, los restos de&nbsp;<strong>Laima Labastida Gonz\u00e1lez<\/strong>&nbsp;fueron trasladados a&nbsp;<strong>Acatl\u00e1n de Osorio<\/strong>&nbsp;tras un homenaje en el jard\u00edn de ni\u00f1os de Chapulco, donde trabajaba como educadora.<\/p>\n\n\n\n<figure class=\"wp-block-image\"><img decoding=\"async\" src=\"https:\/\/sicomnoticias.mx\/wp-content\/uploads\/2025\/05\/photo_4994857875474067270_x.jpg\" alt=\"\"\/><\/figure>\n\n\n\n<p>Este lamentable hecho ha generado&nbsp;<strong>una profunda consternaci\u00f3n<\/strong>&nbsp;en diversas comunidades poblanas, que hoy&nbsp;<strong>lloran a sus muertos y claman justicia<\/strong>&nbsp;por las v\u00edctimas del siniestro.<\/p>\n\n\n\n<p>Con informaci\u00f3n de SICOM Noticias<\/p>\n","protected":false},"excerpt":{"rendered":"<p>Alma Lucero Ramos N\u00fa\u00f1ez, madre de un ni\u00f1o de cuatro a\u00f1os y una de las pocas sobrevivientes del tr\u00e1gico accidente ocurrido en la s\u00faper carretera Cuacnopalan-Oaxaca, contin\u00faa&nbsp;hospitalizada en estado cr\u00edtico&nbsp;tras ser sometida a una&nbsp;compleja cirug\u00eda de columna de nueve horas. Sus familiares informaron que se encuentra&nbsp;en proceso de estabilizaci\u00f3n con medicamentos, y que por el [&hellip;]<\/p>\n","protected":false},"author":4,"featured_media":60234,"comment_status":"closed","ping_status":"","sticky":false,"template":"","format":"standard","meta":{"footnotes":""},"categories":[2],"tags":[],"class_list":{"0":"post-60232","1":"post","2":"type-post","3":"status-publish","4":"format-standard","5":"has-post-thumbnail","7":"category-oaxaca"},"yoast_head":"<!-- This site is optimized with the Yoast SEO plugin v27.4 - https:\/\/yoast.com\/product\/yoast-seo-wordpress\/ -->\n<title>Alma Lucero Ramos contin\u00faa grave tras accidente en la s\u00faper carretera Cuacnopalan-Oaxaca - LA BRAVA RADIO<\/title>\n<meta name=\"robots\" content=\"index, follow, max-snippet:-1, max-image-preview:large, max-video-preview:-1\" \/>\n<link rel=\"canonical\" href=\"https:\/\/www.bbmnoticias.com\/blog\/2025\/05\/19\/alma-lucero-ramos-continua-grave-tras-accidente-en-la-super-carretera-cuacnopalan-oaxaca\/\" \/>\n<meta property=\"og:locale\" content=\"es_MX\" \/>\n<meta property=\"og:type\" content=\"article\" \/>\n<meta property=\"og:title\" content=\"Alma Lucero Ramos contin\u00faa grave tras accidente en la s\u00faper carretera Cuacnopalan-Oaxaca - LA BRAVA RADIO\" \/>\n<meta property=\"og:description\" content=\"Alma Lucero Ramos N\u00fa\u00f1ez, madre de un ni\u00f1o de cuatro a\u00f1os y una de las pocas sobrevivientes del tr\u00e1gico accidente ocurrido en la s\u00faper carretera Cuacnopalan-Oaxaca, contin\u00faa&nbsp;hospitalizada en estado cr\u00edtico&nbsp;tras ser sometida a una&nbsp;compleja cirug\u00eda de columna de nueve horas. Sus familiares informaron que se encuentra&nbsp;en proceso de estabilizaci\u00f3n con medicamentos, y que por el [&hellip;]\" \/>\n<meta property=\"og:url\" content=\"https:\/\/www.bbmnoticias.com\/blog\/2025\/05\/19\/alma-lucero-ramos-continua-grave-tras-accidente-en-la-super-carretera-cuacnopalan-oaxaca\/\" \/>\n<meta property=\"og:site_name\" content=\"LA BRAVA RADIO\" \/>\n<meta property=\"article:published_time\" content=\"2025-05-19T14:48:45+00:00\" \/>\n<meta property=\"article:modified_time\" content=\"2025-05-19T14:48:57+00:00\" \/>\n<meta property=\"og:image\" content=\"https:\/\/www.bbmnoticias.com\/labravaradiofm\/wp-content\/uploads\/sites\/5\/2025\/05\/sanatorio_puebla.jpg\" \/>\n\t<meta property=\"og:image:width\" content=\"1080\" \/>\n\t<meta property=\"og:image:height\" content=\"608\" \/>\n\t<meta property=\"og:image:type\" content=\"image\/jpeg\" \/>\n<meta name=\"author\" content=\"Agencias\" \/>\n<meta name=\"twitter:card\" content=\"summary_large_image\" \/>\n<meta name=\"twitter:label1\" content=\"Escrito por\" \/>\n\t<meta name=\"twitter:data1\" content=\"Agencias\" \/>\n\t<meta name=\"twitter:label2\" content=\"Tiempo de lectura\" \/>\n\t<meta name=\"twitter:data2\" content=\"2 minutos\" \/>\n<script type=\"application\/ld+json\" class=\"yoast-schema-graph\">{\"@context\":\"https:\\\/\\\/schema.org\",\"@graph\":[{\"@type\":\"Article\",\"@id\":\"https:\\\/\\\/www.bbmnoticias.com\\\/blog\\\/2025\\\/05\\\/19\\\/alma-lucero-ramos-continua-grave-tras-accidente-en-la-super-carretera-cuacnopalan-oaxaca\\\/#article\",\"isPartOf\":{\"@id\":\"https:\\\/\\\/www.bbmnoticias.com\\\/labravaradiofm\\\/2025\\\/05\\\/19\\\/alma-lucero-ramos-continua-grave-tras-accidente-en-la-super-carretera-cuacnopalan-oaxaca\\\/\"},\"author\":{\"name\":\"Agencias\",\"@id\":\"https:\\\/\\\/www.bbmnoticias.com\\\/labravaradiofm\\\/#\\\/schema\\\/person\\\/000bdaf0a8fb5bff0d537c4d0778e33f\"},\"headline\":\"Alma Lucero Ramos contin\u00faa grave tras accidente en la s\u00faper carretera Cuacnopalan-Oaxaca\",\"datePublished\":\"2025-05-19T14:48:45+00:00\",\"dateModified\":\"2025-05-19T14:48:57+00:00\",\"mainEntityOfPage\":{\"@id\":\"https:\\\/\\\/www.bbmnoticias.com\\\/labravaradiofm\\\/2025\\\/05\\\/19\\\/alma-lucero-ramos-continua-grave-tras-accidente-en-la-super-carretera-cuacnopalan-oaxaca\\\/\"},\"wordCount\":398,\"image\":{\"@id\":\"https:\\\/\\\/www.bbmnoticias.com\\\/blog\\\/2025\\\/05\\\/19\\\/alma-lucero-ramos-continua-grave-tras-accidente-en-la-super-carretera-cuacnopalan-oaxaca\\\/#primaryimage\"},\"thumbnailUrl\":\"https:\\\/\\\/www.bbmnoticias.com\\\/labravaradiofm\\\/wp-content\\\/uploads\\\/sites\\\/5\\\/2025\\\/05\\\/sanatorio_puebla.jpg\",\"articleSection\":[\"LOCAL\"],\"inLanguage\":\"es\"},{\"@type\":\"WebPage\",\"@id\":\"https:\\\/\\\/www.bbmnoticias.com\\\/labravaradiofm\\\/2025\\\/05\\\/19\\\/alma-lucero-ramos-continua-grave-tras-accidente-en-la-super-carretera-cuacnopalan-oaxaca\\\/\",\"url\":\"https:\\\/\\\/www.bbmnoticias.com\\\/blog\\\/2025\\\/05\\\/19\\\/alma-lucero-ramos-continua-grave-tras-accidente-en-la-super-carretera-cuacnopalan-oaxaca\\\/\",\"name\":\"Alma Lucero Ramos contin\u00faa grave tras accidente en la s\u00faper carretera Cuacnopalan-Oaxaca - LA BRAVA RADIO\",\"isPartOf\":{\"@id\":\"https:\\\/\\\/www.bbmnoticias.com\\\/labravaradiofm\\\/#website\"},\"primaryImageOfPage\":{\"@id\":\"https:\\\/\\\/www.bbmnoticias.com\\\/blog\\\/2025\\\/05\\\/19\\\/alma-lucero-ramos-continua-grave-tras-accidente-en-la-super-carretera-cuacnopalan-oaxaca\\\/#primaryimage\"},\"image\":{\"@id\":\"https:\\\/\\\/www.bbmnoticias.com\\\/blog\\\/2025\\\/05\\\/19\\\/alma-lucero-ramos-continua-grave-tras-accidente-en-la-super-carretera-cuacnopalan-oaxaca\\\/#primaryimage\"},\"thumbnailUrl\":\"https:\\\/\\\/www.bbmnoticias.com\\\/labravaradiofm\\\/wp-content\\\/uploads\\\/sites\\\/5\\\/2025\\\/05\\\/sanatorio_puebla.jpg\",\"datePublished\":\"2025-05-19T14:48:45+00:00\",\"dateModified\":\"2025-05-19T14:48:57+00:00\",\"author\":{\"@id\":\"https:\\\/\\\/www.bbmnoticias.com\\\/labravaradiofm\\\/#\\\/schema\\\/person\\\/000bdaf0a8fb5bff0d537c4d0778e33f\"},\"breadcrumb\":{\"@id\":\"https:\\\/\\\/www.bbmnoticias.com\\\/blog\\\/2025\\\/05\\\/19\\\/alma-lucero-ramos-continua-grave-tras-accidente-en-la-super-carretera-cuacnopalan-oaxaca\\\/#breadcrumb\"},\"inLanguage\":\"es\",\"potentialAction\":[{\"@type\":\"ReadAction\",\"target\":[\"https:\\\/\\\/www.bbmnoticias.com\\\/blog\\\/2025\\\/05\\\/19\\\/alma-lucero-ramos-continua-grave-tras-accidente-en-la-super-carretera-cuacnopalan-oaxaca\\\/\"]}]},{\"@type\":\"ImageObject\",\"inLanguage\":\"es\",\"@id\":\"https:\\\/\\\/www.bbmnoticias.com\\\/blog\\\/2025\\\/05\\\/19\\\/alma-lucero-ramos-continua-grave-tras-accidente-en-la-super-carretera-cuacnopalan-oaxaca\\\/#primaryimage\",\"url\":\"https:\\\/\\\/www.bbmnoticias.com\\\/labravaradiofm\\\/wp-content\\\/uploads\\\/sites\\\/5\\\/2025\\\/05\\\/sanatorio_puebla.jpg\",\"contentUrl\":\"https:\\\/\\\/www.bbmnoticias.com\\\/labravaradiofm\\\/wp-content\\\/uploads\\\/sites\\\/5\\\/2025\\\/05\\\/sanatorio_puebla.jpg\",\"width\":1080,\"height\":608},{\"@type\":\"BreadcrumbList\",\"@id\":\"https:\\\/\\\/www.bbmnoticias.com\\\/blog\\\/2025\\\/05\\\/19\\\/alma-lucero-ramos-continua-grave-tras-accidente-en-la-super-carretera-cuacnopalan-oaxaca\\\/#breadcrumb\",\"itemListElement\":[{\"@type\":\"ListItem\",\"position\":1,\"name\":\"Inicio\",\"item\":\"https:\\\/\\\/www.bbmnoticias.com\\\/labravaradiofm\\\/\"},{\"@type\":\"ListItem\",\"position\":2,\"name\":\"Alma Lucero Ramos contin\u00faa grave tras accidente en la s\u00faper carretera Cuacnopalan-Oaxaca\"}]},{\"@type\":\"WebSite\",\"@id\":\"https:\\\/\\\/www.bbmnoticias.com\\\/labravaradiofm\\\/#website\",\"url\":\"https:\\\/\\\/www.bbmnoticias.com\\\/labravaradiofm\\\/\",\"name\":\"LA BRAVA RADIO\",\"description\":\"Empresa productora de medios, Radiodifusi\u00f3n, Noticias, tendencias y todo lo que necesitas saber de la pol\u00edtica mexicana e internacional; entretenimiento, espect\u00e1culos, salud y mucho m\u00e1s.\",\"potentialAction\":[{\"@type\":\"SearchAction\",\"target\":{\"@type\":\"EntryPoint\",\"urlTemplate\":\"https:\\\/\\\/www.bbmnoticias.com\\\/labravaradiofm\\\/?s={search_term_string}\"},\"query-input\":{\"@type\":\"PropertyValueSpecification\",\"valueRequired\":true,\"valueName\":\"search_term_string\"}}],\"inLanguage\":\"es\"},{\"@type\":\"Person\",\"@id\":\"https:\\\/\\\/www.bbmnoticias.com\\\/labravaradiofm\\\/#\\\/schema\\\/person\\\/000bdaf0a8fb5bff0d537c4d0778e33f\",\"name\":\"Agencias\",\"image\":{\"@type\":\"ImageObject\",\"inLanguage\":\"es\",\"@id\":\"https:\\\/\\\/secure.gravatar.com\\\/avatar\\\/739e0b61adf9e398b425c36718c8752286da0e8cd90f20ce9a86678abc26aa0d?s=96&d=mm&r=g\",\"url\":\"https:\\\/\\\/secure.gravatar.com\\\/avatar\\\/739e0b61adf9e398b425c36718c8752286da0e8cd90f20ce9a86678abc26aa0d?s=96&d=mm&r=g\",\"contentUrl\":\"https:\\\/\\\/secure.gravatar.com\\\/avatar\\\/739e0b61adf9e398b425c36718c8752286da0e8cd90f20ce9a86678abc26aa0d?s=96&d=mm&r=g\",\"caption\":\"Agencias\"},\"url\":\"https:\\\/\\\/www.bbmnoticias.com\\\/labravaradiofm\\\/author\\\/agencias\\\/\"}]}<\/script>\n<!-- \/ Yoast SEO plugin. -->","yoast_head_json":{"title":"Alma Lucero Ramos contin\u00faa grave tras accidente en la s\u00faper carretera Cuacnopalan-Oaxaca - LA BRAVA RADIO","robots":{"index":"index","follow":"follow","max-snippet":"max-snippet:-1","max-image-preview":"max-image-preview:large","max-video-preview":"max-video-preview:-1"},"canonical":"https:\/\/www.bbmnoticias.com\/blog\/2025\/05\/19\/alma-lucero-ramos-continua-grave-tras-accidente-en-la-super-carretera-cuacnopalan-oaxaca\/","og_locale":"es_MX","og_type":"article","og_title":"Alma Lucero Ramos contin\u00faa grave tras accidente en la s\u00faper carretera Cuacnopalan-Oaxaca - LA BRAVA RADIO","og_description":"Alma Lucero Ramos N\u00fa\u00f1ez, madre de un ni\u00f1o de cuatro a\u00f1os y una de las pocas sobrevivientes del tr\u00e1gico accidente ocurrido en la s\u00faper carretera Cuacnopalan-Oaxaca, contin\u00faa&nbsp;hospitalizada en estado cr\u00edtico&nbsp;tras ser sometida a una&nbsp;compleja cirug\u00eda de columna de nueve horas. Sus familiares informaron que se encuentra&nbsp;en proceso de estabilizaci\u00f3n con medicamentos, y que por el [&hellip;]","og_url":"https:\/\/www.bbmnoticias.com\/blog\/2025\/05\/19\/alma-lucero-ramos-continua-grave-tras-accidente-en-la-super-carretera-cuacnopalan-oaxaca\/","og_site_name":"LA BRAVA RADIO","article_published_time":"2025-05-19T14:48:45+00:00","article_modified_time":"2025-05-19T14:48:57+00:00","og_image":[{"width":1080,"height":608,"url":"https:\/\/www.bbmnoticias.com\/labravaradiofm\/wp-content\/uploads\/sites\/5\/2025\/05\/sanatorio_puebla.jpg","type":"image\/jpeg"}],"author":"Agencias","twitter_card":"summary_large_image","twitter_misc":{"Escrito por":"Agencias","Tiempo de lectura":"2 minutos"},"schema":{"@context":"https:\/\/schema.org","@graph":[{"@type":"Article","@id":"https:\/\/www.bbmnoticias.com\/blog\/2025\/05\/19\/alma-lucero-ramos-continua-grave-tras-accidente-en-la-super-carretera-cuacnopalan-oaxaca\/#article","isPartOf":{"@id":"https:\/\/www.bbmnoticias.com\/labravaradiofm\/2025\/05\/19\/alma-lucero-ramos-continua-grave-tras-accidente-en-la-super-carretera-cuacnopalan-oaxaca\/"},"author":{"name":"Agencias","@id":"https:\/\/www.bbmnoticias.com\/labravaradiofm\/#\/schema\/person\/000bdaf0a8fb5bff0d537c4d0778e33f"},"headline":"Alma Lucero Ramos contin\u00faa grave tras accidente en la s\u00faper carretera Cuacnopalan-Oaxaca","datePublished":"2025-05-19T14:48:45+00:00","dateModified":"2025-05-19T14:48:57+00:00","mainEntityOfPage":{"@id":"https:\/\/www.bbmnoticias.com\/labravaradiofm\/2025\/05\/19\/alma-lucero-ramos-continua-grave-tras-accidente-en-la-super-carretera-cuacnopalan-oaxaca\/"},"wordCount":398,"image":{"@id":"https:\/\/www.bbmnoticias.com\/blog\/2025\/05\/19\/alma-lucero-ramos-continua-grave-tras-accidente-en-la-super-carretera-cuacnopalan-oaxaca\/#primaryimage"},"thumbnailUrl":"https:\/\/www.bbmnoticias.com\/labravaradiofm\/wp-content\/uploads\/sites\/5\/2025\/05\/sanatorio_puebla.jpg","articleSection":["LOCAL"],"inLanguage":"es"},{"@type":"WebPage","@id":"https:\/\/www.bbmnoticias.com\/labravaradiofm\/2025\/05\/19\/alma-lucero-ramos-continua-grave-tras-accidente-en-la-super-carretera-cuacnopalan-oaxaca\/","url":"https:\/\/www.bbmnoticias.com\/blog\/2025\/05\/19\/alma-lucero-ramos-continua-grave-tras-accidente-en-la-super-carretera-cuacnopalan-oaxaca\/","name":"Alma Lucero Ramos contin\u00faa grave tras accidente en la s\u00faper carretera Cuacnopalan-Oaxaca - LA BRAVA RADIO","isPartOf":{"@id":"https:\/\/www.bbmnoticias.com\/labravaradiofm\/#website"},"primaryImageOfPage":{"@id":"https:\/\/www.bbmnoticias.com\/blog\/2025\/05\/19\/alma-lucero-ramos-continua-grave-tras-accidente-en-la-super-carretera-cuacnopalan-oaxaca\/#primaryimage"},"image":{"@id":"https:\/\/www.bbmnoticias.com\/blog\/2025\/05\/19\/alma-lucero-ramos-continua-grave-tras-accidente-en-la-super-carretera-cuacnopalan-oaxaca\/#primaryimage"},"thumbnailUrl":"https:\/\/www.bbmnoticias.com\/labravaradiofm\/wp-content\/uploads\/sites\/5\/2025\/05\/sanatorio_puebla.jpg","datePublished":"2025-05-19T14:48:45+00:00","dateModified":"2025-05-19T14:48:57+00:00","author":{"@id":"https:\/\/www.bbmnoticias.com\/labravaradiofm\/#\/schema\/person\/000bdaf0a8fb5bff0d537c4d0778e33f"},"breadcrumb":{"@id":"https:\/\/www.bbmnoticias.com\/blog\/2025\/05\/19\/alma-lucero-ramos-continua-grave-tras-accidente-en-la-super-carretera-cuacnopalan-oaxaca\/#breadcrumb"},"inLanguage":"es","potentialAction":[{"@type":"ReadAction","target":["https:\/\/www.bbmnoticias.com\/blog\/2025\/05\/19\/alma-lucero-ramos-continua-grave-tras-accidente-en-la-super-carretera-cuacnopalan-oaxaca\/"]}]},{"@type":"ImageObject","inLanguage":"es","@id":"https:\/\/www.bbmnoticias.com\/blog\/2025\/05\/19\/alma-lucero-ramos-continua-grave-tras-accidente-en-la-super-carretera-cuacnopalan-oaxaca\/#primaryimage","url":"https:\/\/www.bbmnoticias.com\/labravaradiofm\/wp-content\/uploads\/sites\/5\/2025\/05\/sanatorio_puebla.jpg","contentUrl":"https:\/\/www.bbmnoticias.com\/labravaradiofm\/wp-content\/uploads\/sites\/5\/2025\/05\/sanatorio_puebla.jpg","width":1080,"height":608},{"@type":"BreadcrumbList","@id":"https:\/\/www.bbmnoticias.com\/blog\/2025\/05\/19\/alma-lucero-ramos-continua-grave-tras-accidente-en-la-super-carretera-cuacnopalan-oaxaca\/#breadcrumb","itemListElement":[{"@type":"ListItem","position":1,"name":"Inicio","item":"https:\/\/www.bbmnoticias.com\/labravaradiofm\/"},{"@type":"ListItem","position":2,"name":"Alma Lucero Ramos contin\u00faa grave tras accidente en la s\u00faper carretera Cuacnopalan-Oaxaca"}]},{"@type":"WebSite","@id":"https:\/\/www.bbmnoticias.com\/labravaradiofm\/#website","url":"https:\/\/www.bbmnoticias.com\/labravaradiofm\/","name":"LA BRAVA RADIO","description":"Empresa productora de medios, Radiodifusi\u00f3n, Noticias, tendencias y todo lo que necesitas saber de la pol\u00edtica mexicana e internacional; entretenimiento, espect\u00e1culos, salud y mucho m\u00e1s.","potentialAction":[{"@type":"SearchAction","target":{"@type":"EntryPoint","urlTemplate":"https:\/\/www.bbmnoticias.com\/labravaradiofm\/?s={search_term_string}"},"query-input":{"@type":"PropertyValueSpecification","valueRequired":true,"valueName":"search_term_string"}}],"inLanguage":"es"},{"@type":"Person","@id":"https:\/\/www.bbmnoticias.com\/labravaradiofm\/#\/schema\/person\/000bdaf0a8fb5bff0d537c4d0778e33f","name":"Agencias","image":{"@type":"ImageObject","inLanguage":"es","@id":"https:\/\/secure.gravatar.com\/avatar\/739e0b61adf9e398b425c36718c8752286da0e8cd90f20ce9a86678abc26aa0d?s=96&d=mm&r=g","url":"https:\/\/secure.gravatar.com\/avatar\/739e0b61adf9e398b425c36718c8752286da0e8cd90f20ce9a86678abc26aa0d?s=96&d=mm&r=g","contentUrl":"https:\/\/secure.gravatar.com\/avatar\/739e0b61adf9e398b425c36718c8752286da0e8cd90f20ce9a86678abc26aa0d?s=96&d=mm&r=g","caption":"Agencias"},"url":"https:\/\/www.bbmnoticias.com\/labravaradiofm\/author\/agencias\/"}]}},"_links":{"self":[{"href":"https:\/\/www.bbmnoticias.com\/labravaradiofm\/wp-json\/wp\/v2\/posts\/60232","targetHints":{"allow":["GET"]}}],"collection":[{"href":"https:\/\/www.bbmnoticias.com\/labravaradiofm\/wp-json\/wp\/v2\/posts"}],"about":[{"href":"https:\/\/www.bbmnoticias.com\/labravaradiofm\/wp-json\/wp\/v2\/types\/post"}],"author":[{"embeddable":true,"href":"https:\/\/www.bbmnoticias.com\/labravaradiofm\/wp-json\/wp\/v2\/users\/4"}],"replies":[{"embeddable":true,"href":"https:\/\/www.bbmnoticias.com\/labravaradiofm\/wp-json\/wp\/v2\/comments?post=60232"}],"version-history":[{"count":0,"href":"https:\/\/www.bbmnoticias.com\/labravaradiofm\/wp-json\/wp\/v2\/posts\/60232\/revisions"}],"wp:featuredmedia":[{"embeddable":true,"href":"https:\/\/www.bbmnoticias.com\/labravaradiofm\/wp-json\/wp\/v2\/media\/60234"}],"wp:attachment":[{"href":"https:\/\/www.bbmnoticias.com\/labravaradiofm\/wp-json\/wp\/v2\/media?parent=60232"}],"wp:term":[{"taxonomy":"category","embeddable":true,"href":"https:\/\/www.bbmnoticias.com\/labravaradiofm\/wp-json\/wp\/v2\/categories?post=60232"},{"taxonomy":"post_tag","embeddable":true,"href":"https:\/\/www.bbmnoticias.com\/labravaradiofm\/wp-json\/wp\/v2\/tags?post=60232"}],"curies":[{"name":"wp","href":"https:\/\/api.w.org\/{rel}","templated":true}]}}