{"id":6019,"date":"2021-11-23T19:50:48","date_gmt":"2021-11-24T01:50:48","guid":{"rendered":"https:\/\/www.bbmnoticias.com\/labravaradiofm\/?p=6019"},"modified":"2021-11-23T19:50:50","modified_gmt":"2021-11-24T01:50:50","slug":"promueve-sso-uso-responsable-de-medicamentos-antimicrobianos","status":"publish","type":"post","link":"https:\/\/www.bbmnoticias.com\/labravaradiofm\/2021\/11\/23\/promueve-sso-uso-responsable-de-medicamentos-antimicrobianos\/","title":{"rendered":"Promueve SSO uso responsable de medicamentos Antimicrobianos"},"content":{"rendered":"<div style=\"margin-top: 0px; margin-bottom: 0px;\" class=\"sharethis-inline-share-buttons\" ><\/div>\n<ul class=\"wp-block-list\"><li>Del 18 al 24 de noviembre est\u00e1 activa la Semana Mundial de Concientizaci\u00f3n<\/li><li>Estos f\u00e1rmacos deben usarse bajo prescripci\u00f3n m\u00e9dica, ya que el uso inadecuado ocasiona un mayor riesgo de reacciones adversas y contribuye al desarrollo de resistencia<\/li><li>El lema es: Corre la voz, frena la resistencia a los antimicrobianos<\/li><\/ul>\n\n\n\n<p><strong>Oaxaca de Ju\u00e1rez, Oax.-<\/strong> A nivel mundial la resistencia a los medicamentos antimicrobianos principalmente antibi\u00f3ticos, causan anualmente alrededor de 700 mil muertes, lo que constituye para la Organizaci\u00f3n Panamericana de la Salud (OPS) una de las 10 amenazas principales a la salud p\u00fablica, informaron los Servicios de Salud de Oaxaca (SSO).<\/p>\n\n\n\n<p>Al respecto, el Responsable Estatal de Mortalidad Infantil, Enfermedad Diarreica e Infecci\u00f3n Respiratoria Aguda en Menores de cinco a\u00f1os de la instituci\u00f3n, Carlos Alberto Mart\u00ednez Meing\u00fcer, sostuvo que los antimicrobianos \u2013 antibi\u00f3ticos, antiv\u00edricos, antif\u00fangicos y antiparasitarios\u2013 son f\u00e1rmacos que se utilizan para prevenir y tratar infecciones en los seres humanos, animales y las plantas.<\/p>\n\n\n\n<p>Sin embargo, el uso inadecuado de estas medicinas puede ocasionar un mayor riesgo de reacciones adversas, debido a que contribuye al desarrollo de resistencia, adem\u00e1s, abusar de estos f\u00e1rmacos est\u00e1 amenazando su eficacia.<\/p>\n\n\n\n<p>En el marco de la Semana Mundial de Concientizaci\u00f3n sobre el uso de Antimicrobianos-del 18 al 24 noviembre-el funcionario explic\u00f3 que esta problem\u00e1tica surge cuando las bacterias, virus, hongos, as\u00ed como par\u00e1sitos, presentan cambios y dejan de responder a las medicinas, lo que hace m\u00e1s dif\u00edcil el tratamiento de las infecciones, aumentando el riesgo de propagaci\u00f3n de enfermedades graves.<\/p>\n\n\n\n<p>El profesional de la salud se\u00f1al\u00f3 que el 70% de los antibi\u00f3ticos que se adquieren y suministran tanto para la ni\u00f1ez y personas adultas es producto de la automedicaci\u00f3n y com\u00fanmente son empleados para el tratamiento de infecciones respiratorias agudas, lo que trae como consecuencia padecimientos dif\u00edciles de tratar y el aumento de la mortalidad.<\/p>\n\n\n\n<p>En este sentido puntualiz\u00f3 que el objetivo principal de esta semana conmemorativa que lleva por lema \u201cCorre la voz, frena la resistencia a los antimicrobianos&#8221;, es difundir el uso responsable de los f\u00e1rmacos, fomentar una cultura de la no automedicaci\u00f3n y proveer mejores pr\u00e1cticas para evitar la expansi\u00f3n de la resistencia a los antibi\u00f3ticos entre la poblaci\u00f3n en general, as\u00ed como las y los profesionales de la salud.<\/p>\n\n\n\n<p>Refiri\u00f3 que la recomendaci\u00f3n para el personal m\u00e9dico es recetar adecuadamente los antibi\u00f3ticos de acuerdo a la enfermedad y edad del paciente, suministrar la cantidad de dosis conveniente, as\u00ed como los periodos de la ingesta de los medicamentos.<\/p>\n\n\n\n<p>En tanto, para quienes tienen alg\u00fan s\u00edntoma de malestar f\u00edsico deben acudir a valoraci\u00f3n m\u00e9dica oportuna para disminuir el riesgo de complicaciones y terminar el tratamiento con todos los antibi\u00f3ticos recetados de la manera y por el tiempo que se haya indicado, as\u00ed como evitar la automedicaci\u00f3n.<\/p>\n\n\n\n<p>Adem\u00e1s, hizo \u00e9nfasis al mencionar que los antimicrobianos deben evitarse para el tratamiento de Infecciones Respiratorias Agudas (IRAS), ya que m\u00e1s del 80% de las enfermedades son causadas por virus, y por ende no requieren medicaci\u00f3n a base de antibi\u00f3ticos.<\/p>\n","protected":false},"excerpt":{"rendered":"<p>Del 18 al 24 de noviembre est\u00e1 activa la Semana Mundial de Concientizaci\u00f3n Estos f\u00e1rmacos deben usarse bajo prescripci\u00f3n m\u00e9dica, ya que el uso inadecuado ocasiona un mayor riesgo de reacciones adversas y contribuye al desarrollo de resistencia El lema es: Corre la voz, frena la resistencia a los antimicrobianos Oaxaca de Ju\u00e1rez, Oax.- A [&hellip;]<\/p>\n","protected":false},"author":2,"featured_media":6020,"comment_status":"closed","ping_status":"closed","sticky":false,"template":"","format":"standard","meta":{"footnotes":""},"categories":[2],"tags":[],"class_list":{"0":"post-6019","1":"post","2":"type-post","3":"status-publish","4":"format-standard","5":"has-post-thumbnail","7":"category-oaxaca"},"yoast_head":"<!-- This site is optimized with the Yoast SEO plugin v27.4 - https:\/\/yoast.com\/product\/yoast-seo-wordpress\/ -->\n<title>Promueve SSO uso responsable de medicamentos Antimicrobianos - LA BRAVA RADIO<\/title>\n<meta name=\"robots\" content=\"index, follow, max-snippet:-1, max-image-preview:large, max-video-preview:-1\" \/>\n<link rel=\"canonical\" href=\"https:\/\/www.bbmnoticias.com\/labravaradiofm\/2021\/11\/23\/promueve-sso-uso-responsable-de-medicamentos-antimicrobianos\/\" \/>\n<meta property=\"og:locale\" content=\"es_MX\" \/>\n<meta property=\"og:type\" content=\"article\" \/>\n<meta property=\"og:title\" content=\"Promueve SSO uso responsable de medicamentos Antimicrobianos - LA BRAVA RADIO\" \/>\n<meta property=\"og:description\" content=\"Del 18 al 24 de noviembre est\u00e1 activa la Semana Mundial de Concientizaci\u00f3n Estos f\u00e1rmacos deben usarse bajo prescripci\u00f3n m\u00e9dica, ya que el uso inadecuado ocasiona un mayor riesgo de reacciones adversas y contribuye al desarrollo de resistencia El lema es: Corre la voz, frena la resistencia a los antimicrobianos Oaxaca de Ju\u00e1rez, Oax.- A [&hellip;]\" \/>\n<meta property=\"og:url\" content=\"https:\/\/www.bbmnoticias.com\/labravaradiofm\/2021\/11\/23\/promueve-sso-uso-responsable-de-medicamentos-antimicrobianos\/\" \/>\n<meta property=\"og:site_name\" content=\"LA BRAVA RADIO\" \/>\n<meta property=\"article:published_time\" content=\"2021-11-24T01:50:48+00:00\" \/>\n<meta property=\"article:modified_time\" content=\"2021-11-24T01:50:50+00:00\" \/>\n<meta property=\"og:image\" content=\"https:\/\/www.bbmnoticias.com\/labravaradiofm\/wp-content\/uploads\/sites\/5\/2021\/11\/salud23112021.jpg\" \/>\n\t<meta property=\"og:image:width\" content=\"800\" \/>\n\t<meta property=\"og:image:height\" content=\"546\" \/>\n\t<meta property=\"og:image:type\" content=\"image\/jpeg\" \/>\n<meta name=\"author\" content=\"Staff\" \/>\n<meta name=\"twitter:card\" content=\"summary_large_image\" \/>\n<meta name=\"twitter:label1\" content=\"Escrito por\" \/>\n\t<meta name=\"twitter:data1\" content=\"Staff\" \/>\n\t<meta name=\"twitter:label2\" content=\"Tiempo de lectura\" \/>\n\t<meta name=\"twitter:data2\" content=\"3 minutos\" \/>\n<script type=\"application\/ld+json\" class=\"yoast-schema-graph\">{\"@context\":\"https:\\\/\\\/schema.org\",\"@graph\":[{\"@type\":\"Article\",\"@id\":\"https:\\\/\\\/www.bbmnoticias.com\\\/labravaradiofm\\\/2021\\\/11\\\/23\\\/promueve-sso-uso-responsable-de-medicamentos-antimicrobianos\\\/#article\",\"isPartOf\":{\"@id\":\"https:\\\/\\\/www.bbmnoticias.com\\\/labravaradiofm\\\/2021\\\/11\\\/23\\\/promueve-sso-uso-responsable-de-medicamentos-antimicrobianos\\\/\"},\"author\":{\"name\":\"Staff\",\"@id\":\"https:\\\/\\\/www.bbmnoticias.com\\\/labravaradiofm\\\/#\\\/schema\\\/person\\\/68a9e9036ef3c5b55aeb2b71dc8bab45\"},\"headline\":\"Promueve SSO uso responsable de medicamentos Antimicrobianos\",\"datePublished\":\"2021-11-24T01:50:48+00:00\",\"dateModified\":\"2021-11-24T01:50:50+00:00\",\"mainEntityOfPage\":{\"@id\":\"https:\\\/\\\/www.bbmnoticias.com\\\/labravaradiofm\\\/2021\\\/11\\\/23\\\/promueve-sso-uso-responsable-de-medicamentos-antimicrobianos\\\/\"},\"wordCount\":545,\"image\":{\"@id\":\"https:\\\/\\\/www.bbmnoticias.com\\\/labravaradiofm\\\/2021\\\/11\\\/23\\\/promueve-sso-uso-responsable-de-medicamentos-antimicrobianos\\\/#primaryimage\"},\"thumbnailUrl\":\"https:\\\/\\\/www.bbmnoticias.com\\\/labravaradiofm\\\/wp-content\\\/uploads\\\/sites\\\/5\\\/2021\\\/11\\\/salud23112021.jpg\",\"articleSection\":[\"LOCAL\"],\"inLanguage\":\"es\"},{\"@type\":\"WebPage\",\"@id\":\"https:\\\/\\\/www.bbmnoticias.com\\\/labravaradiofm\\\/2021\\\/11\\\/23\\\/promueve-sso-uso-responsable-de-medicamentos-antimicrobianos\\\/\",\"url\":\"https:\\\/\\\/www.bbmnoticias.com\\\/labravaradiofm\\\/2021\\\/11\\\/23\\\/promueve-sso-uso-responsable-de-medicamentos-antimicrobianos\\\/\",\"name\":\"Promueve SSO uso responsable de medicamentos Antimicrobianos - LA BRAVA RADIO\",\"isPartOf\":{\"@id\":\"https:\\\/\\\/www.bbmnoticias.com\\\/labravaradiofm\\\/#website\"},\"primaryImageOfPage\":{\"@id\":\"https:\\\/\\\/www.bbmnoticias.com\\\/labravaradiofm\\\/2021\\\/11\\\/23\\\/promueve-sso-uso-responsable-de-medicamentos-antimicrobianos\\\/#primaryimage\"},\"image\":{\"@id\":\"https:\\\/\\\/www.bbmnoticias.com\\\/labravaradiofm\\\/2021\\\/11\\\/23\\\/promueve-sso-uso-responsable-de-medicamentos-antimicrobianos\\\/#primaryimage\"},\"thumbnailUrl\":\"https:\\\/\\\/www.bbmnoticias.com\\\/labravaradiofm\\\/wp-content\\\/uploads\\\/sites\\\/5\\\/2021\\\/11\\\/salud23112021.jpg\",\"datePublished\":\"2021-11-24T01:50:48+00:00\",\"dateModified\":\"2021-11-24T01:50:50+00:00\",\"author\":{\"@id\":\"https:\\\/\\\/www.bbmnoticias.com\\\/labravaradiofm\\\/#\\\/schema\\\/person\\\/68a9e9036ef3c5b55aeb2b71dc8bab45\"},\"breadcrumb\":{\"@id\":\"https:\\\/\\\/www.bbmnoticias.com\\\/labravaradiofm\\\/2021\\\/11\\\/23\\\/promueve-sso-uso-responsable-de-medicamentos-antimicrobianos\\\/#breadcrumb\"},\"inLanguage\":\"es\",\"potentialAction\":[{\"@type\":\"ReadAction\",\"target\":[\"https:\\\/\\\/www.bbmnoticias.com\\\/labravaradiofm\\\/2021\\\/11\\\/23\\\/promueve-sso-uso-responsable-de-medicamentos-antimicrobianos\\\/\"]}]},{\"@type\":\"ImageObject\",\"inLanguage\":\"es\",\"@id\":\"https:\\\/\\\/www.bbmnoticias.com\\\/labravaradiofm\\\/2021\\\/11\\\/23\\\/promueve-sso-uso-responsable-de-medicamentos-antimicrobianos\\\/#primaryimage\",\"url\":\"https:\\\/\\\/www.bbmnoticias.com\\\/labravaradiofm\\\/wp-content\\\/uploads\\\/sites\\\/5\\\/2021\\\/11\\\/salud23112021.jpg\",\"contentUrl\":\"https:\\\/\\\/www.bbmnoticias.com\\\/labravaradiofm\\\/wp-content\\\/uploads\\\/sites\\\/5\\\/2021\\\/11\\\/salud23112021.jpg\",\"width\":800,\"height\":546},{\"@type\":\"BreadcrumbList\",\"@id\":\"https:\\\/\\\/www.bbmnoticias.com\\\/labravaradiofm\\\/2021\\\/11\\\/23\\\/promueve-sso-uso-responsable-de-medicamentos-antimicrobianos\\\/#breadcrumb\",\"itemListElement\":[{\"@type\":\"ListItem\",\"position\":1,\"name\":\"Inicio\",\"item\":\"https:\\\/\\\/www.bbmnoticias.com\\\/labravaradiofm\\\/\"},{\"@type\":\"ListItem\",\"position\":2,\"name\":\"Promueve SSO uso responsable de medicamentos Antimicrobianos\"}]},{\"@type\":\"WebSite\",\"@id\":\"https:\\\/\\\/www.bbmnoticias.com\\\/labravaradiofm\\\/#website\",\"url\":\"https:\\\/\\\/www.bbmnoticias.com\\\/labravaradiofm\\\/\",\"name\":\"LA BRAVA RADIO\",\"description\":\"Empresa productora de medios, Radiodifusi\u00f3n, Noticias, tendencias y todo lo que necesitas saber de la pol\u00edtica mexicana e internacional; entretenimiento, espect\u00e1culos, salud y mucho m\u00e1s.\",\"potentialAction\":[{\"@type\":\"SearchAction\",\"target\":{\"@type\":\"EntryPoint\",\"urlTemplate\":\"https:\\\/\\\/www.bbmnoticias.com\\\/labravaradiofm\\\/?s={search_term_string}\"},\"query-input\":{\"@type\":\"PropertyValueSpecification\",\"valueRequired\":true,\"valueName\":\"search_term_string\"}}],\"inLanguage\":\"es\"},{\"@type\":\"Person\",\"@id\":\"https:\\\/\\\/www.bbmnoticias.com\\\/labravaradiofm\\\/#\\\/schema\\\/person\\\/68a9e9036ef3c5b55aeb2b71dc8bab45\",\"name\":\"Staff\",\"image\":{\"@type\":\"ImageObject\",\"inLanguage\":\"es\",\"@id\":\"https:\\\/\\\/secure.gravatar.com\\\/avatar\\\/fdd21ad66fd8b98c407f9dee5b5e588cfe7f0d8579ec20fa6527cd59bab7f0f0?s=96&d=mm&r=g\",\"url\":\"https:\\\/\\\/secure.gravatar.com\\\/avatar\\\/fdd21ad66fd8b98c407f9dee5b5e588cfe7f0d8579ec20fa6527cd59bab7f0f0?s=96&d=mm&r=g\",\"contentUrl\":\"https:\\\/\\\/secure.gravatar.com\\\/avatar\\\/fdd21ad66fd8b98c407f9dee5b5e588cfe7f0d8579ec20fa6527cd59bab7f0f0?s=96&d=mm&r=g\",\"caption\":\"Staff\"},\"url\":\"https:\\\/\\\/www.bbmnoticias.com\\\/labravaradiofm\\\/author\\\/redaccion\\\/\"}]}<\/script>\n<!-- \/ Yoast SEO plugin. -->","yoast_head_json":{"title":"Promueve SSO uso responsable de medicamentos Antimicrobianos - LA BRAVA RADIO","robots":{"index":"index","follow":"follow","max-snippet":"max-snippet:-1","max-image-preview":"max-image-preview:large","max-video-preview":"max-video-preview:-1"},"canonical":"https:\/\/www.bbmnoticias.com\/labravaradiofm\/2021\/11\/23\/promueve-sso-uso-responsable-de-medicamentos-antimicrobianos\/","og_locale":"es_MX","og_type":"article","og_title":"Promueve SSO uso responsable de medicamentos Antimicrobianos - LA BRAVA RADIO","og_description":"Del 18 al 24 de noviembre est\u00e1 activa la Semana Mundial de Concientizaci\u00f3n Estos f\u00e1rmacos deben usarse bajo prescripci\u00f3n m\u00e9dica, ya que el uso inadecuado ocasiona un mayor riesgo de reacciones adversas y contribuye al desarrollo de resistencia El lema es: Corre la voz, frena la resistencia a los antimicrobianos Oaxaca de Ju\u00e1rez, Oax.- A [&hellip;]","og_url":"https:\/\/www.bbmnoticias.com\/labravaradiofm\/2021\/11\/23\/promueve-sso-uso-responsable-de-medicamentos-antimicrobianos\/","og_site_name":"LA BRAVA RADIO","article_published_time":"2021-11-24T01:50:48+00:00","article_modified_time":"2021-11-24T01:50:50+00:00","og_image":[{"width":800,"height":546,"url":"https:\/\/www.bbmnoticias.com\/labravaradiofm\/wp-content\/uploads\/sites\/5\/2021\/11\/salud23112021.jpg","type":"image\/jpeg"}],"author":"Staff","twitter_card":"summary_large_image","twitter_misc":{"Escrito por":"Staff","Tiempo de lectura":"3 minutos"},"schema":{"@context":"https:\/\/schema.org","@graph":[{"@type":"Article","@id":"https:\/\/www.bbmnoticias.com\/labravaradiofm\/2021\/11\/23\/promueve-sso-uso-responsable-de-medicamentos-antimicrobianos\/#article","isPartOf":{"@id":"https:\/\/www.bbmnoticias.com\/labravaradiofm\/2021\/11\/23\/promueve-sso-uso-responsable-de-medicamentos-antimicrobianos\/"},"author":{"name":"Staff","@id":"https:\/\/www.bbmnoticias.com\/labravaradiofm\/#\/schema\/person\/68a9e9036ef3c5b55aeb2b71dc8bab45"},"headline":"Promueve SSO uso responsable de medicamentos Antimicrobianos","datePublished":"2021-11-24T01:50:48+00:00","dateModified":"2021-11-24T01:50:50+00:00","mainEntityOfPage":{"@id":"https:\/\/www.bbmnoticias.com\/labravaradiofm\/2021\/11\/23\/promueve-sso-uso-responsable-de-medicamentos-antimicrobianos\/"},"wordCount":545,"image":{"@id":"https:\/\/www.bbmnoticias.com\/labravaradiofm\/2021\/11\/23\/promueve-sso-uso-responsable-de-medicamentos-antimicrobianos\/#primaryimage"},"thumbnailUrl":"https:\/\/www.bbmnoticias.com\/labravaradiofm\/wp-content\/uploads\/sites\/5\/2021\/11\/salud23112021.jpg","articleSection":["LOCAL"],"inLanguage":"es"},{"@type":"WebPage","@id":"https:\/\/www.bbmnoticias.com\/labravaradiofm\/2021\/11\/23\/promueve-sso-uso-responsable-de-medicamentos-antimicrobianos\/","url":"https:\/\/www.bbmnoticias.com\/labravaradiofm\/2021\/11\/23\/promueve-sso-uso-responsable-de-medicamentos-antimicrobianos\/","name":"Promueve SSO uso responsable de medicamentos Antimicrobianos - LA BRAVA RADIO","isPartOf":{"@id":"https:\/\/www.bbmnoticias.com\/labravaradiofm\/#website"},"primaryImageOfPage":{"@id":"https:\/\/www.bbmnoticias.com\/labravaradiofm\/2021\/11\/23\/promueve-sso-uso-responsable-de-medicamentos-antimicrobianos\/#primaryimage"},"image":{"@id":"https:\/\/www.bbmnoticias.com\/labravaradiofm\/2021\/11\/23\/promueve-sso-uso-responsable-de-medicamentos-antimicrobianos\/#primaryimage"},"thumbnailUrl":"https:\/\/www.bbmnoticias.com\/labravaradiofm\/wp-content\/uploads\/sites\/5\/2021\/11\/salud23112021.jpg","datePublished":"2021-11-24T01:50:48+00:00","dateModified":"2021-11-24T01:50:50+00:00","author":{"@id":"https:\/\/www.bbmnoticias.com\/labravaradiofm\/#\/schema\/person\/68a9e9036ef3c5b55aeb2b71dc8bab45"},"breadcrumb":{"@id":"https:\/\/www.bbmnoticias.com\/labravaradiofm\/2021\/11\/23\/promueve-sso-uso-responsable-de-medicamentos-antimicrobianos\/#breadcrumb"},"inLanguage":"es","potentialAction":[{"@type":"ReadAction","target":["https:\/\/www.bbmnoticias.com\/labravaradiofm\/2021\/11\/23\/promueve-sso-uso-responsable-de-medicamentos-antimicrobianos\/"]}]},{"@type":"ImageObject","inLanguage":"es","@id":"https:\/\/www.bbmnoticias.com\/labravaradiofm\/2021\/11\/23\/promueve-sso-uso-responsable-de-medicamentos-antimicrobianos\/#primaryimage","url":"https:\/\/www.bbmnoticias.com\/labravaradiofm\/wp-content\/uploads\/sites\/5\/2021\/11\/salud23112021.jpg","contentUrl":"https:\/\/www.bbmnoticias.com\/labravaradiofm\/wp-content\/uploads\/sites\/5\/2021\/11\/salud23112021.jpg","width":800,"height":546},{"@type":"BreadcrumbList","@id":"https:\/\/www.bbmnoticias.com\/labravaradiofm\/2021\/11\/23\/promueve-sso-uso-responsable-de-medicamentos-antimicrobianos\/#breadcrumb","itemListElement":[{"@type":"ListItem","position":1,"name":"Inicio","item":"https:\/\/www.bbmnoticias.com\/labravaradiofm\/"},{"@type":"ListItem","position":2,"name":"Promueve SSO uso responsable de medicamentos Antimicrobianos"}]},{"@type":"WebSite","@id":"https:\/\/www.bbmnoticias.com\/labravaradiofm\/#website","url":"https:\/\/www.bbmnoticias.com\/labravaradiofm\/","name":"LA BRAVA RADIO","description":"Empresa productora de medios, Radiodifusi\u00f3n, Noticias, tendencias y todo lo que necesitas saber de la pol\u00edtica mexicana e internacional; entretenimiento, espect\u00e1culos, salud y mucho m\u00e1s.","potentialAction":[{"@type":"SearchAction","target":{"@type":"EntryPoint","urlTemplate":"https:\/\/www.bbmnoticias.com\/labravaradiofm\/?s={search_term_string}"},"query-input":{"@type":"PropertyValueSpecification","valueRequired":true,"valueName":"search_term_string"}}],"inLanguage":"es"},{"@type":"Person","@id":"https:\/\/www.bbmnoticias.com\/labravaradiofm\/#\/schema\/person\/68a9e9036ef3c5b55aeb2b71dc8bab45","name":"Staff","image":{"@type":"ImageObject","inLanguage":"es","@id":"https:\/\/secure.gravatar.com\/avatar\/fdd21ad66fd8b98c407f9dee5b5e588cfe7f0d8579ec20fa6527cd59bab7f0f0?s=96&d=mm&r=g","url":"https:\/\/secure.gravatar.com\/avatar\/fdd21ad66fd8b98c407f9dee5b5e588cfe7f0d8579ec20fa6527cd59bab7f0f0?s=96&d=mm&r=g","contentUrl":"https:\/\/secure.gravatar.com\/avatar\/fdd21ad66fd8b98c407f9dee5b5e588cfe7f0d8579ec20fa6527cd59bab7f0f0?s=96&d=mm&r=g","caption":"Staff"},"url":"https:\/\/www.bbmnoticias.com\/labravaradiofm\/author\/redaccion\/"}]}},"_links":{"self":[{"href":"https:\/\/www.bbmnoticias.com\/labravaradiofm\/wp-json\/wp\/v2\/posts\/6019","targetHints":{"allow":["GET"]}}],"collection":[{"href":"https:\/\/www.bbmnoticias.com\/labravaradiofm\/wp-json\/wp\/v2\/posts"}],"about":[{"href":"https:\/\/www.bbmnoticias.com\/labravaradiofm\/wp-json\/wp\/v2\/types\/post"}],"author":[{"embeddable":true,"href":"https:\/\/www.bbmnoticias.com\/labravaradiofm\/wp-json\/wp\/v2\/users\/2"}],"replies":[{"embeddable":true,"href":"https:\/\/www.bbmnoticias.com\/labravaradiofm\/wp-json\/wp\/v2\/comments?post=6019"}],"version-history":[{"count":0,"href":"https:\/\/www.bbmnoticias.com\/labravaradiofm\/wp-json\/wp\/v2\/posts\/6019\/revisions"}],"wp:featuredmedia":[{"embeddable":true,"href":"https:\/\/www.bbmnoticias.com\/labravaradiofm\/wp-json\/wp\/v2\/media\/6020"}],"wp:attachment":[{"href":"https:\/\/www.bbmnoticias.com\/labravaradiofm\/wp-json\/wp\/v2\/media?parent=6019"}],"wp:term":[{"taxonomy":"category","embeddable":true,"href":"https:\/\/www.bbmnoticias.com\/labravaradiofm\/wp-json\/wp\/v2\/categories?post=6019"},{"taxonomy":"post_tag","embeddable":true,"href":"https:\/\/www.bbmnoticias.com\/labravaradiofm\/wp-json\/wp\/v2\/tags?post=6019"}],"curies":[{"name":"wp","href":"https:\/\/api.w.org\/{rel}","templated":true}]}}