{"id":6015,"date":"2021-11-23T18:49:09","date_gmt":"2021-11-24T00:49:09","guid":{"rendered":"https:\/\/www.bbmnoticias.com\/labravaradiofm\/?p=6015"},"modified":"2021-11-23T18:49:19","modified_gmt":"2021-11-24T00:49:19","slug":"luto-y-desconsuelo-en-el-ultimo-adios-de-dos-de-las-seis-victimas-de-accidente-entre-taxi-y-pipa-en-la-costa-oaxaquena","status":"publish","type":"post","link":"https:\/\/www.bbmnoticias.com\/labravaradiofm\/2021\/11\/23\/luto-y-desconsuelo-en-el-ultimo-adios-de-dos-de-las-seis-victimas-de-accidente-entre-taxi-y-pipa-en-la-costa-oaxaquena\/","title":{"rendered":"Luto y desconsuelo en el \u00faltimo adi\u00f3s de dos de las seis v\u00edctimas de accidente entre taxi y pipa en la Costa Oaxaque\u00f1a"},"content":{"rendered":"<div style=\"margin-top: 0px; margin-bottom: 0px;\" class=\"sharethis-inline-share-buttons\" ><\/div>\n<p>Tehuantepec, Oaxaca. Consternaci\u00f3n, luto y desconsuelo, se vivi\u00f3 esta tarde en el \u00faltimo adi\u00f3s de dos de las seis v\u00edctimas que perdieron la vida en el accidente sobre la carretera costera 200, tramo Salina Cruz- Huatulco cerca de la agencia municipal de Morro Mazatan, perteneciente a Tehuantepec, entre un taxi y una pipa que transportaba 30 mil litros de di\u00e9sel.<\/p>\n\n\n\n<p>A las dos de la tarde a orilla de playa en la zona de restaurante y palapas de Playa Cangrejo, sus tres hijos y dem\u00e1s familiares, as\u00ed como amigos y conocidos celebraron una misa de cuerpo presente de do\u00f1a Julia Fuentes Avenda\u00f1o.<\/p>\n\n\n\n<p>Una hora despu\u00e9s, en la entrada de la poblaci\u00f3n, se celebr\u00f3 otra misa de cuerpo presente, en honor a do\u00f1a Rosa Nidia Venegas, v\u00edctima tambi\u00e9n de este accidente.<\/p>\n\n\n\n<p>Ambas perdieron la vida de manera tr\u00e1gica, cuando viajaban a bordo del taxi al que pas\u00f3 encima la pipa cargada con 30 mil litros de di\u00e9sel.<\/p>\n\n\n\n<p>El sepelio se celebr\u00f3 a las 4 de la tarde en el pante\u00f3n de esta comunidad, entre llantos, dolor y desconsuelo.<\/p>\n\n\n\n<figure class=\"wp-block-image size-full\"><img loading=\"lazy\" decoding=\"async\" width=\"720\" height=\"540\" src=\"https:\/\/www.bbmnoticias.com\/labravaradiofm\/wp-content\/uploads\/sites\/5\/2021\/11\/FB_IMG_1637714810613.jpg\" alt=\"\" class=\"wp-image-6017\" srcset=\"https:\/\/www.bbmnoticias.com\/labravaradiofm\/wp-content\/uploads\/sites\/5\/2021\/11\/FB_IMG_1637714810613.jpg 720w, https:\/\/www.bbmnoticias.com\/labravaradiofm\/wp-content\/uploads\/sites\/5\/2021\/11\/FB_IMG_1637714810613-300x225.jpg 300w, https:\/\/www.bbmnoticias.com\/labravaradiofm\/wp-content\/uploads\/sites\/5\/2021\/11\/FB_IMG_1637714810613-560x420.jpg 560w, https:\/\/www.bbmnoticias.com\/labravaradiofm\/wp-content\/uploads\/sites\/5\/2021\/11\/FB_IMG_1637714810613-80x60.jpg 80w, https:\/\/www.bbmnoticias.com\/labravaradiofm\/wp-content\/uploads\/sites\/5\/2021\/11\/FB_IMG_1637714810613-100x75.jpg 100w, https:\/\/www.bbmnoticias.com\/labravaradiofm\/wp-content\/uploads\/sites\/5\/2021\/11\/FB_IMG_1637714810613-180x135.jpg 180w, https:\/\/www.bbmnoticias.com\/labravaradiofm\/wp-content\/uploads\/sites\/5\/2021\/11\/FB_IMG_1637714810613-238x178.jpg 238w, https:\/\/www.bbmnoticias.com\/labravaradiofm\/wp-content\/uploads\/sites\/5\/2021\/11\/FB_IMG_1637714810613-640x480.jpg 640w, https:\/\/www.bbmnoticias.com\/labravaradiofm\/wp-content\/uploads\/sites\/5\/2021\/11\/FB_IMG_1637714810613-681x511.jpg 681w\" sizes=\"auto, (max-width: 720px) 100vw, 720px\" \/><\/figure>\n\n\n\n<p>Este mi\u00e9rcoles, se celebrar\u00e1 la ceremonia luctuosa de las otras tres personas originarias de esta comunidad que tambi\u00e9n perdieron la vida en el accidente.<\/p>\n\n\n\n<p>Mientras que los restos del polic\u00eda auxiliar Armando Jos\u00e9 Pioquinto Villag\u00f3mez Hern\u00e1ndez, que trabajaba en la bodega de Conasupo de Morro Mazatan, fueron trasladados a su ciudad natal, Huajuapan de Le\u00f3n, Oaxaca.<\/p>\n\n\n\n<p>En medio del duelo, los familiares de la v\u00edctima coincidieron en que se esclarezcan los hechos y que se imparta justicia sobre el responsable y la empresa propietaria del tractocamion involucrada en este accidente.<\/p>\n","protected":false},"excerpt":{"rendered":"<p>Tehuantepec, Oaxaca. Consternaci\u00f3n, luto y desconsuelo, se vivi\u00f3 esta tarde en el \u00faltimo adi\u00f3s de dos de las seis v\u00edctimas que perdieron la vida en el accidente sobre la carretera costera 200, tramo Salina Cruz- Huatulco cerca de la agencia municipal de Morro Mazatan, perteneciente a Tehuantepec, entre un taxi y una pipa que transportaba [&hellip;]<\/p>\n","protected":false},"author":3,"featured_media":6016,"comment_status":"closed","ping_status":"closed","sticky":false,"template":"","format":"standard","meta":{"footnotes":""},"categories":[20],"tags":[],"class_list":{"0":"post-6015","1":"post","2":"type-post","3":"status-publish","4":"format-standard","5":"has-post-thumbnail","7":"category-policiaca"},"yoast_head":"<!-- This site is optimized with the Yoast SEO plugin v27.4 - https:\/\/yoast.com\/product\/yoast-seo-wordpress\/ -->\n<title>Luto y desconsuelo en el \u00faltimo adi\u00f3s de dos de las seis v\u00edctimas de accidente entre taxi y pipa en la Costa Oaxaque\u00f1a - LA BRAVA RADIO<\/title>\n<meta name=\"robots\" content=\"index, follow, max-snippet:-1, max-image-preview:large, max-video-preview:-1\" \/>\n<link rel=\"canonical\" href=\"https:\/\/www.bbmnoticias.com\/labravaradiofm\/2021\/11\/23\/luto-y-desconsuelo-en-el-ultimo-adios-de-dos-de-las-seis-victimas-de-accidente-entre-taxi-y-pipa-en-la-costa-oaxaquena\/\" \/>\n<meta property=\"og:locale\" content=\"es_MX\" \/>\n<meta property=\"og:type\" content=\"article\" \/>\n<meta property=\"og:title\" content=\"Luto y desconsuelo en el \u00faltimo adi\u00f3s de dos de las seis v\u00edctimas de accidente entre taxi y pipa en la Costa Oaxaque\u00f1a - LA BRAVA RADIO\" \/>\n<meta property=\"og:description\" content=\"Tehuantepec, Oaxaca. Consternaci\u00f3n, luto y desconsuelo, se vivi\u00f3 esta tarde en el \u00faltimo adi\u00f3s de dos de las seis v\u00edctimas que perdieron la vida en el accidente sobre la carretera costera 200, tramo Salina Cruz- Huatulco cerca de la agencia municipal de Morro Mazatan, perteneciente a Tehuantepec, entre un taxi y una pipa que transportaba [&hellip;]\" \/>\n<meta property=\"og:url\" content=\"https:\/\/www.bbmnoticias.com\/labravaradiofm\/2021\/11\/23\/luto-y-desconsuelo-en-el-ultimo-adios-de-dos-de-las-seis-victimas-de-accidente-entre-taxi-y-pipa-en-la-costa-oaxaquena\/\" \/>\n<meta property=\"og:site_name\" content=\"LA BRAVA RADIO\" \/>\n<meta property=\"article:author\" content=\"https:\/\/www.facebook.com\/EdwinMeneses30\" \/>\n<meta property=\"article:published_time\" content=\"2021-11-24T00:49:09+00:00\" \/>\n<meta property=\"article:modified_time\" content=\"2021-11-24T00:49:19+00:00\" \/>\n<meta property=\"og:image\" content=\"https:\/\/www.bbmnoticias.com\/labravaradiofm\/wp-content\/uploads\/sites\/5\/2021\/11\/FB_IMG_1637714815278.jpg\" \/>\n\t<meta property=\"og:image:width\" content=\"720\" \/>\n\t<meta property=\"og:image:height\" content=\"540\" \/>\n\t<meta property=\"og:image:type\" content=\"image\/jpeg\" \/>\n<meta name=\"author\" content=\"Edwin MENESES\" \/>\n<meta name=\"twitter:card\" content=\"summary_large_image\" \/>\n<meta name=\"twitter:creator\" content=\"@https:\/\/twitter.com\/edwin_meneses81\" \/>\n<meta name=\"twitter:label1\" content=\"Escrito por\" \/>\n\t<meta name=\"twitter:data1\" content=\"Edwin MENESES\" \/>\n\t<meta name=\"twitter:label2\" content=\"Tiempo de lectura\" \/>\n\t<meta name=\"twitter:data2\" content=\"2 minutos\" \/>\n<script type=\"application\/ld+json\" class=\"yoast-schema-graph\">{\"@context\":\"https:\\\/\\\/schema.org\",\"@graph\":[{\"@type\":\"Article\",\"@id\":\"https:\\\/\\\/www.bbmnoticias.com\\\/labravaradiofm\\\/2021\\\/11\\\/23\\\/luto-y-desconsuelo-en-el-ultimo-adios-de-dos-de-las-seis-victimas-de-accidente-entre-taxi-y-pipa-en-la-costa-oaxaquena\\\/#article\",\"isPartOf\":{\"@id\":\"https:\\\/\\\/www.bbmnoticias.com\\\/labravaradiofm\\\/2021\\\/11\\\/23\\\/luto-y-desconsuelo-en-el-ultimo-adios-de-dos-de-las-seis-victimas-de-accidente-entre-taxi-y-pipa-en-la-costa-oaxaquena\\\/\"},\"author\":{\"name\":\"Edwin MENESES\",\"@id\":\"https:\\\/\\\/www.bbmnoticias.com\\\/labravaradiofm\\\/#\\\/schema\\\/person\\\/9b02a4c779df75b578b6413d0d44d6b6\"},\"headline\":\"Luto y desconsuelo en el \u00faltimo adi\u00f3s de dos de las seis v\u00edctimas de accidente entre taxi y pipa en la Costa Oaxaque\u00f1a\",\"datePublished\":\"2021-11-24T00:49:09+00:00\",\"dateModified\":\"2021-11-24T00:49:19+00:00\",\"mainEntityOfPage\":{\"@id\":\"https:\\\/\\\/www.bbmnoticias.com\\\/labravaradiofm\\\/2021\\\/11\\\/23\\\/luto-y-desconsuelo-en-el-ultimo-adios-de-dos-de-las-seis-victimas-de-accidente-entre-taxi-y-pipa-en-la-costa-oaxaquena\\\/\"},\"wordCount\":311,\"image\":{\"@id\":\"https:\\\/\\\/www.bbmnoticias.com\\\/labravaradiofm\\\/2021\\\/11\\\/23\\\/luto-y-desconsuelo-en-el-ultimo-adios-de-dos-de-las-seis-victimas-de-accidente-entre-taxi-y-pipa-en-la-costa-oaxaquena\\\/#primaryimage\"},\"thumbnailUrl\":\"https:\\\/\\\/www.bbmnoticias.com\\\/labravaradiofm\\\/wp-content\\\/uploads\\\/sites\\\/5\\\/2021\\\/11\\\/FB_IMG_1637714815278.jpg\",\"articleSection\":[\"POLICIACA\"],\"inLanguage\":\"es\"},{\"@type\":\"WebPage\",\"@id\":\"https:\\\/\\\/www.bbmnoticias.com\\\/labravaradiofm\\\/2021\\\/11\\\/23\\\/luto-y-desconsuelo-en-el-ultimo-adios-de-dos-de-las-seis-victimas-de-accidente-entre-taxi-y-pipa-en-la-costa-oaxaquena\\\/\",\"url\":\"https:\\\/\\\/www.bbmnoticias.com\\\/labravaradiofm\\\/2021\\\/11\\\/23\\\/luto-y-desconsuelo-en-el-ultimo-adios-de-dos-de-las-seis-victimas-de-accidente-entre-taxi-y-pipa-en-la-costa-oaxaquena\\\/\",\"name\":\"Luto y desconsuelo en el \u00faltimo adi\u00f3s de dos de las seis v\u00edctimas de accidente entre taxi y pipa en la Costa Oaxaque\u00f1a - LA BRAVA RADIO\",\"isPartOf\":{\"@id\":\"https:\\\/\\\/www.bbmnoticias.com\\\/labravaradiofm\\\/#website\"},\"primaryImageOfPage\":{\"@id\":\"https:\\\/\\\/www.bbmnoticias.com\\\/labravaradiofm\\\/2021\\\/11\\\/23\\\/luto-y-desconsuelo-en-el-ultimo-adios-de-dos-de-las-seis-victimas-de-accidente-entre-taxi-y-pipa-en-la-costa-oaxaquena\\\/#primaryimage\"},\"image\":{\"@id\":\"https:\\\/\\\/www.bbmnoticias.com\\\/labravaradiofm\\\/2021\\\/11\\\/23\\\/luto-y-desconsuelo-en-el-ultimo-adios-de-dos-de-las-seis-victimas-de-accidente-entre-taxi-y-pipa-en-la-costa-oaxaquena\\\/#primaryimage\"},\"thumbnailUrl\":\"https:\\\/\\\/www.bbmnoticias.com\\\/labravaradiofm\\\/wp-content\\\/uploads\\\/sites\\\/5\\\/2021\\\/11\\\/FB_IMG_1637714815278.jpg\",\"datePublished\":\"2021-11-24T00:49:09+00:00\",\"dateModified\":\"2021-11-24T00:49:19+00:00\",\"author\":{\"@id\":\"https:\\\/\\\/www.bbmnoticias.com\\\/labravaradiofm\\\/#\\\/schema\\\/person\\\/9b02a4c779df75b578b6413d0d44d6b6\"},\"breadcrumb\":{\"@id\":\"https:\\\/\\\/www.bbmnoticias.com\\\/labravaradiofm\\\/2021\\\/11\\\/23\\\/luto-y-desconsuelo-en-el-ultimo-adios-de-dos-de-las-seis-victimas-de-accidente-entre-taxi-y-pipa-en-la-costa-oaxaquena\\\/#breadcrumb\"},\"inLanguage\":\"es\",\"potentialAction\":[{\"@type\":\"ReadAction\",\"target\":[\"https:\\\/\\\/www.bbmnoticias.com\\\/labravaradiofm\\\/2021\\\/11\\\/23\\\/luto-y-desconsuelo-en-el-ultimo-adios-de-dos-de-las-seis-victimas-de-accidente-entre-taxi-y-pipa-en-la-costa-oaxaquena\\\/\"]}]},{\"@type\":\"ImageObject\",\"inLanguage\":\"es\",\"@id\":\"https:\\\/\\\/www.bbmnoticias.com\\\/labravaradiofm\\\/2021\\\/11\\\/23\\\/luto-y-desconsuelo-en-el-ultimo-adios-de-dos-de-las-seis-victimas-de-accidente-entre-taxi-y-pipa-en-la-costa-oaxaquena\\\/#primaryimage\",\"url\":\"https:\\\/\\\/www.bbmnoticias.com\\\/labravaradiofm\\\/wp-content\\\/uploads\\\/sites\\\/5\\\/2021\\\/11\\\/FB_IMG_1637714815278.jpg\",\"contentUrl\":\"https:\\\/\\\/www.bbmnoticias.com\\\/labravaradiofm\\\/wp-content\\\/uploads\\\/sites\\\/5\\\/2021\\\/11\\\/FB_IMG_1637714815278.jpg\",\"width\":720,\"height\":540},{\"@type\":\"BreadcrumbList\",\"@id\":\"https:\\\/\\\/www.bbmnoticias.com\\\/labravaradiofm\\\/2021\\\/11\\\/23\\\/luto-y-desconsuelo-en-el-ultimo-adios-de-dos-de-las-seis-victimas-de-accidente-entre-taxi-y-pipa-en-la-costa-oaxaquena\\\/#breadcrumb\",\"itemListElement\":[{\"@type\":\"ListItem\",\"position\":1,\"name\":\"Inicio\",\"item\":\"https:\\\/\\\/www.bbmnoticias.com\\\/labravaradiofm\\\/\"},{\"@type\":\"ListItem\",\"position\":2,\"name\":\"Luto y desconsuelo en el \u00faltimo adi\u00f3s de dos de las seis v\u00edctimas de accidente entre taxi y pipa en la Costa Oaxaque\u00f1a\"}]},{\"@type\":\"WebSite\",\"@id\":\"https:\\\/\\\/www.bbmnoticias.com\\\/labravaradiofm\\\/#website\",\"url\":\"https:\\\/\\\/www.bbmnoticias.com\\\/labravaradiofm\\\/\",\"name\":\"LA BRAVA RADIO\",\"description\":\"Empresa productora de medios, Radiodifusi\u00f3n, Noticias, tendencias y todo lo que necesitas saber de la pol\u00edtica mexicana e internacional; entretenimiento, espect\u00e1culos, salud y mucho m\u00e1s.\",\"potentialAction\":[{\"@type\":\"SearchAction\",\"target\":{\"@type\":\"EntryPoint\",\"urlTemplate\":\"https:\\\/\\\/www.bbmnoticias.com\\\/labravaradiofm\\\/?s={search_term_string}\"},\"query-input\":{\"@type\":\"PropertyValueSpecification\",\"valueRequired\":true,\"valueName\":\"search_term_string\"}}],\"inLanguage\":\"es\"},{\"@type\":\"Person\",\"@id\":\"https:\\\/\\\/www.bbmnoticias.com\\\/labravaradiofm\\\/#\\\/schema\\\/person\\\/9b02a4c779df75b578b6413d0d44d6b6\",\"name\":\"Edwin MENESES\",\"image\":{\"@type\":\"ImageObject\",\"inLanguage\":\"es\",\"@id\":\"https:\\\/\\\/secure.gravatar.com\\\/avatar\\\/202a15439445248653d719ff745fa195bcc0553404b070fe317543754f253c4f?s=96&d=mm&r=g\",\"url\":\"https:\\\/\\\/secure.gravatar.com\\\/avatar\\\/202a15439445248653d719ff745fa195bcc0553404b070fe317543754f253c4f?s=96&d=mm&r=g\",\"contentUrl\":\"https:\\\/\\\/secure.gravatar.com\\\/avatar\\\/202a15439445248653d719ff745fa195bcc0553404b070fe317543754f253c4f?s=96&d=mm&r=g\",\"caption\":\"Edwin MENESES\"},\"sameAs\":[\"https:\\\/\\\/www.bbmnoticias.com\",\"https:\\\/\\\/www.facebook.com\\\/EdwinMeneses30\",\"https:\\\/\\\/x.com\\\/https:\\\/\\\/twitter.com\\\/edwin_meneses81\"],\"url\":\"https:\\\/\\\/www.bbmnoticias.com\\\/labravaradiofm\\\/author\\\/edwin\\\/\"}]}<\/script>\n<!-- \/ Yoast SEO plugin. -->","yoast_head_json":{"title":"Luto y desconsuelo en el \u00faltimo adi\u00f3s de dos de las seis v\u00edctimas de accidente entre taxi y pipa en la Costa Oaxaque\u00f1a - LA BRAVA RADIO","robots":{"index":"index","follow":"follow","max-snippet":"max-snippet:-1","max-image-preview":"max-image-preview:large","max-video-preview":"max-video-preview:-1"},"canonical":"https:\/\/www.bbmnoticias.com\/labravaradiofm\/2021\/11\/23\/luto-y-desconsuelo-en-el-ultimo-adios-de-dos-de-las-seis-victimas-de-accidente-entre-taxi-y-pipa-en-la-costa-oaxaquena\/","og_locale":"es_MX","og_type":"article","og_title":"Luto y desconsuelo en el \u00faltimo adi\u00f3s de dos de las seis v\u00edctimas de accidente entre taxi y pipa en la Costa Oaxaque\u00f1a - LA BRAVA RADIO","og_description":"Tehuantepec, Oaxaca. Consternaci\u00f3n, luto y desconsuelo, se vivi\u00f3 esta tarde en el \u00faltimo adi\u00f3s de dos de las seis v\u00edctimas que perdieron la vida en el accidente sobre la carretera costera 200, tramo Salina Cruz- Huatulco cerca de la agencia municipal de Morro Mazatan, perteneciente a Tehuantepec, entre un taxi y una pipa que transportaba [&hellip;]","og_url":"https:\/\/www.bbmnoticias.com\/labravaradiofm\/2021\/11\/23\/luto-y-desconsuelo-en-el-ultimo-adios-de-dos-de-las-seis-victimas-de-accidente-entre-taxi-y-pipa-en-la-costa-oaxaquena\/","og_site_name":"LA BRAVA RADIO","article_author":"https:\/\/www.facebook.com\/EdwinMeneses30","article_published_time":"2021-11-24T00:49:09+00:00","article_modified_time":"2021-11-24T00:49:19+00:00","og_image":[{"width":720,"height":540,"url":"https:\/\/www.bbmnoticias.com\/labravaradiofm\/wp-content\/uploads\/sites\/5\/2021\/11\/FB_IMG_1637714815278.jpg","type":"image\/jpeg"}],"author":"Edwin MENESES","twitter_card":"summary_large_image","twitter_creator":"@https:\/\/twitter.com\/edwin_meneses81","twitter_misc":{"Escrito por":"Edwin MENESES","Tiempo de lectura":"2 minutos"},"schema":{"@context":"https:\/\/schema.org","@graph":[{"@type":"Article","@id":"https:\/\/www.bbmnoticias.com\/labravaradiofm\/2021\/11\/23\/luto-y-desconsuelo-en-el-ultimo-adios-de-dos-de-las-seis-victimas-de-accidente-entre-taxi-y-pipa-en-la-costa-oaxaquena\/#article","isPartOf":{"@id":"https:\/\/www.bbmnoticias.com\/labravaradiofm\/2021\/11\/23\/luto-y-desconsuelo-en-el-ultimo-adios-de-dos-de-las-seis-victimas-de-accidente-entre-taxi-y-pipa-en-la-costa-oaxaquena\/"},"author":{"name":"Edwin MENESES","@id":"https:\/\/www.bbmnoticias.com\/labravaradiofm\/#\/schema\/person\/9b02a4c779df75b578b6413d0d44d6b6"},"headline":"Luto y desconsuelo en el \u00faltimo adi\u00f3s de dos de las seis v\u00edctimas de accidente entre taxi y pipa en la Costa Oaxaque\u00f1a","datePublished":"2021-11-24T00:49:09+00:00","dateModified":"2021-11-24T00:49:19+00:00","mainEntityOfPage":{"@id":"https:\/\/www.bbmnoticias.com\/labravaradiofm\/2021\/11\/23\/luto-y-desconsuelo-en-el-ultimo-adios-de-dos-de-las-seis-victimas-de-accidente-entre-taxi-y-pipa-en-la-costa-oaxaquena\/"},"wordCount":311,"image":{"@id":"https:\/\/www.bbmnoticias.com\/labravaradiofm\/2021\/11\/23\/luto-y-desconsuelo-en-el-ultimo-adios-de-dos-de-las-seis-victimas-de-accidente-entre-taxi-y-pipa-en-la-costa-oaxaquena\/#primaryimage"},"thumbnailUrl":"https:\/\/www.bbmnoticias.com\/labravaradiofm\/wp-content\/uploads\/sites\/5\/2021\/11\/FB_IMG_1637714815278.jpg","articleSection":["POLICIACA"],"inLanguage":"es"},{"@type":"WebPage","@id":"https:\/\/www.bbmnoticias.com\/labravaradiofm\/2021\/11\/23\/luto-y-desconsuelo-en-el-ultimo-adios-de-dos-de-las-seis-victimas-de-accidente-entre-taxi-y-pipa-en-la-costa-oaxaquena\/","url":"https:\/\/www.bbmnoticias.com\/labravaradiofm\/2021\/11\/23\/luto-y-desconsuelo-en-el-ultimo-adios-de-dos-de-las-seis-victimas-de-accidente-entre-taxi-y-pipa-en-la-costa-oaxaquena\/","name":"Luto y desconsuelo en el \u00faltimo adi\u00f3s de dos de las seis v\u00edctimas de accidente entre taxi y pipa en la Costa Oaxaque\u00f1a - LA BRAVA RADIO","isPartOf":{"@id":"https:\/\/www.bbmnoticias.com\/labravaradiofm\/#website"},"primaryImageOfPage":{"@id":"https:\/\/www.bbmnoticias.com\/labravaradiofm\/2021\/11\/23\/luto-y-desconsuelo-en-el-ultimo-adios-de-dos-de-las-seis-victimas-de-accidente-entre-taxi-y-pipa-en-la-costa-oaxaquena\/#primaryimage"},"image":{"@id":"https:\/\/www.bbmnoticias.com\/labravaradiofm\/2021\/11\/23\/luto-y-desconsuelo-en-el-ultimo-adios-de-dos-de-las-seis-victimas-de-accidente-entre-taxi-y-pipa-en-la-costa-oaxaquena\/#primaryimage"},"thumbnailUrl":"https:\/\/www.bbmnoticias.com\/labravaradiofm\/wp-content\/uploads\/sites\/5\/2021\/11\/FB_IMG_1637714815278.jpg","datePublished":"2021-11-24T00:49:09+00:00","dateModified":"2021-11-24T00:49:19+00:00","author":{"@id":"https:\/\/www.bbmnoticias.com\/labravaradiofm\/#\/schema\/person\/9b02a4c779df75b578b6413d0d44d6b6"},"breadcrumb":{"@id":"https:\/\/www.bbmnoticias.com\/labravaradiofm\/2021\/11\/23\/luto-y-desconsuelo-en-el-ultimo-adios-de-dos-de-las-seis-victimas-de-accidente-entre-taxi-y-pipa-en-la-costa-oaxaquena\/#breadcrumb"},"inLanguage":"es","potentialAction":[{"@type":"ReadAction","target":["https:\/\/www.bbmnoticias.com\/labravaradiofm\/2021\/11\/23\/luto-y-desconsuelo-en-el-ultimo-adios-de-dos-de-las-seis-victimas-de-accidente-entre-taxi-y-pipa-en-la-costa-oaxaquena\/"]}]},{"@type":"ImageObject","inLanguage":"es","@id":"https:\/\/www.bbmnoticias.com\/labravaradiofm\/2021\/11\/23\/luto-y-desconsuelo-en-el-ultimo-adios-de-dos-de-las-seis-victimas-de-accidente-entre-taxi-y-pipa-en-la-costa-oaxaquena\/#primaryimage","url":"https:\/\/www.bbmnoticias.com\/labravaradiofm\/wp-content\/uploads\/sites\/5\/2021\/11\/FB_IMG_1637714815278.jpg","contentUrl":"https:\/\/www.bbmnoticias.com\/labravaradiofm\/wp-content\/uploads\/sites\/5\/2021\/11\/FB_IMG_1637714815278.jpg","width":720,"height":540},{"@type":"BreadcrumbList","@id":"https:\/\/www.bbmnoticias.com\/labravaradiofm\/2021\/11\/23\/luto-y-desconsuelo-en-el-ultimo-adios-de-dos-de-las-seis-victimas-de-accidente-entre-taxi-y-pipa-en-la-costa-oaxaquena\/#breadcrumb","itemListElement":[{"@type":"ListItem","position":1,"name":"Inicio","item":"https:\/\/www.bbmnoticias.com\/labravaradiofm\/"},{"@type":"ListItem","position":2,"name":"Luto y desconsuelo en el \u00faltimo adi\u00f3s de dos de las seis v\u00edctimas de accidente entre taxi y pipa en la Costa Oaxaque\u00f1a"}]},{"@type":"WebSite","@id":"https:\/\/www.bbmnoticias.com\/labravaradiofm\/#website","url":"https:\/\/www.bbmnoticias.com\/labravaradiofm\/","name":"LA BRAVA RADIO","description":"Empresa productora de medios, Radiodifusi\u00f3n, Noticias, tendencias y todo lo que necesitas saber de la pol\u00edtica mexicana e internacional; entretenimiento, espect\u00e1culos, salud y mucho m\u00e1s.","potentialAction":[{"@type":"SearchAction","target":{"@type":"EntryPoint","urlTemplate":"https:\/\/www.bbmnoticias.com\/labravaradiofm\/?s={search_term_string}"},"query-input":{"@type":"PropertyValueSpecification","valueRequired":true,"valueName":"search_term_string"}}],"inLanguage":"es"},{"@type":"Person","@id":"https:\/\/www.bbmnoticias.com\/labravaradiofm\/#\/schema\/person\/9b02a4c779df75b578b6413d0d44d6b6","name":"Edwin MENESES","image":{"@type":"ImageObject","inLanguage":"es","@id":"https:\/\/secure.gravatar.com\/avatar\/202a15439445248653d719ff745fa195bcc0553404b070fe317543754f253c4f?s=96&d=mm&r=g","url":"https:\/\/secure.gravatar.com\/avatar\/202a15439445248653d719ff745fa195bcc0553404b070fe317543754f253c4f?s=96&d=mm&r=g","contentUrl":"https:\/\/secure.gravatar.com\/avatar\/202a15439445248653d719ff745fa195bcc0553404b070fe317543754f253c4f?s=96&d=mm&r=g","caption":"Edwin MENESES"},"sameAs":["https:\/\/www.bbmnoticias.com","https:\/\/www.facebook.com\/EdwinMeneses30","https:\/\/x.com\/https:\/\/twitter.com\/edwin_meneses81"],"url":"https:\/\/www.bbmnoticias.com\/labravaradiofm\/author\/edwin\/"}]}},"_links":{"self":[{"href":"https:\/\/www.bbmnoticias.com\/labravaradiofm\/wp-json\/wp\/v2\/posts\/6015","targetHints":{"allow":["GET"]}}],"collection":[{"href":"https:\/\/www.bbmnoticias.com\/labravaradiofm\/wp-json\/wp\/v2\/posts"}],"about":[{"href":"https:\/\/www.bbmnoticias.com\/labravaradiofm\/wp-json\/wp\/v2\/types\/post"}],"author":[{"embeddable":true,"href":"https:\/\/www.bbmnoticias.com\/labravaradiofm\/wp-json\/wp\/v2\/users\/3"}],"replies":[{"embeddable":true,"href":"https:\/\/www.bbmnoticias.com\/labravaradiofm\/wp-json\/wp\/v2\/comments?post=6015"}],"version-history":[{"count":0,"href":"https:\/\/www.bbmnoticias.com\/labravaradiofm\/wp-json\/wp\/v2\/posts\/6015\/revisions"}],"wp:featuredmedia":[{"embeddable":true,"href":"https:\/\/www.bbmnoticias.com\/labravaradiofm\/wp-json\/wp\/v2\/media\/6016"}],"wp:attachment":[{"href":"https:\/\/www.bbmnoticias.com\/labravaradiofm\/wp-json\/wp\/v2\/media?parent=6015"}],"wp:term":[{"taxonomy":"category","embeddable":true,"href":"https:\/\/www.bbmnoticias.com\/labravaradiofm\/wp-json\/wp\/v2\/categories?post=6015"},{"taxonomy":"post_tag","embeddable":true,"href":"https:\/\/www.bbmnoticias.com\/labravaradiofm\/wp-json\/wp\/v2\/tags?post=6015"}],"curies":[{"name":"wp","href":"https:\/\/api.w.org\/{rel}","templated":true}]}}