{"id":6000,"date":"2021-11-23T14:13:24","date_gmt":"2021-11-23T20:13:24","guid":{"rendered":"https:\/\/www.bbmnoticias.com\/labravaradiofm\/?p=6000"},"modified":"2021-11-23T14:13:25","modified_gmt":"2021-11-23T20:13:25","slug":"video-hay-indicios-de-una-cuarta-ola-pero-no-quiero-que-esto-pase-a-la-prensa-alcocer","status":"publish","type":"post","link":"https:\/\/www.bbmnoticias.com\/labravaradiofm\/2021\/11\/23\/video-hay-indicios-de-una-cuarta-ola-pero-no-quiero-que-esto-pase-a-la-prensa-alcocer\/","title":{"rendered":"VIDEO &#8211; Hay indicios de una cuarta ola, pero no quiero que esto pase a la prensa: Alcocer"},"content":{"rendered":"<div style=\"margin-top: 0px; margin-bottom: 0px;\" class=\"sharethis-inline-share-buttons\" ><\/div>\n<p>El secretario de Salud, <strong>Jorge Alcocer<\/strong>, dijo en un foro que hay que tener cuidado porque <strong>hay indicios de una cuarta ola<\/strong>, pero que no quer\u00eda que esa informaci\u00f3n llegara a la prensa.<\/p>\n\n\n\n<p>&#8220;Hoy se nos presentan indicios de una cuarta ola, pero no quiero que esto pase a la prensa&#8221;, dijo Alcocer, quien es titular de la Secretar\u00eda de Salud desde 2018, cuando el presidente Andr\u00e9s Manuel L\u00f3pez Obrador conform\u00f3 su gabinete.<\/p>\n\n\n\n<p>Las declaraciones se dieron en el Congreso internacional de Salud Mental y Prevenci\u00f3n de Adicciones en la Construcci\u00f3n de la Paz.<\/p>\n\n\n\n<p>En d\u00edas pasados hubo versiones sobre la supuesta renuncia de Alcocer Varela, pero desde la Presidencia desmintieron tales dichos.<\/p>\n\n\n\n<h2 class=\"wp-block-heading\">Prensa, distorsionadores de la verdad: Alcocer<\/h2>\n\n\n\n<p>En el audio, el secretario asegura que los miembros de <strong>la prensa son &#8220;distorsionadores de la verdad&#8221;<\/strong>,\u00a0pero que &#8220;s\u00ed hay que tener cuidado&#8221; con la situaci\u00f3n del coronavirus o Covid-19.<\/p>\n\n\n\n<figure class=\"wp-block-embed is-type-rich is-provider-twitter wp-block-embed-twitter\"><div class=\"wp-block-embed__wrapper\">\n<blockquote class=\"twitter-tweet\" data-width=\"550\" data-dnt=\"true\"><p lang=\"es\" dir=\"ltr\">&quot;Viene una cuarta ola de COVID-19 pero no hay que decirle a la prensa&quot;.<br>-Jorge Alcocer (Secretario de Salud)<br>Video \ud83d\udc47\ud83c\udffc <a href=\"https:\/\/t.co\/WHoU17l0wX\">pic.twitter.com\/WHoU17l0wX<\/a><\/p>&mdash; Poncho (@Jolinitos) <a href=\"https:\/\/twitter.com\/Jolinitos\/status\/1463120195107491842?ref_src=twsrc%5Etfw\">November 23, 2021<\/a><\/blockquote><script async src=\"https:\/\/platform.twitter.com\/widgets.js\" charset=\"utf-8\"><\/script>\n<\/div><\/figure>\n\n\n\n<p>Esta ma\u00f1ana, Alcocer estuvo en &#8220;La Ma\u00f1anera&#8221; del presidente L\u00f3pez Obrador. Ah\u00ed inform\u00f3 sobre la adquisici\u00f3n de medicamentos y dijo que se ha registrado retraso en la notificaci\u00f3n y la comprobaci\u00f3n de la recepci\u00f3n por parte de los estados, impactando en el seguimiento y procesos administrativos<\/p>\n\n\n\n<h2 class=\"wp-block-heading\">Cuarta ola Covid-19 en Europa&#8230;\u00bfy en M\u00e9xico?<\/h2>\n\n\n\n<p>En este momento pa\u00edses de Europa, como Austria, Alemania y Holanda enfrentan una cuarta ola de coronavirus y un nuevo confinamiento. A la par, hay protestas violentas en contra del confinamiento.<\/p>\n\n\n\n<p>Por otra parte, hoy Hugo L\u00f3pez-Gatell, subsecretario de Prevenci\u00f3n y Promoci\u00f3n de la Salud, inform\u00f3 que en esta semana hay una reducci\u00f3n de casos de Covid-19 \u201cm\u00e1s cuantiosa que la semana pasada\u201d.<\/p>\n\n\n\n<p>En algunas entidades ya empez\u00f3 a ocurrir que pasan algunos d\u00edas sin que se registren muertes por Covid, dijo L\u00f3pez-Gatell.<\/p>\n","protected":false},"excerpt":{"rendered":"<p>El secretario de Salud, Jorge Alcocer, dijo en un foro que hay que tener cuidado porque hay indicios de una cuarta ola, pero que no quer\u00eda que esa informaci\u00f3n llegara a la prensa. &#8220;Hoy se nos presentan indicios de una cuarta ola, pero no quiero que esto pase a la prensa&#8221;, dijo Alcocer, quien es [&hellip;]<\/p>\n","protected":false},"author":10,"featured_media":6001,"comment_status":"closed","ping_status":"closed","sticky":false,"template":"","format":"standard","meta":{"footnotes":""},"categories":[19],"tags":[],"class_list":{"0":"post-6000","1":"post","2":"type-post","3":"status-publish","4":"format-standard","5":"has-post-thumbnail","7":"category-nacional"},"yoast_head":"<!-- This site is optimized with the Yoast SEO plugin v27.4 - https:\/\/yoast.com\/product\/yoast-seo-wordpress\/ -->\n<title>VIDEO - Hay indicios de una cuarta ola, pero no quiero que esto pase a la prensa: Alcocer - LA BRAVA RADIO<\/title>\n<meta name=\"robots\" content=\"index, follow, max-snippet:-1, max-image-preview:large, max-video-preview:-1\" \/>\n<link rel=\"canonical\" href=\"https:\/\/www.bbmnoticias.com\/labravaradiofm\/2021\/11\/23\/video-hay-indicios-de-una-cuarta-ola-pero-no-quiero-que-esto-pase-a-la-prensa-alcocer\/\" \/>\n<meta property=\"og:locale\" content=\"es_MX\" \/>\n<meta property=\"og:type\" content=\"article\" \/>\n<meta property=\"og:title\" content=\"VIDEO - Hay indicios de una cuarta ola, pero no quiero que esto pase a la prensa: Alcocer - LA BRAVA RADIO\" \/>\n<meta property=\"og:description\" content=\"El secretario de Salud, Jorge Alcocer, dijo en un foro que hay que tener cuidado porque hay indicios de una cuarta ola, pero que no quer\u00eda que esa informaci\u00f3n llegara a la prensa. &#8220;Hoy se nos presentan indicios de una cuarta ola, pero no quiero que esto pase a la prensa&#8221;, dijo Alcocer, quien es [&hellip;]\" \/>\n<meta property=\"og:url\" content=\"https:\/\/www.bbmnoticias.com\/labravaradiofm\/2021\/11\/23\/video-hay-indicios-de-una-cuarta-ola-pero-no-quiero-que-esto-pase-a-la-prensa-alcocer\/\" \/>\n<meta property=\"og:site_name\" content=\"LA BRAVA RADIO\" \/>\n<meta property=\"article:published_time\" content=\"2021-11-23T20:13:24+00:00\" \/>\n<meta property=\"article:modified_time\" content=\"2021-11-23T20:13:25+00:00\" \/>\n<meta property=\"og:image\" content=\"https:\/\/www.bbmnoticias.com\/labravaradiofm\/wp-content\/uploads\/sites\/5\/2021\/11\/n23112021-8-1.jpg\" \/>\n\t<meta property=\"og:image:width\" content=\"1024\" \/>\n\t<meta property=\"og:image:height\" content=\"576\" \/>\n\t<meta property=\"og:image:type\" content=\"image\/jpeg\" \/>\n<meta name=\"author\" content=\"El Universal\" \/>\n<meta name=\"twitter:card\" content=\"summary_large_image\" \/>\n<meta name=\"twitter:label1\" content=\"Escrito por\" \/>\n\t<meta name=\"twitter:data1\" content=\"El Universal\" \/>\n\t<meta name=\"twitter:label2\" content=\"Tiempo de lectura\" \/>\n\t<meta name=\"twitter:data2\" content=\"2 minutos\" \/>\n<script type=\"application\/ld+json\" class=\"yoast-schema-graph\">{\"@context\":\"https:\\\/\\\/schema.org\",\"@graph\":[{\"@type\":\"Article\",\"@id\":\"https:\\\/\\\/www.bbmnoticias.com\\\/labravaradiofm\\\/2021\\\/11\\\/23\\\/video-hay-indicios-de-una-cuarta-ola-pero-no-quiero-que-esto-pase-a-la-prensa-alcocer\\\/#article\",\"isPartOf\":{\"@id\":\"https:\\\/\\\/www.bbmnoticias.com\\\/labravaradiofm\\\/2021\\\/11\\\/23\\\/video-hay-indicios-de-una-cuarta-ola-pero-no-quiero-que-esto-pase-a-la-prensa-alcocer\\\/\"},\"author\":{\"name\":\"El Universal\",\"@id\":\"https:\\\/\\\/www.bbmnoticias.com\\\/labravaradiofm\\\/#\\\/schema\\\/person\\\/2a5252389acf1e67397601bfd47df59b\"},\"headline\":\"VIDEO &#8211; Hay indicios de una cuarta ola, pero no quiero que esto pase a la prensa: Alcocer\",\"datePublished\":\"2021-11-23T20:13:24+00:00\",\"dateModified\":\"2021-11-23T20:13:25+00:00\",\"mainEntityOfPage\":{\"@id\":\"https:\\\/\\\/www.bbmnoticias.com\\\/labravaradiofm\\\/2021\\\/11\\\/23\\\/video-hay-indicios-de-una-cuarta-ola-pero-no-quiero-que-esto-pase-a-la-prensa-alcocer\\\/\"},\"wordCount\":334,\"image\":{\"@id\":\"https:\\\/\\\/www.bbmnoticias.com\\\/labravaradiofm\\\/2021\\\/11\\\/23\\\/video-hay-indicios-de-una-cuarta-ola-pero-no-quiero-que-esto-pase-a-la-prensa-alcocer\\\/#primaryimage\"},\"thumbnailUrl\":\"https:\\\/\\\/www.bbmnoticias.com\\\/labravaradiofm\\\/wp-content\\\/uploads\\\/sites\\\/5\\\/2021\\\/11\\\/n23112021-8-1.jpg\",\"articleSection\":[\"NACIONAL\"],\"inLanguage\":\"es\"},{\"@type\":\"WebPage\",\"@id\":\"https:\\\/\\\/www.bbmnoticias.com\\\/labravaradiofm\\\/2021\\\/11\\\/23\\\/video-hay-indicios-de-una-cuarta-ola-pero-no-quiero-que-esto-pase-a-la-prensa-alcocer\\\/\",\"url\":\"https:\\\/\\\/www.bbmnoticias.com\\\/labravaradiofm\\\/2021\\\/11\\\/23\\\/video-hay-indicios-de-una-cuarta-ola-pero-no-quiero-que-esto-pase-a-la-prensa-alcocer\\\/\",\"name\":\"VIDEO - Hay indicios de una cuarta ola, pero no quiero que esto pase a la prensa: Alcocer - LA BRAVA RADIO\",\"isPartOf\":{\"@id\":\"https:\\\/\\\/www.bbmnoticias.com\\\/labravaradiofm\\\/#website\"},\"primaryImageOfPage\":{\"@id\":\"https:\\\/\\\/www.bbmnoticias.com\\\/labravaradiofm\\\/2021\\\/11\\\/23\\\/video-hay-indicios-de-una-cuarta-ola-pero-no-quiero-que-esto-pase-a-la-prensa-alcocer\\\/#primaryimage\"},\"image\":{\"@id\":\"https:\\\/\\\/www.bbmnoticias.com\\\/labravaradiofm\\\/2021\\\/11\\\/23\\\/video-hay-indicios-de-una-cuarta-ola-pero-no-quiero-que-esto-pase-a-la-prensa-alcocer\\\/#primaryimage\"},\"thumbnailUrl\":\"https:\\\/\\\/www.bbmnoticias.com\\\/labravaradiofm\\\/wp-content\\\/uploads\\\/sites\\\/5\\\/2021\\\/11\\\/n23112021-8-1.jpg\",\"datePublished\":\"2021-11-23T20:13:24+00:00\",\"dateModified\":\"2021-11-23T20:13:25+00:00\",\"author\":{\"@id\":\"https:\\\/\\\/www.bbmnoticias.com\\\/labravaradiofm\\\/#\\\/schema\\\/person\\\/2a5252389acf1e67397601bfd47df59b\"},\"breadcrumb\":{\"@id\":\"https:\\\/\\\/www.bbmnoticias.com\\\/labravaradiofm\\\/2021\\\/11\\\/23\\\/video-hay-indicios-de-una-cuarta-ola-pero-no-quiero-que-esto-pase-a-la-prensa-alcocer\\\/#breadcrumb\"},\"inLanguage\":\"es\",\"potentialAction\":[{\"@type\":\"ReadAction\",\"target\":[\"https:\\\/\\\/www.bbmnoticias.com\\\/labravaradiofm\\\/2021\\\/11\\\/23\\\/video-hay-indicios-de-una-cuarta-ola-pero-no-quiero-que-esto-pase-a-la-prensa-alcocer\\\/\"]}]},{\"@type\":\"ImageObject\",\"inLanguage\":\"es\",\"@id\":\"https:\\\/\\\/www.bbmnoticias.com\\\/labravaradiofm\\\/2021\\\/11\\\/23\\\/video-hay-indicios-de-una-cuarta-ola-pero-no-quiero-que-esto-pase-a-la-prensa-alcocer\\\/#primaryimage\",\"url\":\"https:\\\/\\\/www.bbmnoticias.com\\\/labravaradiofm\\\/wp-content\\\/uploads\\\/sites\\\/5\\\/2021\\\/11\\\/n23112021-8-1.jpg\",\"contentUrl\":\"https:\\\/\\\/www.bbmnoticias.com\\\/labravaradiofm\\\/wp-content\\\/uploads\\\/sites\\\/5\\\/2021\\\/11\\\/n23112021-8-1.jpg\",\"width\":1024,\"height\":576},{\"@type\":\"BreadcrumbList\",\"@id\":\"https:\\\/\\\/www.bbmnoticias.com\\\/labravaradiofm\\\/2021\\\/11\\\/23\\\/video-hay-indicios-de-una-cuarta-ola-pero-no-quiero-que-esto-pase-a-la-prensa-alcocer\\\/#breadcrumb\",\"itemListElement\":[{\"@type\":\"ListItem\",\"position\":1,\"name\":\"Inicio\",\"item\":\"https:\\\/\\\/www.bbmnoticias.com\\\/labravaradiofm\\\/\"},{\"@type\":\"ListItem\",\"position\":2,\"name\":\"VIDEO &#8211; Hay indicios de una cuarta ola, pero no quiero que esto pase a la prensa: Alcocer\"}]},{\"@type\":\"WebSite\",\"@id\":\"https:\\\/\\\/www.bbmnoticias.com\\\/labravaradiofm\\\/#website\",\"url\":\"https:\\\/\\\/www.bbmnoticias.com\\\/labravaradiofm\\\/\",\"name\":\"LA BRAVA RADIO\",\"description\":\"Empresa productora de medios, Radiodifusi\u00f3n, Noticias, tendencias y todo lo que necesitas saber de la pol\u00edtica mexicana e internacional; entretenimiento, espect\u00e1culos, salud y mucho m\u00e1s.\",\"potentialAction\":[{\"@type\":\"SearchAction\",\"target\":{\"@type\":\"EntryPoint\",\"urlTemplate\":\"https:\\\/\\\/www.bbmnoticias.com\\\/labravaradiofm\\\/?s={search_term_string}\"},\"query-input\":{\"@type\":\"PropertyValueSpecification\",\"valueRequired\":true,\"valueName\":\"search_term_string\"}}],\"inLanguage\":\"es\"},{\"@type\":\"Person\",\"@id\":\"https:\\\/\\\/www.bbmnoticias.com\\\/labravaradiofm\\\/#\\\/schema\\\/person\\\/2a5252389acf1e67397601bfd47df59b\",\"name\":\"El Universal\",\"image\":{\"@type\":\"ImageObject\",\"inLanguage\":\"es\",\"@id\":\"https:\\\/\\\/secure.gravatar.com\\\/avatar\\\/71c770e6e00bd7cb8183e56d1c59f81601544fbe41d802d7c17d05c9e25f7d06?s=96&d=mm&r=g\",\"url\":\"https:\\\/\\\/secure.gravatar.com\\\/avatar\\\/71c770e6e00bd7cb8183e56d1c59f81601544fbe41d802d7c17d05c9e25f7d06?s=96&d=mm&r=g\",\"contentUrl\":\"https:\\\/\\\/secure.gravatar.com\\\/avatar\\\/71c770e6e00bd7cb8183e56d1c59f81601544fbe41d802d7c17d05c9e25f7d06?s=96&d=mm&r=g\",\"caption\":\"El Universal\"},\"url\":\"https:\\\/\\\/www.bbmnoticias.com\\\/labravaradiofm\\\/author\\\/eluniversal\\\/\"}]}<\/script>\n<!-- \/ Yoast SEO plugin. -->","yoast_head_json":{"title":"VIDEO - Hay indicios de una cuarta ola, pero no quiero que esto pase a la prensa: Alcocer - LA BRAVA RADIO","robots":{"index":"index","follow":"follow","max-snippet":"max-snippet:-1","max-image-preview":"max-image-preview:large","max-video-preview":"max-video-preview:-1"},"canonical":"https:\/\/www.bbmnoticias.com\/labravaradiofm\/2021\/11\/23\/video-hay-indicios-de-una-cuarta-ola-pero-no-quiero-que-esto-pase-a-la-prensa-alcocer\/","og_locale":"es_MX","og_type":"article","og_title":"VIDEO - Hay indicios de una cuarta ola, pero no quiero que esto pase a la prensa: Alcocer - LA BRAVA RADIO","og_description":"El secretario de Salud, Jorge Alcocer, dijo en un foro que hay que tener cuidado porque hay indicios de una cuarta ola, pero que no quer\u00eda que esa informaci\u00f3n llegara a la prensa. &#8220;Hoy se nos presentan indicios de una cuarta ola, pero no quiero que esto pase a la prensa&#8221;, dijo Alcocer, quien es [&hellip;]","og_url":"https:\/\/www.bbmnoticias.com\/labravaradiofm\/2021\/11\/23\/video-hay-indicios-de-una-cuarta-ola-pero-no-quiero-que-esto-pase-a-la-prensa-alcocer\/","og_site_name":"LA BRAVA RADIO","article_published_time":"2021-11-23T20:13:24+00:00","article_modified_time":"2021-11-23T20:13:25+00:00","og_image":[{"width":1024,"height":576,"url":"https:\/\/www.bbmnoticias.com\/labravaradiofm\/wp-content\/uploads\/sites\/5\/2021\/11\/n23112021-8-1.jpg","type":"image\/jpeg"}],"author":"El Universal","twitter_card":"summary_large_image","twitter_misc":{"Escrito por":"El Universal","Tiempo de lectura":"2 minutos"},"schema":{"@context":"https:\/\/schema.org","@graph":[{"@type":"Article","@id":"https:\/\/www.bbmnoticias.com\/labravaradiofm\/2021\/11\/23\/video-hay-indicios-de-una-cuarta-ola-pero-no-quiero-que-esto-pase-a-la-prensa-alcocer\/#article","isPartOf":{"@id":"https:\/\/www.bbmnoticias.com\/labravaradiofm\/2021\/11\/23\/video-hay-indicios-de-una-cuarta-ola-pero-no-quiero-que-esto-pase-a-la-prensa-alcocer\/"},"author":{"name":"El Universal","@id":"https:\/\/www.bbmnoticias.com\/labravaradiofm\/#\/schema\/person\/2a5252389acf1e67397601bfd47df59b"},"headline":"VIDEO &#8211; Hay indicios de una cuarta ola, pero no quiero que esto pase a la prensa: Alcocer","datePublished":"2021-11-23T20:13:24+00:00","dateModified":"2021-11-23T20:13:25+00:00","mainEntityOfPage":{"@id":"https:\/\/www.bbmnoticias.com\/labravaradiofm\/2021\/11\/23\/video-hay-indicios-de-una-cuarta-ola-pero-no-quiero-que-esto-pase-a-la-prensa-alcocer\/"},"wordCount":334,"image":{"@id":"https:\/\/www.bbmnoticias.com\/labravaradiofm\/2021\/11\/23\/video-hay-indicios-de-una-cuarta-ola-pero-no-quiero-que-esto-pase-a-la-prensa-alcocer\/#primaryimage"},"thumbnailUrl":"https:\/\/www.bbmnoticias.com\/labravaradiofm\/wp-content\/uploads\/sites\/5\/2021\/11\/n23112021-8-1.jpg","articleSection":["NACIONAL"],"inLanguage":"es"},{"@type":"WebPage","@id":"https:\/\/www.bbmnoticias.com\/labravaradiofm\/2021\/11\/23\/video-hay-indicios-de-una-cuarta-ola-pero-no-quiero-que-esto-pase-a-la-prensa-alcocer\/","url":"https:\/\/www.bbmnoticias.com\/labravaradiofm\/2021\/11\/23\/video-hay-indicios-de-una-cuarta-ola-pero-no-quiero-que-esto-pase-a-la-prensa-alcocer\/","name":"VIDEO - Hay indicios de una cuarta ola, pero no quiero que esto pase a la prensa: Alcocer - LA BRAVA RADIO","isPartOf":{"@id":"https:\/\/www.bbmnoticias.com\/labravaradiofm\/#website"},"primaryImageOfPage":{"@id":"https:\/\/www.bbmnoticias.com\/labravaradiofm\/2021\/11\/23\/video-hay-indicios-de-una-cuarta-ola-pero-no-quiero-que-esto-pase-a-la-prensa-alcocer\/#primaryimage"},"image":{"@id":"https:\/\/www.bbmnoticias.com\/labravaradiofm\/2021\/11\/23\/video-hay-indicios-de-una-cuarta-ola-pero-no-quiero-que-esto-pase-a-la-prensa-alcocer\/#primaryimage"},"thumbnailUrl":"https:\/\/www.bbmnoticias.com\/labravaradiofm\/wp-content\/uploads\/sites\/5\/2021\/11\/n23112021-8-1.jpg","datePublished":"2021-11-23T20:13:24+00:00","dateModified":"2021-11-23T20:13:25+00:00","author":{"@id":"https:\/\/www.bbmnoticias.com\/labravaradiofm\/#\/schema\/person\/2a5252389acf1e67397601bfd47df59b"},"breadcrumb":{"@id":"https:\/\/www.bbmnoticias.com\/labravaradiofm\/2021\/11\/23\/video-hay-indicios-de-una-cuarta-ola-pero-no-quiero-que-esto-pase-a-la-prensa-alcocer\/#breadcrumb"},"inLanguage":"es","potentialAction":[{"@type":"ReadAction","target":["https:\/\/www.bbmnoticias.com\/labravaradiofm\/2021\/11\/23\/video-hay-indicios-de-una-cuarta-ola-pero-no-quiero-que-esto-pase-a-la-prensa-alcocer\/"]}]},{"@type":"ImageObject","inLanguage":"es","@id":"https:\/\/www.bbmnoticias.com\/labravaradiofm\/2021\/11\/23\/video-hay-indicios-de-una-cuarta-ola-pero-no-quiero-que-esto-pase-a-la-prensa-alcocer\/#primaryimage","url":"https:\/\/www.bbmnoticias.com\/labravaradiofm\/wp-content\/uploads\/sites\/5\/2021\/11\/n23112021-8-1.jpg","contentUrl":"https:\/\/www.bbmnoticias.com\/labravaradiofm\/wp-content\/uploads\/sites\/5\/2021\/11\/n23112021-8-1.jpg","width":1024,"height":576},{"@type":"BreadcrumbList","@id":"https:\/\/www.bbmnoticias.com\/labravaradiofm\/2021\/11\/23\/video-hay-indicios-de-una-cuarta-ola-pero-no-quiero-que-esto-pase-a-la-prensa-alcocer\/#breadcrumb","itemListElement":[{"@type":"ListItem","position":1,"name":"Inicio","item":"https:\/\/www.bbmnoticias.com\/labravaradiofm\/"},{"@type":"ListItem","position":2,"name":"VIDEO &#8211; Hay indicios de una cuarta ola, pero no quiero que esto pase a la prensa: Alcocer"}]},{"@type":"WebSite","@id":"https:\/\/www.bbmnoticias.com\/labravaradiofm\/#website","url":"https:\/\/www.bbmnoticias.com\/labravaradiofm\/","name":"LA BRAVA RADIO","description":"Empresa productora de medios, Radiodifusi\u00f3n, Noticias, tendencias y todo lo que necesitas saber de la pol\u00edtica mexicana e internacional; entretenimiento, espect\u00e1culos, salud y mucho m\u00e1s.","potentialAction":[{"@type":"SearchAction","target":{"@type":"EntryPoint","urlTemplate":"https:\/\/www.bbmnoticias.com\/labravaradiofm\/?s={search_term_string}"},"query-input":{"@type":"PropertyValueSpecification","valueRequired":true,"valueName":"search_term_string"}}],"inLanguage":"es"},{"@type":"Person","@id":"https:\/\/www.bbmnoticias.com\/labravaradiofm\/#\/schema\/person\/2a5252389acf1e67397601bfd47df59b","name":"El Universal","image":{"@type":"ImageObject","inLanguage":"es","@id":"https:\/\/secure.gravatar.com\/avatar\/71c770e6e00bd7cb8183e56d1c59f81601544fbe41d802d7c17d05c9e25f7d06?s=96&d=mm&r=g","url":"https:\/\/secure.gravatar.com\/avatar\/71c770e6e00bd7cb8183e56d1c59f81601544fbe41d802d7c17d05c9e25f7d06?s=96&d=mm&r=g","contentUrl":"https:\/\/secure.gravatar.com\/avatar\/71c770e6e00bd7cb8183e56d1c59f81601544fbe41d802d7c17d05c9e25f7d06?s=96&d=mm&r=g","caption":"El Universal"},"url":"https:\/\/www.bbmnoticias.com\/labravaradiofm\/author\/eluniversal\/"}]}},"_links":{"self":[{"href":"https:\/\/www.bbmnoticias.com\/labravaradiofm\/wp-json\/wp\/v2\/posts\/6000","targetHints":{"allow":["GET"]}}],"collection":[{"href":"https:\/\/www.bbmnoticias.com\/labravaradiofm\/wp-json\/wp\/v2\/posts"}],"about":[{"href":"https:\/\/www.bbmnoticias.com\/labravaradiofm\/wp-json\/wp\/v2\/types\/post"}],"author":[{"embeddable":true,"href":"https:\/\/www.bbmnoticias.com\/labravaradiofm\/wp-json\/wp\/v2\/users\/10"}],"replies":[{"embeddable":true,"href":"https:\/\/www.bbmnoticias.com\/labravaradiofm\/wp-json\/wp\/v2\/comments?post=6000"}],"version-history":[{"count":0,"href":"https:\/\/www.bbmnoticias.com\/labravaradiofm\/wp-json\/wp\/v2\/posts\/6000\/revisions"}],"wp:featuredmedia":[{"embeddable":true,"href":"https:\/\/www.bbmnoticias.com\/labravaradiofm\/wp-json\/wp\/v2\/media\/6001"}],"wp:attachment":[{"href":"https:\/\/www.bbmnoticias.com\/labravaradiofm\/wp-json\/wp\/v2\/media?parent=6000"}],"wp:term":[{"taxonomy":"category","embeddable":true,"href":"https:\/\/www.bbmnoticias.com\/labravaradiofm\/wp-json\/wp\/v2\/categories?post=6000"},{"taxonomy":"post_tag","embeddable":true,"href":"https:\/\/www.bbmnoticias.com\/labravaradiofm\/wp-json\/wp\/v2\/tags?post=6000"}],"curies":[{"name":"wp","href":"https:\/\/api.w.org\/{rel}","templated":true}]}}