{"id":5985,"date":"2021-11-23T13:19:27","date_gmt":"2021-11-23T19:19:27","guid":{"rendered":"https:\/\/www.bbmnoticias.com\/labravaradiofm\/?p=5985"},"modified":"2021-11-23T13:19:28","modified_gmt":"2021-11-23T19:19:28","slug":"manifestantes-queman-llantas-en-ciudad-administrativa-y-bloquean","status":"publish","type":"post","link":"https:\/\/www.bbmnoticias.com\/labravaradiofm\/2021\/11\/23\/manifestantes-queman-llantas-en-ciudad-administrativa-y-bloquean\/","title":{"rendered":"Manifestantes queman llantas en Ciudad Administrativa y bloquean"},"content":{"rendered":"<div style=\"margin-top: 0px; margin-bottom: 0px;\" class=\"sharethis-inline-share-buttons\" ><\/div>\n<p>OAXACA, Oax.- Un grupo de manifestantes quemaron llantas en el acceso principal de Ciudad Administrativa en Tlalixtac de Cabrera y bloquearon la carretera frente a dichas instalaciones.<\/p>\n\n\n\n<p>Debido a estas acciones violentas, personal de base de este complejo de oficinas del gobierno de Oaxaca desaloj\u00f3 las instalaciones para evitar que los retuvieran como ha sucedido en otras ocasiones.<\/p>\n\n\n\n<p>Sin embargo, los trabajadores de confianza se quedaron al interior continuando con sus labores.<\/p>\n\n\n\n<figure class=\"wp-block-embed is-type-rich is-provider-twitter wp-block-embed-twitter\"><div class=\"wp-block-embed__wrapper\">\n<blockquote class=\"twitter-tweet\" data-width=\"550\" data-dnt=\"true\"><p lang=\"es\" dir=\"ltr\">Trabajadores del MUOSTEO quemaron llantas en los accesos q Ciudad Administrativa, aqu\u00ed las im\u00e1genes. <a href=\"https:\/\/twitter.com\/hashtag\/Oaxaca?src=hash&amp;ref_src=twsrc%5Etfw\">#Oaxaca<\/a> <a href=\"https:\/\/twitter.com\/hashtag\/TwitterOax?src=hash&amp;ref_src=twsrc%5Etfw\">#TwitterOax<\/a> <a href=\"https:\/\/twitter.com\/hashtag\/Noticias?src=hash&amp;ref_src=twsrc%5Etfw\">#Noticias<\/a> <a href=\"https:\/\/twitter.com\/hashtag\/LoUltimo?src=hash&amp;ref_src=twsrc%5Etfw\">#LoUltimo<\/a> <a href=\"https:\/\/twitter.com\/hashtag\/Almomento?src=hash&amp;ref_src=twsrc%5Etfw\">#Almomento<\/a> <a href=\"https:\/\/twitter.com\/mac_cazar18?ref_src=twsrc%5Etfw\">@mac_cazar18<\/a> <a href=\"https:\/\/twitter.com\/LagarrapataS22?ref_src=twsrc%5Etfw\">@LagarrapataS22<\/a> <a href=\"https:\/\/twitter.com\/buho_botero?ref_src=twsrc%5Etfw\">@buho_botero<\/a> <a href=\"https:\/\/twitter.com\/jaimeguerrero08?ref_src=twsrc%5Etfw\">@jaimeguerrero08<\/a> <a href=\"https:\/\/t.co\/LukiYFk3bR\">pic.twitter.com\/LukiYFk3bR<\/a><\/p>&mdash; CuartaPlana Oaxaca (@CuartaPlana) <a href=\"https:\/\/twitter.com\/CuartaPlana\/status\/1463212822054129673?ref_src=twsrc%5Etfw\">November 23, 2021<\/a><\/blockquote><script async src=\"https:\/\/platform.twitter.com\/widgets.js\" charset=\"utf-8\"><\/script>\n<\/div><\/figure>\n\n\n\n<p>Utilizando camiones de volteo y taxis, los manifestantes cerraron el paso en la carretera que comunica a Tlacolula y la regi\u00f3n del Istmo.<\/p>\n\n\n\n<p>Asimismo, bloquearon el crucero del monumento a Ju\u00e1rez, impidiendo el paso hacia la Sierra Norte y la zona sur de la ciudad de Oaxaca.<\/p>\n","protected":false},"excerpt":{"rendered":"<p>OAXACA, Oax.- Un grupo de manifestantes quemaron llantas en el acceso principal de Ciudad Administrativa en Tlalixtac de Cabrera y bloquearon la carretera frente a dichas instalaciones. Debido a estas acciones violentas, personal de base de este complejo de oficinas del gobierno de Oaxaca desaloj\u00f3 las instalaciones para evitar que los retuvieran como ha sucedido [&hellip;]<\/p>\n","protected":false},"author":5,"featured_media":5986,"comment_status":"closed","ping_status":"closed","sticky":false,"template":"","format":"standard","meta":{"footnotes":""},"categories":[2],"tags":[],"class_list":{"0":"post-5985","1":"post","2":"type-post","3":"status-publish","4":"format-standard","5":"has-post-thumbnail","7":"category-oaxaca"},"yoast_head":"<!-- This site is optimized with the Yoast SEO plugin v27.4 - https:\/\/yoast.com\/product\/yoast-seo-wordpress\/ -->\n<title>Manifestantes queman llantas en Ciudad Administrativa y bloquean - LA BRAVA RADIO<\/title>\n<meta name=\"robots\" content=\"index, follow, max-snippet:-1, max-image-preview:large, max-video-preview:-1\" \/>\n<link rel=\"canonical\" href=\"https:\/\/www.bbmnoticias.com\/labravaradiofm\/2021\/11\/23\/manifestantes-queman-llantas-en-ciudad-administrativa-y-bloquean\/\" \/>\n<meta property=\"og:locale\" content=\"es_MX\" \/>\n<meta property=\"og:type\" content=\"article\" \/>\n<meta property=\"og:title\" content=\"Manifestantes queman llantas en Ciudad Administrativa y bloquean - LA BRAVA RADIO\" \/>\n<meta property=\"og:description\" content=\"OAXACA, Oax.- Un grupo de manifestantes quemaron llantas en el acceso principal de Ciudad Administrativa en Tlalixtac de Cabrera y bloquearon la carretera frente a dichas instalaciones. Debido a estas acciones violentas, personal de base de este complejo de oficinas del gobierno de Oaxaca desaloj\u00f3 las instalaciones para evitar que los retuvieran como ha sucedido [&hellip;]\" \/>\n<meta property=\"og:url\" content=\"https:\/\/www.bbmnoticias.com\/labravaradiofm\/2021\/11\/23\/manifestantes-queman-llantas-en-ciudad-administrativa-y-bloquean\/\" \/>\n<meta property=\"og:site_name\" content=\"LA BRAVA RADIO\" \/>\n<meta property=\"article:published_time\" content=\"2021-11-23T19:19:27+00:00\" \/>\n<meta property=\"article:modified_time\" content=\"2021-11-23T19:19:28+00:00\" \/>\n<meta property=\"og:image\" content=\"https:\/\/www.bbmnoticias.com\/labravaradiofm\/wp-content\/uploads\/sites\/5\/2021\/11\/l23112021-10.jpg\" \/>\n\t<meta property=\"og:image:width\" content=\"1599\" \/>\n\t<meta property=\"og:image:height\" content=\"899\" \/>\n\t<meta property=\"og:image:type\" content=\"image\/jpeg\" \/>\n<meta name=\"author\" content=\"Quadratin\" \/>\n<meta name=\"twitter:card\" content=\"summary_large_image\" \/>\n<meta name=\"twitter:label1\" content=\"Escrito por\" \/>\n\t<meta name=\"twitter:data1\" content=\"Quadratin\" \/>\n\t<meta name=\"twitter:label2\" content=\"Tiempo de lectura\" \/>\n\t<meta name=\"twitter:data2\" content=\"1 minuto\" \/>\n<script type=\"application\/ld+json\" class=\"yoast-schema-graph\">{\"@context\":\"https:\\\/\\\/schema.org\",\"@graph\":[{\"@type\":\"Article\",\"@id\":\"https:\\\/\\\/www.bbmnoticias.com\\\/labravaradiofm\\\/2021\\\/11\\\/23\\\/manifestantes-queman-llantas-en-ciudad-administrativa-y-bloquean\\\/#article\",\"isPartOf\":{\"@id\":\"https:\\\/\\\/www.bbmnoticias.com\\\/labravaradiofm\\\/2021\\\/11\\\/23\\\/manifestantes-queman-llantas-en-ciudad-administrativa-y-bloquean\\\/\"},\"author\":{\"name\":\"Quadratin\",\"@id\":\"https:\\\/\\\/www.bbmnoticias.com\\\/labravaradiofm\\\/#\\\/schema\\\/person\\\/c316b6f6c03640cce5d9482ba5a8e5c2\"},\"headline\":\"Manifestantes queman llantas en Ciudad Administrativa y bloquean\",\"datePublished\":\"2021-11-23T19:19:27+00:00\",\"dateModified\":\"2021-11-23T19:19:28+00:00\",\"mainEntityOfPage\":{\"@id\":\"https:\\\/\\\/www.bbmnoticias.com\\\/labravaradiofm\\\/2021\\\/11\\\/23\\\/manifestantes-queman-llantas-en-ciudad-administrativa-y-bloquean\\\/\"},\"wordCount\":135,\"image\":{\"@id\":\"https:\\\/\\\/www.bbmnoticias.com\\\/labravaradiofm\\\/2021\\\/11\\\/23\\\/manifestantes-queman-llantas-en-ciudad-administrativa-y-bloquean\\\/#primaryimage\"},\"thumbnailUrl\":\"https:\\\/\\\/www.bbmnoticias.com\\\/labravaradiofm\\\/wp-content\\\/uploads\\\/sites\\\/5\\\/2021\\\/11\\\/l23112021-10.jpg\",\"articleSection\":[\"LOCAL\"],\"inLanguage\":\"es\"},{\"@type\":\"WebPage\",\"@id\":\"https:\\\/\\\/www.bbmnoticias.com\\\/labravaradiofm\\\/2021\\\/11\\\/23\\\/manifestantes-queman-llantas-en-ciudad-administrativa-y-bloquean\\\/\",\"url\":\"https:\\\/\\\/www.bbmnoticias.com\\\/labravaradiofm\\\/2021\\\/11\\\/23\\\/manifestantes-queman-llantas-en-ciudad-administrativa-y-bloquean\\\/\",\"name\":\"Manifestantes queman llantas en Ciudad Administrativa y bloquean - LA BRAVA RADIO\",\"isPartOf\":{\"@id\":\"https:\\\/\\\/www.bbmnoticias.com\\\/labravaradiofm\\\/#website\"},\"primaryImageOfPage\":{\"@id\":\"https:\\\/\\\/www.bbmnoticias.com\\\/labravaradiofm\\\/2021\\\/11\\\/23\\\/manifestantes-queman-llantas-en-ciudad-administrativa-y-bloquean\\\/#primaryimage\"},\"image\":{\"@id\":\"https:\\\/\\\/www.bbmnoticias.com\\\/labravaradiofm\\\/2021\\\/11\\\/23\\\/manifestantes-queman-llantas-en-ciudad-administrativa-y-bloquean\\\/#primaryimage\"},\"thumbnailUrl\":\"https:\\\/\\\/www.bbmnoticias.com\\\/labravaradiofm\\\/wp-content\\\/uploads\\\/sites\\\/5\\\/2021\\\/11\\\/l23112021-10.jpg\",\"datePublished\":\"2021-11-23T19:19:27+00:00\",\"dateModified\":\"2021-11-23T19:19:28+00:00\",\"author\":{\"@id\":\"https:\\\/\\\/www.bbmnoticias.com\\\/labravaradiofm\\\/#\\\/schema\\\/person\\\/c316b6f6c03640cce5d9482ba5a8e5c2\"},\"breadcrumb\":{\"@id\":\"https:\\\/\\\/www.bbmnoticias.com\\\/labravaradiofm\\\/2021\\\/11\\\/23\\\/manifestantes-queman-llantas-en-ciudad-administrativa-y-bloquean\\\/#breadcrumb\"},\"inLanguage\":\"es\",\"potentialAction\":[{\"@type\":\"ReadAction\",\"target\":[\"https:\\\/\\\/www.bbmnoticias.com\\\/labravaradiofm\\\/2021\\\/11\\\/23\\\/manifestantes-queman-llantas-en-ciudad-administrativa-y-bloquean\\\/\"]}]},{\"@type\":\"ImageObject\",\"inLanguage\":\"es\",\"@id\":\"https:\\\/\\\/www.bbmnoticias.com\\\/labravaradiofm\\\/2021\\\/11\\\/23\\\/manifestantes-queman-llantas-en-ciudad-administrativa-y-bloquean\\\/#primaryimage\",\"url\":\"https:\\\/\\\/www.bbmnoticias.com\\\/labravaradiofm\\\/wp-content\\\/uploads\\\/sites\\\/5\\\/2021\\\/11\\\/l23112021-10.jpg\",\"contentUrl\":\"https:\\\/\\\/www.bbmnoticias.com\\\/labravaradiofm\\\/wp-content\\\/uploads\\\/sites\\\/5\\\/2021\\\/11\\\/l23112021-10.jpg\",\"width\":1599,\"height\":899},{\"@type\":\"BreadcrumbList\",\"@id\":\"https:\\\/\\\/www.bbmnoticias.com\\\/labravaradiofm\\\/2021\\\/11\\\/23\\\/manifestantes-queman-llantas-en-ciudad-administrativa-y-bloquean\\\/#breadcrumb\",\"itemListElement\":[{\"@type\":\"ListItem\",\"position\":1,\"name\":\"Inicio\",\"item\":\"https:\\\/\\\/www.bbmnoticias.com\\\/labravaradiofm\\\/\"},{\"@type\":\"ListItem\",\"position\":2,\"name\":\"Manifestantes queman llantas en Ciudad Administrativa y bloquean\"}]},{\"@type\":\"WebSite\",\"@id\":\"https:\\\/\\\/www.bbmnoticias.com\\\/labravaradiofm\\\/#website\",\"url\":\"https:\\\/\\\/www.bbmnoticias.com\\\/labravaradiofm\\\/\",\"name\":\"LA BRAVA RADIO\",\"description\":\"Empresa productora de medios, Radiodifusi\u00f3n, Noticias, tendencias y todo lo que necesitas saber de la pol\u00edtica mexicana e internacional; entretenimiento, espect\u00e1culos, salud y mucho m\u00e1s.\",\"potentialAction\":[{\"@type\":\"SearchAction\",\"target\":{\"@type\":\"EntryPoint\",\"urlTemplate\":\"https:\\\/\\\/www.bbmnoticias.com\\\/labravaradiofm\\\/?s={search_term_string}\"},\"query-input\":{\"@type\":\"PropertyValueSpecification\",\"valueRequired\":true,\"valueName\":\"search_term_string\"}}],\"inLanguage\":\"es\"},{\"@type\":\"Person\",\"@id\":\"https:\\\/\\\/www.bbmnoticias.com\\\/labravaradiofm\\\/#\\\/schema\\\/person\\\/c316b6f6c03640cce5d9482ba5a8e5c2\",\"name\":\"Quadratin\",\"image\":{\"@type\":\"ImageObject\",\"inLanguage\":\"es\",\"@id\":\"https:\\\/\\\/secure.gravatar.com\\\/avatar\\\/34008d7d72488432d6a74f81e839efc9f754b118786ca32cf39d9d5508a68f63?s=96&d=mm&r=g\",\"url\":\"https:\\\/\\\/secure.gravatar.com\\\/avatar\\\/34008d7d72488432d6a74f81e839efc9f754b118786ca32cf39d9d5508a68f63?s=96&d=mm&r=g\",\"contentUrl\":\"https:\\\/\\\/secure.gravatar.com\\\/avatar\\\/34008d7d72488432d6a74f81e839efc9f754b118786ca32cf39d9d5508a68f63?s=96&d=mm&r=g\",\"caption\":\"Quadratin\"},\"url\":\"https:\\\/\\\/www.bbmnoticias.com\\\/labravaradiofm\\\/author\\\/quadratin\\\/\"}]}<\/script>\n<!-- \/ Yoast SEO plugin. -->","yoast_head_json":{"title":"Manifestantes queman llantas en Ciudad Administrativa y bloquean - LA BRAVA RADIO","robots":{"index":"index","follow":"follow","max-snippet":"max-snippet:-1","max-image-preview":"max-image-preview:large","max-video-preview":"max-video-preview:-1"},"canonical":"https:\/\/www.bbmnoticias.com\/labravaradiofm\/2021\/11\/23\/manifestantes-queman-llantas-en-ciudad-administrativa-y-bloquean\/","og_locale":"es_MX","og_type":"article","og_title":"Manifestantes queman llantas en Ciudad Administrativa y bloquean - LA BRAVA RADIO","og_description":"OAXACA, Oax.- Un grupo de manifestantes quemaron llantas en el acceso principal de Ciudad Administrativa en Tlalixtac de Cabrera y bloquearon la carretera frente a dichas instalaciones. Debido a estas acciones violentas, personal de base de este complejo de oficinas del gobierno de Oaxaca desaloj\u00f3 las instalaciones para evitar que los retuvieran como ha sucedido [&hellip;]","og_url":"https:\/\/www.bbmnoticias.com\/labravaradiofm\/2021\/11\/23\/manifestantes-queman-llantas-en-ciudad-administrativa-y-bloquean\/","og_site_name":"LA BRAVA RADIO","article_published_time":"2021-11-23T19:19:27+00:00","article_modified_time":"2021-11-23T19:19:28+00:00","og_image":[{"width":1599,"height":899,"url":"https:\/\/www.bbmnoticias.com\/labravaradiofm\/wp-content\/uploads\/sites\/5\/2021\/11\/l23112021-10.jpg","type":"image\/jpeg"}],"author":"Quadratin","twitter_card":"summary_large_image","twitter_misc":{"Escrito por":"Quadratin","Tiempo de lectura":"1 minuto"},"schema":{"@context":"https:\/\/schema.org","@graph":[{"@type":"Article","@id":"https:\/\/www.bbmnoticias.com\/labravaradiofm\/2021\/11\/23\/manifestantes-queman-llantas-en-ciudad-administrativa-y-bloquean\/#article","isPartOf":{"@id":"https:\/\/www.bbmnoticias.com\/labravaradiofm\/2021\/11\/23\/manifestantes-queman-llantas-en-ciudad-administrativa-y-bloquean\/"},"author":{"name":"Quadratin","@id":"https:\/\/www.bbmnoticias.com\/labravaradiofm\/#\/schema\/person\/c316b6f6c03640cce5d9482ba5a8e5c2"},"headline":"Manifestantes queman llantas en Ciudad Administrativa y bloquean","datePublished":"2021-11-23T19:19:27+00:00","dateModified":"2021-11-23T19:19:28+00:00","mainEntityOfPage":{"@id":"https:\/\/www.bbmnoticias.com\/labravaradiofm\/2021\/11\/23\/manifestantes-queman-llantas-en-ciudad-administrativa-y-bloquean\/"},"wordCount":135,"image":{"@id":"https:\/\/www.bbmnoticias.com\/labravaradiofm\/2021\/11\/23\/manifestantes-queman-llantas-en-ciudad-administrativa-y-bloquean\/#primaryimage"},"thumbnailUrl":"https:\/\/www.bbmnoticias.com\/labravaradiofm\/wp-content\/uploads\/sites\/5\/2021\/11\/l23112021-10.jpg","articleSection":["LOCAL"],"inLanguage":"es"},{"@type":"WebPage","@id":"https:\/\/www.bbmnoticias.com\/labravaradiofm\/2021\/11\/23\/manifestantes-queman-llantas-en-ciudad-administrativa-y-bloquean\/","url":"https:\/\/www.bbmnoticias.com\/labravaradiofm\/2021\/11\/23\/manifestantes-queman-llantas-en-ciudad-administrativa-y-bloquean\/","name":"Manifestantes queman llantas en Ciudad Administrativa y bloquean - LA BRAVA RADIO","isPartOf":{"@id":"https:\/\/www.bbmnoticias.com\/labravaradiofm\/#website"},"primaryImageOfPage":{"@id":"https:\/\/www.bbmnoticias.com\/labravaradiofm\/2021\/11\/23\/manifestantes-queman-llantas-en-ciudad-administrativa-y-bloquean\/#primaryimage"},"image":{"@id":"https:\/\/www.bbmnoticias.com\/labravaradiofm\/2021\/11\/23\/manifestantes-queman-llantas-en-ciudad-administrativa-y-bloquean\/#primaryimage"},"thumbnailUrl":"https:\/\/www.bbmnoticias.com\/labravaradiofm\/wp-content\/uploads\/sites\/5\/2021\/11\/l23112021-10.jpg","datePublished":"2021-11-23T19:19:27+00:00","dateModified":"2021-11-23T19:19:28+00:00","author":{"@id":"https:\/\/www.bbmnoticias.com\/labravaradiofm\/#\/schema\/person\/c316b6f6c03640cce5d9482ba5a8e5c2"},"breadcrumb":{"@id":"https:\/\/www.bbmnoticias.com\/labravaradiofm\/2021\/11\/23\/manifestantes-queman-llantas-en-ciudad-administrativa-y-bloquean\/#breadcrumb"},"inLanguage":"es","potentialAction":[{"@type":"ReadAction","target":["https:\/\/www.bbmnoticias.com\/labravaradiofm\/2021\/11\/23\/manifestantes-queman-llantas-en-ciudad-administrativa-y-bloquean\/"]}]},{"@type":"ImageObject","inLanguage":"es","@id":"https:\/\/www.bbmnoticias.com\/labravaradiofm\/2021\/11\/23\/manifestantes-queman-llantas-en-ciudad-administrativa-y-bloquean\/#primaryimage","url":"https:\/\/www.bbmnoticias.com\/labravaradiofm\/wp-content\/uploads\/sites\/5\/2021\/11\/l23112021-10.jpg","contentUrl":"https:\/\/www.bbmnoticias.com\/labravaradiofm\/wp-content\/uploads\/sites\/5\/2021\/11\/l23112021-10.jpg","width":1599,"height":899},{"@type":"BreadcrumbList","@id":"https:\/\/www.bbmnoticias.com\/labravaradiofm\/2021\/11\/23\/manifestantes-queman-llantas-en-ciudad-administrativa-y-bloquean\/#breadcrumb","itemListElement":[{"@type":"ListItem","position":1,"name":"Inicio","item":"https:\/\/www.bbmnoticias.com\/labravaradiofm\/"},{"@type":"ListItem","position":2,"name":"Manifestantes queman llantas en Ciudad Administrativa y bloquean"}]},{"@type":"WebSite","@id":"https:\/\/www.bbmnoticias.com\/labravaradiofm\/#website","url":"https:\/\/www.bbmnoticias.com\/labravaradiofm\/","name":"LA BRAVA RADIO","description":"Empresa productora de medios, Radiodifusi\u00f3n, Noticias, tendencias y todo lo que necesitas saber de la pol\u00edtica mexicana e internacional; entretenimiento, espect\u00e1culos, salud y mucho m\u00e1s.","potentialAction":[{"@type":"SearchAction","target":{"@type":"EntryPoint","urlTemplate":"https:\/\/www.bbmnoticias.com\/labravaradiofm\/?s={search_term_string}"},"query-input":{"@type":"PropertyValueSpecification","valueRequired":true,"valueName":"search_term_string"}}],"inLanguage":"es"},{"@type":"Person","@id":"https:\/\/www.bbmnoticias.com\/labravaradiofm\/#\/schema\/person\/c316b6f6c03640cce5d9482ba5a8e5c2","name":"Quadratin","image":{"@type":"ImageObject","inLanguage":"es","@id":"https:\/\/secure.gravatar.com\/avatar\/34008d7d72488432d6a74f81e839efc9f754b118786ca32cf39d9d5508a68f63?s=96&d=mm&r=g","url":"https:\/\/secure.gravatar.com\/avatar\/34008d7d72488432d6a74f81e839efc9f754b118786ca32cf39d9d5508a68f63?s=96&d=mm&r=g","contentUrl":"https:\/\/secure.gravatar.com\/avatar\/34008d7d72488432d6a74f81e839efc9f754b118786ca32cf39d9d5508a68f63?s=96&d=mm&r=g","caption":"Quadratin"},"url":"https:\/\/www.bbmnoticias.com\/labravaradiofm\/author\/quadratin\/"}]}},"_links":{"self":[{"href":"https:\/\/www.bbmnoticias.com\/labravaradiofm\/wp-json\/wp\/v2\/posts\/5985","targetHints":{"allow":["GET"]}}],"collection":[{"href":"https:\/\/www.bbmnoticias.com\/labravaradiofm\/wp-json\/wp\/v2\/posts"}],"about":[{"href":"https:\/\/www.bbmnoticias.com\/labravaradiofm\/wp-json\/wp\/v2\/types\/post"}],"author":[{"embeddable":true,"href":"https:\/\/www.bbmnoticias.com\/labravaradiofm\/wp-json\/wp\/v2\/users\/5"}],"replies":[{"embeddable":true,"href":"https:\/\/www.bbmnoticias.com\/labravaradiofm\/wp-json\/wp\/v2\/comments?post=5985"}],"version-history":[{"count":0,"href":"https:\/\/www.bbmnoticias.com\/labravaradiofm\/wp-json\/wp\/v2\/posts\/5985\/revisions"}],"wp:featuredmedia":[{"embeddable":true,"href":"https:\/\/www.bbmnoticias.com\/labravaradiofm\/wp-json\/wp\/v2\/media\/5986"}],"wp:attachment":[{"href":"https:\/\/www.bbmnoticias.com\/labravaradiofm\/wp-json\/wp\/v2\/media?parent=5985"}],"wp:term":[{"taxonomy":"category","embeddable":true,"href":"https:\/\/www.bbmnoticias.com\/labravaradiofm\/wp-json\/wp\/v2\/categories?post=5985"},{"taxonomy":"post_tag","embeddable":true,"href":"https:\/\/www.bbmnoticias.com\/labravaradiofm\/wp-json\/wp\/v2\/tags?post=5985"}],"curies":[{"name":"wp","href":"https:\/\/api.w.org\/{rel}","templated":true}]}}