{"id":5972,"date":"2021-11-23T10:13:04","date_gmt":"2021-11-23T16:13:04","guid":{"rendered":"https:\/\/www.bbmnoticias.com\/labravaradiofm\/?p=5972"},"modified":"2021-11-23T10:13:30","modified_gmt":"2021-11-23T16:13:30","slug":"oms-estima-en-700-mil-muertes-el-resurgimiento-del-covid-19-en-europa-para-marzo-de-2022","status":"publish","type":"post","link":"https:\/\/www.bbmnoticias.com\/labravaradiofm\/2021\/11\/23\/oms-estima-en-700-mil-muertes-el-resurgimiento-del-covid-19-en-europa-para-marzo-de-2022\/","title":{"rendered":"OMS estima en 700 mil muertes el resurgimiento del Covid-19 en Europa para marzo de 2022"},"content":{"rendered":"<div style=\"margin-top: 0px; margin-bottom: 0px;\" class=\"sharethis-inline-share-buttons\" ><\/div>\n<p>La Organizaci\u00f3n Mundial de la Salud (<strong>OMS<\/strong>) estima un total de<strong> 700 mil muertes<\/strong> por el <strong>resurgimiento<\/strong> del <strong>Covid-19 <\/strong>en<strong> Europa<\/strong> para <strong>marzo de 2022<\/strong>.<\/p>\n\n\n\n<p>Esto de acuerdo con un comunicado presentado por este organismo internacional, el cual ya hab\u00eda alertado sobre el <strong>aumento de casos por Covid-19 en Europa<\/strong>.<\/p>\n\n\n\n<p>Seg\u00fan la OMS, si se mantiene la tendencia actual de contagios de la <strong>variante Delta <\/strong>por el Covid-19, de una primera cifra de 500 mil muertes que calcularon hace unos d\u00edas, esta informaci\u00f3n se ver\u00eda rebasada por la cantidad de contagios que surgen diariamente.<\/p>\n\n\n\n<p><\/p>\n\n\n\n<p>Esto provocar\u00eda un total de 2.2 millones de muertes en toda Europa por el Covid-19, actualmente se tiene una cifra de 1.5 millones de muertes.<\/p>\n\n\n\n<p>De acuerdo con la agencia de noticias EFE, el organismo, habr\u00eda calculado que en 25 pa\u00edses de la regi\u00f3n, hay un riesgo de sufrir falta de camas en hospitales.<\/p>\n\n\n\n<p>Mientras que en 49 de los 53 que componen la regi\u00f3n se alcanzar\u00eda una situaci\u00f3n de estr\u00e9s alto en el personal de la salud.<\/p>\n\n\n\n<h2 class=\"wp-block-heading\">\u00bfPor qu\u00e9 es el aumento de contagios y muertes por Covid-19 en Europa?<\/h2>\n\n\n\n<p>El <strong>aumento de contagios y muertes por Covid-19 en Europa<\/strong>, <strong>seg\u00fan la OMS<\/strong> es debido a cuatro factores, que principalmente son factores que la poblaci\u00f3n de este continente interfiere para que el Covid-19 siga presente y son:<\/p>\n\n\n\n<ul class=\"wp-block-list\"><li>La variante Delta del Covid-19, ya que es altamente contagiosa<\/li><li>La estrategia de vacunaci\u00f3n insuficiente<\/li><li>La poca fiabilidad de la poblaci\u00f3n europea sobre las vacunas, as\u00ed como de sus gobiernos<\/li><li>La flexibilidad a las medidas restrictivas por la emergencia sanitaria de Covid-19<\/li><\/ul>\n\n\n\n<p>Adem\u00e1s las cifras oficiales dicen que las <strong>muertes vinculadas por el Covid-19 en Europa<\/strong>, se han duplicado desde finales de septiembre, porque pasaron de ser 2 mil 100 al d\u00eda a ser 4 mil 200 muertes al d\u00eda.<\/p>\n\n\n\n<p><strong>Hans Kluge<\/strong>, quien es el <strong>director regional de la OMS en Europa<\/strong>, advierte que a medida que finaliza este 2021, la situaci\u00f3n por <strong>Covid-19 <\/strong>en la regi\u00f3n es <strong>preocupante<\/strong>, pero recuerda a la poblaci\u00f3n europea que hay medidas sanitarias que pueden salvar vidas.<\/p>\n\n\n\n<p>Insiste en <strong>vacunarse <\/strong>si es elegible como la prioridad n\u00famero uno, mientras que pide el <strong>uso de mascarilla<\/strong> en espacios cerrados, llenos de gente y confinados.<\/p>\n\n\n\n<p><strong>Cubrir la tos <\/strong>y los estornudos de los dem\u00e1s, as\u00ed como mantener la <strong>distancia f\u00edsica<\/strong> de los dem\u00e1s, <strong>lavarse las manos<\/strong> con regularidad, <strong>ventilar los espacios <\/strong>interiores.<\/p>\n\n\n\n<figure class=\"wp-block-embed is-type-rich is-provider-twitter wp-block-embed-twitter\"><div class=\"wp-block-embed__wrapper\">\n<blockquote class=\"twitter-tweet\" data-width=\"550\" data-dnt=\"true\"><p lang=\"en\" dir=\"ltr\">Number 1: Get vaccinated if eligible. <br>And \u2013 Wear a mask in crowded, closed, confined spaces<br>Cover coughs and sneezes<br>Keep physical distance from others<br>Wash your hands regularly<br>Ventilate indoor spaces \u2013 let in fresh air<br>We can all help stop infection and the spread of <a href=\"https:\/\/twitter.com\/hashtag\/COVID19?src=hash&amp;ref_src=twsrc%5Etfw\">#COVID19<\/a><\/p>&mdash; Hans Kluge (@hans_kluge) <a href=\"https:\/\/twitter.com\/hans_kluge\/status\/1461980972950470663?ref_src=twsrc%5Etfw\">November 20, 2021<\/a><\/blockquote><script async src=\"https:\/\/platform.twitter.com\/widgets.js\" charset=\"utf-8\"><\/script>\n<\/div><\/figure>\n","protected":false},"excerpt":{"rendered":"<p>La Organizaci\u00f3n Mundial de la Salud (OMS) estima un total de 700 mil muertes por el resurgimiento del Covid-19 en Europa para marzo de 2022. Esto de acuerdo con un comunicado presentado por este organismo internacional, el cual ya hab\u00eda alertado sobre el aumento de casos por Covid-19 en Europa. Seg\u00fan la OMS, si se [&hellip;]<\/p>\n","protected":false},"author":12,"featured_media":5973,"comment_status":"closed","ping_status":"closed","sticky":false,"template":"","format":"standard","meta":{"footnotes":""},"categories":[1],"tags":[],"class_list":{"0":"post-5972","1":"post","2":"type-post","3":"status-publish","4":"format-standard","5":"has-post-thumbnail","7":"category-sin-categoria"},"yoast_head":"<!-- This site is optimized with the Yoast SEO plugin v27.4 - https:\/\/yoast.com\/product\/yoast-seo-wordpress\/ -->\n<title>OMS estima en 700 mil muertes el resurgimiento del Covid-19 en Europa para marzo de 2022 - LA BRAVA RADIO<\/title>\n<meta name=\"robots\" content=\"index, follow, max-snippet:-1, max-image-preview:large, max-video-preview:-1\" \/>\n<link rel=\"canonical\" href=\"https:\/\/www.bbmnoticias.com\/labravaradiofm\/2021\/11\/23\/oms-estima-en-700-mil-muertes-el-resurgimiento-del-covid-19-en-europa-para-marzo-de-2022\/\" \/>\n<meta property=\"og:locale\" content=\"es_MX\" \/>\n<meta property=\"og:type\" content=\"article\" \/>\n<meta property=\"og:title\" content=\"OMS estima en 700 mil muertes el resurgimiento del Covid-19 en Europa para marzo de 2022 - LA BRAVA RADIO\" \/>\n<meta property=\"og:description\" content=\"La Organizaci\u00f3n Mundial de la Salud (OMS) estima un total de 700 mil muertes por el resurgimiento del Covid-19 en Europa para marzo de 2022. Esto de acuerdo con un comunicado presentado por este organismo internacional, el cual ya hab\u00eda alertado sobre el aumento de casos por Covid-19 en Europa. Seg\u00fan la OMS, si se [&hellip;]\" \/>\n<meta property=\"og:url\" content=\"https:\/\/www.bbmnoticias.com\/labravaradiofm\/2021\/11\/23\/oms-estima-en-700-mil-muertes-el-resurgimiento-del-covid-19-en-europa-para-marzo-de-2022\/\" \/>\n<meta property=\"og:site_name\" content=\"LA BRAVA RADIO\" \/>\n<meta property=\"article:published_time\" content=\"2021-11-23T16:13:04+00:00\" \/>\n<meta property=\"article:modified_time\" content=\"2021-11-23T16:13:30+00:00\" \/>\n<meta property=\"og:image\" content=\"https:\/\/www.bbmnoticias.com\/labravaradiofm\/wp-content\/uploads\/sites\/5\/2021\/11\/i23112021-1.jpg\" \/>\n\t<meta property=\"og:image:width\" content=\"640\" \/>\n\t<meta property=\"og:image:height\" content=\"360\" \/>\n\t<meta property=\"og:image:type\" content=\"image\/jpeg\" \/>\n<meta name=\"author\" content=\"SDPnoticias\" \/>\n<meta name=\"twitter:card\" content=\"summary_large_image\" \/>\n<meta name=\"twitter:label1\" content=\"Escrito por\" \/>\n\t<meta name=\"twitter:data1\" content=\"SDPnoticias\" \/>\n\t<meta name=\"twitter:label2\" content=\"Tiempo de lectura\" \/>\n\t<meta name=\"twitter:data2\" content=\"2 minutos\" \/>\n<script type=\"application\/ld+json\" class=\"yoast-schema-graph\">{\"@context\":\"https:\\\/\\\/schema.org\",\"@graph\":[{\"@type\":\"Article\",\"@id\":\"https:\\\/\\\/www.bbmnoticias.com\\\/labravaradiofm\\\/2021\\\/11\\\/23\\\/oms-estima-en-700-mil-muertes-el-resurgimiento-del-covid-19-en-europa-para-marzo-de-2022\\\/#article\",\"isPartOf\":{\"@id\":\"https:\\\/\\\/www.bbmnoticias.com\\\/labravaradiofm\\\/2021\\\/11\\\/23\\\/oms-estima-en-700-mil-muertes-el-resurgimiento-del-covid-19-en-europa-para-marzo-de-2022\\\/\"},\"author\":{\"name\":\"SDPnoticias\",\"@id\":\"https:\\\/\\\/www.bbmnoticias.com\\\/labravaradiofm\\\/#\\\/schema\\\/person\\\/baf240d77a345f5fbc3dc146f9161af9\"},\"headline\":\"OMS estima en 700 mil muertes el resurgimiento del Covid-19 en Europa para marzo de 2022\",\"datePublished\":\"2021-11-23T16:13:04+00:00\",\"dateModified\":\"2021-11-23T16:13:30+00:00\",\"mainEntityOfPage\":{\"@id\":\"https:\\\/\\\/www.bbmnoticias.com\\\/labravaradiofm\\\/2021\\\/11\\\/23\\\/oms-estima-en-700-mil-muertes-el-resurgimiento-del-covid-19-en-europa-para-marzo-de-2022\\\/\"},\"wordCount\":433,\"image\":{\"@id\":\"https:\\\/\\\/www.bbmnoticias.com\\\/labravaradiofm\\\/2021\\\/11\\\/23\\\/oms-estima-en-700-mil-muertes-el-resurgimiento-del-covid-19-en-europa-para-marzo-de-2022\\\/#primaryimage\"},\"thumbnailUrl\":\"https:\\\/\\\/www.bbmnoticias.com\\\/labravaradiofm\\\/wp-content\\\/uploads\\\/sites\\\/5\\\/2021\\\/11\\\/i23112021-1.jpg\",\"inLanguage\":\"es\"},{\"@type\":\"WebPage\",\"@id\":\"https:\\\/\\\/www.bbmnoticias.com\\\/labravaradiofm\\\/2021\\\/11\\\/23\\\/oms-estima-en-700-mil-muertes-el-resurgimiento-del-covid-19-en-europa-para-marzo-de-2022\\\/\",\"url\":\"https:\\\/\\\/www.bbmnoticias.com\\\/labravaradiofm\\\/2021\\\/11\\\/23\\\/oms-estima-en-700-mil-muertes-el-resurgimiento-del-covid-19-en-europa-para-marzo-de-2022\\\/\",\"name\":\"OMS estima en 700 mil muertes el resurgimiento del Covid-19 en Europa para marzo de 2022 - LA BRAVA RADIO\",\"isPartOf\":{\"@id\":\"https:\\\/\\\/www.bbmnoticias.com\\\/labravaradiofm\\\/#website\"},\"primaryImageOfPage\":{\"@id\":\"https:\\\/\\\/www.bbmnoticias.com\\\/labravaradiofm\\\/2021\\\/11\\\/23\\\/oms-estima-en-700-mil-muertes-el-resurgimiento-del-covid-19-en-europa-para-marzo-de-2022\\\/#primaryimage\"},\"image\":{\"@id\":\"https:\\\/\\\/www.bbmnoticias.com\\\/labravaradiofm\\\/2021\\\/11\\\/23\\\/oms-estima-en-700-mil-muertes-el-resurgimiento-del-covid-19-en-europa-para-marzo-de-2022\\\/#primaryimage\"},\"thumbnailUrl\":\"https:\\\/\\\/www.bbmnoticias.com\\\/labravaradiofm\\\/wp-content\\\/uploads\\\/sites\\\/5\\\/2021\\\/11\\\/i23112021-1.jpg\",\"datePublished\":\"2021-11-23T16:13:04+00:00\",\"dateModified\":\"2021-11-23T16:13:30+00:00\",\"author\":{\"@id\":\"https:\\\/\\\/www.bbmnoticias.com\\\/labravaradiofm\\\/#\\\/schema\\\/person\\\/baf240d77a345f5fbc3dc146f9161af9\"},\"breadcrumb\":{\"@id\":\"https:\\\/\\\/www.bbmnoticias.com\\\/labravaradiofm\\\/2021\\\/11\\\/23\\\/oms-estima-en-700-mil-muertes-el-resurgimiento-del-covid-19-en-europa-para-marzo-de-2022\\\/#breadcrumb\"},\"inLanguage\":\"es\",\"potentialAction\":[{\"@type\":\"ReadAction\",\"target\":[\"https:\\\/\\\/www.bbmnoticias.com\\\/labravaradiofm\\\/2021\\\/11\\\/23\\\/oms-estima-en-700-mil-muertes-el-resurgimiento-del-covid-19-en-europa-para-marzo-de-2022\\\/\"]}]},{\"@type\":\"ImageObject\",\"inLanguage\":\"es\",\"@id\":\"https:\\\/\\\/www.bbmnoticias.com\\\/labravaradiofm\\\/2021\\\/11\\\/23\\\/oms-estima-en-700-mil-muertes-el-resurgimiento-del-covid-19-en-europa-para-marzo-de-2022\\\/#primaryimage\",\"url\":\"https:\\\/\\\/www.bbmnoticias.com\\\/labravaradiofm\\\/wp-content\\\/uploads\\\/sites\\\/5\\\/2021\\\/11\\\/i23112021-1.jpg\",\"contentUrl\":\"https:\\\/\\\/www.bbmnoticias.com\\\/labravaradiofm\\\/wp-content\\\/uploads\\\/sites\\\/5\\\/2021\\\/11\\\/i23112021-1.jpg\",\"width\":640,\"height\":360},{\"@type\":\"BreadcrumbList\",\"@id\":\"https:\\\/\\\/www.bbmnoticias.com\\\/labravaradiofm\\\/2021\\\/11\\\/23\\\/oms-estima-en-700-mil-muertes-el-resurgimiento-del-covid-19-en-europa-para-marzo-de-2022\\\/#breadcrumb\",\"itemListElement\":[{\"@type\":\"ListItem\",\"position\":1,\"name\":\"Inicio\",\"item\":\"https:\\\/\\\/www.bbmnoticias.com\\\/labravaradiofm\\\/\"},{\"@type\":\"ListItem\",\"position\":2,\"name\":\"OMS estima en 700 mil muertes el resurgimiento del Covid-19 en Europa para marzo de 2022\"}]},{\"@type\":\"WebSite\",\"@id\":\"https:\\\/\\\/www.bbmnoticias.com\\\/labravaradiofm\\\/#website\",\"url\":\"https:\\\/\\\/www.bbmnoticias.com\\\/labravaradiofm\\\/\",\"name\":\"LA BRAVA RADIO\",\"description\":\"Empresa productora de medios, Radiodifusi\u00f3n, Noticias, tendencias y todo lo que necesitas saber de la pol\u00edtica mexicana e internacional; entretenimiento, espect\u00e1culos, salud y mucho m\u00e1s.\",\"potentialAction\":[{\"@type\":\"SearchAction\",\"target\":{\"@type\":\"EntryPoint\",\"urlTemplate\":\"https:\\\/\\\/www.bbmnoticias.com\\\/labravaradiofm\\\/?s={search_term_string}\"},\"query-input\":{\"@type\":\"PropertyValueSpecification\",\"valueRequired\":true,\"valueName\":\"search_term_string\"}}],\"inLanguage\":\"es\"},{\"@type\":\"Person\",\"@id\":\"https:\\\/\\\/www.bbmnoticias.com\\\/labravaradiofm\\\/#\\\/schema\\\/person\\\/baf240d77a345f5fbc3dc146f9161af9\",\"name\":\"SDPnoticias\",\"image\":{\"@type\":\"ImageObject\",\"inLanguage\":\"es\",\"@id\":\"https:\\\/\\\/secure.gravatar.com\\\/avatar\\\/015ede9175a06d999d8b2b09e108b48c9e008e4ee44a647956086b51bbce326c?s=96&d=mm&r=g\",\"url\":\"https:\\\/\\\/secure.gravatar.com\\\/avatar\\\/015ede9175a06d999d8b2b09e108b48c9e008e4ee44a647956086b51bbce326c?s=96&d=mm&r=g\",\"contentUrl\":\"https:\\\/\\\/secure.gravatar.com\\\/avatar\\\/015ede9175a06d999d8b2b09e108b48c9e008e4ee44a647956086b51bbce326c?s=96&d=mm&r=g\",\"caption\":\"SDPnoticias\"},\"url\":\"https:\\\/\\\/www.bbmnoticias.com\\\/labravaradiofm\\\/author\\\/sdpnoticias\\\/\"}]}<\/script>\n<!-- \/ Yoast SEO plugin. -->","yoast_head_json":{"title":"OMS estima en 700 mil muertes el resurgimiento del Covid-19 en Europa para marzo de 2022 - LA BRAVA RADIO","robots":{"index":"index","follow":"follow","max-snippet":"max-snippet:-1","max-image-preview":"max-image-preview:large","max-video-preview":"max-video-preview:-1"},"canonical":"https:\/\/www.bbmnoticias.com\/labravaradiofm\/2021\/11\/23\/oms-estima-en-700-mil-muertes-el-resurgimiento-del-covid-19-en-europa-para-marzo-de-2022\/","og_locale":"es_MX","og_type":"article","og_title":"OMS estima en 700 mil muertes el resurgimiento del Covid-19 en Europa para marzo de 2022 - LA BRAVA RADIO","og_description":"La Organizaci\u00f3n Mundial de la Salud (OMS) estima un total de 700 mil muertes por el resurgimiento del Covid-19 en Europa para marzo de 2022. Esto de acuerdo con un comunicado presentado por este organismo internacional, el cual ya hab\u00eda alertado sobre el aumento de casos por Covid-19 en Europa. Seg\u00fan la OMS, si se [&hellip;]","og_url":"https:\/\/www.bbmnoticias.com\/labravaradiofm\/2021\/11\/23\/oms-estima-en-700-mil-muertes-el-resurgimiento-del-covid-19-en-europa-para-marzo-de-2022\/","og_site_name":"LA BRAVA RADIO","article_published_time":"2021-11-23T16:13:04+00:00","article_modified_time":"2021-11-23T16:13:30+00:00","og_image":[{"width":640,"height":360,"url":"https:\/\/www.bbmnoticias.com\/labravaradiofm\/wp-content\/uploads\/sites\/5\/2021\/11\/i23112021-1.jpg","type":"image\/jpeg"}],"author":"SDPnoticias","twitter_card":"summary_large_image","twitter_misc":{"Escrito por":"SDPnoticias","Tiempo de lectura":"2 minutos"},"schema":{"@context":"https:\/\/schema.org","@graph":[{"@type":"Article","@id":"https:\/\/www.bbmnoticias.com\/labravaradiofm\/2021\/11\/23\/oms-estima-en-700-mil-muertes-el-resurgimiento-del-covid-19-en-europa-para-marzo-de-2022\/#article","isPartOf":{"@id":"https:\/\/www.bbmnoticias.com\/labravaradiofm\/2021\/11\/23\/oms-estima-en-700-mil-muertes-el-resurgimiento-del-covid-19-en-europa-para-marzo-de-2022\/"},"author":{"name":"SDPnoticias","@id":"https:\/\/www.bbmnoticias.com\/labravaradiofm\/#\/schema\/person\/baf240d77a345f5fbc3dc146f9161af9"},"headline":"OMS estima en 700 mil muertes el resurgimiento del Covid-19 en Europa para marzo de 2022","datePublished":"2021-11-23T16:13:04+00:00","dateModified":"2021-11-23T16:13:30+00:00","mainEntityOfPage":{"@id":"https:\/\/www.bbmnoticias.com\/labravaradiofm\/2021\/11\/23\/oms-estima-en-700-mil-muertes-el-resurgimiento-del-covid-19-en-europa-para-marzo-de-2022\/"},"wordCount":433,"image":{"@id":"https:\/\/www.bbmnoticias.com\/labravaradiofm\/2021\/11\/23\/oms-estima-en-700-mil-muertes-el-resurgimiento-del-covid-19-en-europa-para-marzo-de-2022\/#primaryimage"},"thumbnailUrl":"https:\/\/www.bbmnoticias.com\/labravaradiofm\/wp-content\/uploads\/sites\/5\/2021\/11\/i23112021-1.jpg","inLanguage":"es"},{"@type":"WebPage","@id":"https:\/\/www.bbmnoticias.com\/labravaradiofm\/2021\/11\/23\/oms-estima-en-700-mil-muertes-el-resurgimiento-del-covid-19-en-europa-para-marzo-de-2022\/","url":"https:\/\/www.bbmnoticias.com\/labravaradiofm\/2021\/11\/23\/oms-estima-en-700-mil-muertes-el-resurgimiento-del-covid-19-en-europa-para-marzo-de-2022\/","name":"OMS estima en 700 mil muertes el resurgimiento del Covid-19 en Europa para marzo de 2022 - LA BRAVA RADIO","isPartOf":{"@id":"https:\/\/www.bbmnoticias.com\/labravaradiofm\/#website"},"primaryImageOfPage":{"@id":"https:\/\/www.bbmnoticias.com\/labravaradiofm\/2021\/11\/23\/oms-estima-en-700-mil-muertes-el-resurgimiento-del-covid-19-en-europa-para-marzo-de-2022\/#primaryimage"},"image":{"@id":"https:\/\/www.bbmnoticias.com\/labravaradiofm\/2021\/11\/23\/oms-estima-en-700-mil-muertes-el-resurgimiento-del-covid-19-en-europa-para-marzo-de-2022\/#primaryimage"},"thumbnailUrl":"https:\/\/www.bbmnoticias.com\/labravaradiofm\/wp-content\/uploads\/sites\/5\/2021\/11\/i23112021-1.jpg","datePublished":"2021-11-23T16:13:04+00:00","dateModified":"2021-11-23T16:13:30+00:00","author":{"@id":"https:\/\/www.bbmnoticias.com\/labravaradiofm\/#\/schema\/person\/baf240d77a345f5fbc3dc146f9161af9"},"breadcrumb":{"@id":"https:\/\/www.bbmnoticias.com\/labravaradiofm\/2021\/11\/23\/oms-estima-en-700-mil-muertes-el-resurgimiento-del-covid-19-en-europa-para-marzo-de-2022\/#breadcrumb"},"inLanguage":"es","potentialAction":[{"@type":"ReadAction","target":["https:\/\/www.bbmnoticias.com\/labravaradiofm\/2021\/11\/23\/oms-estima-en-700-mil-muertes-el-resurgimiento-del-covid-19-en-europa-para-marzo-de-2022\/"]}]},{"@type":"ImageObject","inLanguage":"es","@id":"https:\/\/www.bbmnoticias.com\/labravaradiofm\/2021\/11\/23\/oms-estima-en-700-mil-muertes-el-resurgimiento-del-covid-19-en-europa-para-marzo-de-2022\/#primaryimage","url":"https:\/\/www.bbmnoticias.com\/labravaradiofm\/wp-content\/uploads\/sites\/5\/2021\/11\/i23112021-1.jpg","contentUrl":"https:\/\/www.bbmnoticias.com\/labravaradiofm\/wp-content\/uploads\/sites\/5\/2021\/11\/i23112021-1.jpg","width":640,"height":360},{"@type":"BreadcrumbList","@id":"https:\/\/www.bbmnoticias.com\/labravaradiofm\/2021\/11\/23\/oms-estima-en-700-mil-muertes-el-resurgimiento-del-covid-19-en-europa-para-marzo-de-2022\/#breadcrumb","itemListElement":[{"@type":"ListItem","position":1,"name":"Inicio","item":"https:\/\/www.bbmnoticias.com\/labravaradiofm\/"},{"@type":"ListItem","position":2,"name":"OMS estima en 700 mil muertes el resurgimiento del Covid-19 en Europa para marzo de 2022"}]},{"@type":"WebSite","@id":"https:\/\/www.bbmnoticias.com\/labravaradiofm\/#website","url":"https:\/\/www.bbmnoticias.com\/labravaradiofm\/","name":"LA BRAVA RADIO","description":"Empresa productora de medios, Radiodifusi\u00f3n, Noticias, tendencias y todo lo que necesitas saber de la pol\u00edtica mexicana e internacional; entretenimiento, espect\u00e1culos, salud y mucho m\u00e1s.","potentialAction":[{"@type":"SearchAction","target":{"@type":"EntryPoint","urlTemplate":"https:\/\/www.bbmnoticias.com\/labravaradiofm\/?s={search_term_string}"},"query-input":{"@type":"PropertyValueSpecification","valueRequired":true,"valueName":"search_term_string"}}],"inLanguage":"es"},{"@type":"Person","@id":"https:\/\/www.bbmnoticias.com\/labravaradiofm\/#\/schema\/person\/baf240d77a345f5fbc3dc146f9161af9","name":"SDPnoticias","image":{"@type":"ImageObject","inLanguage":"es","@id":"https:\/\/secure.gravatar.com\/avatar\/015ede9175a06d999d8b2b09e108b48c9e008e4ee44a647956086b51bbce326c?s=96&d=mm&r=g","url":"https:\/\/secure.gravatar.com\/avatar\/015ede9175a06d999d8b2b09e108b48c9e008e4ee44a647956086b51bbce326c?s=96&d=mm&r=g","contentUrl":"https:\/\/secure.gravatar.com\/avatar\/015ede9175a06d999d8b2b09e108b48c9e008e4ee44a647956086b51bbce326c?s=96&d=mm&r=g","caption":"SDPnoticias"},"url":"https:\/\/www.bbmnoticias.com\/labravaradiofm\/author\/sdpnoticias\/"}]}},"_links":{"self":[{"href":"https:\/\/www.bbmnoticias.com\/labravaradiofm\/wp-json\/wp\/v2\/posts\/5972","targetHints":{"allow":["GET"]}}],"collection":[{"href":"https:\/\/www.bbmnoticias.com\/labravaradiofm\/wp-json\/wp\/v2\/posts"}],"about":[{"href":"https:\/\/www.bbmnoticias.com\/labravaradiofm\/wp-json\/wp\/v2\/types\/post"}],"author":[{"embeddable":true,"href":"https:\/\/www.bbmnoticias.com\/labravaradiofm\/wp-json\/wp\/v2\/users\/12"}],"replies":[{"embeddable":true,"href":"https:\/\/www.bbmnoticias.com\/labravaradiofm\/wp-json\/wp\/v2\/comments?post=5972"}],"version-history":[{"count":0,"href":"https:\/\/www.bbmnoticias.com\/labravaradiofm\/wp-json\/wp\/v2\/posts\/5972\/revisions"}],"wp:featuredmedia":[{"embeddable":true,"href":"https:\/\/www.bbmnoticias.com\/labravaradiofm\/wp-json\/wp\/v2\/media\/5973"}],"wp:attachment":[{"href":"https:\/\/www.bbmnoticias.com\/labravaradiofm\/wp-json\/wp\/v2\/media?parent=5972"}],"wp:term":[{"taxonomy":"category","embeddable":true,"href":"https:\/\/www.bbmnoticias.com\/labravaradiofm\/wp-json\/wp\/v2\/categories?post=5972"},{"taxonomy":"post_tag","embeddable":true,"href":"https:\/\/www.bbmnoticias.com\/labravaradiofm\/wp-json\/wp\/v2\/tags?post=5972"}],"curies":[{"name":"wp","href":"https:\/\/api.w.org\/{rel}","templated":true}]}}