{"id":5948,"date":"2021-11-23T07:37:41","date_gmt":"2021-11-23T13:37:41","guid":{"rendered":"https:\/\/www.bbmnoticias.com\/labravaradiofm\/?p=5948"},"modified":"2021-11-23T07:37:42","modified_gmt":"2021-11-23T13:37:42","slug":"amlo-decreta-como-seguridad-nacional-la-realizacion-de-sus-proyectos-prioritarios","status":"publish","type":"post","link":"https:\/\/www.bbmnoticias.com\/labravaradiofm\/2021\/11\/23\/amlo-decreta-como-seguridad-nacional-la-realizacion-de-sus-proyectos-prioritarios\/","title":{"rendered":"AMLO decreta como seguridad nacional la realizaci\u00f3n de sus proyectos prioritarios"},"content":{"rendered":"<div style=\"margin-top: 0px; margin-bottom: 0px;\" class=\"sharethis-inline-share-buttons\" ><\/div>\n<p>El presidente Andr\u00e9s Manuel L\u00f3pez Obrador<strong>(AMLO)<\/strong> decret\u00f3 de inter\u00e9s p\u00fablico y de <strong>seguridad nacional<\/strong> la realizaci\u00f3n de los <strong>proyectos y obras prioritarias<\/strong> a cargo del gobierno federal.<\/p>\n\n\n\n<p>En la edici\u00f3n vespertina del Diario Oficial de la Federaci\u00f3n<strong> (DOF),<\/strong> el presidente<strong>AMLO <\/strong>public\u00f3 el acuerdo por el que decret\u00f3 de seguridad nacional la realizaci\u00f3n de sus <strong>obras prioritarias.<\/strong><\/p>\n\n\n\n<figure class=\"wp-block-pullquote\"><blockquote><p>\u201cSe declara de inter\u00e9s p\u00fablico y seguridad nacional la realizaci\u00f3n de proyectos y obras a cargo del Gobierno de M\u00e9xico\u201dDeclaraci\u00f3n de AMLO<\/p><\/blockquote><\/figure>\n\n\n\n<h2 class=\"wp-block-heading\">\u00bfQu\u00e9 obras decret\u00f3 AMLO de seguridad nacional?<\/h2>\n\n\n\n<p>El presidente<strong> AMLO <\/strong>argument\u00f3 que es de inter\u00e9s p\u00fablico y de seguridad nacional el desarrollo y la infraestructura a cargo de las dependencias federales para poder <strong>concretarlas.<\/strong><\/p>\n\n\n\n<p>En el acuerdo el presidente AMLO no mencion\u00f3 de manera directa a sus obras prioritarias como el <strong>Tren Maya,<\/strong> la refiner\u00eda <strong>Dos Bocas <\/strong>y el Aeropuerto de Santa Luc\u00eda.<\/p>\n\n\n\n<p>Solo detall\u00f3 que se trata de obras asociadas a infraestructura de los sectores comunicaciones, telecomunicaciones, aduanero, fronterizo, hidr\u00e1ulico, h\u00eddrico, medio ambiente, tur\u00edstico, salud, v\u00edas f\u00e9rreas, <strong>ferrocarriles <\/strong>en todas sus modalidades energ\u00e9tico.<\/p>\n\n\n\n<p>As\u00ed como puertos, <strong>aeropuertos <\/strong>y aquellos que, por su objeto, caracter\u00edsticas, naturaleza, complejidad y magnitud, se consideren prioritarios y\/o estrat\u00e9gicos para el desarrollo nacional, se\u00f1ala el DOF.<\/p>\n\n\n\n<h2 class=\"wp-block-heading\">\u00bfQu\u00e9 significa que el decreto de AMLO?<\/h2>\n\n\n\n<p>Con la declaraci\u00f3n de <strong>seguridad nacional<\/strong>, las dependencias podr\u00e1n negar informaci\u00f3n relativa a <strong>contratos, <\/strong>empresas, licitaciones y dict\u00e1menes de las obras.<\/p>\n\n\n\n<p>Dado que el art\u00edculo 113 de la Ley General de Transparencia y Acceso a la Informaci\u00f3n dice que se puede declarar con <strong>informaci\u00f3n reservada<\/strong> aquella que comprometa la seguridad nacional.<\/p>\n\n\n\n<p>Adem\u00e1s, el presidente AMLO instruy\u00f3 a las dependencias a otorgar la <strong>autorizaci\u00f3n provisional <\/strong>a la presentaci\u00f3n de dict\u00e1menes, permisos o licencias necesarias para iniciar con los proyectos de inmediato.<\/p>\n\n\n\n<p>\u201cCon ello garantizar su ejecuci\u00f3n oportuna, el beneficio social esperado y el ejercicio de los presupuestos autorizados\u201d, dice el acuerdo.<\/p>\n\n\n\n<p>La autorizaci\u00f3n provisional ser\u00e1 en un plazo m\u00e1ximo de 5 d\u00edas h\u00e1biles contados a partir de la solicitud, es decir, el presidente AMLO urgi\u00f3 a las dependencias a<strong> otorgar los permisos.<\/strong><\/p>\n\n\n\n<figure class=\"wp-block-pullquote\"><blockquote><p>\u201cLa autorizaci\u00f3n provisional ser\u00e1 emitida en un plazo m\u00e1ximo de cinco d\u00edas h\u00e1biles contados a partir de la presentaci\u00f3n de la solicitud correspondiente. Transcurrido dicho plazo sin que se emita una autorizaci\u00f3n provisional expresa, se considerar\u00e1 resuelta en sentido positivo.\u201dAcuerdo de AMLO<\/p><\/blockquote><\/figure>\n\n\n\n<p>Adem\u00e1s, la autorizaci\u00f3n provisional tendr\u00e1 una vigencia de doce meses, contados a partir de su emisi\u00f3n.<\/p>\n\n\n\n<p>El acuerdo fue firmado por el presidente AMLO y por los t\u00edtulares de las secretar\u00edas federales.<\/p>\n","protected":false},"excerpt":{"rendered":"<p>El presidente Andr\u00e9s Manuel L\u00f3pez Obrador(AMLO) decret\u00f3 de inter\u00e9s p\u00fablico y de seguridad nacional la realizaci\u00f3n de los proyectos y obras prioritarias a cargo del gobierno federal. En la edici\u00f3n vespertina del Diario Oficial de la Federaci\u00f3n (DOF), el presidenteAMLO public\u00f3 el acuerdo por el que decret\u00f3 de seguridad nacional la realizaci\u00f3n de sus obras [&hellip;]<\/p>\n","protected":false},"author":12,"featured_media":5949,"comment_status":"closed","ping_status":"closed","sticky":false,"template":"","format":"standard","meta":{"footnotes":""},"categories":[19],"tags":[],"class_list":{"0":"post-5948","1":"post","2":"type-post","3":"status-publish","4":"format-standard","5":"has-post-thumbnail","7":"category-nacional"},"yoast_head":"<!-- This site is optimized with the Yoast SEO plugin v27.4 - https:\/\/yoast.com\/product\/yoast-seo-wordpress\/ -->\n<title>AMLO decreta como seguridad nacional la realizaci\u00f3n de sus proyectos prioritarios - LA BRAVA RADIO<\/title>\n<meta name=\"robots\" content=\"index, follow, max-snippet:-1, max-image-preview:large, max-video-preview:-1\" \/>\n<link rel=\"canonical\" href=\"https:\/\/www.bbmnoticias.com\/labravaradiofm\/2021\/11\/23\/amlo-decreta-como-seguridad-nacional-la-realizacion-de-sus-proyectos-prioritarios\/\" \/>\n<meta property=\"og:locale\" content=\"es_MX\" \/>\n<meta property=\"og:type\" content=\"article\" \/>\n<meta property=\"og:title\" content=\"AMLO decreta como seguridad nacional la realizaci\u00f3n de sus proyectos prioritarios - LA BRAVA RADIO\" \/>\n<meta property=\"og:description\" content=\"El presidente Andr\u00e9s Manuel L\u00f3pez Obrador(AMLO) decret\u00f3 de inter\u00e9s p\u00fablico y de seguridad nacional la realizaci\u00f3n de los proyectos y obras prioritarias a cargo del gobierno federal. En la edici\u00f3n vespertina del Diario Oficial de la Federaci\u00f3n (DOF), el presidenteAMLO public\u00f3 el acuerdo por el que decret\u00f3 de seguridad nacional la realizaci\u00f3n de sus obras [&hellip;]\" \/>\n<meta property=\"og:url\" content=\"https:\/\/www.bbmnoticias.com\/labravaradiofm\/2021\/11\/23\/amlo-decreta-como-seguridad-nacional-la-realizacion-de-sus-proyectos-prioritarios\/\" \/>\n<meta property=\"og:site_name\" content=\"LA BRAVA RADIO\" \/>\n<meta property=\"article:published_time\" content=\"2021-11-23T13:37:41+00:00\" \/>\n<meta property=\"article:modified_time\" content=\"2021-11-23T13:37:42+00:00\" \/>\n<meta property=\"og:image\" content=\"https:\/\/www.bbmnoticias.com\/labravaradiofm\/wp-content\/uploads\/sites\/5\/2021\/11\/n23112021-1.jpeg\" \/>\n\t<meta property=\"og:image:width\" content=\"640\" \/>\n\t<meta property=\"og:image:height\" content=\"360\" \/>\n\t<meta property=\"og:image:type\" content=\"image\/jpeg\" \/>\n<meta name=\"author\" content=\"SDPnoticias\" \/>\n<meta name=\"twitter:card\" content=\"summary_large_image\" \/>\n<meta name=\"twitter:label1\" content=\"Escrito por\" \/>\n\t<meta name=\"twitter:data1\" content=\"SDPnoticias\" \/>\n\t<meta name=\"twitter:label2\" content=\"Tiempo de lectura\" \/>\n\t<meta name=\"twitter:data2\" content=\"2 minutos\" \/>\n<script type=\"application\/ld+json\" class=\"yoast-schema-graph\">{\"@context\":\"https:\\\/\\\/schema.org\",\"@graph\":[{\"@type\":\"Article\",\"@id\":\"https:\\\/\\\/www.bbmnoticias.com\\\/labravaradiofm\\\/2021\\\/11\\\/23\\\/amlo-decreta-como-seguridad-nacional-la-realizacion-de-sus-proyectos-prioritarios\\\/#article\",\"isPartOf\":{\"@id\":\"https:\\\/\\\/www.bbmnoticias.com\\\/labravaradiofm\\\/2021\\\/11\\\/23\\\/amlo-decreta-como-seguridad-nacional-la-realizacion-de-sus-proyectos-prioritarios\\\/\"},\"author\":{\"name\":\"SDPnoticias\",\"@id\":\"https:\\\/\\\/www.bbmnoticias.com\\\/labravaradiofm\\\/#\\\/schema\\\/person\\\/baf240d77a345f5fbc3dc146f9161af9\"},\"headline\":\"AMLO decreta como seguridad nacional la realizaci\u00f3n de sus proyectos prioritarios\",\"datePublished\":\"2021-11-23T13:37:41+00:00\",\"dateModified\":\"2021-11-23T13:37:42+00:00\",\"mainEntityOfPage\":{\"@id\":\"https:\\\/\\\/www.bbmnoticias.com\\\/labravaradiofm\\\/2021\\\/11\\\/23\\\/amlo-decreta-como-seguridad-nacional-la-realizacion-de-sus-proyectos-prioritarios\\\/\"},\"wordCount\":478,\"image\":{\"@id\":\"https:\\\/\\\/www.bbmnoticias.com\\\/labravaradiofm\\\/2021\\\/11\\\/23\\\/amlo-decreta-como-seguridad-nacional-la-realizacion-de-sus-proyectos-prioritarios\\\/#primaryimage\"},\"thumbnailUrl\":\"https:\\\/\\\/www.bbmnoticias.com\\\/labravaradiofm\\\/wp-content\\\/uploads\\\/sites\\\/5\\\/2021\\\/11\\\/n23112021-1.jpeg\",\"articleSection\":[\"NACIONAL\"],\"inLanguage\":\"es\"},{\"@type\":\"WebPage\",\"@id\":\"https:\\\/\\\/www.bbmnoticias.com\\\/labravaradiofm\\\/2021\\\/11\\\/23\\\/amlo-decreta-como-seguridad-nacional-la-realizacion-de-sus-proyectos-prioritarios\\\/\",\"url\":\"https:\\\/\\\/www.bbmnoticias.com\\\/labravaradiofm\\\/2021\\\/11\\\/23\\\/amlo-decreta-como-seguridad-nacional-la-realizacion-de-sus-proyectos-prioritarios\\\/\",\"name\":\"AMLO decreta como seguridad nacional la realizaci\u00f3n de sus proyectos prioritarios - LA BRAVA RADIO\",\"isPartOf\":{\"@id\":\"https:\\\/\\\/www.bbmnoticias.com\\\/labravaradiofm\\\/#website\"},\"primaryImageOfPage\":{\"@id\":\"https:\\\/\\\/www.bbmnoticias.com\\\/labravaradiofm\\\/2021\\\/11\\\/23\\\/amlo-decreta-como-seguridad-nacional-la-realizacion-de-sus-proyectos-prioritarios\\\/#primaryimage\"},\"image\":{\"@id\":\"https:\\\/\\\/www.bbmnoticias.com\\\/labravaradiofm\\\/2021\\\/11\\\/23\\\/amlo-decreta-como-seguridad-nacional-la-realizacion-de-sus-proyectos-prioritarios\\\/#primaryimage\"},\"thumbnailUrl\":\"https:\\\/\\\/www.bbmnoticias.com\\\/labravaradiofm\\\/wp-content\\\/uploads\\\/sites\\\/5\\\/2021\\\/11\\\/n23112021-1.jpeg\",\"datePublished\":\"2021-11-23T13:37:41+00:00\",\"dateModified\":\"2021-11-23T13:37:42+00:00\",\"author\":{\"@id\":\"https:\\\/\\\/www.bbmnoticias.com\\\/labravaradiofm\\\/#\\\/schema\\\/person\\\/baf240d77a345f5fbc3dc146f9161af9\"},\"breadcrumb\":{\"@id\":\"https:\\\/\\\/www.bbmnoticias.com\\\/labravaradiofm\\\/2021\\\/11\\\/23\\\/amlo-decreta-como-seguridad-nacional-la-realizacion-de-sus-proyectos-prioritarios\\\/#breadcrumb\"},\"inLanguage\":\"es\",\"potentialAction\":[{\"@type\":\"ReadAction\",\"target\":[\"https:\\\/\\\/www.bbmnoticias.com\\\/labravaradiofm\\\/2021\\\/11\\\/23\\\/amlo-decreta-como-seguridad-nacional-la-realizacion-de-sus-proyectos-prioritarios\\\/\"]}]},{\"@type\":\"ImageObject\",\"inLanguage\":\"es\",\"@id\":\"https:\\\/\\\/www.bbmnoticias.com\\\/labravaradiofm\\\/2021\\\/11\\\/23\\\/amlo-decreta-como-seguridad-nacional-la-realizacion-de-sus-proyectos-prioritarios\\\/#primaryimage\",\"url\":\"https:\\\/\\\/www.bbmnoticias.com\\\/labravaradiofm\\\/wp-content\\\/uploads\\\/sites\\\/5\\\/2021\\\/11\\\/n23112021-1.jpeg\",\"contentUrl\":\"https:\\\/\\\/www.bbmnoticias.com\\\/labravaradiofm\\\/wp-content\\\/uploads\\\/sites\\\/5\\\/2021\\\/11\\\/n23112021-1.jpeg\",\"width\":640,\"height\":360},{\"@type\":\"BreadcrumbList\",\"@id\":\"https:\\\/\\\/www.bbmnoticias.com\\\/labravaradiofm\\\/2021\\\/11\\\/23\\\/amlo-decreta-como-seguridad-nacional-la-realizacion-de-sus-proyectos-prioritarios\\\/#breadcrumb\",\"itemListElement\":[{\"@type\":\"ListItem\",\"position\":1,\"name\":\"Inicio\",\"item\":\"https:\\\/\\\/www.bbmnoticias.com\\\/labravaradiofm\\\/\"},{\"@type\":\"ListItem\",\"position\":2,\"name\":\"AMLO decreta como seguridad nacional la realizaci\u00f3n de sus proyectos prioritarios\"}]},{\"@type\":\"WebSite\",\"@id\":\"https:\\\/\\\/www.bbmnoticias.com\\\/labravaradiofm\\\/#website\",\"url\":\"https:\\\/\\\/www.bbmnoticias.com\\\/labravaradiofm\\\/\",\"name\":\"LA BRAVA RADIO\",\"description\":\"Empresa productora de medios, Radiodifusi\u00f3n, Noticias, tendencias y todo lo que necesitas saber de la pol\u00edtica mexicana e internacional; entretenimiento, espect\u00e1culos, salud y mucho m\u00e1s.\",\"potentialAction\":[{\"@type\":\"SearchAction\",\"target\":{\"@type\":\"EntryPoint\",\"urlTemplate\":\"https:\\\/\\\/www.bbmnoticias.com\\\/labravaradiofm\\\/?s={search_term_string}\"},\"query-input\":{\"@type\":\"PropertyValueSpecification\",\"valueRequired\":true,\"valueName\":\"search_term_string\"}}],\"inLanguage\":\"es\"},{\"@type\":\"Person\",\"@id\":\"https:\\\/\\\/www.bbmnoticias.com\\\/labravaradiofm\\\/#\\\/schema\\\/person\\\/baf240d77a345f5fbc3dc146f9161af9\",\"name\":\"SDPnoticias\",\"image\":{\"@type\":\"ImageObject\",\"inLanguage\":\"es\",\"@id\":\"https:\\\/\\\/secure.gravatar.com\\\/avatar\\\/015ede9175a06d999d8b2b09e108b48c9e008e4ee44a647956086b51bbce326c?s=96&d=mm&r=g\",\"url\":\"https:\\\/\\\/secure.gravatar.com\\\/avatar\\\/015ede9175a06d999d8b2b09e108b48c9e008e4ee44a647956086b51bbce326c?s=96&d=mm&r=g\",\"contentUrl\":\"https:\\\/\\\/secure.gravatar.com\\\/avatar\\\/015ede9175a06d999d8b2b09e108b48c9e008e4ee44a647956086b51bbce326c?s=96&d=mm&r=g\",\"caption\":\"SDPnoticias\"},\"url\":\"https:\\\/\\\/www.bbmnoticias.com\\\/labravaradiofm\\\/author\\\/sdpnoticias\\\/\"}]}<\/script>\n<!-- \/ Yoast SEO plugin. -->","yoast_head_json":{"title":"AMLO decreta como seguridad nacional la realizaci\u00f3n de sus proyectos prioritarios - LA BRAVA RADIO","robots":{"index":"index","follow":"follow","max-snippet":"max-snippet:-1","max-image-preview":"max-image-preview:large","max-video-preview":"max-video-preview:-1"},"canonical":"https:\/\/www.bbmnoticias.com\/labravaradiofm\/2021\/11\/23\/amlo-decreta-como-seguridad-nacional-la-realizacion-de-sus-proyectos-prioritarios\/","og_locale":"es_MX","og_type":"article","og_title":"AMLO decreta como seguridad nacional la realizaci\u00f3n de sus proyectos prioritarios - LA BRAVA RADIO","og_description":"El presidente Andr\u00e9s Manuel L\u00f3pez Obrador(AMLO) decret\u00f3 de inter\u00e9s p\u00fablico y de seguridad nacional la realizaci\u00f3n de los proyectos y obras prioritarias a cargo del gobierno federal. En la edici\u00f3n vespertina del Diario Oficial de la Federaci\u00f3n (DOF), el presidenteAMLO public\u00f3 el acuerdo por el que decret\u00f3 de seguridad nacional la realizaci\u00f3n de sus obras [&hellip;]","og_url":"https:\/\/www.bbmnoticias.com\/labravaradiofm\/2021\/11\/23\/amlo-decreta-como-seguridad-nacional-la-realizacion-de-sus-proyectos-prioritarios\/","og_site_name":"LA BRAVA RADIO","article_published_time":"2021-11-23T13:37:41+00:00","article_modified_time":"2021-11-23T13:37:42+00:00","og_image":[{"width":640,"height":360,"url":"https:\/\/www.bbmnoticias.com\/labravaradiofm\/wp-content\/uploads\/sites\/5\/2021\/11\/n23112021-1.jpeg","type":"image\/jpeg"}],"author":"SDPnoticias","twitter_card":"summary_large_image","twitter_misc":{"Escrito por":"SDPnoticias","Tiempo de lectura":"2 minutos"},"schema":{"@context":"https:\/\/schema.org","@graph":[{"@type":"Article","@id":"https:\/\/www.bbmnoticias.com\/labravaradiofm\/2021\/11\/23\/amlo-decreta-como-seguridad-nacional-la-realizacion-de-sus-proyectos-prioritarios\/#article","isPartOf":{"@id":"https:\/\/www.bbmnoticias.com\/labravaradiofm\/2021\/11\/23\/amlo-decreta-como-seguridad-nacional-la-realizacion-de-sus-proyectos-prioritarios\/"},"author":{"name":"SDPnoticias","@id":"https:\/\/www.bbmnoticias.com\/labravaradiofm\/#\/schema\/person\/baf240d77a345f5fbc3dc146f9161af9"},"headline":"AMLO decreta como seguridad nacional la realizaci\u00f3n de sus proyectos prioritarios","datePublished":"2021-11-23T13:37:41+00:00","dateModified":"2021-11-23T13:37:42+00:00","mainEntityOfPage":{"@id":"https:\/\/www.bbmnoticias.com\/labravaradiofm\/2021\/11\/23\/amlo-decreta-como-seguridad-nacional-la-realizacion-de-sus-proyectos-prioritarios\/"},"wordCount":478,"image":{"@id":"https:\/\/www.bbmnoticias.com\/labravaradiofm\/2021\/11\/23\/amlo-decreta-como-seguridad-nacional-la-realizacion-de-sus-proyectos-prioritarios\/#primaryimage"},"thumbnailUrl":"https:\/\/www.bbmnoticias.com\/labravaradiofm\/wp-content\/uploads\/sites\/5\/2021\/11\/n23112021-1.jpeg","articleSection":["NACIONAL"],"inLanguage":"es"},{"@type":"WebPage","@id":"https:\/\/www.bbmnoticias.com\/labravaradiofm\/2021\/11\/23\/amlo-decreta-como-seguridad-nacional-la-realizacion-de-sus-proyectos-prioritarios\/","url":"https:\/\/www.bbmnoticias.com\/labravaradiofm\/2021\/11\/23\/amlo-decreta-como-seguridad-nacional-la-realizacion-de-sus-proyectos-prioritarios\/","name":"AMLO decreta como seguridad nacional la realizaci\u00f3n de sus proyectos prioritarios - LA BRAVA RADIO","isPartOf":{"@id":"https:\/\/www.bbmnoticias.com\/labravaradiofm\/#website"},"primaryImageOfPage":{"@id":"https:\/\/www.bbmnoticias.com\/labravaradiofm\/2021\/11\/23\/amlo-decreta-como-seguridad-nacional-la-realizacion-de-sus-proyectos-prioritarios\/#primaryimage"},"image":{"@id":"https:\/\/www.bbmnoticias.com\/labravaradiofm\/2021\/11\/23\/amlo-decreta-como-seguridad-nacional-la-realizacion-de-sus-proyectos-prioritarios\/#primaryimage"},"thumbnailUrl":"https:\/\/www.bbmnoticias.com\/labravaradiofm\/wp-content\/uploads\/sites\/5\/2021\/11\/n23112021-1.jpeg","datePublished":"2021-11-23T13:37:41+00:00","dateModified":"2021-11-23T13:37:42+00:00","author":{"@id":"https:\/\/www.bbmnoticias.com\/labravaradiofm\/#\/schema\/person\/baf240d77a345f5fbc3dc146f9161af9"},"breadcrumb":{"@id":"https:\/\/www.bbmnoticias.com\/labravaradiofm\/2021\/11\/23\/amlo-decreta-como-seguridad-nacional-la-realizacion-de-sus-proyectos-prioritarios\/#breadcrumb"},"inLanguage":"es","potentialAction":[{"@type":"ReadAction","target":["https:\/\/www.bbmnoticias.com\/labravaradiofm\/2021\/11\/23\/amlo-decreta-como-seguridad-nacional-la-realizacion-de-sus-proyectos-prioritarios\/"]}]},{"@type":"ImageObject","inLanguage":"es","@id":"https:\/\/www.bbmnoticias.com\/labravaradiofm\/2021\/11\/23\/amlo-decreta-como-seguridad-nacional-la-realizacion-de-sus-proyectos-prioritarios\/#primaryimage","url":"https:\/\/www.bbmnoticias.com\/labravaradiofm\/wp-content\/uploads\/sites\/5\/2021\/11\/n23112021-1.jpeg","contentUrl":"https:\/\/www.bbmnoticias.com\/labravaradiofm\/wp-content\/uploads\/sites\/5\/2021\/11\/n23112021-1.jpeg","width":640,"height":360},{"@type":"BreadcrumbList","@id":"https:\/\/www.bbmnoticias.com\/labravaradiofm\/2021\/11\/23\/amlo-decreta-como-seguridad-nacional-la-realizacion-de-sus-proyectos-prioritarios\/#breadcrumb","itemListElement":[{"@type":"ListItem","position":1,"name":"Inicio","item":"https:\/\/www.bbmnoticias.com\/labravaradiofm\/"},{"@type":"ListItem","position":2,"name":"AMLO decreta como seguridad nacional la realizaci\u00f3n de sus proyectos prioritarios"}]},{"@type":"WebSite","@id":"https:\/\/www.bbmnoticias.com\/labravaradiofm\/#website","url":"https:\/\/www.bbmnoticias.com\/labravaradiofm\/","name":"LA BRAVA RADIO","description":"Empresa productora de medios, Radiodifusi\u00f3n, Noticias, tendencias y todo lo que necesitas saber de la pol\u00edtica mexicana e internacional; entretenimiento, espect\u00e1culos, salud y mucho m\u00e1s.","potentialAction":[{"@type":"SearchAction","target":{"@type":"EntryPoint","urlTemplate":"https:\/\/www.bbmnoticias.com\/labravaradiofm\/?s={search_term_string}"},"query-input":{"@type":"PropertyValueSpecification","valueRequired":true,"valueName":"search_term_string"}}],"inLanguage":"es"},{"@type":"Person","@id":"https:\/\/www.bbmnoticias.com\/labravaradiofm\/#\/schema\/person\/baf240d77a345f5fbc3dc146f9161af9","name":"SDPnoticias","image":{"@type":"ImageObject","inLanguage":"es","@id":"https:\/\/secure.gravatar.com\/avatar\/015ede9175a06d999d8b2b09e108b48c9e008e4ee44a647956086b51bbce326c?s=96&d=mm&r=g","url":"https:\/\/secure.gravatar.com\/avatar\/015ede9175a06d999d8b2b09e108b48c9e008e4ee44a647956086b51bbce326c?s=96&d=mm&r=g","contentUrl":"https:\/\/secure.gravatar.com\/avatar\/015ede9175a06d999d8b2b09e108b48c9e008e4ee44a647956086b51bbce326c?s=96&d=mm&r=g","caption":"SDPnoticias"},"url":"https:\/\/www.bbmnoticias.com\/labravaradiofm\/author\/sdpnoticias\/"}]}},"_links":{"self":[{"href":"https:\/\/www.bbmnoticias.com\/labravaradiofm\/wp-json\/wp\/v2\/posts\/5948","targetHints":{"allow":["GET"]}}],"collection":[{"href":"https:\/\/www.bbmnoticias.com\/labravaradiofm\/wp-json\/wp\/v2\/posts"}],"about":[{"href":"https:\/\/www.bbmnoticias.com\/labravaradiofm\/wp-json\/wp\/v2\/types\/post"}],"author":[{"embeddable":true,"href":"https:\/\/www.bbmnoticias.com\/labravaradiofm\/wp-json\/wp\/v2\/users\/12"}],"replies":[{"embeddable":true,"href":"https:\/\/www.bbmnoticias.com\/labravaradiofm\/wp-json\/wp\/v2\/comments?post=5948"}],"version-history":[{"count":0,"href":"https:\/\/www.bbmnoticias.com\/labravaradiofm\/wp-json\/wp\/v2\/posts\/5948\/revisions"}],"wp:featuredmedia":[{"embeddable":true,"href":"https:\/\/www.bbmnoticias.com\/labravaradiofm\/wp-json\/wp\/v2\/media\/5949"}],"wp:attachment":[{"href":"https:\/\/www.bbmnoticias.com\/labravaradiofm\/wp-json\/wp\/v2\/media?parent=5948"}],"wp:term":[{"taxonomy":"category","embeddable":true,"href":"https:\/\/www.bbmnoticias.com\/labravaradiofm\/wp-json\/wp\/v2\/categories?post=5948"},{"taxonomy":"post_tag","embeddable":true,"href":"https:\/\/www.bbmnoticias.com\/labravaradiofm\/wp-json\/wp\/v2\/tags?post=5948"}],"curies":[{"name":"wp","href":"https:\/\/api.w.org\/{rel}","templated":true}]}}