{"id":5945,"date":"2021-11-22T19:54:53","date_gmt":"2021-11-23T01:54:53","guid":{"rendered":"https:\/\/www.bbmnoticias.com\/labravaradiofm\/?p=5945"},"modified":"2021-11-22T19:54:54","modified_gmt":"2021-11-23T01:54:54","slug":"empieza-la-batalla-real-dice-cancilleria-ante-respuesta-de-armerias-de-eu-a-demanda-de-mexico","status":"publish","type":"post","link":"https:\/\/www.bbmnoticias.com\/labravaradiofm\/2021\/11\/22\/empieza-la-batalla-real-dice-cancilleria-ante-respuesta-de-armerias-de-eu-a-demanda-de-mexico\/","title":{"rendered":"&#8220;Empieza la batalla real&#8221;, dice Canciller\u00eda ante respuesta de armer\u00edas de EU a demanda de M\u00e9xico"},"content":{"rendered":"<div style=\"margin-top: 0px; margin-bottom: 0px;\" class=\"sharethis-inline-share-buttons\" ><\/div>\n<p>Esta tarde, las empresas de <strong>armas de fuego <\/strong>demandadas por el gobierno mexicano el pasado 4 de agosto ante una Corte Federal en Boston, Estados Unidos, comenzaron a presentar los argumentos para su defensa. Entre ellos, se\u00f1alan que la querella es violatoria de las leyes norteamericanas, que las muertes asociadas a las <strong>armas extranjeras<\/strong> no son rastreables, y que dichas empresas no tienen la obligaci\u00f3n legal de proteger a nuestro pa\u00eds de los<strong> delincuentes mexicanos<\/strong>.<\/p>\n\n\n\n<p>Al respecto, Alejandro Celorio dijo que los argumentos de las empresas ya los ten\u00edan previstos.<\/p>\n\n\n\n<p>\u201cNada que la Canciller\u00eda no viera venir ya ni nada que sea insuperable, producto de una demanda muy bien planteada. Empieza ya la batalla real\u201d, escribi\u00f3 en su cuenta de Twitter.&nbsp;<\/p>\n\n\n\n<p>El funcionario mexicano explic\u00f3 que dichos argumentos por parte de las 11 empresas buscan detener el litigio en su contra, y adelant\u00f3 que el gobierno mexicano har\u00e1 lo propio.<\/p>\n\n\n\n<p>\u201cRecibiremos las respuestas y defensas legales esperadas. El equipo legal SER las analiza e informar\u00e1 elementos a destacar. El Gobierno de M\u00e9xico tiene hasta 31 de enero de 2022 para responder a estas defensas\u201d, concluy\u00f3.<\/p>\n\n\n\n<p>La <strong>Secretar\u00eda de Relaciones Exteriores<\/strong> puntualiz\u00f3 en una nota informativa que:<\/p>\n\n\n\n<p>Como previsto, las demandadas presentaron defensas para tratar de frenar el litigio.<\/p>\n\n\n\n<p>\u2022 La SRE, en coordinaci\u00f3n con otras dependencias federales, prepara los argumentos y la evidencia para responder ante la Corte a las defensas de las compa\u00f1\u00edas demandadas.<br>\u2022 El Gobierno de M\u00e9xico presentar\u00e1 su r\u00e9plica el 31 de enero de 2022 y, posteriormente, las empresas entregar\u00e1n una contrarr\u00e9plica a la Corte el 28 de febrero de ese mismo a\u00f1o.<br>\u2022 Tales se\u00f1alamientos se atender\u00e1n de manera precisa en el escrito de r\u00e9plica y ante la corte. De ninguna manera se litigar\u00e1 este caso en los medios de comunicaci\u00f3n.<\/p>\n\n\n\n<p>En la lista sostienen primero que M\u00e9xico carece de legitimaci\u00f3n del art\u00edculo III de los Estados Unidos, en el que se detalla que para legitimar la demanda se debe demostrar que las lesiones del demandante son rastreable, desde la compra del arma hasta la conducta supuestamente ilegal de los acusados.<\/p>\n\n\n\n<p>\u201cLa denuncia admite hechos que confirman que los supuestos da\u00f1os de M\u00e9xico no son bastante rastreables a las acciones de los acusados\u201d, se\u00f1ala el texto que fue compartido por el asesor jur\u00eddico de la Secretar\u00eda de Relaciones Exteriores,<strong> Alejandro Celorio<\/strong>.<\/p>\n\n\n\n<p>Otro de los argumentos para su defensa, son presuntas violaciones a la Ley de Protecci\u00f3n del Comercio Legal de Armas (PLCAA, por sus siglas en ingl\u00e9s) la cual aseguran \u201cproh\u00edbe todos los reclamos de M\u00e9xico\u201d.<\/p>\n\n\n\n<p><\/p>\n\n\n\n<p>\u201cEl Congreso promulg\u00f3 la PLCAA para prohibir exactamente este tipo de demanda. Esta Demanda es una &#8220;Acci\u00f3n de Responsabilidad Civil Calificada&#8221; bajo PLCAA. No se aplica ninguna excepci\u00f3n de PLCAA a ninguna de las Reclamaciones de M\u00e9xico\u201d, se advierte en el documento.<\/p>\n\n\n\n<p>En dicha ley, reconocen, existe la \u201cexcepci\u00f3n de predicado\u201d que admite a demanda temas espec\u00edficos de armas de fuego, sin embargo, aseguran que esta \u201cno aplica\u201d.<\/p>\n\n\n\n<p>\u201cM\u00e9xico no ha alegado plausiblemente una violaci\u00f3n de armas de fuego, la excepci\u00f3n de predicado no permite reclamos basados en estatutos de protecci\u00f3n al consumidor de aplicaci\u00f3n general. Tampoco aplica la excepci\u00f3n &#8220;Defecto de dise\u00f1o&#8221; ni aplica la excepci\u00f3n de &#8220;negligencia per se&#8221;. La PLCAA se aplica a las reclamaciones de gobiernos extranjeros, este caso involucra una aplicaci\u00f3n dom\u00e9stica de la PLCAA\u201d.<\/p>\n\n\n\n<p><\/p>\n\n\n\n<p>En los argumentos de su defensa, las 11 empresas demandadas advierten que M\u00e9xico no alega hechos que demuestren que las pr\u00e1cticas comerciales de los acusados son la &#8220;causa pr\u00f3xima&#8221; de las lesiones infligidas por los carteles de la droga mexicanos.<\/p>\n\n\n\n<p>\u201cLa cadena de causalidad est\u00e1 demasiado atenuada. Los <strong>actos delictivos intencionales<\/strong> que intervienen rompen la cadena de causalidad.<\/p>\n\n\n\n<p>Los supuestos da\u00f1os del gobierno mexicano se derivan de otras v\u00edctimas. Prorratear los da\u00f1os y la responsabilidad ser\u00eda inviable\u201d, explican como parte de la tesis.&nbsp;<\/p>\n\n\n\n<p><\/p>\n\n\n\n<p>Finalmente, aseveran que las empresas de armas de fuego \u201cno tienen la obligaci\u00f3n legal de proteger al gobierno mexicano de los delincuentes mexicanos que abusan de las <strong>armas de fuego en M\u00e9xico<\/strong>\u201d, y que fabricar y vender armas de fuego no es una &#8220;molestia p\u00fablica&#8221;: \u201cM\u00e9xico no puede utilizar la ley mexicana para regular las empresas de armas de fuego de Estados Unidos\u201d.<\/p>\n","protected":false},"excerpt":{"rendered":"<p>Esta tarde, las empresas de armas de fuego demandadas por el gobierno mexicano el pasado 4 de agosto ante una Corte Federal en Boston, Estados Unidos, comenzaron a presentar los argumentos para su defensa. Entre ellos, se\u00f1alan que la querella es violatoria de las leyes norteamericanas, que las muertes asociadas a las armas extranjeras no [&hellip;]<\/p>\n","protected":false},"author":2,"featured_media":5946,"comment_status":"closed","ping_status":"closed","sticky":false,"template":"","format":"standard","meta":{"footnotes":""},"categories":[19],"tags":[],"class_list":{"0":"post-5945","1":"post","2":"type-post","3":"status-publish","4":"format-standard","5":"has-post-thumbnail","7":"category-nacional"},"yoast_head":"<!-- This site is optimized with the Yoast SEO plugin v27.4 - https:\/\/yoast.com\/product\/yoast-seo-wordpress\/ -->\n<title>&quot;Empieza la batalla real&quot;, dice Canciller\u00eda ante respuesta de armer\u00edas de EU a demanda de M\u00e9xico - LA BRAVA RADIO<\/title>\n<meta name=\"robots\" content=\"index, follow, max-snippet:-1, max-image-preview:large, max-video-preview:-1\" \/>\n<link rel=\"canonical\" href=\"https:\/\/www.bbmnoticias.com\/labravaradiofm\/2021\/11\/22\/empieza-la-batalla-real-dice-cancilleria-ante-respuesta-de-armerias-de-eu-a-demanda-de-mexico\/\" \/>\n<meta property=\"og:locale\" content=\"es_MX\" \/>\n<meta property=\"og:type\" content=\"article\" \/>\n<meta property=\"og:title\" content=\"&quot;Empieza la batalla real&quot;, dice Canciller\u00eda ante respuesta de armer\u00edas de EU a demanda de M\u00e9xico - LA BRAVA RADIO\" \/>\n<meta property=\"og:description\" content=\"Esta tarde, las empresas de armas de fuego demandadas por el gobierno mexicano el pasado 4 de agosto ante una Corte Federal en Boston, Estados Unidos, comenzaron a presentar los argumentos para su defensa. Entre ellos, se\u00f1alan que la querella es violatoria de las leyes norteamericanas, que las muertes asociadas a las armas extranjeras no [&hellip;]\" \/>\n<meta property=\"og:url\" content=\"https:\/\/www.bbmnoticias.com\/labravaradiofm\/2021\/11\/22\/empieza-la-batalla-real-dice-cancilleria-ante-respuesta-de-armerias-de-eu-a-demanda-de-mexico\/\" \/>\n<meta property=\"og:site_name\" content=\"LA BRAVA RADIO\" \/>\n<meta property=\"article:published_time\" content=\"2021-11-23T01:54:53+00:00\" \/>\n<meta property=\"article:modified_time\" content=\"2021-11-23T01:54:54+00:00\" \/>\n<meta property=\"og:image\" content=\"https:\/\/www.bbmnoticias.com\/labravaradiofm\/wp-content\/uploads\/sites\/5\/2021\/11\/n22112021-9.webp\" \/>\n\t<meta property=\"og:image:width\" content=\"1023\" \/>\n\t<meta property=\"og:image:height\" content=\"630\" \/>\n\t<meta property=\"og:image:type\" content=\"image\/webp\" \/>\n<meta name=\"author\" content=\"Staff\" \/>\n<meta name=\"twitter:card\" content=\"summary_large_image\" \/>\n<meta name=\"twitter:label1\" content=\"Escrito por\" \/>\n\t<meta name=\"twitter:data1\" content=\"Staff\" \/>\n\t<meta name=\"twitter:label2\" content=\"Tiempo de lectura\" \/>\n\t<meta name=\"twitter:data2\" content=\"4 minutos\" \/>\n<script type=\"application\/ld+json\" class=\"yoast-schema-graph\">{\"@context\":\"https:\\\/\\\/schema.org\",\"@graph\":[{\"@type\":\"Article\",\"@id\":\"https:\\\/\\\/www.bbmnoticias.com\\\/labravaradiofm\\\/2021\\\/11\\\/22\\\/empieza-la-batalla-real-dice-cancilleria-ante-respuesta-de-armerias-de-eu-a-demanda-de-mexico\\\/#article\",\"isPartOf\":{\"@id\":\"https:\\\/\\\/www.bbmnoticias.com\\\/labravaradiofm\\\/2021\\\/11\\\/22\\\/empieza-la-batalla-real-dice-cancilleria-ante-respuesta-de-armerias-de-eu-a-demanda-de-mexico\\\/\"},\"author\":{\"name\":\"Staff\",\"@id\":\"https:\\\/\\\/www.bbmnoticias.com\\\/labravaradiofm\\\/#\\\/schema\\\/person\\\/68a9e9036ef3c5b55aeb2b71dc8bab45\"},\"headline\":\"&#8220;Empieza la batalla real&#8221;, dice Canciller\u00eda ante respuesta de armer\u00edas de EU a demanda de M\u00e9xico\",\"datePublished\":\"2021-11-23T01:54:53+00:00\",\"dateModified\":\"2021-11-23T01:54:54+00:00\",\"mainEntityOfPage\":{\"@id\":\"https:\\\/\\\/www.bbmnoticias.com\\\/labravaradiofm\\\/2021\\\/11\\\/22\\\/empieza-la-batalla-real-dice-cancilleria-ante-respuesta-de-armerias-de-eu-a-demanda-de-mexico\\\/\"},\"wordCount\":763,\"image\":{\"@id\":\"https:\\\/\\\/www.bbmnoticias.com\\\/labravaradiofm\\\/2021\\\/11\\\/22\\\/empieza-la-batalla-real-dice-cancilleria-ante-respuesta-de-armerias-de-eu-a-demanda-de-mexico\\\/#primaryimage\"},\"thumbnailUrl\":\"https:\\\/\\\/www.bbmnoticias.com\\\/labravaradiofm\\\/wp-content\\\/uploads\\\/sites\\\/5\\\/2021\\\/11\\\/n22112021-9.webp\",\"articleSection\":[\"NACIONAL\"],\"inLanguage\":\"es\"},{\"@type\":\"WebPage\",\"@id\":\"https:\\\/\\\/www.bbmnoticias.com\\\/labravaradiofm\\\/2021\\\/11\\\/22\\\/empieza-la-batalla-real-dice-cancilleria-ante-respuesta-de-armerias-de-eu-a-demanda-de-mexico\\\/\",\"url\":\"https:\\\/\\\/www.bbmnoticias.com\\\/labravaradiofm\\\/2021\\\/11\\\/22\\\/empieza-la-batalla-real-dice-cancilleria-ante-respuesta-de-armerias-de-eu-a-demanda-de-mexico\\\/\",\"name\":\"\\\"Empieza la batalla real\\\", dice Canciller\u00eda ante respuesta de armer\u00edas de EU a demanda de M\u00e9xico - LA BRAVA RADIO\",\"isPartOf\":{\"@id\":\"https:\\\/\\\/www.bbmnoticias.com\\\/labravaradiofm\\\/#website\"},\"primaryImageOfPage\":{\"@id\":\"https:\\\/\\\/www.bbmnoticias.com\\\/labravaradiofm\\\/2021\\\/11\\\/22\\\/empieza-la-batalla-real-dice-cancilleria-ante-respuesta-de-armerias-de-eu-a-demanda-de-mexico\\\/#primaryimage\"},\"image\":{\"@id\":\"https:\\\/\\\/www.bbmnoticias.com\\\/labravaradiofm\\\/2021\\\/11\\\/22\\\/empieza-la-batalla-real-dice-cancilleria-ante-respuesta-de-armerias-de-eu-a-demanda-de-mexico\\\/#primaryimage\"},\"thumbnailUrl\":\"https:\\\/\\\/www.bbmnoticias.com\\\/labravaradiofm\\\/wp-content\\\/uploads\\\/sites\\\/5\\\/2021\\\/11\\\/n22112021-9.webp\",\"datePublished\":\"2021-11-23T01:54:53+00:00\",\"dateModified\":\"2021-11-23T01:54:54+00:00\",\"author\":{\"@id\":\"https:\\\/\\\/www.bbmnoticias.com\\\/labravaradiofm\\\/#\\\/schema\\\/person\\\/68a9e9036ef3c5b55aeb2b71dc8bab45\"},\"breadcrumb\":{\"@id\":\"https:\\\/\\\/www.bbmnoticias.com\\\/labravaradiofm\\\/2021\\\/11\\\/22\\\/empieza-la-batalla-real-dice-cancilleria-ante-respuesta-de-armerias-de-eu-a-demanda-de-mexico\\\/#breadcrumb\"},\"inLanguage\":\"es\",\"potentialAction\":[{\"@type\":\"ReadAction\",\"target\":[\"https:\\\/\\\/www.bbmnoticias.com\\\/labravaradiofm\\\/2021\\\/11\\\/22\\\/empieza-la-batalla-real-dice-cancilleria-ante-respuesta-de-armerias-de-eu-a-demanda-de-mexico\\\/\"]}]},{\"@type\":\"ImageObject\",\"inLanguage\":\"es\",\"@id\":\"https:\\\/\\\/www.bbmnoticias.com\\\/labravaradiofm\\\/2021\\\/11\\\/22\\\/empieza-la-batalla-real-dice-cancilleria-ante-respuesta-de-armerias-de-eu-a-demanda-de-mexico\\\/#primaryimage\",\"url\":\"https:\\\/\\\/www.bbmnoticias.com\\\/labravaradiofm\\\/wp-content\\\/uploads\\\/sites\\\/5\\\/2021\\\/11\\\/n22112021-9.webp\",\"contentUrl\":\"https:\\\/\\\/www.bbmnoticias.com\\\/labravaradiofm\\\/wp-content\\\/uploads\\\/sites\\\/5\\\/2021\\\/11\\\/n22112021-9.webp\",\"width\":1023,\"height\":630},{\"@type\":\"BreadcrumbList\",\"@id\":\"https:\\\/\\\/www.bbmnoticias.com\\\/labravaradiofm\\\/2021\\\/11\\\/22\\\/empieza-la-batalla-real-dice-cancilleria-ante-respuesta-de-armerias-de-eu-a-demanda-de-mexico\\\/#breadcrumb\",\"itemListElement\":[{\"@type\":\"ListItem\",\"position\":1,\"name\":\"Inicio\",\"item\":\"https:\\\/\\\/www.bbmnoticias.com\\\/labravaradiofm\\\/\"},{\"@type\":\"ListItem\",\"position\":2,\"name\":\"&#8220;Empieza la batalla real&#8221;, dice Canciller\u00eda ante respuesta de armer\u00edas de EU a demanda de M\u00e9xico\"}]},{\"@type\":\"WebSite\",\"@id\":\"https:\\\/\\\/www.bbmnoticias.com\\\/labravaradiofm\\\/#website\",\"url\":\"https:\\\/\\\/www.bbmnoticias.com\\\/labravaradiofm\\\/\",\"name\":\"LA BRAVA RADIO\",\"description\":\"Empresa productora de medios, Radiodifusi\u00f3n, Noticias, tendencias y todo lo que necesitas saber de la pol\u00edtica mexicana e internacional; entretenimiento, espect\u00e1culos, salud y mucho m\u00e1s.\",\"potentialAction\":[{\"@type\":\"SearchAction\",\"target\":{\"@type\":\"EntryPoint\",\"urlTemplate\":\"https:\\\/\\\/www.bbmnoticias.com\\\/labravaradiofm\\\/?s={search_term_string}\"},\"query-input\":{\"@type\":\"PropertyValueSpecification\",\"valueRequired\":true,\"valueName\":\"search_term_string\"}}],\"inLanguage\":\"es\"},{\"@type\":\"Person\",\"@id\":\"https:\\\/\\\/www.bbmnoticias.com\\\/labravaradiofm\\\/#\\\/schema\\\/person\\\/68a9e9036ef3c5b55aeb2b71dc8bab45\",\"name\":\"Staff\",\"image\":{\"@type\":\"ImageObject\",\"inLanguage\":\"es\",\"@id\":\"https:\\\/\\\/secure.gravatar.com\\\/avatar\\\/fdd21ad66fd8b98c407f9dee5b5e588cfe7f0d8579ec20fa6527cd59bab7f0f0?s=96&d=mm&r=g\",\"url\":\"https:\\\/\\\/secure.gravatar.com\\\/avatar\\\/fdd21ad66fd8b98c407f9dee5b5e588cfe7f0d8579ec20fa6527cd59bab7f0f0?s=96&d=mm&r=g\",\"contentUrl\":\"https:\\\/\\\/secure.gravatar.com\\\/avatar\\\/fdd21ad66fd8b98c407f9dee5b5e588cfe7f0d8579ec20fa6527cd59bab7f0f0?s=96&d=mm&r=g\",\"caption\":\"Staff\"},\"url\":\"https:\\\/\\\/www.bbmnoticias.com\\\/labravaradiofm\\\/author\\\/redaccion\\\/\"}]}<\/script>\n<!-- \/ Yoast SEO plugin. -->","yoast_head_json":{"title":"\"Empieza la batalla real\", dice Canciller\u00eda ante respuesta de armer\u00edas de EU a demanda de M\u00e9xico - LA BRAVA RADIO","robots":{"index":"index","follow":"follow","max-snippet":"max-snippet:-1","max-image-preview":"max-image-preview:large","max-video-preview":"max-video-preview:-1"},"canonical":"https:\/\/www.bbmnoticias.com\/labravaradiofm\/2021\/11\/22\/empieza-la-batalla-real-dice-cancilleria-ante-respuesta-de-armerias-de-eu-a-demanda-de-mexico\/","og_locale":"es_MX","og_type":"article","og_title":"\"Empieza la batalla real\", dice Canciller\u00eda ante respuesta de armer\u00edas de EU a demanda de M\u00e9xico - LA BRAVA RADIO","og_description":"Esta tarde, las empresas de armas de fuego demandadas por el gobierno mexicano el pasado 4 de agosto ante una Corte Federal en Boston, Estados Unidos, comenzaron a presentar los argumentos para su defensa. Entre ellos, se\u00f1alan que la querella es violatoria de las leyes norteamericanas, que las muertes asociadas a las armas extranjeras no [&hellip;]","og_url":"https:\/\/www.bbmnoticias.com\/labravaradiofm\/2021\/11\/22\/empieza-la-batalla-real-dice-cancilleria-ante-respuesta-de-armerias-de-eu-a-demanda-de-mexico\/","og_site_name":"LA BRAVA RADIO","article_published_time":"2021-11-23T01:54:53+00:00","article_modified_time":"2021-11-23T01:54:54+00:00","og_image":[{"width":1023,"height":630,"url":"https:\/\/www.bbmnoticias.com\/labravaradiofm\/wp-content\/uploads\/sites\/5\/2021\/11\/n22112021-9.webp","type":"image\/webp"}],"author":"Staff","twitter_card":"summary_large_image","twitter_misc":{"Escrito por":"Staff","Tiempo de lectura":"4 minutos"},"schema":{"@context":"https:\/\/schema.org","@graph":[{"@type":"Article","@id":"https:\/\/www.bbmnoticias.com\/labravaradiofm\/2021\/11\/22\/empieza-la-batalla-real-dice-cancilleria-ante-respuesta-de-armerias-de-eu-a-demanda-de-mexico\/#article","isPartOf":{"@id":"https:\/\/www.bbmnoticias.com\/labravaradiofm\/2021\/11\/22\/empieza-la-batalla-real-dice-cancilleria-ante-respuesta-de-armerias-de-eu-a-demanda-de-mexico\/"},"author":{"name":"Staff","@id":"https:\/\/www.bbmnoticias.com\/labravaradiofm\/#\/schema\/person\/68a9e9036ef3c5b55aeb2b71dc8bab45"},"headline":"&#8220;Empieza la batalla real&#8221;, dice Canciller\u00eda ante respuesta de armer\u00edas de EU a demanda de M\u00e9xico","datePublished":"2021-11-23T01:54:53+00:00","dateModified":"2021-11-23T01:54:54+00:00","mainEntityOfPage":{"@id":"https:\/\/www.bbmnoticias.com\/labravaradiofm\/2021\/11\/22\/empieza-la-batalla-real-dice-cancilleria-ante-respuesta-de-armerias-de-eu-a-demanda-de-mexico\/"},"wordCount":763,"image":{"@id":"https:\/\/www.bbmnoticias.com\/labravaradiofm\/2021\/11\/22\/empieza-la-batalla-real-dice-cancilleria-ante-respuesta-de-armerias-de-eu-a-demanda-de-mexico\/#primaryimage"},"thumbnailUrl":"https:\/\/www.bbmnoticias.com\/labravaradiofm\/wp-content\/uploads\/sites\/5\/2021\/11\/n22112021-9.webp","articleSection":["NACIONAL"],"inLanguage":"es"},{"@type":"WebPage","@id":"https:\/\/www.bbmnoticias.com\/labravaradiofm\/2021\/11\/22\/empieza-la-batalla-real-dice-cancilleria-ante-respuesta-de-armerias-de-eu-a-demanda-de-mexico\/","url":"https:\/\/www.bbmnoticias.com\/labravaradiofm\/2021\/11\/22\/empieza-la-batalla-real-dice-cancilleria-ante-respuesta-de-armerias-de-eu-a-demanda-de-mexico\/","name":"\"Empieza la batalla real\", dice Canciller\u00eda ante respuesta de armer\u00edas de EU a demanda de M\u00e9xico - LA BRAVA RADIO","isPartOf":{"@id":"https:\/\/www.bbmnoticias.com\/labravaradiofm\/#website"},"primaryImageOfPage":{"@id":"https:\/\/www.bbmnoticias.com\/labravaradiofm\/2021\/11\/22\/empieza-la-batalla-real-dice-cancilleria-ante-respuesta-de-armerias-de-eu-a-demanda-de-mexico\/#primaryimage"},"image":{"@id":"https:\/\/www.bbmnoticias.com\/labravaradiofm\/2021\/11\/22\/empieza-la-batalla-real-dice-cancilleria-ante-respuesta-de-armerias-de-eu-a-demanda-de-mexico\/#primaryimage"},"thumbnailUrl":"https:\/\/www.bbmnoticias.com\/labravaradiofm\/wp-content\/uploads\/sites\/5\/2021\/11\/n22112021-9.webp","datePublished":"2021-11-23T01:54:53+00:00","dateModified":"2021-11-23T01:54:54+00:00","author":{"@id":"https:\/\/www.bbmnoticias.com\/labravaradiofm\/#\/schema\/person\/68a9e9036ef3c5b55aeb2b71dc8bab45"},"breadcrumb":{"@id":"https:\/\/www.bbmnoticias.com\/labravaradiofm\/2021\/11\/22\/empieza-la-batalla-real-dice-cancilleria-ante-respuesta-de-armerias-de-eu-a-demanda-de-mexico\/#breadcrumb"},"inLanguage":"es","potentialAction":[{"@type":"ReadAction","target":["https:\/\/www.bbmnoticias.com\/labravaradiofm\/2021\/11\/22\/empieza-la-batalla-real-dice-cancilleria-ante-respuesta-de-armerias-de-eu-a-demanda-de-mexico\/"]}]},{"@type":"ImageObject","inLanguage":"es","@id":"https:\/\/www.bbmnoticias.com\/labravaradiofm\/2021\/11\/22\/empieza-la-batalla-real-dice-cancilleria-ante-respuesta-de-armerias-de-eu-a-demanda-de-mexico\/#primaryimage","url":"https:\/\/www.bbmnoticias.com\/labravaradiofm\/wp-content\/uploads\/sites\/5\/2021\/11\/n22112021-9.webp","contentUrl":"https:\/\/www.bbmnoticias.com\/labravaradiofm\/wp-content\/uploads\/sites\/5\/2021\/11\/n22112021-9.webp","width":1023,"height":630},{"@type":"BreadcrumbList","@id":"https:\/\/www.bbmnoticias.com\/labravaradiofm\/2021\/11\/22\/empieza-la-batalla-real-dice-cancilleria-ante-respuesta-de-armerias-de-eu-a-demanda-de-mexico\/#breadcrumb","itemListElement":[{"@type":"ListItem","position":1,"name":"Inicio","item":"https:\/\/www.bbmnoticias.com\/labravaradiofm\/"},{"@type":"ListItem","position":2,"name":"&#8220;Empieza la batalla real&#8221;, dice Canciller\u00eda ante respuesta de armer\u00edas de EU a demanda de M\u00e9xico"}]},{"@type":"WebSite","@id":"https:\/\/www.bbmnoticias.com\/labravaradiofm\/#website","url":"https:\/\/www.bbmnoticias.com\/labravaradiofm\/","name":"LA BRAVA RADIO","description":"Empresa productora de medios, Radiodifusi\u00f3n, Noticias, tendencias y todo lo que necesitas saber de la pol\u00edtica mexicana e internacional; entretenimiento, espect\u00e1culos, salud y mucho m\u00e1s.","potentialAction":[{"@type":"SearchAction","target":{"@type":"EntryPoint","urlTemplate":"https:\/\/www.bbmnoticias.com\/labravaradiofm\/?s={search_term_string}"},"query-input":{"@type":"PropertyValueSpecification","valueRequired":true,"valueName":"search_term_string"}}],"inLanguage":"es"},{"@type":"Person","@id":"https:\/\/www.bbmnoticias.com\/labravaradiofm\/#\/schema\/person\/68a9e9036ef3c5b55aeb2b71dc8bab45","name":"Staff","image":{"@type":"ImageObject","inLanguage":"es","@id":"https:\/\/secure.gravatar.com\/avatar\/fdd21ad66fd8b98c407f9dee5b5e588cfe7f0d8579ec20fa6527cd59bab7f0f0?s=96&d=mm&r=g","url":"https:\/\/secure.gravatar.com\/avatar\/fdd21ad66fd8b98c407f9dee5b5e588cfe7f0d8579ec20fa6527cd59bab7f0f0?s=96&d=mm&r=g","contentUrl":"https:\/\/secure.gravatar.com\/avatar\/fdd21ad66fd8b98c407f9dee5b5e588cfe7f0d8579ec20fa6527cd59bab7f0f0?s=96&d=mm&r=g","caption":"Staff"},"url":"https:\/\/www.bbmnoticias.com\/labravaradiofm\/author\/redaccion\/"}]}},"_links":{"self":[{"href":"https:\/\/www.bbmnoticias.com\/labravaradiofm\/wp-json\/wp\/v2\/posts\/5945","targetHints":{"allow":["GET"]}}],"collection":[{"href":"https:\/\/www.bbmnoticias.com\/labravaradiofm\/wp-json\/wp\/v2\/posts"}],"about":[{"href":"https:\/\/www.bbmnoticias.com\/labravaradiofm\/wp-json\/wp\/v2\/types\/post"}],"author":[{"embeddable":true,"href":"https:\/\/www.bbmnoticias.com\/labravaradiofm\/wp-json\/wp\/v2\/users\/2"}],"replies":[{"embeddable":true,"href":"https:\/\/www.bbmnoticias.com\/labravaradiofm\/wp-json\/wp\/v2\/comments?post=5945"}],"version-history":[{"count":0,"href":"https:\/\/www.bbmnoticias.com\/labravaradiofm\/wp-json\/wp\/v2\/posts\/5945\/revisions"}],"wp:featuredmedia":[{"embeddable":true,"href":"https:\/\/www.bbmnoticias.com\/labravaradiofm\/wp-json\/wp\/v2\/media\/5946"}],"wp:attachment":[{"href":"https:\/\/www.bbmnoticias.com\/labravaradiofm\/wp-json\/wp\/v2\/media?parent=5945"}],"wp:term":[{"taxonomy":"category","embeddable":true,"href":"https:\/\/www.bbmnoticias.com\/labravaradiofm\/wp-json\/wp\/v2\/categories?post=5945"},{"taxonomy":"post_tag","embeddable":true,"href":"https:\/\/www.bbmnoticias.com\/labravaradiofm\/wp-json\/wp\/v2\/tags?post=5945"}],"curies":[{"name":"wp","href":"https:\/\/api.w.org\/{rel}","templated":true}]}}