{"id":5942,"date":"2021-11-22T19:43:39","date_gmt":"2021-11-23T01:43:39","guid":{"rendered":"https:\/\/www.bbmnoticias.com\/labravaradiofm\/?p=5942"},"modified":"2021-11-22T19:43:41","modified_gmt":"2021-11-23T01:43:41","slug":"human-rights-watch-condena-respaldo-de-luis-cresencio-sandoval-a-gobierno-de-amlo","status":"publish","type":"post","link":"https:\/\/www.bbmnoticias.com\/labravaradiofm\/2021\/11\/22\/human-rights-watch-condena-respaldo-de-luis-cresencio-sandoval-a-gobierno-de-amlo\/","title":{"rendered":"Human Rights Watch condena respaldo de Luis Cresencio Sandoval a gobierno de AMLO"},"content":{"rendered":"<div style=\"margin-top: 0px; margin-bottom: 0px;\" class=\"sharethis-inline-share-buttons\" ><\/div>\n<p><strong>Human Rights Watch<\/strong> conden\u00f3 el apoyo de la cabeza de Secretar\u00eda de Defensa Nacional (<strong>Sedena<\/strong>) hacia el presidente Andr\u00e9s Manuel L\u00f3pez Obrador (<strong>AMLO<\/strong>) durante un acto p\u00fablico realizado el 20 de noviembre.<\/p>\n\n\n\n<p>Fue por medio de redes sociales que, el organismo sin fines de lucro afirm\u00f3 que \u201cla democracia peligra en M\u00e9xico\u201d.<\/p>\n\n\n\n<p>Luego de que Luis Cresencio Sandoval, titular de <strong>Sedena<\/strong>, expresar\u00e1 que se identifica con el proyecto de \u201cJuntos Hacemos Historia\u201d y el Ejecutivo federal, Andr\u00e9s Manuel L\u00f3pez Obrador (AMLO).<\/p>\n\n\n\n<p>\u201cEl general Sandoval, jefe de las Fuerzas Armadas de M\u00e9xico, durante la celebraci\u00f3n del D\u00eda de la Revoluci\u00f3n, respald\u00f3 y se identific\u00f3 p\u00fablicamente con AMLO y su proyecto pol\u00edtico\u201d.<\/p>\n\n\n\n<p>\u201cCuando los militares se meten en pol\u00edtica partidista la democracia peligra\u201d, expres\u00f3 <strong>Human Rights Watch<\/strong>.<\/p>\n\n\n\n<p>Su mensaje fue acompa\u00f1ado por un video que dura 1 minuto con 16 segundos y muestra al titular de la Secretaria de Defensa Nacional (<strong>Sedena<\/strong>) en conferencia de prensa reafirmando el apoyo que <strong>AMLO<\/strong> ha dado a las Fuerzas Armadas.<\/p>\n\n\n\n<p>\u201cPara nosotros es un honor contribuir al proyecto que ha iniciado desde el inicio de su gobierno\u201d.<\/p>\n\n\n\n<p>\u201cEn este sentido, las Fuerzas Armadas (Sedena) y la Guardia Nacional vemos el mismo prop\u00f3sito que las primeras transformaciones: el bien de la patria\u201d, dijo.<\/p>\n\n\n\n<h2 class=\"wp-block-heading\">Titular de Sedena apoya proyecto de la Cuarta Transfromaci\u00f3n y AMLO<\/h2>\n\n\n\n<p>Fue el pasado 20 de noviembre, cuando Luis Cresencio Sandoval, <strong>titular de Sedena <\/strong>apoy\u00f3 el proyecto de la <strong>Cuarta Transformaci\u00f3n <\/strong>y al presidente Andr\u00e9s Manuel L\u00f3pez Obrador (<strong>AMLO<\/strong>).<\/p>\n\n\n\n<p>En su discurso, la cabeza de Secretar\u00eda de Defensa (<strong>Sedena<\/strong>) destac\u00f3 que el inter\u00e9s nacional siempre ante todo.<\/p>\n\n\n\n<p>Sin embargo, hizo un llamado a los ciudadanos de M\u00e9xico para defender el proyecto de la Cuarta Transformaci\u00f3n y unirse al Ejecutivo federal, <strong>AMLO<\/strong>, en su erradicaci\u00f3n contra la corrupci\u00f3n y el bienestar de M\u00e9xico.<\/p>\n\n\n\n<p>\u201cEs necesario estar unidos en el proyecto que est\u00e1 en marcha, pues lejos de las diferencias de pensamiento, trabajando por un objetivo lo podremos hacer real\u201d, declar\u00f3.<\/p>\n\n\n\n<p>Tras este discurso, el secretario de Defensa Nacional (<strong>Sedena<\/strong>) ha recibido miles de cr\u00edticas de miles de actores pol\u00edticos y acad\u00e9micos, pues estos afirman preocupaci\u00f3n por las Fuerzas Armadas, las cuales deber\u00edan ser neutrales.<\/p>\n","protected":false},"excerpt":{"rendered":"<p>Human Rights Watch conden\u00f3 el apoyo de la cabeza de Secretar\u00eda de Defensa Nacional (Sedena) hacia el presidente Andr\u00e9s Manuel L\u00f3pez Obrador (AMLO) durante un acto p\u00fablico realizado el 20 de noviembre. Fue por medio de redes sociales que, el organismo sin fines de lucro afirm\u00f3 que \u201cla democracia peligra en M\u00e9xico\u201d. Luego de que [&hellip;]<\/p>\n","protected":false},"author":12,"featured_media":5943,"comment_status":"closed","ping_status":"closed","sticky":false,"template":"","format":"standard","meta":{"footnotes":""},"categories":[19],"tags":[],"class_list":{"0":"post-5942","1":"post","2":"type-post","3":"status-publish","4":"format-standard","5":"has-post-thumbnail","7":"category-nacional"},"yoast_head":"<!-- This site is optimized with the Yoast SEO plugin v27.4 - https:\/\/yoast.com\/product\/yoast-seo-wordpress\/ -->\n<title>Human Rights Watch condena respaldo de Luis Cresencio Sandoval a gobierno de AMLO - LA BRAVA RADIO<\/title>\n<meta name=\"robots\" content=\"index, follow, max-snippet:-1, max-image-preview:large, max-video-preview:-1\" \/>\n<link rel=\"canonical\" href=\"https:\/\/www.bbmnoticias.com\/labravaradiofm\/2021\/11\/22\/human-rights-watch-condena-respaldo-de-luis-cresencio-sandoval-a-gobierno-de-amlo\/\" \/>\n<meta property=\"og:locale\" content=\"es_MX\" \/>\n<meta property=\"og:type\" content=\"article\" \/>\n<meta property=\"og:title\" content=\"Human Rights Watch condena respaldo de Luis Cresencio Sandoval a gobierno de AMLO - LA BRAVA RADIO\" \/>\n<meta property=\"og:description\" content=\"Human Rights Watch conden\u00f3 el apoyo de la cabeza de Secretar\u00eda de Defensa Nacional (Sedena) hacia el presidente Andr\u00e9s Manuel L\u00f3pez Obrador (AMLO) durante un acto p\u00fablico realizado el 20 de noviembre. Fue por medio de redes sociales que, el organismo sin fines de lucro afirm\u00f3 que \u201cla democracia peligra en M\u00e9xico\u201d. Luego de que [&hellip;]\" \/>\n<meta property=\"og:url\" content=\"https:\/\/www.bbmnoticias.com\/labravaradiofm\/2021\/11\/22\/human-rights-watch-condena-respaldo-de-luis-cresencio-sandoval-a-gobierno-de-amlo\/\" \/>\n<meta property=\"og:site_name\" content=\"LA BRAVA RADIO\" \/>\n<meta property=\"article:published_time\" content=\"2021-11-23T01:43:39+00:00\" \/>\n<meta property=\"article:modified_time\" content=\"2021-11-23T01:43:41+00:00\" \/>\n<meta property=\"og:image\" content=\"https:\/\/www.bbmnoticias.com\/labravaradiofm\/wp-content\/uploads\/sites\/5\/2021\/11\/n22112021-8.jpeg\" \/>\n\t<meta property=\"og:image:width\" content=\"640\" \/>\n\t<meta property=\"og:image:height\" content=\"360\" \/>\n\t<meta property=\"og:image:type\" content=\"image\/jpeg\" \/>\n<meta name=\"author\" content=\"SDPnoticias\" \/>\n<meta name=\"twitter:card\" content=\"summary_large_image\" \/>\n<meta name=\"twitter:label1\" content=\"Escrito por\" \/>\n\t<meta name=\"twitter:data1\" content=\"SDPnoticias\" \/>\n\t<meta name=\"twitter:label2\" content=\"Tiempo de lectura\" \/>\n\t<meta name=\"twitter:data2\" content=\"2 minutos\" \/>\n<script type=\"application\/ld+json\" class=\"yoast-schema-graph\">{\"@context\":\"https:\\\/\\\/schema.org\",\"@graph\":[{\"@type\":\"Article\",\"@id\":\"https:\\\/\\\/www.bbmnoticias.com\\\/labravaradiofm\\\/2021\\\/11\\\/22\\\/human-rights-watch-condena-respaldo-de-luis-cresencio-sandoval-a-gobierno-de-amlo\\\/#article\",\"isPartOf\":{\"@id\":\"https:\\\/\\\/www.bbmnoticias.com\\\/labravaradiofm\\\/2021\\\/11\\\/22\\\/human-rights-watch-condena-respaldo-de-luis-cresencio-sandoval-a-gobierno-de-amlo\\\/\"},\"author\":{\"name\":\"SDPnoticias\",\"@id\":\"https:\\\/\\\/www.bbmnoticias.com\\\/labravaradiofm\\\/#\\\/schema\\\/person\\\/baf240d77a345f5fbc3dc146f9161af9\"},\"headline\":\"Human Rights Watch condena respaldo de Luis Cresencio Sandoval a gobierno de AMLO\",\"datePublished\":\"2021-11-23T01:43:39+00:00\",\"dateModified\":\"2021-11-23T01:43:41+00:00\",\"mainEntityOfPage\":{\"@id\":\"https:\\\/\\\/www.bbmnoticias.com\\\/labravaradiofm\\\/2021\\\/11\\\/22\\\/human-rights-watch-condena-respaldo-de-luis-cresencio-sandoval-a-gobierno-de-amlo\\\/\"},\"wordCount\":401,\"image\":{\"@id\":\"https:\\\/\\\/www.bbmnoticias.com\\\/labravaradiofm\\\/2021\\\/11\\\/22\\\/human-rights-watch-condena-respaldo-de-luis-cresencio-sandoval-a-gobierno-de-amlo\\\/#primaryimage\"},\"thumbnailUrl\":\"https:\\\/\\\/www.bbmnoticias.com\\\/labravaradiofm\\\/wp-content\\\/uploads\\\/sites\\\/5\\\/2021\\\/11\\\/n22112021-8.jpeg\",\"articleSection\":[\"NACIONAL\"],\"inLanguage\":\"es\"},{\"@type\":\"WebPage\",\"@id\":\"https:\\\/\\\/www.bbmnoticias.com\\\/labravaradiofm\\\/2021\\\/11\\\/22\\\/human-rights-watch-condena-respaldo-de-luis-cresencio-sandoval-a-gobierno-de-amlo\\\/\",\"url\":\"https:\\\/\\\/www.bbmnoticias.com\\\/labravaradiofm\\\/2021\\\/11\\\/22\\\/human-rights-watch-condena-respaldo-de-luis-cresencio-sandoval-a-gobierno-de-amlo\\\/\",\"name\":\"Human Rights Watch condena respaldo de Luis Cresencio Sandoval a gobierno de AMLO - LA BRAVA RADIO\",\"isPartOf\":{\"@id\":\"https:\\\/\\\/www.bbmnoticias.com\\\/labravaradiofm\\\/#website\"},\"primaryImageOfPage\":{\"@id\":\"https:\\\/\\\/www.bbmnoticias.com\\\/labravaradiofm\\\/2021\\\/11\\\/22\\\/human-rights-watch-condena-respaldo-de-luis-cresencio-sandoval-a-gobierno-de-amlo\\\/#primaryimage\"},\"image\":{\"@id\":\"https:\\\/\\\/www.bbmnoticias.com\\\/labravaradiofm\\\/2021\\\/11\\\/22\\\/human-rights-watch-condena-respaldo-de-luis-cresencio-sandoval-a-gobierno-de-amlo\\\/#primaryimage\"},\"thumbnailUrl\":\"https:\\\/\\\/www.bbmnoticias.com\\\/labravaradiofm\\\/wp-content\\\/uploads\\\/sites\\\/5\\\/2021\\\/11\\\/n22112021-8.jpeg\",\"datePublished\":\"2021-11-23T01:43:39+00:00\",\"dateModified\":\"2021-11-23T01:43:41+00:00\",\"author\":{\"@id\":\"https:\\\/\\\/www.bbmnoticias.com\\\/labravaradiofm\\\/#\\\/schema\\\/person\\\/baf240d77a345f5fbc3dc146f9161af9\"},\"breadcrumb\":{\"@id\":\"https:\\\/\\\/www.bbmnoticias.com\\\/labravaradiofm\\\/2021\\\/11\\\/22\\\/human-rights-watch-condena-respaldo-de-luis-cresencio-sandoval-a-gobierno-de-amlo\\\/#breadcrumb\"},\"inLanguage\":\"es\",\"potentialAction\":[{\"@type\":\"ReadAction\",\"target\":[\"https:\\\/\\\/www.bbmnoticias.com\\\/labravaradiofm\\\/2021\\\/11\\\/22\\\/human-rights-watch-condena-respaldo-de-luis-cresencio-sandoval-a-gobierno-de-amlo\\\/\"]}]},{\"@type\":\"ImageObject\",\"inLanguage\":\"es\",\"@id\":\"https:\\\/\\\/www.bbmnoticias.com\\\/labravaradiofm\\\/2021\\\/11\\\/22\\\/human-rights-watch-condena-respaldo-de-luis-cresencio-sandoval-a-gobierno-de-amlo\\\/#primaryimage\",\"url\":\"https:\\\/\\\/www.bbmnoticias.com\\\/labravaradiofm\\\/wp-content\\\/uploads\\\/sites\\\/5\\\/2021\\\/11\\\/n22112021-8.jpeg\",\"contentUrl\":\"https:\\\/\\\/www.bbmnoticias.com\\\/labravaradiofm\\\/wp-content\\\/uploads\\\/sites\\\/5\\\/2021\\\/11\\\/n22112021-8.jpeg\",\"width\":640,\"height\":360},{\"@type\":\"BreadcrumbList\",\"@id\":\"https:\\\/\\\/www.bbmnoticias.com\\\/labravaradiofm\\\/2021\\\/11\\\/22\\\/human-rights-watch-condena-respaldo-de-luis-cresencio-sandoval-a-gobierno-de-amlo\\\/#breadcrumb\",\"itemListElement\":[{\"@type\":\"ListItem\",\"position\":1,\"name\":\"Inicio\",\"item\":\"https:\\\/\\\/www.bbmnoticias.com\\\/labravaradiofm\\\/\"},{\"@type\":\"ListItem\",\"position\":2,\"name\":\"Human Rights Watch condena respaldo de Luis Cresencio Sandoval a gobierno de AMLO\"}]},{\"@type\":\"WebSite\",\"@id\":\"https:\\\/\\\/www.bbmnoticias.com\\\/labravaradiofm\\\/#website\",\"url\":\"https:\\\/\\\/www.bbmnoticias.com\\\/labravaradiofm\\\/\",\"name\":\"LA BRAVA RADIO\",\"description\":\"Empresa productora de medios, Radiodifusi\u00f3n, Noticias, tendencias y todo lo que necesitas saber de la pol\u00edtica mexicana e internacional; entretenimiento, espect\u00e1culos, salud y mucho m\u00e1s.\",\"potentialAction\":[{\"@type\":\"SearchAction\",\"target\":{\"@type\":\"EntryPoint\",\"urlTemplate\":\"https:\\\/\\\/www.bbmnoticias.com\\\/labravaradiofm\\\/?s={search_term_string}\"},\"query-input\":{\"@type\":\"PropertyValueSpecification\",\"valueRequired\":true,\"valueName\":\"search_term_string\"}}],\"inLanguage\":\"es\"},{\"@type\":\"Person\",\"@id\":\"https:\\\/\\\/www.bbmnoticias.com\\\/labravaradiofm\\\/#\\\/schema\\\/person\\\/baf240d77a345f5fbc3dc146f9161af9\",\"name\":\"SDPnoticias\",\"image\":{\"@type\":\"ImageObject\",\"inLanguage\":\"es\",\"@id\":\"https:\\\/\\\/secure.gravatar.com\\\/avatar\\\/015ede9175a06d999d8b2b09e108b48c9e008e4ee44a647956086b51bbce326c?s=96&d=mm&r=g\",\"url\":\"https:\\\/\\\/secure.gravatar.com\\\/avatar\\\/015ede9175a06d999d8b2b09e108b48c9e008e4ee44a647956086b51bbce326c?s=96&d=mm&r=g\",\"contentUrl\":\"https:\\\/\\\/secure.gravatar.com\\\/avatar\\\/015ede9175a06d999d8b2b09e108b48c9e008e4ee44a647956086b51bbce326c?s=96&d=mm&r=g\",\"caption\":\"SDPnoticias\"},\"url\":\"https:\\\/\\\/www.bbmnoticias.com\\\/labravaradiofm\\\/author\\\/sdpnoticias\\\/\"}]}<\/script>\n<!-- \/ Yoast SEO plugin. -->","yoast_head_json":{"title":"Human Rights Watch condena respaldo de Luis Cresencio Sandoval a gobierno de AMLO - LA BRAVA RADIO","robots":{"index":"index","follow":"follow","max-snippet":"max-snippet:-1","max-image-preview":"max-image-preview:large","max-video-preview":"max-video-preview:-1"},"canonical":"https:\/\/www.bbmnoticias.com\/labravaradiofm\/2021\/11\/22\/human-rights-watch-condena-respaldo-de-luis-cresencio-sandoval-a-gobierno-de-amlo\/","og_locale":"es_MX","og_type":"article","og_title":"Human Rights Watch condena respaldo de Luis Cresencio Sandoval a gobierno de AMLO - LA BRAVA RADIO","og_description":"Human Rights Watch conden\u00f3 el apoyo de la cabeza de Secretar\u00eda de Defensa Nacional (Sedena) hacia el presidente Andr\u00e9s Manuel L\u00f3pez Obrador (AMLO) durante un acto p\u00fablico realizado el 20 de noviembre. Fue por medio de redes sociales que, el organismo sin fines de lucro afirm\u00f3 que \u201cla democracia peligra en M\u00e9xico\u201d. Luego de que [&hellip;]","og_url":"https:\/\/www.bbmnoticias.com\/labravaradiofm\/2021\/11\/22\/human-rights-watch-condena-respaldo-de-luis-cresencio-sandoval-a-gobierno-de-amlo\/","og_site_name":"LA BRAVA RADIO","article_published_time":"2021-11-23T01:43:39+00:00","article_modified_time":"2021-11-23T01:43:41+00:00","og_image":[{"width":640,"height":360,"url":"https:\/\/www.bbmnoticias.com\/labravaradiofm\/wp-content\/uploads\/sites\/5\/2021\/11\/n22112021-8.jpeg","type":"image\/jpeg"}],"author":"SDPnoticias","twitter_card":"summary_large_image","twitter_misc":{"Escrito por":"SDPnoticias","Tiempo de lectura":"2 minutos"},"schema":{"@context":"https:\/\/schema.org","@graph":[{"@type":"Article","@id":"https:\/\/www.bbmnoticias.com\/labravaradiofm\/2021\/11\/22\/human-rights-watch-condena-respaldo-de-luis-cresencio-sandoval-a-gobierno-de-amlo\/#article","isPartOf":{"@id":"https:\/\/www.bbmnoticias.com\/labravaradiofm\/2021\/11\/22\/human-rights-watch-condena-respaldo-de-luis-cresencio-sandoval-a-gobierno-de-amlo\/"},"author":{"name":"SDPnoticias","@id":"https:\/\/www.bbmnoticias.com\/labravaradiofm\/#\/schema\/person\/baf240d77a345f5fbc3dc146f9161af9"},"headline":"Human Rights Watch condena respaldo de Luis Cresencio Sandoval a gobierno de AMLO","datePublished":"2021-11-23T01:43:39+00:00","dateModified":"2021-11-23T01:43:41+00:00","mainEntityOfPage":{"@id":"https:\/\/www.bbmnoticias.com\/labravaradiofm\/2021\/11\/22\/human-rights-watch-condena-respaldo-de-luis-cresencio-sandoval-a-gobierno-de-amlo\/"},"wordCount":401,"image":{"@id":"https:\/\/www.bbmnoticias.com\/labravaradiofm\/2021\/11\/22\/human-rights-watch-condena-respaldo-de-luis-cresencio-sandoval-a-gobierno-de-amlo\/#primaryimage"},"thumbnailUrl":"https:\/\/www.bbmnoticias.com\/labravaradiofm\/wp-content\/uploads\/sites\/5\/2021\/11\/n22112021-8.jpeg","articleSection":["NACIONAL"],"inLanguage":"es"},{"@type":"WebPage","@id":"https:\/\/www.bbmnoticias.com\/labravaradiofm\/2021\/11\/22\/human-rights-watch-condena-respaldo-de-luis-cresencio-sandoval-a-gobierno-de-amlo\/","url":"https:\/\/www.bbmnoticias.com\/labravaradiofm\/2021\/11\/22\/human-rights-watch-condena-respaldo-de-luis-cresencio-sandoval-a-gobierno-de-amlo\/","name":"Human Rights Watch condena respaldo de Luis Cresencio Sandoval a gobierno de AMLO - LA BRAVA RADIO","isPartOf":{"@id":"https:\/\/www.bbmnoticias.com\/labravaradiofm\/#website"},"primaryImageOfPage":{"@id":"https:\/\/www.bbmnoticias.com\/labravaradiofm\/2021\/11\/22\/human-rights-watch-condena-respaldo-de-luis-cresencio-sandoval-a-gobierno-de-amlo\/#primaryimage"},"image":{"@id":"https:\/\/www.bbmnoticias.com\/labravaradiofm\/2021\/11\/22\/human-rights-watch-condena-respaldo-de-luis-cresencio-sandoval-a-gobierno-de-amlo\/#primaryimage"},"thumbnailUrl":"https:\/\/www.bbmnoticias.com\/labravaradiofm\/wp-content\/uploads\/sites\/5\/2021\/11\/n22112021-8.jpeg","datePublished":"2021-11-23T01:43:39+00:00","dateModified":"2021-11-23T01:43:41+00:00","author":{"@id":"https:\/\/www.bbmnoticias.com\/labravaradiofm\/#\/schema\/person\/baf240d77a345f5fbc3dc146f9161af9"},"breadcrumb":{"@id":"https:\/\/www.bbmnoticias.com\/labravaradiofm\/2021\/11\/22\/human-rights-watch-condena-respaldo-de-luis-cresencio-sandoval-a-gobierno-de-amlo\/#breadcrumb"},"inLanguage":"es","potentialAction":[{"@type":"ReadAction","target":["https:\/\/www.bbmnoticias.com\/labravaradiofm\/2021\/11\/22\/human-rights-watch-condena-respaldo-de-luis-cresencio-sandoval-a-gobierno-de-amlo\/"]}]},{"@type":"ImageObject","inLanguage":"es","@id":"https:\/\/www.bbmnoticias.com\/labravaradiofm\/2021\/11\/22\/human-rights-watch-condena-respaldo-de-luis-cresencio-sandoval-a-gobierno-de-amlo\/#primaryimage","url":"https:\/\/www.bbmnoticias.com\/labravaradiofm\/wp-content\/uploads\/sites\/5\/2021\/11\/n22112021-8.jpeg","contentUrl":"https:\/\/www.bbmnoticias.com\/labravaradiofm\/wp-content\/uploads\/sites\/5\/2021\/11\/n22112021-8.jpeg","width":640,"height":360},{"@type":"BreadcrumbList","@id":"https:\/\/www.bbmnoticias.com\/labravaradiofm\/2021\/11\/22\/human-rights-watch-condena-respaldo-de-luis-cresencio-sandoval-a-gobierno-de-amlo\/#breadcrumb","itemListElement":[{"@type":"ListItem","position":1,"name":"Inicio","item":"https:\/\/www.bbmnoticias.com\/labravaradiofm\/"},{"@type":"ListItem","position":2,"name":"Human Rights Watch condena respaldo de Luis Cresencio Sandoval a gobierno de AMLO"}]},{"@type":"WebSite","@id":"https:\/\/www.bbmnoticias.com\/labravaradiofm\/#website","url":"https:\/\/www.bbmnoticias.com\/labravaradiofm\/","name":"LA BRAVA RADIO","description":"Empresa productora de medios, Radiodifusi\u00f3n, Noticias, tendencias y todo lo que necesitas saber de la pol\u00edtica mexicana e internacional; entretenimiento, espect\u00e1culos, salud y mucho m\u00e1s.","potentialAction":[{"@type":"SearchAction","target":{"@type":"EntryPoint","urlTemplate":"https:\/\/www.bbmnoticias.com\/labravaradiofm\/?s={search_term_string}"},"query-input":{"@type":"PropertyValueSpecification","valueRequired":true,"valueName":"search_term_string"}}],"inLanguage":"es"},{"@type":"Person","@id":"https:\/\/www.bbmnoticias.com\/labravaradiofm\/#\/schema\/person\/baf240d77a345f5fbc3dc146f9161af9","name":"SDPnoticias","image":{"@type":"ImageObject","inLanguage":"es","@id":"https:\/\/secure.gravatar.com\/avatar\/015ede9175a06d999d8b2b09e108b48c9e008e4ee44a647956086b51bbce326c?s=96&d=mm&r=g","url":"https:\/\/secure.gravatar.com\/avatar\/015ede9175a06d999d8b2b09e108b48c9e008e4ee44a647956086b51bbce326c?s=96&d=mm&r=g","contentUrl":"https:\/\/secure.gravatar.com\/avatar\/015ede9175a06d999d8b2b09e108b48c9e008e4ee44a647956086b51bbce326c?s=96&d=mm&r=g","caption":"SDPnoticias"},"url":"https:\/\/www.bbmnoticias.com\/labravaradiofm\/author\/sdpnoticias\/"}]}},"_links":{"self":[{"href":"https:\/\/www.bbmnoticias.com\/labravaradiofm\/wp-json\/wp\/v2\/posts\/5942","targetHints":{"allow":["GET"]}}],"collection":[{"href":"https:\/\/www.bbmnoticias.com\/labravaradiofm\/wp-json\/wp\/v2\/posts"}],"about":[{"href":"https:\/\/www.bbmnoticias.com\/labravaradiofm\/wp-json\/wp\/v2\/types\/post"}],"author":[{"embeddable":true,"href":"https:\/\/www.bbmnoticias.com\/labravaradiofm\/wp-json\/wp\/v2\/users\/12"}],"replies":[{"embeddable":true,"href":"https:\/\/www.bbmnoticias.com\/labravaradiofm\/wp-json\/wp\/v2\/comments?post=5942"}],"version-history":[{"count":0,"href":"https:\/\/www.bbmnoticias.com\/labravaradiofm\/wp-json\/wp\/v2\/posts\/5942\/revisions"}],"wp:featuredmedia":[{"embeddable":true,"href":"https:\/\/www.bbmnoticias.com\/labravaradiofm\/wp-json\/wp\/v2\/media\/5943"}],"wp:attachment":[{"href":"https:\/\/www.bbmnoticias.com\/labravaradiofm\/wp-json\/wp\/v2\/media?parent=5942"}],"wp:term":[{"taxonomy":"category","embeddable":true,"href":"https:\/\/www.bbmnoticias.com\/labravaradiofm\/wp-json\/wp\/v2\/categories?post=5942"},{"taxonomy":"post_tag","embeddable":true,"href":"https:\/\/www.bbmnoticias.com\/labravaradiofm\/wp-json\/wp\/v2\/tags?post=5942"}],"curies":[{"name":"wp","href":"https:\/\/api.w.org\/{rel}","templated":true}]}}