{"id":5937,"date":"2021-11-22T18:56:50","date_gmt":"2021-11-23T00:56:50","guid":{"rendered":"https:\/\/www.bbmnoticias.com\/labravaradiofm\/?p=5937"},"modified":"2021-11-22T18:56:51","modified_gmt":"2021-11-23T00:56:51","slug":"clausura-gobierno-de-salina-cruz-las-agencias-de-auto-honda-y-chrysler-por-no-pagar-impuestos","status":"publish","type":"post","link":"https:\/\/www.bbmnoticias.com\/labravaradiofm\/2021\/11\/22\/clausura-gobierno-de-salina-cruz-las-agencias-de-auto-honda-y-chrysler-por-no-pagar-impuestos\/","title":{"rendered":"Clausura gobierno de Salina Cruz las agencias de auto Honda y Chrysler por no pagar impuestos"},"content":{"rendered":"<div style=\"margin-top: 0px; margin-bottom: 0px;\" class=\"sharethis-inline-share-buttons\" ><\/div>\n<p>Salina Cruz, Oaxaca. El gobierno municipal de Salina Cruz que encabeza Juan Carlos Atecas Altamirano, clausur\u00f3 esta tarde dos agencias automotrices de este puerto, por no cubrir el pago de sus licencias para ofrecer sus servicios.<\/p>\n\n\n\n<p>El representante jur\u00eddico del ayuntamiento Diego Petrikowski Balc\u00e1zar , inform\u00f3 que la clausura de las agencias de autos Honda y Chrysler se debe a la falta de pago de impuestos.<\/p>\n\n\n\n<figure class=\"wp-block-image size-full\"><img loading=\"lazy\" decoding=\"async\" width=\"720\" height=\"540\" src=\"https:\/\/www.bbmnoticias.com\/labravaradiofm\/wp-content\/uploads\/sites\/5\/2021\/11\/FB_IMG_1637628870474.jpg\" alt=\"\" class=\"wp-image-5939\" srcset=\"https:\/\/www.bbmnoticias.com\/labravaradiofm\/wp-content\/uploads\/sites\/5\/2021\/11\/FB_IMG_1637628870474.jpg 720w, https:\/\/www.bbmnoticias.com\/labravaradiofm\/wp-content\/uploads\/sites\/5\/2021\/11\/FB_IMG_1637628870474-300x225.jpg 300w, https:\/\/www.bbmnoticias.com\/labravaradiofm\/wp-content\/uploads\/sites\/5\/2021\/11\/FB_IMG_1637628870474-560x420.jpg 560w, https:\/\/www.bbmnoticias.com\/labravaradiofm\/wp-content\/uploads\/sites\/5\/2021\/11\/FB_IMG_1637628870474-80x60.jpg 80w, https:\/\/www.bbmnoticias.com\/labravaradiofm\/wp-content\/uploads\/sites\/5\/2021\/11\/FB_IMG_1637628870474-100x75.jpg 100w, https:\/\/www.bbmnoticias.com\/labravaradiofm\/wp-content\/uploads\/sites\/5\/2021\/11\/FB_IMG_1637628870474-180x135.jpg 180w, https:\/\/www.bbmnoticias.com\/labravaradiofm\/wp-content\/uploads\/sites\/5\/2021\/11\/FB_IMG_1637628870474-238x178.jpg 238w, https:\/\/www.bbmnoticias.com\/labravaradiofm\/wp-content\/uploads\/sites\/5\/2021\/11\/FB_IMG_1637628870474-640x480.jpg 640w, https:\/\/www.bbmnoticias.com\/labravaradiofm\/wp-content\/uploads\/sites\/5\/2021\/11\/FB_IMG_1637628870474-681x511.jpg 681w\" sizes=\"auto, (max-width: 720px) 100vw, 720px\" \/><\/figure>\n\n\n\n<p>Precis\u00f3 que ambas agencias automotrices llevan m\u00e1s de dos a\u00f1os que no cubren el pago de sus impuestos.<\/p>\n\n\n\n<p>\u201cEl Departamento de Hacienda, Tesorer\u00eda y Jur\u00eddico le ha realizado en varias ocasiones requerimientos a estas dos empresas que pertenecen a un mismo corporativo y no han hecho caso omiso\u201d, subray\u00f3.<\/p>\n\n\n\n<p>Sin embargo, dijo que una vez que cubran el pago correspondiente v\u00eda electr\u00f3nica a tesorer\u00eda podr\u00e1n retirar los sellos de clausura y reanudar actividades normalmente.<\/p>\n\n\n\n<figure class=\"wp-block-image size-full\"><img loading=\"lazy\" decoding=\"async\" width=\"720\" height=\"540\" src=\"https:\/\/www.bbmnoticias.com\/labravaradiofm\/wp-content\/uploads\/sites\/5\/2021\/11\/FB_IMG_1637628865930.jpg\" alt=\"\" class=\"wp-image-5940\" srcset=\"https:\/\/www.bbmnoticias.com\/labravaradiofm\/wp-content\/uploads\/sites\/5\/2021\/11\/FB_IMG_1637628865930.jpg 720w, https:\/\/www.bbmnoticias.com\/labravaradiofm\/wp-content\/uploads\/sites\/5\/2021\/11\/FB_IMG_1637628865930-300x225.jpg 300w, https:\/\/www.bbmnoticias.com\/labravaradiofm\/wp-content\/uploads\/sites\/5\/2021\/11\/FB_IMG_1637628865930-560x420.jpg 560w, https:\/\/www.bbmnoticias.com\/labravaradiofm\/wp-content\/uploads\/sites\/5\/2021\/11\/FB_IMG_1637628865930-80x60.jpg 80w, https:\/\/www.bbmnoticias.com\/labravaradiofm\/wp-content\/uploads\/sites\/5\/2021\/11\/FB_IMG_1637628865930-100x75.jpg 100w, https:\/\/www.bbmnoticias.com\/labravaradiofm\/wp-content\/uploads\/sites\/5\/2021\/11\/FB_IMG_1637628865930-180x135.jpg 180w, https:\/\/www.bbmnoticias.com\/labravaradiofm\/wp-content\/uploads\/sites\/5\/2021\/11\/FB_IMG_1637628865930-238x178.jpg 238w, https:\/\/www.bbmnoticias.com\/labravaradiofm\/wp-content\/uploads\/sites\/5\/2021\/11\/FB_IMG_1637628865930-640x480.jpg 640w, https:\/\/www.bbmnoticias.com\/labravaradiofm\/wp-content\/uploads\/sites\/5\/2021\/11\/FB_IMG_1637628865930-681x511.jpg 681w\" sizes=\"auto, (max-width: 720px) 100vw, 720px\" \/><\/figure>\n\n\n\n<p>Cabe mencionar que en el mes de agosto de este a\u00f1o, el ayuntamiento clausur\u00f3 Farmacias de Ahorro por no contar con documentos en regla para el funcionamiento de su actividad comercial.<\/p>\n","protected":false},"excerpt":{"rendered":"<p>Salina Cruz, Oaxaca. El gobierno municipal de Salina Cruz que encabeza Juan Carlos Atecas Altamirano, clausur\u00f3 esta tarde dos agencias automotrices de este puerto, por no cubrir el pago de sus licencias para ofrecer sus servicios. El representante jur\u00eddico del ayuntamiento Diego Petrikowski Balc\u00e1zar , inform\u00f3 que la clausura de las agencias de autos Honda [&hellip;]<\/p>\n","protected":false},"author":3,"featured_media":5938,"comment_status":"closed","ping_status":"closed","sticky":false,"template":"","format":"standard","meta":{"footnotes":""},"categories":[1],"tags":[],"class_list":{"0":"post-5937","1":"post","2":"type-post","3":"status-publish","4":"format-standard","5":"has-post-thumbnail","7":"category-sin-categoria"},"yoast_head":"<!-- This site is optimized with the Yoast SEO plugin v27.4 - https:\/\/yoast.com\/product\/yoast-seo-wordpress\/ -->\n<title>Clausura gobierno de Salina Cruz las agencias de auto Honda y Chrysler por no pagar impuestos - LA BRAVA RADIO<\/title>\n<meta name=\"robots\" content=\"index, follow, max-snippet:-1, max-image-preview:large, max-video-preview:-1\" \/>\n<link rel=\"canonical\" href=\"https:\/\/www.bbmnoticias.com\/labravaradiofm\/2021\/11\/22\/clausura-gobierno-de-salina-cruz-las-agencias-de-auto-honda-y-chrysler-por-no-pagar-impuestos\/\" \/>\n<meta property=\"og:locale\" content=\"es_MX\" \/>\n<meta property=\"og:type\" content=\"article\" \/>\n<meta property=\"og:title\" content=\"Clausura gobierno de Salina Cruz las agencias de auto Honda y Chrysler por no pagar impuestos - LA BRAVA RADIO\" \/>\n<meta property=\"og:description\" content=\"Salina Cruz, Oaxaca. El gobierno municipal de Salina Cruz que encabeza Juan Carlos Atecas Altamirano, clausur\u00f3 esta tarde dos agencias automotrices de este puerto, por no cubrir el pago de sus licencias para ofrecer sus servicios. El representante jur\u00eddico del ayuntamiento Diego Petrikowski Balc\u00e1zar , inform\u00f3 que la clausura de las agencias de autos Honda [&hellip;]\" \/>\n<meta property=\"og:url\" content=\"https:\/\/www.bbmnoticias.com\/labravaradiofm\/2021\/11\/22\/clausura-gobierno-de-salina-cruz-las-agencias-de-auto-honda-y-chrysler-por-no-pagar-impuestos\/\" \/>\n<meta property=\"og:site_name\" content=\"LA BRAVA RADIO\" \/>\n<meta property=\"article:author\" content=\"https:\/\/www.facebook.com\/EdwinMeneses30\" \/>\n<meta property=\"article:published_time\" content=\"2021-11-23T00:56:50+00:00\" \/>\n<meta property=\"article:modified_time\" content=\"2021-11-23T00:56:51+00:00\" \/>\n<meta property=\"og:image\" content=\"https:\/\/www.bbmnoticias.com\/labravaradiofm\/wp-content\/uploads\/sites\/5\/2021\/11\/FB_IMG_1637628879807.jpg\" \/>\n\t<meta property=\"og:image:width\" content=\"720\" \/>\n\t<meta property=\"og:image:height\" content=\"540\" \/>\n\t<meta property=\"og:image:type\" content=\"image\/jpeg\" \/>\n<meta name=\"author\" content=\"Edwin MENESES\" \/>\n<meta name=\"twitter:card\" content=\"summary_large_image\" \/>\n<meta name=\"twitter:creator\" content=\"@https:\/\/twitter.com\/edwin_meneses81\" \/>\n<meta name=\"twitter:label1\" content=\"Escrito por\" \/>\n\t<meta name=\"twitter:data1\" content=\"Edwin MENESES\" \/>\n\t<meta name=\"twitter:label2\" content=\"Tiempo de lectura\" \/>\n\t<meta name=\"twitter:data2\" content=\"2 minutos\" \/>\n<script type=\"application\/ld+json\" class=\"yoast-schema-graph\">{\"@context\":\"https:\\\/\\\/schema.org\",\"@graph\":[{\"@type\":\"Article\",\"@id\":\"https:\\\/\\\/www.bbmnoticias.com\\\/labravaradiofm\\\/2021\\\/11\\\/22\\\/clausura-gobierno-de-salina-cruz-las-agencias-de-auto-honda-y-chrysler-por-no-pagar-impuestos\\\/#article\",\"isPartOf\":{\"@id\":\"https:\\\/\\\/www.bbmnoticias.com\\\/labravaradiofm\\\/2021\\\/11\\\/22\\\/clausura-gobierno-de-salina-cruz-las-agencias-de-auto-honda-y-chrysler-por-no-pagar-impuestos\\\/\"},\"author\":{\"name\":\"Edwin MENESES\",\"@id\":\"https:\\\/\\\/www.bbmnoticias.com\\\/labravaradiofm\\\/#\\\/schema\\\/person\\\/9b02a4c779df75b578b6413d0d44d6b6\"},\"headline\":\"Clausura gobierno de Salina Cruz las agencias de auto Honda y Chrysler por no pagar impuestos\",\"datePublished\":\"2021-11-23T00:56:50+00:00\",\"dateModified\":\"2021-11-23T00:56:51+00:00\",\"mainEntityOfPage\":{\"@id\":\"https:\\\/\\\/www.bbmnoticias.com\\\/labravaradiofm\\\/2021\\\/11\\\/22\\\/clausura-gobierno-de-salina-cruz-las-agencias-de-auto-honda-y-chrysler-por-no-pagar-impuestos\\\/\"},\"wordCount\":197,\"image\":{\"@id\":\"https:\\\/\\\/www.bbmnoticias.com\\\/labravaradiofm\\\/2021\\\/11\\\/22\\\/clausura-gobierno-de-salina-cruz-las-agencias-de-auto-honda-y-chrysler-por-no-pagar-impuestos\\\/#primaryimage\"},\"thumbnailUrl\":\"https:\\\/\\\/www.bbmnoticias.com\\\/labravaradiofm\\\/wp-content\\\/uploads\\\/sites\\\/5\\\/2021\\\/11\\\/FB_IMG_1637628879807.jpg\",\"inLanguage\":\"es\"},{\"@type\":\"WebPage\",\"@id\":\"https:\\\/\\\/www.bbmnoticias.com\\\/labravaradiofm\\\/2021\\\/11\\\/22\\\/clausura-gobierno-de-salina-cruz-las-agencias-de-auto-honda-y-chrysler-por-no-pagar-impuestos\\\/\",\"url\":\"https:\\\/\\\/www.bbmnoticias.com\\\/labravaradiofm\\\/2021\\\/11\\\/22\\\/clausura-gobierno-de-salina-cruz-las-agencias-de-auto-honda-y-chrysler-por-no-pagar-impuestos\\\/\",\"name\":\"Clausura gobierno de Salina Cruz las agencias de auto Honda y Chrysler por no pagar impuestos - LA BRAVA RADIO\",\"isPartOf\":{\"@id\":\"https:\\\/\\\/www.bbmnoticias.com\\\/labravaradiofm\\\/#website\"},\"primaryImageOfPage\":{\"@id\":\"https:\\\/\\\/www.bbmnoticias.com\\\/labravaradiofm\\\/2021\\\/11\\\/22\\\/clausura-gobierno-de-salina-cruz-las-agencias-de-auto-honda-y-chrysler-por-no-pagar-impuestos\\\/#primaryimage\"},\"image\":{\"@id\":\"https:\\\/\\\/www.bbmnoticias.com\\\/labravaradiofm\\\/2021\\\/11\\\/22\\\/clausura-gobierno-de-salina-cruz-las-agencias-de-auto-honda-y-chrysler-por-no-pagar-impuestos\\\/#primaryimage\"},\"thumbnailUrl\":\"https:\\\/\\\/www.bbmnoticias.com\\\/labravaradiofm\\\/wp-content\\\/uploads\\\/sites\\\/5\\\/2021\\\/11\\\/FB_IMG_1637628879807.jpg\",\"datePublished\":\"2021-11-23T00:56:50+00:00\",\"dateModified\":\"2021-11-23T00:56:51+00:00\",\"author\":{\"@id\":\"https:\\\/\\\/www.bbmnoticias.com\\\/labravaradiofm\\\/#\\\/schema\\\/person\\\/9b02a4c779df75b578b6413d0d44d6b6\"},\"breadcrumb\":{\"@id\":\"https:\\\/\\\/www.bbmnoticias.com\\\/labravaradiofm\\\/2021\\\/11\\\/22\\\/clausura-gobierno-de-salina-cruz-las-agencias-de-auto-honda-y-chrysler-por-no-pagar-impuestos\\\/#breadcrumb\"},\"inLanguage\":\"es\",\"potentialAction\":[{\"@type\":\"ReadAction\",\"target\":[\"https:\\\/\\\/www.bbmnoticias.com\\\/labravaradiofm\\\/2021\\\/11\\\/22\\\/clausura-gobierno-de-salina-cruz-las-agencias-de-auto-honda-y-chrysler-por-no-pagar-impuestos\\\/\"]}]},{\"@type\":\"ImageObject\",\"inLanguage\":\"es\",\"@id\":\"https:\\\/\\\/www.bbmnoticias.com\\\/labravaradiofm\\\/2021\\\/11\\\/22\\\/clausura-gobierno-de-salina-cruz-las-agencias-de-auto-honda-y-chrysler-por-no-pagar-impuestos\\\/#primaryimage\",\"url\":\"https:\\\/\\\/www.bbmnoticias.com\\\/labravaradiofm\\\/wp-content\\\/uploads\\\/sites\\\/5\\\/2021\\\/11\\\/FB_IMG_1637628879807.jpg\",\"contentUrl\":\"https:\\\/\\\/www.bbmnoticias.com\\\/labravaradiofm\\\/wp-content\\\/uploads\\\/sites\\\/5\\\/2021\\\/11\\\/FB_IMG_1637628879807.jpg\",\"width\":720,\"height\":540},{\"@type\":\"BreadcrumbList\",\"@id\":\"https:\\\/\\\/www.bbmnoticias.com\\\/labravaradiofm\\\/2021\\\/11\\\/22\\\/clausura-gobierno-de-salina-cruz-las-agencias-de-auto-honda-y-chrysler-por-no-pagar-impuestos\\\/#breadcrumb\",\"itemListElement\":[{\"@type\":\"ListItem\",\"position\":1,\"name\":\"Inicio\",\"item\":\"https:\\\/\\\/www.bbmnoticias.com\\\/labravaradiofm\\\/\"},{\"@type\":\"ListItem\",\"position\":2,\"name\":\"Clausura gobierno de Salina Cruz las agencias de auto Honda y Chrysler por no pagar impuestos\"}]},{\"@type\":\"WebSite\",\"@id\":\"https:\\\/\\\/www.bbmnoticias.com\\\/labravaradiofm\\\/#website\",\"url\":\"https:\\\/\\\/www.bbmnoticias.com\\\/labravaradiofm\\\/\",\"name\":\"LA BRAVA RADIO\",\"description\":\"Empresa productora de medios, Radiodifusi\u00f3n, Noticias, tendencias y todo lo que necesitas saber de la pol\u00edtica mexicana e internacional; entretenimiento, espect\u00e1culos, salud y mucho m\u00e1s.\",\"potentialAction\":[{\"@type\":\"SearchAction\",\"target\":{\"@type\":\"EntryPoint\",\"urlTemplate\":\"https:\\\/\\\/www.bbmnoticias.com\\\/labravaradiofm\\\/?s={search_term_string}\"},\"query-input\":{\"@type\":\"PropertyValueSpecification\",\"valueRequired\":true,\"valueName\":\"search_term_string\"}}],\"inLanguage\":\"es\"},{\"@type\":\"Person\",\"@id\":\"https:\\\/\\\/www.bbmnoticias.com\\\/labravaradiofm\\\/#\\\/schema\\\/person\\\/9b02a4c779df75b578b6413d0d44d6b6\",\"name\":\"Edwin MENESES\",\"image\":{\"@type\":\"ImageObject\",\"inLanguage\":\"es\",\"@id\":\"https:\\\/\\\/secure.gravatar.com\\\/avatar\\\/202a15439445248653d719ff745fa195bcc0553404b070fe317543754f253c4f?s=96&d=mm&r=g\",\"url\":\"https:\\\/\\\/secure.gravatar.com\\\/avatar\\\/202a15439445248653d719ff745fa195bcc0553404b070fe317543754f253c4f?s=96&d=mm&r=g\",\"contentUrl\":\"https:\\\/\\\/secure.gravatar.com\\\/avatar\\\/202a15439445248653d719ff745fa195bcc0553404b070fe317543754f253c4f?s=96&d=mm&r=g\",\"caption\":\"Edwin MENESES\"},\"sameAs\":[\"https:\\\/\\\/www.bbmnoticias.com\",\"https:\\\/\\\/www.facebook.com\\\/EdwinMeneses30\",\"https:\\\/\\\/x.com\\\/https:\\\/\\\/twitter.com\\\/edwin_meneses81\"],\"url\":\"https:\\\/\\\/www.bbmnoticias.com\\\/labravaradiofm\\\/author\\\/edwin\\\/\"}]}<\/script>\n<!-- \/ Yoast SEO plugin. -->","yoast_head_json":{"title":"Clausura gobierno de Salina Cruz las agencias de auto Honda y Chrysler por no pagar impuestos - LA BRAVA RADIO","robots":{"index":"index","follow":"follow","max-snippet":"max-snippet:-1","max-image-preview":"max-image-preview:large","max-video-preview":"max-video-preview:-1"},"canonical":"https:\/\/www.bbmnoticias.com\/labravaradiofm\/2021\/11\/22\/clausura-gobierno-de-salina-cruz-las-agencias-de-auto-honda-y-chrysler-por-no-pagar-impuestos\/","og_locale":"es_MX","og_type":"article","og_title":"Clausura gobierno de Salina Cruz las agencias de auto Honda y Chrysler por no pagar impuestos - LA BRAVA RADIO","og_description":"Salina Cruz, Oaxaca. El gobierno municipal de Salina Cruz que encabeza Juan Carlos Atecas Altamirano, clausur\u00f3 esta tarde dos agencias automotrices de este puerto, por no cubrir el pago de sus licencias para ofrecer sus servicios. El representante jur\u00eddico del ayuntamiento Diego Petrikowski Balc\u00e1zar , inform\u00f3 que la clausura de las agencias de autos Honda [&hellip;]","og_url":"https:\/\/www.bbmnoticias.com\/labravaradiofm\/2021\/11\/22\/clausura-gobierno-de-salina-cruz-las-agencias-de-auto-honda-y-chrysler-por-no-pagar-impuestos\/","og_site_name":"LA BRAVA RADIO","article_author":"https:\/\/www.facebook.com\/EdwinMeneses30","article_published_time":"2021-11-23T00:56:50+00:00","article_modified_time":"2021-11-23T00:56:51+00:00","og_image":[{"width":720,"height":540,"url":"https:\/\/www.bbmnoticias.com\/labravaradiofm\/wp-content\/uploads\/sites\/5\/2021\/11\/FB_IMG_1637628879807.jpg","type":"image\/jpeg"}],"author":"Edwin MENESES","twitter_card":"summary_large_image","twitter_creator":"@https:\/\/twitter.com\/edwin_meneses81","twitter_misc":{"Escrito por":"Edwin MENESES","Tiempo de lectura":"2 minutos"},"schema":{"@context":"https:\/\/schema.org","@graph":[{"@type":"Article","@id":"https:\/\/www.bbmnoticias.com\/labravaradiofm\/2021\/11\/22\/clausura-gobierno-de-salina-cruz-las-agencias-de-auto-honda-y-chrysler-por-no-pagar-impuestos\/#article","isPartOf":{"@id":"https:\/\/www.bbmnoticias.com\/labravaradiofm\/2021\/11\/22\/clausura-gobierno-de-salina-cruz-las-agencias-de-auto-honda-y-chrysler-por-no-pagar-impuestos\/"},"author":{"name":"Edwin MENESES","@id":"https:\/\/www.bbmnoticias.com\/labravaradiofm\/#\/schema\/person\/9b02a4c779df75b578b6413d0d44d6b6"},"headline":"Clausura gobierno de Salina Cruz las agencias de auto Honda y Chrysler por no pagar impuestos","datePublished":"2021-11-23T00:56:50+00:00","dateModified":"2021-11-23T00:56:51+00:00","mainEntityOfPage":{"@id":"https:\/\/www.bbmnoticias.com\/labravaradiofm\/2021\/11\/22\/clausura-gobierno-de-salina-cruz-las-agencias-de-auto-honda-y-chrysler-por-no-pagar-impuestos\/"},"wordCount":197,"image":{"@id":"https:\/\/www.bbmnoticias.com\/labravaradiofm\/2021\/11\/22\/clausura-gobierno-de-salina-cruz-las-agencias-de-auto-honda-y-chrysler-por-no-pagar-impuestos\/#primaryimage"},"thumbnailUrl":"https:\/\/www.bbmnoticias.com\/labravaradiofm\/wp-content\/uploads\/sites\/5\/2021\/11\/FB_IMG_1637628879807.jpg","inLanguage":"es"},{"@type":"WebPage","@id":"https:\/\/www.bbmnoticias.com\/labravaradiofm\/2021\/11\/22\/clausura-gobierno-de-salina-cruz-las-agencias-de-auto-honda-y-chrysler-por-no-pagar-impuestos\/","url":"https:\/\/www.bbmnoticias.com\/labravaradiofm\/2021\/11\/22\/clausura-gobierno-de-salina-cruz-las-agencias-de-auto-honda-y-chrysler-por-no-pagar-impuestos\/","name":"Clausura gobierno de Salina Cruz las agencias de auto Honda y Chrysler por no pagar impuestos - LA BRAVA RADIO","isPartOf":{"@id":"https:\/\/www.bbmnoticias.com\/labravaradiofm\/#website"},"primaryImageOfPage":{"@id":"https:\/\/www.bbmnoticias.com\/labravaradiofm\/2021\/11\/22\/clausura-gobierno-de-salina-cruz-las-agencias-de-auto-honda-y-chrysler-por-no-pagar-impuestos\/#primaryimage"},"image":{"@id":"https:\/\/www.bbmnoticias.com\/labravaradiofm\/2021\/11\/22\/clausura-gobierno-de-salina-cruz-las-agencias-de-auto-honda-y-chrysler-por-no-pagar-impuestos\/#primaryimage"},"thumbnailUrl":"https:\/\/www.bbmnoticias.com\/labravaradiofm\/wp-content\/uploads\/sites\/5\/2021\/11\/FB_IMG_1637628879807.jpg","datePublished":"2021-11-23T00:56:50+00:00","dateModified":"2021-11-23T00:56:51+00:00","author":{"@id":"https:\/\/www.bbmnoticias.com\/labravaradiofm\/#\/schema\/person\/9b02a4c779df75b578b6413d0d44d6b6"},"breadcrumb":{"@id":"https:\/\/www.bbmnoticias.com\/labravaradiofm\/2021\/11\/22\/clausura-gobierno-de-salina-cruz-las-agencias-de-auto-honda-y-chrysler-por-no-pagar-impuestos\/#breadcrumb"},"inLanguage":"es","potentialAction":[{"@type":"ReadAction","target":["https:\/\/www.bbmnoticias.com\/labravaradiofm\/2021\/11\/22\/clausura-gobierno-de-salina-cruz-las-agencias-de-auto-honda-y-chrysler-por-no-pagar-impuestos\/"]}]},{"@type":"ImageObject","inLanguage":"es","@id":"https:\/\/www.bbmnoticias.com\/labravaradiofm\/2021\/11\/22\/clausura-gobierno-de-salina-cruz-las-agencias-de-auto-honda-y-chrysler-por-no-pagar-impuestos\/#primaryimage","url":"https:\/\/www.bbmnoticias.com\/labravaradiofm\/wp-content\/uploads\/sites\/5\/2021\/11\/FB_IMG_1637628879807.jpg","contentUrl":"https:\/\/www.bbmnoticias.com\/labravaradiofm\/wp-content\/uploads\/sites\/5\/2021\/11\/FB_IMG_1637628879807.jpg","width":720,"height":540},{"@type":"BreadcrumbList","@id":"https:\/\/www.bbmnoticias.com\/labravaradiofm\/2021\/11\/22\/clausura-gobierno-de-salina-cruz-las-agencias-de-auto-honda-y-chrysler-por-no-pagar-impuestos\/#breadcrumb","itemListElement":[{"@type":"ListItem","position":1,"name":"Inicio","item":"https:\/\/www.bbmnoticias.com\/labravaradiofm\/"},{"@type":"ListItem","position":2,"name":"Clausura gobierno de Salina Cruz las agencias de auto Honda y Chrysler por no pagar impuestos"}]},{"@type":"WebSite","@id":"https:\/\/www.bbmnoticias.com\/labravaradiofm\/#website","url":"https:\/\/www.bbmnoticias.com\/labravaradiofm\/","name":"LA BRAVA RADIO","description":"Empresa productora de medios, Radiodifusi\u00f3n, Noticias, tendencias y todo lo que necesitas saber de la pol\u00edtica mexicana e internacional; entretenimiento, espect\u00e1culos, salud y mucho m\u00e1s.","potentialAction":[{"@type":"SearchAction","target":{"@type":"EntryPoint","urlTemplate":"https:\/\/www.bbmnoticias.com\/labravaradiofm\/?s={search_term_string}"},"query-input":{"@type":"PropertyValueSpecification","valueRequired":true,"valueName":"search_term_string"}}],"inLanguage":"es"},{"@type":"Person","@id":"https:\/\/www.bbmnoticias.com\/labravaradiofm\/#\/schema\/person\/9b02a4c779df75b578b6413d0d44d6b6","name":"Edwin MENESES","image":{"@type":"ImageObject","inLanguage":"es","@id":"https:\/\/secure.gravatar.com\/avatar\/202a15439445248653d719ff745fa195bcc0553404b070fe317543754f253c4f?s=96&d=mm&r=g","url":"https:\/\/secure.gravatar.com\/avatar\/202a15439445248653d719ff745fa195bcc0553404b070fe317543754f253c4f?s=96&d=mm&r=g","contentUrl":"https:\/\/secure.gravatar.com\/avatar\/202a15439445248653d719ff745fa195bcc0553404b070fe317543754f253c4f?s=96&d=mm&r=g","caption":"Edwin MENESES"},"sameAs":["https:\/\/www.bbmnoticias.com","https:\/\/www.facebook.com\/EdwinMeneses30","https:\/\/x.com\/https:\/\/twitter.com\/edwin_meneses81"],"url":"https:\/\/www.bbmnoticias.com\/labravaradiofm\/author\/edwin\/"}]}},"_links":{"self":[{"href":"https:\/\/www.bbmnoticias.com\/labravaradiofm\/wp-json\/wp\/v2\/posts\/5937","targetHints":{"allow":["GET"]}}],"collection":[{"href":"https:\/\/www.bbmnoticias.com\/labravaradiofm\/wp-json\/wp\/v2\/posts"}],"about":[{"href":"https:\/\/www.bbmnoticias.com\/labravaradiofm\/wp-json\/wp\/v2\/types\/post"}],"author":[{"embeddable":true,"href":"https:\/\/www.bbmnoticias.com\/labravaradiofm\/wp-json\/wp\/v2\/users\/3"}],"replies":[{"embeddable":true,"href":"https:\/\/www.bbmnoticias.com\/labravaradiofm\/wp-json\/wp\/v2\/comments?post=5937"}],"version-history":[{"count":0,"href":"https:\/\/www.bbmnoticias.com\/labravaradiofm\/wp-json\/wp\/v2\/posts\/5937\/revisions"}],"wp:featuredmedia":[{"embeddable":true,"href":"https:\/\/www.bbmnoticias.com\/labravaradiofm\/wp-json\/wp\/v2\/media\/5938"}],"wp:attachment":[{"href":"https:\/\/www.bbmnoticias.com\/labravaradiofm\/wp-json\/wp\/v2\/media?parent=5937"}],"wp:term":[{"taxonomy":"category","embeddable":true,"href":"https:\/\/www.bbmnoticias.com\/labravaradiofm\/wp-json\/wp\/v2\/categories?post=5937"},{"taxonomy":"post_tag","embeddable":true,"href":"https:\/\/www.bbmnoticias.com\/labravaradiofm\/wp-json\/wp\/v2\/tags?post=5937"}],"curies":[{"name":"wp","href":"https:\/\/api.w.org\/{rel}","templated":true}]}}