{"id":5923,"date":"2021-11-22T16:03:26","date_gmt":"2021-11-22T22:03:26","guid":{"rendered":"https:\/\/www.bbmnoticias.com\/labravaradiofm\/?p=5923"},"modified":"2021-11-22T16:03:27","modified_gmt":"2021-11-22T22:03:27","slug":"adeuda-la-sep-mas-de-2-5-mdp-a-musicos-en-oaxaca","status":"publish","type":"post","link":"https:\/\/www.bbmnoticias.com\/labravaradiofm\/2021\/11\/22\/adeuda-la-sep-mas-de-2-5-mdp-a-musicos-en-oaxaca\/","title":{"rendered":"Adeuda la SEP m\u00e1s de 2.5 mdp a m\u00fasicos en Oaxaca"},"content":{"rendered":"<div style=\"margin-top: 0px; margin-bottom: 0px;\" class=\"sharethis-inline-share-buttons\" ><\/div>\n<p>OAXACA, Oax.- Profesores de m\u00fasica de tres orquestas en Oaxaca protestaron este lunes para demandar a la Secretar\u00eda de Educaci\u00f3n P\u00fablica (SEP) el pago de un adeudo que asciende a m\u00e1s de 2.5 millones de pesos.<\/p>\n\n\n\n<p>En conferencia de prensa, como parte de las actividades del D\u00eda del M\u00fasico, Pedro Cervantes Ojeda, clarinetista y director de orquesta, explic\u00f3 que el adeudo data del a\u00f1o 2020.<\/p>\n\n\n\n<p>Fueron tres meses los que no pag\u00f3 la SEP por las clases que daban a ni\u00f1os de Oaxaca en tres municipios.<\/p>\n\n\n\n<p>El proyecto era de orquesta sinf\u00f3nica, con instrumentos de aliento, cuerda y coro, con maestros especializados en m\u00fasica y algunos miembros de la Sinf\u00f3nica.<\/p>\n\n\n\n<p>Son 600 ni\u00f1os los que se quedaron sin esta posibilidad en San Sebasti\u00e1n Tutla, Huajuapan de Le\u00f3n y San Pablo Huixtepec.<\/p>\n\n\n\n<p>El adeudo es a 60 maestros que atend\u00edan a 200 ni\u00f1os por orquesta y que no recibieron pago desde julio a octubre de 2020.<\/p>\n\n\n\n<p>Pidieron a la SEP reabrir este programa que fue cerrado de manera abrupta, con el argumento de que el dinero iba a ser destinado a la Secretar\u00eda de Salud por la pandemia.<\/p>\n\n\n\n<p>Dijo que estuvieron laborando hasta diciembre de 2020, y ahora est\u00e1n demandando que el recurso se pague.<\/p>\n\n\n\n<p>El dinero era obtenido del programa Escuelas de tiempo completo, que tambi\u00e9n fue cerrado.<\/p>\n\n\n\n<p>\u201cA pesar de que nos dijeron que se suspend\u00eda el programa, los maestros seguimos trabajando hasta diciembre de 2020\u201d, expuso.<\/p>\n\n\n\n<p>Lament\u00f3 que este programa haya sido suspendido, ya que atend\u00eda a ni\u00f1os de escuelas p\u00fablicas, lo que les permit\u00eda elevar su autoestima, desarrollar valores y atacar problemas sociales de fondo.<\/p>\n\n\n\n<p>Una orquesta, dijo, es una agrupaci\u00f3n viva, se hace comunidad, en vez de invertir en polic\u00edas, debieran invertir en orquestas.<\/p>\n\n\n\n<p>La suspensi\u00f3n del programa afect\u00f3 a 66 orquestas que beneficiaban a 15 mil ni\u00f1os en toda la Rep\u00fablica.<\/p>\n","protected":false},"excerpt":{"rendered":"<p>OAXACA, Oax.- Profesores de m\u00fasica de tres orquestas en Oaxaca protestaron este lunes para demandar a la Secretar\u00eda de Educaci\u00f3n P\u00fablica (SEP) el pago de un adeudo que asciende a m\u00e1s de 2.5 millones de pesos. En conferencia de prensa, como parte de las actividades del D\u00eda del M\u00fasico, Pedro Cervantes Ojeda, clarinetista y director [&hellip;]<\/p>\n","protected":false},"author":5,"featured_media":5924,"comment_status":"closed","ping_status":"closed","sticky":false,"template":"","format":"standard","meta":{"footnotes":""},"categories":[2],"tags":[],"class_list":{"0":"post-5923","1":"post","2":"type-post","3":"status-publish","4":"format-standard","5":"has-post-thumbnail","7":"category-oaxaca"},"yoast_head":"<!-- This site is optimized with the Yoast SEO plugin v27.4 - https:\/\/yoast.com\/product\/yoast-seo-wordpress\/ -->\n<title>Adeuda la SEP m\u00e1s de 2.5 mdp a m\u00fasicos en Oaxaca - LA BRAVA RADIO<\/title>\n<meta name=\"robots\" content=\"index, follow, max-snippet:-1, max-image-preview:large, max-video-preview:-1\" \/>\n<link rel=\"canonical\" href=\"https:\/\/www.bbmnoticias.com\/labravaradiofm\/2021\/11\/22\/adeuda-la-sep-mas-de-2-5-mdp-a-musicos-en-oaxaca\/\" \/>\n<meta property=\"og:locale\" content=\"es_MX\" \/>\n<meta property=\"og:type\" content=\"article\" \/>\n<meta property=\"og:title\" content=\"Adeuda la SEP m\u00e1s de 2.5 mdp a m\u00fasicos en Oaxaca - LA BRAVA RADIO\" \/>\n<meta property=\"og:description\" content=\"OAXACA, Oax.- Profesores de m\u00fasica de tres orquestas en Oaxaca protestaron este lunes para demandar a la Secretar\u00eda de Educaci\u00f3n P\u00fablica (SEP) el pago de un adeudo que asciende a m\u00e1s de 2.5 millones de pesos. En conferencia de prensa, como parte de las actividades del D\u00eda del M\u00fasico, Pedro Cervantes Ojeda, clarinetista y director [&hellip;]\" \/>\n<meta property=\"og:url\" content=\"https:\/\/www.bbmnoticias.com\/labravaradiofm\/2021\/11\/22\/adeuda-la-sep-mas-de-2-5-mdp-a-musicos-en-oaxaca\/\" \/>\n<meta property=\"og:site_name\" content=\"LA BRAVA RADIO\" \/>\n<meta property=\"article:published_time\" content=\"2021-11-22T22:03:26+00:00\" \/>\n<meta property=\"article:modified_time\" content=\"2021-11-22T22:03:27+00:00\" \/>\n<meta property=\"og:image\" content=\"https:\/\/www.bbmnoticias.com\/labravaradiofm\/wp-content\/uploads\/sites\/5\/2021\/11\/l22112021-15.jpg\" \/>\n\t<meta property=\"og:image:width\" content=\"1024\" \/>\n\t<meta property=\"og:image:height\" content=\"576\" \/>\n\t<meta property=\"og:image:type\" content=\"image\/jpeg\" \/>\n<meta name=\"author\" content=\"Quadratin\" \/>\n<meta name=\"twitter:card\" content=\"summary_large_image\" \/>\n<meta name=\"twitter:label1\" content=\"Escrito por\" \/>\n\t<meta name=\"twitter:data1\" content=\"Quadratin\" \/>\n\t<meta name=\"twitter:label2\" content=\"Tiempo de lectura\" \/>\n\t<meta name=\"twitter:data2\" content=\"2 minutos\" \/>\n<script type=\"application\/ld+json\" class=\"yoast-schema-graph\">{\"@context\":\"https:\\\/\\\/schema.org\",\"@graph\":[{\"@type\":\"Article\",\"@id\":\"https:\\\/\\\/www.bbmnoticias.com\\\/labravaradiofm\\\/2021\\\/11\\\/22\\\/adeuda-la-sep-mas-de-2-5-mdp-a-musicos-en-oaxaca\\\/#article\",\"isPartOf\":{\"@id\":\"https:\\\/\\\/www.bbmnoticias.com\\\/labravaradiofm\\\/2021\\\/11\\\/22\\\/adeuda-la-sep-mas-de-2-5-mdp-a-musicos-en-oaxaca\\\/\"},\"author\":{\"name\":\"Quadratin\",\"@id\":\"https:\\\/\\\/www.bbmnoticias.com\\\/labravaradiofm\\\/#\\\/schema\\\/person\\\/c316b6f6c03640cce5d9482ba5a8e5c2\"},\"headline\":\"Adeuda la SEP m\u00e1s de 2.5 mdp a m\u00fasicos en Oaxaca\",\"datePublished\":\"2021-11-22T22:03:26+00:00\",\"dateModified\":\"2021-11-22T22:03:27+00:00\",\"mainEntityOfPage\":{\"@id\":\"https:\\\/\\\/www.bbmnoticias.com\\\/labravaradiofm\\\/2021\\\/11\\\/22\\\/adeuda-la-sep-mas-de-2-5-mdp-a-musicos-en-oaxaca\\\/\"},\"wordCount\":339,\"image\":{\"@id\":\"https:\\\/\\\/www.bbmnoticias.com\\\/labravaradiofm\\\/2021\\\/11\\\/22\\\/adeuda-la-sep-mas-de-2-5-mdp-a-musicos-en-oaxaca\\\/#primaryimage\"},\"thumbnailUrl\":\"https:\\\/\\\/www.bbmnoticias.com\\\/labravaradiofm\\\/wp-content\\\/uploads\\\/sites\\\/5\\\/2021\\\/11\\\/l22112021-15.jpg\",\"articleSection\":[\"LOCAL\"],\"inLanguage\":\"es\"},{\"@type\":\"WebPage\",\"@id\":\"https:\\\/\\\/www.bbmnoticias.com\\\/labravaradiofm\\\/2021\\\/11\\\/22\\\/adeuda-la-sep-mas-de-2-5-mdp-a-musicos-en-oaxaca\\\/\",\"url\":\"https:\\\/\\\/www.bbmnoticias.com\\\/labravaradiofm\\\/2021\\\/11\\\/22\\\/adeuda-la-sep-mas-de-2-5-mdp-a-musicos-en-oaxaca\\\/\",\"name\":\"Adeuda la SEP m\u00e1s de 2.5 mdp a m\u00fasicos en Oaxaca - LA BRAVA RADIO\",\"isPartOf\":{\"@id\":\"https:\\\/\\\/www.bbmnoticias.com\\\/labravaradiofm\\\/#website\"},\"primaryImageOfPage\":{\"@id\":\"https:\\\/\\\/www.bbmnoticias.com\\\/labravaradiofm\\\/2021\\\/11\\\/22\\\/adeuda-la-sep-mas-de-2-5-mdp-a-musicos-en-oaxaca\\\/#primaryimage\"},\"image\":{\"@id\":\"https:\\\/\\\/www.bbmnoticias.com\\\/labravaradiofm\\\/2021\\\/11\\\/22\\\/adeuda-la-sep-mas-de-2-5-mdp-a-musicos-en-oaxaca\\\/#primaryimage\"},\"thumbnailUrl\":\"https:\\\/\\\/www.bbmnoticias.com\\\/labravaradiofm\\\/wp-content\\\/uploads\\\/sites\\\/5\\\/2021\\\/11\\\/l22112021-15.jpg\",\"datePublished\":\"2021-11-22T22:03:26+00:00\",\"dateModified\":\"2021-11-22T22:03:27+00:00\",\"author\":{\"@id\":\"https:\\\/\\\/www.bbmnoticias.com\\\/labravaradiofm\\\/#\\\/schema\\\/person\\\/c316b6f6c03640cce5d9482ba5a8e5c2\"},\"breadcrumb\":{\"@id\":\"https:\\\/\\\/www.bbmnoticias.com\\\/labravaradiofm\\\/2021\\\/11\\\/22\\\/adeuda-la-sep-mas-de-2-5-mdp-a-musicos-en-oaxaca\\\/#breadcrumb\"},\"inLanguage\":\"es\",\"potentialAction\":[{\"@type\":\"ReadAction\",\"target\":[\"https:\\\/\\\/www.bbmnoticias.com\\\/labravaradiofm\\\/2021\\\/11\\\/22\\\/adeuda-la-sep-mas-de-2-5-mdp-a-musicos-en-oaxaca\\\/\"]}]},{\"@type\":\"ImageObject\",\"inLanguage\":\"es\",\"@id\":\"https:\\\/\\\/www.bbmnoticias.com\\\/labravaradiofm\\\/2021\\\/11\\\/22\\\/adeuda-la-sep-mas-de-2-5-mdp-a-musicos-en-oaxaca\\\/#primaryimage\",\"url\":\"https:\\\/\\\/www.bbmnoticias.com\\\/labravaradiofm\\\/wp-content\\\/uploads\\\/sites\\\/5\\\/2021\\\/11\\\/l22112021-15.jpg\",\"contentUrl\":\"https:\\\/\\\/www.bbmnoticias.com\\\/labravaradiofm\\\/wp-content\\\/uploads\\\/sites\\\/5\\\/2021\\\/11\\\/l22112021-15.jpg\",\"width\":1024,\"height\":576},{\"@type\":\"BreadcrumbList\",\"@id\":\"https:\\\/\\\/www.bbmnoticias.com\\\/labravaradiofm\\\/2021\\\/11\\\/22\\\/adeuda-la-sep-mas-de-2-5-mdp-a-musicos-en-oaxaca\\\/#breadcrumb\",\"itemListElement\":[{\"@type\":\"ListItem\",\"position\":1,\"name\":\"Inicio\",\"item\":\"https:\\\/\\\/www.bbmnoticias.com\\\/labravaradiofm\\\/\"},{\"@type\":\"ListItem\",\"position\":2,\"name\":\"Adeuda la SEP m\u00e1s de 2.5 mdp a m\u00fasicos en Oaxaca\"}]},{\"@type\":\"WebSite\",\"@id\":\"https:\\\/\\\/www.bbmnoticias.com\\\/labravaradiofm\\\/#website\",\"url\":\"https:\\\/\\\/www.bbmnoticias.com\\\/labravaradiofm\\\/\",\"name\":\"LA BRAVA RADIO\",\"description\":\"Empresa productora de medios, Radiodifusi\u00f3n, Noticias, tendencias y todo lo que necesitas saber de la pol\u00edtica mexicana e internacional; entretenimiento, espect\u00e1culos, salud y mucho m\u00e1s.\",\"potentialAction\":[{\"@type\":\"SearchAction\",\"target\":{\"@type\":\"EntryPoint\",\"urlTemplate\":\"https:\\\/\\\/www.bbmnoticias.com\\\/labravaradiofm\\\/?s={search_term_string}\"},\"query-input\":{\"@type\":\"PropertyValueSpecification\",\"valueRequired\":true,\"valueName\":\"search_term_string\"}}],\"inLanguage\":\"es\"},{\"@type\":\"Person\",\"@id\":\"https:\\\/\\\/www.bbmnoticias.com\\\/labravaradiofm\\\/#\\\/schema\\\/person\\\/c316b6f6c03640cce5d9482ba5a8e5c2\",\"name\":\"Quadratin\",\"image\":{\"@type\":\"ImageObject\",\"inLanguage\":\"es\",\"@id\":\"https:\\\/\\\/secure.gravatar.com\\\/avatar\\\/34008d7d72488432d6a74f81e839efc9f754b118786ca32cf39d9d5508a68f63?s=96&d=mm&r=g\",\"url\":\"https:\\\/\\\/secure.gravatar.com\\\/avatar\\\/34008d7d72488432d6a74f81e839efc9f754b118786ca32cf39d9d5508a68f63?s=96&d=mm&r=g\",\"contentUrl\":\"https:\\\/\\\/secure.gravatar.com\\\/avatar\\\/34008d7d72488432d6a74f81e839efc9f754b118786ca32cf39d9d5508a68f63?s=96&d=mm&r=g\",\"caption\":\"Quadratin\"},\"url\":\"https:\\\/\\\/www.bbmnoticias.com\\\/labravaradiofm\\\/author\\\/quadratin\\\/\"}]}<\/script>\n<!-- \/ Yoast SEO plugin. -->","yoast_head_json":{"title":"Adeuda la SEP m\u00e1s de 2.5 mdp a m\u00fasicos en Oaxaca - LA BRAVA RADIO","robots":{"index":"index","follow":"follow","max-snippet":"max-snippet:-1","max-image-preview":"max-image-preview:large","max-video-preview":"max-video-preview:-1"},"canonical":"https:\/\/www.bbmnoticias.com\/labravaradiofm\/2021\/11\/22\/adeuda-la-sep-mas-de-2-5-mdp-a-musicos-en-oaxaca\/","og_locale":"es_MX","og_type":"article","og_title":"Adeuda la SEP m\u00e1s de 2.5 mdp a m\u00fasicos en Oaxaca - LA BRAVA RADIO","og_description":"OAXACA, Oax.- Profesores de m\u00fasica de tres orquestas en Oaxaca protestaron este lunes para demandar a la Secretar\u00eda de Educaci\u00f3n P\u00fablica (SEP) el pago de un adeudo que asciende a m\u00e1s de 2.5 millones de pesos. En conferencia de prensa, como parte de las actividades del D\u00eda del M\u00fasico, Pedro Cervantes Ojeda, clarinetista y director [&hellip;]","og_url":"https:\/\/www.bbmnoticias.com\/labravaradiofm\/2021\/11\/22\/adeuda-la-sep-mas-de-2-5-mdp-a-musicos-en-oaxaca\/","og_site_name":"LA BRAVA RADIO","article_published_time":"2021-11-22T22:03:26+00:00","article_modified_time":"2021-11-22T22:03:27+00:00","og_image":[{"width":1024,"height":576,"url":"https:\/\/www.bbmnoticias.com\/labravaradiofm\/wp-content\/uploads\/sites\/5\/2021\/11\/l22112021-15.jpg","type":"image\/jpeg"}],"author":"Quadratin","twitter_card":"summary_large_image","twitter_misc":{"Escrito por":"Quadratin","Tiempo de lectura":"2 minutos"},"schema":{"@context":"https:\/\/schema.org","@graph":[{"@type":"Article","@id":"https:\/\/www.bbmnoticias.com\/labravaradiofm\/2021\/11\/22\/adeuda-la-sep-mas-de-2-5-mdp-a-musicos-en-oaxaca\/#article","isPartOf":{"@id":"https:\/\/www.bbmnoticias.com\/labravaradiofm\/2021\/11\/22\/adeuda-la-sep-mas-de-2-5-mdp-a-musicos-en-oaxaca\/"},"author":{"name":"Quadratin","@id":"https:\/\/www.bbmnoticias.com\/labravaradiofm\/#\/schema\/person\/c316b6f6c03640cce5d9482ba5a8e5c2"},"headline":"Adeuda la SEP m\u00e1s de 2.5 mdp a m\u00fasicos en Oaxaca","datePublished":"2021-11-22T22:03:26+00:00","dateModified":"2021-11-22T22:03:27+00:00","mainEntityOfPage":{"@id":"https:\/\/www.bbmnoticias.com\/labravaradiofm\/2021\/11\/22\/adeuda-la-sep-mas-de-2-5-mdp-a-musicos-en-oaxaca\/"},"wordCount":339,"image":{"@id":"https:\/\/www.bbmnoticias.com\/labravaradiofm\/2021\/11\/22\/adeuda-la-sep-mas-de-2-5-mdp-a-musicos-en-oaxaca\/#primaryimage"},"thumbnailUrl":"https:\/\/www.bbmnoticias.com\/labravaradiofm\/wp-content\/uploads\/sites\/5\/2021\/11\/l22112021-15.jpg","articleSection":["LOCAL"],"inLanguage":"es"},{"@type":"WebPage","@id":"https:\/\/www.bbmnoticias.com\/labravaradiofm\/2021\/11\/22\/adeuda-la-sep-mas-de-2-5-mdp-a-musicos-en-oaxaca\/","url":"https:\/\/www.bbmnoticias.com\/labravaradiofm\/2021\/11\/22\/adeuda-la-sep-mas-de-2-5-mdp-a-musicos-en-oaxaca\/","name":"Adeuda la SEP m\u00e1s de 2.5 mdp a m\u00fasicos en Oaxaca - LA BRAVA RADIO","isPartOf":{"@id":"https:\/\/www.bbmnoticias.com\/labravaradiofm\/#website"},"primaryImageOfPage":{"@id":"https:\/\/www.bbmnoticias.com\/labravaradiofm\/2021\/11\/22\/adeuda-la-sep-mas-de-2-5-mdp-a-musicos-en-oaxaca\/#primaryimage"},"image":{"@id":"https:\/\/www.bbmnoticias.com\/labravaradiofm\/2021\/11\/22\/adeuda-la-sep-mas-de-2-5-mdp-a-musicos-en-oaxaca\/#primaryimage"},"thumbnailUrl":"https:\/\/www.bbmnoticias.com\/labravaradiofm\/wp-content\/uploads\/sites\/5\/2021\/11\/l22112021-15.jpg","datePublished":"2021-11-22T22:03:26+00:00","dateModified":"2021-11-22T22:03:27+00:00","author":{"@id":"https:\/\/www.bbmnoticias.com\/labravaradiofm\/#\/schema\/person\/c316b6f6c03640cce5d9482ba5a8e5c2"},"breadcrumb":{"@id":"https:\/\/www.bbmnoticias.com\/labravaradiofm\/2021\/11\/22\/adeuda-la-sep-mas-de-2-5-mdp-a-musicos-en-oaxaca\/#breadcrumb"},"inLanguage":"es","potentialAction":[{"@type":"ReadAction","target":["https:\/\/www.bbmnoticias.com\/labravaradiofm\/2021\/11\/22\/adeuda-la-sep-mas-de-2-5-mdp-a-musicos-en-oaxaca\/"]}]},{"@type":"ImageObject","inLanguage":"es","@id":"https:\/\/www.bbmnoticias.com\/labravaradiofm\/2021\/11\/22\/adeuda-la-sep-mas-de-2-5-mdp-a-musicos-en-oaxaca\/#primaryimage","url":"https:\/\/www.bbmnoticias.com\/labravaradiofm\/wp-content\/uploads\/sites\/5\/2021\/11\/l22112021-15.jpg","contentUrl":"https:\/\/www.bbmnoticias.com\/labravaradiofm\/wp-content\/uploads\/sites\/5\/2021\/11\/l22112021-15.jpg","width":1024,"height":576},{"@type":"BreadcrumbList","@id":"https:\/\/www.bbmnoticias.com\/labravaradiofm\/2021\/11\/22\/adeuda-la-sep-mas-de-2-5-mdp-a-musicos-en-oaxaca\/#breadcrumb","itemListElement":[{"@type":"ListItem","position":1,"name":"Inicio","item":"https:\/\/www.bbmnoticias.com\/labravaradiofm\/"},{"@type":"ListItem","position":2,"name":"Adeuda la SEP m\u00e1s de 2.5 mdp a m\u00fasicos en Oaxaca"}]},{"@type":"WebSite","@id":"https:\/\/www.bbmnoticias.com\/labravaradiofm\/#website","url":"https:\/\/www.bbmnoticias.com\/labravaradiofm\/","name":"LA BRAVA RADIO","description":"Empresa productora de medios, Radiodifusi\u00f3n, Noticias, tendencias y todo lo que necesitas saber de la pol\u00edtica mexicana e internacional; entretenimiento, espect\u00e1culos, salud y mucho m\u00e1s.","potentialAction":[{"@type":"SearchAction","target":{"@type":"EntryPoint","urlTemplate":"https:\/\/www.bbmnoticias.com\/labravaradiofm\/?s={search_term_string}"},"query-input":{"@type":"PropertyValueSpecification","valueRequired":true,"valueName":"search_term_string"}}],"inLanguage":"es"},{"@type":"Person","@id":"https:\/\/www.bbmnoticias.com\/labravaradiofm\/#\/schema\/person\/c316b6f6c03640cce5d9482ba5a8e5c2","name":"Quadratin","image":{"@type":"ImageObject","inLanguage":"es","@id":"https:\/\/secure.gravatar.com\/avatar\/34008d7d72488432d6a74f81e839efc9f754b118786ca32cf39d9d5508a68f63?s=96&d=mm&r=g","url":"https:\/\/secure.gravatar.com\/avatar\/34008d7d72488432d6a74f81e839efc9f754b118786ca32cf39d9d5508a68f63?s=96&d=mm&r=g","contentUrl":"https:\/\/secure.gravatar.com\/avatar\/34008d7d72488432d6a74f81e839efc9f754b118786ca32cf39d9d5508a68f63?s=96&d=mm&r=g","caption":"Quadratin"},"url":"https:\/\/www.bbmnoticias.com\/labravaradiofm\/author\/quadratin\/"}]}},"_links":{"self":[{"href":"https:\/\/www.bbmnoticias.com\/labravaradiofm\/wp-json\/wp\/v2\/posts\/5923","targetHints":{"allow":["GET"]}}],"collection":[{"href":"https:\/\/www.bbmnoticias.com\/labravaradiofm\/wp-json\/wp\/v2\/posts"}],"about":[{"href":"https:\/\/www.bbmnoticias.com\/labravaradiofm\/wp-json\/wp\/v2\/types\/post"}],"author":[{"embeddable":true,"href":"https:\/\/www.bbmnoticias.com\/labravaradiofm\/wp-json\/wp\/v2\/users\/5"}],"replies":[{"embeddable":true,"href":"https:\/\/www.bbmnoticias.com\/labravaradiofm\/wp-json\/wp\/v2\/comments?post=5923"}],"version-history":[{"count":0,"href":"https:\/\/www.bbmnoticias.com\/labravaradiofm\/wp-json\/wp\/v2\/posts\/5923\/revisions"}],"wp:featuredmedia":[{"embeddable":true,"href":"https:\/\/www.bbmnoticias.com\/labravaradiofm\/wp-json\/wp\/v2\/media\/5924"}],"wp:attachment":[{"href":"https:\/\/www.bbmnoticias.com\/labravaradiofm\/wp-json\/wp\/v2\/media?parent=5923"}],"wp:term":[{"taxonomy":"category","embeddable":true,"href":"https:\/\/www.bbmnoticias.com\/labravaradiofm\/wp-json\/wp\/v2\/categories?post=5923"},{"taxonomy":"post_tag","embeddable":true,"href":"https:\/\/www.bbmnoticias.com\/labravaradiofm\/wp-json\/wp\/v2\/tags?post=5923"}],"curies":[{"name":"wp","href":"https:\/\/api.w.org\/{rel}","templated":true}]}}