{"id":5904,"date":"2021-11-22T14:38:37","date_gmt":"2021-11-22T20:38:37","guid":{"rendered":"https:\/\/www.bbmnoticias.com\/labravaradiofm\/?p=5904"},"modified":"2021-11-22T14:38:38","modified_gmt":"2021-11-22T20:38:38","slug":"secretaria-de-cultura-reclama-a-levis-privatizacion-de-textiles-de-la-comunidad-mazateca-de-oaxaca","status":"publish","type":"post","link":"https:\/\/www.bbmnoticias.com\/labravaradiofm\/2021\/11\/22\/secretaria-de-cultura-reclama-a-levis-privatizacion-de-textiles-de-la-comunidad-mazateca-de-oaxaca\/","title":{"rendered":"Secretar\u00eda de Cultura reclama a Levi\u2019s privatizaci\u00f3n de textiles de la comunidad mazateca de Oaxaca"},"content":{"rendered":"<div style=\"margin-top: 0px; margin-bottom: 0px;\" class=\"sharethis-inline-share-buttons\" ><\/div>\n<p>La <strong>Secretar\u00eda de Cultura <\/strong>reclama a Levi\u2019s la privatizaci\u00f3n de textiles de la comunidad mazateca de <strong>Oaxaca<\/strong> por presuntamente no respetar los derechos de autor.<\/p>\n\n\n\n<p>A trav\u00e9s de un comunicado, la secretaria de Cultura del gobierno de M\u00e9xico, <strong>Alejandra Frausto <\/strong>pide a la empresa Levi\u2019s explicar p\u00fablicamente con qu\u00e9 fundamentos se comercializa y privatiza una propiedad colectiva por medio de su colecci\u00f3n:<\/p>\n\n\n\n<ul class=\"wp-block-list\"><li>\u201cLevi\u2019s Premium Original Trucker Jacket\u201d<\/li><\/ul>\n\n\n\n<p>La colecci\u00f3n de <strong>Levi\u2019s <\/strong>incluye en sus pantalones y chaquetas elementos bordados que pertenecen a la cultura mazateca de la comunidad San Felipe, Jalapa de D\u00edaz, de <strong>Oaxaca.<\/strong><\/p>\n\n\n\n<p><\/p>\n\n\n\n<figure class=\"wp-block-image size-large\"><img loading=\"lazy\" decoding=\"async\" width=\"1200\" height=\"716\" src=\"https:\/\/www.bbmnoticias.com\/labravaradiofm\/wp-content\/uploads\/sites\/5\/2021\/11\/l22112021-9.webp\" alt=\"\" class=\"wp-image-5906\" srcset=\"https:\/\/www.bbmnoticias.com\/labravaradiofm\/wp-content\/uploads\/sites\/5\/2021\/11\/l22112021-9.webp 1200w, https:\/\/www.bbmnoticias.com\/labravaradiofm\/wp-content\/uploads\/sites\/5\/2021\/11\/l22112021-9-300x179.webp 300w, https:\/\/www.bbmnoticias.com\/labravaradiofm\/wp-content\/uploads\/sites\/5\/2021\/11\/l22112021-9-1024x611.webp 1024w, https:\/\/www.bbmnoticias.com\/labravaradiofm\/wp-content\/uploads\/sites\/5\/2021\/11\/l22112021-9-768x458.webp 768w, https:\/\/www.bbmnoticias.com\/labravaradiofm\/wp-content\/uploads\/sites\/5\/2021\/11\/l22112021-9-704x420.webp 704w, https:\/\/www.bbmnoticias.com\/labravaradiofm\/wp-content\/uploads\/sites\/5\/2021\/11\/l22112021-9-640x382.webp 640w, https:\/\/www.bbmnoticias.com\/labravaradiofm\/wp-content\/uploads\/sites\/5\/2021\/11\/l22112021-9-681x406.webp 681w\" sizes=\"auto, (max-width: 1200px) 100vw, 1200px\" \/><\/figure>\n\n\n\n<p>Elementos los cuales la Secretar\u00eda de Cultura acusa a la empresa <strong>Levi\u2019s <\/strong>por presuntamente no llevar a cabo el mecanismo adecuado para obtener el permiso de la <strong>comunidad mazateca <\/strong>de Oaxaca.<\/p>\n\n\n\n<p>Lo anterior con base a la Ley Federal de Derechos de Autor del Estado Mexicano, la cual se\u00f1ala que las obras \u201cno se pueden utilizar sin la autorizaci\u00f3n por escrito del pueblo o comunidad titular\u201d.<\/p>\n\n\n\n<p><\/p>\n\n\n\n<figure class=\"wp-block-image size-large\"><img loading=\"lazy\" decoding=\"async\" width=\"1200\" height=\"761\" src=\"https:\/\/www.bbmnoticias.com\/labravaradiofm\/wp-content\/uploads\/sites\/5\/2021\/11\/l22112021-10.webp\" alt=\"\" class=\"wp-image-5907\" srcset=\"https:\/\/www.bbmnoticias.com\/labravaradiofm\/wp-content\/uploads\/sites\/5\/2021\/11\/l22112021-10.webp 1200w, https:\/\/www.bbmnoticias.com\/labravaradiofm\/wp-content\/uploads\/sites\/5\/2021\/11\/l22112021-10-300x190.webp 300w, https:\/\/www.bbmnoticias.com\/labravaradiofm\/wp-content\/uploads\/sites\/5\/2021\/11\/l22112021-10-1024x649.webp 1024w, https:\/\/www.bbmnoticias.com\/labravaradiofm\/wp-content\/uploads\/sites\/5\/2021\/11\/l22112021-10-768x487.webp 768w, https:\/\/www.bbmnoticias.com\/labravaradiofm\/wp-content\/uploads\/sites\/5\/2021\/11\/l22112021-10-662x420.webp 662w, https:\/\/www.bbmnoticias.com\/labravaradiofm\/wp-content\/uploads\/sites\/5\/2021\/11\/l22112021-10-640x406.webp 640w, https:\/\/www.bbmnoticias.com\/labravaradiofm\/wp-content\/uploads\/sites\/5\/2021\/11\/l22112021-10-681x432.webp 681w\" sizes=\"auto, (max-width: 1200px) 100vw, 1200px\" \/><\/figure>\n\n\n\n<h2 class=\"wp-block-heading\">Secretar\u00eda de Cultura exige a Levi\u2019s retribuci\u00f3n justa y equitativa para comunidad mazateca de Oaxaca<\/h2>\n\n\n\n<p>En ese sentido la<strong> Secretar\u00eda de Cultura <\/strong>ha exigido a Levi\u2019s una retribuci\u00f3n justa y equitativa para la comunidad mazateca de Oaxaca.<\/p>\n\n\n\n<p><strong>Alejandra Frausto<\/strong>, secretaria de Cultura del gobierno de M\u00e9xico se\u00f1ala que los principios de derechos de autor por parte de la empresa Levi\u2019s se est\u00e1n incumpliendo debido a los siguientes motivos:<\/p>\n\n\n\n<ul class=\"wp-block-list\"><li>Los dise\u00f1os han sido recortados para ser aplicados a prendas industrializadas<\/li><li>En los dise\u00f1os no se indica el nombre de las comunidades<\/li><li>No existe retribuci\u00f3n alguna por parte de la empresa Levi\u2019s hacia los due\u00f1os de la<strong> comunidad mazateca de Oaxaca.<\/strong><\/li><\/ul>\n\n\n\n<p>Adem\u00e1s se muestra una comparaci\u00f3n entre algunos de los dise\u00f1os de Levi\u2019s y de <strong>Anacleta Ju\u00e1rez Miranda,<\/strong> de quien se tiene registro de haber creado bordados similares a los que hay en la colecci\u00f3n, y cuyo proceso le lleva hasta meses.<\/p>\n\n\n\n<figure class=\"wp-block-embed is-type-rich is-provider-twitter wp-block-embed-twitter\"><div class=\"wp-block-embed__wrapper\">\n<blockquote class=\"twitter-tweet\" data-width=\"550\" data-dnt=\"true\"><p lang=\"es\" dir=\"ltr\">En la <a href=\"https:\/\/twitter.com\/cultura_mx?ref_src=twsrc%5Etfw\">@cultura_mx<\/a> hacemos un llamado en\u00e9rgico a @LevisMX y a Draco Textil a trabajar respetuosamente con las comunidades creativas de M\u00e9xico, dentro de un marco \u00e9tico y justo que las reconozca y no atente contra su identidad. <a href=\"https:\/\/t.co\/ZHW0SajP3C\">pic.twitter.com\/ZHW0SajP3C<\/a><\/p>&mdash; Alejandra Frausto (@alefrausto) <a href=\"https:\/\/twitter.com\/alefrausto\/status\/1462508545304375299?ref_src=twsrc%5Etfw\">November 21, 2021<\/a><\/blockquote><script async src=\"https:\/\/platform.twitter.com\/widgets.js\" charset=\"utf-8\"><\/script>\n<\/div><\/figure>\n\n\n\n<p>Finalmente la Secretar\u00eda de Cultura reafirma su creciente lucha contra el plagio de las marcas internacionales en los dise\u00f1os ind\u00edgenas.<\/p>\n","protected":false},"excerpt":{"rendered":"<p>La Secretar\u00eda de Cultura reclama a Levi\u2019s la privatizaci\u00f3n de textiles de la comunidad mazateca de Oaxaca por presuntamente no respetar los derechos de autor. A trav\u00e9s de un comunicado, la secretaria de Cultura del gobierno de M\u00e9xico, Alejandra Frausto pide a la empresa Levi\u2019s explicar p\u00fablicamente con qu\u00e9 fundamentos se comercializa y privatiza una [&hellip;]<\/p>\n","protected":false},"author":12,"featured_media":5905,"comment_status":"closed","ping_status":"closed","sticky":false,"template":"","format":"standard","meta":{"footnotes":""},"categories":[2],"tags":[],"class_list":{"0":"post-5904","1":"post","2":"type-post","3":"status-publish","4":"format-standard","5":"has-post-thumbnail","7":"category-oaxaca"},"yoast_head":"<!-- This site is optimized with the Yoast SEO plugin v27.4 - https:\/\/yoast.com\/product\/yoast-seo-wordpress\/ -->\n<title>Secretar\u00eda de Cultura reclama a Levi\u2019s privatizaci\u00f3n de textiles de la comunidad mazateca de Oaxaca - LA BRAVA RADIO<\/title>\n<meta name=\"robots\" content=\"index, follow, max-snippet:-1, max-image-preview:large, max-video-preview:-1\" \/>\n<link rel=\"canonical\" href=\"https:\/\/www.bbmnoticias.com\/labravaradiofm\/2021\/11\/22\/secretaria-de-cultura-reclama-a-levis-privatizacion-de-textiles-de-la-comunidad-mazateca-de-oaxaca\/\" \/>\n<meta property=\"og:locale\" content=\"es_MX\" \/>\n<meta property=\"og:type\" content=\"article\" \/>\n<meta property=\"og:title\" content=\"Secretar\u00eda de Cultura reclama a Levi\u2019s privatizaci\u00f3n de textiles de la comunidad mazateca de Oaxaca - LA BRAVA RADIO\" \/>\n<meta property=\"og:description\" content=\"La Secretar\u00eda de Cultura reclama a Levi\u2019s la privatizaci\u00f3n de textiles de la comunidad mazateca de Oaxaca por presuntamente no respetar los derechos de autor. A trav\u00e9s de un comunicado, la secretaria de Cultura del gobierno de M\u00e9xico, Alejandra Frausto pide a la empresa Levi\u2019s explicar p\u00fablicamente con qu\u00e9 fundamentos se comercializa y privatiza una [&hellip;]\" \/>\n<meta property=\"og:url\" content=\"https:\/\/www.bbmnoticias.com\/labravaradiofm\/2021\/11\/22\/secretaria-de-cultura-reclama-a-levis-privatizacion-de-textiles-de-la-comunidad-mazateca-de-oaxaca\/\" \/>\n<meta property=\"og:site_name\" content=\"LA BRAVA RADIO\" \/>\n<meta property=\"article:published_time\" content=\"2021-11-22T20:38:37+00:00\" \/>\n<meta property=\"article:modified_time\" content=\"2021-11-22T20:38:38+00:00\" \/>\n<meta property=\"og:image\" content=\"https:\/\/www.bbmnoticias.com\/labravaradiofm\/wp-content\/uploads\/sites\/5\/2021\/11\/l22112021-8.jpeg\" \/>\n\t<meta property=\"og:image:width\" content=\"640\" \/>\n\t<meta property=\"og:image:height\" content=\"360\" \/>\n\t<meta property=\"og:image:type\" content=\"image\/jpeg\" \/>\n<meta name=\"author\" content=\"SDPnoticias\" \/>\n<meta name=\"twitter:card\" content=\"summary_large_image\" \/>\n<meta name=\"twitter:label1\" content=\"Escrito por\" \/>\n\t<meta name=\"twitter:data1\" content=\"SDPnoticias\" \/>\n\t<meta name=\"twitter:label2\" content=\"Tiempo de lectura\" \/>\n\t<meta name=\"twitter:data2\" content=\"2 minutos\" \/>\n<script type=\"application\/ld+json\" class=\"yoast-schema-graph\">{\"@context\":\"https:\\\/\\\/schema.org\",\"@graph\":[{\"@type\":\"Article\",\"@id\":\"https:\\\/\\\/www.bbmnoticias.com\\\/labravaradiofm\\\/2021\\\/11\\\/22\\\/secretaria-de-cultura-reclama-a-levis-privatizacion-de-textiles-de-la-comunidad-mazateca-de-oaxaca\\\/#article\",\"isPartOf\":{\"@id\":\"https:\\\/\\\/www.bbmnoticias.com\\\/labravaradiofm\\\/2021\\\/11\\\/22\\\/secretaria-de-cultura-reclama-a-levis-privatizacion-de-textiles-de-la-comunidad-mazateca-de-oaxaca\\\/\"},\"author\":{\"name\":\"SDPnoticias\",\"@id\":\"https:\\\/\\\/www.bbmnoticias.com\\\/labravaradiofm\\\/#\\\/schema\\\/person\\\/baf240d77a345f5fbc3dc146f9161af9\"},\"headline\":\"Secretar\u00eda de Cultura reclama a Levi\u2019s privatizaci\u00f3n de textiles de la comunidad mazateca de Oaxaca\",\"datePublished\":\"2021-11-22T20:38:37+00:00\",\"dateModified\":\"2021-11-22T20:38:38+00:00\",\"mainEntityOfPage\":{\"@id\":\"https:\\\/\\\/www.bbmnoticias.com\\\/labravaradiofm\\\/2021\\\/11\\\/22\\\/secretaria-de-cultura-reclama-a-levis-privatizacion-de-textiles-de-la-comunidad-mazateca-de-oaxaca\\\/\"},\"wordCount\":394,\"image\":{\"@id\":\"https:\\\/\\\/www.bbmnoticias.com\\\/labravaradiofm\\\/2021\\\/11\\\/22\\\/secretaria-de-cultura-reclama-a-levis-privatizacion-de-textiles-de-la-comunidad-mazateca-de-oaxaca\\\/#primaryimage\"},\"thumbnailUrl\":\"https:\\\/\\\/www.bbmnoticias.com\\\/labravaradiofm\\\/wp-content\\\/uploads\\\/sites\\\/5\\\/2021\\\/11\\\/l22112021-8.jpeg\",\"articleSection\":[\"LOCAL\"],\"inLanguage\":\"es\"},{\"@type\":\"WebPage\",\"@id\":\"https:\\\/\\\/www.bbmnoticias.com\\\/labravaradiofm\\\/2021\\\/11\\\/22\\\/secretaria-de-cultura-reclama-a-levis-privatizacion-de-textiles-de-la-comunidad-mazateca-de-oaxaca\\\/\",\"url\":\"https:\\\/\\\/www.bbmnoticias.com\\\/labravaradiofm\\\/2021\\\/11\\\/22\\\/secretaria-de-cultura-reclama-a-levis-privatizacion-de-textiles-de-la-comunidad-mazateca-de-oaxaca\\\/\",\"name\":\"Secretar\u00eda de Cultura reclama a Levi\u2019s privatizaci\u00f3n de textiles de la comunidad mazateca de Oaxaca - LA BRAVA RADIO\",\"isPartOf\":{\"@id\":\"https:\\\/\\\/www.bbmnoticias.com\\\/labravaradiofm\\\/#website\"},\"primaryImageOfPage\":{\"@id\":\"https:\\\/\\\/www.bbmnoticias.com\\\/labravaradiofm\\\/2021\\\/11\\\/22\\\/secretaria-de-cultura-reclama-a-levis-privatizacion-de-textiles-de-la-comunidad-mazateca-de-oaxaca\\\/#primaryimage\"},\"image\":{\"@id\":\"https:\\\/\\\/www.bbmnoticias.com\\\/labravaradiofm\\\/2021\\\/11\\\/22\\\/secretaria-de-cultura-reclama-a-levis-privatizacion-de-textiles-de-la-comunidad-mazateca-de-oaxaca\\\/#primaryimage\"},\"thumbnailUrl\":\"https:\\\/\\\/www.bbmnoticias.com\\\/labravaradiofm\\\/wp-content\\\/uploads\\\/sites\\\/5\\\/2021\\\/11\\\/l22112021-8.jpeg\",\"datePublished\":\"2021-11-22T20:38:37+00:00\",\"dateModified\":\"2021-11-22T20:38:38+00:00\",\"author\":{\"@id\":\"https:\\\/\\\/www.bbmnoticias.com\\\/labravaradiofm\\\/#\\\/schema\\\/person\\\/baf240d77a345f5fbc3dc146f9161af9\"},\"breadcrumb\":{\"@id\":\"https:\\\/\\\/www.bbmnoticias.com\\\/labravaradiofm\\\/2021\\\/11\\\/22\\\/secretaria-de-cultura-reclama-a-levis-privatizacion-de-textiles-de-la-comunidad-mazateca-de-oaxaca\\\/#breadcrumb\"},\"inLanguage\":\"es\",\"potentialAction\":[{\"@type\":\"ReadAction\",\"target\":[\"https:\\\/\\\/www.bbmnoticias.com\\\/labravaradiofm\\\/2021\\\/11\\\/22\\\/secretaria-de-cultura-reclama-a-levis-privatizacion-de-textiles-de-la-comunidad-mazateca-de-oaxaca\\\/\"]}]},{\"@type\":\"ImageObject\",\"inLanguage\":\"es\",\"@id\":\"https:\\\/\\\/www.bbmnoticias.com\\\/labravaradiofm\\\/2021\\\/11\\\/22\\\/secretaria-de-cultura-reclama-a-levis-privatizacion-de-textiles-de-la-comunidad-mazateca-de-oaxaca\\\/#primaryimage\",\"url\":\"https:\\\/\\\/www.bbmnoticias.com\\\/labravaradiofm\\\/wp-content\\\/uploads\\\/sites\\\/5\\\/2021\\\/11\\\/l22112021-8.jpeg\",\"contentUrl\":\"https:\\\/\\\/www.bbmnoticias.com\\\/labravaradiofm\\\/wp-content\\\/uploads\\\/sites\\\/5\\\/2021\\\/11\\\/l22112021-8.jpeg\",\"width\":640,\"height\":360},{\"@type\":\"BreadcrumbList\",\"@id\":\"https:\\\/\\\/www.bbmnoticias.com\\\/labravaradiofm\\\/2021\\\/11\\\/22\\\/secretaria-de-cultura-reclama-a-levis-privatizacion-de-textiles-de-la-comunidad-mazateca-de-oaxaca\\\/#breadcrumb\",\"itemListElement\":[{\"@type\":\"ListItem\",\"position\":1,\"name\":\"Inicio\",\"item\":\"https:\\\/\\\/www.bbmnoticias.com\\\/labravaradiofm\\\/\"},{\"@type\":\"ListItem\",\"position\":2,\"name\":\"Secretar\u00eda de Cultura reclama a Levi\u2019s privatizaci\u00f3n de textiles de la comunidad mazateca de Oaxaca\"}]},{\"@type\":\"WebSite\",\"@id\":\"https:\\\/\\\/www.bbmnoticias.com\\\/labravaradiofm\\\/#website\",\"url\":\"https:\\\/\\\/www.bbmnoticias.com\\\/labravaradiofm\\\/\",\"name\":\"LA BRAVA RADIO\",\"description\":\"Empresa productora de medios, Radiodifusi\u00f3n, Noticias, tendencias y todo lo que necesitas saber de la pol\u00edtica mexicana e internacional; entretenimiento, espect\u00e1culos, salud y mucho m\u00e1s.\",\"potentialAction\":[{\"@type\":\"SearchAction\",\"target\":{\"@type\":\"EntryPoint\",\"urlTemplate\":\"https:\\\/\\\/www.bbmnoticias.com\\\/labravaradiofm\\\/?s={search_term_string}\"},\"query-input\":{\"@type\":\"PropertyValueSpecification\",\"valueRequired\":true,\"valueName\":\"search_term_string\"}}],\"inLanguage\":\"es\"},{\"@type\":\"Person\",\"@id\":\"https:\\\/\\\/www.bbmnoticias.com\\\/labravaradiofm\\\/#\\\/schema\\\/person\\\/baf240d77a345f5fbc3dc146f9161af9\",\"name\":\"SDPnoticias\",\"image\":{\"@type\":\"ImageObject\",\"inLanguage\":\"es\",\"@id\":\"https:\\\/\\\/secure.gravatar.com\\\/avatar\\\/015ede9175a06d999d8b2b09e108b48c9e008e4ee44a647956086b51bbce326c?s=96&d=mm&r=g\",\"url\":\"https:\\\/\\\/secure.gravatar.com\\\/avatar\\\/015ede9175a06d999d8b2b09e108b48c9e008e4ee44a647956086b51bbce326c?s=96&d=mm&r=g\",\"contentUrl\":\"https:\\\/\\\/secure.gravatar.com\\\/avatar\\\/015ede9175a06d999d8b2b09e108b48c9e008e4ee44a647956086b51bbce326c?s=96&d=mm&r=g\",\"caption\":\"SDPnoticias\"},\"url\":\"https:\\\/\\\/www.bbmnoticias.com\\\/labravaradiofm\\\/author\\\/sdpnoticias\\\/\"}]}<\/script>\n<!-- \/ Yoast SEO plugin. -->","yoast_head_json":{"title":"Secretar\u00eda de Cultura reclama a Levi\u2019s privatizaci\u00f3n de textiles de la comunidad mazateca de Oaxaca - LA BRAVA RADIO","robots":{"index":"index","follow":"follow","max-snippet":"max-snippet:-1","max-image-preview":"max-image-preview:large","max-video-preview":"max-video-preview:-1"},"canonical":"https:\/\/www.bbmnoticias.com\/labravaradiofm\/2021\/11\/22\/secretaria-de-cultura-reclama-a-levis-privatizacion-de-textiles-de-la-comunidad-mazateca-de-oaxaca\/","og_locale":"es_MX","og_type":"article","og_title":"Secretar\u00eda de Cultura reclama a Levi\u2019s privatizaci\u00f3n de textiles de la comunidad mazateca de Oaxaca - LA BRAVA RADIO","og_description":"La Secretar\u00eda de Cultura reclama a Levi\u2019s la privatizaci\u00f3n de textiles de la comunidad mazateca de Oaxaca por presuntamente no respetar los derechos de autor. A trav\u00e9s de un comunicado, la secretaria de Cultura del gobierno de M\u00e9xico, Alejandra Frausto pide a la empresa Levi\u2019s explicar p\u00fablicamente con qu\u00e9 fundamentos se comercializa y privatiza una [&hellip;]","og_url":"https:\/\/www.bbmnoticias.com\/labravaradiofm\/2021\/11\/22\/secretaria-de-cultura-reclama-a-levis-privatizacion-de-textiles-de-la-comunidad-mazateca-de-oaxaca\/","og_site_name":"LA BRAVA RADIO","article_published_time":"2021-11-22T20:38:37+00:00","article_modified_time":"2021-11-22T20:38:38+00:00","og_image":[{"width":640,"height":360,"url":"https:\/\/www.bbmnoticias.com\/labravaradiofm\/wp-content\/uploads\/sites\/5\/2021\/11\/l22112021-8.jpeg","type":"image\/jpeg"}],"author":"SDPnoticias","twitter_card":"summary_large_image","twitter_misc":{"Escrito por":"SDPnoticias","Tiempo de lectura":"2 minutos"},"schema":{"@context":"https:\/\/schema.org","@graph":[{"@type":"Article","@id":"https:\/\/www.bbmnoticias.com\/labravaradiofm\/2021\/11\/22\/secretaria-de-cultura-reclama-a-levis-privatizacion-de-textiles-de-la-comunidad-mazateca-de-oaxaca\/#article","isPartOf":{"@id":"https:\/\/www.bbmnoticias.com\/labravaradiofm\/2021\/11\/22\/secretaria-de-cultura-reclama-a-levis-privatizacion-de-textiles-de-la-comunidad-mazateca-de-oaxaca\/"},"author":{"name":"SDPnoticias","@id":"https:\/\/www.bbmnoticias.com\/labravaradiofm\/#\/schema\/person\/baf240d77a345f5fbc3dc146f9161af9"},"headline":"Secretar\u00eda de Cultura reclama a Levi\u2019s privatizaci\u00f3n de textiles de la comunidad mazateca de Oaxaca","datePublished":"2021-11-22T20:38:37+00:00","dateModified":"2021-11-22T20:38:38+00:00","mainEntityOfPage":{"@id":"https:\/\/www.bbmnoticias.com\/labravaradiofm\/2021\/11\/22\/secretaria-de-cultura-reclama-a-levis-privatizacion-de-textiles-de-la-comunidad-mazateca-de-oaxaca\/"},"wordCount":394,"image":{"@id":"https:\/\/www.bbmnoticias.com\/labravaradiofm\/2021\/11\/22\/secretaria-de-cultura-reclama-a-levis-privatizacion-de-textiles-de-la-comunidad-mazateca-de-oaxaca\/#primaryimage"},"thumbnailUrl":"https:\/\/www.bbmnoticias.com\/labravaradiofm\/wp-content\/uploads\/sites\/5\/2021\/11\/l22112021-8.jpeg","articleSection":["LOCAL"],"inLanguage":"es"},{"@type":"WebPage","@id":"https:\/\/www.bbmnoticias.com\/labravaradiofm\/2021\/11\/22\/secretaria-de-cultura-reclama-a-levis-privatizacion-de-textiles-de-la-comunidad-mazateca-de-oaxaca\/","url":"https:\/\/www.bbmnoticias.com\/labravaradiofm\/2021\/11\/22\/secretaria-de-cultura-reclama-a-levis-privatizacion-de-textiles-de-la-comunidad-mazateca-de-oaxaca\/","name":"Secretar\u00eda de Cultura reclama a Levi\u2019s privatizaci\u00f3n de textiles de la comunidad mazateca de Oaxaca - LA BRAVA RADIO","isPartOf":{"@id":"https:\/\/www.bbmnoticias.com\/labravaradiofm\/#website"},"primaryImageOfPage":{"@id":"https:\/\/www.bbmnoticias.com\/labravaradiofm\/2021\/11\/22\/secretaria-de-cultura-reclama-a-levis-privatizacion-de-textiles-de-la-comunidad-mazateca-de-oaxaca\/#primaryimage"},"image":{"@id":"https:\/\/www.bbmnoticias.com\/labravaradiofm\/2021\/11\/22\/secretaria-de-cultura-reclama-a-levis-privatizacion-de-textiles-de-la-comunidad-mazateca-de-oaxaca\/#primaryimage"},"thumbnailUrl":"https:\/\/www.bbmnoticias.com\/labravaradiofm\/wp-content\/uploads\/sites\/5\/2021\/11\/l22112021-8.jpeg","datePublished":"2021-11-22T20:38:37+00:00","dateModified":"2021-11-22T20:38:38+00:00","author":{"@id":"https:\/\/www.bbmnoticias.com\/labravaradiofm\/#\/schema\/person\/baf240d77a345f5fbc3dc146f9161af9"},"breadcrumb":{"@id":"https:\/\/www.bbmnoticias.com\/labravaradiofm\/2021\/11\/22\/secretaria-de-cultura-reclama-a-levis-privatizacion-de-textiles-de-la-comunidad-mazateca-de-oaxaca\/#breadcrumb"},"inLanguage":"es","potentialAction":[{"@type":"ReadAction","target":["https:\/\/www.bbmnoticias.com\/labravaradiofm\/2021\/11\/22\/secretaria-de-cultura-reclama-a-levis-privatizacion-de-textiles-de-la-comunidad-mazateca-de-oaxaca\/"]}]},{"@type":"ImageObject","inLanguage":"es","@id":"https:\/\/www.bbmnoticias.com\/labravaradiofm\/2021\/11\/22\/secretaria-de-cultura-reclama-a-levis-privatizacion-de-textiles-de-la-comunidad-mazateca-de-oaxaca\/#primaryimage","url":"https:\/\/www.bbmnoticias.com\/labravaradiofm\/wp-content\/uploads\/sites\/5\/2021\/11\/l22112021-8.jpeg","contentUrl":"https:\/\/www.bbmnoticias.com\/labravaradiofm\/wp-content\/uploads\/sites\/5\/2021\/11\/l22112021-8.jpeg","width":640,"height":360},{"@type":"BreadcrumbList","@id":"https:\/\/www.bbmnoticias.com\/labravaradiofm\/2021\/11\/22\/secretaria-de-cultura-reclama-a-levis-privatizacion-de-textiles-de-la-comunidad-mazateca-de-oaxaca\/#breadcrumb","itemListElement":[{"@type":"ListItem","position":1,"name":"Inicio","item":"https:\/\/www.bbmnoticias.com\/labravaradiofm\/"},{"@type":"ListItem","position":2,"name":"Secretar\u00eda de Cultura reclama a Levi\u2019s privatizaci\u00f3n de textiles de la comunidad mazateca de Oaxaca"}]},{"@type":"WebSite","@id":"https:\/\/www.bbmnoticias.com\/labravaradiofm\/#website","url":"https:\/\/www.bbmnoticias.com\/labravaradiofm\/","name":"LA BRAVA RADIO","description":"Empresa productora de medios, Radiodifusi\u00f3n, Noticias, tendencias y todo lo que necesitas saber de la pol\u00edtica mexicana e internacional; entretenimiento, espect\u00e1culos, salud y mucho m\u00e1s.","potentialAction":[{"@type":"SearchAction","target":{"@type":"EntryPoint","urlTemplate":"https:\/\/www.bbmnoticias.com\/labravaradiofm\/?s={search_term_string}"},"query-input":{"@type":"PropertyValueSpecification","valueRequired":true,"valueName":"search_term_string"}}],"inLanguage":"es"},{"@type":"Person","@id":"https:\/\/www.bbmnoticias.com\/labravaradiofm\/#\/schema\/person\/baf240d77a345f5fbc3dc146f9161af9","name":"SDPnoticias","image":{"@type":"ImageObject","inLanguage":"es","@id":"https:\/\/secure.gravatar.com\/avatar\/015ede9175a06d999d8b2b09e108b48c9e008e4ee44a647956086b51bbce326c?s=96&d=mm&r=g","url":"https:\/\/secure.gravatar.com\/avatar\/015ede9175a06d999d8b2b09e108b48c9e008e4ee44a647956086b51bbce326c?s=96&d=mm&r=g","contentUrl":"https:\/\/secure.gravatar.com\/avatar\/015ede9175a06d999d8b2b09e108b48c9e008e4ee44a647956086b51bbce326c?s=96&d=mm&r=g","caption":"SDPnoticias"},"url":"https:\/\/www.bbmnoticias.com\/labravaradiofm\/author\/sdpnoticias\/"}]}},"_links":{"self":[{"href":"https:\/\/www.bbmnoticias.com\/labravaradiofm\/wp-json\/wp\/v2\/posts\/5904","targetHints":{"allow":["GET"]}}],"collection":[{"href":"https:\/\/www.bbmnoticias.com\/labravaradiofm\/wp-json\/wp\/v2\/posts"}],"about":[{"href":"https:\/\/www.bbmnoticias.com\/labravaradiofm\/wp-json\/wp\/v2\/types\/post"}],"author":[{"embeddable":true,"href":"https:\/\/www.bbmnoticias.com\/labravaradiofm\/wp-json\/wp\/v2\/users\/12"}],"replies":[{"embeddable":true,"href":"https:\/\/www.bbmnoticias.com\/labravaradiofm\/wp-json\/wp\/v2\/comments?post=5904"}],"version-history":[{"count":0,"href":"https:\/\/www.bbmnoticias.com\/labravaradiofm\/wp-json\/wp\/v2\/posts\/5904\/revisions"}],"wp:featuredmedia":[{"embeddable":true,"href":"https:\/\/www.bbmnoticias.com\/labravaradiofm\/wp-json\/wp\/v2\/media\/5905"}],"wp:attachment":[{"href":"https:\/\/www.bbmnoticias.com\/labravaradiofm\/wp-json\/wp\/v2\/media?parent=5904"}],"wp:term":[{"taxonomy":"category","embeddable":true,"href":"https:\/\/www.bbmnoticias.com\/labravaradiofm\/wp-json\/wp\/v2\/categories?post=5904"},{"taxonomy":"post_tag","embeddable":true,"href":"https:\/\/www.bbmnoticias.com\/labravaradiofm\/wp-json\/wp\/v2\/tags?post=5904"}],"curies":[{"name":"wp","href":"https:\/\/api.w.org\/{rel}","templated":true}]}}