{"id":58985,"date":"2025-04-28T15:48:46","date_gmt":"2025-04-28T21:48:46","guid":{"rendered":"https:\/\/www.bbmnoticias.com\/labravaradiofm\/2025\/04\/28\/entrada-del-sarampion-a-mexico-es-inminente-se-abandono-la-vacunacion-en-sexenio-pasado-alejandro-macias\/"},"modified":"2025-04-28T15:48:51","modified_gmt":"2025-04-28T21:48:51","slug":"entrada-del-sarampion-a-mexico-es-inminente-se-abandono-la-vacunacion-en-sexenio-pasado-alejandro-macias","status":"publish","type":"post","link":"https:\/\/www.bbmnoticias.com\/labravaradiofm\/2025\/04\/28\/entrada-del-sarampion-a-mexico-es-inminente-se-abandono-la-vacunacion-en-sexenio-pasado-alejandro-macias\/","title":{"rendered":"Entrada del sarampi\u00f3n a M\u00e9xico es inminente, se abandon\u00f3 la vacunaci\u00f3n en sexenio pasado: Alejandro Mac\u00edas"},"content":{"rendered":"<div style=\"margin-top: 0px; margin-bottom: 0px;\" class=\"sharethis-inline-share-buttons\" ><\/div>\n<p>El m\u00e9dico infect\u00f3logo <strong>Alejandro Mac\u00edas<\/strong> asegur\u00f3 que las <strong>tasas bajas<\/strong> de <strong>vacunaci\u00f3n<\/strong> registradas en el sexenio de <strong>Andr\u00e9s Manuel L\u00f3pez Obrador<\/strong> (2018-2024), tienen como consecuencia el incremento hoy en los casos de <strong>sarampi\u00f3n<\/strong> en M\u00e9xico.<\/p>\n\n\n\n<p>En entrevista para el programa de <strong>Joaqu\u00edn L\u00f3pez-D\u00f3riga<\/strong>&nbsp;en <strong>Radio F\u00f3rmula<\/strong>, Mac\u00edas Hern\u00e1ndez apunt\u00f3 que pr\u00e1cticamente se abandon\u00f3 la vacunaci\u00f3n en el sexenio pasado, raz\u00f3n por la cual \u201cahorita estamos pagando las consecuencias\u201d.<\/p>\n\n\n\n<p>\u201cEs muy preocupante la situaci\u00f3n. El Gobierno de Chihuahua estaba viendo que ya llegaron a 700 casos, eso es muy preocupante\u201d, declar\u00f3.<\/p>\n\n\n\n<figure class=\"wp-block-pullquote\"><blockquote><p>La tasa nacional de vacunaci\u00f3n en el sexenio anterior fue muy pobre, se abandon\u00f3 yo creo, es una muy buena notica que van a reiniciarse las Semanas Nacionales de Vacunaci\u00f3n, pero se abandonaron desde el 2018 y ahorita estamos pagando las consecuencias\u201d, se\u00f1al\u00f3.<\/p><\/blockquote><\/figure>\n\n\n\n<p>Mac\u00edas Hern\u00e1ndez apunt\u00f3 que la entrada del sarampi\u00f3n en regiones del pa\u00eds es inminente, y la \u00fanica manera de detenerlo es vacunando de forma sustancial a la poblaci\u00f3n.<\/p>\n\n\n\n<p>\u201cLa entrada del sarampi\u00f3n a M\u00e9xico es pr\u00e1cticamente inminente y quiz\u00e1 la \u00fanica manera de detenerlo es incrementando sustancialmente la vacunaci\u00f3n, por eso es buena noticia que se hayan reiniciado las Semanas Nacionales de Vacunaci\u00f3n, aunque no creo que sea suficiente\u201d, enfatiz\u00f3.<\/p>\n\n\n\n<p>\u201cEl rezago es mucho, lo m\u00e1s dif\u00edcil va a ser vacunar a adolescente y adultos j\u00f3venes, todav\u00eda hay riesgo por ah\u00ed de los 40 a\u00f1os de edad, y ah\u00ed no sabemos bien a bien qui\u00e9nes son los que tienen. inmunidad y qui\u00e9n no, y vacunar a ese grupo de poblaci\u00f3n estamos hablando de 10 millones de vacunas, lo cual no va a ser nada f\u00e1cil\u201d, refiri\u00f3.<\/p>\n\n\n\n<p>\u201cLa entrada del sarampi\u00f3n en algunas regiones del pa\u00eds es ya inminente. Chihuahua fue un encendedor, y el acicate fue los grupos que no se vacunan, que por cuestiones culturales o religiosas no se vacunan. Esta es una enfermedad que va a ir avanzando al resto de los estados que no tengan amplias coberturas de vacunaci\u00f3n, el sarampi\u00f3n no perdona las tasas bajas de vacunaci\u00f3n\u201d, manifest\u00f3.<\/p>\n\n\n\n<p>El <strong>Gobierno de M\u00e9xico<\/strong> realiza la primera \u2018<strong>Semana Nacional de Vacunaci\u00f3n 2025<\/strong>\u2018 con la meta de inmunizar a casi 2dos millones de personas ante el brote de enfermedades prevenibles como sarampi\u00f3n y tos ferina, con cerca de mil 400 casos acumulados de ambas en lo que va del a\u00f1o.<\/p>\n\n\n\n<p>En la campa\u00f1a se aplicar\u00e1n gratis en todo el pa\u00eds las 14 vacunas disponibles del esquema b\u00e1sico de inmunizaci\u00f3n para controlar enfermedades prevenibles, como sarampi\u00f3n, rub\u00e9ola, tos ferina, hepatitis B y el virus del papiloma humano (VPH), entre otros.<\/p>\n\n\n\n<p>Esto tras un acumulado de 583 casos confirmados de sarampi\u00f3n, incluyendo la muerte de un adulto, y 809 de tos ferina, con 48 decesos, seg\u00fan el \u00faltimo bolet\u00edn de \u2018Situaci\u00f3n Epidemiol\u00f3gica de Enfermedades Prevenibles por Vacunaci\u00f3n en M\u00e9xico\u2019 sobre las primeras 16 semanas del a\u00f1o.<\/p>\n","protected":false},"excerpt":{"rendered":"<p>El m\u00e9dico infect\u00f3logo Alejandro Mac\u00edas asegur\u00f3 que las tasas bajas de vacunaci\u00f3n registradas en el sexenio de Andr\u00e9s Manuel L\u00f3pez Obrador (2018-2024), tienen como consecuencia el incremento hoy en los casos de sarampi\u00f3n en M\u00e9xico. En entrevista para el programa de Joaqu\u00edn L\u00f3pez-D\u00f3riga&nbsp;en Radio F\u00f3rmula, Mac\u00edas Hern\u00e1ndez apunt\u00f3 que pr\u00e1cticamente se abandon\u00f3 la vacunaci\u00f3n en [&hellip;]<\/p>\n","protected":false},"author":4,"featured_media":58987,"comment_status":"closed","ping_status":"","sticky":false,"template":"","format":"standard","meta":{"footnotes":""},"categories":[2,19],"tags":[],"class_list":{"0":"post-58985","1":"post","2":"type-post","3":"status-publish","4":"format-standard","5":"has-post-thumbnail","7":"category-oaxaca","8":"category-nacional"},"yoast_head":"<!-- This site is optimized with the Yoast SEO plugin v27.4 - https:\/\/yoast.com\/product\/yoast-seo-wordpress\/ -->\n<title>Entrada del sarampi\u00f3n a M\u00e9xico es inminente, se abandon\u00f3 la vacunaci\u00f3n en sexenio pasado: Alejandro Mac\u00edas - LA BRAVA RADIO<\/title>\n<meta name=\"robots\" content=\"index, follow, max-snippet:-1, max-image-preview:large, max-video-preview:-1\" \/>\n<link rel=\"canonical\" href=\"https:\/\/www.bbmnoticias.com\/blog\/2025\/04\/28\/entrada-del-sarampion-a-mexico-es-inminente-se-abandono-la-vacunacion-en-sexenio-pasado-alejandro-macias\/\" \/>\n<meta property=\"og:locale\" content=\"es_MX\" \/>\n<meta property=\"og:type\" content=\"article\" \/>\n<meta property=\"og:title\" content=\"Entrada del sarampi\u00f3n a M\u00e9xico es inminente, se abandon\u00f3 la vacunaci\u00f3n en sexenio pasado: Alejandro Mac\u00edas - LA BRAVA RADIO\" \/>\n<meta property=\"og:description\" content=\"El m\u00e9dico infect\u00f3logo Alejandro Mac\u00edas asegur\u00f3 que las tasas bajas de vacunaci\u00f3n registradas en el sexenio de Andr\u00e9s Manuel L\u00f3pez Obrador (2018-2024), tienen como consecuencia el incremento hoy en los casos de sarampi\u00f3n en M\u00e9xico. En entrevista para el programa de Joaqu\u00edn L\u00f3pez-D\u00f3riga&nbsp;en Radio F\u00f3rmula, Mac\u00edas Hern\u00e1ndez apunt\u00f3 que pr\u00e1cticamente se abandon\u00f3 la vacunaci\u00f3n en [&hellip;]\" \/>\n<meta property=\"og:url\" content=\"https:\/\/www.bbmnoticias.com\/blog\/2025\/04\/28\/entrada-del-sarampion-a-mexico-es-inminente-se-abandono-la-vacunacion-en-sexenio-pasado-alejandro-macias\/\" \/>\n<meta property=\"og:site_name\" content=\"LA BRAVA RADIO\" \/>\n<meta property=\"article:published_time\" content=\"2025-04-28T21:48:46+00:00\" \/>\n<meta property=\"article:modified_time\" content=\"2025-04-28T21:48:51+00:00\" \/>\n<meta property=\"og:image\" content=\"https:\/\/www.bbmnoticias.com\/labravaradiofm\/wp-content\/uploads\/sites\/5\/2025\/04\/vacunas-vacuna-sarampion-1536x1024-1.jpg\" \/>\n\t<meta property=\"og:image:width\" content=\"1536\" \/>\n\t<meta property=\"og:image:height\" content=\"1024\" \/>\n\t<meta property=\"og:image:type\" content=\"image\/jpeg\" \/>\n<meta name=\"author\" content=\"Agencias\" \/>\n<meta name=\"twitter:card\" content=\"summary_large_image\" \/>\n<meta name=\"twitter:label1\" content=\"Escrito por\" \/>\n\t<meta name=\"twitter:data1\" content=\"Agencias\" \/>\n\t<meta name=\"twitter:label2\" content=\"Tiempo de lectura\" \/>\n\t<meta name=\"twitter:data2\" content=\"3 minutos\" \/>\n<script type=\"application\/ld+json\" class=\"yoast-schema-graph\">{\"@context\":\"https:\\\/\\\/schema.org\",\"@graph\":[{\"@type\":\"Article\",\"@id\":\"https:\\\/\\\/www.bbmnoticias.com\\\/blog\\\/2025\\\/04\\\/28\\\/entrada-del-sarampion-a-mexico-es-inminente-se-abandono-la-vacunacion-en-sexenio-pasado-alejandro-macias\\\/#article\",\"isPartOf\":{\"@id\":\"https:\\\/\\\/www.bbmnoticias.com\\\/labravaradiofm\\\/2025\\\/04\\\/28\\\/entrada-del-sarampion-a-mexico-es-inminente-se-abandono-la-vacunacion-en-sexenio-pasado-alejandro-macias\\\/\"},\"author\":{\"name\":\"Agencias\",\"@id\":\"https:\\\/\\\/www.bbmnoticias.com\\\/labravaradiofm\\\/#\\\/schema\\\/person\\\/857a3daf5c8142f29919023f377fbfad\"},\"headline\":\"Entrada del sarampi\u00f3n a M\u00e9xico es inminente, se abandon\u00f3 la vacunaci\u00f3n en sexenio pasado: Alejandro Mac\u00edas\",\"datePublished\":\"2025-04-28T21:48:46+00:00\",\"dateModified\":\"2025-04-28T21:48:51+00:00\",\"mainEntityOfPage\":{\"@id\":\"https:\\\/\\\/www.bbmnoticias.com\\\/labravaradiofm\\\/2025\\\/04\\\/28\\\/entrada-del-sarampion-a-mexico-es-inminente-se-abandono-la-vacunacion-en-sexenio-pasado-alejandro-macias\\\/\"},\"wordCount\":542,\"image\":{\"@id\":\"https:\\\/\\\/www.bbmnoticias.com\\\/blog\\\/2025\\\/04\\\/28\\\/entrada-del-sarampion-a-mexico-es-inminente-se-abandono-la-vacunacion-en-sexenio-pasado-alejandro-macias\\\/#primaryimage\"},\"thumbnailUrl\":\"https:\\\/\\\/www.bbmnoticias.com\\\/labravaradiofm\\\/wp-content\\\/uploads\\\/sites\\\/5\\\/2025\\\/04\\\/vacunas-vacuna-sarampion-1536x1024-1.jpg\",\"articleSection\":[\"LOCAL\",\"NACIONAL\"],\"inLanguage\":\"es\"},{\"@type\":\"WebPage\",\"@id\":\"https:\\\/\\\/www.bbmnoticias.com\\\/labravaradiofm\\\/2025\\\/04\\\/28\\\/entrada-del-sarampion-a-mexico-es-inminente-se-abandono-la-vacunacion-en-sexenio-pasado-alejandro-macias\\\/\",\"url\":\"https:\\\/\\\/www.bbmnoticias.com\\\/blog\\\/2025\\\/04\\\/28\\\/entrada-del-sarampion-a-mexico-es-inminente-se-abandono-la-vacunacion-en-sexenio-pasado-alejandro-macias\\\/\",\"name\":\"Entrada del sarampi\u00f3n a M\u00e9xico es inminente, se abandon\u00f3 la vacunaci\u00f3n en sexenio pasado: Alejandro Mac\u00edas - LA BRAVA RADIO\",\"isPartOf\":{\"@id\":\"https:\\\/\\\/www.bbmnoticias.com\\\/labravaradiofm\\\/#website\"},\"primaryImageOfPage\":{\"@id\":\"https:\\\/\\\/www.bbmnoticias.com\\\/blog\\\/2025\\\/04\\\/28\\\/entrada-del-sarampion-a-mexico-es-inminente-se-abandono-la-vacunacion-en-sexenio-pasado-alejandro-macias\\\/#primaryimage\"},\"image\":{\"@id\":\"https:\\\/\\\/www.bbmnoticias.com\\\/blog\\\/2025\\\/04\\\/28\\\/entrada-del-sarampion-a-mexico-es-inminente-se-abandono-la-vacunacion-en-sexenio-pasado-alejandro-macias\\\/#primaryimage\"},\"thumbnailUrl\":\"https:\\\/\\\/www.bbmnoticias.com\\\/labravaradiofm\\\/wp-content\\\/uploads\\\/sites\\\/5\\\/2025\\\/04\\\/vacunas-vacuna-sarampion-1536x1024-1.jpg\",\"datePublished\":\"2025-04-28T21:48:46+00:00\",\"dateModified\":\"2025-04-28T21:48:51+00:00\",\"author\":{\"@id\":\"https:\\\/\\\/www.bbmnoticias.com\\\/labravaradiofm\\\/#\\\/schema\\\/person\\\/857a3daf5c8142f29919023f377fbfad\"},\"breadcrumb\":{\"@id\":\"https:\\\/\\\/www.bbmnoticias.com\\\/blog\\\/2025\\\/04\\\/28\\\/entrada-del-sarampion-a-mexico-es-inminente-se-abandono-la-vacunacion-en-sexenio-pasado-alejandro-macias\\\/#breadcrumb\"},\"inLanguage\":\"es\",\"potentialAction\":[{\"@type\":\"ReadAction\",\"target\":[\"https:\\\/\\\/www.bbmnoticias.com\\\/blog\\\/2025\\\/04\\\/28\\\/entrada-del-sarampion-a-mexico-es-inminente-se-abandono-la-vacunacion-en-sexenio-pasado-alejandro-macias\\\/\"]}]},{\"@type\":\"ImageObject\",\"inLanguage\":\"es\",\"@id\":\"https:\\\/\\\/www.bbmnoticias.com\\\/blog\\\/2025\\\/04\\\/28\\\/entrada-del-sarampion-a-mexico-es-inminente-se-abandono-la-vacunacion-en-sexenio-pasado-alejandro-macias\\\/#primaryimage\",\"url\":\"https:\\\/\\\/www.bbmnoticias.com\\\/labravaradiofm\\\/wp-content\\\/uploads\\\/sites\\\/5\\\/2025\\\/04\\\/vacunas-vacuna-sarampion-1536x1024-1.jpg\",\"contentUrl\":\"https:\\\/\\\/www.bbmnoticias.com\\\/labravaradiofm\\\/wp-content\\\/uploads\\\/sites\\\/5\\\/2025\\\/04\\\/vacunas-vacuna-sarampion-1536x1024-1.jpg\",\"width\":1536,\"height\":1024},{\"@type\":\"BreadcrumbList\",\"@id\":\"https:\\\/\\\/www.bbmnoticias.com\\\/blog\\\/2025\\\/04\\\/28\\\/entrada-del-sarampion-a-mexico-es-inminente-se-abandono-la-vacunacion-en-sexenio-pasado-alejandro-macias\\\/#breadcrumb\",\"itemListElement\":[{\"@type\":\"ListItem\",\"position\":1,\"name\":\"Inicio\",\"item\":\"https:\\\/\\\/www.bbmnoticias.com\\\/labravaradiofm\\\/\"},{\"@type\":\"ListItem\",\"position\":2,\"name\":\"Entrada del sarampi\u00f3n a M\u00e9xico es inminente, se abandon\u00f3 la vacunaci\u00f3n en sexenio pasado: Alejandro Mac\u00edas\"}]},{\"@type\":\"WebSite\",\"@id\":\"https:\\\/\\\/www.bbmnoticias.com\\\/labravaradiofm\\\/#website\",\"url\":\"https:\\\/\\\/www.bbmnoticias.com\\\/labravaradiofm\\\/\",\"name\":\"LA BRAVA RADIO\",\"description\":\"Empresa productora de medios, Radiodifusi\u00f3n, Noticias, tendencias y todo lo que necesitas saber de la pol\u00edtica mexicana e internacional; entretenimiento, espect\u00e1culos, salud y mucho m\u00e1s.\",\"potentialAction\":[{\"@type\":\"SearchAction\",\"target\":{\"@type\":\"EntryPoint\",\"urlTemplate\":\"https:\\\/\\\/www.bbmnoticias.com\\\/labravaradiofm\\\/?s={search_term_string}\"},\"query-input\":{\"@type\":\"PropertyValueSpecification\",\"valueRequired\":true,\"valueName\":\"search_term_string\"}}],\"inLanguage\":\"es\"},{\"@type\":\"Person\",\"@id\":\"https:\\\/\\\/www.bbmnoticias.com\\\/labravaradiofm\\\/#\\\/schema\\\/person\\\/857a3daf5c8142f29919023f377fbfad\",\"name\":\"Agencias\",\"image\":{\"@type\":\"ImageObject\",\"inLanguage\":\"es\",\"@id\":\"https:\\\/\\\/secure.gravatar.com\\\/avatar\\\/739e0b61adf9e398b425c36718c8752286da0e8cd90f20ce9a86678abc26aa0d?s=96&d=mm&r=g\",\"url\":\"https:\\\/\\\/secure.gravatar.com\\\/avatar\\\/739e0b61adf9e398b425c36718c8752286da0e8cd90f20ce9a86678abc26aa0d?s=96&d=mm&r=g\",\"contentUrl\":\"https:\\\/\\\/secure.gravatar.com\\\/avatar\\\/739e0b61adf9e398b425c36718c8752286da0e8cd90f20ce9a86678abc26aa0d?s=96&d=mm&r=g\",\"caption\":\"Agencias\"},\"url\":\"https:\\\/\\\/www.bbmnoticias.com\\\/labravaradiofm\\\/author\\\/agencias\\\/\"}]}<\/script>\n<!-- \/ Yoast SEO plugin. -->","yoast_head_json":{"title":"Entrada del sarampi\u00f3n a M\u00e9xico es inminente, se abandon\u00f3 la vacunaci\u00f3n en sexenio pasado: Alejandro Mac\u00edas - LA BRAVA RADIO","robots":{"index":"index","follow":"follow","max-snippet":"max-snippet:-1","max-image-preview":"max-image-preview:large","max-video-preview":"max-video-preview:-1"},"canonical":"https:\/\/www.bbmnoticias.com\/blog\/2025\/04\/28\/entrada-del-sarampion-a-mexico-es-inminente-se-abandono-la-vacunacion-en-sexenio-pasado-alejandro-macias\/","og_locale":"es_MX","og_type":"article","og_title":"Entrada del sarampi\u00f3n a M\u00e9xico es inminente, se abandon\u00f3 la vacunaci\u00f3n en sexenio pasado: Alejandro Mac\u00edas - LA BRAVA RADIO","og_description":"El m\u00e9dico infect\u00f3logo Alejandro Mac\u00edas asegur\u00f3 que las tasas bajas de vacunaci\u00f3n registradas en el sexenio de Andr\u00e9s Manuel L\u00f3pez Obrador (2018-2024), tienen como consecuencia el incremento hoy en los casos de sarampi\u00f3n en M\u00e9xico. En entrevista para el programa de Joaqu\u00edn L\u00f3pez-D\u00f3riga&nbsp;en Radio F\u00f3rmula, Mac\u00edas Hern\u00e1ndez apunt\u00f3 que pr\u00e1cticamente se abandon\u00f3 la vacunaci\u00f3n en [&hellip;]","og_url":"https:\/\/www.bbmnoticias.com\/blog\/2025\/04\/28\/entrada-del-sarampion-a-mexico-es-inminente-se-abandono-la-vacunacion-en-sexenio-pasado-alejandro-macias\/","og_site_name":"LA BRAVA RADIO","article_published_time":"2025-04-28T21:48:46+00:00","article_modified_time":"2025-04-28T21:48:51+00:00","og_image":[{"width":1536,"height":1024,"url":"https:\/\/www.bbmnoticias.com\/labravaradiofm\/wp-content\/uploads\/sites\/5\/2025\/04\/vacunas-vacuna-sarampion-1536x1024-1.jpg","type":"image\/jpeg"}],"author":"Agencias","twitter_card":"summary_large_image","twitter_misc":{"Escrito por":"Agencias","Tiempo de lectura":"3 minutos"},"schema":{"@context":"https:\/\/schema.org","@graph":[{"@type":"Article","@id":"https:\/\/www.bbmnoticias.com\/blog\/2025\/04\/28\/entrada-del-sarampion-a-mexico-es-inminente-se-abandono-la-vacunacion-en-sexenio-pasado-alejandro-macias\/#article","isPartOf":{"@id":"https:\/\/www.bbmnoticias.com\/labravaradiofm\/2025\/04\/28\/entrada-del-sarampion-a-mexico-es-inminente-se-abandono-la-vacunacion-en-sexenio-pasado-alejandro-macias\/"},"author":{"name":"Agencias","@id":"https:\/\/www.bbmnoticias.com\/labravaradiofm\/#\/schema\/person\/857a3daf5c8142f29919023f377fbfad"},"headline":"Entrada del sarampi\u00f3n a M\u00e9xico es inminente, se abandon\u00f3 la vacunaci\u00f3n en sexenio pasado: Alejandro Mac\u00edas","datePublished":"2025-04-28T21:48:46+00:00","dateModified":"2025-04-28T21:48:51+00:00","mainEntityOfPage":{"@id":"https:\/\/www.bbmnoticias.com\/labravaradiofm\/2025\/04\/28\/entrada-del-sarampion-a-mexico-es-inminente-se-abandono-la-vacunacion-en-sexenio-pasado-alejandro-macias\/"},"wordCount":542,"image":{"@id":"https:\/\/www.bbmnoticias.com\/blog\/2025\/04\/28\/entrada-del-sarampion-a-mexico-es-inminente-se-abandono-la-vacunacion-en-sexenio-pasado-alejandro-macias\/#primaryimage"},"thumbnailUrl":"https:\/\/www.bbmnoticias.com\/labravaradiofm\/wp-content\/uploads\/sites\/5\/2025\/04\/vacunas-vacuna-sarampion-1536x1024-1.jpg","articleSection":["LOCAL","NACIONAL"],"inLanguage":"es"},{"@type":"WebPage","@id":"https:\/\/www.bbmnoticias.com\/labravaradiofm\/2025\/04\/28\/entrada-del-sarampion-a-mexico-es-inminente-se-abandono-la-vacunacion-en-sexenio-pasado-alejandro-macias\/","url":"https:\/\/www.bbmnoticias.com\/blog\/2025\/04\/28\/entrada-del-sarampion-a-mexico-es-inminente-se-abandono-la-vacunacion-en-sexenio-pasado-alejandro-macias\/","name":"Entrada del sarampi\u00f3n a M\u00e9xico es inminente, se abandon\u00f3 la vacunaci\u00f3n en sexenio pasado: Alejandro Mac\u00edas - LA BRAVA RADIO","isPartOf":{"@id":"https:\/\/www.bbmnoticias.com\/labravaradiofm\/#website"},"primaryImageOfPage":{"@id":"https:\/\/www.bbmnoticias.com\/blog\/2025\/04\/28\/entrada-del-sarampion-a-mexico-es-inminente-se-abandono-la-vacunacion-en-sexenio-pasado-alejandro-macias\/#primaryimage"},"image":{"@id":"https:\/\/www.bbmnoticias.com\/blog\/2025\/04\/28\/entrada-del-sarampion-a-mexico-es-inminente-se-abandono-la-vacunacion-en-sexenio-pasado-alejandro-macias\/#primaryimage"},"thumbnailUrl":"https:\/\/www.bbmnoticias.com\/labravaradiofm\/wp-content\/uploads\/sites\/5\/2025\/04\/vacunas-vacuna-sarampion-1536x1024-1.jpg","datePublished":"2025-04-28T21:48:46+00:00","dateModified":"2025-04-28T21:48:51+00:00","author":{"@id":"https:\/\/www.bbmnoticias.com\/labravaradiofm\/#\/schema\/person\/857a3daf5c8142f29919023f377fbfad"},"breadcrumb":{"@id":"https:\/\/www.bbmnoticias.com\/blog\/2025\/04\/28\/entrada-del-sarampion-a-mexico-es-inminente-se-abandono-la-vacunacion-en-sexenio-pasado-alejandro-macias\/#breadcrumb"},"inLanguage":"es","potentialAction":[{"@type":"ReadAction","target":["https:\/\/www.bbmnoticias.com\/blog\/2025\/04\/28\/entrada-del-sarampion-a-mexico-es-inminente-se-abandono-la-vacunacion-en-sexenio-pasado-alejandro-macias\/"]}]},{"@type":"ImageObject","inLanguage":"es","@id":"https:\/\/www.bbmnoticias.com\/blog\/2025\/04\/28\/entrada-del-sarampion-a-mexico-es-inminente-se-abandono-la-vacunacion-en-sexenio-pasado-alejandro-macias\/#primaryimage","url":"https:\/\/www.bbmnoticias.com\/labravaradiofm\/wp-content\/uploads\/sites\/5\/2025\/04\/vacunas-vacuna-sarampion-1536x1024-1.jpg","contentUrl":"https:\/\/www.bbmnoticias.com\/labravaradiofm\/wp-content\/uploads\/sites\/5\/2025\/04\/vacunas-vacuna-sarampion-1536x1024-1.jpg","width":1536,"height":1024},{"@type":"BreadcrumbList","@id":"https:\/\/www.bbmnoticias.com\/blog\/2025\/04\/28\/entrada-del-sarampion-a-mexico-es-inminente-se-abandono-la-vacunacion-en-sexenio-pasado-alejandro-macias\/#breadcrumb","itemListElement":[{"@type":"ListItem","position":1,"name":"Inicio","item":"https:\/\/www.bbmnoticias.com\/labravaradiofm\/"},{"@type":"ListItem","position":2,"name":"Entrada del sarampi\u00f3n a M\u00e9xico es inminente, se abandon\u00f3 la vacunaci\u00f3n en sexenio pasado: Alejandro Mac\u00edas"}]},{"@type":"WebSite","@id":"https:\/\/www.bbmnoticias.com\/labravaradiofm\/#website","url":"https:\/\/www.bbmnoticias.com\/labravaradiofm\/","name":"LA BRAVA RADIO","description":"Empresa productora de medios, Radiodifusi\u00f3n, Noticias, tendencias y todo lo que necesitas saber de la pol\u00edtica mexicana e internacional; entretenimiento, espect\u00e1culos, salud y mucho m\u00e1s.","potentialAction":[{"@type":"SearchAction","target":{"@type":"EntryPoint","urlTemplate":"https:\/\/www.bbmnoticias.com\/labravaradiofm\/?s={search_term_string}"},"query-input":{"@type":"PropertyValueSpecification","valueRequired":true,"valueName":"search_term_string"}}],"inLanguage":"es"},{"@type":"Person","@id":"https:\/\/www.bbmnoticias.com\/labravaradiofm\/#\/schema\/person\/857a3daf5c8142f29919023f377fbfad","name":"Agencias","image":{"@type":"ImageObject","inLanguage":"es","@id":"https:\/\/secure.gravatar.com\/avatar\/739e0b61adf9e398b425c36718c8752286da0e8cd90f20ce9a86678abc26aa0d?s=96&d=mm&r=g","url":"https:\/\/secure.gravatar.com\/avatar\/739e0b61adf9e398b425c36718c8752286da0e8cd90f20ce9a86678abc26aa0d?s=96&d=mm&r=g","contentUrl":"https:\/\/secure.gravatar.com\/avatar\/739e0b61adf9e398b425c36718c8752286da0e8cd90f20ce9a86678abc26aa0d?s=96&d=mm&r=g","caption":"Agencias"},"url":"https:\/\/www.bbmnoticias.com\/labravaradiofm\/author\/agencias\/"}]}},"_links":{"self":[{"href":"https:\/\/www.bbmnoticias.com\/labravaradiofm\/wp-json\/wp\/v2\/posts\/58985","targetHints":{"allow":["GET"]}}],"collection":[{"href":"https:\/\/www.bbmnoticias.com\/labravaradiofm\/wp-json\/wp\/v2\/posts"}],"about":[{"href":"https:\/\/www.bbmnoticias.com\/labravaradiofm\/wp-json\/wp\/v2\/types\/post"}],"author":[{"embeddable":true,"href":"https:\/\/www.bbmnoticias.com\/labravaradiofm\/wp-json\/wp\/v2\/users\/4"}],"replies":[{"embeddable":true,"href":"https:\/\/www.bbmnoticias.com\/labravaradiofm\/wp-json\/wp\/v2\/comments?post=58985"}],"version-history":[{"count":0,"href":"https:\/\/www.bbmnoticias.com\/labravaradiofm\/wp-json\/wp\/v2\/posts\/58985\/revisions"}],"wp:featuredmedia":[{"embeddable":true,"href":"https:\/\/www.bbmnoticias.com\/labravaradiofm\/wp-json\/wp\/v2\/media\/58987"}],"wp:attachment":[{"href":"https:\/\/www.bbmnoticias.com\/labravaradiofm\/wp-json\/wp\/v2\/media?parent=58985"}],"wp:term":[{"taxonomy":"category","embeddable":true,"href":"https:\/\/www.bbmnoticias.com\/labravaradiofm\/wp-json\/wp\/v2\/categories?post=58985"},{"taxonomy":"post_tag","embeddable":true,"href":"https:\/\/www.bbmnoticias.com\/labravaradiofm\/wp-json\/wp\/v2\/tags?post=58985"}],"curies":[{"name":"wp","href":"https:\/\/api.w.org\/{rel}","templated":true}]}}