{"id":58982,"date":"2025-04-28T15:16:41","date_gmt":"2025-04-28T21:16:41","guid":{"rendered":"https:\/\/www.bbmnoticias.com\/labravaradiofm\/2025\/04\/28\/reporta-proteccion-civil-cierre-de-playas-en-la-costa-oaxaquena-por-evento-de-mar-de-fondo\/"},"modified":"2025-04-28T15:16:45","modified_gmt":"2025-04-28T21:16:45","slug":"reporta-proteccion-civil-cierre-de-playas-en-la-costa-oaxaquena-por-evento-de-mar-de-fondo","status":"publish","type":"post","link":"https:\/\/www.bbmnoticias.com\/labravaradiofm\/2025\/04\/28\/reporta-proteccion-civil-cierre-de-playas-en-la-costa-oaxaquena-por-evento-de-mar-de-fondo\/","title":{"rendered":"Reporta Protecci\u00f3n Civil cierre de playas en la costa oaxaque\u00f1a por evento de Mar de Fondo"},"content":{"rendered":"<div style=\"margin-top: 0px; margin-bottom: 0px;\" class=\"sharethis-inline-share-buttons\" ><\/div>\n<p>La Coordinaci\u00f3n Estatal de Protecci\u00f3n Civil y Gesti\u00f3n de Riesgos (CEPCyGR) informa que, derivado del evento de mar de fondo que afecta a la zona costera de Oaxaca, desde Santiago Pinotepa Nacional hasta San Mateo del Mar, se han registrado playas cerradas al turismo, las cuales han sido se\u00f1alizadas con Bandera Negra.<\/p>\n\n\n\n<p>Las playas cerradas son: Chahu\u00e9, El Arrocito, San Agust\u00edn, Cacaluta, Riscalillo, Boca Vieja, Bocana, Tangolunda y Tej\u00f3n. Asimismo, el resto de las playas en la zona costera permanecen bajo Bandera Roja, indicando condiciones peligrosas para realizar actividades acu\u00e1ticas.<\/p>\n\n\n\n<p>Derivado de este fen\u00f3meno, la CEPCyGR exhorta a la ciudadan\u00eda y a visitantes, respetar las se\u00f1ales de advertencia, seguir las indicaciones de las autoridades y evitar ingresar al mar para prevenir incidentes.<\/p>\n","protected":false},"excerpt":{"rendered":"<p>La Coordinaci\u00f3n Estatal de Protecci\u00f3n Civil y Gesti\u00f3n de Riesgos (CEPCyGR) informa que, derivado del evento de mar de fondo que afecta a la zona costera de Oaxaca, desde Santiago Pinotepa Nacional hasta San Mateo del Mar, se han registrado playas cerradas al turismo, las cuales han sido se\u00f1alizadas con Bandera Negra. Las playas cerradas [&hellip;]<\/p>\n","protected":false},"author":2,"featured_media":58984,"comment_status":"closed","ping_status":"","sticky":false,"template":"","format":"standard","meta":{"footnotes":""},"categories":[2],"tags":[],"class_list":{"0":"post-58982","1":"post","2":"type-post","3":"status-publish","4":"format-standard","5":"has-post-thumbnail","7":"category-oaxaca"},"yoast_head":"<!-- This site is optimized with the Yoast SEO plugin v27.4 - https:\/\/yoast.com\/product\/yoast-seo-wordpress\/ -->\n<title>Reporta Protecci\u00f3n Civil cierre de playas en la costa oaxaque\u00f1a por evento de Mar de Fondo - LA BRAVA RADIO<\/title>\n<meta name=\"robots\" content=\"index, follow, max-snippet:-1, max-image-preview:large, max-video-preview:-1\" \/>\n<link rel=\"canonical\" href=\"https:\/\/www.bbmnoticias.com\/blog\/2025\/04\/28\/reporta-proteccion-civil-cierre-de-playas-en-la-costa-oaxaquena-por-evento-de-mar-de-fondo\/\" \/>\n<meta property=\"og:locale\" content=\"es_MX\" \/>\n<meta property=\"og:type\" content=\"article\" \/>\n<meta property=\"og:title\" content=\"Reporta Protecci\u00f3n Civil cierre de playas en la costa oaxaque\u00f1a por evento de Mar de Fondo - LA BRAVA RADIO\" \/>\n<meta property=\"og:description\" content=\"La Coordinaci\u00f3n Estatal de Protecci\u00f3n Civil y Gesti\u00f3n de Riesgos (CEPCyGR) informa que, derivado del evento de mar de fondo que afecta a la zona costera de Oaxaca, desde Santiago Pinotepa Nacional hasta San Mateo del Mar, se han registrado playas cerradas al turismo, las cuales han sido se\u00f1alizadas con Bandera Negra. Las playas cerradas [&hellip;]\" \/>\n<meta property=\"og:url\" content=\"https:\/\/www.bbmnoticias.com\/blog\/2025\/04\/28\/reporta-proteccion-civil-cierre-de-playas-en-la-costa-oaxaquena-por-evento-de-mar-de-fondo\/\" \/>\n<meta property=\"og:site_name\" content=\"LA BRAVA RADIO\" \/>\n<meta property=\"article:published_time\" content=\"2025-04-28T21:16:41+00:00\" \/>\n<meta property=\"article:modified_time\" content=\"2025-04-28T21:16:45+00:00\" \/>\n<meta property=\"og:image\" content=\"https:\/\/www.bbmnoticias.com\/labravaradiofm\/wp-content\/uploads\/sites\/5\/2025\/04\/mar_de_fondo.jpeg\" \/>\n\t<meta property=\"og:image:width\" content=\"1600\" \/>\n\t<meta property=\"og:image:height\" content=\"900\" \/>\n\t<meta property=\"og:image:type\" content=\"image\/jpeg\" \/>\n<meta name=\"author\" content=\"Staff\" \/>\n<meta name=\"twitter:card\" content=\"summary_large_image\" \/>\n<meta name=\"twitter:label1\" content=\"Escrito por\" \/>\n\t<meta name=\"twitter:data1\" content=\"Staff\" \/>\n\t<meta name=\"twitter:label2\" content=\"Tiempo de lectura\" \/>\n\t<meta name=\"twitter:data2\" content=\"1 minuto\" \/>\n<script type=\"application\/ld+json\" class=\"yoast-schema-graph\">{\"@context\":\"https:\\\/\\\/schema.org\",\"@graph\":[{\"@type\":\"Article\",\"@id\":\"https:\\\/\\\/www.bbmnoticias.com\\\/blog\\\/2025\\\/04\\\/28\\\/reporta-proteccion-civil-cierre-de-playas-en-la-costa-oaxaquena-por-evento-de-mar-de-fondo\\\/#article\",\"isPartOf\":{\"@id\":\"https:\\\/\\\/www.bbmnoticias.com\\\/labravaradiofm\\\/2025\\\/04\\\/28\\\/reporta-proteccion-civil-cierre-de-playas-en-la-costa-oaxaquena-por-evento-de-mar-de-fondo\\\/\"},\"author\":{\"name\":\"Staff\",\"@id\":\"https:\\\/\\\/www.bbmnoticias.com\\\/labravaradiofm\\\/#\\\/schema\\\/person\\\/34b139c617a70ea5bef5678bffe4dd7b\"},\"headline\":\"Reporta Protecci\u00f3n Civil cierre de playas en la costa oaxaque\u00f1a por evento de Mar de Fondo\",\"datePublished\":\"2025-04-28T21:16:41+00:00\",\"dateModified\":\"2025-04-28T21:16:45+00:00\",\"mainEntityOfPage\":{\"@id\":\"https:\\\/\\\/www.bbmnoticias.com\\\/labravaradiofm\\\/2025\\\/04\\\/28\\\/reporta-proteccion-civil-cierre-de-playas-en-la-costa-oaxaquena-por-evento-de-mar-de-fondo\\\/\"},\"wordCount\":150,\"image\":{\"@id\":\"https:\\\/\\\/www.bbmnoticias.com\\\/blog\\\/2025\\\/04\\\/28\\\/reporta-proteccion-civil-cierre-de-playas-en-la-costa-oaxaquena-por-evento-de-mar-de-fondo\\\/#primaryimage\"},\"thumbnailUrl\":\"https:\\\/\\\/www.bbmnoticias.com\\\/labravaradiofm\\\/wp-content\\\/uploads\\\/sites\\\/5\\\/2025\\\/04\\\/mar_de_fondo.jpeg\",\"articleSection\":[\"LOCAL\"],\"inLanguage\":\"es\"},{\"@type\":\"WebPage\",\"@id\":\"https:\\\/\\\/www.bbmnoticias.com\\\/labravaradiofm\\\/2025\\\/04\\\/28\\\/reporta-proteccion-civil-cierre-de-playas-en-la-costa-oaxaquena-por-evento-de-mar-de-fondo\\\/\",\"url\":\"https:\\\/\\\/www.bbmnoticias.com\\\/blog\\\/2025\\\/04\\\/28\\\/reporta-proteccion-civil-cierre-de-playas-en-la-costa-oaxaquena-por-evento-de-mar-de-fondo\\\/\",\"name\":\"Reporta Protecci\u00f3n Civil cierre de playas en la costa oaxaque\u00f1a por evento de Mar de Fondo - LA BRAVA RADIO\",\"isPartOf\":{\"@id\":\"https:\\\/\\\/www.bbmnoticias.com\\\/labravaradiofm\\\/#website\"},\"primaryImageOfPage\":{\"@id\":\"https:\\\/\\\/www.bbmnoticias.com\\\/blog\\\/2025\\\/04\\\/28\\\/reporta-proteccion-civil-cierre-de-playas-en-la-costa-oaxaquena-por-evento-de-mar-de-fondo\\\/#primaryimage\"},\"image\":{\"@id\":\"https:\\\/\\\/www.bbmnoticias.com\\\/blog\\\/2025\\\/04\\\/28\\\/reporta-proteccion-civil-cierre-de-playas-en-la-costa-oaxaquena-por-evento-de-mar-de-fondo\\\/#primaryimage\"},\"thumbnailUrl\":\"https:\\\/\\\/www.bbmnoticias.com\\\/labravaradiofm\\\/wp-content\\\/uploads\\\/sites\\\/5\\\/2025\\\/04\\\/mar_de_fondo.jpeg\",\"datePublished\":\"2025-04-28T21:16:41+00:00\",\"dateModified\":\"2025-04-28T21:16:45+00:00\",\"author\":{\"@id\":\"https:\\\/\\\/www.bbmnoticias.com\\\/labravaradiofm\\\/#\\\/schema\\\/person\\\/34b139c617a70ea5bef5678bffe4dd7b\"},\"breadcrumb\":{\"@id\":\"https:\\\/\\\/www.bbmnoticias.com\\\/blog\\\/2025\\\/04\\\/28\\\/reporta-proteccion-civil-cierre-de-playas-en-la-costa-oaxaquena-por-evento-de-mar-de-fondo\\\/#breadcrumb\"},\"inLanguage\":\"es\",\"potentialAction\":[{\"@type\":\"ReadAction\",\"target\":[\"https:\\\/\\\/www.bbmnoticias.com\\\/blog\\\/2025\\\/04\\\/28\\\/reporta-proteccion-civil-cierre-de-playas-en-la-costa-oaxaquena-por-evento-de-mar-de-fondo\\\/\"]}]},{\"@type\":\"ImageObject\",\"inLanguage\":\"es\",\"@id\":\"https:\\\/\\\/www.bbmnoticias.com\\\/blog\\\/2025\\\/04\\\/28\\\/reporta-proteccion-civil-cierre-de-playas-en-la-costa-oaxaquena-por-evento-de-mar-de-fondo\\\/#primaryimage\",\"url\":\"https:\\\/\\\/www.bbmnoticias.com\\\/labravaradiofm\\\/wp-content\\\/uploads\\\/sites\\\/5\\\/2025\\\/04\\\/mar_de_fondo.jpeg\",\"contentUrl\":\"https:\\\/\\\/www.bbmnoticias.com\\\/labravaradiofm\\\/wp-content\\\/uploads\\\/sites\\\/5\\\/2025\\\/04\\\/mar_de_fondo.jpeg\",\"width\":1600,\"height\":900},{\"@type\":\"BreadcrumbList\",\"@id\":\"https:\\\/\\\/www.bbmnoticias.com\\\/blog\\\/2025\\\/04\\\/28\\\/reporta-proteccion-civil-cierre-de-playas-en-la-costa-oaxaquena-por-evento-de-mar-de-fondo\\\/#breadcrumb\",\"itemListElement\":[{\"@type\":\"ListItem\",\"position\":1,\"name\":\"Inicio\",\"item\":\"https:\\\/\\\/www.bbmnoticias.com\\\/labravaradiofm\\\/\"},{\"@type\":\"ListItem\",\"position\":2,\"name\":\"Reporta Protecci\u00f3n Civil cierre de playas en la costa oaxaque\u00f1a por evento de Mar de Fondo\"}]},{\"@type\":\"WebSite\",\"@id\":\"https:\\\/\\\/www.bbmnoticias.com\\\/labravaradiofm\\\/#website\",\"url\":\"https:\\\/\\\/www.bbmnoticias.com\\\/labravaradiofm\\\/\",\"name\":\"LA BRAVA RADIO\",\"description\":\"Empresa productora de medios, Radiodifusi\u00f3n, Noticias, tendencias y todo lo que necesitas saber de la pol\u00edtica mexicana e internacional; entretenimiento, espect\u00e1culos, salud y mucho m\u00e1s.\",\"potentialAction\":[{\"@type\":\"SearchAction\",\"target\":{\"@type\":\"EntryPoint\",\"urlTemplate\":\"https:\\\/\\\/www.bbmnoticias.com\\\/labravaradiofm\\\/?s={search_term_string}\"},\"query-input\":{\"@type\":\"PropertyValueSpecification\",\"valueRequired\":true,\"valueName\":\"search_term_string\"}}],\"inLanguage\":\"es\"},{\"@type\":\"Person\",\"@id\":\"https:\\\/\\\/www.bbmnoticias.com\\\/labravaradiofm\\\/#\\\/schema\\\/person\\\/34b139c617a70ea5bef5678bffe4dd7b\",\"name\":\"Staff\",\"image\":{\"@type\":\"ImageObject\",\"inLanguage\":\"es\",\"@id\":\"https:\\\/\\\/secure.gravatar.com\\\/avatar\\\/fdd21ad66fd8b98c407f9dee5b5e588cfe7f0d8579ec20fa6527cd59bab7f0f0?s=96&d=mm&r=g\",\"url\":\"https:\\\/\\\/secure.gravatar.com\\\/avatar\\\/fdd21ad66fd8b98c407f9dee5b5e588cfe7f0d8579ec20fa6527cd59bab7f0f0?s=96&d=mm&r=g\",\"contentUrl\":\"https:\\\/\\\/secure.gravatar.com\\\/avatar\\\/fdd21ad66fd8b98c407f9dee5b5e588cfe7f0d8579ec20fa6527cd59bab7f0f0?s=96&d=mm&r=g\",\"caption\":\"Staff\"},\"url\":\"https:\\\/\\\/www.bbmnoticias.com\\\/labravaradiofm\\\/author\\\/redaccion\\\/\"}]}<\/script>\n<!-- \/ Yoast SEO plugin. -->","yoast_head_json":{"title":"Reporta Protecci\u00f3n Civil cierre de playas en la costa oaxaque\u00f1a por evento de Mar de Fondo - LA BRAVA RADIO","robots":{"index":"index","follow":"follow","max-snippet":"max-snippet:-1","max-image-preview":"max-image-preview:large","max-video-preview":"max-video-preview:-1"},"canonical":"https:\/\/www.bbmnoticias.com\/blog\/2025\/04\/28\/reporta-proteccion-civil-cierre-de-playas-en-la-costa-oaxaquena-por-evento-de-mar-de-fondo\/","og_locale":"es_MX","og_type":"article","og_title":"Reporta Protecci\u00f3n Civil cierre de playas en la costa oaxaque\u00f1a por evento de Mar de Fondo - LA BRAVA RADIO","og_description":"La Coordinaci\u00f3n Estatal de Protecci\u00f3n Civil y Gesti\u00f3n de Riesgos (CEPCyGR) informa que, derivado del evento de mar de fondo que afecta a la zona costera de Oaxaca, desde Santiago Pinotepa Nacional hasta San Mateo del Mar, se han registrado playas cerradas al turismo, las cuales han sido se\u00f1alizadas con Bandera Negra. Las playas cerradas [&hellip;]","og_url":"https:\/\/www.bbmnoticias.com\/blog\/2025\/04\/28\/reporta-proteccion-civil-cierre-de-playas-en-la-costa-oaxaquena-por-evento-de-mar-de-fondo\/","og_site_name":"LA BRAVA RADIO","article_published_time":"2025-04-28T21:16:41+00:00","article_modified_time":"2025-04-28T21:16:45+00:00","og_image":[{"width":1600,"height":900,"url":"https:\/\/www.bbmnoticias.com\/labravaradiofm\/wp-content\/uploads\/sites\/5\/2025\/04\/mar_de_fondo.jpeg","type":"image\/jpeg"}],"author":"Staff","twitter_card":"summary_large_image","twitter_misc":{"Escrito por":"Staff","Tiempo de lectura":"1 minuto"},"schema":{"@context":"https:\/\/schema.org","@graph":[{"@type":"Article","@id":"https:\/\/www.bbmnoticias.com\/blog\/2025\/04\/28\/reporta-proteccion-civil-cierre-de-playas-en-la-costa-oaxaquena-por-evento-de-mar-de-fondo\/#article","isPartOf":{"@id":"https:\/\/www.bbmnoticias.com\/labravaradiofm\/2025\/04\/28\/reporta-proteccion-civil-cierre-de-playas-en-la-costa-oaxaquena-por-evento-de-mar-de-fondo\/"},"author":{"name":"Staff","@id":"https:\/\/www.bbmnoticias.com\/labravaradiofm\/#\/schema\/person\/34b139c617a70ea5bef5678bffe4dd7b"},"headline":"Reporta Protecci\u00f3n Civil cierre de playas en la costa oaxaque\u00f1a por evento de Mar de Fondo","datePublished":"2025-04-28T21:16:41+00:00","dateModified":"2025-04-28T21:16:45+00:00","mainEntityOfPage":{"@id":"https:\/\/www.bbmnoticias.com\/labravaradiofm\/2025\/04\/28\/reporta-proteccion-civil-cierre-de-playas-en-la-costa-oaxaquena-por-evento-de-mar-de-fondo\/"},"wordCount":150,"image":{"@id":"https:\/\/www.bbmnoticias.com\/blog\/2025\/04\/28\/reporta-proteccion-civil-cierre-de-playas-en-la-costa-oaxaquena-por-evento-de-mar-de-fondo\/#primaryimage"},"thumbnailUrl":"https:\/\/www.bbmnoticias.com\/labravaradiofm\/wp-content\/uploads\/sites\/5\/2025\/04\/mar_de_fondo.jpeg","articleSection":["LOCAL"],"inLanguage":"es"},{"@type":"WebPage","@id":"https:\/\/www.bbmnoticias.com\/labravaradiofm\/2025\/04\/28\/reporta-proteccion-civil-cierre-de-playas-en-la-costa-oaxaquena-por-evento-de-mar-de-fondo\/","url":"https:\/\/www.bbmnoticias.com\/blog\/2025\/04\/28\/reporta-proteccion-civil-cierre-de-playas-en-la-costa-oaxaquena-por-evento-de-mar-de-fondo\/","name":"Reporta Protecci\u00f3n Civil cierre de playas en la costa oaxaque\u00f1a por evento de Mar de Fondo - LA BRAVA RADIO","isPartOf":{"@id":"https:\/\/www.bbmnoticias.com\/labravaradiofm\/#website"},"primaryImageOfPage":{"@id":"https:\/\/www.bbmnoticias.com\/blog\/2025\/04\/28\/reporta-proteccion-civil-cierre-de-playas-en-la-costa-oaxaquena-por-evento-de-mar-de-fondo\/#primaryimage"},"image":{"@id":"https:\/\/www.bbmnoticias.com\/blog\/2025\/04\/28\/reporta-proteccion-civil-cierre-de-playas-en-la-costa-oaxaquena-por-evento-de-mar-de-fondo\/#primaryimage"},"thumbnailUrl":"https:\/\/www.bbmnoticias.com\/labravaradiofm\/wp-content\/uploads\/sites\/5\/2025\/04\/mar_de_fondo.jpeg","datePublished":"2025-04-28T21:16:41+00:00","dateModified":"2025-04-28T21:16:45+00:00","author":{"@id":"https:\/\/www.bbmnoticias.com\/labravaradiofm\/#\/schema\/person\/34b139c617a70ea5bef5678bffe4dd7b"},"breadcrumb":{"@id":"https:\/\/www.bbmnoticias.com\/blog\/2025\/04\/28\/reporta-proteccion-civil-cierre-de-playas-en-la-costa-oaxaquena-por-evento-de-mar-de-fondo\/#breadcrumb"},"inLanguage":"es","potentialAction":[{"@type":"ReadAction","target":["https:\/\/www.bbmnoticias.com\/blog\/2025\/04\/28\/reporta-proteccion-civil-cierre-de-playas-en-la-costa-oaxaquena-por-evento-de-mar-de-fondo\/"]}]},{"@type":"ImageObject","inLanguage":"es","@id":"https:\/\/www.bbmnoticias.com\/blog\/2025\/04\/28\/reporta-proteccion-civil-cierre-de-playas-en-la-costa-oaxaquena-por-evento-de-mar-de-fondo\/#primaryimage","url":"https:\/\/www.bbmnoticias.com\/labravaradiofm\/wp-content\/uploads\/sites\/5\/2025\/04\/mar_de_fondo.jpeg","contentUrl":"https:\/\/www.bbmnoticias.com\/labravaradiofm\/wp-content\/uploads\/sites\/5\/2025\/04\/mar_de_fondo.jpeg","width":1600,"height":900},{"@type":"BreadcrumbList","@id":"https:\/\/www.bbmnoticias.com\/blog\/2025\/04\/28\/reporta-proteccion-civil-cierre-de-playas-en-la-costa-oaxaquena-por-evento-de-mar-de-fondo\/#breadcrumb","itemListElement":[{"@type":"ListItem","position":1,"name":"Inicio","item":"https:\/\/www.bbmnoticias.com\/labravaradiofm\/"},{"@type":"ListItem","position":2,"name":"Reporta Protecci\u00f3n Civil cierre de playas en la costa oaxaque\u00f1a por evento de Mar de Fondo"}]},{"@type":"WebSite","@id":"https:\/\/www.bbmnoticias.com\/labravaradiofm\/#website","url":"https:\/\/www.bbmnoticias.com\/labravaradiofm\/","name":"LA BRAVA RADIO","description":"Empresa productora de medios, Radiodifusi\u00f3n, Noticias, tendencias y todo lo que necesitas saber de la pol\u00edtica mexicana e internacional; entretenimiento, espect\u00e1culos, salud y mucho m\u00e1s.","potentialAction":[{"@type":"SearchAction","target":{"@type":"EntryPoint","urlTemplate":"https:\/\/www.bbmnoticias.com\/labravaradiofm\/?s={search_term_string}"},"query-input":{"@type":"PropertyValueSpecification","valueRequired":true,"valueName":"search_term_string"}}],"inLanguage":"es"},{"@type":"Person","@id":"https:\/\/www.bbmnoticias.com\/labravaradiofm\/#\/schema\/person\/34b139c617a70ea5bef5678bffe4dd7b","name":"Staff","image":{"@type":"ImageObject","inLanguage":"es","@id":"https:\/\/secure.gravatar.com\/avatar\/fdd21ad66fd8b98c407f9dee5b5e588cfe7f0d8579ec20fa6527cd59bab7f0f0?s=96&d=mm&r=g","url":"https:\/\/secure.gravatar.com\/avatar\/fdd21ad66fd8b98c407f9dee5b5e588cfe7f0d8579ec20fa6527cd59bab7f0f0?s=96&d=mm&r=g","contentUrl":"https:\/\/secure.gravatar.com\/avatar\/fdd21ad66fd8b98c407f9dee5b5e588cfe7f0d8579ec20fa6527cd59bab7f0f0?s=96&d=mm&r=g","caption":"Staff"},"url":"https:\/\/www.bbmnoticias.com\/labravaradiofm\/author\/redaccion\/"}]}},"_links":{"self":[{"href":"https:\/\/www.bbmnoticias.com\/labravaradiofm\/wp-json\/wp\/v2\/posts\/58982","targetHints":{"allow":["GET"]}}],"collection":[{"href":"https:\/\/www.bbmnoticias.com\/labravaradiofm\/wp-json\/wp\/v2\/posts"}],"about":[{"href":"https:\/\/www.bbmnoticias.com\/labravaradiofm\/wp-json\/wp\/v2\/types\/post"}],"author":[{"embeddable":true,"href":"https:\/\/www.bbmnoticias.com\/labravaradiofm\/wp-json\/wp\/v2\/users\/2"}],"replies":[{"embeddable":true,"href":"https:\/\/www.bbmnoticias.com\/labravaradiofm\/wp-json\/wp\/v2\/comments?post=58982"}],"version-history":[{"count":0,"href":"https:\/\/www.bbmnoticias.com\/labravaradiofm\/wp-json\/wp\/v2\/posts\/58982\/revisions"}],"wp:featuredmedia":[{"embeddable":true,"href":"https:\/\/www.bbmnoticias.com\/labravaradiofm\/wp-json\/wp\/v2\/media\/58984"}],"wp:attachment":[{"href":"https:\/\/www.bbmnoticias.com\/labravaradiofm\/wp-json\/wp\/v2\/media?parent=58982"}],"wp:term":[{"taxonomy":"category","embeddable":true,"href":"https:\/\/www.bbmnoticias.com\/labravaradiofm\/wp-json\/wp\/v2\/categories?post=58982"},{"taxonomy":"post_tag","embeddable":true,"href":"https:\/\/www.bbmnoticias.com\/labravaradiofm\/wp-json\/wp\/v2\/tags?post=58982"}],"curies":[{"name":"wp","href":"https:\/\/api.w.org\/{rel}","templated":true}]}}