{"id":58979,"date":"2025-04-28T15:09:43","date_gmt":"2025-04-28T21:09:43","guid":{"rendered":"https:\/\/www.bbmnoticias.com\/labravaradiofm\/2025\/04\/28\/festival-primavera-enaltece-tradiciones-gastronomicas-en-oaxaca-de-juarez-ray-chagoya\/"},"modified":"2025-04-28T15:09:57","modified_gmt":"2025-04-28T21:09:57","slug":"festival-primavera-enaltece-tradiciones-gastronomicas-en-oaxaca-de-juarez-ray-chagoya","status":"publish","type":"post","link":"https:\/\/www.bbmnoticias.com\/labravaradiofm\/2025\/04\/28\/festival-primavera-enaltece-tradiciones-gastronomicas-en-oaxaca-de-juarez-ray-chagoya\/","title":{"rendered":"Festival Primavera enaltece tradiciones gastron\u00f3micas en Oaxaca de Ju\u00e1rez: Ray Chagoya"},"content":{"rendered":"<div style=\"margin-top: 0px; margin-bottom: 0px;\" class=\"sharethis-inline-share-buttons\" ><\/div>\n<p>Oaxaca de Ju\u00e1rez, Oax., 28 de abril de 2025.- En el marco del Festival Primavera \u201cRodolfo Morales\u201d, el presidente municipal de Oaxaca de Ju\u00e1rez, Ray Chagoya, encabez\u00f3 un desayuno de convivencia en el hist\u00f3rico Mercado 20 de Noviembre, acompa\u00f1ado por locatarias, locatarios e integrantes del Gabinete Municipal. Este encuentro reafirma el compromiso de fortalecer la identidad y el tejido social a trav\u00e9s de la gastronom\u00eda y las tradiciones.<\/p>\n\n\n\n<p>Durante su mensaje, Ray Chagoya reconoci\u00f3 el esfuerzo diario de quienes mantienen vivo este espacio emblem\u00e1tico, agradeciendo de manera especial a las y los comerciantes que dan vida y sabor a Oaxaca. Reiter\u00f3 que el Mercado 20 de Noviembre no solo es un referente gastron\u00f3mico, sino un testimonio vivo de las ra\u00edces y la historia de la ciudad.<\/p>\n\n\n\n<p>El presidente municipal subray\u00f3 que este desayuno simboliza la uni\u00f3n entre sociedad y gobierno, en el marco de las celebraciones del Festival Primavera, que busca consolidar a Oaxaca de Ju\u00e1rez como un referente cultural y tur\u00edstico a nivel nacional e internacional. \u201cNuestro gobierno trabaja cada d\u00eda para dignificar los mercados p\u00fablicos y fortalecer la econom\u00eda local\u201d, enfatiz\u00f3.<\/p>\n\n\n\n<p>El encuentro se desarroll\u00f3 en un ambiente de alegr\u00eda, unidad y compromiso para seguir impulsando la grandeza de Oaxaca de Ju\u00e1rez.<\/p>\n\n\n\n<p>Finalmente, Ray Chagoya invit\u00f3 a vecinas, vecinos y visitantes a sumarse a las actividades del Festival Primavera \u201cRodolfo Morales\u201d, que celebra con orgullo la riqueza cultural, gastron\u00f3mica y artesanal de la ciudad.<\/p>\n","protected":false},"excerpt":{"rendered":"<p>Oaxaca de Ju\u00e1rez, Oax., 28 de abril de 2025.- En el marco del Festival Primavera \u201cRodolfo Morales\u201d, el presidente municipal de Oaxaca de Ju\u00e1rez, Ray Chagoya, encabez\u00f3 un desayuno de convivencia en el hist\u00f3rico Mercado 20 de Noviembre, acompa\u00f1ado por locatarias, locatarios e integrantes del Gabinete Municipal. Este encuentro reafirma el compromiso de fortalecer la [&hellip;]<\/p>\n","protected":false},"author":2,"featured_media":58981,"comment_status":"closed","ping_status":"","sticky":false,"template":"","format":"standard","meta":{"footnotes":""},"categories":[2],"tags":[],"class_list":{"0":"post-58979","1":"post","2":"type-post","3":"status-publish","4":"format-standard","5":"has-post-thumbnail","7":"category-oaxaca"},"yoast_head":"<!-- This site is optimized with the Yoast SEO plugin v27.4 - https:\/\/yoast.com\/product\/yoast-seo-wordpress\/ -->\n<title>Festival Primavera enaltece tradiciones gastron\u00f3micas en Oaxaca de Ju\u00e1rez: Ray Chagoya - LA BRAVA RADIO<\/title>\n<meta name=\"robots\" content=\"index, follow, max-snippet:-1, max-image-preview:large, max-video-preview:-1\" \/>\n<link rel=\"canonical\" href=\"https:\/\/www.bbmnoticias.com\/blog\/2025\/04\/28\/festival-primavera-enaltece-tradiciones-gastronomicas-en-oaxaca-de-juarez-ray-chagoya\/\" \/>\n<meta property=\"og:locale\" content=\"es_MX\" \/>\n<meta property=\"og:type\" content=\"article\" \/>\n<meta property=\"og:title\" content=\"Festival Primavera enaltece tradiciones gastron\u00f3micas en Oaxaca de Ju\u00e1rez: Ray Chagoya - LA BRAVA RADIO\" \/>\n<meta property=\"og:description\" content=\"Oaxaca de Ju\u00e1rez, Oax., 28 de abril de 2025.- En el marco del Festival Primavera \u201cRodolfo Morales\u201d, el presidente municipal de Oaxaca de Ju\u00e1rez, Ray Chagoya, encabez\u00f3 un desayuno de convivencia en el hist\u00f3rico Mercado 20 de Noviembre, acompa\u00f1ado por locatarias, locatarios e integrantes del Gabinete Municipal. Este encuentro reafirma el compromiso de fortalecer la [&hellip;]\" \/>\n<meta property=\"og:url\" content=\"https:\/\/www.bbmnoticias.com\/blog\/2025\/04\/28\/festival-primavera-enaltece-tradiciones-gastronomicas-en-oaxaca-de-juarez-ray-chagoya\/\" \/>\n<meta property=\"og:site_name\" content=\"LA BRAVA RADIO\" \/>\n<meta property=\"article:published_time\" content=\"2025-04-28T21:09:43+00:00\" \/>\n<meta property=\"article:modified_time\" content=\"2025-04-28T21:09:57+00:00\" \/>\n<meta property=\"og:image\" content=\"https:\/\/www.bbmnoticias.com\/labravaradiofm\/wp-content\/uploads\/sites\/5\/2025\/04\/festival_primavera.jpg\" \/>\n\t<meta property=\"og:image:width\" content=\"800\" \/>\n\t<meta property=\"og:image:height\" content=\"508\" \/>\n\t<meta property=\"og:image:type\" content=\"image\/jpeg\" \/>\n<meta name=\"author\" content=\"Staff\" \/>\n<meta name=\"twitter:card\" content=\"summary_large_image\" \/>\n<meta name=\"twitter:label1\" content=\"Escrito por\" \/>\n\t<meta name=\"twitter:data1\" content=\"Staff\" \/>\n\t<meta name=\"twitter:label2\" content=\"Tiempo de lectura\" \/>\n\t<meta name=\"twitter:data2\" content=\"1 minuto\" \/>\n<script type=\"application\/ld+json\" class=\"yoast-schema-graph\">{\"@context\":\"https:\\\/\\\/schema.org\",\"@graph\":[{\"@type\":\"Article\",\"@id\":\"https:\\\/\\\/www.bbmnoticias.com\\\/blog\\\/2025\\\/04\\\/28\\\/festival-primavera-enaltece-tradiciones-gastronomicas-en-oaxaca-de-juarez-ray-chagoya\\\/#article\",\"isPartOf\":{\"@id\":\"https:\\\/\\\/www.bbmnoticias.com\\\/labravaradiofm\\\/2025\\\/04\\\/28\\\/festival-primavera-enaltece-tradiciones-gastronomicas-en-oaxaca-de-juarez-ray-chagoya\\\/\"},\"author\":{\"name\":\"Staff\",\"@id\":\"https:\\\/\\\/www.bbmnoticias.com\\\/labravaradiofm\\\/#\\\/schema\\\/person\\\/34b139c617a70ea5bef5678bffe4dd7b\"},\"headline\":\"Festival Primavera enaltece tradiciones gastron\u00f3micas en Oaxaca de Ju\u00e1rez: Ray Chagoya\",\"datePublished\":\"2025-04-28T21:09:43+00:00\",\"dateModified\":\"2025-04-28T21:09:57+00:00\",\"mainEntityOfPage\":{\"@id\":\"https:\\\/\\\/www.bbmnoticias.com\\\/labravaradiofm\\\/2025\\\/04\\\/28\\\/festival-primavera-enaltece-tradiciones-gastronomicas-en-oaxaca-de-juarez-ray-chagoya\\\/\"},\"wordCount\":264,\"image\":{\"@id\":\"https:\\\/\\\/www.bbmnoticias.com\\\/blog\\\/2025\\\/04\\\/28\\\/festival-primavera-enaltece-tradiciones-gastronomicas-en-oaxaca-de-juarez-ray-chagoya\\\/#primaryimage\"},\"thumbnailUrl\":\"https:\\\/\\\/www.bbmnoticias.com\\\/labravaradiofm\\\/wp-content\\\/uploads\\\/sites\\\/5\\\/2025\\\/04\\\/festival_primavera.jpg\",\"articleSection\":[\"LOCAL\"],\"inLanguage\":\"es\"},{\"@type\":\"WebPage\",\"@id\":\"https:\\\/\\\/www.bbmnoticias.com\\\/labravaradiofm\\\/2025\\\/04\\\/28\\\/festival-primavera-enaltece-tradiciones-gastronomicas-en-oaxaca-de-juarez-ray-chagoya\\\/\",\"url\":\"https:\\\/\\\/www.bbmnoticias.com\\\/blog\\\/2025\\\/04\\\/28\\\/festival-primavera-enaltece-tradiciones-gastronomicas-en-oaxaca-de-juarez-ray-chagoya\\\/\",\"name\":\"Festival Primavera enaltece tradiciones gastron\u00f3micas en Oaxaca de Ju\u00e1rez: Ray Chagoya - LA BRAVA RADIO\",\"isPartOf\":{\"@id\":\"https:\\\/\\\/www.bbmnoticias.com\\\/labravaradiofm\\\/#website\"},\"primaryImageOfPage\":{\"@id\":\"https:\\\/\\\/www.bbmnoticias.com\\\/blog\\\/2025\\\/04\\\/28\\\/festival-primavera-enaltece-tradiciones-gastronomicas-en-oaxaca-de-juarez-ray-chagoya\\\/#primaryimage\"},\"image\":{\"@id\":\"https:\\\/\\\/www.bbmnoticias.com\\\/blog\\\/2025\\\/04\\\/28\\\/festival-primavera-enaltece-tradiciones-gastronomicas-en-oaxaca-de-juarez-ray-chagoya\\\/#primaryimage\"},\"thumbnailUrl\":\"https:\\\/\\\/www.bbmnoticias.com\\\/labravaradiofm\\\/wp-content\\\/uploads\\\/sites\\\/5\\\/2025\\\/04\\\/festival_primavera.jpg\",\"datePublished\":\"2025-04-28T21:09:43+00:00\",\"dateModified\":\"2025-04-28T21:09:57+00:00\",\"author\":{\"@id\":\"https:\\\/\\\/www.bbmnoticias.com\\\/labravaradiofm\\\/#\\\/schema\\\/person\\\/34b139c617a70ea5bef5678bffe4dd7b\"},\"breadcrumb\":{\"@id\":\"https:\\\/\\\/www.bbmnoticias.com\\\/blog\\\/2025\\\/04\\\/28\\\/festival-primavera-enaltece-tradiciones-gastronomicas-en-oaxaca-de-juarez-ray-chagoya\\\/#breadcrumb\"},\"inLanguage\":\"es\",\"potentialAction\":[{\"@type\":\"ReadAction\",\"target\":[\"https:\\\/\\\/www.bbmnoticias.com\\\/blog\\\/2025\\\/04\\\/28\\\/festival-primavera-enaltece-tradiciones-gastronomicas-en-oaxaca-de-juarez-ray-chagoya\\\/\"]}]},{\"@type\":\"ImageObject\",\"inLanguage\":\"es\",\"@id\":\"https:\\\/\\\/www.bbmnoticias.com\\\/blog\\\/2025\\\/04\\\/28\\\/festival-primavera-enaltece-tradiciones-gastronomicas-en-oaxaca-de-juarez-ray-chagoya\\\/#primaryimage\",\"url\":\"https:\\\/\\\/www.bbmnoticias.com\\\/labravaradiofm\\\/wp-content\\\/uploads\\\/sites\\\/5\\\/2025\\\/04\\\/festival_primavera.jpg\",\"contentUrl\":\"https:\\\/\\\/www.bbmnoticias.com\\\/labravaradiofm\\\/wp-content\\\/uploads\\\/sites\\\/5\\\/2025\\\/04\\\/festival_primavera.jpg\",\"width\":800,\"height\":508},{\"@type\":\"BreadcrumbList\",\"@id\":\"https:\\\/\\\/www.bbmnoticias.com\\\/blog\\\/2025\\\/04\\\/28\\\/festival-primavera-enaltece-tradiciones-gastronomicas-en-oaxaca-de-juarez-ray-chagoya\\\/#breadcrumb\",\"itemListElement\":[{\"@type\":\"ListItem\",\"position\":1,\"name\":\"Inicio\",\"item\":\"https:\\\/\\\/www.bbmnoticias.com\\\/labravaradiofm\\\/\"},{\"@type\":\"ListItem\",\"position\":2,\"name\":\"Festival Primavera enaltece tradiciones gastron\u00f3micas en Oaxaca de Ju\u00e1rez: Ray Chagoya\"}]},{\"@type\":\"WebSite\",\"@id\":\"https:\\\/\\\/www.bbmnoticias.com\\\/labravaradiofm\\\/#website\",\"url\":\"https:\\\/\\\/www.bbmnoticias.com\\\/labravaradiofm\\\/\",\"name\":\"LA BRAVA RADIO\",\"description\":\"Empresa productora de medios, Radiodifusi\u00f3n, Noticias, tendencias y todo lo que necesitas saber de la pol\u00edtica mexicana e internacional; entretenimiento, espect\u00e1culos, salud y mucho m\u00e1s.\",\"potentialAction\":[{\"@type\":\"SearchAction\",\"target\":{\"@type\":\"EntryPoint\",\"urlTemplate\":\"https:\\\/\\\/www.bbmnoticias.com\\\/labravaradiofm\\\/?s={search_term_string}\"},\"query-input\":{\"@type\":\"PropertyValueSpecification\",\"valueRequired\":true,\"valueName\":\"search_term_string\"}}],\"inLanguage\":\"es\"},{\"@type\":\"Person\",\"@id\":\"https:\\\/\\\/www.bbmnoticias.com\\\/labravaradiofm\\\/#\\\/schema\\\/person\\\/34b139c617a70ea5bef5678bffe4dd7b\",\"name\":\"Staff\",\"image\":{\"@type\":\"ImageObject\",\"inLanguage\":\"es\",\"@id\":\"https:\\\/\\\/secure.gravatar.com\\\/avatar\\\/fdd21ad66fd8b98c407f9dee5b5e588cfe7f0d8579ec20fa6527cd59bab7f0f0?s=96&d=mm&r=g\",\"url\":\"https:\\\/\\\/secure.gravatar.com\\\/avatar\\\/fdd21ad66fd8b98c407f9dee5b5e588cfe7f0d8579ec20fa6527cd59bab7f0f0?s=96&d=mm&r=g\",\"contentUrl\":\"https:\\\/\\\/secure.gravatar.com\\\/avatar\\\/fdd21ad66fd8b98c407f9dee5b5e588cfe7f0d8579ec20fa6527cd59bab7f0f0?s=96&d=mm&r=g\",\"caption\":\"Staff\"},\"url\":\"https:\\\/\\\/www.bbmnoticias.com\\\/labravaradiofm\\\/author\\\/redaccion\\\/\"}]}<\/script>\n<!-- \/ Yoast SEO plugin. -->","yoast_head_json":{"title":"Festival Primavera enaltece tradiciones gastron\u00f3micas en Oaxaca de Ju\u00e1rez: Ray Chagoya - LA BRAVA RADIO","robots":{"index":"index","follow":"follow","max-snippet":"max-snippet:-1","max-image-preview":"max-image-preview:large","max-video-preview":"max-video-preview:-1"},"canonical":"https:\/\/www.bbmnoticias.com\/blog\/2025\/04\/28\/festival-primavera-enaltece-tradiciones-gastronomicas-en-oaxaca-de-juarez-ray-chagoya\/","og_locale":"es_MX","og_type":"article","og_title":"Festival Primavera enaltece tradiciones gastron\u00f3micas en Oaxaca de Ju\u00e1rez: Ray Chagoya - LA BRAVA RADIO","og_description":"Oaxaca de Ju\u00e1rez, Oax., 28 de abril de 2025.- En el marco del Festival Primavera \u201cRodolfo Morales\u201d, el presidente municipal de Oaxaca de Ju\u00e1rez, Ray Chagoya, encabez\u00f3 un desayuno de convivencia en el hist\u00f3rico Mercado 20 de Noviembre, acompa\u00f1ado por locatarias, locatarios e integrantes del Gabinete Municipal. Este encuentro reafirma el compromiso de fortalecer la [&hellip;]","og_url":"https:\/\/www.bbmnoticias.com\/blog\/2025\/04\/28\/festival-primavera-enaltece-tradiciones-gastronomicas-en-oaxaca-de-juarez-ray-chagoya\/","og_site_name":"LA BRAVA RADIO","article_published_time":"2025-04-28T21:09:43+00:00","article_modified_time":"2025-04-28T21:09:57+00:00","og_image":[{"width":800,"height":508,"url":"https:\/\/www.bbmnoticias.com\/labravaradiofm\/wp-content\/uploads\/sites\/5\/2025\/04\/festival_primavera.jpg","type":"image\/jpeg"}],"author":"Staff","twitter_card":"summary_large_image","twitter_misc":{"Escrito por":"Staff","Tiempo de lectura":"1 minuto"},"schema":{"@context":"https:\/\/schema.org","@graph":[{"@type":"Article","@id":"https:\/\/www.bbmnoticias.com\/blog\/2025\/04\/28\/festival-primavera-enaltece-tradiciones-gastronomicas-en-oaxaca-de-juarez-ray-chagoya\/#article","isPartOf":{"@id":"https:\/\/www.bbmnoticias.com\/labravaradiofm\/2025\/04\/28\/festival-primavera-enaltece-tradiciones-gastronomicas-en-oaxaca-de-juarez-ray-chagoya\/"},"author":{"name":"Staff","@id":"https:\/\/www.bbmnoticias.com\/labravaradiofm\/#\/schema\/person\/34b139c617a70ea5bef5678bffe4dd7b"},"headline":"Festival Primavera enaltece tradiciones gastron\u00f3micas en Oaxaca de Ju\u00e1rez: Ray Chagoya","datePublished":"2025-04-28T21:09:43+00:00","dateModified":"2025-04-28T21:09:57+00:00","mainEntityOfPage":{"@id":"https:\/\/www.bbmnoticias.com\/labravaradiofm\/2025\/04\/28\/festival-primavera-enaltece-tradiciones-gastronomicas-en-oaxaca-de-juarez-ray-chagoya\/"},"wordCount":264,"image":{"@id":"https:\/\/www.bbmnoticias.com\/blog\/2025\/04\/28\/festival-primavera-enaltece-tradiciones-gastronomicas-en-oaxaca-de-juarez-ray-chagoya\/#primaryimage"},"thumbnailUrl":"https:\/\/www.bbmnoticias.com\/labravaradiofm\/wp-content\/uploads\/sites\/5\/2025\/04\/festival_primavera.jpg","articleSection":["LOCAL"],"inLanguage":"es"},{"@type":"WebPage","@id":"https:\/\/www.bbmnoticias.com\/labravaradiofm\/2025\/04\/28\/festival-primavera-enaltece-tradiciones-gastronomicas-en-oaxaca-de-juarez-ray-chagoya\/","url":"https:\/\/www.bbmnoticias.com\/blog\/2025\/04\/28\/festival-primavera-enaltece-tradiciones-gastronomicas-en-oaxaca-de-juarez-ray-chagoya\/","name":"Festival Primavera enaltece tradiciones gastron\u00f3micas en Oaxaca de Ju\u00e1rez: Ray Chagoya - LA BRAVA RADIO","isPartOf":{"@id":"https:\/\/www.bbmnoticias.com\/labravaradiofm\/#website"},"primaryImageOfPage":{"@id":"https:\/\/www.bbmnoticias.com\/blog\/2025\/04\/28\/festival-primavera-enaltece-tradiciones-gastronomicas-en-oaxaca-de-juarez-ray-chagoya\/#primaryimage"},"image":{"@id":"https:\/\/www.bbmnoticias.com\/blog\/2025\/04\/28\/festival-primavera-enaltece-tradiciones-gastronomicas-en-oaxaca-de-juarez-ray-chagoya\/#primaryimage"},"thumbnailUrl":"https:\/\/www.bbmnoticias.com\/labravaradiofm\/wp-content\/uploads\/sites\/5\/2025\/04\/festival_primavera.jpg","datePublished":"2025-04-28T21:09:43+00:00","dateModified":"2025-04-28T21:09:57+00:00","author":{"@id":"https:\/\/www.bbmnoticias.com\/labravaradiofm\/#\/schema\/person\/34b139c617a70ea5bef5678bffe4dd7b"},"breadcrumb":{"@id":"https:\/\/www.bbmnoticias.com\/blog\/2025\/04\/28\/festival-primavera-enaltece-tradiciones-gastronomicas-en-oaxaca-de-juarez-ray-chagoya\/#breadcrumb"},"inLanguage":"es","potentialAction":[{"@type":"ReadAction","target":["https:\/\/www.bbmnoticias.com\/blog\/2025\/04\/28\/festival-primavera-enaltece-tradiciones-gastronomicas-en-oaxaca-de-juarez-ray-chagoya\/"]}]},{"@type":"ImageObject","inLanguage":"es","@id":"https:\/\/www.bbmnoticias.com\/blog\/2025\/04\/28\/festival-primavera-enaltece-tradiciones-gastronomicas-en-oaxaca-de-juarez-ray-chagoya\/#primaryimage","url":"https:\/\/www.bbmnoticias.com\/labravaradiofm\/wp-content\/uploads\/sites\/5\/2025\/04\/festival_primavera.jpg","contentUrl":"https:\/\/www.bbmnoticias.com\/labravaradiofm\/wp-content\/uploads\/sites\/5\/2025\/04\/festival_primavera.jpg","width":800,"height":508},{"@type":"BreadcrumbList","@id":"https:\/\/www.bbmnoticias.com\/blog\/2025\/04\/28\/festival-primavera-enaltece-tradiciones-gastronomicas-en-oaxaca-de-juarez-ray-chagoya\/#breadcrumb","itemListElement":[{"@type":"ListItem","position":1,"name":"Inicio","item":"https:\/\/www.bbmnoticias.com\/labravaradiofm\/"},{"@type":"ListItem","position":2,"name":"Festival Primavera enaltece tradiciones gastron\u00f3micas en Oaxaca de Ju\u00e1rez: Ray Chagoya"}]},{"@type":"WebSite","@id":"https:\/\/www.bbmnoticias.com\/labravaradiofm\/#website","url":"https:\/\/www.bbmnoticias.com\/labravaradiofm\/","name":"LA BRAVA RADIO","description":"Empresa productora de medios, Radiodifusi\u00f3n, Noticias, tendencias y todo lo que necesitas saber de la pol\u00edtica mexicana e internacional; entretenimiento, espect\u00e1culos, salud y mucho m\u00e1s.","potentialAction":[{"@type":"SearchAction","target":{"@type":"EntryPoint","urlTemplate":"https:\/\/www.bbmnoticias.com\/labravaradiofm\/?s={search_term_string}"},"query-input":{"@type":"PropertyValueSpecification","valueRequired":true,"valueName":"search_term_string"}}],"inLanguage":"es"},{"@type":"Person","@id":"https:\/\/www.bbmnoticias.com\/labravaradiofm\/#\/schema\/person\/34b139c617a70ea5bef5678bffe4dd7b","name":"Staff","image":{"@type":"ImageObject","inLanguage":"es","@id":"https:\/\/secure.gravatar.com\/avatar\/fdd21ad66fd8b98c407f9dee5b5e588cfe7f0d8579ec20fa6527cd59bab7f0f0?s=96&d=mm&r=g","url":"https:\/\/secure.gravatar.com\/avatar\/fdd21ad66fd8b98c407f9dee5b5e588cfe7f0d8579ec20fa6527cd59bab7f0f0?s=96&d=mm&r=g","contentUrl":"https:\/\/secure.gravatar.com\/avatar\/fdd21ad66fd8b98c407f9dee5b5e588cfe7f0d8579ec20fa6527cd59bab7f0f0?s=96&d=mm&r=g","caption":"Staff"},"url":"https:\/\/www.bbmnoticias.com\/labravaradiofm\/author\/redaccion\/"}]}},"_links":{"self":[{"href":"https:\/\/www.bbmnoticias.com\/labravaradiofm\/wp-json\/wp\/v2\/posts\/58979","targetHints":{"allow":["GET"]}}],"collection":[{"href":"https:\/\/www.bbmnoticias.com\/labravaradiofm\/wp-json\/wp\/v2\/posts"}],"about":[{"href":"https:\/\/www.bbmnoticias.com\/labravaradiofm\/wp-json\/wp\/v2\/types\/post"}],"author":[{"embeddable":true,"href":"https:\/\/www.bbmnoticias.com\/labravaradiofm\/wp-json\/wp\/v2\/users\/2"}],"replies":[{"embeddable":true,"href":"https:\/\/www.bbmnoticias.com\/labravaradiofm\/wp-json\/wp\/v2\/comments?post=58979"}],"version-history":[{"count":0,"href":"https:\/\/www.bbmnoticias.com\/labravaradiofm\/wp-json\/wp\/v2\/posts\/58979\/revisions"}],"wp:featuredmedia":[{"embeddable":true,"href":"https:\/\/www.bbmnoticias.com\/labravaradiofm\/wp-json\/wp\/v2\/media\/58981"}],"wp:attachment":[{"href":"https:\/\/www.bbmnoticias.com\/labravaradiofm\/wp-json\/wp\/v2\/media?parent=58979"}],"wp:term":[{"taxonomy":"category","embeddable":true,"href":"https:\/\/www.bbmnoticias.com\/labravaradiofm\/wp-json\/wp\/v2\/categories?post=58979"},{"taxonomy":"post_tag","embeddable":true,"href":"https:\/\/www.bbmnoticias.com\/labravaradiofm\/wp-json\/wp\/v2\/tags?post=58979"}],"curies":[{"name":"wp","href":"https:\/\/api.w.org\/{rel}","templated":true}]}}