{"id":58976,"date":"2025-04-28T14:57:09","date_gmt":"2025-04-28T20:57:09","guid":{"rendered":"https:\/\/www.bbmnoticias.com\/labravaradiofm\/2025\/04\/28\/con-apoyo-del-ine-gobernador-de-oaxaca-refuerza-difusion-de-eleccion-del-poder-judicial\/"},"modified":"2025-04-28T14:57:13","modified_gmt":"2025-04-28T20:57:13","slug":"con-apoyo-del-ine-gobernador-de-oaxaca-refuerza-difusion-de-eleccion-del-poder-judicial","status":"publish","type":"post","link":"https:\/\/www.bbmnoticias.com\/labravaradiofm\/2025\/04\/28\/con-apoyo-del-ine-gobernador-de-oaxaca-refuerza-difusion-de-eleccion-del-poder-judicial\/","title":{"rendered":"Con apoyo del INE, Gobernador de Oaxaca refuerza difusi\u00f3n de elecci\u00f3n del Poder Judicial"},"content":{"rendered":"<div style=\"margin-top: 0px; margin-bottom: 0px;\" class=\"sharethis-inline-share-buttons\" ><\/div>\n<p><strong>Oaxaca de Ju\u00e1rez, Oax. 28 de abril de 2025.- <\/strong>&nbsp;Para dar a conocer la din\u00e1mica de las elecciones de las y los candidatos al Poder Judicial Federal, en conferencia de prensa, el Gobernador Salom\u00f3n Jara Cruz resalt\u00f3 la importancia de este proceso programado para el 1 de junio.<\/p>\n\n\n\n<p>Apoyado por el Vocal Ejecutivo de la Junta local del Instituto Nacional Electoral (INE), Mart\u00edn Mart\u00ednez Cort\u00e1zar, se explic\u00f3 c\u00f3mo la ciudadan\u00eda podr\u00e1 sufragar, de manera libre, en este ejercicio democr\u00e1tico in\u00e9dito en el pa\u00eds.<\/p>\n\n\n\n<p>\u201cNo basta con informar que son seis boletas, hay mucho m\u00e1s, de qu\u00e9 manera votar\u201d, dijo, el Mandatario estatal. &nbsp;<\/p>\n\n\n\n<p>En su oportunidad, el funcionario del INE dio a conocer que, en los 10 distritos electorales federales, en que se divide la entidad oaxaque\u00f1a, se efectuar\u00e1 la elecci\u00f3n de cargos nacionales: nueve de Ministras y Ministros de la Suprema Corte de Justicia de la Naci\u00f3n (SCJN), cinco Magistraturas del Tribunal de Disciplina Judicial y dos de la Sala Superior del Tribunal Electoral del Poder Judicial de la Federaci\u00f3n (TEPJF).<\/p>\n\n\n\n<p>Adem\u00e1s, tres de la elecci\u00f3n de las Magistraturas de las Salas Regionales del Tribunal Electoral del Poder Judicial de la Federaci\u00f3n; y dos elecciones de cargos solo para Oaxaca correspondientes al XIII Circuito Judicial, que son nueve Magistraturas de Circuito y 10 de Juezas y Jueces de distrito.<\/p>\n\n\n\n<p>En suma, en el estado, las y los ciudadanos podr\u00e1n elegir 38 cargos, de entre 214 personas candidatas que ya est\u00e1n en campa\u00f1a.<\/p>\n\n\n\n<p>Para familiarizar a la poblaci\u00f3n con el m\u00e9todo de c\u00f3mo emitir los votos, Mart\u00ednez Cort\u00e1zar expuso que en la p\u00e1gina de internet <a rel=\"noreferrer noopener\" target=\"_blank\" href=\"https:\/\/ine.mx\/conoceles-practica-y-ubica\/\">https:\/\/ine.mx\/conoceles-practica-y-ubica\/<\/a> se encuentra un simulador virtual para practicar; adem\u00e1s, ah\u00ed se puede conocer a las y los candidatos, as\u00ed como ubicar su casilla a partir del 15 de mayo.<\/p>\n\n\n\n<p>El delegado estatal del \u00f3rgano electoral revel\u00f3 que se instalar\u00e1n en el estado 2 mil 820 casillas: 2 mil 543 b\u00e1sicas, 272 contiguas y cinco especiales que permitir\u00e1n escoger a las y los candidatos a trav\u00e9s de seis boletas por persona.<\/p>\n\n\n\n<p>Hasta el 11 de abril, fecha del corte definitivo de la lista nominal, en total 3 millones 144 mil 582 personas en Oaxaca podr\u00e1n emitir su voto, de los cuales 47 por ciento son hombres y un 53 por ciento mujeres<\/p>\n","protected":false},"excerpt":{"rendered":"<p>Oaxaca de Ju\u00e1rez, Oax. 28 de abril de 2025.- &nbsp;Para dar a conocer la din\u00e1mica de las elecciones de las y los candidatos al Poder Judicial Federal, en conferencia de prensa, el Gobernador Salom\u00f3n Jara Cruz resalt\u00f3 la importancia de este proceso programado para el 1 de junio. Apoyado por el Vocal Ejecutivo de la [&hellip;]<\/p>\n","protected":false},"author":2,"featured_media":58978,"comment_status":"closed","ping_status":"","sticky":false,"template":"","format":"standard","meta":{"footnotes":""},"categories":[2],"tags":[],"class_list":{"0":"post-58976","1":"post","2":"type-post","3":"status-publish","4":"format-standard","5":"has-post-thumbnail","7":"category-oaxaca"},"yoast_head":"<!-- This site is optimized with the Yoast SEO plugin v27.4 - https:\/\/yoast.com\/product\/yoast-seo-wordpress\/ -->\n<title>Con apoyo del INE, Gobernador de Oaxaca refuerza difusi\u00f3n de elecci\u00f3n del Poder Judicial - LA BRAVA RADIO<\/title>\n<meta name=\"robots\" content=\"index, follow, max-snippet:-1, max-image-preview:large, max-video-preview:-1\" \/>\n<link rel=\"canonical\" href=\"https:\/\/www.bbmnoticias.com\/blog\/2025\/04\/28\/con-apoyo-del-ine-gobernador-de-oaxaca-refuerza-difusion-de-eleccion-del-poder-judicial\/\" \/>\n<meta property=\"og:locale\" content=\"es_MX\" \/>\n<meta property=\"og:type\" content=\"article\" \/>\n<meta property=\"og:title\" content=\"Con apoyo del INE, Gobernador de Oaxaca refuerza difusi\u00f3n de elecci\u00f3n del Poder Judicial - LA BRAVA RADIO\" \/>\n<meta property=\"og:description\" content=\"Oaxaca de Ju\u00e1rez, Oax. 28 de abril de 2025.- &nbsp;Para dar a conocer la din\u00e1mica de las elecciones de las y los candidatos al Poder Judicial Federal, en conferencia de prensa, el Gobernador Salom\u00f3n Jara Cruz resalt\u00f3 la importancia de este proceso programado para el 1 de junio. Apoyado por el Vocal Ejecutivo de la [&hellip;]\" \/>\n<meta property=\"og:url\" content=\"https:\/\/www.bbmnoticias.com\/blog\/2025\/04\/28\/con-apoyo-del-ine-gobernador-de-oaxaca-refuerza-difusion-de-eleccion-del-poder-judicial\/\" \/>\n<meta property=\"og:site_name\" content=\"LA BRAVA RADIO\" \/>\n<meta property=\"article:published_time\" content=\"2025-04-28T20:57:09+00:00\" \/>\n<meta property=\"article:modified_time\" content=\"2025-04-28T20:57:13+00:00\" \/>\n<meta property=\"og:image\" content=\"https:\/\/www.bbmnoticias.com\/labravaradiofm\/wp-content\/uploads\/sites\/5\/2025\/04\/ine_poder_judicial.jpg\" \/>\n\t<meta property=\"og:image:width\" content=\"1280\" \/>\n\t<meta property=\"og:image:height\" content=\"853\" \/>\n\t<meta property=\"og:image:type\" content=\"image\/jpeg\" \/>\n<meta name=\"author\" content=\"Staff\" \/>\n<meta name=\"twitter:card\" content=\"summary_large_image\" \/>\n<meta name=\"twitter:label1\" content=\"Escrito por\" \/>\n\t<meta name=\"twitter:data1\" content=\"Staff\" \/>\n\t<meta name=\"twitter:label2\" content=\"Tiempo de lectura\" \/>\n\t<meta name=\"twitter:data2\" content=\"2 minutos\" \/>\n<script type=\"application\/ld+json\" class=\"yoast-schema-graph\">{\"@context\":\"https:\\\/\\\/schema.org\",\"@graph\":[{\"@type\":\"Article\",\"@id\":\"https:\\\/\\\/www.bbmnoticias.com\\\/blog\\\/2025\\\/04\\\/28\\\/con-apoyo-del-ine-gobernador-de-oaxaca-refuerza-difusion-de-eleccion-del-poder-judicial\\\/#article\",\"isPartOf\":{\"@id\":\"https:\\\/\\\/www.bbmnoticias.com\\\/labravaradiofm\\\/2025\\\/04\\\/28\\\/con-apoyo-del-ine-gobernador-de-oaxaca-refuerza-difusion-de-eleccion-del-poder-judicial\\\/\"},\"author\":{\"name\":\"Staff\",\"@id\":\"https:\\\/\\\/www.bbmnoticias.com\\\/labravaradiofm\\\/#\\\/schema\\\/person\\\/34b139c617a70ea5bef5678bffe4dd7b\"},\"headline\":\"Con apoyo del INE, Gobernador de Oaxaca refuerza difusi\u00f3n de elecci\u00f3n del Poder Judicial\",\"datePublished\":\"2025-04-28T20:57:09+00:00\",\"dateModified\":\"2025-04-28T20:57:13+00:00\",\"mainEntityOfPage\":{\"@id\":\"https:\\\/\\\/www.bbmnoticias.com\\\/labravaradiofm\\\/2025\\\/04\\\/28\\\/con-apoyo-del-ine-gobernador-de-oaxaca-refuerza-difusion-de-eleccion-del-poder-judicial\\\/\"},\"wordCount\":412,\"image\":{\"@id\":\"https:\\\/\\\/www.bbmnoticias.com\\\/blog\\\/2025\\\/04\\\/28\\\/con-apoyo-del-ine-gobernador-de-oaxaca-refuerza-difusion-de-eleccion-del-poder-judicial\\\/#primaryimage\"},\"thumbnailUrl\":\"https:\\\/\\\/www.bbmnoticias.com\\\/labravaradiofm\\\/wp-content\\\/uploads\\\/sites\\\/5\\\/2025\\\/04\\\/ine_poder_judicial.jpg\",\"articleSection\":[\"LOCAL\"],\"inLanguage\":\"es\"},{\"@type\":\"WebPage\",\"@id\":\"https:\\\/\\\/www.bbmnoticias.com\\\/labravaradiofm\\\/2025\\\/04\\\/28\\\/con-apoyo-del-ine-gobernador-de-oaxaca-refuerza-difusion-de-eleccion-del-poder-judicial\\\/\",\"url\":\"https:\\\/\\\/www.bbmnoticias.com\\\/blog\\\/2025\\\/04\\\/28\\\/con-apoyo-del-ine-gobernador-de-oaxaca-refuerza-difusion-de-eleccion-del-poder-judicial\\\/\",\"name\":\"Con apoyo del INE, Gobernador de Oaxaca refuerza difusi\u00f3n de elecci\u00f3n del Poder Judicial - LA BRAVA RADIO\",\"isPartOf\":{\"@id\":\"https:\\\/\\\/www.bbmnoticias.com\\\/labravaradiofm\\\/#website\"},\"primaryImageOfPage\":{\"@id\":\"https:\\\/\\\/www.bbmnoticias.com\\\/blog\\\/2025\\\/04\\\/28\\\/con-apoyo-del-ine-gobernador-de-oaxaca-refuerza-difusion-de-eleccion-del-poder-judicial\\\/#primaryimage\"},\"image\":{\"@id\":\"https:\\\/\\\/www.bbmnoticias.com\\\/blog\\\/2025\\\/04\\\/28\\\/con-apoyo-del-ine-gobernador-de-oaxaca-refuerza-difusion-de-eleccion-del-poder-judicial\\\/#primaryimage\"},\"thumbnailUrl\":\"https:\\\/\\\/www.bbmnoticias.com\\\/labravaradiofm\\\/wp-content\\\/uploads\\\/sites\\\/5\\\/2025\\\/04\\\/ine_poder_judicial.jpg\",\"datePublished\":\"2025-04-28T20:57:09+00:00\",\"dateModified\":\"2025-04-28T20:57:13+00:00\",\"author\":{\"@id\":\"https:\\\/\\\/www.bbmnoticias.com\\\/labravaradiofm\\\/#\\\/schema\\\/person\\\/34b139c617a70ea5bef5678bffe4dd7b\"},\"breadcrumb\":{\"@id\":\"https:\\\/\\\/www.bbmnoticias.com\\\/blog\\\/2025\\\/04\\\/28\\\/con-apoyo-del-ine-gobernador-de-oaxaca-refuerza-difusion-de-eleccion-del-poder-judicial\\\/#breadcrumb\"},\"inLanguage\":\"es\",\"potentialAction\":[{\"@type\":\"ReadAction\",\"target\":[\"https:\\\/\\\/www.bbmnoticias.com\\\/blog\\\/2025\\\/04\\\/28\\\/con-apoyo-del-ine-gobernador-de-oaxaca-refuerza-difusion-de-eleccion-del-poder-judicial\\\/\"]}]},{\"@type\":\"ImageObject\",\"inLanguage\":\"es\",\"@id\":\"https:\\\/\\\/www.bbmnoticias.com\\\/blog\\\/2025\\\/04\\\/28\\\/con-apoyo-del-ine-gobernador-de-oaxaca-refuerza-difusion-de-eleccion-del-poder-judicial\\\/#primaryimage\",\"url\":\"https:\\\/\\\/www.bbmnoticias.com\\\/labravaradiofm\\\/wp-content\\\/uploads\\\/sites\\\/5\\\/2025\\\/04\\\/ine_poder_judicial.jpg\",\"contentUrl\":\"https:\\\/\\\/www.bbmnoticias.com\\\/labravaradiofm\\\/wp-content\\\/uploads\\\/sites\\\/5\\\/2025\\\/04\\\/ine_poder_judicial.jpg\",\"width\":1280,\"height\":853},{\"@type\":\"BreadcrumbList\",\"@id\":\"https:\\\/\\\/www.bbmnoticias.com\\\/blog\\\/2025\\\/04\\\/28\\\/con-apoyo-del-ine-gobernador-de-oaxaca-refuerza-difusion-de-eleccion-del-poder-judicial\\\/#breadcrumb\",\"itemListElement\":[{\"@type\":\"ListItem\",\"position\":1,\"name\":\"Inicio\",\"item\":\"https:\\\/\\\/www.bbmnoticias.com\\\/labravaradiofm\\\/\"},{\"@type\":\"ListItem\",\"position\":2,\"name\":\"Con apoyo del INE, Gobernador de Oaxaca refuerza difusi\u00f3n de elecci\u00f3n del Poder Judicial\"}]},{\"@type\":\"WebSite\",\"@id\":\"https:\\\/\\\/www.bbmnoticias.com\\\/labravaradiofm\\\/#website\",\"url\":\"https:\\\/\\\/www.bbmnoticias.com\\\/labravaradiofm\\\/\",\"name\":\"LA BRAVA RADIO\",\"description\":\"Empresa productora de medios, Radiodifusi\u00f3n, Noticias, tendencias y todo lo que necesitas saber de la pol\u00edtica mexicana e internacional; entretenimiento, espect\u00e1culos, salud y mucho m\u00e1s.\",\"potentialAction\":[{\"@type\":\"SearchAction\",\"target\":{\"@type\":\"EntryPoint\",\"urlTemplate\":\"https:\\\/\\\/www.bbmnoticias.com\\\/labravaradiofm\\\/?s={search_term_string}\"},\"query-input\":{\"@type\":\"PropertyValueSpecification\",\"valueRequired\":true,\"valueName\":\"search_term_string\"}}],\"inLanguage\":\"es\"},{\"@type\":\"Person\",\"@id\":\"https:\\\/\\\/www.bbmnoticias.com\\\/labravaradiofm\\\/#\\\/schema\\\/person\\\/34b139c617a70ea5bef5678bffe4dd7b\",\"name\":\"Staff\",\"image\":{\"@type\":\"ImageObject\",\"inLanguage\":\"es\",\"@id\":\"https:\\\/\\\/secure.gravatar.com\\\/avatar\\\/fdd21ad66fd8b98c407f9dee5b5e588cfe7f0d8579ec20fa6527cd59bab7f0f0?s=96&d=mm&r=g\",\"url\":\"https:\\\/\\\/secure.gravatar.com\\\/avatar\\\/fdd21ad66fd8b98c407f9dee5b5e588cfe7f0d8579ec20fa6527cd59bab7f0f0?s=96&d=mm&r=g\",\"contentUrl\":\"https:\\\/\\\/secure.gravatar.com\\\/avatar\\\/fdd21ad66fd8b98c407f9dee5b5e588cfe7f0d8579ec20fa6527cd59bab7f0f0?s=96&d=mm&r=g\",\"caption\":\"Staff\"},\"url\":\"https:\\\/\\\/www.bbmnoticias.com\\\/labravaradiofm\\\/author\\\/redaccion\\\/\"}]}<\/script>\n<!-- \/ Yoast SEO plugin. -->","yoast_head_json":{"title":"Con apoyo del INE, Gobernador de Oaxaca refuerza difusi\u00f3n de elecci\u00f3n del Poder Judicial - LA BRAVA RADIO","robots":{"index":"index","follow":"follow","max-snippet":"max-snippet:-1","max-image-preview":"max-image-preview:large","max-video-preview":"max-video-preview:-1"},"canonical":"https:\/\/www.bbmnoticias.com\/blog\/2025\/04\/28\/con-apoyo-del-ine-gobernador-de-oaxaca-refuerza-difusion-de-eleccion-del-poder-judicial\/","og_locale":"es_MX","og_type":"article","og_title":"Con apoyo del INE, Gobernador de Oaxaca refuerza difusi\u00f3n de elecci\u00f3n del Poder Judicial - LA BRAVA RADIO","og_description":"Oaxaca de Ju\u00e1rez, Oax. 28 de abril de 2025.- &nbsp;Para dar a conocer la din\u00e1mica de las elecciones de las y los candidatos al Poder Judicial Federal, en conferencia de prensa, el Gobernador Salom\u00f3n Jara Cruz resalt\u00f3 la importancia de este proceso programado para el 1 de junio. Apoyado por el Vocal Ejecutivo de la [&hellip;]","og_url":"https:\/\/www.bbmnoticias.com\/blog\/2025\/04\/28\/con-apoyo-del-ine-gobernador-de-oaxaca-refuerza-difusion-de-eleccion-del-poder-judicial\/","og_site_name":"LA BRAVA RADIO","article_published_time":"2025-04-28T20:57:09+00:00","article_modified_time":"2025-04-28T20:57:13+00:00","og_image":[{"width":1280,"height":853,"url":"https:\/\/www.bbmnoticias.com\/labravaradiofm\/wp-content\/uploads\/sites\/5\/2025\/04\/ine_poder_judicial.jpg","type":"image\/jpeg"}],"author":"Staff","twitter_card":"summary_large_image","twitter_misc":{"Escrito por":"Staff","Tiempo de lectura":"2 minutos"},"schema":{"@context":"https:\/\/schema.org","@graph":[{"@type":"Article","@id":"https:\/\/www.bbmnoticias.com\/blog\/2025\/04\/28\/con-apoyo-del-ine-gobernador-de-oaxaca-refuerza-difusion-de-eleccion-del-poder-judicial\/#article","isPartOf":{"@id":"https:\/\/www.bbmnoticias.com\/labravaradiofm\/2025\/04\/28\/con-apoyo-del-ine-gobernador-de-oaxaca-refuerza-difusion-de-eleccion-del-poder-judicial\/"},"author":{"name":"Staff","@id":"https:\/\/www.bbmnoticias.com\/labravaradiofm\/#\/schema\/person\/34b139c617a70ea5bef5678bffe4dd7b"},"headline":"Con apoyo del INE, Gobernador de Oaxaca refuerza difusi\u00f3n de elecci\u00f3n del Poder Judicial","datePublished":"2025-04-28T20:57:09+00:00","dateModified":"2025-04-28T20:57:13+00:00","mainEntityOfPage":{"@id":"https:\/\/www.bbmnoticias.com\/labravaradiofm\/2025\/04\/28\/con-apoyo-del-ine-gobernador-de-oaxaca-refuerza-difusion-de-eleccion-del-poder-judicial\/"},"wordCount":412,"image":{"@id":"https:\/\/www.bbmnoticias.com\/blog\/2025\/04\/28\/con-apoyo-del-ine-gobernador-de-oaxaca-refuerza-difusion-de-eleccion-del-poder-judicial\/#primaryimage"},"thumbnailUrl":"https:\/\/www.bbmnoticias.com\/labravaradiofm\/wp-content\/uploads\/sites\/5\/2025\/04\/ine_poder_judicial.jpg","articleSection":["LOCAL"],"inLanguage":"es"},{"@type":"WebPage","@id":"https:\/\/www.bbmnoticias.com\/labravaradiofm\/2025\/04\/28\/con-apoyo-del-ine-gobernador-de-oaxaca-refuerza-difusion-de-eleccion-del-poder-judicial\/","url":"https:\/\/www.bbmnoticias.com\/blog\/2025\/04\/28\/con-apoyo-del-ine-gobernador-de-oaxaca-refuerza-difusion-de-eleccion-del-poder-judicial\/","name":"Con apoyo del INE, Gobernador de Oaxaca refuerza difusi\u00f3n de elecci\u00f3n del Poder Judicial - LA BRAVA RADIO","isPartOf":{"@id":"https:\/\/www.bbmnoticias.com\/labravaradiofm\/#website"},"primaryImageOfPage":{"@id":"https:\/\/www.bbmnoticias.com\/blog\/2025\/04\/28\/con-apoyo-del-ine-gobernador-de-oaxaca-refuerza-difusion-de-eleccion-del-poder-judicial\/#primaryimage"},"image":{"@id":"https:\/\/www.bbmnoticias.com\/blog\/2025\/04\/28\/con-apoyo-del-ine-gobernador-de-oaxaca-refuerza-difusion-de-eleccion-del-poder-judicial\/#primaryimage"},"thumbnailUrl":"https:\/\/www.bbmnoticias.com\/labravaradiofm\/wp-content\/uploads\/sites\/5\/2025\/04\/ine_poder_judicial.jpg","datePublished":"2025-04-28T20:57:09+00:00","dateModified":"2025-04-28T20:57:13+00:00","author":{"@id":"https:\/\/www.bbmnoticias.com\/labravaradiofm\/#\/schema\/person\/34b139c617a70ea5bef5678bffe4dd7b"},"breadcrumb":{"@id":"https:\/\/www.bbmnoticias.com\/blog\/2025\/04\/28\/con-apoyo-del-ine-gobernador-de-oaxaca-refuerza-difusion-de-eleccion-del-poder-judicial\/#breadcrumb"},"inLanguage":"es","potentialAction":[{"@type":"ReadAction","target":["https:\/\/www.bbmnoticias.com\/blog\/2025\/04\/28\/con-apoyo-del-ine-gobernador-de-oaxaca-refuerza-difusion-de-eleccion-del-poder-judicial\/"]}]},{"@type":"ImageObject","inLanguage":"es","@id":"https:\/\/www.bbmnoticias.com\/blog\/2025\/04\/28\/con-apoyo-del-ine-gobernador-de-oaxaca-refuerza-difusion-de-eleccion-del-poder-judicial\/#primaryimage","url":"https:\/\/www.bbmnoticias.com\/labravaradiofm\/wp-content\/uploads\/sites\/5\/2025\/04\/ine_poder_judicial.jpg","contentUrl":"https:\/\/www.bbmnoticias.com\/labravaradiofm\/wp-content\/uploads\/sites\/5\/2025\/04\/ine_poder_judicial.jpg","width":1280,"height":853},{"@type":"BreadcrumbList","@id":"https:\/\/www.bbmnoticias.com\/blog\/2025\/04\/28\/con-apoyo-del-ine-gobernador-de-oaxaca-refuerza-difusion-de-eleccion-del-poder-judicial\/#breadcrumb","itemListElement":[{"@type":"ListItem","position":1,"name":"Inicio","item":"https:\/\/www.bbmnoticias.com\/labravaradiofm\/"},{"@type":"ListItem","position":2,"name":"Con apoyo del INE, Gobernador de Oaxaca refuerza difusi\u00f3n de elecci\u00f3n del Poder Judicial"}]},{"@type":"WebSite","@id":"https:\/\/www.bbmnoticias.com\/labravaradiofm\/#website","url":"https:\/\/www.bbmnoticias.com\/labravaradiofm\/","name":"LA BRAVA RADIO","description":"Empresa productora de medios, Radiodifusi\u00f3n, Noticias, tendencias y todo lo que necesitas saber de la pol\u00edtica mexicana e internacional; entretenimiento, espect\u00e1culos, salud y mucho m\u00e1s.","potentialAction":[{"@type":"SearchAction","target":{"@type":"EntryPoint","urlTemplate":"https:\/\/www.bbmnoticias.com\/labravaradiofm\/?s={search_term_string}"},"query-input":{"@type":"PropertyValueSpecification","valueRequired":true,"valueName":"search_term_string"}}],"inLanguage":"es"},{"@type":"Person","@id":"https:\/\/www.bbmnoticias.com\/labravaradiofm\/#\/schema\/person\/34b139c617a70ea5bef5678bffe4dd7b","name":"Staff","image":{"@type":"ImageObject","inLanguage":"es","@id":"https:\/\/secure.gravatar.com\/avatar\/fdd21ad66fd8b98c407f9dee5b5e588cfe7f0d8579ec20fa6527cd59bab7f0f0?s=96&d=mm&r=g","url":"https:\/\/secure.gravatar.com\/avatar\/fdd21ad66fd8b98c407f9dee5b5e588cfe7f0d8579ec20fa6527cd59bab7f0f0?s=96&d=mm&r=g","contentUrl":"https:\/\/secure.gravatar.com\/avatar\/fdd21ad66fd8b98c407f9dee5b5e588cfe7f0d8579ec20fa6527cd59bab7f0f0?s=96&d=mm&r=g","caption":"Staff"},"url":"https:\/\/www.bbmnoticias.com\/labravaradiofm\/author\/redaccion\/"}]}},"_links":{"self":[{"href":"https:\/\/www.bbmnoticias.com\/labravaradiofm\/wp-json\/wp\/v2\/posts\/58976","targetHints":{"allow":["GET"]}}],"collection":[{"href":"https:\/\/www.bbmnoticias.com\/labravaradiofm\/wp-json\/wp\/v2\/posts"}],"about":[{"href":"https:\/\/www.bbmnoticias.com\/labravaradiofm\/wp-json\/wp\/v2\/types\/post"}],"author":[{"embeddable":true,"href":"https:\/\/www.bbmnoticias.com\/labravaradiofm\/wp-json\/wp\/v2\/users\/2"}],"replies":[{"embeddable":true,"href":"https:\/\/www.bbmnoticias.com\/labravaradiofm\/wp-json\/wp\/v2\/comments?post=58976"}],"version-history":[{"count":0,"href":"https:\/\/www.bbmnoticias.com\/labravaradiofm\/wp-json\/wp\/v2\/posts\/58976\/revisions"}],"wp:featuredmedia":[{"embeddable":true,"href":"https:\/\/www.bbmnoticias.com\/labravaradiofm\/wp-json\/wp\/v2\/media\/58978"}],"wp:attachment":[{"href":"https:\/\/www.bbmnoticias.com\/labravaradiofm\/wp-json\/wp\/v2\/media?parent=58976"}],"wp:term":[{"taxonomy":"category","embeddable":true,"href":"https:\/\/www.bbmnoticias.com\/labravaradiofm\/wp-json\/wp\/v2\/categories?post=58976"},{"taxonomy":"post_tag","embeddable":true,"href":"https:\/\/www.bbmnoticias.com\/labravaradiofm\/wp-json\/wp\/v2\/tags?post=58976"}],"curies":[{"name":"wp","href":"https:\/\/api.w.org\/{rel}","templated":true}]}}