{"id":58958,"date":"2025-04-28T10:08:14","date_gmt":"2025-04-28T16:08:14","guid":{"rendered":"https:\/\/www.bbmnoticias.com\/labravaradiofm\/2025\/04\/28\/gran-apagon-deja-a-espana-portugal-y-francia-sin-electricidad-varias-horas\/"},"modified":"2025-04-28T10:08:21","modified_gmt":"2025-04-28T16:08:21","slug":"gran-apagon-deja-a-espana-portugal-y-francia-sin-electricidad-varias-horas","status":"publish","type":"post","link":"https:\/\/www.bbmnoticias.com\/labravaradiofm\/2025\/04\/28\/gran-apagon-deja-a-espana-portugal-y-francia-sin-electricidad-varias-horas\/","title":{"rendered":"Gran apag\u00f3n deja a Espa\u00f1a, Portugal y Francia sin electricidad varias horas"},"content":{"rendered":"<div style=\"margin-top: 0px; margin-bottom: 0px;\" class=\"sharethis-inline-share-buttons\" ><\/div>\n<p>Un <strong>gran<\/strong> <strong>apag\u00f3n<\/strong>, del que a\u00fan se desconocen las causas, dej\u00f3 este lunes <strong>sin suministro el\u00e9ctrico<\/strong> a <strong>Espa\u00f1a<\/strong>, <strong>Portugal<\/strong> y algunas zonas del sur de <strong>Francia<\/strong>, provocando problemas en el funcionamiento de servicios p\u00fablicos como el ferrocarril y el metro, as\u00ed como a empresas y particulares.<\/p>\n\n\n\n<p>El suministro el\u00e9ctrico se interrumpi\u00f3 en la Pen\u00ednsula por causas desconocidas. Seg\u00fan datos del operador del sistema, Red El\u00e9ctrica Espa\u00f1ola (REE), cuando el consumo rondaba los 25 mil 184 megavatios se desplom\u00f3 repentinamente hasta los 12 mil 425 megavatios.<\/p>\n\n\n\n<figure class=\"wp-block-image\" id=\"attachment_1708211\"><a href=\"https:\/\/lopezdoriga.com\/wp-content\/uploads\/2025\/04\/desalojo-de-usuarios-en-aeropuerto-de-lisboa-por-falla-electrica.jpg\"><img decoding=\"async\" src=\"https:\/\/lopezdoriga.com\/wp-content\/uploads\/2025\/04\/desalojo-de-usuarios-en-aeropuerto-de-lisboa-por-falla-electrica.jpg\" alt=\"Gran apag\u00f3n deja a Espa\u00f1a, Portugal y Francia sin electricidad varias horas - desalojo-de-usuarios-en-aeropuerto-de-lisboa-por-falla-electrica\" title=\"\"\/><\/a><figcaption class=\"wp-element-caption\">Desalojo de usuarios en aeropuerto de Lisboa, por falla el\u00e9ctrica. Foto de EFE\/EPA\/TIAGO PETINGA<\/figcaption><\/figure>\n\n\n\n<p>El operador se\u00f1ala que se ha producido un \u201c<strong>cero<\/strong>\u201d en el <strong>sistema el\u00e9ctrico peninsular<\/strong>, lo que suele indicar un apag\u00f3n generalizado. Posteriormente, el sistema el\u00e9ctrico peninsular ha comenzado a recuperar la tensi\u00f3n por las zonas norte y sur, seg\u00fan REE.<\/p>\n\n\n\n<p>Sin embargo, la recuperaci\u00f3n total del sistema el\u00e9ctrico espa\u00f1ol puede tardar\u00e1 entre 6 y 10 horas, ya que el director de Servicios a la Operaci\u00f3n de Red El\u00e9ctrica, Eduardo Prieto, reconoci\u00f3 que se trata de una incidencia \u201cabsolutamente excepcional\u201d.<\/p>\n\n\n\n<p>Redes Energ\u00e9ticas Nacionais (REN), la compa\u00f1\u00eda responsable del suministro de electricidad y gas en Portugal, confirm\u00f3 por su parte que este lunes se ha producido \u201cun corte masivo en el suministro el\u00e9ctrico en toda la pen\u00ednsula ib\u00e9rica y parte del territorio franc\u00e9s\u201d y que se han activado los planes para el restablecimiento del servicio.<\/p>\n\n\n\n<p>El apag\u00f3n ha llegado tambi\u00e9n a algunas zonas del sur de Francia, que han sufrido un breve corte parcial de electricidad, pero el servicio ya se ha restaurado, indicaron a EFE fuentes del gestor nacional de la red, RTE, quien dijo que Francia puede aportar su capacidad de env\u00edo de electricidad a la red ib\u00e9rica, hasta 950 megavatios (MW), en cuanto tenga la capacidad t\u00e9cnica para recibirla.<\/p>\n\n\n\n<h3 class=\"wp-block-heading\">&nbsp;Llamadas a la calma e investigaci\u00f3n de causas<\/h3>\n\n\n\n<p>Por el momento se desconocen los detalles que han causado el corte de suministro y Red El\u00e9ctrica \u00fanicamente ha se\u00f1alado que se debi\u00f3 a una oscilaci\u00f3n fuerte del flujo de potencia de la red.<\/p>\n\n\n\n<p>El presidente del Gobierno, Pedro S\u00e1nchez, se ha desplazado junto a su vicepresidenta tercera y ministra de Transici\u00f3n Ecol\u00f3gica, Sara Aagesen, al Centro de Control de Red El\u00e9ctrica para conocer la evoluci\u00f3n de la situaci\u00f3n provocada por un corte y convoc\u00f3 una reuni\u00f3n del consejo de seguridad.<\/p>\n\n\n\n<p>En Portugal se reuni\u00f3 el Centro de Coordinaci\u00f3n de Operaciones Nacional, donde se integran todos los organismos de socorro de Portugal, con el fin de estudiar los procedimientos necesarios para responder al apag\u00f3n en Portugal.<\/p>\n\n\n\n<p>El ministro de Defensa Nacional de Portugal, Nuno Melo, inst\u00f3 a los ciudadanos a que est\u00e9n tranquilos: \u201cEl llamamiento que debemos hacer es un llamamiento a la tranquilidad, sabemos que esta falta de energ\u00eda ha alcanzado a varios pa\u00edses, desconocemos las causas\u201d, dijo Melo, en declaraciones a la prensa en Coimbra, en el centro del pa\u00eds.<\/p>\n\n\n\n<h3 class=\"wp-block-heading\">&nbsp;Problemas de circulaci\u00f3n pero normalidad en vuelos<\/h3>\n\n\n\n<p>Los <strong>sem\u00e1foros<\/strong> que regulan el tr\u00e1nsito de autom\u00f3viles han <strong>dejado<\/strong> de <strong>funcionar<\/strong> en varias zonas de Espa\u00f1a, igual que la red m\u00f3vil, y tambi\u00e9n el transporte p\u00fablico se ha visto alterado.<\/p>\n\n\n\n<p>El <strong>Metro de Madrid<\/strong> qued\u00f3 <strong>interrumpido<\/strong> por la falta de suministro el\u00e9ctrico y algo similar ha sucedido en <strong>Barcelona<\/strong>, donde se ha interrumpido el <strong>metro<\/strong> y el <strong>ferrocarril<\/strong> y miles de pasajeros quedaron dentro de los trenes, algunos en t\u00faneles, de donde tuvieron que ser evacuados.<\/p>\n\n\n\n<p>En <strong>Lisboa<\/strong>, las estaciones de <strong>metro<\/strong> tambi\u00e9n han <strong>cerrado<\/strong> sus puertas y los ic\u00f3nicos tranv\u00edas de la capital se quedaron parados en la calle; adem\u00e1s, era visible un movimiento continuo de los servicios de emergencias por las calles, polic\u00eda y ambulancias.<\/p>\n\n\n\n<p>Este peque\u00f1o caos no se ha vivido tanto en los aeropuertos de la pen\u00ednsula. El aeropuerto de Barcelona oper\u00f3 con \u201ctoda normalidad\u201d, seg\u00fan fuentes de Aena, el gestor aeroportuario espa\u00f1ol, gracias a un sistema de suministro alternativo, y seg\u00fan la web de seguimiento de vuelos Flight Radar el aeropuerto de Madrid ha estado inactivo en salidas y llegadas durante al menos media hora, pero despu\u00e9s se retom\u00f3 el movimiento de aeronaves en torno al aer\u00f3dromo.<\/p>\n\n\n\n<p>La autoridad portuaria de Portugal, por su parte, accion\u00f3 los generadores de emergencia en los aeropuertos de Oporto y Faro, lo que permite las operaciones esenciales, y en el de Lisboa, que funciona con m\u00e1s limitaciones.<\/p>\n\n\n\n<h3 class=\"wp-block-heading\">&nbsp;Fallos en ascensores y problemas en comercios<\/h3>\n\n\n\n<p>El apag\u00f3n ha obligado al <strong>desalojo<\/strong> de muchos <strong>edificios<\/strong> sedes de <strong>empresas<\/strong> de <strong>Espa\u00f1a<\/strong>, pero tambi\u00e9n algunas instituciones oficiales y tambi\u00e9n el Museo del Prado, del cual han tenido que salir centenares de turistas que esta ma\u00f1ana hab\u00edan acudido para conocer la principal pinacoteca de Espa\u00f1a.<\/p>\n\n\n\n<p>Los principales bancos espa\u00f1oles siguen operando con cierta normalidad, aunque algunas entidades han adelantado el cierre de sucursales y los pagos con tarjetas han empezado a registrar los primeros problemas si los dat\u00e1fonos se quedan sin bater\u00eda o acceso a la red telef\u00f3nica.<\/p>\n\n\n\n<p>Y tambi\u00e9n se han reportado problemas de <strong>personas atrapadas<\/strong> en <strong>ascensores<\/strong>.<\/p>\n\n\n\n<p>Tras el caos generado por el apag\u00f3n, el Instituto Nacional de Emergencias M\u00e9dicas (INEM) de Portugal hizo un llamamiento a todos los ciudadanos para utilizar el 112 \u201csolo en caso de emergencia, para evitar sobrecargar el sistema\u201d.<\/p>\n\n\n\n<p>Este organismo \u201cha activado su plan de contingencia y tiene en funcionamiento sus sistemas telef\u00f3nicos e inform\u00e1ticos mediante generadores que se han activado autom\u00e1ticamente\u201d, inform\u00f3 el organismo en un comunicado citado por la agencia Lusa.<\/p>\n\n\n\n<p>En Lisboa es visible un movimiento continuo de los servicios de emergencias por las calles, polic\u00eda y ambulancias. En los hospitales, como el Santa Mar\u00eda de Lisboa, tambi\u00e9n est\u00e1n activos los generadores para garantizar el funcionamiento de los quir\u00f3fanos y las unidades de cuidados intensivos.<\/p>\n\n\n\n<p>Tambi\u00e9n hay otros incidentes como turistas y vecinos que se han quedado sin acceso a los apartamentos, cuyas puertas se abren con chip electr\u00f3nicos, y los famosos restaurantes de marisco fresco mostraron su preocupaci\u00f3n porque el producto se eche a perder por la falta de refrigeraci\u00f3n.<\/p>\n\n\n\n<p>Con informaci\u00f3n de EFE<\/p>\n","protected":false},"excerpt":{"rendered":"<p>Un gran apag\u00f3n, del que a\u00fan se desconocen las causas, dej\u00f3 este lunes sin suministro el\u00e9ctrico a Espa\u00f1a, Portugal y algunas zonas del sur de Francia, provocando problemas en el funcionamiento de servicios p\u00fablicos como el ferrocarril y el metro, as\u00ed como a empresas y particulares. El suministro el\u00e9ctrico se interrumpi\u00f3 en la Pen\u00ednsula por [&hellip;]<\/p>\n","protected":false},"author":4,"featured_media":58960,"comment_status":"closed","ping_status":"","sticky":false,"template":"","format":"standard","meta":{"footnotes":""},"categories":[948,2],"tags":[],"class_list":{"0":"post-58958","1":"post","2":"type-post","3":"status-publish","4":"format-standard","5":"has-post-thumbnail","7":"category-internacional","8":"category-oaxaca"},"yoast_head":"<!-- This site is optimized with the Yoast SEO plugin v27.4 - https:\/\/yoast.com\/product\/yoast-seo-wordpress\/ -->\n<title>Gran apag\u00f3n deja a Espa\u00f1a, Portugal y Francia sin electricidad varias horas - LA BRAVA RADIO<\/title>\n<meta name=\"robots\" content=\"index, follow, max-snippet:-1, max-image-preview:large, max-video-preview:-1\" \/>\n<link rel=\"canonical\" href=\"https:\/\/www.bbmnoticias.com\/blog\/2025\/04\/28\/gran-apagon-deja-a-espana-portugal-y-francia-sin-electricidad-varias-horas\/\" \/>\n<meta property=\"og:locale\" content=\"es_MX\" \/>\n<meta property=\"og:type\" content=\"article\" \/>\n<meta property=\"og:title\" content=\"Gran apag\u00f3n deja a Espa\u00f1a, Portugal y Francia sin electricidad varias horas - LA BRAVA RADIO\" \/>\n<meta property=\"og:description\" content=\"Un gran apag\u00f3n, del que a\u00fan se desconocen las causas, dej\u00f3 este lunes sin suministro el\u00e9ctrico a Espa\u00f1a, Portugal y algunas zonas del sur de Francia, provocando problemas en el funcionamiento de servicios p\u00fablicos como el ferrocarril y el metro, as\u00ed como a empresas y particulares. El suministro el\u00e9ctrico se interrumpi\u00f3 en la Pen\u00ednsula por [&hellip;]\" \/>\n<meta property=\"og:url\" content=\"https:\/\/www.bbmnoticias.com\/blog\/2025\/04\/28\/gran-apagon-deja-a-espana-portugal-y-francia-sin-electricidad-varias-horas\/\" \/>\n<meta property=\"og:site_name\" content=\"LA BRAVA RADIO\" \/>\n<meta property=\"article:published_time\" content=\"2025-04-28T16:08:14+00:00\" \/>\n<meta property=\"article:modified_time\" content=\"2025-04-28T16:08:21+00:00\" \/>\n<meta property=\"og:image\" content=\"https:\/\/www.bbmnoticias.com\/labravaradiofm\/wp-content\/uploads\/sites\/5\/2025\/04\/falla-electrica-en-portugal-1536x1024-1.jpg\" \/>\n\t<meta property=\"og:image:width\" content=\"1536\" \/>\n\t<meta property=\"og:image:height\" content=\"1024\" \/>\n\t<meta property=\"og:image:type\" content=\"image\/jpeg\" \/>\n<meta name=\"author\" content=\"Agencias\" \/>\n<meta name=\"twitter:card\" content=\"summary_large_image\" \/>\n<meta name=\"twitter:label1\" content=\"Escrito por\" \/>\n\t<meta name=\"twitter:data1\" content=\"Agencias\" \/>\n\t<meta name=\"twitter:label2\" content=\"Tiempo de lectura\" \/>\n\t<meta name=\"twitter:data2\" content=\"5 minutos\" \/>\n<script type=\"application\/ld+json\" class=\"yoast-schema-graph\">{\"@context\":\"https:\\\/\\\/schema.org\",\"@graph\":[{\"@type\":\"Article\",\"@id\":\"https:\\\/\\\/www.bbmnoticias.com\\\/blog\\\/2025\\\/04\\\/28\\\/gran-apagon-deja-a-espana-portugal-y-francia-sin-electricidad-varias-horas\\\/#article\",\"isPartOf\":{\"@id\":\"https:\\\/\\\/www.bbmnoticias.com\\\/labravaradiofm\\\/2025\\\/04\\\/28\\\/gran-apagon-deja-a-espana-portugal-y-francia-sin-electricidad-varias-horas\\\/\"},\"author\":{\"name\":\"Agencias\",\"@id\":\"https:\\\/\\\/www.bbmnoticias.com\\\/labravaradiofm\\\/#\\\/schema\\\/person\\\/857a3daf5c8142f29919023f377fbfad\"},\"headline\":\"Gran apag\u00f3n deja a Espa\u00f1a, Portugal y Francia sin electricidad varias horas\",\"datePublished\":\"2025-04-28T16:08:14+00:00\",\"dateModified\":\"2025-04-28T16:08:21+00:00\",\"mainEntityOfPage\":{\"@id\":\"https:\\\/\\\/www.bbmnoticias.com\\\/labravaradiofm\\\/2025\\\/04\\\/28\\\/gran-apagon-deja-a-espana-portugal-y-francia-sin-electricidad-varias-horas\\\/\"},\"wordCount\":1100,\"image\":{\"@id\":\"https:\\\/\\\/www.bbmnoticias.com\\\/blog\\\/2025\\\/04\\\/28\\\/gran-apagon-deja-a-espana-portugal-y-francia-sin-electricidad-varias-horas\\\/#primaryimage\"},\"thumbnailUrl\":\"https:\\\/\\\/www.bbmnoticias.com\\\/labravaradiofm\\\/wp-content\\\/uploads\\\/sites\\\/5\\\/2025\\\/04\\\/falla-electrica-en-portugal-1536x1024-1.jpg\",\"articleSection\":[\"INTERNACIONAL\",\"LOCAL\"],\"inLanguage\":\"es\"},{\"@type\":\"WebPage\",\"@id\":\"https:\\\/\\\/www.bbmnoticias.com\\\/labravaradiofm\\\/2025\\\/04\\\/28\\\/gran-apagon-deja-a-espana-portugal-y-francia-sin-electricidad-varias-horas\\\/\",\"url\":\"https:\\\/\\\/www.bbmnoticias.com\\\/blog\\\/2025\\\/04\\\/28\\\/gran-apagon-deja-a-espana-portugal-y-francia-sin-electricidad-varias-horas\\\/\",\"name\":\"Gran apag\u00f3n deja a Espa\u00f1a, Portugal y Francia sin electricidad varias horas - LA BRAVA RADIO\",\"isPartOf\":{\"@id\":\"https:\\\/\\\/www.bbmnoticias.com\\\/labravaradiofm\\\/#website\"},\"primaryImageOfPage\":{\"@id\":\"https:\\\/\\\/www.bbmnoticias.com\\\/blog\\\/2025\\\/04\\\/28\\\/gran-apagon-deja-a-espana-portugal-y-francia-sin-electricidad-varias-horas\\\/#primaryimage\"},\"image\":{\"@id\":\"https:\\\/\\\/www.bbmnoticias.com\\\/blog\\\/2025\\\/04\\\/28\\\/gran-apagon-deja-a-espana-portugal-y-francia-sin-electricidad-varias-horas\\\/#primaryimage\"},\"thumbnailUrl\":\"https:\\\/\\\/www.bbmnoticias.com\\\/labravaradiofm\\\/wp-content\\\/uploads\\\/sites\\\/5\\\/2025\\\/04\\\/falla-electrica-en-portugal-1536x1024-1.jpg\",\"datePublished\":\"2025-04-28T16:08:14+00:00\",\"dateModified\":\"2025-04-28T16:08:21+00:00\",\"author\":{\"@id\":\"https:\\\/\\\/www.bbmnoticias.com\\\/labravaradiofm\\\/#\\\/schema\\\/person\\\/857a3daf5c8142f29919023f377fbfad\"},\"breadcrumb\":{\"@id\":\"https:\\\/\\\/www.bbmnoticias.com\\\/blog\\\/2025\\\/04\\\/28\\\/gran-apagon-deja-a-espana-portugal-y-francia-sin-electricidad-varias-horas\\\/#breadcrumb\"},\"inLanguage\":\"es\",\"potentialAction\":[{\"@type\":\"ReadAction\",\"target\":[\"https:\\\/\\\/www.bbmnoticias.com\\\/blog\\\/2025\\\/04\\\/28\\\/gran-apagon-deja-a-espana-portugal-y-francia-sin-electricidad-varias-horas\\\/\"]}]},{\"@type\":\"ImageObject\",\"inLanguage\":\"es\",\"@id\":\"https:\\\/\\\/www.bbmnoticias.com\\\/blog\\\/2025\\\/04\\\/28\\\/gran-apagon-deja-a-espana-portugal-y-francia-sin-electricidad-varias-horas\\\/#primaryimage\",\"url\":\"https:\\\/\\\/www.bbmnoticias.com\\\/labravaradiofm\\\/wp-content\\\/uploads\\\/sites\\\/5\\\/2025\\\/04\\\/falla-electrica-en-portugal-1536x1024-1.jpg\",\"contentUrl\":\"https:\\\/\\\/www.bbmnoticias.com\\\/labravaradiofm\\\/wp-content\\\/uploads\\\/sites\\\/5\\\/2025\\\/04\\\/falla-electrica-en-portugal-1536x1024-1.jpg\",\"width\":1536,\"height\":1024},{\"@type\":\"BreadcrumbList\",\"@id\":\"https:\\\/\\\/www.bbmnoticias.com\\\/blog\\\/2025\\\/04\\\/28\\\/gran-apagon-deja-a-espana-portugal-y-francia-sin-electricidad-varias-horas\\\/#breadcrumb\",\"itemListElement\":[{\"@type\":\"ListItem\",\"position\":1,\"name\":\"Inicio\",\"item\":\"https:\\\/\\\/www.bbmnoticias.com\\\/labravaradiofm\\\/\"},{\"@type\":\"ListItem\",\"position\":2,\"name\":\"Gran apag\u00f3n deja a Espa\u00f1a, Portugal y Francia sin electricidad varias horas\"}]},{\"@type\":\"WebSite\",\"@id\":\"https:\\\/\\\/www.bbmnoticias.com\\\/labravaradiofm\\\/#website\",\"url\":\"https:\\\/\\\/www.bbmnoticias.com\\\/labravaradiofm\\\/\",\"name\":\"LA BRAVA RADIO\",\"description\":\"Empresa productora de medios, Radiodifusi\u00f3n, Noticias, tendencias y todo lo que necesitas saber de la pol\u00edtica mexicana e internacional; entretenimiento, espect\u00e1culos, salud y mucho m\u00e1s.\",\"potentialAction\":[{\"@type\":\"SearchAction\",\"target\":{\"@type\":\"EntryPoint\",\"urlTemplate\":\"https:\\\/\\\/www.bbmnoticias.com\\\/labravaradiofm\\\/?s={search_term_string}\"},\"query-input\":{\"@type\":\"PropertyValueSpecification\",\"valueRequired\":true,\"valueName\":\"search_term_string\"}}],\"inLanguage\":\"es\"},{\"@type\":\"Person\",\"@id\":\"https:\\\/\\\/www.bbmnoticias.com\\\/labravaradiofm\\\/#\\\/schema\\\/person\\\/857a3daf5c8142f29919023f377fbfad\",\"name\":\"Agencias\",\"image\":{\"@type\":\"ImageObject\",\"inLanguage\":\"es\",\"@id\":\"https:\\\/\\\/secure.gravatar.com\\\/avatar\\\/739e0b61adf9e398b425c36718c8752286da0e8cd90f20ce9a86678abc26aa0d?s=96&d=mm&r=g\",\"url\":\"https:\\\/\\\/secure.gravatar.com\\\/avatar\\\/739e0b61adf9e398b425c36718c8752286da0e8cd90f20ce9a86678abc26aa0d?s=96&d=mm&r=g\",\"contentUrl\":\"https:\\\/\\\/secure.gravatar.com\\\/avatar\\\/739e0b61adf9e398b425c36718c8752286da0e8cd90f20ce9a86678abc26aa0d?s=96&d=mm&r=g\",\"caption\":\"Agencias\"},\"url\":\"https:\\\/\\\/www.bbmnoticias.com\\\/labravaradiofm\\\/author\\\/agencias\\\/\"}]}<\/script>\n<!-- \/ Yoast SEO plugin. -->","yoast_head_json":{"title":"Gran apag\u00f3n deja a Espa\u00f1a, Portugal y Francia sin electricidad varias horas - LA BRAVA RADIO","robots":{"index":"index","follow":"follow","max-snippet":"max-snippet:-1","max-image-preview":"max-image-preview:large","max-video-preview":"max-video-preview:-1"},"canonical":"https:\/\/www.bbmnoticias.com\/blog\/2025\/04\/28\/gran-apagon-deja-a-espana-portugal-y-francia-sin-electricidad-varias-horas\/","og_locale":"es_MX","og_type":"article","og_title":"Gran apag\u00f3n deja a Espa\u00f1a, Portugal y Francia sin electricidad varias horas - LA BRAVA RADIO","og_description":"Un gran apag\u00f3n, del que a\u00fan se desconocen las causas, dej\u00f3 este lunes sin suministro el\u00e9ctrico a Espa\u00f1a, Portugal y algunas zonas del sur de Francia, provocando problemas en el funcionamiento de servicios p\u00fablicos como el ferrocarril y el metro, as\u00ed como a empresas y particulares. El suministro el\u00e9ctrico se interrumpi\u00f3 en la Pen\u00ednsula por [&hellip;]","og_url":"https:\/\/www.bbmnoticias.com\/blog\/2025\/04\/28\/gran-apagon-deja-a-espana-portugal-y-francia-sin-electricidad-varias-horas\/","og_site_name":"LA BRAVA RADIO","article_published_time":"2025-04-28T16:08:14+00:00","article_modified_time":"2025-04-28T16:08:21+00:00","og_image":[{"width":1536,"height":1024,"url":"https:\/\/www.bbmnoticias.com\/labravaradiofm\/wp-content\/uploads\/sites\/5\/2025\/04\/falla-electrica-en-portugal-1536x1024-1.jpg","type":"image\/jpeg"}],"author":"Agencias","twitter_card":"summary_large_image","twitter_misc":{"Escrito por":"Agencias","Tiempo de lectura":"5 minutos"},"schema":{"@context":"https:\/\/schema.org","@graph":[{"@type":"Article","@id":"https:\/\/www.bbmnoticias.com\/blog\/2025\/04\/28\/gran-apagon-deja-a-espana-portugal-y-francia-sin-electricidad-varias-horas\/#article","isPartOf":{"@id":"https:\/\/www.bbmnoticias.com\/labravaradiofm\/2025\/04\/28\/gran-apagon-deja-a-espana-portugal-y-francia-sin-electricidad-varias-horas\/"},"author":{"name":"Agencias","@id":"https:\/\/www.bbmnoticias.com\/labravaradiofm\/#\/schema\/person\/857a3daf5c8142f29919023f377fbfad"},"headline":"Gran apag\u00f3n deja a Espa\u00f1a, Portugal y Francia sin electricidad varias horas","datePublished":"2025-04-28T16:08:14+00:00","dateModified":"2025-04-28T16:08:21+00:00","mainEntityOfPage":{"@id":"https:\/\/www.bbmnoticias.com\/labravaradiofm\/2025\/04\/28\/gran-apagon-deja-a-espana-portugal-y-francia-sin-electricidad-varias-horas\/"},"wordCount":1100,"image":{"@id":"https:\/\/www.bbmnoticias.com\/blog\/2025\/04\/28\/gran-apagon-deja-a-espana-portugal-y-francia-sin-electricidad-varias-horas\/#primaryimage"},"thumbnailUrl":"https:\/\/www.bbmnoticias.com\/labravaradiofm\/wp-content\/uploads\/sites\/5\/2025\/04\/falla-electrica-en-portugal-1536x1024-1.jpg","articleSection":["INTERNACIONAL","LOCAL"],"inLanguage":"es"},{"@type":"WebPage","@id":"https:\/\/www.bbmnoticias.com\/labravaradiofm\/2025\/04\/28\/gran-apagon-deja-a-espana-portugal-y-francia-sin-electricidad-varias-horas\/","url":"https:\/\/www.bbmnoticias.com\/blog\/2025\/04\/28\/gran-apagon-deja-a-espana-portugal-y-francia-sin-electricidad-varias-horas\/","name":"Gran apag\u00f3n deja a Espa\u00f1a, Portugal y Francia sin electricidad varias horas - LA BRAVA RADIO","isPartOf":{"@id":"https:\/\/www.bbmnoticias.com\/labravaradiofm\/#website"},"primaryImageOfPage":{"@id":"https:\/\/www.bbmnoticias.com\/blog\/2025\/04\/28\/gran-apagon-deja-a-espana-portugal-y-francia-sin-electricidad-varias-horas\/#primaryimage"},"image":{"@id":"https:\/\/www.bbmnoticias.com\/blog\/2025\/04\/28\/gran-apagon-deja-a-espana-portugal-y-francia-sin-electricidad-varias-horas\/#primaryimage"},"thumbnailUrl":"https:\/\/www.bbmnoticias.com\/labravaradiofm\/wp-content\/uploads\/sites\/5\/2025\/04\/falla-electrica-en-portugal-1536x1024-1.jpg","datePublished":"2025-04-28T16:08:14+00:00","dateModified":"2025-04-28T16:08:21+00:00","author":{"@id":"https:\/\/www.bbmnoticias.com\/labravaradiofm\/#\/schema\/person\/857a3daf5c8142f29919023f377fbfad"},"breadcrumb":{"@id":"https:\/\/www.bbmnoticias.com\/blog\/2025\/04\/28\/gran-apagon-deja-a-espana-portugal-y-francia-sin-electricidad-varias-horas\/#breadcrumb"},"inLanguage":"es","potentialAction":[{"@type":"ReadAction","target":["https:\/\/www.bbmnoticias.com\/blog\/2025\/04\/28\/gran-apagon-deja-a-espana-portugal-y-francia-sin-electricidad-varias-horas\/"]}]},{"@type":"ImageObject","inLanguage":"es","@id":"https:\/\/www.bbmnoticias.com\/blog\/2025\/04\/28\/gran-apagon-deja-a-espana-portugal-y-francia-sin-electricidad-varias-horas\/#primaryimage","url":"https:\/\/www.bbmnoticias.com\/labravaradiofm\/wp-content\/uploads\/sites\/5\/2025\/04\/falla-electrica-en-portugal-1536x1024-1.jpg","contentUrl":"https:\/\/www.bbmnoticias.com\/labravaradiofm\/wp-content\/uploads\/sites\/5\/2025\/04\/falla-electrica-en-portugal-1536x1024-1.jpg","width":1536,"height":1024},{"@type":"BreadcrumbList","@id":"https:\/\/www.bbmnoticias.com\/blog\/2025\/04\/28\/gran-apagon-deja-a-espana-portugal-y-francia-sin-electricidad-varias-horas\/#breadcrumb","itemListElement":[{"@type":"ListItem","position":1,"name":"Inicio","item":"https:\/\/www.bbmnoticias.com\/labravaradiofm\/"},{"@type":"ListItem","position":2,"name":"Gran apag\u00f3n deja a Espa\u00f1a, Portugal y Francia sin electricidad varias horas"}]},{"@type":"WebSite","@id":"https:\/\/www.bbmnoticias.com\/labravaradiofm\/#website","url":"https:\/\/www.bbmnoticias.com\/labravaradiofm\/","name":"LA BRAVA RADIO","description":"Empresa productora de medios, Radiodifusi\u00f3n, Noticias, tendencias y todo lo que necesitas saber de la pol\u00edtica mexicana e internacional; entretenimiento, espect\u00e1culos, salud y mucho m\u00e1s.","potentialAction":[{"@type":"SearchAction","target":{"@type":"EntryPoint","urlTemplate":"https:\/\/www.bbmnoticias.com\/labravaradiofm\/?s={search_term_string}"},"query-input":{"@type":"PropertyValueSpecification","valueRequired":true,"valueName":"search_term_string"}}],"inLanguage":"es"},{"@type":"Person","@id":"https:\/\/www.bbmnoticias.com\/labravaradiofm\/#\/schema\/person\/857a3daf5c8142f29919023f377fbfad","name":"Agencias","image":{"@type":"ImageObject","inLanguage":"es","@id":"https:\/\/secure.gravatar.com\/avatar\/739e0b61adf9e398b425c36718c8752286da0e8cd90f20ce9a86678abc26aa0d?s=96&d=mm&r=g","url":"https:\/\/secure.gravatar.com\/avatar\/739e0b61adf9e398b425c36718c8752286da0e8cd90f20ce9a86678abc26aa0d?s=96&d=mm&r=g","contentUrl":"https:\/\/secure.gravatar.com\/avatar\/739e0b61adf9e398b425c36718c8752286da0e8cd90f20ce9a86678abc26aa0d?s=96&d=mm&r=g","caption":"Agencias"},"url":"https:\/\/www.bbmnoticias.com\/labravaradiofm\/author\/agencias\/"}]}},"_links":{"self":[{"href":"https:\/\/www.bbmnoticias.com\/labravaradiofm\/wp-json\/wp\/v2\/posts\/58958","targetHints":{"allow":["GET"]}}],"collection":[{"href":"https:\/\/www.bbmnoticias.com\/labravaradiofm\/wp-json\/wp\/v2\/posts"}],"about":[{"href":"https:\/\/www.bbmnoticias.com\/labravaradiofm\/wp-json\/wp\/v2\/types\/post"}],"author":[{"embeddable":true,"href":"https:\/\/www.bbmnoticias.com\/labravaradiofm\/wp-json\/wp\/v2\/users\/4"}],"replies":[{"embeddable":true,"href":"https:\/\/www.bbmnoticias.com\/labravaradiofm\/wp-json\/wp\/v2\/comments?post=58958"}],"version-history":[{"count":0,"href":"https:\/\/www.bbmnoticias.com\/labravaradiofm\/wp-json\/wp\/v2\/posts\/58958\/revisions"}],"wp:featuredmedia":[{"embeddable":true,"href":"https:\/\/www.bbmnoticias.com\/labravaradiofm\/wp-json\/wp\/v2\/media\/58960"}],"wp:attachment":[{"href":"https:\/\/www.bbmnoticias.com\/labravaradiofm\/wp-json\/wp\/v2\/media?parent=58958"}],"wp:term":[{"taxonomy":"category","embeddable":true,"href":"https:\/\/www.bbmnoticias.com\/labravaradiofm\/wp-json\/wp\/v2\/categories?post=58958"},{"taxonomy":"post_tag","embeddable":true,"href":"https:\/\/www.bbmnoticias.com\/labravaradiofm\/wp-json\/wp\/v2\/tags?post=58958"}],"curies":[{"name":"wp","href":"https:\/\/api.w.org\/{rel}","templated":true}]}}