{"id":5895,"date":"2021-11-22T14:19:32","date_gmt":"2021-11-22T20:19:32","guid":{"rendered":"https:\/\/www.bbmnoticias.com\/labravaradiofm\/?p=5895"},"modified":"2021-11-22T14:19:33","modified_gmt":"2021-11-22T20:19:33","slug":"abriran-servicios-de-salud-de-oaxaca-300-plazas-en-diciembre","status":"publish","type":"post","link":"https:\/\/www.bbmnoticias.com\/labravaradiofm\/2021\/11\/22\/abriran-servicios-de-salud-de-oaxaca-300-plazas-en-diciembre\/","title":{"rendered":"Abrir\u00e1n Servicios de Salud de Oaxaca 300 plazas en diciembre"},"content":{"rendered":"<div style=\"margin-top: 0px; margin-bottom: 0px;\" class=\"sharethis-inline-share-buttons\" ><\/div>\n<p>OAXACA, Oax.- El secretario de Salud de Oaxaca, Juan Carlos M\u00e1rquez Heine confirm\u00f3 que a finales de este a\u00f1o abrir\u00e1n 300 plazas para la contrataci\u00f3n de personal m\u00e9dico esencial.<\/p>\n\n\n\n<p>Dijo que luego de 120 mesas de trabajo celebradas en el \u00faltimo mes para contar con un proceso escalafonario, que hab\u00eda estado parado durante m\u00e1s de 3 a\u00f1os, se logr\u00f3 el movimiento de plazas.<\/p>\n\n\n\n<p>Explic\u00f3 que estos espacios que se abrir\u00e1n son formales y contar\u00e1n con un techo presupuestal lo que redundar\u00e1 en certeza laboral para los trabajadores.<\/p>\n\n\n\n<p>Indic\u00f3 que se dar\u00e1 prioridad al personal esencial de \u00e1reas m\u00e9dicas y a param\u00e9dicos.<\/p>\n\n\n\n<p>Se\u00f1al\u00f3 que \u201cpara fin de a\u00f1o vamos a contar con mayor acceso a plazas, ya con la certeza y seguridad laboral que todos los trabajadores merecen. Este proceso escalafonario es dentro de los Servicios de Salud de Oaxaca\u201d.<\/p>\n\n\n\n<p>Mencion\u00f3 que en su momento se dar\u00e1n a conocer el proceso y los requisitos.<\/p>\n\n\n\n<p>El funcionario a\u00f1adi\u00f3 que los espacios que se abrieron son de las personas que se jubilaron o van a jubilar y de trabajadores que han fallecido.<\/p>\n\n\n\n<p>Para el resto de los trabajadores que concluyeron con su contrato laboral, dijo, no son los Servicios de Salud de Oaxaca quienes definir\u00e1n la soluci\u00f3n ya que depende de lo que ordene la Federaci\u00f3n.<\/p>\n","protected":false},"excerpt":{"rendered":"<p>OAXACA, Oax.- El secretario de Salud de Oaxaca, Juan Carlos M\u00e1rquez Heine confirm\u00f3 que a finales de este a\u00f1o abrir\u00e1n 300 plazas para la contrataci\u00f3n de personal m\u00e9dico esencial. Dijo que luego de 120 mesas de trabajo celebradas en el \u00faltimo mes para contar con un proceso escalafonario, que hab\u00eda estado parado durante m\u00e1s de [&hellip;]<\/p>\n","protected":false},"author":5,"featured_media":5896,"comment_status":"closed","ping_status":"closed","sticky":false,"template":"","format":"standard","meta":{"footnotes":""},"categories":[2],"tags":[],"class_list":{"0":"post-5895","1":"post","2":"type-post","3":"status-publish","4":"format-standard","5":"has-post-thumbnail","7":"category-oaxaca"},"yoast_head":"<!-- This site is optimized with the Yoast SEO plugin v27.4 - https:\/\/yoast.com\/product\/yoast-seo-wordpress\/ -->\n<title>Abrir\u00e1n Servicios de Salud de Oaxaca 300 plazas en diciembre - LA BRAVA RADIO<\/title>\n<meta name=\"robots\" content=\"index, follow, max-snippet:-1, max-image-preview:large, max-video-preview:-1\" \/>\n<link rel=\"canonical\" href=\"https:\/\/www.bbmnoticias.com\/labravaradiofm\/2021\/11\/22\/abriran-servicios-de-salud-de-oaxaca-300-plazas-en-diciembre\/\" \/>\n<meta property=\"og:locale\" content=\"es_MX\" \/>\n<meta property=\"og:type\" content=\"article\" \/>\n<meta property=\"og:title\" content=\"Abrir\u00e1n Servicios de Salud de Oaxaca 300 plazas en diciembre - LA BRAVA RADIO\" \/>\n<meta property=\"og:description\" content=\"OAXACA, Oax.- El secretario de Salud de Oaxaca, Juan Carlos M\u00e1rquez Heine confirm\u00f3 que a finales de este a\u00f1o abrir\u00e1n 300 plazas para la contrataci\u00f3n de personal m\u00e9dico esencial. Dijo que luego de 120 mesas de trabajo celebradas en el \u00faltimo mes para contar con un proceso escalafonario, que hab\u00eda estado parado durante m\u00e1s de [&hellip;]\" \/>\n<meta property=\"og:url\" content=\"https:\/\/www.bbmnoticias.com\/labravaradiofm\/2021\/11\/22\/abriran-servicios-de-salud-de-oaxaca-300-plazas-en-diciembre\/\" \/>\n<meta property=\"og:site_name\" content=\"LA BRAVA RADIO\" \/>\n<meta property=\"article:published_time\" content=\"2021-11-22T20:19:32+00:00\" \/>\n<meta property=\"article:modified_time\" content=\"2021-11-22T20:19:33+00:00\" \/>\n<meta property=\"og:image\" content=\"https:\/\/www.bbmnoticias.com\/labravaradiofm\/wp-content\/uploads\/sites\/5\/2021\/11\/l22112021-7.jpg\" \/>\n\t<meta property=\"og:image:width\" content=\"1280\" \/>\n\t<meta property=\"og:image:height\" content=\"854\" \/>\n\t<meta property=\"og:image:type\" content=\"image\/jpeg\" \/>\n<meta name=\"author\" content=\"Quadratin\" \/>\n<meta name=\"twitter:card\" content=\"summary_large_image\" \/>\n<meta name=\"twitter:label1\" content=\"Escrito por\" \/>\n\t<meta name=\"twitter:data1\" content=\"Quadratin\" \/>\n\t<meta name=\"twitter:label2\" content=\"Tiempo de lectura\" \/>\n\t<meta name=\"twitter:data2\" content=\"1 minuto\" \/>\n<script type=\"application\/ld+json\" class=\"yoast-schema-graph\">{\"@context\":\"https:\\\/\\\/schema.org\",\"@graph\":[{\"@type\":\"Article\",\"@id\":\"https:\\\/\\\/www.bbmnoticias.com\\\/labravaradiofm\\\/2021\\\/11\\\/22\\\/abriran-servicios-de-salud-de-oaxaca-300-plazas-en-diciembre\\\/#article\",\"isPartOf\":{\"@id\":\"https:\\\/\\\/www.bbmnoticias.com\\\/labravaradiofm\\\/2021\\\/11\\\/22\\\/abriran-servicios-de-salud-de-oaxaca-300-plazas-en-diciembre\\\/\"},\"author\":{\"name\":\"Quadratin\",\"@id\":\"https:\\\/\\\/www.bbmnoticias.com\\\/labravaradiofm\\\/#\\\/schema\\\/person\\\/c316b6f6c03640cce5d9482ba5a8e5c2\"},\"headline\":\"Abrir\u00e1n Servicios de Salud de Oaxaca 300 plazas en diciembre\",\"datePublished\":\"2021-11-22T20:19:32+00:00\",\"dateModified\":\"2021-11-22T20:19:33+00:00\",\"mainEntityOfPage\":{\"@id\":\"https:\\\/\\\/www.bbmnoticias.com\\\/labravaradiofm\\\/2021\\\/11\\\/22\\\/abriran-servicios-de-salud-de-oaxaca-300-plazas-en-diciembre\\\/\"},\"wordCount\":240,\"image\":{\"@id\":\"https:\\\/\\\/www.bbmnoticias.com\\\/labravaradiofm\\\/2021\\\/11\\\/22\\\/abriran-servicios-de-salud-de-oaxaca-300-plazas-en-diciembre\\\/#primaryimage\"},\"thumbnailUrl\":\"https:\\\/\\\/www.bbmnoticias.com\\\/labravaradiofm\\\/wp-content\\\/uploads\\\/sites\\\/5\\\/2021\\\/11\\\/l22112021-7.jpg\",\"articleSection\":[\"LOCAL\"],\"inLanguage\":\"es\"},{\"@type\":\"WebPage\",\"@id\":\"https:\\\/\\\/www.bbmnoticias.com\\\/labravaradiofm\\\/2021\\\/11\\\/22\\\/abriran-servicios-de-salud-de-oaxaca-300-plazas-en-diciembre\\\/\",\"url\":\"https:\\\/\\\/www.bbmnoticias.com\\\/labravaradiofm\\\/2021\\\/11\\\/22\\\/abriran-servicios-de-salud-de-oaxaca-300-plazas-en-diciembre\\\/\",\"name\":\"Abrir\u00e1n Servicios de Salud de Oaxaca 300 plazas en diciembre - LA BRAVA RADIO\",\"isPartOf\":{\"@id\":\"https:\\\/\\\/www.bbmnoticias.com\\\/labravaradiofm\\\/#website\"},\"primaryImageOfPage\":{\"@id\":\"https:\\\/\\\/www.bbmnoticias.com\\\/labravaradiofm\\\/2021\\\/11\\\/22\\\/abriran-servicios-de-salud-de-oaxaca-300-plazas-en-diciembre\\\/#primaryimage\"},\"image\":{\"@id\":\"https:\\\/\\\/www.bbmnoticias.com\\\/labravaradiofm\\\/2021\\\/11\\\/22\\\/abriran-servicios-de-salud-de-oaxaca-300-plazas-en-diciembre\\\/#primaryimage\"},\"thumbnailUrl\":\"https:\\\/\\\/www.bbmnoticias.com\\\/labravaradiofm\\\/wp-content\\\/uploads\\\/sites\\\/5\\\/2021\\\/11\\\/l22112021-7.jpg\",\"datePublished\":\"2021-11-22T20:19:32+00:00\",\"dateModified\":\"2021-11-22T20:19:33+00:00\",\"author\":{\"@id\":\"https:\\\/\\\/www.bbmnoticias.com\\\/labravaradiofm\\\/#\\\/schema\\\/person\\\/c316b6f6c03640cce5d9482ba5a8e5c2\"},\"breadcrumb\":{\"@id\":\"https:\\\/\\\/www.bbmnoticias.com\\\/labravaradiofm\\\/2021\\\/11\\\/22\\\/abriran-servicios-de-salud-de-oaxaca-300-plazas-en-diciembre\\\/#breadcrumb\"},\"inLanguage\":\"es\",\"potentialAction\":[{\"@type\":\"ReadAction\",\"target\":[\"https:\\\/\\\/www.bbmnoticias.com\\\/labravaradiofm\\\/2021\\\/11\\\/22\\\/abriran-servicios-de-salud-de-oaxaca-300-plazas-en-diciembre\\\/\"]}]},{\"@type\":\"ImageObject\",\"inLanguage\":\"es\",\"@id\":\"https:\\\/\\\/www.bbmnoticias.com\\\/labravaradiofm\\\/2021\\\/11\\\/22\\\/abriran-servicios-de-salud-de-oaxaca-300-plazas-en-diciembre\\\/#primaryimage\",\"url\":\"https:\\\/\\\/www.bbmnoticias.com\\\/labravaradiofm\\\/wp-content\\\/uploads\\\/sites\\\/5\\\/2021\\\/11\\\/l22112021-7.jpg\",\"contentUrl\":\"https:\\\/\\\/www.bbmnoticias.com\\\/labravaradiofm\\\/wp-content\\\/uploads\\\/sites\\\/5\\\/2021\\\/11\\\/l22112021-7.jpg\",\"width\":1280,\"height\":854},{\"@type\":\"BreadcrumbList\",\"@id\":\"https:\\\/\\\/www.bbmnoticias.com\\\/labravaradiofm\\\/2021\\\/11\\\/22\\\/abriran-servicios-de-salud-de-oaxaca-300-plazas-en-diciembre\\\/#breadcrumb\",\"itemListElement\":[{\"@type\":\"ListItem\",\"position\":1,\"name\":\"Inicio\",\"item\":\"https:\\\/\\\/www.bbmnoticias.com\\\/labravaradiofm\\\/\"},{\"@type\":\"ListItem\",\"position\":2,\"name\":\"Abrir\u00e1n Servicios de Salud de Oaxaca 300 plazas en diciembre\"}]},{\"@type\":\"WebSite\",\"@id\":\"https:\\\/\\\/www.bbmnoticias.com\\\/labravaradiofm\\\/#website\",\"url\":\"https:\\\/\\\/www.bbmnoticias.com\\\/labravaradiofm\\\/\",\"name\":\"LA BRAVA RADIO\",\"description\":\"Empresa productora de medios, Radiodifusi\u00f3n, Noticias, tendencias y todo lo que necesitas saber de la pol\u00edtica mexicana e internacional; entretenimiento, espect\u00e1culos, salud y mucho m\u00e1s.\",\"potentialAction\":[{\"@type\":\"SearchAction\",\"target\":{\"@type\":\"EntryPoint\",\"urlTemplate\":\"https:\\\/\\\/www.bbmnoticias.com\\\/labravaradiofm\\\/?s={search_term_string}\"},\"query-input\":{\"@type\":\"PropertyValueSpecification\",\"valueRequired\":true,\"valueName\":\"search_term_string\"}}],\"inLanguage\":\"es\"},{\"@type\":\"Person\",\"@id\":\"https:\\\/\\\/www.bbmnoticias.com\\\/labravaradiofm\\\/#\\\/schema\\\/person\\\/c316b6f6c03640cce5d9482ba5a8e5c2\",\"name\":\"Quadratin\",\"image\":{\"@type\":\"ImageObject\",\"inLanguage\":\"es\",\"@id\":\"https:\\\/\\\/secure.gravatar.com\\\/avatar\\\/34008d7d72488432d6a74f81e839efc9f754b118786ca32cf39d9d5508a68f63?s=96&d=mm&r=g\",\"url\":\"https:\\\/\\\/secure.gravatar.com\\\/avatar\\\/34008d7d72488432d6a74f81e839efc9f754b118786ca32cf39d9d5508a68f63?s=96&d=mm&r=g\",\"contentUrl\":\"https:\\\/\\\/secure.gravatar.com\\\/avatar\\\/34008d7d72488432d6a74f81e839efc9f754b118786ca32cf39d9d5508a68f63?s=96&d=mm&r=g\",\"caption\":\"Quadratin\"},\"url\":\"https:\\\/\\\/www.bbmnoticias.com\\\/labravaradiofm\\\/author\\\/quadratin\\\/\"}]}<\/script>\n<!-- \/ Yoast SEO plugin. -->","yoast_head_json":{"title":"Abrir\u00e1n Servicios de Salud de Oaxaca 300 plazas en diciembre - LA BRAVA RADIO","robots":{"index":"index","follow":"follow","max-snippet":"max-snippet:-1","max-image-preview":"max-image-preview:large","max-video-preview":"max-video-preview:-1"},"canonical":"https:\/\/www.bbmnoticias.com\/labravaradiofm\/2021\/11\/22\/abriran-servicios-de-salud-de-oaxaca-300-plazas-en-diciembre\/","og_locale":"es_MX","og_type":"article","og_title":"Abrir\u00e1n Servicios de Salud de Oaxaca 300 plazas en diciembre - LA BRAVA RADIO","og_description":"OAXACA, Oax.- El secretario de Salud de Oaxaca, Juan Carlos M\u00e1rquez Heine confirm\u00f3 que a finales de este a\u00f1o abrir\u00e1n 300 plazas para la contrataci\u00f3n de personal m\u00e9dico esencial. Dijo que luego de 120 mesas de trabajo celebradas en el \u00faltimo mes para contar con un proceso escalafonario, que hab\u00eda estado parado durante m\u00e1s de [&hellip;]","og_url":"https:\/\/www.bbmnoticias.com\/labravaradiofm\/2021\/11\/22\/abriran-servicios-de-salud-de-oaxaca-300-plazas-en-diciembre\/","og_site_name":"LA BRAVA RADIO","article_published_time":"2021-11-22T20:19:32+00:00","article_modified_time":"2021-11-22T20:19:33+00:00","og_image":[{"width":1280,"height":854,"url":"https:\/\/www.bbmnoticias.com\/labravaradiofm\/wp-content\/uploads\/sites\/5\/2021\/11\/l22112021-7.jpg","type":"image\/jpeg"}],"author":"Quadratin","twitter_card":"summary_large_image","twitter_misc":{"Escrito por":"Quadratin","Tiempo de lectura":"1 minuto"},"schema":{"@context":"https:\/\/schema.org","@graph":[{"@type":"Article","@id":"https:\/\/www.bbmnoticias.com\/labravaradiofm\/2021\/11\/22\/abriran-servicios-de-salud-de-oaxaca-300-plazas-en-diciembre\/#article","isPartOf":{"@id":"https:\/\/www.bbmnoticias.com\/labravaradiofm\/2021\/11\/22\/abriran-servicios-de-salud-de-oaxaca-300-plazas-en-diciembre\/"},"author":{"name":"Quadratin","@id":"https:\/\/www.bbmnoticias.com\/labravaradiofm\/#\/schema\/person\/c316b6f6c03640cce5d9482ba5a8e5c2"},"headline":"Abrir\u00e1n Servicios de Salud de Oaxaca 300 plazas en diciembre","datePublished":"2021-11-22T20:19:32+00:00","dateModified":"2021-11-22T20:19:33+00:00","mainEntityOfPage":{"@id":"https:\/\/www.bbmnoticias.com\/labravaradiofm\/2021\/11\/22\/abriran-servicios-de-salud-de-oaxaca-300-plazas-en-diciembre\/"},"wordCount":240,"image":{"@id":"https:\/\/www.bbmnoticias.com\/labravaradiofm\/2021\/11\/22\/abriran-servicios-de-salud-de-oaxaca-300-plazas-en-diciembre\/#primaryimage"},"thumbnailUrl":"https:\/\/www.bbmnoticias.com\/labravaradiofm\/wp-content\/uploads\/sites\/5\/2021\/11\/l22112021-7.jpg","articleSection":["LOCAL"],"inLanguage":"es"},{"@type":"WebPage","@id":"https:\/\/www.bbmnoticias.com\/labravaradiofm\/2021\/11\/22\/abriran-servicios-de-salud-de-oaxaca-300-plazas-en-diciembre\/","url":"https:\/\/www.bbmnoticias.com\/labravaradiofm\/2021\/11\/22\/abriran-servicios-de-salud-de-oaxaca-300-plazas-en-diciembre\/","name":"Abrir\u00e1n Servicios de Salud de Oaxaca 300 plazas en diciembre - LA BRAVA RADIO","isPartOf":{"@id":"https:\/\/www.bbmnoticias.com\/labravaradiofm\/#website"},"primaryImageOfPage":{"@id":"https:\/\/www.bbmnoticias.com\/labravaradiofm\/2021\/11\/22\/abriran-servicios-de-salud-de-oaxaca-300-plazas-en-diciembre\/#primaryimage"},"image":{"@id":"https:\/\/www.bbmnoticias.com\/labravaradiofm\/2021\/11\/22\/abriran-servicios-de-salud-de-oaxaca-300-plazas-en-diciembre\/#primaryimage"},"thumbnailUrl":"https:\/\/www.bbmnoticias.com\/labravaradiofm\/wp-content\/uploads\/sites\/5\/2021\/11\/l22112021-7.jpg","datePublished":"2021-11-22T20:19:32+00:00","dateModified":"2021-11-22T20:19:33+00:00","author":{"@id":"https:\/\/www.bbmnoticias.com\/labravaradiofm\/#\/schema\/person\/c316b6f6c03640cce5d9482ba5a8e5c2"},"breadcrumb":{"@id":"https:\/\/www.bbmnoticias.com\/labravaradiofm\/2021\/11\/22\/abriran-servicios-de-salud-de-oaxaca-300-plazas-en-diciembre\/#breadcrumb"},"inLanguage":"es","potentialAction":[{"@type":"ReadAction","target":["https:\/\/www.bbmnoticias.com\/labravaradiofm\/2021\/11\/22\/abriran-servicios-de-salud-de-oaxaca-300-plazas-en-diciembre\/"]}]},{"@type":"ImageObject","inLanguage":"es","@id":"https:\/\/www.bbmnoticias.com\/labravaradiofm\/2021\/11\/22\/abriran-servicios-de-salud-de-oaxaca-300-plazas-en-diciembre\/#primaryimage","url":"https:\/\/www.bbmnoticias.com\/labravaradiofm\/wp-content\/uploads\/sites\/5\/2021\/11\/l22112021-7.jpg","contentUrl":"https:\/\/www.bbmnoticias.com\/labravaradiofm\/wp-content\/uploads\/sites\/5\/2021\/11\/l22112021-7.jpg","width":1280,"height":854},{"@type":"BreadcrumbList","@id":"https:\/\/www.bbmnoticias.com\/labravaradiofm\/2021\/11\/22\/abriran-servicios-de-salud-de-oaxaca-300-plazas-en-diciembre\/#breadcrumb","itemListElement":[{"@type":"ListItem","position":1,"name":"Inicio","item":"https:\/\/www.bbmnoticias.com\/labravaradiofm\/"},{"@type":"ListItem","position":2,"name":"Abrir\u00e1n Servicios de Salud de Oaxaca 300 plazas en diciembre"}]},{"@type":"WebSite","@id":"https:\/\/www.bbmnoticias.com\/labravaradiofm\/#website","url":"https:\/\/www.bbmnoticias.com\/labravaradiofm\/","name":"LA BRAVA RADIO","description":"Empresa productora de medios, Radiodifusi\u00f3n, Noticias, tendencias y todo lo que necesitas saber de la pol\u00edtica mexicana e internacional; entretenimiento, espect\u00e1culos, salud y mucho m\u00e1s.","potentialAction":[{"@type":"SearchAction","target":{"@type":"EntryPoint","urlTemplate":"https:\/\/www.bbmnoticias.com\/labravaradiofm\/?s={search_term_string}"},"query-input":{"@type":"PropertyValueSpecification","valueRequired":true,"valueName":"search_term_string"}}],"inLanguage":"es"},{"@type":"Person","@id":"https:\/\/www.bbmnoticias.com\/labravaradiofm\/#\/schema\/person\/c316b6f6c03640cce5d9482ba5a8e5c2","name":"Quadratin","image":{"@type":"ImageObject","inLanguage":"es","@id":"https:\/\/secure.gravatar.com\/avatar\/34008d7d72488432d6a74f81e839efc9f754b118786ca32cf39d9d5508a68f63?s=96&d=mm&r=g","url":"https:\/\/secure.gravatar.com\/avatar\/34008d7d72488432d6a74f81e839efc9f754b118786ca32cf39d9d5508a68f63?s=96&d=mm&r=g","contentUrl":"https:\/\/secure.gravatar.com\/avatar\/34008d7d72488432d6a74f81e839efc9f754b118786ca32cf39d9d5508a68f63?s=96&d=mm&r=g","caption":"Quadratin"},"url":"https:\/\/www.bbmnoticias.com\/labravaradiofm\/author\/quadratin\/"}]}},"_links":{"self":[{"href":"https:\/\/www.bbmnoticias.com\/labravaradiofm\/wp-json\/wp\/v2\/posts\/5895","targetHints":{"allow":["GET"]}}],"collection":[{"href":"https:\/\/www.bbmnoticias.com\/labravaradiofm\/wp-json\/wp\/v2\/posts"}],"about":[{"href":"https:\/\/www.bbmnoticias.com\/labravaradiofm\/wp-json\/wp\/v2\/types\/post"}],"author":[{"embeddable":true,"href":"https:\/\/www.bbmnoticias.com\/labravaradiofm\/wp-json\/wp\/v2\/users\/5"}],"replies":[{"embeddable":true,"href":"https:\/\/www.bbmnoticias.com\/labravaradiofm\/wp-json\/wp\/v2\/comments?post=5895"}],"version-history":[{"count":0,"href":"https:\/\/www.bbmnoticias.com\/labravaradiofm\/wp-json\/wp\/v2\/posts\/5895\/revisions"}],"wp:featuredmedia":[{"embeddable":true,"href":"https:\/\/www.bbmnoticias.com\/labravaradiofm\/wp-json\/wp\/v2\/media\/5896"}],"wp:attachment":[{"href":"https:\/\/www.bbmnoticias.com\/labravaradiofm\/wp-json\/wp\/v2\/media?parent=5895"}],"wp:term":[{"taxonomy":"category","embeddable":true,"href":"https:\/\/www.bbmnoticias.com\/labravaradiofm\/wp-json\/wp\/v2\/categories?post=5895"},{"taxonomy":"post_tag","embeddable":true,"href":"https:\/\/www.bbmnoticias.com\/labravaradiofm\/wp-json\/wp\/v2\/tags?post=5895"}],"curies":[{"name":"wp","href":"https:\/\/api.w.org\/{rel}","templated":true}]}}