{"id":58943,"date":"2025-04-28T08:44:41","date_gmt":"2025-04-28T14:44:41","guid":{"rendered":"https:\/\/www.bbmnoticias.com\/labravaradiofm\/2025\/04\/28\/los-perfiles-de-los-posibles-papables\/"},"modified":"2025-04-28T08:44:46","modified_gmt":"2025-04-28T14:44:46","slug":"los-perfiles-de-los-posibles-papables","status":"publish","type":"post","link":"https:\/\/www.bbmnoticias.com\/labravaradiofm\/2025\/04\/28\/los-perfiles-de-los-posibles-papables\/","title":{"rendered":"Los perfiles de los posibles &#8220;papables&#8221;"},"content":{"rendered":"<div style=\"margin-top: 0px; margin-bottom: 0px;\" class=\"sharethis-inline-share-buttons\" ><\/div>\n<p>El c\u00f3nclave comenzar\u00e1 el pr\u00f3ximo 7 de mayo en la Capilla Sixtina, tras la decisi\u00f3n adoptada este lunes por los cardenales en la quinta congregaci\u00f3n general, confirm\u00f3 el portavoz vaticano, Matteo Bruni.<\/p>\n\n\n\n<p>La m\u00e1s de 180 cardenales presentes en la reuni\u00f3n, m\u00e1s de un centenar electores, decidieron la fecha tras un encuentro que dur\u00f3 en torna dos horas y en la que tras la oraci\u00f3n inicial prestaron juramento los purpurados que no lo hab\u00edan hecho.<\/p>\n\n\n\n<p><strong>Los perfiles de otros posibles \u201cpapables\u201d<\/strong><\/p>\n\n\n\n<p>Robert Sarah, prefecto em\u00e9rito de la Congregaci\u00f3n para el Culto Divino y la Disciplina de los Sacramentos.<\/p>\n\n\n\n<p>\u00c1ngel Fern\u00e1ndez Artime, pro-Prefecto del Dicasterio para los Institutos de Vida Consagrada y las Sociedades de Vida Apost\u00f3lica.<\/p>\n\n\n\n<p>Crist\u00f3bal L\u00f3pez Romero, arzobispo de Rabat.<\/p>\n\n\n\n<p>Juan Jos\u00e9 Omella, arzobispo de Barcelona.<\/p>\n\n\n\n<p>Jean-Claude Hollerich, arzobispo de Luxemburgo.<\/p>\n\n\n\n<p>Lazzaro You Heung-sik, prefecto del Dicasterio del Clero.<\/p>\n\n\n\n<p>Odilo Scherer, arzobispo de Sao Paolo.<\/p>\n\n\n\n<p>Claudio Gugerotti, prefecto del Dicasterio para las Iglesias Orientales.<\/p>\n\n\n\n<p>Blase Cupich, arzobispo de Chicago.<\/p>\n\n\n\n<p>Charles Bo, arzobispo de Rang\u00fan.<\/p>\n\n\n\n<p>Durante la congregaci\u00f3n han intervenido 20 cardenales, que han hablado de la Iglesia, su relaci\u00f3n con el mundo, adem\u00e1s de las caracter\u00edsticas que debe tener el nuevo papa ante esos retos, indic\u00f3 el portavoz.<\/p>\n\n\n\n<p>Entre los que se dirigieron al resto de purpurados figuran el alem\u00e1n Reinhard Marx, arzobispo de M\u00fanich y Freising; el filipino Luis Antonio Tagle, Pro-Prefecto del Dicasterio para la Evangelizaci\u00f3n, y el franc\u00e9s Dominique Mamberti, Prefecto del Supremo Tribunal de la Signatura Apost\u00f3lica.<\/p>\n\n\n\n<figure class=\"wp-block-image\" id=\"attachment_1708157\"><img decoding=\"async\" src=\"https:\/\/lopezdoriga.com\/wp-content\/uploads\/2025\/04\/78f27e0dedab4ceed1a056bee502c6ddd30695c7w-803x1024.jpg\" alt=\"Los perfiles de los posibles &quot;papables&quot; - 78f27e0dedab4ceed1a056bee502c6ddd30695c7w-803x1024\" title=\"\"\/><figcaption class=\"wp-element-caption\">Imagen de archivo del cardenal filipino Luis Antonio Tagle, cuyo nombre se baraja como uno de los favoritos para suceder como papa a Francisco. EFE\/ Maurizio Brambatti<\/figcaption><\/figure>\n\n\n\n<p>En la ma\u00f1ana del 7 de mayo los cardenales celebrar\u00e1 la misa \u201cPro eligiendo pont\u00edfice\u201d y por la tarde se ir\u00e1n a la Capilla Sixtina para proceder al juramento de los cardenales y comenzar la elecci\u00f3n.<\/p>\n\n\n\n<p>En la reuni\u00f3n se abord\u00f3 el tema, aunque no se tom\u00f3 ninguna decisi\u00f3n, de la posible participaci\u00f3n o no del cardenal Angelo Becciu, a quien Francisco quit\u00f3 los privilegios de purpurado por su implicaci\u00f3n en un esc\u00e1ndalo financiero porque el que ha sido condenado, pero \u00e9l insiste en que conserva las prerrogativas de entrar en el c\u00f3nclave.<\/p>\n\n\n\n<p>Con informaci\u00f3n de EFE.<\/p>\n","protected":false},"excerpt":{"rendered":"<p>El c\u00f3nclave comenzar\u00e1 el pr\u00f3ximo 7 de mayo en la Capilla Sixtina, tras la decisi\u00f3n adoptada este lunes por los cardenales en la quinta congregaci\u00f3n general, confirm\u00f3 el portavoz vaticano, Matteo Bruni. La m\u00e1s de 180 cardenales presentes en la reuni\u00f3n, m\u00e1s de un centenar electores, decidieron la fecha tras un encuentro que dur\u00f3 en [&hellip;]<\/p>\n","protected":false},"author":4,"featured_media":58945,"comment_status":"closed","ping_status":"","sticky":false,"template":"","format":"standard","meta":{"footnotes":""},"categories":[948,2],"tags":[],"class_list":{"0":"post-58943","1":"post","2":"type-post","3":"status-publish","4":"format-standard","5":"has-post-thumbnail","7":"category-internacional","8":"category-oaxaca"},"yoast_head":"<!-- This site is optimized with the Yoast SEO plugin v27.4 - https:\/\/yoast.com\/product\/yoast-seo-wordpress\/ -->\n<title>Los perfiles de los posibles &quot;papables&quot; - LA BRAVA RADIO<\/title>\n<meta name=\"robots\" content=\"index, follow, max-snippet:-1, max-image-preview:large, max-video-preview:-1\" \/>\n<link rel=\"canonical\" href=\"https:\/\/www.bbmnoticias.com\/blog\/2025\/04\/28\/los-perfiles-de-los-posibles-papables\/\" \/>\n<meta property=\"og:locale\" content=\"es_MX\" \/>\n<meta property=\"og:type\" content=\"article\" \/>\n<meta property=\"og:title\" content=\"Los perfiles de los posibles &quot;papables&quot; - LA BRAVA RADIO\" \/>\n<meta property=\"og:description\" content=\"El c\u00f3nclave comenzar\u00e1 el pr\u00f3ximo 7 de mayo en la Capilla Sixtina, tras la decisi\u00f3n adoptada este lunes por los cardenales en la quinta congregaci\u00f3n general, confirm\u00f3 el portavoz vaticano, Matteo Bruni. La m\u00e1s de 180 cardenales presentes en la reuni\u00f3n, m\u00e1s de un centenar electores, decidieron la fecha tras un encuentro que dur\u00f3 en [&hellip;]\" \/>\n<meta property=\"og:url\" content=\"https:\/\/www.bbmnoticias.com\/blog\/2025\/04\/28\/los-perfiles-de-los-posibles-papables\/\" \/>\n<meta property=\"og:site_name\" content=\"LA BRAVA RADIO\" \/>\n<meta property=\"article:published_time\" content=\"2025-04-28T14:44:41+00:00\" \/>\n<meta property=\"article:modified_time\" content=\"2025-04-28T14:44:46+00:00\" \/>\n<meta property=\"og:image\" content=\"https:\/\/www.bbmnoticias.com\/labravaradiofm\/wp-content\/uploads\/sites\/5\/2025\/04\/candidatos_papables.jpg\" \/>\n\t<meta property=\"og:image:width\" content=\"1536\" \/>\n\t<meta property=\"og:image:height\" content=\"1025\" \/>\n\t<meta property=\"og:image:type\" content=\"image\/jpeg\" \/>\n<meta name=\"author\" content=\"Agencias\" \/>\n<meta name=\"twitter:card\" content=\"summary_large_image\" \/>\n<meta name=\"twitter:label1\" content=\"Escrito por\" \/>\n\t<meta name=\"twitter:data1\" content=\"Agencias\" \/>\n\t<meta name=\"twitter:label2\" content=\"Tiempo de lectura\" \/>\n\t<meta name=\"twitter:data2\" content=\"2 minutos\" \/>\n<script type=\"application\/ld+json\" class=\"yoast-schema-graph\">{\"@context\":\"https:\\\/\\\/schema.org\",\"@graph\":[{\"@type\":\"Article\",\"@id\":\"https:\\\/\\\/www.bbmnoticias.com\\\/blog\\\/2025\\\/04\\\/28\\\/los-perfiles-de-los-posibles-papables\\\/#article\",\"isPartOf\":{\"@id\":\"https:\\\/\\\/www.bbmnoticias.com\\\/labravaradiofm\\\/2025\\\/04\\\/28\\\/los-perfiles-de-los-posibles-papables\\\/\"},\"author\":{\"name\":\"Agencias\",\"@id\":\"https:\\\/\\\/www.bbmnoticias.com\\\/labravaradiofm\\\/#\\\/schema\\\/person\\\/857a3daf5c8142f29919023f377fbfad\"},\"headline\":\"Los perfiles de los posibles &#8220;papables&#8221;\",\"datePublished\":\"2025-04-28T14:44:41+00:00\",\"dateModified\":\"2025-04-28T14:44:46+00:00\",\"mainEntityOfPage\":{\"@id\":\"https:\\\/\\\/www.bbmnoticias.com\\\/labravaradiofm\\\/2025\\\/04\\\/28\\\/los-perfiles-de-los-posibles-papables\\\/\"},\"wordCount\":405,\"image\":{\"@id\":\"https:\\\/\\\/www.bbmnoticias.com\\\/blog\\\/2025\\\/04\\\/28\\\/los-perfiles-de-los-posibles-papables\\\/#primaryimage\"},\"thumbnailUrl\":\"https:\\\/\\\/www.bbmnoticias.com\\\/labravaradiofm\\\/wp-content\\\/uploads\\\/sites\\\/5\\\/2025\\\/04\\\/candidatos_papables.jpg\",\"articleSection\":[\"INTERNACIONAL\",\"LOCAL\"],\"inLanguage\":\"es\"},{\"@type\":\"WebPage\",\"@id\":\"https:\\\/\\\/www.bbmnoticias.com\\\/labravaradiofm\\\/2025\\\/04\\\/28\\\/los-perfiles-de-los-posibles-papables\\\/\",\"url\":\"https:\\\/\\\/www.bbmnoticias.com\\\/blog\\\/2025\\\/04\\\/28\\\/los-perfiles-de-los-posibles-papables\\\/\",\"name\":\"Los perfiles de los posibles \\\"papables\\\" - LA BRAVA RADIO\",\"isPartOf\":{\"@id\":\"https:\\\/\\\/www.bbmnoticias.com\\\/labravaradiofm\\\/#website\"},\"primaryImageOfPage\":{\"@id\":\"https:\\\/\\\/www.bbmnoticias.com\\\/blog\\\/2025\\\/04\\\/28\\\/los-perfiles-de-los-posibles-papables\\\/#primaryimage\"},\"image\":{\"@id\":\"https:\\\/\\\/www.bbmnoticias.com\\\/blog\\\/2025\\\/04\\\/28\\\/los-perfiles-de-los-posibles-papables\\\/#primaryimage\"},\"thumbnailUrl\":\"https:\\\/\\\/www.bbmnoticias.com\\\/labravaradiofm\\\/wp-content\\\/uploads\\\/sites\\\/5\\\/2025\\\/04\\\/candidatos_papables.jpg\",\"datePublished\":\"2025-04-28T14:44:41+00:00\",\"dateModified\":\"2025-04-28T14:44:46+00:00\",\"author\":{\"@id\":\"https:\\\/\\\/www.bbmnoticias.com\\\/labravaradiofm\\\/#\\\/schema\\\/person\\\/857a3daf5c8142f29919023f377fbfad\"},\"breadcrumb\":{\"@id\":\"https:\\\/\\\/www.bbmnoticias.com\\\/blog\\\/2025\\\/04\\\/28\\\/los-perfiles-de-los-posibles-papables\\\/#breadcrumb\"},\"inLanguage\":\"es\",\"potentialAction\":[{\"@type\":\"ReadAction\",\"target\":[\"https:\\\/\\\/www.bbmnoticias.com\\\/blog\\\/2025\\\/04\\\/28\\\/los-perfiles-de-los-posibles-papables\\\/\"]}]},{\"@type\":\"ImageObject\",\"inLanguage\":\"es\",\"@id\":\"https:\\\/\\\/www.bbmnoticias.com\\\/blog\\\/2025\\\/04\\\/28\\\/los-perfiles-de-los-posibles-papables\\\/#primaryimage\",\"url\":\"https:\\\/\\\/www.bbmnoticias.com\\\/labravaradiofm\\\/wp-content\\\/uploads\\\/sites\\\/5\\\/2025\\\/04\\\/candidatos_papables.jpg\",\"contentUrl\":\"https:\\\/\\\/www.bbmnoticias.com\\\/labravaradiofm\\\/wp-content\\\/uploads\\\/sites\\\/5\\\/2025\\\/04\\\/candidatos_papables.jpg\",\"width\":1536,\"height\":1025},{\"@type\":\"BreadcrumbList\",\"@id\":\"https:\\\/\\\/www.bbmnoticias.com\\\/blog\\\/2025\\\/04\\\/28\\\/los-perfiles-de-los-posibles-papables\\\/#breadcrumb\",\"itemListElement\":[{\"@type\":\"ListItem\",\"position\":1,\"name\":\"Inicio\",\"item\":\"https:\\\/\\\/www.bbmnoticias.com\\\/labravaradiofm\\\/\"},{\"@type\":\"ListItem\",\"position\":2,\"name\":\"Los perfiles de los posibles &#8220;papables&#8221;\"}]},{\"@type\":\"WebSite\",\"@id\":\"https:\\\/\\\/www.bbmnoticias.com\\\/labravaradiofm\\\/#website\",\"url\":\"https:\\\/\\\/www.bbmnoticias.com\\\/labravaradiofm\\\/\",\"name\":\"LA BRAVA RADIO\",\"description\":\"Empresa productora de medios, Radiodifusi\u00f3n, Noticias, tendencias y todo lo que necesitas saber de la pol\u00edtica mexicana e internacional; entretenimiento, espect\u00e1culos, salud y mucho m\u00e1s.\",\"potentialAction\":[{\"@type\":\"SearchAction\",\"target\":{\"@type\":\"EntryPoint\",\"urlTemplate\":\"https:\\\/\\\/www.bbmnoticias.com\\\/labravaradiofm\\\/?s={search_term_string}\"},\"query-input\":{\"@type\":\"PropertyValueSpecification\",\"valueRequired\":true,\"valueName\":\"search_term_string\"}}],\"inLanguage\":\"es\"},{\"@type\":\"Person\",\"@id\":\"https:\\\/\\\/www.bbmnoticias.com\\\/labravaradiofm\\\/#\\\/schema\\\/person\\\/857a3daf5c8142f29919023f377fbfad\",\"name\":\"Agencias\",\"image\":{\"@type\":\"ImageObject\",\"inLanguage\":\"es\",\"@id\":\"https:\\\/\\\/secure.gravatar.com\\\/avatar\\\/739e0b61adf9e398b425c36718c8752286da0e8cd90f20ce9a86678abc26aa0d?s=96&d=mm&r=g\",\"url\":\"https:\\\/\\\/secure.gravatar.com\\\/avatar\\\/739e0b61adf9e398b425c36718c8752286da0e8cd90f20ce9a86678abc26aa0d?s=96&d=mm&r=g\",\"contentUrl\":\"https:\\\/\\\/secure.gravatar.com\\\/avatar\\\/739e0b61adf9e398b425c36718c8752286da0e8cd90f20ce9a86678abc26aa0d?s=96&d=mm&r=g\",\"caption\":\"Agencias\"},\"url\":\"https:\\\/\\\/www.bbmnoticias.com\\\/labravaradiofm\\\/author\\\/agencias\\\/\"}]}<\/script>\n<!-- \/ Yoast SEO plugin. -->","yoast_head_json":{"title":"Los perfiles de los posibles \"papables\" - LA BRAVA RADIO","robots":{"index":"index","follow":"follow","max-snippet":"max-snippet:-1","max-image-preview":"max-image-preview:large","max-video-preview":"max-video-preview:-1"},"canonical":"https:\/\/www.bbmnoticias.com\/blog\/2025\/04\/28\/los-perfiles-de-los-posibles-papables\/","og_locale":"es_MX","og_type":"article","og_title":"Los perfiles de los posibles \"papables\" - LA BRAVA RADIO","og_description":"El c\u00f3nclave comenzar\u00e1 el pr\u00f3ximo 7 de mayo en la Capilla Sixtina, tras la decisi\u00f3n adoptada este lunes por los cardenales en la quinta congregaci\u00f3n general, confirm\u00f3 el portavoz vaticano, Matteo Bruni. La m\u00e1s de 180 cardenales presentes en la reuni\u00f3n, m\u00e1s de un centenar electores, decidieron la fecha tras un encuentro que dur\u00f3 en [&hellip;]","og_url":"https:\/\/www.bbmnoticias.com\/blog\/2025\/04\/28\/los-perfiles-de-los-posibles-papables\/","og_site_name":"LA BRAVA RADIO","article_published_time":"2025-04-28T14:44:41+00:00","article_modified_time":"2025-04-28T14:44:46+00:00","og_image":[{"width":1536,"height":1025,"url":"https:\/\/www.bbmnoticias.com\/labravaradiofm\/wp-content\/uploads\/sites\/5\/2025\/04\/candidatos_papables.jpg","type":"image\/jpeg"}],"author":"Agencias","twitter_card":"summary_large_image","twitter_misc":{"Escrito por":"Agencias","Tiempo de lectura":"2 minutos"},"schema":{"@context":"https:\/\/schema.org","@graph":[{"@type":"Article","@id":"https:\/\/www.bbmnoticias.com\/blog\/2025\/04\/28\/los-perfiles-de-los-posibles-papables\/#article","isPartOf":{"@id":"https:\/\/www.bbmnoticias.com\/labravaradiofm\/2025\/04\/28\/los-perfiles-de-los-posibles-papables\/"},"author":{"name":"Agencias","@id":"https:\/\/www.bbmnoticias.com\/labravaradiofm\/#\/schema\/person\/857a3daf5c8142f29919023f377fbfad"},"headline":"Los perfiles de los posibles &#8220;papables&#8221;","datePublished":"2025-04-28T14:44:41+00:00","dateModified":"2025-04-28T14:44:46+00:00","mainEntityOfPage":{"@id":"https:\/\/www.bbmnoticias.com\/labravaradiofm\/2025\/04\/28\/los-perfiles-de-los-posibles-papables\/"},"wordCount":405,"image":{"@id":"https:\/\/www.bbmnoticias.com\/blog\/2025\/04\/28\/los-perfiles-de-los-posibles-papables\/#primaryimage"},"thumbnailUrl":"https:\/\/www.bbmnoticias.com\/labravaradiofm\/wp-content\/uploads\/sites\/5\/2025\/04\/candidatos_papables.jpg","articleSection":["INTERNACIONAL","LOCAL"],"inLanguage":"es"},{"@type":"WebPage","@id":"https:\/\/www.bbmnoticias.com\/labravaradiofm\/2025\/04\/28\/los-perfiles-de-los-posibles-papables\/","url":"https:\/\/www.bbmnoticias.com\/blog\/2025\/04\/28\/los-perfiles-de-los-posibles-papables\/","name":"Los perfiles de los posibles \"papables\" - LA BRAVA RADIO","isPartOf":{"@id":"https:\/\/www.bbmnoticias.com\/labravaradiofm\/#website"},"primaryImageOfPage":{"@id":"https:\/\/www.bbmnoticias.com\/blog\/2025\/04\/28\/los-perfiles-de-los-posibles-papables\/#primaryimage"},"image":{"@id":"https:\/\/www.bbmnoticias.com\/blog\/2025\/04\/28\/los-perfiles-de-los-posibles-papables\/#primaryimage"},"thumbnailUrl":"https:\/\/www.bbmnoticias.com\/labravaradiofm\/wp-content\/uploads\/sites\/5\/2025\/04\/candidatos_papables.jpg","datePublished":"2025-04-28T14:44:41+00:00","dateModified":"2025-04-28T14:44:46+00:00","author":{"@id":"https:\/\/www.bbmnoticias.com\/labravaradiofm\/#\/schema\/person\/857a3daf5c8142f29919023f377fbfad"},"breadcrumb":{"@id":"https:\/\/www.bbmnoticias.com\/blog\/2025\/04\/28\/los-perfiles-de-los-posibles-papables\/#breadcrumb"},"inLanguage":"es","potentialAction":[{"@type":"ReadAction","target":["https:\/\/www.bbmnoticias.com\/blog\/2025\/04\/28\/los-perfiles-de-los-posibles-papables\/"]}]},{"@type":"ImageObject","inLanguage":"es","@id":"https:\/\/www.bbmnoticias.com\/blog\/2025\/04\/28\/los-perfiles-de-los-posibles-papables\/#primaryimage","url":"https:\/\/www.bbmnoticias.com\/labravaradiofm\/wp-content\/uploads\/sites\/5\/2025\/04\/candidatos_papables.jpg","contentUrl":"https:\/\/www.bbmnoticias.com\/labravaradiofm\/wp-content\/uploads\/sites\/5\/2025\/04\/candidatos_papables.jpg","width":1536,"height":1025},{"@type":"BreadcrumbList","@id":"https:\/\/www.bbmnoticias.com\/blog\/2025\/04\/28\/los-perfiles-de-los-posibles-papables\/#breadcrumb","itemListElement":[{"@type":"ListItem","position":1,"name":"Inicio","item":"https:\/\/www.bbmnoticias.com\/labravaradiofm\/"},{"@type":"ListItem","position":2,"name":"Los perfiles de los posibles &#8220;papables&#8221;"}]},{"@type":"WebSite","@id":"https:\/\/www.bbmnoticias.com\/labravaradiofm\/#website","url":"https:\/\/www.bbmnoticias.com\/labravaradiofm\/","name":"LA BRAVA RADIO","description":"Empresa productora de medios, Radiodifusi\u00f3n, Noticias, tendencias y todo lo que necesitas saber de la pol\u00edtica mexicana e internacional; entretenimiento, espect\u00e1culos, salud y mucho m\u00e1s.","potentialAction":[{"@type":"SearchAction","target":{"@type":"EntryPoint","urlTemplate":"https:\/\/www.bbmnoticias.com\/labravaradiofm\/?s={search_term_string}"},"query-input":{"@type":"PropertyValueSpecification","valueRequired":true,"valueName":"search_term_string"}}],"inLanguage":"es"},{"@type":"Person","@id":"https:\/\/www.bbmnoticias.com\/labravaradiofm\/#\/schema\/person\/857a3daf5c8142f29919023f377fbfad","name":"Agencias","image":{"@type":"ImageObject","inLanguage":"es","@id":"https:\/\/secure.gravatar.com\/avatar\/739e0b61adf9e398b425c36718c8752286da0e8cd90f20ce9a86678abc26aa0d?s=96&d=mm&r=g","url":"https:\/\/secure.gravatar.com\/avatar\/739e0b61adf9e398b425c36718c8752286da0e8cd90f20ce9a86678abc26aa0d?s=96&d=mm&r=g","contentUrl":"https:\/\/secure.gravatar.com\/avatar\/739e0b61adf9e398b425c36718c8752286da0e8cd90f20ce9a86678abc26aa0d?s=96&d=mm&r=g","caption":"Agencias"},"url":"https:\/\/www.bbmnoticias.com\/labravaradiofm\/author\/agencias\/"}]}},"_links":{"self":[{"href":"https:\/\/www.bbmnoticias.com\/labravaradiofm\/wp-json\/wp\/v2\/posts\/58943","targetHints":{"allow":["GET"]}}],"collection":[{"href":"https:\/\/www.bbmnoticias.com\/labravaradiofm\/wp-json\/wp\/v2\/posts"}],"about":[{"href":"https:\/\/www.bbmnoticias.com\/labravaradiofm\/wp-json\/wp\/v2\/types\/post"}],"author":[{"embeddable":true,"href":"https:\/\/www.bbmnoticias.com\/labravaradiofm\/wp-json\/wp\/v2\/users\/4"}],"replies":[{"embeddable":true,"href":"https:\/\/www.bbmnoticias.com\/labravaradiofm\/wp-json\/wp\/v2\/comments?post=58943"}],"version-history":[{"count":0,"href":"https:\/\/www.bbmnoticias.com\/labravaradiofm\/wp-json\/wp\/v2\/posts\/58943\/revisions"}],"wp:featuredmedia":[{"embeddable":true,"href":"https:\/\/www.bbmnoticias.com\/labravaradiofm\/wp-json\/wp\/v2\/media\/58945"}],"wp:attachment":[{"href":"https:\/\/www.bbmnoticias.com\/labravaradiofm\/wp-json\/wp\/v2\/media?parent=58943"}],"wp:term":[{"taxonomy":"category","embeddable":true,"href":"https:\/\/www.bbmnoticias.com\/labravaradiofm\/wp-json\/wp\/v2\/categories?post=58943"},{"taxonomy":"post_tag","embeddable":true,"href":"https:\/\/www.bbmnoticias.com\/labravaradiofm\/wp-json\/wp\/v2\/tags?post=58943"}],"curies":[{"name":"wp","href":"https:\/\/api.w.org\/{rel}","templated":true}]}}