{"id":58940,"date":"2025-04-28T08:31:42","date_gmt":"2025-04-28T14:31:42","guid":{"rendered":"https:\/\/www.bbmnoticias.com\/labravaradiofm\/2025\/04\/28\/madre-de-nino-asesinado-en-un-campamento-escolar-lo-patearon-y-arrastraron-por-10-minutos\/"},"modified":"2025-04-28T08:31:46","modified_gmt":"2025-04-28T14:31:46","slug":"madre-de-nino-asesinado-en-un-campamento-escolar-lo-patearon-y-arrastraron-por-10-minutos","status":"publish","type":"post","link":"https:\/\/www.bbmnoticias.com\/labravaradiofm\/2025\/04\/28\/madre-de-nino-asesinado-en-un-campamento-escolar-lo-patearon-y-arrastraron-por-10-minutos\/","title":{"rendered":"Madre de ni\u00f1o asesinado en un campamento escolar: &#8220;lo patearon y arrastraron por 10 minutos&#8221;"},"content":{"rendered":"<div style=\"margin-top: 0px; margin-bottom: 0px;\" class=\"sharethis-inline-share-buttons\" ><\/div>\n<p>Familiares&nbsp;de <strong>Erick<\/strong>, un peque\u00f1o de tan solo 13 a\u00f1os de edad, ha denunciado a la <strong>Academia Militarizada Ollin Cuauht\u00e9moc<\/strong> por presuntamente haber ocasionado la <strong>muerte<\/strong> del ni\u00f1o. De acuerdo con las denuncias de&nbsp;\u00c9rika Torbellin, madre de la v\u00edctima, su hijo habr\u00eda sido golpeado por sus instructores durante un <strong>campamento en Morelos<\/strong>, lo que habr\u00eda derivado en graves consecuencias para su salud, mismas que le costaron la vida.&nbsp;<\/p>\n\n\n\n<p>La madre del ni\u00f1o explic\u00f3 que las autoridades&nbsp;de la escuela le informaron que su hijo se hab\u00eda desmayado y hab\u00eda sido llevado a un hospital local. No obstante,&nbsp;\u00c9rika revel\u00f3 que el <strong>cad\u00e1ver<\/strong> del menor presentaba <strong>lesiones<\/strong> que no estaban relacionadas con el reporte de la escuela, puesto que el cuerpo ten\u00eda varios \u00f3rganos y <strong>viceras &#8220;reventadas&#8221;.<\/strong> La mujer agreg\u00f3 que por este mismo motivo ha decidido emprender acciones contra la escuela, la cual&nbsp;no est\u00e1 vinculada con la Secretaria de la Defensa Nacional (Sedena).<\/p>\n\n\n\n<p>\u00c9rika Torbellin asegur\u00f3 que, tras la muerte de su hijo, otros alumnos de la escuela alzaron la voz y denunciaron los abusos que aparentemente habr\u00edan vivido dentro de la&nbsp;<strong>Academia Militarizada Ollin Cuauht\u00e9moc<\/strong>: &#8220;nada que ver con que fueran y<strong> los pateaban<\/strong> y&nbsp;ya los quisieran casi matar. Al m\u00edo me lo mataron, gracias a Dios ellos todos los dem\u00e1s est\u00e1n bien&#8221;, dijo la madre de familia al ser cuestionada por medios locales.<\/p>\n\n\n\n<h2 class=\"wp-block-heading\">As\u00ed fue como \u00c9rika se enter\u00f3 de la muerte de su hijo<\/h2>\n\n\n\n<p>De igual manera, \u00c9rika relat\u00f3 lo que hasta ahora sabe sobre la muerte de su hijo, con base en el testimonio de otros peque\u00f1os que presenciaron la agresi\u00f3n: &#8220;el sargento Mariano estaba d\u00e1ndole de <strong>patadas<\/strong> a mi hijo y la capitana Mariana <strong>arrastr\u00f3 a mi hijo<\/strong> durante <strong>10 minutos<\/strong>. (Erick) le dijo que se sent\u00eda mal y no le hicieron caso&#8221;, detall\u00f3 la madre de familia. A\u00f1adi\u00f3 que cuando ella lleg\u00f3 a la instituci\u00f3n, las autoridades escolares ya sab\u00edan que su hijo hab\u00eda <strong>fallecido<\/strong> y no le hab\u00edan avisado.&nbsp;<\/p>\n\n\n\n<p>&#8220;El capit\u00e1n quiso decir que se hab\u00eda muerto porque ten\u00eda asma y le dio un golpe de calor&#8221;, subray\u00f3 la mujer. Sin embargo, aleg\u00f3 que la necropsia realizada a su hijo demostr\u00f3 que el menor muri\u00f3 como consecuencia de un <strong>estallamiento de viceras<\/strong>, lo que sugiere otras posibles <strong>causas de muerte<\/strong>: &#8220;est\u00e1 demostrando que hubo algo m\u00e1s. Hay muchos ni\u00f1os <strong>golpeados<\/strong> y mi hijo se llev\u00f3 la peor parte&#8221;, sentenci\u00f3 la madre de familia, quien ahora busca justicia para el peque\u00f1o Erick.&nbsp;<\/p>\n\n\n\n<h2 class=\"wp-block-heading\">Academia Militarizada se pronuncia en redes<\/h2>\n\n\n\n<figure class=\"wp-block-image is-resized\"><img decoding=\"async\" src=\"https:\/\/heraldodemexico.com.mx\/u\/fotografias\/m\/2025\/4\/28\/f768x1-1118838_1118965_5050.jpeg\" alt=\"\" style=\"width:1068px;height:auto\"\/><figcaption class=\"wp-element-caption\">La escuela se pronunci\u00f3 en redes sociales. Foto: Facebook \/&nbsp;Academia Militarizada&nbsp;Ollin Cuauht\u00e9moc<\/figcaption><\/figure>\n\n\n\n<p>Tras los hechos, la&nbsp;<strong>Academia Militarizada&nbsp;Ollin Cuauht\u00e9moc<\/strong> utiliz\u00f3 sus redes sociales para pronunciarse sobre el deceso del menor, quien perdi\u00f3 la vida en un campamento realizado en el estado de Morelos. &#8220;Lamentamos informar del sensible <strong>fallecimiento<\/strong> de nuestro cadete E. L. Torbell\u00edn P. el d\u00eda de ayer en el estado de Morelos, luego de que se le prestaran los primeros auxilios y la atenci\u00f3n m\u00e9dica pertinente. Nos encontramos muy consternados por este hecho, por lo que en todo momento hemos acompa\u00f1ado a la familia, brindando el apoyo requerido en todos los sentidos y as\u00ed lo seguiremos haciendo&#8221;, se lee en el texto.&nbsp;<\/p>\n\n\n\n<p>La escuela precis\u00f3 que, por ahora, no se pueden dar detalles sobre la <strong>causa de muerte<\/strong>, pero que seguir\u00e1n informando del caso conforme avancen las indagatorias:&nbsp;<\/p>\n\n\n\n<figure class=\"wp-block-pullquote\"><blockquote><p>&#8220;En estos momentos no podemos dar detalles de las causas de este muy triste hecho, ya que la investigaci\u00f3n sigue en curso. Sin embargo, estaremos informando en cuanto contemos con informaci\u00f3n certera y, por supuesto, si contamos con el consentimiento de la familia. Hacemos un atento llamado a no difundir informaci\u00f3n falsa o no verificada que pudiera entorpecer el proceso de investigaci\u00f3n.\u00a0Reiteramos nuestro compromiso para con la familia de nuestro muy querido cadete, as\u00ed como nuestra entera colaboraci\u00f3n con las autoridades pertinentes&#8221;, agrega el texto.\u00a0<\/p><\/blockquote><\/figure>\n","protected":false},"excerpt":{"rendered":"<p>Familiares&nbsp;de Erick, un peque\u00f1o de tan solo 13 a\u00f1os de edad, ha denunciado a la Academia Militarizada Ollin Cuauht\u00e9moc por presuntamente haber ocasionado la muerte del ni\u00f1o. De acuerdo con las denuncias de&nbsp;\u00c9rika Torbellin, madre de la v\u00edctima, su hijo habr\u00eda sido golpeado por sus instructores durante un campamento en Morelos, lo que habr\u00eda derivado [&hellip;]<\/p>\n","protected":false},"author":15,"featured_media":58942,"comment_status":"closed","ping_status":"","sticky":false,"template":"","format":"standard","meta":{"footnotes":""},"categories":[2,19],"tags":[],"class_list":{"0":"post-58940","1":"post","2":"type-post","3":"status-publish","4":"format-standard","5":"has-post-thumbnail","7":"category-oaxaca","8":"category-nacional"},"yoast_head":"<!-- This site is optimized with the Yoast SEO plugin v27.4 - https:\/\/yoast.com\/product\/yoast-seo-wordpress\/ -->\n<title>Madre de ni\u00f1o asesinado en un campamento escolar: &quot;lo patearon y arrastraron por 10 minutos&quot; - LA BRAVA RADIO<\/title>\n<meta name=\"robots\" content=\"index, follow, max-snippet:-1, max-image-preview:large, max-video-preview:-1\" \/>\n<link rel=\"canonical\" href=\"https:\/\/www.bbmnoticias.com\/blog\/2025\/04\/28\/madre-de-nino-asesinado-en-un-campamento-escolar-lo-patearon-y-arrastraron-por-10-minutos\/\" \/>\n<meta property=\"og:locale\" content=\"es_MX\" \/>\n<meta property=\"og:type\" content=\"article\" \/>\n<meta property=\"og:title\" content=\"Madre de ni\u00f1o asesinado en un campamento escolar: &quot;lo patearon y arrastraron por 10 minutos&quot; - LA BRAVA RADIO\" \/>\n<meta property=\"og:description\" content=\"Familiares&nbsp;de Erick, un peque\u00f1o de tan solo 13 a\u00f1os de edad, ha denunciado a la Academia Militarizada Ollin Cuauht\u00e9moc por presuntamente haber ocasionado la muerte del ni\u00f1o. De acuerdo con las denuncias de&nbsp;\u00c9rika Torbellin, madre de la v\u00edctima, su hijo habr\u00eda sido golpeado por sus instructores durante un campamento en Morelos, lo que habr\u00eda derivado [&hellip;]\" \/>\n<meta property=\"og:url\" content=\"https:\/\/www.bbmnoticias.com\/blog\/2025\/04\/28\/madre-de-nino-asesinado-en-un-campamento-escolar-lo-patearon-y-arrastraron-por-10-minutos\/\" \/>\n<meta property=\"og:site_name\" content=\"LA BRAVA RADIO\" \/>\n<meta property=\"article:published_time\" content=\"2025-04-28T14:31:42+00:00\" \/>\n<meta property=\"article:modified_time\" content=\"2025-04-28T14:31:46+00:00\" \/>\n<meta property=\"og:image\" content=\"https:\/\/www.bbmnoticias.com\/labravaradiofm\/wp-content\/uploads\/sites\/5\/2025\/04\/madre_infante_asesinado.jpg\" \/>\n\t<meta property=\"og:image:width\" content=\"848\" \/>\n\t<meta property=\"og:image:height\" content=\"477\" \/>\n\t<meta property=\"og:image:type\" content=\"image\/jpeg\" \/>\n<meta name=\"author\" content=\"El Heraldo\" \/>\n<meta name=\"twitter:card\" content=\"summary_large_image\" \/>\n<meta name=\"twitter:label1\" content=\"Escrito por\" \/>\n\t<meta name=\"twitter:data1\" content=\"El Heraldo\" \/>\n\t<meta name=\"twitter:label2\" content=\"Tiempo de lectura\" \/>\n\t<meta name=\"twitter:data2\" content=\"4 minutos\" \/>\n<script type=\"application\/ld+json\" class=\"yoast-schema-graph\">{\"@context\":\"https:\\\/\\\/schema.org\",\"@graph\":[{\"@type\":\"Article\",\"@id\":\"https:\\\/\\\/www.bbmnoticias.com\\\/blog\\\/2025\\\/04\\\/28\\\/madre-de-nino-asesinado-en-un-campamento-escolar-lo-patearon-y-arrastraron-por-10-minutos\\\/#article\",\"isPartOf\":{\"@id\":\"https:\\\/\\\/www.bbmnoticias.com\\\/labravaradiofm\\\/2025\\\/04\\\/28\\\/madre-de-nino-asesinado-en-un-campamento-escolar-lo-patearon-y-arrastraron-por-10-minutos\\\/\"},\"author\":{\"name\":\"El Heraldo\",\"@id\":\"https:\\\/\\\/www.bbmnoticias.com\\\/labravaradiofm\\\/#\\\/schema\\\/person\\\/1d485366d29083d2d818c24013f8cbc0\"},\"headline\":\"Madre de ni\u00f1o asesinado en un campamento escolar: &#8220;lo patearon y arrastraron por 10 minutos&#8221;\",\"datePublished\":\"2025-04-28T14:31:42+00:00\",\"dateModified\":\"2025-04-28T14:31:46+00:00\",\"mainEntityOfPage\":{\"@id\":\"https:\\\/\\\/www.bbmnoticias.com\\\/labravaradiofm\\\/2025\\\/04\\\/28\\\/madre-de-nino-asesinado-en-un-campamento-escolar-lo-patearon-y-arrastraron-por-10-minutos\\\/\"},\"wordCount\":719,\"image\":{\"@id\":\"https:\\\/\\\/www.bbmnoticias.com\\\/blog\\\/2025\\\/04\\\/28\\\/madre-de-nino-asesinado-en-un-campamento-escolar-lo-patearon-y-arrastraron-por-10-minutos\\\/#primaryimage\"},\"thumbnailUrl\":\"https:\\\/\\\/www.bbmnoticias.com\\\/labravaradiofm\\\/wp-content\\\/uploads\\\/sites\\\/5\\\/2025\\\/04\\\/madre_infante_asesinado.jpg\",\"articleSection\":[\"LOCAL\",\"NACIONAL\"],\"inLanguage\":\"es\"},{\"@type\":\"WebPage\",\"@id\":\"https:\\\/\\\/www.bbmnoticias.com\\\/labravaradiofm\\\/2025\\\/04\\\/28\\\/madre-de-nino-asesinado-en-un-campamento-escolar-lo-patearon-y-arrastraron-por-10-minutos\\\/\",\"url\":\"https:\\\/\\\/www.bbmnoticias.com\\\/blog\\\/2025\\\/04\\\/28\\\/madre-de-nino-asesinado-en-un-campamento-escolar-lo-patearon-y-arrastraron-por-10-minutos\\\/\",\"name\":\"Madre de ni\u00f1o asesinado en un campamento escolar: \\\"lo patearon y arrastraron por 10 minutos\\\" - LA BRAVA RADIO\",\"isPartOf\":{\"@id\":\"https:\\\/\\\/www.bbmnoticias.com\\\/labravaradiofm\\\/#website\"},\"primaryImageOfPage\":{\"@id\":\"https:\\\/\\\/www.bbmnoticias.com\\\/blog\\\/2025\\\/04\\\/28\\\/madre-de-nino-asesinado-en-un-campamento-escolar-lo-patearon-y-arrastraron-por-10-minutos\\\/#primaryimage\"},\"image\":{\"@id\":\"https:\\\/\\\/www.bbmnoticias.com\\\/blog\\\/2025\\\/04\\\/28\\\/madre-de-nino-asesinado-en-un-campamento-escolar-lo-patearon-y-arrastraron-por-10-minutos\\\/#primaryimage\"},\"thumbnailUrl\":\"https:\\\/\\\/www.bbmnoticias.com\\\/labravaradiofm\\\/wp-content\\\/uploads\\\/sites\\\/5\\\/2025\\\/04\\\/madre_infante_asesinado.jpg\",\"datePublished\":\"2025-04-28T14:31:42+00:00\",\"dateModified\":\"2025-04-28T14:31:46+00:00\",\"author\":{\"@id\":\"https:\\\/\\\/www.bbmnoticias.com\\\/labravaradiofm\\\/#\\\/schema\\\/person\\\/1d485366d29083d2d818c24013f8cbc0\"},\"breadcrumb\":{\"@id\":\"https:\\\/\\\/www.bbmnoticias.com\\\/blog\\\/2025\\\/04\\\/28\\\/madre-de-nino-asesinado-en-un-campamento-escolar-lo-patearon-y-arrastraron-por-10-minutos\\\/#breadcrumb\"},\"inLanguage\":\"es\",\"potentialAction\":[{\"@type\":\"ReadAction\",\"target\":[\"https:\\\/\\\/www.bbmnoticias.com\\\/blog\\\/2025\\\/04\\\/28\\\/madre-de-nino-asesinado-en-un-campamento-escolar-lo-patearon-y-arrastraron-por-10-minutos\\\/\"]}]},{\"@type\":\"ImageObject\",\"inLanguage\":\"es\",\"@id\":\"https:\\\/\\\/www.bbmnoticias.com\\\/blog\\\/2025\\\/04\\\/28\\\/madre-de-nino-asesinado-en-un-campamento-escolar-lo-patearon-y-arrastraron-por-10-minutos\\\/#primaryimage\",\"url\":\"https:\\\/\\\/www.bbmnoticias.com\\\/labravaradiofm\\\/wp-content\\\/uploads\\\/sites\\\/5\\\/2025\\\/04\\\/madre_infante_asesinado.jpg\",\"contentUrl\":\"https:\\\/\\\/www.bbmnoticias.com\\\/labravaradiofm\\\/wp-content\\\/uploads\\\/sites\\\/5\\\/2025\\\/04\\\/madre_infante_asesinado.jpg\",\"width\":848,\"height\":477},{\"@type\":\"BreadcrumbList\",\"@id\":\"https:\\\/\\\/www.bbmnoticias.com\\\/blog\\\/2025\\\/04\\\/28\\\/madre-de-nino-asesinado-en-un-campamento-escolar-lo-patearon-y-arrastraron-por-10-minutos\\\/#breadcrumb\",\"itemListElement\":[{\"@type\":\"ListItem\",\"position\":1,\"name\":\"Inicio\",\"item\":\"https:\\\/\\\/www.bbmnoticias.com\\\/labravaradiofm\\\/\"},{\"@type\":\"ListItem\",\"position\":2,\"name\":\"Madre de ni\u00f1o asesinado en un campamento escolar: &#8220;lo patearon y arrastraron por 10 minutos&#8221;\"}]},{\"@type\":\"WebSite\",\"@id\":\"https:\\\/\\\/www.bbmnoticias.com\\\/labravaradiofm\\\/#website\",\"url\":\"https:\\\/\\\/www.bbmnoticias.com\\\/labravaradiofm\\\/\",\"name\":\"LA BRAVA RADIO\",\"description\":\"Empresa productora de medios, Radiodifusi\u00f3n, Noticias, tendencias y todo lo que necesitas saber de la pol\u00edtica mexicana e internacional; entretenimiento, espect\u00e1culos, salud y mucho m\u00e1s.\",\"potentialAction\":[{\"@type\":\"SearchAction\",\"target\":{\"@type\":\"EntryPoint\",\"urlTemplate\":\"https:\\\/\\\/www.bbmnoticias.com\\\/labravaradiofm\\\/?s={search_term_string}\"},\"query-input\":{\"@type\":\"PropertyValueSpecification\",\"valueRequired\":true,\"valueName\":\"search_term_string\"}}],\"inLanguage\":\"es\"},{\"@type\":\"Person\",\"@id\":\"https:\\\/\\\/www.bbmnoticias.com\\\/labravaradiofm\\\/#\\\/schema\\\/person\\\/1d485366d29083d2d818c24013f8cbc0\",\"name\":\"El Heraldo\",\"image\":{\"@type\":\"ImageObject\",\"inLanguage\":\"es\",\"@id\":\"https:\\\/\\\/secure.gravatar.com\\\/avatar\\\/463017be041288b5a196814ef7242bd62699b857f306e4b5b61b533e8a87f404?s=96&d=mm&r=g\",\"url\":\"https:\\\/\\\/secure.gravatar.com\\\/avatar\\\/463017be041288b5a196814ef7242bd62699b857f306e4b5b61b533e8a87f404?s=96&d=mm&r=g\",\"contentUrl\":\"https:\\\/\\\/secure.gravatar.com\\\/avatar\\\/463017be041288b5a196814ef7242bd62699b857f306e4b5b61b533e8a87f404?s=96&d=mm&r=g\",\"caption\":\"El Heraldo\"},\"url\":\"https:\\\/\\\/www.bbmnoticias.com\\\/labravaradiofm\\\/author\\\/heraldo\\\/\"}]}<\/script>\n<!-- \/ Yoast SEO plugin. -->","yoast_head_json":{"title":"Madre de ni\u00f1o asesinado en un campamento escolar: \"lo patearon y arrastraron por 10 minutos\" - LA BRAVA RADIO","robots":{"index":"index","follow":"follow","max-snippet":"max-snippet:-1","max-image-preview":"max-image-preview:large","max-video-preview":"max-video-preview:-1"},"canonical":"https:\/\/www.bbmnoticias.com\/blog\/2025\/04\/28\/madre-de-nino-asesinado-en-un-campamento-escolar-lo-patearon-y-arrastraron-por-10-minutos\/","og_locale":"es_MX","og_type":"article","og_title":"Madre de ni\u00f1o asesinado en un campamento escolar: \"lo patearon y arrastraron por 10 minutos\" - LA BRAVA RADIO","og_description":"Familiares&nbsp;de Erick, un peque\u00f1o de tan solo 13 a\u00f1os de edad, ha denunciado a la Academia Militarizada Ollin Cuauht\u00e9moc por presuntamente haber ocasionado la muerte del ni\u00f1o. De acuerdo con las denuncias de&nbsp;\u00c9rika Torbellin, madre de la v\u00edctima, su hijo habr\u00eda sido golpeado por sus instructores durante un campamento en Morelos, lo que habr\u00eda derivado [&hellip;]","og_url":"https:\/\/www.bbmnoticias.com\/blog\/2025\/04\/28\/madre-de-nino-asesinado-en-un-campamento-escolar-lo-patearon-y-arrastraron-por-10-minutos\/","og_site_name":"LA BRAVA RADIO","article_published_time":"2025-04-28T14:31:42+00:00","article_modified_time":"2025-04-28T14:31:46+00:00","og_image":[{"width":848,"height":477,"url":"https:\/\/www.bbmnoticias.com\/labravaradiofm\/wp-content\/uploads\/sites\/5\/2025\/04\/madre_infante_asesinado.jpg","type":"image\/jpeg"}],"author":"El Heraldo","twitter_card":"summary_large_image","twitter_misc":{"Escrito por":"El Heraldo","Tiempo de lectura":"4 minutos"},"schema":{"@context":"https:\/\/schema.org","@graph":[{"@type":"Article","@id":"https:\/\/www.bbmnoticias.com\/blog\/2025\/04\/28\/madre-de-nino-asesinado-en-un-campamento-escolar-lo-patearon-y-arrastraron-por-10-minutos\/#article","isPartOf":{"@id":"https:\/\/www.bbmnoticias.com\/labravaradiofm\/2025\/04\/28\/madre-de-nino-asesinado-en-un-campamento-escolar-lo-patearon-y-arrastraron-por-10-minutos\/"},"author":{"name":"El Heraldo","@id":"https:\/\/www.bbmnoticias.com\/labravaradiofm\/#\/schema\/person\/1d485366d29083d2d818c24013f8cbc0"},"headline":"Madre de ni\u00f1o asesinado en un campamento escolar: &#8220;lo patearon y arrastraron por 10 minutos&#8221;","datePublished":"2025-04-28T14:31:42+00:00","dateModified":"2025-04-28T14:31:46+00:00","mainEntityOfPage":{"@id":"https:\/\/www.bbmnoticias.com\/labravaradiofm\/2025\/04\/28\/madre-de-nino-asesinado-en-un-campamento-escolar-lo-patearon-y-arrastraron-por-10-minutos\/"},"wordCount":719,"image":{"@id":"https:\/\/www.bbmnoticias.com\/blog\/2025\/04\/28\/madre-de-nino-asesinado-en-un-campamento-escolar-lo-patearon-y-arrastraron-por-10-minutos\/#primaryimage"},"thumbnailUrl":"https:\/\/www.bbmnoticias.com\/labravaradiofm\/wp-content\/uploads\/sites\/5\/2025\/04\/madre_infante_asesinado.jpg","articleSection":["LOCAL","NACIONAL"],"inLanguage":"es"},{"@type":"WebPage","@id":"https:\/\/www.bbmnoticias.com\/labravaradiofm\/2025\/04\/28\/madre-de-nino-asesinado-en-un-campamento-escolar-lo-patearon-y-arrastraron-por-10-minutos\/","url":"https:\/\/www.bbmnoticias.com\/blog\/2025\/04\/28\/madre-de-nino-asesinado-en-un-campamento-escolar-lo-patearon-y-arrastraron-por-10-minutos\/","name":"Madre de ni\u00f1o asesinado en un campamento escolar: \"lo patearon y arrastraron por 10 minutos\" - LA BRAVA RADIO","isPartOf":{"@id":"https:\/\/www.bbmnoticias.com\/labravaradiofm\/#website"},"primaryImageOfPage":{"@id":"https:\/\/www.bbmnoticias.com\/blog\/2025\/04\/28\/madre-de-nino-asesinado-en-un-campamento-escolar-lo-patearon-y-arrastraron-por-10-minutos\/#primaryimage"},"image":{"@id":"https:\/\/www.bbmnoticias.com\/blog\/2025\/04\/28\/madre-de-nino-asesinado-en-un-campamento-escolar-lo-patearon-y-arrastraron-por-10-minutos\/#primaryimage"},"thumbnailUrl":"https:\/\/www.bbmnoticias.com\/labravaradiofm\/wp-content\/uploads\/sites\/5\/2025\/04\/madre_infante_asesinado.jpg","datePublished":"2025-04-28T14:31:42+00:00","dateModified":"2025-04-28T14:31:46+00:00","author":{"@id":"https:\/\/www.bbmnoticias.com\/labravaradiofm\/#\/schema\/person\/1d485366d29083d2d818c24013f8cbc0"},"breadcrumb":{"@id":"https:\/\/www.bbmnoticias.com\/blog\/2025\/04\/28\/madre-de-nino-asesinado-en-un-campamento-escolar-lo-patearon-y-arrastraron-por-10-minutos\/#breadcrumb"},"inLanguage":"es","potentialAction":[{"@type":"ReadAction","target":["https:\/\/www.bbmnoticias.com\/blog\/2025\/04\/28\/madre-de-nino-asesinado-en-un-campamento-escolar-lo-patearon-y-arrastraron-por-10-minutos\/"]}]},{"@type":"ImageObject","inLanguage":"es","@id":"https:\/\/www.bbmnoticias.com\/blog\/2025\/04\/28\/madre-de-nino-asesinado-en-un-campamento-escolar-lo-patearon-y-arrastraron-por-10-minutos\/#primaryimage","url":"https:\/\/www.bbmnoticias.com\/labravaradiofm\/wp-content\/uploads\/sites\/5\/2025\/04\/madre_infante_asesinado.jpg","contentUrl":"https:\/\/www.bbmnoticias.com\/labravaradiofm\/wp-content\/uploads\/sites\/5\/2025\/04\/madre_infante_asesinado.jpg","width":848,"height":477},{"@type":"BreadcrumbList","@id":"https:\/\/www.bbmnoticias.com\/blog\/2025\/04\/28\/madre-de-nino-asesinado-en-un-campamento-escolar-lo-patearon-y-arrastraron-por-10-minutos\/#breadcrumb","itemListElement":[{"@type":"ListItem","position":1,"name":"Inicio","item":"https:\/\/www.bbmnoticias.com\/labravaradiofm\/"},{"@type":"ListItem","position":2,"name":"Madre de ni\u00f1o asesinado en un campamento escolar: &#8220;lo patearon y arrastraron por 10 minutos&#8221;"}]},{"@type":"WebSite","@id":"https:\/\/www.bbmnoticias.com\/labravaradiofm\/#website","url":"https:\/\/www.bbmnoticias.com\/labravaradiofm\/","name":"LA BRAVA RADIO","description":"Empresa productora de medios, Radiodifusi\u00f3n, Noticias, tendencias y todo lo que necesitas saber de la pol\u00edtica mexicana e internacional; entretenimiento, espect\u00e1culos, salud y mucho m\u00e1s.","potentialAction":[{"@type":"SearchAction","target":{"@type":"EntryPoint","urlTemplate":"https:\/\/www.bbmnoticias.com\/labravaradiofm\/?s={search_term_string}"},"query-input":{"@type":"PropertyValueSpecification","valueRequired":true,"valueName":"search_term_string"}}],"inLanguage":"es"},{"@type":"Person","@id":"https:\/\/www.bbmnoticias.com\/labravaradiofm\/#\/schema\/person\/1d485366d29083d2d818c24013f8cbc0","name":"El Heraldo","image":{"@type":"ImageObject","inLanguage":"es","@id":"https:\/\/secure.gravatar.com\/avatar\/463017be041288b5a196814ef7242bd62699b857f306e4b5b61b533e8a87f404?s=96&d=mm&r=g","url":"https:\/\/secure.gravatar.com\/avatar\/463017be041288b5a196814ef7242bd62699b857f306e4b5b61b533e8a87f404?s=96&d=mm&r=g","contentUrl":"https:\/\/secure.gravatar.com\/avatar\/463017be041288b5a196814ef7242bd62699b857f306e4b5b61b533e8a87f404?s=96&d=mm&r=g","caption":"El Heraldo"},"url":"https:\/\/www.bbmnoticias.com\/labravaradiofm\/author\/heraldo\/"}]}},"_links":{"self":[{"href":"https:\/\/www.bbmnoticias.com\/labravaradiofm\/wp-json\/wp\/v2\/posts\/58940","targetHints":{"allow":["GET"]}}],"collection":[{"href":"https:\/\/www.bbmnoticias.com\/labravaradiofm\/wp-json\/wp\/v2\/posts"}],"about":[{"href":"https:\/\/www.bbmnoticias.com\/labravaradiofm\/wp-json\/wp\/v2\/types\/post"}],"author":[{"embeddable":true,"href":"https:\/\/www.bbmnoticias.com\/labravaradiofm\/wp-json\/wp\/v2\/users\/15"}],"replies":[{"embeddable":true,"href":"https:\/\/www.bbmnoticias.com\/labravaradiofm\/wp-json\/wp\/v2\/comments?post=58940"}],"version-history":[{"count":0,"href":"https:\/\/www.bbmnoticias.com\/labravaradiofm\/wp-json\/wp\/v2\/posts\/58940\/revisions"}],"wp:featuredmedia":[{"embeddable":true,"href":"https:\/\/www.bbmnoticias.com\/labravaradiofm\/wp-json\/wp\/v2\/media\/58942"}],"wp:attachment":[{"href":"https:\/\/www.bbmnoticias.com\/labravaradiofm\/wp-json\/wp\/v2\/media?parent=58940"}],"wp:term":[{"taxonomy":"category","embeddable":true,"href":"https:\/\/www.bbmnoticias.com\/labravaradiofm\/wp-json\/wp\/v2\/categories?post=58940"},{"taxonomy":"post_tag","embeddable":true,"href":"https:\/\/www.bbmnoticias.com\/labravaradiofm\/wp-json\/wp\/v2\/tags?post=58940"}],"curies":[{"name":"wp","href":"https:\/\/api.w.org\/{rel}","templated":true}]}}