{"id":58936,"date":"2025-04-28T08:20:45","date_gmt":"2025-04-28T14:20:45","guid":{"rendered":"https:\/\/www.bbmnoticias.com\/labravaradiofm\/2025\/04\/28\/semar-aclara-motivo-de-arribo-del-buque-uss-gravely-a-veracruz-emiten-comunicado\/"},"modified":"2025-04-28T08:20:50","modified_gmt":"2025-04-28T14:20:50","slug":"semar-aclara-motivo-de-arribo-del-buque-uss-gravely-a-veracruz-emiten-comunicado","status":"publish","type":"post","link":"https:\/\/www.bbmnoticias.com\/labravaradiofm\/2025\/04\/28\/semar-aclara-motivo-de-arribo-del-buque-uss-gravely-a-veracruz-emiten-comunicado\/","title":{"rendered":"Semar aclara motivo de arribo del buque USS Gravely a Veracruz; emiten comunicado"},"content":{"rendered":"<div style=\"margin-top: 0px; margin-bottom: 0px;\" class=\"sharethis-inline-share-buttons\" ><\/div>\n<p><strong>La Secretar\u00eda de Marina (Semar) inform\u00f3 que el arribo del buque USS Gravely de la Marina de Estados Unido<\/strong>s al puerto de <strong>Veracruz<\/strong> es parte de una visita programada del 25 al 28 de abril.<\/p>\n\n\n\n<p>Por medio de un comunicado la <strong>Semar<\/strong> se\u00f1al\u00f3 que<strong> la visita de buques extranjeros en puertos nacionales se realiza conforme a procedimientos y permisos establecidos.<\/strong><\/p>\n\n\n\n<p><strong>&#8220;Es parte de las pr\u00e1cticas habituales de cooperaci\u00f3n internacional y asistencia log\u00edstica,<\/strong> sin que ello represente riesgo alguno para la soberan\u00eda nacional&#8221;, afirm\u00f3 la Secretar\u00eda.<\/p>\n\n\n\n<h2 class=\"wp-block-heading\">\u00bfPor qu\u00e9 el USS Gravely de EU atrac\u00f3 en el puerto de <strong>Veracruz<\/strong>?<\/h2>\n\n\n\n<p>De acuerdo con la Marina el prop\u00f3sito del USS Gravely en territorio nacional <strong>es parte de una visita operacional log\u00edstica, para abastecer combustible, suministros y el descanso del personal.<\/strong><\/p>\n\n\n\n<p><strong>La Secretar\u00eda reiter\u00f3 que esto es una pr\u00e1ctica habitual basada en el Derecho Internacional <\/strong>y en la Ley Federal del Mar y se\u00f1al\u00f3 que este zarpar\u00e1 el lunes 28 de abril.<\/p>\n\n\n\n<p>Con informaci\u00f3n de Diario del Istmo<\/p>\n","protected":false},"excerpt":{"rendered":"<p>La Secretar\u00eda de Marina (Semar) inform\u00f3 que el arribo del buque USS Gravely de la Marina de Estados Unidos al puerto de Veracruz es parte de una visita programada del 25 al 28 de abril. Por medio de un comunicado la Semar se\u00f1al\u00f3 que la visita de buques extranjeros en puertos nacionales se realiza conforme [&hellip;]<\/p>\n","protected":false},"author":4,"featured_media":58938,"comment_status":"closed","ping_status":"","sticky":false,"template":"","format":"standard","meta":{"footnotes":""},"categories":[2],"tags":[],"class_list":{"0":"post-58936","1":"post","2":"type-post","3":"status-publish","4":"format-standard","5":"has-post-thumbnail","7":"category-oaxaca"},"yoast_head":"<!-- This site is optimized with the Yoast SEO plugin v27.4 - https:\/\/yoast.com\/product\/yoast-seo-wordpress\/ -->\n<title>Semar aclara motivo de arribo del buque USS Gravely a Veracruz; emiten comunicado - LA BRAVA RADIO<\/title>\n<meta name=\"robots\" content=\"index, follow, max-snippet:-1, max-image-preview:large, max-video-preview:-1\" \/>\n<link rel=\"canonical\" href=\"https:\/\/www.bbmnoticias.com\/blog\/2025\/04\/28\/semar-aclara-motivo-de-arribo-del-buque-uss-gravely-a-veracruz-emiten-comunicado\/\" \/>\n<meta property=\"og:locale\" content=\"es_MX\" \/>\n<meta property=\"og:type\" content=\"article\" \/>\n<meta property=\"og:title\" content=\"Semar aclara motivo de arribo del buque USS Gravely a Veracruz; emiten comunicado - LA BRAVA RADIO\" \/>\n<meta property=\"og:description\" content=\"La Secretar\u00eda de Marina (Semar) inform\u00f3 que el arribo del buque USS Gravely de la Marina de Estados Unidos al puerto de Veracruz es parte de una visita programada del 25 al 28 de abril. Por medio de un comunicado la Semar se\u00f1al\u00f3 que la visita de buques extranjeros en puertos nacionales se realiza conforme [&hellip;]\" \/>\n<meta property=\"og:url\" content=\"https:\/\/www.bbmnoticias.com\/blog\/2025\/04\/28\/semar-aclara-motivo-de-arribo-del-buque-uss-gravely-a-veracruz-emiten-comunicado\/\" \/>\n<meta property=\"og:site_name\" content=\"LA BRAVA RADIO\" \/>\n<meta property=\"article:published_time\" content=\"2025-04-28T14:20:45+00:00\" \/>\n<meta property=\"article:modified_time\" content=\"2025-04-28T14:20:50+00:00\" \/>\n<meta property=\"og:image\" content=\"https:\/\/www.bbmnoticias.com\/labravaradiofm\/wp-content\/uploads\/sites\/5\/2025\/04\/buque-veracruz.jpg\" \/>\n\t<meta property=\"og:image:width\" content=\"732\" \/>\n\t<meta property=\"og:image:height\" content=\"549\" \/>\n\t<meta property=\"og:image:type\" content=\"image\/jpeg\" \/>\n<meta name=\"author\" content=\"Agencias\" \/>\n<meta name=\"twitter:card\" content=\"summary_large_image\" \/>\n<meta name=\"twitter:label1\" content=\"Escrito por\" \/>\n\t<meta name=\"twitter:data1\" content=\"Agencias\" \/>\n\t<meta name=\"twitter:label2\" content=\"Tiempo de lectura\" \/>\n\t<meta name=\"twitter:data2\" content=\"1 minuto\" \/>\n<script type=\"application\/ld+json\" class=\"yoast-schema-graph\">{\"@context\":\"https:\\\/\\\/schema.org\",\"@graph\":[{\"@type\":\"Article\",\"@id\":\"https:\\\/\\\/www.bbmnoticias.com\\\/blog\\\/2025\\\/04\\\/28\\\/semar-aclara-motivo-de-arribo-del-buque-uss-gravely-a-veracruz-emiten-comunicado\\\/#article\",\"isPartOf\":{\"@id\":\"https:\\\/\\\/www.bbmnoticias.com\\\/labravaradiofm\\\/2025\\\/04\\\/28\\\/semar-aclara-motivo-de-arribo-del-buque-uss-gravely-a-veracruz-emiten-comunicado\\\/\"},\"author\":{\"name\":\"Agencias\",\"@id\":\"https:\\\/\\\/www.bbmnoticias.com\\\/labravaradiofm\\\/#\\\/schema\\\/person\\\/857a3daf5c8142f29919023f377fbfad\"},\"headline\":\"Semar aclara motivo de arribo del buque USS Gravely a Veracruz; emiten comunicado\",\"datePublished\":\"2025-04-28T14:20:45+00:00\",\"dateModified\":\"2025-04-28T14:20:50+00:00\",\"mainEntityOfPage\":{\"@id\":\"https:\\\/\\\/www.bbmnoticias.com\\\/labravaradiofm\\\/2025\\\/04\\\/28\\\/semar-aclara-motivo-de-arribo-del-buque-uss-gravely-a-veracruz-emiten-comunicado\\\/\"},\"wordCount\":187,\"image\":{\"@id\":\"https:\\\/\\\/www.bbmnoticias.com\\\/blog\\\/2025\\\/04\\\/28\\\/semar-aclara-motivo-de-arribo-del-buque-uss-gravely-a-veracruz-emiten-comunicado\\\/#primaryimage\"},\"thumbnailUrl\":\"https:\\\/\\\/www.bbmnoticias.com\\\/labravaradiofm\\\/wp-content\\\/uploads\\\/sites\\\/5\\\/2025\\\/04\\\/buque-veracruz.jpg\",\"articleSection\":[\"LOCAL\"],\"inLanguage\":\"es\"},{\"@type\":\"WebPage\",\"@id\":\"https:\\\/\\\/www.bbmnoticias.com\\\/labravaradiofm\\\/2025\\\/04\\\/28\\\/semar-aclara-motivo-de-arribo-del-buque-uss-gravely-a-veracruz-emiten-comunicado\\\/\",\"url\":\"https:\\\/\\\/www.bbmnoticias.com\\\/blog\\\/2025\\\/04\\\/28\\\/semar-aclara-motivo-de-arribo-del-buque-uss-gravely-a-veracruz-emiten-comunicado\\\/\",\"name\":\"Semar aclara motivo de arribo del buque USS Gravely a Veracruz; emiten comunicado - LA BRAVA RADIO\",\"isPartOf\":{\"@id\":\"https:\\\/\\\/www.bbmnoticias.com\\\/labravaradiofm\\\/#website\"},\"primaryImageOfPage\":{\"@id\":\"https:\\\/\\\/www.bbmnoticias.com\\\/blog\\\/2025\\\/04\\\/28\\\/semar-aclara-motivo-de-arribo-del-buque-uss-gravely-a-veracruz-emiten-comunicado\\\/#primaryimage\"},\"image\":{\"@id\":\"https:\\\/\\\/www.bbmnoticias.com\\\/blog\\\/2025\\\/04\\\/28\\\/semar-aclara-motivo-de-arribo-del-buque-uss-gravely-a-veracruz-emiten-comunicado\\\/#primaryimage\"},\"thumbnailUrl\":\"https:\\\/\\\/www.bbmnoticias.com\\\/labravaradiofm\\\/wp-content\\\/uploads\\\/sites\\\/5\\\/2025\\\/04\\\/buque-veracruz.jpg\",\"datePublished\":\"2025-04-28T14:20:45+00:00\",\"dateModified\":\"2025-04-28T14:20:50+00:00\",\"author\":{\"@id\":\"https:\\\/\\\/www.bbmnoticias.com\\\/labravaradiofm\\\/#\\\/schema\\\/person\\\/857a3daf5c8142f29919023f377fbfad\"},\"breadcrumb\":{\"@id\":\"https:\\\/\\\/www.bbmnoticias.com\\\/blog\\\/2025\\\/04\\\/28\\\/semar-aclara-motivo-de-arribo-del-buque-uss-gravely-a-veracruz-emiten-comunicado\\\/#breadcrumb\"},\"inLanguage\":\"es\",\"potentialAction\":[{\"@type\":\"ReadAction\",\"target\":[\"https:\\\/\\\/www.bbmnoticias.com\\\/blog\\\/2025\\\/04\\\/28\\\/semar-aclara-motivo-de-arribo-del-buque-uss-gravely-a-veracruz-emiten-comunicado\\\/\"]}]},{\"@type\":\"ImageObject\",\"inLanguage\":\"es\",\"@id\":\"https:\\\/\\\/www.bbmnoticias.com\\\/blog\\\/2025\\\/04\\\/28\\\/semar-aclara-motivo-de-arribo-del-buque-uss-gravely-a-veracruz-emiten-comunicado\\\/#primaryimage\",\"url\":\"https:\\\/\\\/www.bbmnoticias.com\\\/labravaradiofm\\\/wp-content\\\/uploads\\\/sites\\\/5\\\/2025\\\/04\\\/buque-veracruz.jpg\",\"contentUrl\":\"https:\\\/\\\/www.bbmnoticias.com\\\/labravaradiofm\\\/wp-content\\\/uploads\\\/sites\\\/5\\\/2025\\\/04\\\/buque-veracruz.jpg\",\"width\":732,\"height\":549},{\"@type\":\"BreadcrumbList\",\"@id\":\"https:\\\/\\\/www.bbmnoticias.com\\\/blog\\\/2025\\\/04\\\/28\\\/semar-aclara-motivo-de-arribo-del-buque-uss-gravely-a-veracruz-emiten-comunicado\\\/#breadcrumb\",\"itemListElement\":[{\"@type\":\"ListItem\",\"position\":1,\"name\":\"Inicio\",\"item\":\"https:\\\/\\\/www.bbmnoticias.com\\\/labravaradiofm\\\/\"},{\"@type\":\"ListItem\",\"position\":2,\"name\":\"Semar aclara motivo de arribo del buque USS Gravely a Veracruz; emiten comunicado\"}]},{\"@type\":\"WebSite\",\"@id\":\"https:\\\/\\\/www.bbmnoticias.com\\\/labravaradiofm\\\/#website\",\"url\":\"https:\\\/\\\/www.bbmnoticias.com\\\/labravaradiofm\\\/\",\"name\":\"LA BRAVA RADIO\",\"description\":\"Empresa productora de medios, Radiodifusi\u00f3n, Noticias, tendencias y todo lo que necesitas saber de la pol\u00edtica mexicana e internacional; entretenimiento, espect\u00e1culos, salud y mucho m\u00e1s.\",\"potentialAction\":[{\"@type\":\"SearchAction\",\"target\":{\"@type\":\"EntryPoint\",\"urlTemplate\":\"https:\\\/\\\/www.bbmnoticias.com\\\/labravaradiofm\\\/?s={search_term_string}\"},\"query-input\":{\"@type\":\"PropertyValueSpecification\",\"valueRequired\":true,\"valueName\":\"search_term_string\"}}],\"inLanguage\":\"es\"},{\"@type\":\"Person\",\"@id\":\"https:\\\/\\\/www.bbmnoticias.com\\\/labravaradiofm\\\/#\\\/schema\\\/person\\\/857a3daf5c8142f29919023f377fbfad\",\"name\":\"Agencias\",\"image\":{\"@type\":\"ImageObject\",\"inLanguage\":\"es\",\"@id\":\"https:\\\/\\\/secure.gravatar.com\\\/avatar\\\/739e0b61adf9e398b425c36718c8752286da0e8cd90f20ce9a86678abc26aa0d?s=96&d=mm&r=g\",\"url\":\"https:\\\/\\\/secure.gravatar.com\\\/avatar\\\/739e0b61adf9e398b425c36718c8752286da0e8cd90f20ce9a86678abc26aa0d?s=96&d=mm&r=g\",\"contentUrl\":\"https:\\\/\\\/secure.gravatar.com\\\/avatar\\\/739e0b61adf9e398b425c36718c8752286da0e8cd90f20ce9a86678abc26aa0d?s=96&d=mm&r=g\",\"caption\":\"Agencias\"},\"url\":\"https:\\\/\\\/www.bbmnoticias.com\\\/labravaradiofm\\\/author\\\/agencias\\\/\"}]}<\/script>\n<!-- \/ Yoast SEO plugin. -->","yoast_head_json":{"title":"Semar aclara motivo de arribo del buque USS Gravely a Veracruz; emiten comunicado - LA BRAVA RADIO","robots":{"index":"index","follow":"follow","max-snippet":"max-snippet:-1","max-image-preview":"max-image-preview:large","max-video-preview":"max-video-preview:-1"},"canonical":"https:\/\/www.bbmnoticias.com\/blog\/2025\/04\/28\/semar-aclara-motivo-de-arribo-del-buque-uss-gravely-a-veracruz-emiten-comunicado\/","og_locale":"es_MX","og_type":"article","og_title":"Semar aclara motivo de arribo del buque USS Gravely a Veracruz; emiten comunicado - LA BRAVA RADIO","og_description":"La Secretar\u00eda de Marina (Semar) inform\u00f3 que el arribo del buque USS Gravely de la Marina de Estados Unidos al puerto de Veracruz es parte de una visita programada del 25 al 28 de abril. Por medio de un comunicado la Semar se\u00f1al\u00f3 que la visita de buques extranjeros en puertos nacionales se realiza conforme [&hellip;]","og_url":"https:\/\/www.bbmnoticias.com\/blog\/2025\/04\/28\/semar-aclara-motivo-de-arribo-del-buque-uss-gravely-a-veracruz-emiten-comunicado\/","og_site_name":"LA BRAVA RADIO","article_published_time":"2025-04-28T14:20:45+00:00","article_modified_time":"2025-04-28T14:20:50+00:00","og_image":[{"width":732,"height":549,"url":"https:\/\/www.bbmnoticias.com\/labravaradiofm\/wp-content\/uploads\/sites\/5\/2025\/04\/buque-veracruz.jpg","type":"image\/jpeg"}],"author":"Agencias","twitter_card":"summary_large_image","twitter_misc":{"Escrito por":"Agencias","Tiempo de lectura":"1 minuto"},"schema":{"@context":"https:\/\/schema.org","@graph":[{"@type":"Article","@id":"https:\/\/www.bbmnoticias.com\/blog\/2025\/04\/28\/semar-aclara-motivo-de-arribo-del-buque-uss-gravely-a-veracruz-emiten-comunicado\/#article","isPartOf":{"@id":"https:\/\/www.bbmnoticias.com\/labravaradiofm\/2025\/04\/28\/semar-aclara-motivo-de-arribo-del-buque-uss-gravely-a-veracruz-emiten-comunicado\/"},"author":{"name":"Agencias","@id":"https:\/\/www.bbmnoticias.com\/labravaradiofm\/#\/schema\/person\/857a3daf5c8142f29919023f377fbfad"},"headline":"Semar aclara motivo de arribo del buque USS Gravely a Veracruz; emiten comunicado","datePublished":"2025-04-28T14:20:45+00:00","dateModified":"2025-04-28T14:20:50+00:00","mainEntityOfPage":{"@id":"https:\/\/www.bbmnoticias.com\/labravaradiofm\/2025\/04\/28\/semar-aclara-motivo-de-arribo-del-buque-uss-gravely-a-veracruz-emiten-comunicado\/"},"wordCount":187,"image":{"@id":"https:\/\/www.bbmnoticias.com\/blog\/2025\/04\/28\/semar-aclara-motivo-de-arribo-del-buque-uss-gravely-a-veracruz-emiten-comunicado\/#primaryimage"},"thumbnailUrl":"https:\/\/www.bbmnoticias.com\/labravaradiofm\/wp-content\/uploads\/sites\/5\/2025\/04\/buque-veracruz.jpg","articleSection":["LOCAL"],"inLanguage":"es"},{"@type":"WebPage","@id":"https:\/\/www.bbmnoticias.com\/labravaradiofm\/2025\/04\/28\/semar-aclara-motivo-de-arribo-del-buque-uss-gravely-a-veracruz-emiten-comunicado\/","url":"https:\/\/www.bbmnoticias.com\/blog\/2025\/04\/28\/semar-aclara-motivo-de-arribo-del-buque-uss-gravely-a-veracruz-emiten-comunicado\/","name":"Semar aclara motivo de arribo del buque USS Gravely a Veracruz; emiten comunicado - LA BRAVA RADIO","isPartOf":{"@id":"https:\/\/www.bbmnoticias.com\/labravaradiofm\/#website"},"primaryImageOfPage":{"@id":"https:\/\/www.bbmnoticias.com\/blog\/2025\/04\/28\/semar-aclara-motivo-de-arribo-del-buque-uss-gravely-a-veracruz-emiten-comunicado\/#primaryimage"},"image":{"@id":"https:\/\/www.bbmnoticias.com\/blog\/2025\/04\/28\/semar-aclara-motivo-de-arribo-del-buque-uss-gravely-a-veracruz-emiten-comunicado\/#primaryimage"},"thumbnailUrl":"https:\/\/www.bbmnoticias.com\/labravaradiofm\/wp-content\/uploads\/sites\/5\/2025\/04\/buque-veracruz.jpg","datePublished":"2025-04-28T14:20:45+00:00","dateModified":"2025-04-28T14:20:50+00:00","author":{"@id":"https:\/\/www.bbmnoticias.com\/labravaradiofm\/#\/schema\/person\/857a3daf5c8142f29919023f377fbfad"},"breadcrumb":{"@id":"https:\/\/www.bbmnoticias.com\/blog\/2025\/04\/28\/semar-aclara-motivo-de-arribo-del-buque-uss-gravely-a-veracruz-emiten-comunicado\/#breadcrumb"},"inLanguage":"es","potentialAction":[{"@type":"ReadAction","target":["https:\/\/www.bbmnoticias.com\/blog\/2025\/04\/28\/semar-aclara-motivo-de-arribo-del-buque-uss-gravely-a-veracruz-emiten-comunicado\/"]}]},{"@type":"ImageObject","inLanguage":"es","@id":"https:\/\/www.bbmnoticias.com\/blog\/2025\/04\/28\/semar-aclara-motivo-de-arribo-del-buque-uss-gravely-a-veracruz-emiten-comunicado\/#primaryimage","url":"https:\/\/www.bbmnoticias.com\/labravaradiofm\/wp-content\/uploads\/sites\/5\/2025\/04\/buque-veracruz.jpg","contentUrl":"https:\/\/www.bbmnoticias.com\/labravaradiofm\/wp-content\/uploads\/sites\/5\/2025\/04\/buque-veracruz.jpg","width":732,"height":549},{"@type":"BreadcrumbList","@id":"https:\/\/www.bbmnoticias.com\/blog\/2025\/04\/28\/semar-aclara-motivo-de-arribo-del-buque-uss-gravely-a-veracruz-emiten-comunicado\/#breadcrumb","itemListElement":[{"@type":"ListItem","position":1,"name":"Inicio","item":"https:\/\/www.bbmnoticias.com\/labravaradiofm\/"},{"@type":"ListItem","position":2,"name":"Semar aclara motivo de arribo del buque USS Gravely a Veracruz; emiten comunicado"}]},{"@type":"WebSite","@id":"https:\/\/www.bbmnoticias.com\/labravaradiofm\/#website","url":"https:\/\/www.bbmnoticias.com\/labravaradiofm\/","name":"LA BRAVA RADIO","description":"Empresa productora de medios, Radiodifusi\u00f3n, Noticias, tendencias y todo lo que necesitas saber de la pol\u00edtica mexicana e internacional; entretenimiento, espect\u00e1culos, salud y mucho m\u00e1s.","potentialAction":[{"@type":"SearchAction","target":{"@type":"EntryPoint","urlTemplate":"https:\/\/www.bbmnoticias.com\/labravaradiofm\/?s={search_term_string}"},"query-input":{"@type":"PropertyValueSpecification","valueRequired":true,"valueName":"search_term_string"}}],"inLanguage":"es"},{"@type":"Person","@id":"https:\/\/www.bbmnoticias.com\/labravaradiofm\/#\/schema\/person\/857a3daf5c8142f29919023f377fbfad","name":"Agencias","image":{"@type":"ImageObject","inLanguage":"es","@id":"https:\/\/secure.gravatar.com\/avatar\/739e0b61adf9e398b425c36718c8752286da0e8cd90f20ce9a86678abc26aa0d?s=96&d=mm&r=g","url":"https:\/\/secure.gravatar.com\/avatar\/739e0b61adf9e398b425c36718c8752286da0e8cd90f20ce9a86678abc26aa0d?s=96&d=mm&r=g","contentUrl":"https:\/\/secure.gravatar.com\/avatar\/739e0b61adf9e398b425c36718c8752286da0e8cd90f20ce9a86678abc26aa0d?s=96&d=mm&r=g","caption":"Agencias"},"url":"https:\/\/www.bbmnoticias.com\/labravaradiofm\/author\/agencias\/"}]}},"_links":{"self":[{"href":"https:\/\/www.bbmnoticias.com\/labravaradiofm\/wp-json\/wp\/v2\/posts\/58936","targetHints":{"allow":["GET"]}}],"collection":[{"href":"https:\/\/www.bbmnoticias.com\/labravaradiofm\/wp-json\/wp\/v2\/posts"}],"about":[{"href":"https:\/\/www.bbmnoticias.com\/labravaradiofm\/wp-json\/wp\/v2\/types\/post"}],"author":[{"embeddable":true,"href":"https:\/\/www.bbmnoticias.com\/labravaradiofm\/wp-json\/wp\/v2\/users\/4"}],"replies":[{"embeddable":true,"href":"https:\/\/www.bbmnoticias.com\/labravaradiofm\/wp-json\/wp\/v2\/comments?post=58936"}],"version-history":[{"count":0,"href":"https:\/\/www.bbmnoticias.com\/labravaradiofm\/wp-json\/wp\/v2\/posts\/58936\/revisions"}],"wp:featuredmedia":[{"embeddable":true,"href":"https:\/\/www.bbmnoticias.com\/labravaradiofm\/wp-json\/wp\/v2\/media\/58938"}],"wp:attachment":[{"href":"https:\/\/www.bbmnoticias.com\/labravaradiofm\/wp-json\/wp\/v2\/media?parent=58936"}],"wp:term":[{"taxonomy":"category","embeddable":true,"href":"https:\/\/www.bbmnoticias.com\/labravaradiofm\/wp-json\/wp\/v2\/categories?post=58936"},{"taxonomy":"post_tag","embeddable":true,"href":"https:\/\/www.bbmnoticias.com\/labravaradiofm\/wp-json\/wp\/v2\/tags?post=58936"}],"curies":[{"name":"wp","href":"https:\/\/api.w.org\/{rel}","templated":true}]}}