{"id":58933,"date":"2025-04-28T08:15:02","date_gmt":"2025-04-28T14:15:02","guid":{"rendered":"https:\/\/www.bbmnoticias.com\/labravaradiofm\/2025\/04\/28\/crisis-de-agua-en-oaxaca-san-agustin-etla-corta-el-suministro-a-la-ciudad\/"},"modified":"2025-04-28T08:30:05","modified_gmt":"2025-04-28T14:30:05","slug":"crisis-de-agua-en-oaxaca-san-agustin-etla-corta-el-suministro-a-la-ciudad","status":"publish","type":"post","link":"https:\/\/www.bbmnoticias.com\/labravaradiofm\/2025\/04\/28\/crisis-de-agua-en-oaxaca-san-agustin-etla-corta-el-suministro-a-la-ciudad\/","title":{"rendered":"Se espera clima estable en Oaxaca durante este inicio de semana"},"content":{"rendered":"<div style=\"margin-top: 0px; margin-bottom: 0px;\" class=\"sharethis-inline-share-buttons\" ><\/div>\n<p><strong>Oaxaca de Ju\u00e1rez, Oax. 28 de abril de 2025.-<\/strong> La Coordinaci\u00f3n Estatal de Protecci\u00f3n Civil y Gesti\u00f3n de Riesgos (CEPCyGR) informa que este lunes se esperan condiciones para un clima estable, por lo que se mantendr\u00e1 una ola de calor en gran parte del estado, as\u00ed como temperaturas muy calurosas que ser\u00e1n m\u00e1s notables sobre el suroeste y sur del territorio oaxaque\u00f1o.<\/p>\n\n\n\n<figure class=\"wp-block-embed is-type-rich is-provider-twitter wp-block-embed-twitter\"><div class=\"wp-block-embed__wrapper\">\n<blockquote class=\"twitter-tweet\" data-width=\"550\" data-dnt=\"true\"><p lang=\"es\" dir=\"ltr\">Te decimos en nuestro <a href=\"https:\/\/twitter.com\/hashtag\/VideoPron%C3%B3stico?src=hash&amp;ref_src=twsrc%5Etfw\">#VideoPron\u00f3stico<\/a> las condiciones <a href=\"https:\/\/twitter.com\/hashtag\/Meteorol%C3%B3gicas?src=hash&amp;ref_src=twsrc%5Etfw\">#Meteorol\u00f3gicas<\/a> que habr\u00e1 este d\u00eda en <a href=\"https:\/\/twitter.com\/hashtag\/M%C3%A9xico?src=hash&amp;ref_src=twsrc%5Etfw\">#M\u00e9xico<\/a>. \u00a1Muy buenos d\u00edas! <a href=\"https:\/\/t.co\/4Zm7m4nqMJ\">pic.twitter.com\/4Zm7m4nqMJ<\/a><\/p>&mdash; CONAGUA Clima (@conagua_clima) <a href=\"https:\/\/twitter.com\/conagua_clima\/status\/1916847026186211434?ref_src=twsrc%5Etfw\">April 28, 2025<\/a><\/blockquote><script async src=\"https:\/\/platform.twitter.com\/widgets.js\" charset=\"utf-8\"><\/script>\n<\/div><\/figure>\n\n\n\n<p>De acuerdo con el pron\u00f3stico del tiempo emitido por la Comisi\u00f3n Nacional del Agua (Conagua), habr\u00e1 presencia de cielos despejados con alta radiaci\u00f3n solar en horas centrales del d\u00eda e intervalos de nubes bajas por la tarde que pueden ocasionar chubascos aislados, los vientos ser\u00e1n del este y sureste ligeros a moderados y brisas frescas en la l\u00ednea de costa.<\/p>\n\n\n\n<p>Por otro lado, continuar\u00e1 el mar de fondo con oleaje elevado y fuertes corrientes de resaca desde San Mateo del Mar hasta Santiago Pinotepa Nacional; adem\u00e1s de bruma densa durante el d\u00eda.<\/p>\n\n\n\n<p>Las temperaturas para este d\u00eda son las siguientes:<\/p>\n\n\n\n<p>\u2022 Valles Centrales, m\u00ednima de 15 y m\u00e1xima de 34 grados.<br>\u2022 Istmo de Tehuantepec, m\u00ednima de 23 y m\u00e1xima de 36 grados.<br>\u2022 Cuenca del Papaloapan, m\u00ednima de 22 y m\u00e1xima de 36 grados.<br>\u2022 Costa, m\u00ednima de 23 y m\u00e1xima de 37 grados.<br>\u2022 Mixteca, m\u00ednima de 15 y m\u00e1xima de 34 grados.<br>\u2022 Sierra de Flores Mag\u00f3n, m\u00ednima de 17 y m\u00e1xima de 38 grados.<br>\u2022 Sierra de Ju\u00e1rez, m\u00ednima de 13 y m\u00e1xima de 31 grados.<br>\u2022 Sierra Sur, m\u00ednima de 14 y m\u00e1xima de 32 grados.<\/p>\n\n\n\n<p>Se exhorta a la poblaci\u00f3n atender las recomendaciones de Protecci\u00f3n Civil y Capitan\u00edas de Puerto, as\u00ed como a mantenerse informada de las condiciones meteorol\u00f3gicas a trav\u00e9s de los medios y redes sociales oficiales: Facebook @CEPCYGRGobOax y en X @CEPCyGR_GobOax.<\/p>\n","protected":false},"excerpt":{"rendered":"<p>Oaxaca de Ju\u00e1rez, Oax. 28 de abril de 2025.- La Coordinaci\u00f3n Estatal de Protecci\u00f3n Civil y Gesti\u00f3n de Riesgos (CEPCyGR) informa que este lunes se esperan condiciones para un clima estable, por lo que se mantendr\u00e1 una ola de calor en gran parte del estado, as\u00ed como temperaturas muy calurosas que ser\u00e1n m\u00e1s notables sobre [&hellip;]<\/p>\n","protected":false},"author":2,"featured_media":58935,"comment_status":"closed","ping_status":"","sticky":false,"template":"","format":"standard","meta":{"footnotes":""},"categories":[2],"tags":[],"class_list":{"0":"post-58933","1":"post","2":"type-post","3":"status-publish","4":"format-standard","5":"has-post-thumbnail","7":"category-oaxaca"},"yoast_head":"<!-- This site is optimized with the Yoast SEO plugin v27.4 - https:\/\/yoast.com\/product\/yoast-seo-wordpress\/ -->\n<title>Se espera clima estable en Oaxaca durante este inicio de semana - LA BRAVA RADIO<\/title>\n<meta name=\"robots\" content=\"index, follow, max-snippet:-1, max-image-preview:large, max-video-preview:-1\" \/>\n<link rel=\"canonical\" href=\"https:\/\/www.bbmnoticias.com\/blog\/2025\/04\/28\/crisis-de-agua-en-oaxaca-san-agustin-etla-corta-el-suministro-a-la-ciudad\/\" \/>\n<meta property=\"og:locale\" content=\"es_MX\" \/>\n<meta property=\"og:type\" content=\"article\" \/>\n<meta property=\"og:title\" content=\"Se espera clima estable en Oaxaca durante este inicio de semana - LA BRAVA RADIO\" \/>\n<meta property=\"og:description\" content=\"Oaxaca de Ju\u00e1rez, Oax. 28 de abril de 2025.- La Coordinaci\u00f3n Estatal de Protecci\u00f3n Civil y Gesti\u00f3n de Riesgos (CEPCyGR) informa que este lunes se esperan condiciones para un clima estable, por lo que se mantendr\u00e1 una ola de calor en gran parte del estado, as\u00ed como temperaturas muy calurosas que ser\u00e1n m\u00e1s notables sobre [&hellip;]\" \/>\n<meta property=\"og:url\" content=\"https:\/\/www.bbmnoticias.com\/blog\/2025\/04\/28\/crisis-de-agua-en-oaxaca-san-agustin-etla-corta-el-suministro-a-la-ciudad\/\" \/>\n<meta property=\"og:site_name\" content=\"LA BRAVA RADIO\" \/>\n<meta property=\"article:published_time\" content=\"2025-04-28T14:15:02+00:00\" \/>\n<meta property=\"article:modified_time\" content=\"2025-04-28T14:30:05+00:00\" \/>\n<meta property=\"og:image\" content=\"https:\/\/www.bbmnoticias.com\/labravaradiofm\/wp-content\/uploads\/sites\/5\/2025\/04\/clima_oaxaca-3.jpg\" \/>\n\t<meta property=\"og:image:width\" content=\"2268\" \/>\n\t<meta property=\"og:image:height\" content=\"1701\" \/>\n\t<meta property=\"og:image:type\" content=\"image\/jpeg\" \/>\n<meta name=\"author\" content=\"Staff\" \/>\n<meta name=\"twitter:card\" content=\"summary_large_image\" \/>\n<meta name=\"twitter:label1\" content=\"Escrito por\" \/>\n\t<meta name=\"twitter:data1\" content=\"Staff\" \/>\n\t<meta name=\"twitter:label2\" content=\"Tiempo de lectura\" \/>\n\t<meta name=\"twitter:data2\" content=\"2 minutos\" \/>\n<script type=\"application\/ld+json\" class=\"yoast-schema-graph\">{\"@context\":\"https:\\\/\\\/schema.org\",\"@graph\":[{\"@type\":\"Article\",\"@id\":\"https:\\\/\\\/www.bbmnoticias.com\\\/blog\\\/2025\\\/04\\\/28\\\/crisis-de-agua-en-oaxaca-san-agustin-etla-corta-el-suministro-a-la-ciudad\\\/#article\",\"isPartOf\":{\"@id\":\"https:\\\/\\\/www.bbmnoticias.com\\\/labravaradiofm\\\/2025\\\/04\\\/28\\\/crisis-de-agua-en-oaxaca-san-agustin-etla-corta-el-suministro-a-la-ciudad\\\/\"},\"author\":{\"name\":\"Staff\",\"@id\":\"https:\\\/\\\/www.bbmnoticias.com\\\/labravaradiofm\\\/#\\\/schema\\\/person\\\/34b139c617a70ea5bef5678bffe4dd7b\"},\"headline\":\"Se espera clima estable en Oaxaca durante este inicio de semana\",\"datePublished\":\"2025-04-28T14:15:02+00:00\",\"dateModified\":\"2025-04-28T14:30:05+00:00\",\"mainEntityOfPage\":{\"@id\":\"https:\\\/\\\/www.bbmnoticias.com\\\/labravaradiofm\\\/2025\\\/04\\\/28\\\/crisis-de-agua-en-oaxaca-san-agustin-etla-corta-el-suministro-a-la-ciudad\\\/\"},\"wordCount\":324,\"image\":{\"@id\":\"https:\\\/\\\/www.bbmnoticias.com\\\/blog\\\/2025\\\/04\\\/28\\\/crisis-de-agua-en-oaxaca-san-agustin-etla-corta-el-suministro-a-la-ciudad\\\/#primaryimage\"},\"thumbnailUrl\":\"https:\\\/\\\/www.bbmnoticias.com\\\/labravaradiofm\\\/wp-content\\\/uploads\\\/sites\\\/5\\\/2025\\\/04\\\/clima_oaxaca-3.jpg\",\"articleSection\":[\"LOCAL\"],\"inLanguage\":\"es\"},{\"@type\":\"WebPage\",\"@id\":\"https:\\\/\\\/www.bbmnoticias.com\\\/labravaradiofm\\\/2025\\\/04\\\/28\\\/crisis-de-agua-en-oaxaca-san-agustin-etla-corta-el-suministro-a-la-ciudad\\\/\",\"url\":\"https:\\\/\\\/www.bbmnoticias.com\\\/blog\\\/2025\\\/04\\\/28\\\/crisis-de-agua-en-oaxaca-san-agustin-etla-corta-el-suministro-a-la-ciudad\\\/\",\"name\":\"Se espera clima estable en Oaxaca durante este inicio de semana - LA BRAVA RADIO\",\"isPartOf\":{\"@id\":\"https:\\\/\\\/www.bbmnoticias.com\\\/labravaradiofm\\\/#website\"},\"primaryImageOfPage\":{\"@id\":\"https:\\\/\\\/www.bbmnoticias.com\\\/blog\\\/2025\\\/04\\\/28\\\/crisis-de-agua-en-oaxaca-san-agustin-etla-corta-el-suministro-a-la-ciudad\\\/#primaryimage\"},\"image\":{\"@id\":\"https:\\\/\\\/www.bbmnoticias.com\\\/blog\\\/2025\\\/04\\\/28\\\/crisis-de-agua-en-oaxaca-san-agustin-etla-corta-el-suministro-a-la-ciudad\\\/#primaryimage\"},\"thumbnailUrl\":\"https:\\\/\\\/www.bbmnoticias.com\\\/labravaradiofm\\\/wp-content\\\/uploads\\\/sites\\\/5\\\/2025\\\/04\\\/clima_oaxaca-3.jpg\",\"datePublished\":\"2025-04-28T14:15:02+00:00\",\"dateModified\":\"2025-04-28T14:30:05+00:00\",\"author\":{\"@id\":\"https:\\\/\\\/www.bbmnoticias.com\\\/labravaradiofm\\\/#\\\/schema\\\/person\\\/34b139c617a70ea5bef5678bffe4dd7b\"},\"breadcrumb\":{\"@id\":\"https:\\\/\\\/www.bbmnoticias.com\\\/blog\\\/2025\\\/04\\\/28\\\/crisis-de-agua-en-oaxaca-san-agustin-etla-corta-el-suministro-a-la-ciudad\\\/#breadcrumb\"},\"inLanguage\":\"es\",\"potentialAction\":[{\"@type\":\"ReadAction\",\"target\":[\"https:\\\/\\\/www.bbmnoticias.com\\\/blog\\\/2025\\\/04\\\/28\\\/crisis-de-agua-en-oaxaca-san-agustin-etla-corta-el-suministro-a-la-ciudad\\\/\"]}]},{\"@type\":\"ImageObject\",\"inLanguage\":\"es\",\"@id\":\"https:\\\/\\\/www.bbmnoticias.com\\\/blog\\\/2025\\\/04\\\/28\\\/crisis-de-agua-en-oaxaca-san-agustin-etla-corta-el-suministro-a-la-ciudad\\\/#primaryimage\",\"url\":\"https:\\\/\\\/www.bbmnoticias.com\\\/labravaradiofm\\\/wp-content\\\/uploads\\\/sites\\\/5\\\/2025\\\/04\\\/clima_oaxaca-3.jpg\",\"contentUrl\":\"https:\\\/\\\/www.bbmnoticias.com\\\/labravaradiofm\\\/wp-content\\\/uploads\\\/sites\\\/5\\\/2025\\\/04\\\/clima_oaxaca-3.jpg\",\"width\":2268,\"height\":1701},{\"@type\":\"BreadcrumbList\",\"@id\":\"https:\\\/\\\/www.bbmnoticias.com\\\/blog\\\/2025\\\/04\\\/28\\\/crisis-de-agua-en-oaxaca-san-agustin-etla-corta-el-suministro-a-la-ciudad\\\/#breadcrumb\",\"itemListElement\":[{\"@type\":\"ListItem\",\"position\":1,\"name\":\"Inicio\",\"item\":\"https:\\\/\\\/www.bbmnoticias.com\\\/labravaradiofm\\\/\"},{\"@type\":\"ListItem\",\"position\":2,\"name\":\"Se espera clima estable en Oaxaca durante este inicio de semana\"}]},{\"@type\":\"WebSite\",\"@id\":\"https:\\\/\\\/www.bbmnoticias.com\\\/labravaradiofm\\\/#website\",\"url\":\"https:\\\/\\\/www.bbmnoticias.com\\\/labravaradiofm\\\/\",\"name\":\"LA BRAVA RADIO\",\"description\":\"Empresa productora de medios, Radiodifusi\u00f3n, Noticias, tendencias y todo lo que necesitas saber de la pol\u00edtica mexicana e internacional; entretenimiento, espect\u00e1culos, salud y mucho m\u00e1s.\",\"potentialAction\":[{\"@type\":\"SearchAction\",\"target\":{\"@type\":\"EntryPoint\",\"urlTemplate\":\"https:\\\/\\\/www.bbmnoticias.com\\\/labravaradiofm\\\/?s={search_term_string}\"},\"query-input\":{\"@type\":\"PropertyValueSpecification\",\"valueRequired\":true,\"valueName\":\"search_term_string\"}}],\"inLanguage\":\"es\"},{\"@type\":\"Person\",\"@id\":\"https:\\\/\\\/www.bbmnoticias.com\\\/labravaradiofm\\\/#\\\/schema\\\/person\\\/34b139c617a70ea5bef5678bffe4dd7b\",\"name\":\"Staff\",\"image\":{\"@type\":\"ImageObject\",\"inLanguage\":\"es\",\"@id\":\"https:\\\/\\\/secure.gravatar.com\\\/avatar\\\/fdd21ad66fd8b98c407f9dee5b5e588cfe7f0d8579ec20fa6527cd59bab7f0f0?s=96&d=mm&r=g\",\"url\":\"https:\\\/\\\/secure.gravatar.com\\\/avatar\\\/fdd21ad66fd8b98c407f9dee5b5e588cfe7f0d8579ec20fa6527cd59bab7f0f0?s=96&d=mm&r=g\",\"contentUrl\":\"https:\\\/\\\/secure.gravatar.com\\\/avatar\\\/fdd21ad66fd8b98c407f9dee5b5e588cfe7f0d8579ec20fa6527cd59bab7f0f0?s=96&d=mm&r=g\",\"caption\":\"Staff\"},\"url\":\"https:\\\/\\\/www.bbmnoticias.com\\\/labravaradiofm\\\/author\\\/redaccion\\\/\"}]}<\/script>\n<!-- \/ Yoast SEO plugin. -->","yoast_head_json":{"title":"Se espera clima estable en Oaxaca durante este inicio de semana - LA BRAVA RADIO","robots":{"index":"index","follow":"follow","max-snippet":"max-snippet:-1","max-image-preview":"max-image-preview:large","max-video-preview":"max-video-preview:-1"},"canonical":"https:\/\/www.bbmnoticias.com\/blog\/2025\/04\/28\/crisis-de-agua-en-oaxaca-san-agustin-etla-corta-el-suministro-a-la-ciudad\/","og_locale":"es_MX","og_type":"article","og_title":"Se espera clima estable en Oaxaca durante este inicio de semana - LA BRAVA RADIO","og_description":"Oaxaca de Ju\u00e1rez, Oax. 28 de abril de 2025.- La Coordinaci\u00f3n Estatal de Protecci\u00f3n Civil y Gesti\u00f3n de Riesgos (CEPCyGR) informa que este lunes se esperan condiciones para un clima estable, por lo que se mantendr\u00e1 una ola de calor en gran parte del estado, as\u00ed como temperaturas muy calurosas que ser\u00e1n m\u00e1s notables sobre [&hellip;]","og_url":"https:\/\/www.bbmnoticias.com\/blog\/2025\/04\/28\/crisis-de-agua-en-oaxaca-san-agustin-etla-corta-el-suministro-a-la-ciudad\/","og_site_name":"LA BRAVA RADIO","article_published_time":"2025-04-28T14:15:02+00:00","article_modified_time":"2025-04-28T14:30:05+00:00","og_image":[{"width":2268,"height":1701,"url":"https:\/\/www.bbmnoticias.com\/labravaradiofm\/wp-content\/uploads\/sites\/5\/2025\/04\/clima_oaxaca-3.jpg","type":"image\/jpeg"}],"author":"Staff","twitter_card":"summary_large_image","twitter_misc":{"Escrito por":"Staff","Tiempo de lectura":"2 minutos"},"schema":{"@context":"https:\/\/schema.org","@graph":[{"@type":"Article","@id":"https:\/\/www.bbmnoticias.com\/blog\/2025\/04\/28\/crisis-de-agua-en-oaxaca-san-agustin-etla-corta-el-suministro-a-la-ciudad\/#article","isPartOf":{"@id":"https:\/\/www.bbmnoticias.com\/labravaradiofm\/2025\/04\/28\/crisis-de-agua-en-oaxaca-san-agustin-etla-corta-el-suministro-a-la-ciudad\/"},"author":{"name":"Staff","@id":"https:\/\/www.bbmnoticias.com\/labravaradiofm\/#\/schema\/person\/34b139c617a70ea5bef5678bffe4dd7b"},"headline":"Se espera clima estable en Oaxaca durante este inicio de semana","datePublished":"2025-04-28T14:15:02+00:00","dateModified":"2025-04-28T14:30:05+00:00","mainEntityOfPage":{"@id":"https:\/\/www.bbmnoticias.com\/labravaradiofm\/2025\/04\/28\/crisis-de-agua-en-oaxaca-san-agustin-etla-corta-el-suministro-a-la-ciudad\/"},"wordCount":324,"image":{"@id":"https:\/\/www.bbmnoticias.com\/blog\/2025\/04\/28\/crisis-de-agua-en-oaxaca-san-agustin-etla-corta-el-suministro-a-la-ciudad\/#primaryimage"},"thumbnailUrl":"https:\/\/www.bbmnoticias.com\/labravaradiofm\/wp-content\/uploads\/sites\/5\/2025\/04\/clima_oaxaca-3.jpg","articleSection":["LOCAL"],"inLanguage":"es"},{"@type":"WebPage","@id":"https:\/\/www.bbmnoticias.com\/labravaradiofm\/2025\/04\/28\/crisis-de-agua-en-oaxaca-san-agustin-etla-corta-el-suministro-a-la-ciudad\/","url":"https:\/\/www.bbmnoticias.com\/blog\/2025\/04\/28\/crisis-de-agua-en-oaxaca-san-agustin-etla-corta-el-suministro-a-la-ciudad\/","name":"Se espera clima estable en Oaxaca durante este inicio de semana - LA BRAVA RADIO","isPartOf":{"@id":"https:\/\/www.bbmnoticias.com\/labravaradiofm\/#website"},"primaryImageOfPage":{"@id":"https:\/\/www.bbmnoticias.com\/blog\/2025\/04\/28\/crisis-de-agua-en-oaxaca-san-agustin-etla-corta-el-suministro-a-la-ciudad\/#primaryimage"},"image":{"@id":"https:\/\/www.bbmnoticias.com\/blog\/2025\/04\/28\/crisis-de-agua-en-oaxaca-san-agustin-etla-corta-el-suministro-a-la-ciudad\/#primaryimage"},"thumbnailUrl":"https:\/\/www.bbmnoticias.com\/labravaradiofm\/wp-content\/uploads\/sites\/5\/2025\/04\/clima_oaxaca-3.jpg","datePublished":"2025-04-28T14:15:02+00:00","dateModified":"2025-04-28T14:30:05+00:00","author":{"@id":"https:\/\/www.bbmnoticias.com\/labravaradiofm\/#\/schema\/person\/34b139c617a70ea5bef5678bffe4dd7b"},"breadcrumb":{"@id":"https:\/\/www.bbmnoticias.com\/blog\/2025\/04\/28\/crisis-de-agua-en-oaxaca-san-agustin-etla-corta-el-suministro-a-la-ciudad\/#breadcrumb"},"inLanguage":"es","potentialAction":[{"@type":"ReadAction","target":["https:\/\/www.bbmnoticias.com\/blog\/2025\/04\/28\/crisis-de-agua-en-oaxaca-san-agustin-etla-corta-el-suministro-a-la-ciudad\/"]}]},{"@type":"ImageObject","inLanguage":"es","@id":"https:\/\/www.bbmnoticias.com\/blog\/2025\/04\/28\/crisis-de-agua-en-oaxaca-san-agustin-etla-corta-el-suministro-a-la-ciudad\/#primaryimage","url":"https:\/\/www.bbmnoticias.com\/labravaradiofm\/wp-content\/uploads\/sites\/5\/2025\/04\/clima_oaxaca-3.jpg","contentUrl":"https:\/\/www.bbmnoticias.com\/labravaradiofm\/wp-content\/uploads\/sites\/5\/2025\/04\/clima_oaxaca-3.jpg","width":2268,"height":1701},{"@type":"BreadcrumbList","@id":"https:\/\/www.bbmnoticias.com\/blog\/2025\/04\/28\/crisis-de-agua-en-oaxaca-san-agustin-etla-corta-el-suministro-a-la-ciudad\/#breadcrumb","itemListElement":[{"@type":"ListItem","position":1,"name":"Inicio","item":"https:\/\/www.bbmnoticias.com\/labravaradiofm\/"},{"@type":"ListItem","position":2,"name":"Se espera clima estable en Oaxaca durante este inicio de semana"}]},{"@type":"WebSite","@id":"https:\/\/www.bbmnoticias.com\/labravaradiofm\/#website","url":"https:\/\/www.bbmnoticias.com\/labravaradiofm\/","name":"LA BRAVA RADIO","description":"Empresa productora de medios, Radiodifusi\u00f3n, Noticias, tendencias y todo lo que necesitas saber de la pol\u00edtica mexicana e internacional; entretenimiento, espect\u00e1culos, salud y mucho m\u00e1s.","potentialAction":[{"@type":"SearchAction","target":{"@type":"EntryPoint","urlTemplate":"https:\/\/www.bbmnoticias.com\/labravaradiofm\/?s={search_term_string}"},"query-input":{"@type":"PropertyValueSpecification","valueRequired":true,"valueName":"search_term_string"}}],"inLanguage":"es"},{"@type":"Person","@id":"https:\/\/www.bbmnoticias.com\/labravaradiofm\/#\/schema\/person\/34b139c617a70ea5bef5678bffe4dd7b","name":"Staff","image":{"@type":"ImageObject","inLanguage":"es","@id":"https:\/\/secure.gravatar.com\/avatar\/fdd21ad66fd8b98c407f9dee5b5e588cfe7f0d8579ec20fa6527cd59bab7f0f0?s=96&d=mm&r=g","url":"https:\/\/secure.gravatar.com\/avatar\/fdd21ad66fd8b98c407f9dee5b5e588cfe7f0d8579ec20fa6527cd59bab7f0f0?s=96&d=mm&r=g","contentUrl":"https:\/\/secure.gravatar.com\/avatar\/fdd21ad66fd8b98c407f9dee5b5e588cfe7f0d8579ec20fa6527cd59bab7f0f0?s=96&d=mm&r=g","caption":"Staff"},"url":"https:\/\/www.bbmnoticias.com\/labravaradiofm\/author\/redaccion\/"}]}},"_links":{"self":[{"href":"https:\/\/www.bbmnoticias.com\/labravaradiofm\/wp-json\/wp\/v2\/posts\/58933","targetHints":{"allow":["GET"]}}],"collection":[{"href":"https:\/\/www.bbmnoticias.com\/labravaradiofm\/wp-json\/wp\/v2\/posts"}],"about":[{"href":"https:\/\/www.bbmnoticias.com\/labravaradiofm\/wp-json\/wp\/v2\/types\/post"}],"author":[{"embeddable":true,"href":"https:\/\/www.bbmnoticias.com\/labravaradiofm\/wp-json\/wp\/v2\/users\/2"}],"replies":[{"embeddable":true,"href":"https:\/\/www.bbmnoticias.com\/labravaradiofm\/wp-json\/wp\/v2\/comments?post=58933"}],"version-history":[{"count":0,"href":"https:\/\/www.bbmnoticias.com\/labravaradiofm\/wp-json\/wp\/v2\/posts\/58933\/revisions"}],"wp:featuredmedia":[{"embeddable":true,"href":"https:\/\/www.bbmnoticias.com\/labravaradiofm\/wp-json\/wp\/v2\/media\/58935"}],"wp:attachment":[{"href":"https:\/\/www.bbmnoticias.com\/labravaradiofm\/wp-json\/wp\/v2\/media?parent=58933"}],"wp:term":[{"taxonomy":"category","embeddable":true,"href":"https:\/\/www.bbmnoticias.com\/labravaradiofm\/wp-json\/wp\/v2\/categories?post=58933"},{"taxonomy":"post_tag","embeddable":true,"href":"https:\/\/www.bbmnoticias.com\/labravaradiofm\/wp-json\/wp\/v2\/tags?post=58933"}],"curies":[{"name":"wp","href":"https:\/\/api.w.org\/{rel}","templated":true}]}}