{"id":58930,"date":"2025-04-27T20:13:13","date_gmt":"2025-04-28T02:13:13","guid":{"rendered":"https:\/\/www.bbmnoticias.com\/labravaradiofm\/2025\/04\/27\/tragico-accidente-cobra-la-vida-de-un-taxista-en-carretera-a-santa-rosa-de-lima\/"},"modified":"2025-04-27T20:13:16","modified_gmt":"2025-04-28T02:13:16","slug":"tragico-accidente-cobra-la-vida-de-un-taxista-en-carretera-a-santa-rosa-de-lima","status":"publish","type":"post","link":"https:\/\/www.bbmnoticias.com\/labravaradiofm\/2025\/04\/27\/tragico-accidente-cobra-la-vida-de-un-taxista-en-carretera-a-santa-rosa-de-lima\/","title":{"rendered":"Tr\u00e1gico accidente cobra la vida de un taxista en carretera a Santa Rosa de Lima"},"content":{"rendered":"<div style=\"margin-top: 0px; margin-bottom: 0px;\" class=\"sharethis-inline-share-buttons\" ><\/div>\n<p>San Blas Atempa, Oaxaca. Un tr\u00e1gico accidente ocurri\u00f3 en la carretera que conduce a la comunidad de Santa Rosa de Lima, dentro de la jurisdicci\u00f3n de San Blas Atempa, a la altura del deportivo \u201cColoso\u201d.<\/p>\n\n\n\n<p>Un taxi del Sitio San Vicente, con n\u00famero econ\u00f3mico 09-235 y colores verde con blanco, sali\u00f3 del camino y se estrell\u00f3 violentamente contra una palmera. Seg\u00fan los primeros reportes, el conductor habr\u00eda perdido el control del veh\u00edculo.<\/p>\n\n\n\n<p>Al lugar acudieron param\u00e9dicos de la Cruz Roja Mexicana, delegaci\u00f3n Tehuantepec, quienes, tras revisar al chofer, confirmaron lamentablemente que ya no contaba con signos vitales, por lo que no fue posible brindarle auxilio.<\/p>\n\n\n\n<p>Elementos de la Polic\u00eda Municipal llegaron para asegurar la zona en espera del arribo del personal de la Fiscal\u00eda, encargado de llevar a cabo las diligencias correspondientes, el levantamiento del cuerpo y el inicio de la investigaci\u00f3n que determinar\u00e1 las causas del siniestro.<\/p>\n\n\n\n<p>El lamentable suceso ha generado gran consternaci\u00f3n entre los taxistas de Juchit\u00e1n, quienes expresaron su pesar por la p\u00e9rdida de un compa\u00f1ero m\u00e1s en el ejercicio de su labor.<\/p>\n","protected":false},"excerpt":{"rendered":"<p>San Blas Atempa, Oaxaca. Un tr\u00e1gico accidente ocurri\u00f3 en la carretera que conduce a la comunidad de Santa Rosa de Lima, dentro de la jurisdicci\u00f3n de San Blas Atempa, a la altura del deportivo \u201cColoso\u201d. Un taxi del Sitio San Vicente, con n\u00famero econ\u00f3mico 09-235 y colores verde con blanco, sali\u00f3 del camino y se [&hellip;]<\/p>\n","protected":false},"author":2,"featured_media":58932,"comment_status":"closed","ping_status":"","sticky":false,"template":"","format":"standard","meta":{"footnotes":""},"categories":[2],"tags":[],"class_list":{"0":"post-58930","1":"post","2":"type-post","3":"status-publish","4":"format-standard","5":"has-post-thumbnail","7":"category-oaxaca"},"yoast_head":"<!-- This site is optimized with the Yoast SEO plugin v27.4 - https:\/\/yoast.com\/product\/yoast-seo-wordpress\/ -->\n<title>Tr\u00e1gico accidente cobra la vida de un taxista en carretera a Santa Rosa de Lima - LA BRAVA RADIO<\/title>\n<meta name=\"robots\" content=\"index, follow, max-snippet:-1, max-image-preview:large, max-video-preview:-1\" \/>\n<link rel=\"canonical\" href=\"https:\/\/www.bbmnoticias.com\/blog\/2025\/04\/27\/tragico-accidente-cobra-la-vida-de-un-taxista-en-carretera-a-santa-rosa-de-lima\/\" \/>\n<meta property=\"og:locale\" content=\"es_MX\" \/>\n<meta property=\"og:type\" content=\"article\" \/>\n<meta property=\"og:title\" content=\"Tr\u00e1gico accidente cobra la vida de un taxista en carretera a Santa Rosa de Lima - LA BRAVA RADIO\" \/>\n<meta property=\"og:description\" content=\"San Blas Atempa, Oaxaca. Un tr\u00e1gico accidente ocurri\u00f3 en la carretera que conduce a la comunidad de Santa Rosa de Lima, dentro de la jurisdicci\u00f3n de San Blas Atempa, a la altura del deportivo \u201cColoso\u201d. Un taxi del Sitio San Vicente, con n\u00famero econ\u00f3mico 09-235 y colores verde con blanco, sali\u00f3 del camino y se [&hellip;]\" \/>\n<meta property=\"og:url\" content=\"https:\/\/www.bbmnoticias.com\/blog\/2025\/04\/27\/tragico-accidente-cobra-la-vida-de-un-taxista-en-carretera-a-santa-rosa-de-lima\/\" \/>\n<meta property=\"og:site_name\" content=\"LA BRAVA RADIO\" \/>\n<meta property=\"article:published_time\" content=\"2025-04-28T02:13:13+00:00\" \/>\n<meta property=\"article:modified_time\" content=\"2025-04-28T02:13:16+00:00\" \/>\n<meta property=\"og:image\" content=\"https:\/\/www.bbmnoticias.com\/labravaradiofm\/wp-content\/uploads\/sites\/5\/2025\/04\/accidente-istmo-1.jpg\" \/>\n\t<meta property=\"og:image:width\" content=\"1600\" \/>\n\t<meta property=\"og:image:height\" content=\"1200\" \/>\n\t<meta property=\"og:image:type\" content=\"image\/jpeg\" \/>\n<meta name=\"author\" content=\"Staff\" \/>\n<meta name=\"twitter:card\" content=\"summary_large_image\" \/>\n<meta name=\"twitter:label1\" content=\"Escrito por\" \/>\n\t<meta name=\"twitter:data1\" content=\"Staff\" \/>\n\t<meta name=\"twitter:label2\" content=\"Tiempo de lectura\" \/>\n\t<meta name=\"twitter:data2\" content=\"1 minuto\" \/>\n<script type=\"application\/ld+json\" class=\"yoast-schema-graph\">{\"@context\":\"https:\\\/\\\/schema.org\",\"@graph\":[{\"@type\":\"Article\",\"@id\":\"https:\\\/\\\/www.bbmnoticias.com\\\/blog\\\/2025\\\/04\\\/27\\\/tragico-accidente-cobra-la-vida-de-un-taxista-en-carretera-a-santa-rosa-de-lima\\\/#article\",\"isPartOf\":{\"@id\":\"https:\\\/\\\/www.bbmnoticias.com\\\/labravaradiofm\\\/2025\\\/04\\\/27\\\/tragico-accidente-cobra-la-vida-de-un-taxista-en-carretera-a-santa-rosa-de-lima\\\/\"},\"author\":{\"name\":\"Staff\",\"@id\":\"https:\\\/\\\/www.bbmnoticias.com\\\/labravaradiofm\\\/#\\\/schema\\\/person\\\/34b139c617a70ea5bef5678bffe4dd7b\"},\"headline\":\"Tr\u00e1gico accidente cobra la vida de un taxista en carretera a Santa Rosa de Lima\",\"datePublished\":\"2025-04-28T02:13:13+00:00\",\"dateModified\":\"2025-04-28T02:13:16+00:00\",\"mainEntityOfPage\":{\"@id\":\"https:\\\/\\\/www.bbmnoticias.com\\\/labravaradiofm\\\/2025\\\/04\\\/27\\\/tragico-accidente-cobra-la-vida-de-un-taxista-en-carretera-a-santa-rosa-de-lima\\\/\"},\"wordCount\":210,\"image\":{\"@id\":\"https:\\\/\\\/www.bbmnoticias.com\\\/blog\\\/2025\\\/04\\\/27\\\/tragico-accidente-cobra-la-vida-de-un-taxista-en-carretera-a-santa-rosa-de-lima\\\/#primaryimage\"},\"thumbnailUrl\":\"https:\\\/\\\/www.bbmnoticias.com\\\/labravaradiofm\\\/wp-content\\\/uploads\\\/sites\\\/5\\\/2025\\\/04\\\/accidente-istmo-1.jpg\",\"articleSection\":[\"LOCAL\"],\"inLanguage\":\"es\"},{\"@type\":\"WebPage\",\"@id\":\"https:\\\/\\\/www.bbmnoticias.com\\\/labravaradiofm\\\/2025\\\/04\\\/27\\\/tragico-accidente-cobra-la-vida-de-un-taxista-en-carretera-a-santa-rosa-de-lima\\\/\",\"url\":\"https:\\\/\\\/www.bbmnoticias.com\\\/blog\\\/2025\\\/04\\\/27\\\/tragico-accidente-cobra-la-vida-de-un-taxista-en-carretera-a-santa-rosa-de-lima\\\/\",\"name\":\"Tr\u00e1gico accidente cobra la vida de un taxista en carretera a Santa Rosa de Lima - LA BRAVA RADIO\",\"isPartOf\":{\"@id\":\"https:\\\/\\\/www.bbmnoticias.com\\\/labravaradiofm\\\/#website\"},\"primaryImageOfPage\":{\"@id\":\"https:\\\/\\\/www.bbmnoticias.com\\\/blog\\\/2025\\\/04\\\/27\\\/tragico-accidente-cobra-la-vida-de-un-taxista-en-carretera-a-santa-rosa-de-lima\\\/#primaryimage\"},\"image\":{\"@id\":\"https:\\\/\\\/www.bbmnoticias.com\\\/blog\\\/2025\\\/04\\\/27\\\/tragico-accidente-cobra-la-vida-de-un-taxista-en-carretera-a-santa-rosa-de-lima\\\/#primaryimage\"},\"thumbnailUrl\":\"https:\\\/\\\/www.bbmnoticias.com\\\/labravaradiofm\\\/wp-content\\\/uploads\\\/sites\\\/5\\\/2025\\\/04\\\/accidente-istmo-1.jpg\",\"datePublished\":\"2025-04-28T02:13:13+00:00\",\"dateModified\":\"2025-04-28T02:13:16+00:00\",\"author\":{\"@id\":\"https:\\\/\\\/www.bbmnoticias.com\\\/labravaradiofm\\\/#\\\/schema\\\/person\\\/34b139c617a70ea5bef5678bffe4dd7b\"},\"breadcrumb\":{\"@id\":\"https:\\\/\\\/www.bbmnoticias.com\\\/blog\\\/2025\\\/04\\\/27\\\/tragico-accidente-cobra-la-vida-de-un-taxista-en-carretera-a-santa-rosa-de-lima\\\/#breadcrumb\"},\"inLanguage\":\"es\",\"potentialAction\":[{\"@type\":\"ReadAction\",\"target\":[\"https:\\\/\\\/www.bbmnoticias.com\\\/blog\\\/2025\\\/04\\\/27\\\/tragico-accidente-cobra-la-vida-de-un-taxista-en-carretera-a-santa-rosa-de-lima\\\/\"]}]},{\"@type\":\"ImageObject\",\"inLanguage\":\"es\",\"@id\":\"https:\\\/\\\/www.bbmnoticias.com\\\/blog\\\/2025\\\/04\\\/27\\\/tragico-accidente-cobra-la-vida-de-un-taxista-en-carretera-a-santa-rosa-de-lima\\\/#primaryimage\",\"url\":\"https:\\\/\\\/www.bbmnoticias.com\\\/labravaradiofm\\\/wp-content\\\/uploads\\\/sites\\\/5\\\/2025\\\/04\\\/accidente-istmo-1.jpg\",\"contentUrl\":\"https:\\\/\\\/www.bbmnoticias.com\\\/labravaradiofm\\\/wp-content\\\/uploads\\\/sites\\\/5\\\/2025\\\/04\\\/accidente-istmo-1.jpg\",\"width\":1600,\"height\":1200},{\"@type\":\"BreadcrumbList\",\"@id\":\"https:\\\/\\\/www.bbmnoticias.com\\\/blog\\\/2025\\\/04\\\/27\\\/tragico-accidente-cobra-la-vida-de-un-taxista-en-carretera-a-santa-rosa-de-lima\\\/#breadcrumb\",\"itemListElement\":[{\"@type\":\"ListItem\",\"position\":1,\"name\":\"Inicio\",\"item\":\"https:\\\/\\\/www.bbmnoticias.com\\\/labravaradiofm\\\/\"},{\"@type\":\"ListItem\",\"position\":2,\"name\":\"Tr\u00e1gico accidente cobra la vida de un taxista en carretera a Santa Rosa de Lima\"}]},{\"@type\":\"WebSite\",\"@id\":\"https:\\\/\\\/www.bbmnoticias.com\\\/labravaradiofm\\\/#website\",\"url\":\"https:\\\/\\\/www.bbmnoticias.com\\\/labravaradiofm\\\/\",\"name\":\"LA BRAVA RADIO\",\"description\":\"Empresa productora de medios, Radiodifusi\u00f3n, Noticias, tendencias y todo lo que necesitas saber de la pol\u00edtica mexicana e internacional; entretenimiento, espect\u00e1culos, salud y mucho m\u00e1s.\",\"potentialAction\":[{\"@type\":\"SearchAction\",\"target\":{\"@type\":\"EntryPoint\",\"urlTemplate\":\"https:\\\/\\\/www.bbmnoticias.com\\\/labravaradiofm\\\/?s={search_term_string}\"},\"query-input\":{\"@type\":\"PropertyValueSpecification\",\"valueRequired\":true,\"valueName\":\"search_term_string\"}}],\"inLanguage\":\"es\"},{\"@type\":\"Person\",\"@id\":\"https:\\\/\\\/www.bbmnoticias.com\\\/labravaradiofm\\\/#\\\/schema\\\/person\\\/34b139c617a70ea5bef5678bffe4dd7b\",\"name\":\"Staff\",\"image\":{\"@type\":\"ImageObject\",\"inLanguage\":\"es\",\"@id\":\"https:\\\/\\\/secure.gravatar.com\\\/avatar\\\/fdd21ad66fd8b98c407f9dee5b5e588cfe7f0d8579ec20fa6527cd59bab7f0f0?s=96&d=mm&r=g\",\"url\":\"https:\\\/\\\/secure.gravatar.com\\\/avatar\\\/fdd21ad66fd8b98c407f9dee5b5e588cfe7f0d8579ec20fa6527cd59bab7f0f0?s=96&d=mm&r=g\",\"contentUrl\":\"https:\\\/\\\/secure.gravatar.com\\\/avatar\\\/fdd21ad66fd8b98c407f9dee5b5e588cfe7f0d8579ec20fa6527cd59bab7f0f0?s=96&d=mm&r=g\",\"caption\":\"Staff\"},\"url\":\"https:\\\/\\\/www.bbmnoticias.com\\\/labravaradiofm\\\/author\\\/redaccion\\\/\"}]}<\/script>\n<!-- \/ Yoast SEO plugin. -->","yoast_head_json":{"title":"Tr\u00e1gico accidente cobra la vida de un taxista en carretera a Santa Rosa de Lima - LA BRAVA RADIO","robots":{"index":"index","follow":"follow","max-snippet":"max-snippet:-1","max-image-preview":"max-image-preview:large","max-video-preview":"max-video-preview:-1"},"canonical":"https:\/\/www.bbmnoticias.com\/blog\/2025\/04\/27\/tragico-accidente-cobra-la-vida-de-un-taxista-en-carretera-a-santa-rosa-de-lima\/","og_locale":"es_MX","og_type":"article","og_title":"Tr\u00e1gico accidente cobra la vida de un taxista en carretera a Santa Rosa de Lima - LA BRAVA RADIO","og_description":"San Blas Atempa, Oaxaca. Un tr\u00e1gico accidente ocurri\u00f3 en la carretera que conduce a la comunidad de Santa Rosa de Lima, dentro de la jurisdicci\u00f3n de San Blas Atempa, a la altura del deportivo \u201cColoso\u201d. Un taxi del Sitio San Vicente, con n\u00famero econ\u00f3mico 09-235 y colores verde con blanco, sali\u00f3 del camino y se [&hellip;]","og_url":"https:\/\/www.bbmnoticias.com\/blog\/2025\/04\/27\/tragico-accidente-cobra-la-vida-de-un-taxista-en-carretera-a-santa-rosa-de-lima\/","og_site_name":"LA BRAVA RADIO","article_published_time":"2025-04-28T02:13:13+00:00","article_modified_time":"2025-04-28T02:13:16+00:00","og_image":[{"width":1600,"height":1200,"url":"https:\/\/www.bbmnoticias.com\/labravaradiofm\/wp-content\/uploads\/sites\/5\/2025\/04\/accidente-istmo-1.jpg","type":"image\/jpeg"}],"author":"Staff","twitter_card":"summary_large_image","twitter_misc":{"Escrito por":"Staff","Tiempo de lectura":"1 minuto"},"schema":{"@context":"https:\/\/schema.org","@graph":[{"@type":"Article","@id":"https:\/\/www.bbmnoticias.com\/blog\/2025\/04\/27\/tragico-accidente-cobra-la-vida-de-un-taxista-en-carretera-a-santa-rosa-de-lima\/#article","isPartOf":{"@id":"https:\/\/www.bbmnoticias.com\/labravaradiofm\/2025\/04\/27\/tragico-accidente-cobra-la-vida-de-un-taxista-en-carretera-a-santa-rosa-de-lima\/"},"author":{"name":"Staff","@id":"https:\/\/www.bbmnoticias.com\/labravaradiofm\/#\/schema\/person\/34b139c617a70ea5bef5678bffe4dd7b"},"headline":"Tr\u00e1gico accidente cobra la vida de un taxista en carretera a Santa Rosa de Lima","datePublished":"2025-04-28T02:13:13+00:00","dateModified":"2025-04-28T02:13:16+00:00","mainEntityOfPage":{"@id":"https:\/\/www.bbmnoticias.com\/labravaradiofm\/2025\/04\/27\/tragico-accidente-cobra-la-vida-de-un-taxista-en-carretera-a-santa-rosa-de-lima\/"},"wordCount":210,"image":{"@id":"https:\/\/www.bbmnoticias.com\/blog\/2025\/04\/27\/tragico-accidente-cobra-la-vida-de-un-taxista-en-carretera-a-santa-rosa-de-lima\/#primaryimage"},"thumbnailUrl":"https:\/\/www.bbmnoticias.com\/labravaradiofm\/wp-content\/uploads\/sites\/5\/2025\/04\/accidente-istmo-1.jpg","articleSection":["LOCAL"],"inLanguage":"es"},{"@type":"WebPage","@id":"https:\/\/www.bbmnoticias.com\/labravaradiofm\/2025\/04\/27\/tragico-accidente-cobra-la-vida-de-un-taxista-en-carretera-a-santa-rosa-de-lima\/","url":"https:\/\/www.bbmnoticias.com\/blog\/2025\/04\/27\/tragico-accidente-cobra-la-vida-de-un-taxista-en-carretera-a-santa-rosa-de-lima\/","name":"Tr\u00e1gico accidente cobra la vida de un taxista en carretera a Santa Rosa de Lima - LA BRAVA RADIO","isPartOf":{"@id":"https:\/\/www.bbmnoticias.com\/labravaradiofm\/#website"},"primaryImageOfPage":{"@id":"https:\/\/www.bbmnoticias.com\/blog\/2025\/04\/27\/tragico-accidente-cobra-la-vida-de-un-taxista-en-carretera-a-santa-rosa-de-lima\/#primaryimage"},"image":{"@id":"https:\/\/www.bbmnoticias.com\/blog\/2025\/04\/27\/tragico-accidente-cobra-la-vida-de-un-taxista-en-carretera-a-santa-rosa-de-lima\/#primaryimage"},"thumbnailUrl":"https:\/\/www.bbmnoticias.com\/labravaradiofm\/wp-content\/uploads\/sites\/5\/2025\/04\/accidente-istmo-1.jpg","datePublished":"2025-04-28T02:13:13+00:00","dateModified":"2025-04-28T02:13:16+00:00","author":{"@id":"https:\/\/www.bbmnoticias.com\/labravaradiofm\/#\/schema\/person\/34b139c617a70ea5bef5678bffe4dd7b"},"breadcrumb":{"@id":"https:\/\/www.bbmnoticias.com\/blog\/2025\/04\/27\/tragico-accidente-cobra-la-vida-de-un-taxista-en-carretera-a-santa-rosa-de-lima\/#breadcrumb"},"inLanguage":"es","potentialAction":[{"@type":"ReadAction","target":["https:\/\/www.bbmnoticias.com\/blog\/2025\/04\/27\/tragico-accidente-cobra-la-vida-de-un-taxista-en-carretera-a-santa-rosa-de-lima\/"]}]},{"@type":"ImageObject","inLanguage":"es","@id":"https:\/\/www.bbmnoticias.com\/blog\/2025\/04\/27\/tragico-accidente-cobra-la-vida-de-un-taxista-en-carretera-a-santa-rosa-de-lima\/#primaryimage","url":"https:\/\/www.bbmnoticias.com\/labravaradiofm\/wp-content\/uploads\/sites\/5\/2025\/04\/accidente-istmo-1.jpg","contentUrl":"https:\/\/www.bbmnoticias.com\/labravaradiofm\/wp-content\/uploads\/sites\/5\/2025\/04\/accidente-istmo-1.jpg","width":1600,"height":1200},{"@type":"BreadcrumbList","@id":"https:\/\/www.bbmnoticias.com\/blog\/2025\/04\/27\/tragico-accidente-cobra-la-vida-de-un-taxista-en-carretera-a-santa-rosa-de-lima\/#breadcrumb","itemListElement":[{"@type":"ListItem","position":1,"name":"Inicio","item":"https:\/\/www.bbmnoticias.com\/labravaradiofm\/"},{"@type":"ListItem","position":2,"name":"Tr\u00e1gico accidente cobra la vida de un taxista en carretera a Santa Rosa de Lima"}]},{"@type":"WebSite","@id":"https:\/\/www.bbmnoticias.com\/labravaradiofm\/#website","url":"https:\/\/www.bbmnoticias.com\/labravaradiofm\/","name":"LA BRAVA RADIO","description":"Empresa productora de medios, Radiodifusi\u00f3n, Noticias, tendencias y todo lo que necesitas saber de la pol\u00edtica mexicana e internacional; entretenimiento, espect\u00e1culos, salud y mucho m\u00e1s.","potentialAction":[{"@type":"SearchAction","target":{"@type":"EntryPoint","urlTemplate":"https:\/\/www.bbmnoticias.com\/labravaradiofm\/?s={search_term_string}"},"query-input":{"@type":"PropertyValueSpecification","valueRequired":true,"valueName":"search_term_string"}}],"inLanguage":"es"},{"@type":"Person","@id":"https:\/\/www.bbmnoticias.com\/labravaradiofm\/#\/schema\/person\/34b139c617a70ea5bef5678bffe4dd7b","name":"Staff","image":{"@type":"ImageObject","inLanguage":"es","@id":"https:\/\/secure.gravatar.com\/avatar\/fdd21ad66fd8b98c407f9dee5b5e588cfe7f0d8579ec20fa6527cd59bab7f0f0?s=96&d=mm&r=g","url":"https:\/\/secure.gravatar.com\/avatar\/fdd21ad66fd8b98c407f9dee5b5e588cfe7f0d8579ec20fa6527cd59bab7f0f0?s=96&d=mm&r=g","contentUrl":"https:\/\/secure.gravatar.com\/avatar\/fdd21ad66fd8b98c407f9dee5b5e588cfe7f0d8579ec20fa6527cd59bab7f0f0?s=96&d=mm&r=g","caption":"Staff"},"url":"https:\/\/www.bbmnoticias.com\/labravaradiofm\/author\/redaccion\/"}]}},"_links":{"self":[{"href":"https:\/\/www.bbmnoticias.com\/labravaradiofm\/wp-json\/wp\/v2\/posts\/58930","targetHints":{"allow":["GET"]}}],"collection":[{"href":"https:\/\/www.bbmnoticias.com\/labravaradiofm\/wp-json\/wp\/v2\/posts"}],"about":[{"href":"https:\/\/www.bbmnoticias.com\/labravaradiofm\/wp-json\/wp\/v2\/types\/post"}],"author":[{"embeddable":true,"href":"https:\/\/www.bbmnoticias.com\/labravaradiofm\/wp-json\/wp\/v2\/users\/2"}],"replies":[{"embeddable":true,"href":"https:\/\/www.bbmnoticias.com\/labravaradiofm\/wp-json\/wp\/v2\/comments?post=58930"}],"version-history":[{"count":0,"href":"https:\/\/www.bbmnoticias.com\/labravaradiofm\/wp-json\/wp\/v2\/posts\/58930\/revisions"}],"wp:featuredmedia":[{"embeddable":true,"href":"https:\/\/www.bbmnoticias.com\/labravaradiofm\/wp-json\/wp\/v2\/media\/58932"}],"wp:attachment":[{"href":"https:\/\/www.bbmnoticias.com\/labravaradiofm\/wp-json\/wp\/v2\/media?parent=58930"}],"wp:term":[{"taxonomy":"category","embeddable":true,"href":"https:\/\/www.bbmnoticias.com\/labravaradiofm\/wp-json\/wp\/v2\/categories?post=58930"},{"taxonomy":"post_tag","embeddable":true,"href":"https:\/\/www.bbmnoticias.com\/labravaradiofm\/wp-json\/wp\/v2\/tags?post=58930"}],"curies":[{"name":"wp","href":"https:\/\/api.w.org\/{rel}","templated":true}]}}