{"id":58289,"date":"2025-04-14T19:54:48","date_gmt":"2025-04-15T01:54:48","guid":{"rendered":"https:\/\/www.bbmnoticias.com\/labravaradiofm\/2025\/04\/14\/atiende-coesfo-incendio-forestal-en-san-pablo-huixtepec\/"},"modified":"2025-04-14T19:54:54","modified_gmt":"2025-04-15T01:54:54","slug":"atiende-coesfo-incendio-forestal-en-san-pablo-huixtepec","status":"publish","type":"post","link":"https:\/\/www.bbmnoticias.com\/labravaradiofm\/2025\/04\/14\/atiende-coesfo-incendio-forestal-en-san-pablo-huixtepec\/","title":{"rendered":"Atiende Coesfo incendio forestal en San Pablo Huixtepec"},"content":{"rendered":"<div style=\"margin-top: 0px; margin-bottom: 0px;\" class=\"sharethis-inline-share-buttons\" ><\/div>\n<p>El Gobierno de Oaxaca a trav\u00e9s de la Comisi\u00f3n Estatal Forestal (Coesfo) atiende el incendio forestal registrado en el municipio de San Pablo Huixtepec, en la regi\u00f3n Valles Centrales.<\/p>\n\n\n\n<p>Para la atenci\u00f3n del incidente se moviliz\u00f3 la brigada San Jos\u00e9 del Pac\u00edfico, la cual se encuentra en la zona realizando labores de combate para contener el fuego en el \u00e1rea.<\/p>\n\n\n\n<p>La dependencia exhorta a la poblaci\u00f3n evitar el uso del fuego en el campo, as\u00ed como la quema de basura cerca de zonas con cobertura vegetal o forestal, ya que en esta temporada de estiaje los incendios forestales pueden ser dif\u00edciles de controlar.<\/p>\n\n\n\n<p>En caso de detectar fuego, calor o humo, es importante informar inmediatamente a las autoridades correspondientes a los n\u00fameros telef\u00f3nicos 951 503 2166 y 951 503 25 37 de la Coesfo, as\u00ed como al 951 515 0520, 951 516 5112 y 951 516 5466 de la Comisi\u00f3n Nacional Forestal (Conafor), o al 9-1-1 de la Secretar\u00eda de Seguridad y Protecci\u00f3n Ciudadana (SSPC).<\/p>\n","protected":false},"excerpt":{"rendered":"<p>El Gobierno de Oaxaca a trav\u00e9s de la Comisi\u00f3n Estatal Forestal (Coesfo) atiende el incendio forestal registrado en el municipio de San Pablo Huixtepec, en la regi\u00f3n Valles Centrales. Para la atenci\u00f3n del incidente se moviliz\u00f3 la brigada San Jos\u00e9 del Pac\u00edfico, la cual se encuentra en la zona realizando labores de combate para contener [&hellip;]<\/p>\n","protected":false},"author":2,"featured_media":58291,"comment_status":"closed","ping_status":"","sticky":false,"template":"","format":"standard","meta":{"footnotes":""},"categories":[2],"tags":[],"class_list":{"0":"post-58289","1":"post","2":"type-post","3":"status-publish","4":"format-standard","5":"has-post-thumbnail","7":"category-oaxaca"},"yoast_head":"<!-- This site is optimized with the Yoast SEO plugin v27.4 - https:\/\/yoast.com\/product\/yoast-seo-wordpress\/ -->\n<title>Atiende Coesfo incendio forestal en San Pablo Huixtepec - LA BRAVA RADIO<\/title>\n<meta name=\"robots\" content=\"index, follow, max-snippet:-1, max-image-preview:large, max-video-preview:-1\" \/>\n<link rel=\"canonical\" href=\"https:\/\/www.bbmnoticias.com\/blog\/2025\/04\/14\/atiende-coesfo-incendio-forestal-en-san-pablo-huixtepec\/\" \/>\n<meta property=\"og:locale\" content=\"es_MX\" \/>\n<meta property=\"og:type\" content=\"article\" \/>\n<meta property=\"og:title\" content=\"Atiende Coesfo incendio forestal en San Pablo Huixtepec - LA BRAVA RADIO\" \/>\n<meta property=\"og:description\" content=\"El Gobierno de Oaxaca a trav\u00e9s de la Comisi\u00f3n Estatal Forestal (Coesfo) atiende el incendio forestal registrado en el municipio de San Pablo Huixtepec, en la regi\u00f3n Valles Centrales. Para la atenci\u00f3n del incidente se moviliz\u00f3 la brigada San Jos\u00e9 del Pac\u00edfico, la cual se encuentra en la zona realizando labores de combate para contener [&hellip;]\" \/>\n<meta property=\"og:url\" content=\"https:\/\/www.bbmnoticias.com\/blog\/2025\/04\/14\/atiende-coesfo-incendio-forestal-en-san-pablo-huixtepec\/\" \/>\n<meta property=\"og:site_name\" content=\"LA BRAVA RADIO\" \/>\n<meta property=\"article:published_time\" content=\"2025-04-15T01:54:48+00:00\" \/>\n<meta property=\"article:modified_time\" content=\"2025-04-15T01:54:54+00:00\" \/>\n<meta property=\"og:image\" content=\"https:\/\/www.bbmnoticias.com\/labravaradiofm\/wp-content\/uploads\/sites\/5\/2025\/04\/Atiende-Coesfo-incendio-forestal-en-San-Pablo-Huixtepec-1.jpeg\" \/>\n\t<meta property=\"og:image:width\" content=\"1280\" \/>\n\t<meta property=\"og:image:height\" content=\"720\" \/>\n\t<meta property=\"og:image:type\" content=\"image\/jpeg\" \/>\n<meta name=\"author\" content=\"Staff\" \/>\n<meta name=\"twitter:card\" content=\"summary_large_image\" \/>\n<meta name=\"twitter:label1\" content=\"Escrito por\" \/>\n\t<meta name=\"twitter:data1\" content=\"Staff\" \/>\n\t<meta name=\"twitter:label2\" content=\"Tiempo de lectura\" \/>\n\t<meta name=\"twitter:data2\" content=\"1 minuto\" \/>\n<script type=\"application\/ld+json\" class=\"yoast-schema-graph\">{\"@context\":\"https:\\\/\\\/schema.org\",\"@graph\":[{\"@type\":\"Article\",\"@id\":\"https:\\\/\\\/www.bbmnoticias.com\\\/blog\\\/2025\\\/04\\\/14\\\/atiende-coesfo-incendio-forestal-en-san-pablo-huixtepec\\\/#article\",\"isPartOf\":{\"@id\":\"https:\\\/\\\/www.bbmnoticias.com\\\/labravaradiofm\\\/2025\\\/04\\\/14\\\/atiende-coesfo-incendio-forestal-en-san-pablo-huixtepec\\\/\"},\"author\":{\"name\":\"Staff\",\"@id\":\"https:\\\/\\\/www.bbmnoticias.com\\\/labravaradiofm\\\/#\\\/schema\\\/person\\\/34b139c617a70ea5bef5678bffe4dd7b\"},\"headline\":\"Atiende Coesfo incendio forestal en San Pablo Huixtepec\",\"datePublished\":\"2025-04-15T01:54:48+00:00\",\"dateModified\":\"2025-04-15T01:54:54+00:00\",\"mainEntityOfPage\":{\"@id\":\"https:\\\/\\\/www.bbmnoticias.com\\\/labravaradiofm\\\/2025\\\/04\\\/14\\\/atiende-coesfo-incendio-forestal-en-san-pablo-huixtepec\\\/\"},\"wordCount\":170,\"image\":{\"@id\":\"https:\\\/\\\/www.bbmnoticias.com\\\/blog\\\/2025\\\/04\\\/14\\\/atiende-coesfo-incendio-forestal-en-san-pablo-huixtepec\\\/#primaryimage\"},\"thumbnailUrl\":\"https:\\\/\\\/www.bbmnoticias.com\\\/labravaradiofm\\\/wp-content\\\/uploads\\\/sites\\\/5\\\/2025\\\/04\\\/Atiende-Coesfo-incendio-forestal-en-San-Pablo-Huixtepec-1.jpeg\",\"articleSection\":[\"LOCAL\"],\"inLanguage\":\"es\"},{\"@type\":\"WebPage\",\"@id\":\"https:\\\/\\\/www.bbmnoticias.com\\\/labravaradiofm\\\/2025\\\/04\\\/14\\\/atiende-coesfo-incendio-forestal-en-san-pablo-huixtepec\\\/\",\"url\":\"https:\\\/\\\/www.bbmnoticias.com\\\/blog\\\/2025\\\/04\\\/14\\\/atiende-coesfo-incendio-forestal-en-san-pablo-huixtepec\\\/\",\"name\":\"Atiende Coesfo incendio forestal en San Pablo Huixtepec - LA BRAVA RADIO\",\"isPartOf\":{\"@id\":\"https:\\\/\\\/www.bbmnoticias.com\\\/labravaradiofm\\\/#website\"},\"primaryImageOfPage\":{\"@id\":\"https:\\\/\\\/www.bbmnoticias.com\\\/blog\\\/2025\\\/04\\\/14\\\/atiende-coesfo-incendio-forestal-en-san-pablo-huixtepec\\\/#primaryimage\"},\"image\":{\"@id\":\"https:\\\/\\\/www.bbmnoticias.com\\\/blog\\\/2025\\\/04\\\/14\\\/atiende-coesfo-incendio-forestal-en-san-pablo-huixtepec\\\/#primaryimage\"},\"thumbnailUrl\":\"https:\\\/\\\/www.bbmnoticias.com\\\/labravaradiofm\\\/wp-content\\\/uploads\\\/sites\\\/5\\\/2025\\\/04\\\/Atiende-Coesfo-incendio-forestal-en-San-Pablo-Huixtepec-1.jpeg\",\"datePublished\":\"2025-04-15T01:54:48+00:00\",\"dateModified\":\"2025-04-15T01:54:54+00:00\",\"author\":{\"@id\":\"https:\\\/\\\/www.bbmnoticias.com\\\/labravaradiofm\\\/#\\\/schema\\\/person\\\/34b139c617a70ea5bef5678bffe4dd7b\"},\"breadcrumb\":{\"@id\":\"https:\\\/\\\/www.bbmnoticias.com\\\/blog\\\/2025\\\/04\\\/14\\\/atiende-coesfo-incendio-forestal-en-san-pablo-huixtepec\\\/#breadcrumb\"},\"inLanguage\":\"es\",\"potentialAction\":[{\"@type\":\"ReadAction\",\"target\":[\"https:\\\/\\\/www.bbmnoticias.com\\\/blog\\\/2025\\\/04\\\/14\\\/atiende-coesfo-incendio-forestal-en-san-pablo-huixtepec\\\/\"]}]},{\"@type\":\"ImageObject\",\"inLanguage\":\"es\",\"@id\":\"https:\\\/\\\/www.bbmnoticias.com\\\/blog\\\/2025\\\/04\\\/14\\\/atiende-coesfo-incendio-forestal-en-san-pablo-huixtepec\\\/#primaryimage\",\"url\":\"https:\\\/\\\/www.bbmnoticias.com\\\/labravaradiofm\\\/wp-content\\\/uploads\\\/sites\\\/5\\\/2025\\\/04\\\/Atiende-Coesfo-incendio-forestal-en-San-Pablo-Huixtepec-1.jpeg\",\"contentUrl\":\"https:\\\/\\\/www.bbmnoticias.com\\\/labravaradiofm\\\/wp-content\\\/uploads\\\/sites\\\/5\\\/2025\\\/04\\\/Atiende-Coesfo-incendio-forestal-en-San-Pablo-Huixtepec-1.jpeg\",\"width\":1280,\"height\":720},{\"@type\":\"BreadcrumbList\",\"@id\":\"https:\\\/\\\/www.bbmnoticias.com\\\/blog\\\/2025\\\/04\\\/14\\\/atiende-coesfo-incendio-forestal-en-san-pablo-huixtepec\\\/#breadcrumb\",\"itemListElement\":[{\"@type\":\"ListItem\",\"position\":1,\"name\":\"Inicio\",\"item\":\"https:\\\/\\\/www.bbmnoticias.com\\\/labravaradiofm\\\/\"},{\"@type\":\"ListItem\",\"position\":2,\"name\":\"Atiende Coesfo incendio forestal en San Pablo Huixtepec\"}]},{\"@type\":\"WebSite\",\"@id\":\"https:\\\/\\\/www.bbmnoticias.com\\\/labravaradiofm\\\/#website\",\"url\":\"https:\\\/\\\/www.bbmnoticias.com\\\/labravaradiofm\\\/\",\"name\":\"LA BRAVA RADIO\",\"description\":\"Empresa productora de medios, Radiodifusi\u00f3n, Noticias, tendencias y todo lo que necesitas saber de la pol\u00edtica mexicana e internacional; entretenimiento, espect\u00e1culos, salud y mucho m\u00e1s.\",\"potentialAction\":[{\"@type\":\"SearchAction\",\"target\":{\"@type\":\"EntryPoint\",\"urlTemplate\":\"https:\\\/\\\/www.bbmnoticias.com\\\/labravaradiofm\\\/?s={search_term_string}\"},\"query-input\":{\"@type\":\"PropertyValueSpecification\",\"valueRequired\":true,\"valueName\":\"search_term_string\"}}],\"inLanguage\":\"es\"},{\"@type\":\"Person\",\"@id\":\"https:\\\/\\\/www.bbmnoticias.com\\\/labravaradiofm\\\/#\\\/schema\\\/person\\\/34b139c617a70ea5bef5678bffe4dd7b\",\"name\":\"Staff\",\"image\":{\"@type\":\"ImageObject\",\"inLanguage\":\"es\",\"@id\":\"https:\\\/\\\/secure.gravatar.com\\\/avatar\\\/fdd21ad66fd8b98c407f9dee5b5e588cfe7f0d8579ec20fa6527cd59bab7f0f0?s=96&d=mm&r=g\",\"url\":\"https:\\\/\\\/secure.gravatar.com\\\/avatar\\\/fdd21ad66fd8b98c407f9dee5b5e588cfe7f0d8579ec20fa6527cd59bab7f0f0?s=96&d=mm&r=g\",\"contentUrl\":\"https:\\\/\\\/secure.gravatar.com\\\/avatar\\\/fdd21ad66fd8b98c407f9dee5b5e588cfe7f0d8579ec20fa6527cd59bab7f0f0?s=96&d=mm&r=g\",\"caption\":\"Staff\"},\"url\":\"https:\\\/\\\/www.bbmnoticias.com\\\/labravaradiofm\\\/author\\\/redaccion\\\/\"}]}<\/script>\n<!-- \/ Yoast SEO plugin. -->","yoast_head_json":{"title":"Atiende Coesfo incendio forestal en San Pablo Huixtepec - LA BRAVA RADIO","robots":{"index":"index","follow":"follow","max-snippet":"max-snippet:-1","max-image-preview":"max-image-preview:large","max-video-preview":"max-video-preview:-1"},"canonical":"https:\/\/www.bbmnoticias.com\/blog\/2025\/04\/14\/atiende-coesfo-incendio-forestal-en-san-pablo-huixtepec\/","og_locale":"es_MX","og_type":"article","og_title":"Atiende Coesfo incendio forestal en San Pablo Huixtepec - LA BRAVA RADIO","og_description":"El Gobierno de Oaxaca a trav\u00e9s de la Comisi\u00f3n Estatal Forestal (Coesfo) atiende el incendio forestal registrado en el municipio de San Pablo Huixtepec, en la regi\u00f3n Valles Centrales. Para la atenci\u00f3n del incidente se moviliz\u00f3 la brigada San Jos\u00e9 del Pac\u00edfico, la cual se encuentra en la zona realizando labores de combate para contener [&hellip;]","og_url":"https:\/\/www.bbmnoticias.com\/blog\/2025\/04\/14\/atiende-coesfo-incendio-forestal-en-san-pablo-huixtepec\/","og_site_name":"LA BRAVA RADIO","article_published_time":"2025-04-15T01:54:48+00:00","article_modified_time":"2025-04-15T01:54:54+00:00","og_image":[{"width":1280,"height":720,"url":"https:\/\/www.bbmnoticias.com\/labravaradiofm\/wp-content\/uploads\/sites\/5\/2025\/04\/Atiende-Coesfo-incendio-forestal-en-San-Pablo-Huixtepec-1.jpeg","type":"image\/jpeg"}],"author":"Staff","twitter_card":"summary_large_image","twitter_misc":{"Escrito por":"Staff","Tiempo de lectura":"1 minuto"},"schema":{"@context":"https:\/\/schema.org","@graph":[{"@type":"Article","@id":"https:\/\/www.bbmnoticias.com\/blog\/2025\/04\/14\/atiende-coesfo-incendio-forestal-en-san-pablo-huixtepec\/#article","isPartOf":{"@id":"https:\/\/www.bbmnoticias.com\/labravaradiofm\/2025\/04\/14\/atiende-coesfo-incendio-forestal-en-san-pablo-huixtepec\/"},"author":{"name":"Staff","@id":"https:\/\/www.bbmnoticias.com\/labravaradiofm\/#\/schema\/person\/34b139c617a70ea5bef5678bffe4dd7b"},"headline":"Atiende Coesfo incendio forestal en San Pablo Huixtepec","datePublished":"2025-04-15T01:54:48+00:00","dateModified":"2025-04-15T01:54:54+00:00","mainEntityOfPage":{"@id":"https:\/\/www.bbmnoticias.com\/labravaradiofm\/2025\/04\/14\/atiende-coesfo-incendio-forestal-en-san-pablo-huixtepec\/"},"wordCount":170,"image":{"@id":"https:\/\/www.bbmnoticias.com\/blog\/2025\/04\/14\/atiende-coesfo-incendio-forestal-en-san-pablo-huixtepec\/#primaryimage"},"thumbnailUrl":"https:\/\/www.bbmnoticias.com\/labravaradiofm\/wp-content\/uploads\/sites\/5\/2025\/04\/Atiende-Coesfo-incendio-forestal-en-San-Pablo-Huixtepec-1.jpeg","articleSection":["LOCAL"],"inLanguage":"es"},{"@type":"WebPage","@id":"https:\/\/www.bbmnoticias.com\/labravaradiofm\/2025\/04\/14\/atiende-coesfo-incendio-forestal-en-san-pablo-huixtepec\/","url":"https:\/\/www.bbmnoticias.com\/blog\/2025\/04\/14\/atiende-coesfo-incendio-forestal-en-san-pablo-huixtepec\/","name":"Atiende Coesfo incendio forestal en San Pablo Huixtepec - LA BRAVA RADIO","isPartOf":{"@id":"https:\/\/www.bbmnoticias.com\/labravaradiofm\/#website"},"primaryImageOfPage":{"@id":"https:\/\/www.bbmnoticias.com\/blog\/2025\/04\/14\/atiende-coesfo-incendio-forestal-en-san-pablo-huixtepec\/#primaryimage"},"image":{"@id":"https:\/\/www.bbmnoticias.com\/blog\/2025\/04\/14\/atiende-coesfo-incendio-forestal-en-san-pablo-huixtepec\/#primaryimage"},"thumbnailUrl":"https:\/\/www.bbmnoticias.com\/labravaradiofm\/wp-content\/uploads\/sites\/5\/2025\/04\/Atiende-Coesfo-incendio-forestal-en-San-Pablo-Huixtepec-1.jpeg","datePublished":"2025-04-15T01:54:48+00:00","dateModified":"2025-04-15T01:54:54+00:00","author":{"@id":"https:\/\/www.bbmnoticias.com\/labravaradiofm\/#\/schema\/person\/34b139c617a70ea5bef5678bffe4dd7b"},"breadcrumb":{"@id":"https:\/\/www.bbmnoticias.com\/blog\/2025\/04\/14\/atiende-coesfo-incendio-forestal-en-san-pablo-huixtepec\/#breadcrumb"},"inLanguage":"es","potentialAction":[{"@type":"ReadAction","target":["https:\/\/www.bbmnoticias.com\/blog\/2025\/04\/14\/atiende-coesfo-incendio-forestal-en-san-pablo-huixtepec\/"]}]},{"@type":"ImageObject","inLanguage":"es","@id":"https:\/\/www.bbmnoticias.com\/blog\/2025\/04\/14\/atiende-coesfo-incendio-forestal-en-san-pablo-huixtepec\/#primaryimage","url":"https:\/\/www.bbmnoticias.com\/labravaradiofm\/wp-content\/uploads\/sites\/5\/2025\/04\/Atiende-Coesfo-incendio-forestal-en-San-Pablo-Huixtepec-1.jpeg","contentUrl":"https:\/\/www.bbmnoticias.com\/labravaradiofm\/wp-content\/uploads\/sites\/5\/2025\/04\/Atiende-Coesfo-incendio-forestal-en-San-Pablo-Huixtepec-1.jpeg","width":1280,"height":720},{"@type":"BreadcrumbList","@id":"https:\/\/www.bbmnoticias.com\/blog\/2025\/04\/14\/atiende-coesfo-incendio-forestal-en-san-pablo-huixtepec\/#breadcrumb","itemListElement":[{"@type":"ListItem","position":1,"name":"Inicio","item":"https:\/\/www.bbmnoticias.com\/labravaradiofm\/"},{"@type":"ListItem","position":2,"name":"Atiende Coesfo incendio forestal en San Pablo Huixtepec"}]},{"@type":"WebSite","@id":"https:\/\/www.bbmnoticias.com\/labravaradiofm\/#website","url":"https:\/\/www.bbmnoticias.com\/labravaradiofm\/","name":"LA BRAVA RADIO","description":"Empresa productora de medios, Radiodifusi\u00f3n, Noticias, tendencias y todo lo que necesitas saber de la pol\u00edtica mexicana e internacional; entretenimiento, espect\u00e1culos, salud y mucho m\u00e1s.","potentialAction":[{"@type":"SearchAction","target":{"@type":"EntryPoint","urlTemplate":"https:\/\/www.bbmnoticias.com\/labravaradiofm\/?s={search_term_string}"},"query-input":{"@type":"PropertyValueSpecification","valueRequired":true,"valueName":"search_term_string"}}],"inLanguage":"es"},{"@type":"Person","@id":"https:\/\/www.bbmnoticias.com\/labravaradiofm\/#\/schema\/person\/34b139c617a70ea5bef5678bffe4dd7b","name":"Staff","image":{"@type":"ImageObject","inLanguage":"es","@id":"https:\/\/secure.gravatar.com\/avatar\/fdd21ad66fd8b98c407f9dee5b5e588cfe7f0d8579ec20fa6527cd59bab7f0f0?s=96&d=mm&r=g","url":"https:\/\/secure.gravatar.com\/avatar\/fdd21ad66fd8b98c407f9dee5b5e588cfe7f0d8579ec20fa6527cd59bab7f0f0?s=96&d=mm&r=g","contentUrl":"https:\/\/secure.gravatar.com\/avatar\/fdd21ad66fd8b98c407f9dee5b5e588cfe7f0d8579ec20fa6527cd59bab7f0f0?s=96&d=mm&r=g","caption":"Staff"},"url":"https:\/\/www.bbmnoticias.com\/labravaradiofm\/author\/redaccion\/"}]}},"_links":{"self":[{"href":"https:\/\/www.bbmnoticias.com\/labravaradiofm\/wp-json\/wp\/v2\/posts\/58289","targetHints":{"allow":["GET"]}}],"collection":[{"href":"https:\/\/www.bbmnoticias.com\/labravaradiofm\/wp-json\/wp\/v2\/posts"}],"about":[{"href":"https:\/\/www.bbmnoticias.com\/labravaradiofm\/wp-json\/wp\/v2\/types\/post"}],"author":[{"embeddable":true,"href":"https:\/\/www.bbmnoticias.com\/labravaradiofm\/wp-json\/wp\/v2\/users\/2"}],"replies":[{"embeddable":true,"href":"https:\/\/www.bbmnoticias.com\/labravaradiofm\/wp-json\/wp\/v2\/comments?post=58289"}],"version-history":[{"count":0,"href":"https:\/\/www.bbmnoticias.com\/labravaradiofm\/wp-json\/wp\/v2\/posts\/58289\/revisions"}],"wp:featuredmedia":[{"embeddable":true,"href":"https:\/\/www.bbmnoticias.com\/labravaradiofm\/wp-json\/wp\/v2\/media\/58291"}],"wp:attachment":[{"href":"https:\/\/www.bbmnoticias.com\/labravaradiofm\/wp-json\/wp\/v2\/media?parent=58289"}],"wp:term":[{"taxonomy":"category","embeddable":true,"href":"https:\/\/www.bbmnoticias.com\/labravaradiofm\/wp-json\/wp\/v2\/categories?post=58289"},{"taxonomy":"post_tag","embeddable":true,"href":"https:\/\/www.bbmnoticias.com\/labravaradiofm\/wp-json\/wp\/v2\/tags?post=58289"}],"curies":[{"name":"wp","href":"https:\/\/api.w.org\/{rel}","templated":true}]}}