{"id":58256,"date":"2025-04-14T12:52:52","date_gmt":"2025-04-14T18:52:52","guid":{"rendered":"https:\/\/www.bbmnoticias.com\/labravaradiofm\/2025\/04\/14\/el-peso-se-recupera-frente-al-dolar-tras-una-semana-de-perdidas-por-aranceles-de-trump\/"},"modified":"2025-04-14T12:52:57","modified_gmt":"2025-04-14T18:52:57","slug":"el-peso-se-recupera-frente-al-dolar-tras-una-semana-de-perdidas-por-aranceles-de-trump","status":"publish","type":"post","link":"https:\/\/www.bbmnoticias.com\/labravaradiofm\/2025\/04\/14\/el-peso-se-recupera-frente-al-dolar-tras-una-semana-de-perdidas-por-aranceles-de-trump\/","title":{"rendered":"El peso se recupera frente al d\u00f3lar, tras una semana de p\u00e9rdidas por aranceles de Trump"},"content":{"rendered":"<div style=\"margin-top: 0px; margin-bottom: 0px;\" class=\"sharethis-inline-share-buttons\" ><\/div>\n<p>Tras una semana que convulsion\u00f3 a los mercados internacionales, debido a las medidas arancelarias impuestas pro <strong>Estados Unidos<\/strong> y <strong>China<\/strong>, el<strong> peso<\/strong> mexicano ha mostrado una marcada recuperaci\u00f3n en los \u00faltimos d\u00edas. El pasado martes 8 de abril la moneda mexicana lleg\u00f3 a cotizarse en 20.84 pesos por <strong>d\u00f3lar<\/strong>, sin embargo, a partir del jueves 10 de abril el precio de la divisa estadounidense ha ido a la baja.<\/p>\n\n\n\n<p>De acuerdo con datos de la plataforma Investing, el jueves 10 de abril el <strong>d\u00f3lar<\/strong> cerr\u00f3 en&nbsp; 20.44 pesos por unidad; el viernes 11 se ubic\u00f3 en 20.31 <strong>pesos<\/strong>, y el domingo 13 cerr\u00f3 en 20.28 <strong>pesos<\/strong>. Al medio d\u00eda de este lunes 14 de abril, la moneda estadounidense se ubica en 20.13<strong>&nbsp;pesos<\/strong> por <strong>d\u00f3lar<\/strong>.<\/p>\n\n\n\n<p>El s\u00e1bado 12 de abril, el gobierno de Estados Unidos anunci\u00f3 la decisi\u00f3n de retirar los aranceles a las importaciones de dispositivos tecnol\u00f3gicos, como tel\u00e9fonos celulares, equipos de c\u00f3mputo y&nbsp;microprocesadores, entre otros. El presidente <strong>Donald Trump<\/strong> anunci\u00f3 que este lunes definir\u00e1 de manera m\u00e1s espec\u00edfica c\u00f3mo proceder\u00e1 su administraci\u00f3n al respecto.<\/p>\n\n\n\n<p>Esta pausa <strong>arancelaria<\/strong> fue bien recibida por los inversionistas, lo cual se ha visto reflejado en la apreciaci\u00f3n de la moneda nacional, que acumul\u00f3 una ganancia semanal de casi 0.5% al cierre del viernes, seg\u00fan Investing.<\/p>\n\n\n\n<h2 class=\"wp-block-heading\">Nadie se salvar\u00e1 de los <strong>aranceles<\/strong>, asegura <strong>Trump<\/strong><\/h2>\n\n\n\n<p>Un d\u00eda despu\u00e9s de anunciar la pausa a los <strong>aranceles<\/strong> en dispositivos electr\u00f3nicos, el presidente <strong>Donald Trump<\/strong> inform\u00f3 a trav\u00e9s de su cuenta en la red social Truth Social que no se han concedido excepciones. &#8220;\u00a1Esos d\u00edas se acabaron!&#8221;, enfatiz\u00f3.<\/p>\n\n\n\n<p>Asimismo, asever\u00f3 que ning\u00fan pa\u00eds escapar\u00e1 de las&nbsp;medidas&nbsp;contra las que \u00e9l considera pr\u00e1cticas&nbsp;comerciales&nbsp;desleales, apuntando especialmente a China, pa\u00eds al que acus\u00f3 de ser &#8220;el que peor nos trata&#8221; por sus barreras <strong>arancelarias<\/strong> y no monetarias.<\/p>\n\n\n\n<h2 class=\"wp-block-heading\">Sheinbaum busca bajar <strong>aranceles<\/strong> de <strong>Trump<\/strong><\/h2>\n\n\n\n<p>La presidenta&nbsp;<strong>Claudia Sheinbaum Pardo<\/strong>&nbsp;afirm\u00f3 que se mantiene la&nbsp;negociaci\u00f3n&nbsp;con&nbsp;<strong>Estados Unidos<\/strong>&nbsp;para&nbsp;disminuir los <strong>aranceles<\/strong>&nbsp;a los autom\u00f3viles, al acero y al aluminio.&nbsp;<\/p>\n\n\n\n<p>La mandataria explic\u00f3 que los<strong> aranceles<\/strong> para el sector automotriz se dividen en dos: uno es para el veh\u00edculo completo que se exporta a los&nbsp;Estados Unidos&nbsp;\u201425% con un descuento para lo que se fabrica en ese pa\u00eds\u2014 y otro es para las&nbsp;autopartes.<\/p>\n\n\n\n<p>\u201cHasta ahora es lo que se descontar\u00eda en el caso del veh\u00edculo completo. En el caso de las&nbsp;autopartes, parte de cero el&nbsp;<strong>arancel<\/strong>. En este momento no hay&nbsp;aranceles, esperando que la Secretar\u00eda de Comercio o el Departamento de Comercio de los&nbsp;<strong>Estados Unidos&nbsp;<\/strong>ponga un arancel dependiendo del tipo de autoparte\u201d, precis\u00f3.&nbsp;<\/p>\n","protected":false},"excerpt":{"rendered":"<p>Tras una semana que convulsion\u00f3 a los mercados internacionales, debido a las medidas arancelarias impuestas pro Estados Unidos y China, el peso mexicano ha mostrado una marcada recuperaci\u00f3n en los \u00faltimos d\u00edas. El pasado martes 8 de abril la moneda mexicana lleg\u00f3 a cotizarse en 20.84 pesos por d\u00f3lar, sin embargo, a partir del jueves [&hellip;]<\/p>\n","protected":false},"author":15,"featured_media":58258,"comment_status":"closed","ping_status":"","sticky":false,"template":"","format":"standard","meta":{"footnotes":""},"categories":[2,19],"tags":[],"class_list":{"0":"post-58256","1":"post","2":"type-post","3":"status-publish","4":"format-standard","5":"has-post-thumbnail","7":"category-oaxaca","8":"category-nacional"},"yoast_head":"<!-- This site is optimized with the Yoast SEO plugin v27.4 - https:\/\/yoast.com\/product\/yoast-seo-wordpress\/ -->\n<title>El peso se recupera frente al d\u00f3lar, tras una semana de p\u00e9rdidas por aranceles de Trump - LA BRAVA RADIO<\/title>\n<meta name=\"robots\" content=\"index, follow, max-snippet:-1, max-image-preview:large, max-video-preview:-1\" \/>\n<link rel=\"canonical\" href=\"https:\/\/www.bbmnoticias.com\/blog\/2025\/04\/14\/el-peso-se-recupera-frente-al-dolar-tras-una-semana-de-perdidas-por-aranceles-de-trump\/\" \/>\n<meta property=\"og:locale\" content=\"es_MX\" \/>\n<meta property=\"og:type\" content=\"article\" \/>\n<meta property=\"og:title\" content=\"El peso se recupera frente al d\u00f3lar, tras una semana de p\u00e9rdidas por aranceles de Trump - LA BRAVA RADIO\" \/>\n<meta property=\"og:description\" content=\"Tras una semana que convulsion\u00f3 a los mercados internacionales, debido a las medidas arancelarias impuestas pro Estados Unidos y China, el peso mexicano ha mostrado una marcada recuperaci\u00f3n en los \u00faltimos d\u00edas. El pasado martes 8 de abril la moneda mexicana lleg\u00f3 a cotizarse en 20.84 pesos por d\u00f3lar, sin embargo, a partir del jueves [&hellip;]\" \/>\n<meta property=\"og:url\" content=\"https:\/\/www.bbmnoticias.com\/blog\/2025\/04\/14\/el-peso-se-recupera-frente-al-dolar-tras-una-semana-de-perdidas-por-aranceles-de-trump\/\" \/>\n<meta property=\"og:site_name\" content=\"LA BRAVA RADIO\" \/>\n<meta property=\"article:published_time\" content=\"2025-04-14T18:52:52+00:00\" \/>\n<meta property=\"article:modified_time\" content=\"2025-04-14T18:52:57+00:00\" \/>\n<meta property=\"og:image\" content=\"https:\/\/www.bbmnoticias.com\/labravaradiofm\/wp-content\/uploads\/sites\/5\/2025\/04\/f768x400-1112900_1156803_5050.jpg\" \/>\n\t<meta property=\"og:image:width\" content=\"768\" \/>\n\t<meta property=\"og:image:height\" content=\"400\" \/>\n\t<meta property=\"og:image:type\" content=\"image\/jpeg\" \/>\n<meta name=\"author\" content=\"El Heraldo\" \/>\n<meta name=\"twitter:card\" content=\"summary_large_image\" \/>\n<meta name=\"twitter:label1\" content=\"Escrito por\" \/>\n\t<meta name=\"twitter:data1\" content=\"El Heraldo\" \/>\n\t<meta name=\"twitter:label2\" content=\"Tiempo de lectura\" \/>\n\t<meta name=\"twitter:data2\" content=\"2 minutos\" \/>\n<script type=\"application\/ld+json\" class=\"yoast-schema-graph\">{\"@context\":\"https:\\\/\\\/schema.org\",\"@graph\":[{\"@type\":\"Article\",\"@id\":\"https:\\\/\\\/www.bbmnoticias.com\\\/blog\\\/2025\\\/04\\\/14\\\/el-peso-se-recupera-frente-al-dolar-tras-una-semana-de-perdidas-por-aranceles-de-trump\\\/#article\",\"isPartOf\":{\"@id\":\"https:\\\/\\\/www.bbmnoticias.com\\\/labravaradiofm\\\/2025\\\/04\\\/14\\\/el-peso-se-recupera-frente-al-dolar-tras-una-semana-de-perdidas-por-aranceles-de-trump\\\/\"},\"author\":{\"name\":\"El Heraldo\",\"@id\":\"https:\\\/\\\/www.bbmnoticias.com\\\/labravaradiofm\\\/#\\\/schema\\\/person\\\/1d485366d29083d2d818c24013f8cbc0\"},\"headline\":\"El peso se recupera frente al d\u00f3lar, tras una semana de p\u00e9rdidas por aranceles de Trump\",\"datePublished\":\"2025-04-14T18:52:52+00:00\",\"dateModified\":\"2025-04-14T18:52:57+00:00\",\"mainEntityOfPage\":{\"@id\":\"https:\\\/\\\/www.bbmnoticias.com\\\/labravaradiofm\\\/2025\\\/04\\\/14\\\/el-peso-se-recupera-frente-al-dolar-tras-una-semana-de-perdidas-por-aranceles-de-trump\\\/\"},\"wordCount\":493,\"image\":{\"@id\":\"https:\\\/\\\/www.bbmnoticias.com\\\/blog\\\/2025\\\/04\\\/14\\\/el-peso-se-recupera-frente-al-dolar-tras-una-semana-de-perdidas-por-aranceles-de-trump\\\/#primaryimage\"},\"thumbnailUrl\":\"https:\\\/\\\/www.bbmnoticias.com\\\/labravaradiofm\\\/wp-content\\\/uploads\\\/sites\\\/5\\\/2025\\\/04\\\/f768x400-1112900_1156803_5050.jpg\",\"articleSection\":[\"LOCAL\",\"NACIONAL\"],\"inLanguage\":\"es\"},{\"@type\":\"WebPage\",\"@id\":\"https:\\\/\\\/www.bbmnoticias.com\\\/labravaradiofm\\\/2025\\\/04\\\/14\\\/el-peso-se-recupera-frente-al-dolar-tras-una-semana-de-perdidas-por-aranceles-de-trump\\\/\",\"url\":\"https:\\\/\\\/www.bbmnoticias.com\\\/blog\\\/2025\\\/04\\\/14\\\/el-peso-se-recupera-frente-al-dolar-tras-una-semana-de-perdidas-por-aranceles-de-trump\\\/\",\"name\":\"El peso se recupera frente al d\u00f3lar, tras una semana de p\u00e9rdidas por aranceles de Trump - LA BRAVA RADIO\",\"isPartOf\":{\"@id\":\"https:\\\/\\\/www.bbmnoticias.com\\\/labravaradiofm\\\/#website\"},\"primaryImageOfPage\":{\"@id\":\"https:\\\/\\\/www.bbmnoticias.com\\\/blog\\\/2025\\\/04\\\/14\\\/el-peso-se-recupera-frente-al-dolar-tras-una-semana-de-perdidas-por-aranceles-de-trump\\\/#primaryimage\"},\"image\":{\"@id\":\"https:\\\/\\\/www.bbmnoticias.com\\\/blog\\\/2025\\\/04\\\/14\\\/el-peso-se-recupera-frente-al-dolar-tras-una-semana-de-perdidas-por-aranceles-de-trump\\\/#primaryimage\"},\"thumbnailUrl\":\"https:\\\/\\\/www.bbmnoticias.com\\\/labravaradiofm\\\/wp-content\\\/uploads\\\/sites\\\/5\\\/2025\\\/04\\\/f768x400-1112900_1156803_5050.jpg\",\"datePublished\":\"2025-04-14T18:52:52+00:00\",\"dateModified\":\"2025-04-14T18:52:57+00:00\",\"author\":{\"@id\":\"https:\\\/\\\/www.bbmnoticias.com\\\/labravaradiofm\\\/#\\\/schema\\\/person\\\/1d485366d29083d2d818c24013f8cbc0\"},\"breadcrumb\":{\"@id\":\"https:\\\/\\\/www.bbmnoticias.com\\\/blog\\\/2025\\\/04\\\/14\\\/el-peso-se-recupera-frente-al-dolar-tras-una-semana-de-perdidas-por-aranceles-de-trump\\\/#breadcrumb\"},\"inLanguage\":\"es\",\"potentialAction\":[{\"@type\":\"ReadAction\",\"target\":[\"https:\\\/\\\/www.bbmnoticias.com\\\/blog\\\/2025\\\/04\\\/14\\\/el-peso-se-recupera-frente-al-dolar-tras-una-semana-de-perdidas-por-aranceles-de-trump\\\/\"]}]},{\"@type\":\"ImageObject\",\"inLanguage\":\"es\",\"@id\":\"https:\\\/\\\/www.bbmnoticias.com\\\/blog\\\/2025\\\/04\\\/14\\\/el-peso-se-recupera-frente-al-dolar-tras-una-semana-de-perdidas-por-aranceles-de-trump\\\/#primaryimage\",\"url\":\"https:\\\/\\\/www.bbmnoticias.com\\\/labravaradiofm\\\/wp-content\\\/uploads\\\/sites\\\/5\\\/2025\\\/04\\\/f768x400-1112900_1156803_5050.jpg\",\"contentUrl\":\"https:\\\/\\\/www.bbmnoticias.com\\\/labravaradiofm\\\/wp-content\\\/uploads\\\/sites\\\/5\\\/2025\\\/04\\\/f768x400-1112900_1156803_5050.jpg\",\"width\":768,\"height\":400},{\"@type\":\"BreadcrumbList\",\"@id\":\"https:\\\/\\\/www.bbmnoticias.com\\\/blog\\\/2025\\\/04\\\/14\\\/el-peso-se-recupera-frente-al-dolar-tras-una-semana-de-perdidas-por-aranceles-de-trump\\\/#breadcrumb\",\"itemListElement\":[{\"@type\":\"ListItem\",\"position\":1,\"name\":\"Inicio\",\"item\":\"https:\\\/\\\/www.bbmnoticias.com\\\/labravaradiofm\\\/\"},{\"@type\":\"ListItem\",\"position\":2,\"name\":\"El peso se recupera frente al d\u00f3lar, tras una semana de p\u00e9rdidas por aranceles de Trump\"}]},{\"@type\":\"WebSite\",\"@id\":\"https:\\\/\\\/www.bbmnoticias.com\\\/labravaradiofm\\\/#website\",\"url\":\"https:\\\/\\\/www.bbmnoticias.com\\\/labravaradiofm\\\/\",\"name\":\"LA BRAVA RADIO\",\"description\":\"Empresa productora de medios, Radiodifusi\u00f3n, Noticias, tendencias y todo lo que necesitas saber de la pol\u00edtica mexicana e internacional; entretenimiento, espect\u00e1culos, salud y mucho m\u00e1s.\",\"potentialAction\":[{\"@type\":\"SearchAction\",\"target\":{\"@type\":\"EntryPoint\",\"urlTemplate\":\"https:\\\/\\\/www.bbmnoticias.com\\\/labravaradiofm\\\/?s={search_term_string}\"},\"query-input\":{\"@type\":\"PropertyValueSpecification\",\"valueRequired\":true,\"valueName\":\"search_term_string\"}}],\"inLanguage\":\"es\"},{\"@type\":\"Person\",\"@id\":\"https:\\\/\\\/www.bbmnoticias.com\\\/labravaradiofm\\\/#\\\/schema\\\/person\\\/1d485366d29083d2d818c24013f8cbc0\",\"name\":\"El Heraldo\",\"image\":{\"@type\":\"ImageObject\",\"inLanguage\":\"es\",\"@id\":\"https:\\\/\\\/secure.gravatar.com\\\/avatar\\\/463017be041288b5a196814ef7242bd62699b857f306e4b5b61b533e8a87f404?s=96&d=mm&r=g\",\"url\":\"https:\\\/\\\/secure.gravatar.com\\\/avatar\\\/463017be041288b5a196814ef7242bd62699b857f306e4b5b61b533e8a87f404?s=96&d=mm&r=g\",\"contentUrl\":\"https:\\\/\\\/secure.gravatar.com\\\/avatar\\\/463017be041288b5a196814ef7242bd62699b857f306e4b5b61b533e8a87f404?s=96&d=mm&r=g\",\"caption\":\"El Heraldo\"},\"url\":\"https:\\\/\\\/www.bbmnoticias.com\\\/labravaradiofm\\\/author\\\/heraldo\\\/\"}]}<\/script>\n<!-- \/ Yoast SEO plugin. -->","yoast_head_json":{"title":"El peso se recupera frente al d\u00f3lar, tras una semana de p\u00e9rdidas por aranceles de Trump - LA BRAVA RADIO","robots":{"index":"index","follow":"follow","max-snippet":"max-snippet:-1","max-image-preview":"max-image-preview:large","max-video-preview":"max-video-preview:-1"},"canonical":"https:\/\/www.bbmnoticias.com\/blog\/2025\/04\/14\/el-peso-se-recupera-frente-al-dolar-tras-una-semana-de-perdidas-por-aranceles-de-trump\/","og_locale":"es_MX","og_type":"article","og_title":"El peso se recupera frente al d\u00f3lar, tras una semana de p\u00e9rdidas por aranceles de Trump - LA BRAVA RADIO","og_description":"Tras una semana que convulsion\u00f3 a los mercados internacionales, debido a las medidas arancelarias impuestas pro Estados Unidos y China, el peso mexicano ha mostrado una marcada recuperaci\u00f3n en los \u00faltimos d\u00edas. El pasado martes 8 de abril la moneda mexicana lleg\u00f3 a cotizarse en 20.84 pesos por d\u00f3lar, sin embargo, a partir del jueves [&hellip;]","og_url":"https:\/\/www.bbmnoticias.com\/blog\/2025\/04\/14\/el-peso-se-recupera-frente-al-dolar-tras-una-semana-de-perdidas-por-aranceles-de-trump\/","og_site_name":"LA BRAVA RADIO","article_published_time":"2025-04-14T18:52:52+00:00","article_modified_time":"2025-04-14T18:52:57+00:00","og_image":[{"width":768,"height":400,"url":"https:\/\/www.bbmnoticias.com\/labravaradiofm\/wp-content\/uploads\/sites\/5\/2025\/04\/f768x400-1112900_1156803_5050.jpg","type":"image\/jpeg"}],"author":"El Heraldo","twitter_card":"summary_large_image","twitter_misc":{"Escrito por":"El Heraldo","Tiempo de lectura":"2 minutos"},"schema":{"@context":"https:\/\/schema.org","@graph":[{"@type":"Article","@id":"https:\/\/www.bbmnoticias.com\/blog\/2025\/04\/14\/el-peso-se-recupera-frente-al-dolar-tras-una-semana-de-perdidas-por-aranceles-de-trump\/#article","isPartOf":{"@id":"https:\/\/www.bbmnoticias.com\/labravaradiofm\/2025\/04\/14\/el-peso-se-recupera-frente-al-dolar-tras-una-semana-de-perdidas-por-aranceles-de-trump\/"},"author":{"name":"El Heraldo","@id":"https:\/\/www.bbmnoticias.com\/labravaradiofm\/#\/schema\/person\/1d485366d29083d2d818c24013f8cbc0"},"headline":"El peso se recupera frente al d\u00f3lar, tras una semana de p\u00e9rdidas por aranceles de Trump","datePublished":"2025-04-14T18:52:52+00:00","dateModified":"2025-04-14T18:52:57+00:00","mainEntityOfPage":{"@id":"https:\/\/www.bbmnoticias.com\/labravaradiofm\/2025\/04\/14\/el-peso-se-recupera-frente-al-dolar-tras-una-semana-de-perdidas-por-aranceles-de-trump\/"},"wordCount":493,"image":{"@id":"https:\/\/www.bbmnoticias.com\/blog\/2025\/04\/14\/el-peso-se-recupera-frente-al-dolar-tras-una-semana-de-perdidas-por-aranceles-de-trump\/#primaryimage"},"thumbnailUrl":"https:\/\/www.bbmnoticias.com\/labravaradiofm\/wp-content\/uploads\/sites\/5\/2025\/04\/f768x400-1112900_1156803_5050.jpg","articleSection":["LOCAL","NACIONAL"],"inLanguage":"es"},{"@type":"WebPage","@id":"https:\/\/www.bbmnoticias.com\/labravaradiofm\/2025\/04\/14\/el-peso-se-recupera-frente-al-dolar-tras-una-semana-de-perdidas-por-aranceles-de-trump\/","url":"https:\/\/www.bbmnoticias.com\/blog\/2025\/04\/14\/el-peso-se-recupera-frente-al-dolar-tras-una-semana-de-perdidas-por-aranceles-de-trump\/","name":"El peso se recupera frente al d\u00f3lar, tras una semana de p\u00e9rdidas por aranceles de Trump - LA BRAVA RADIO","isPartOf":{"@id":"https:\/\/www.bbmnoticias.com\/labravaradiofm\/#website"},"primaryImageOfPage":{"@id":"https:\/\/www.bbmnoticias.com\/blog\/2025\/04\/14\/el-peso-se-recupera-frente-al-dolar-tras-una-semana-de-perdidas-por-aranceles-de-trump\/#primaryimage"},"image":{"@id":"https:\/\/www.bbmnoticias.com\/blog\/2025\/04\/14\/el-peso-se-recupera-frente-al-dolar-tras-una-semana-de-perdidas-por-aranceles-de-trump\/#primaryimage"},"thumbnailUrl":"https:\/\/www.bbmnoticias.com\/labravaradiofm\/wp-content\/uploads\/sites\/5\/2025\/04\/f768x400-1112900_1156803_5050.jpg","datePublished":"2025-04-14T18:52:52+00:00","dateModified":"2025-04-14T18:52:57+00:00","author":{"@id":"https:\/\/www.bbmnoticias.com\/labravaradiofm\/#\/schema\/person\/1d485366d29083d2d818c24013f8cbc0"},"breadcrumb":{"@id":"https:\/\/www.bbmnoticias.com\/blog\/2025\/04\/14\/el-peso-se-recupera-frente-al-dolar-tras-una-semana-de-perdidas-por-aranceles-de-trump\/#breadcrumb"},"inLanguage":"es","potentialAction":[{"@type":"ReadAction","target":["https:\/\/www.bbmnoticias.com\/blog\/2025\/04\/14\/el-peso-se-recupera-frente-al-dolar-tras-una-semana-de-perdidas-por-aranceles-de-trump\/"]}]},{"@type":"ImageObject","inLanguage":"es","@id":"https:\/\/www.bbmnoticias.com\/blog\/2025\/04\/14\/el-peso-se-recupera-frente-al-dolar-tras-una-semana-de-perdidas-por-aranceles-de-trump\/#primaryimage","url":"https:\/\/www.bbmnoticias.com\/labravaradiofm\/wp-content\/uploads\/sites\/5\/2025\/04\/f768x400-1112900_1156803_5050.jpg","contentUrl":"https:\/\/www.bbmnoticias.com\/labravaradiofm\/wp-content\/uploads\/sites\/5\/2025\/04\/f768x400-1112900_1156803_5050.jpg","width":768,"height":400},{"@type":"BreadcrumbList","@id":"https:\/\/www.bbmnoticias.com\/blog\/2025\/04\/14\/el-peso-se-recupera-frente-al-dolar-tras-una-semana-de-perdidas-por-aranceles-de-trump\/#breadcrumb","itemListElement":[{"@type":"ListItem","position":1,"name":"Inicio","item":"https:\/\/www.bbmnoticias.com\/labravaradiofm\/"},{"@type":"ListItem","position":2,"name":"El peso se recupera frente al d\u00f3lar, tras una semana de p\u00e9rdidas por aranceles de Trump"}]},{"@type":"WebSite","@id":"https:\/\/www.bbmnoticias.com\/labravaradiofm\/#website","url":"https:\/\/www.bbmnoticias.com\/labravaradiofm\/","name":"LA BRAVA RADIO","description":"Empresa productora de medios, Radiodifusi\u00f3n, Noticias, tendencias y todo lo que necesitas saber de la pol\u00edtica mexicana e internacional; entretenimiento, espect\u00e1culos, salud y mucho m\u00e1s.","potentialAction":[{"@type":"SearchAction","target":{"@type":"EntryPoint","urlTemplate":"https:\/\/www.bbmnoticias.com\/labravaradiofm\/?s={search_term_string}"},"query-input":{"@type":"PropertyValueSpecification","valueRequired":true,"valueName":"search_term_string"}}],"inLanguage":"es"},{"@type":"Person","@id":"https:\/\/www.bbmnoticias.com\/labravaradiofm\/#\/schema\/person\/1d485366d29083d2d818c24013f8cbc0","name":"El Heraldo","image":{"@type":"ImageObject","inLanguage":"es","@id":"https:\/\/secure.gravatar.com\/avatar\/463017be041288b5a196814ef7242bd62699b857f306e4b5b61b533e8a87f404?s=96&d=mm&r=g","url":"https:\/\/secure.gravatar.com\/avatar\/463017be041288b5a196814ef7242bd62699b857f306e4b5b61b533e8a87f404?s=96&d=mm&r=g","contentUrl":"https:\/\/secure.gravatar.com\/avatar\/463017be041288b5a196814ef7242bd62699b857f306e4b5b61b533e8a87f404?s=96&d=mm&r=g","caption":"El Heraldo"},"url":"https:\/\/www.bbmnoticias.com\/labravaradiofm\/author\/heraldo\/"}]}},"_links":{"self":[{"href":"https:\/\/www.bbmnoticias.com\/labravaradiofm\/wp-json\/wp\/v2\/posts\/58256","targetHints":{"allow":["GET"]}}],"collection":[{"href":"https:\/\/www.bbmnoticias.com\/labravaradiofm\/wp-json\/wp\/v2\/posts"}],"about":[{"href":"https:\/\/www.bbmnoticias.com\/labravaradiofm\/wp-json\/wp\/v2\/types\/post"}],"author":[{"embeddable":true,"href":"https:\/\/www.bbmnoticias.com\/labravaradiofm\/wp-json\/wp\/v2\/users\/15"}],"replies":[{"embeddable":true,"href":"https:\/\/www.bbmnoticias.com\/labravaradiofm\/wp-json\/wp\/v2\/comments?post=58256"}],"version-history":[{"count":0,"href":"https:\/\/www.bbmnoticias.com\/labravaradiofm\/wp-json\/wp\/v2\/posts\/58256\/revisions"}],"wp:featuredmedia":[{"embeddable":true,"href":"https:\/\/www.bbmnoticias.com\/labravaradiofm\/wp-json\/wp\/v2\/media\/58258"}],"wp:attachment":[{"href":"https:\/\/www.bbmnoticias.com\/labravaradiofm\/wp-json\/wp\/v2\/media?parent=58256"}],"wp:term":[{"taxonomy":"category","embeddable":true,"href":"https:\/\/www.bbmnoticias.com\/labravaradiofm\/wp-json\/wp\/v2\/categories?post=58256"},{"taxonomy":"post_tag","embeddable":true,"href":"https:\/\/www.bbmnoticias.com\/labravaradiofm\/wp-json\/wp\/v2\/tags?post=58256"}],"curies":[{"name":"wp","href":"https:\/\/api.w.org\/{rel}","templated":true}]}}