{"id":58253,"date":"2025-04-14T12:37:21","date_gmt":"2025-04-14T18:37:21","guid":{"rendered":"https:\/\/www.bbmnoticias.com\/labravaradiofm\/2025\/04\/14\/confirma-sspc-accidente-vial-de-patrulla-de-la-policia-estatal-en-ocotlan\/"},"modified":"2025-04-14T12:37:30","modified_gmt":"2025-04-14T18:37:30","slug":"confirma-sspc-accidente-vial-de-patrulla-de-la-policia-estatal-en-ocotlan","status":"publish","type":"post","link":"https:\/\/www.bbmnoticias.com\/labravaradiofm\/2025\/04\/14\/confirma-sspc-accidente-vial-de-patrulla-de-la-policia-estatal-en-ocotlan\/","title":{"rendered":"Confirma SSPC accidente vial de patrulla de la Polic\u00eda Estatal en Ocotl\u00e1n"},"content":{"rendered":"<div style=\"margin-top: 0px; margin-bottom: 0px;\" class=\"sharethis-inline-share-buttons\" ><\/div>\n<p>\u00b7&nbsp;&nbsp;&nbsp;&nbsp;&nbsp;&nbsp;&nbsp;&nbsp; Seis elementos de la Polic\u00eda Estatal y de la Semar resultaron con lesiones menores<\/p>\n\n\n\n<p><strong>Oaxaca de Ju\u00e1rez, Oax. 14 de abril de 2025.<\/strong> La Secretar\u00eda de Seguridad y Protecci\u00f3n Ciudadana (SSPC) reporta que no hay personas lesionadas de gravedad tras el accidente vial de la patrulla PE 08 de la Polic\u00eda Estatal en la carretera 175, pasando la cuesta hacia Ocotl\u00e1n de Morelos.<\/p>\n\n\n\n<p>Al lugar de los hechos arrib\u00f3 el Heroico Cuerpo de Bomberos de Oaxaca para atender a seis elementos de la Polic\u00eda Estatal y de la Secretar\u00eda de Marina (Semar) quienes resultaron con lesiones menores y uno de ellos con una herida en la cabeza.<\/p>\n\n\n\n<p>Los elementos fueron trasladados a las instalaciones de IMSS-BIENESTAR y al Hospital Militar de Zona de Ixcotel para ser revisados de manera oportuna.<\/p>\n","protected":false},"excerpt":{"rendered":"<p>\u00b7&nbsp;&nbsp;&nbsp;&nbsp;&nbsp;&nbsp;&nbsp;&nbsp; Seis elementos de la Polic\u00eda Estatal y de la Semar resultaron con lesiones menores Oaxaca de Ju\u00e1rez, Oax. 14 de abril de 2025. La Secretar\u00eda de Seguridad y Protecci\u00f3n Ciudadana (SSPC) reporta que no hay personas lesionadas de gravedad tras el accidente vial de la patrulla PE 08 de la Polic\u00eda Estatal en la [&hellip;]<\/p>\n","protected":false},"author":2,"featured_media":58255,"comment_status":"closed","ping_status":"","sticky":false,"template":"","format":"standard","meta":{"footnotes":""},"categories":[2,20],"tags":[],"class_list":{"0":"post-58253","1":"post","2":"type-post","3":"status-publish","4":"format-standard","5":"has-post-thumbnail","7":"category-oaxaca","8":"category-policiaca"},"yoast_head":"<!-- This site is optimized with the Yoast SEO plugin v27.4 - https:\/\/yoast.com\/product\/yoast-seo-wordpress\/ -->\n<title>Confirma SSPC accidente vial de patrulla de la Polic\u00eda Estatal en Ocotl\u00e1n - LA BRAVA RADIO<\/title>\n<meta name=\"robots\" content=\"index, follow, max-snippet:-1, max-image-preview:large, max-video-preview:-1\" \/>\n<link rel=\"canonical\" href=\"https:\/\/www.bbmnoticias.com\/blog\/2025\/04\/14\/confirma-sspc-accidente-vial-de-patrulla-de-la-policia-estatal-en-ocotlan\/\" \/>\n<meta property=\"og:locale\" content=\"es_MX\" \/>\n<meta property=\"og:type\" content=\"article\" \/>\n<meta property=\"og:title\" content=\"Confirma SSPC accidente vial de patrulla de la Polic\u00eda Estatal en Ocotl\u00e1n - LA BRAVA RADIO\" \/>\n<meta property=\"og:description\" content=\"\u00b7&nbsp;&nbsp;&nbsp;&nbsp;&nbsp;&nbsp;&nbsp;&nbsp; Seis elementos de la Polic\u00eda Estatal y de la Semar resultaron con lesiones menores Oaxaca de Ju\u00e1rez, Oax. 14 de abril de 2025. La Secretar\u00eda de Seguridad y Protecci\u00f3n Ciudadana (SSPC) reporta que no hay personas lesionadas de gravedad tras el accidente vial de la patrulla PE 08 de la Polic\u00eda Estatal en la [&hellip;]\" \/>\n<meta property=\"og:url\" content=\"https:\/\/www.bbmnoticias.com\/blog\/2025\/04\/14\/confirma-sspc-accidente-vial-de-patrulla-de-la-policia-estatal-en-ocotlan\/\" \/>\n<meta property=\"og:site_name\" content=\"LA BRAVA RADIO\" \/>\n<meta property=\"article:published_time\" content=\"2025-04-14T18:37:21+00:00\" \/>\n<meta property=\"article:modified_time\" content=\"2025-04-14T18:37:30+00:00\" \/>\n<meta property=\"og:image\" content=\"https:\/\/www.bbmnoticias.com\/labravaradiofm\/wp-content\/uploads\/sites\/5\/2025\/04\/GohBM74W4AAEbua.jpg\" \/>\n\t<meta property=\"og:image:width\" content=\"571\" \/>\n\t<meta property=\"og:image:height\" content=\"541\" \/>\n\t<meta property=\"og:image:type\" content=\"image\/jpeg\" \/>\n<meta name=\"author\" content=\"Staff\" \/>\n<meta name=\"twitter:card\" content=\"summary_large_image\" \/>\n<meta name=\"twitter:label1\" content=\"Escrito por\" \/>\n\t<meta name=\"twitter:data1\" content=\"Staff\" \/>\n\t<meta name=\"twitter:label2\" content=\"Tiempo de lectura\" \/>\n\t<meta name=\"twitter:data2\" content=\"1 minuto\" \/>\n<script type=\"application\/ld+json\" class=\"yoast-schema-graph\">{\"@context\":\"https:\\\/\\\/schema.org\",\"@graph\":[{\"@type\":\"Article\",\"@id\":\"https:\\\/\\\/www.bbmnoticias.com\\\/blog\\\/2025\\\/04\\\/14\\\/confirma-sspc-accidente-vial-de-patrulla-de-la-policia-estatal-en-ocotlan\\\/#article\",\"isPartOf\":{\"@id\":\"https:\\\/\\\/www.bbmnoticias.com\\\/labravaradiofm\\\/2025\\\/04\\\/14\\\/confirma-sspc-accidente-vial-de-patrulla-de-la-policia-estatal-en-ocotlan\\\/\"},\"author\":{\"name\":\"Staff\",\"@id\":\"https:\\\/\\\/www.bbmnoticias.com\\\/labravaradiofm\\\/#\\\/schema\\\/person\\\/34b139c617a70ea5bef5678bffe4dd7b\"},\"headline\":\"Confirma SSPC accidente vial de patrulla de la Polic\u00eda Estatal en Ocotl\u00e1n\",\"datePublished\":\"2025-04-14T18:37:21+00:00\",\"dateModified\":\"2025-04-14T18:37:30+00:00\",\"mainEntityOfPage\":{\"@id\":\"https:\\\/\\\/www.bbmnoticias.com\\\/labravaradiofm\\\/2025\\\/04\\\/14\\\/confirma-sspc-accidente-vial-de-patrulla-de-la-policia-estatal-en-ocotlan\\\/\"},\"wordCount\":156,\"image\":{\"@id\":\"https:\\\/\\\/www.bbmnoticias.com\\\/blog\\\/2025\\\/04\\\/14\\\/confirma-sspc-accidente-vial-de-patrulla-de-la-policia-estatal-en-ocotlan\\\/#primaryimage\"},\"thumbnailUrl\":\"https:\\\/\\\/www.bbmnoticias.com\\\/labravaradiofm\\\/wp-content\\\/uploads\\\/sites\\\/5\\\/2025\\\/04\\\/GohBM74W4AAEbua.jpg\",\"articleSection\":[\"LOCAL\",\"POLICIACA\"],\"inLanguage\":\"es\"},{\"@type\":\"WebPage\",\"@id\":\"https:\\\/\\\/www.bbmnoticias.com\\\/labravaradiofm\\\/2025\\\/04\\\/14\\\/confirma-sspc-accidente-vial-de-patrulla-de-la-policia-estatal-en-ocotlan\\\/\",\"url\":\"https:\\\/\\\/www.bbmnoticias.com\\\/blog\\\/2025\\\/04\\\/14\\\/confirma-sspc-accidente-vial-de-patrulla-de-la-policia-estatal-en-ocotlan\\\/\",\"name\":\"Confirma SSPC accidente vial de patrulla de la Polic\u00eda Estatal en Ocotl\u00e1n - LA BRAVA RADIO\",\"isPartOf\":{\"@id\":\"https:\\\/\\\/www.bbmnoticias.com\\\/labravaradiofm\\\/#website\"},\"primaryImageOfPage\":{\"@id\":\"https:\\\/\\\/www.bbmnoticias.com\\\/blog\\\/2025\\\/04\\\/14\\\/confirma-sspc-accidente-vial-de-patrulla-de-la-policia-estatal-en-ocotlan\\\/#primaryimage\"},\"image\":{\"@id\":\"https:\\\/\\\/www.bbmnoticias.com\\\/blog\\\/2025\\\/04\\\/14\\\/confirma-sspc-accidente-vial-de-patrulla-de-la-policia-estatal-en-ocotlan\\\/#primaryimage\"},\"thumbnailUrl\":\"https:\\\/\\\/www.bbmnoticias.com\\\/labravaradiofm\\\/wp-content\\\/uploads\\\/sites\\\/5\\\/2025\\\/04\\\/GohBM74W4AAEbua.jpg\",\"datePublished\":\"2025-04-14T18:37:21+00:00\",\"dateModified\":\"2025-04-14T18:37:30+00:00\",\"author\":{\"@id\":\"https:\\\/\\\/www.bbmnoticias.com\\\/labravaradiofm\\\/#\\\/schema\\\/person\\\/34b139c617a70ea5bef5678bffe4dd7b\"},\"breadcrumb\":{\"@id\":\"https:\\\/\\\/www.bbmnoticias.com\\\/blog\\\/2025\\\/04\\\/14\\\/confirma-sspc-accidente-vial-de-patrulla-de-la-policia-estatal-en-ocotlan\\\/#breadcrumb\"},\"inLanguage\":\"es\",\"potentialAction\":[{\"@type\":\"ReadAction\",\"target\":[\"https:\\\/\\\/www.bbmnoticias.com\\\/blog\\\/2025\\\/04\\\/14\\\/confirma-sspc-accidente-vial-de-patrulla-de-la-policia-estatal-en-ocotlan\\\/\"]}]},{\"@type\":\"ImageObject\",\"inLanguage\":\"es\",\"@id\":\"https:\\\/\\\/www.bbmnoticias.com\\\/blog\\\/2025\\\/04\\\/14\\\/confirma-sspc-accidente-vial-de-patrulla-de-la-policia-estatal-en-ocotlan\\\/#primaryimage\",\"url\":\"https:\\\/\\\/www.bbmnoticias.com\\\/labravaradiofm\\\/wp-content\\\/uploads\\\/sites\\\/5\\\/2025\\\/04\\\/GohBM74W4AAEbua.jpg\",\"contentUrl\":\"https:\\\/\\\/www.bbmnoticias.com\\\/labravaradiofm\\\/wp-content\\\/uploads\\\/sites\\\/5\\\/2025\\\/04\\\/GohBM74W4AAEbua.jpg\",\"width\":571,\"height\":541},{\"@type\":\"BreadcrumbList\",\"@id\":\"https:\\\/\\\/www.bbmnoticias.com\\\/blog\\\/2025\\\/04\\\/14\\\/confirma-sspc-accidente-vial-de-patrulla-de-la-policia-estatal-en-ocotlan\\\/#breadcrumb\",\"itemListElement\":[{\"@type\":\"ListItem\",\"position\":1,\"name\":\"Inicio\",\"item\":\"https:\\\/\\\/www.bbmnoticias.com\\\/labravaradiofm\\\/\"},{\"@type\":\"ListItem\",\"position\":2,\"name\":\"Confirma SSPC accidente vial de patrulla de la Polic\u00eda Estatal en Ocotl\u00e1n\"}]},{\"@type\":\"WebSite\",\"@id\":\"https:\\\/\\\/www.bbmnoticias.com\\\/labravaradiofm\\\/#website\",\"url\":\"https:\\\/\\\/www.bbmnoticias.com\\\/labravaradiofm\\\/\",\"name\":\"LA BRAVA RADIO\",\"description\":\"Empresa productora de medios, Radiodifusi\u00f3n, Noticias, tendencias y todo lo que necesitas saber de la pol\u00edtica mexicana e internacional; entretenimiento, espect\u00e1culos, salud y mucho m\u00e1s.\",\"potentialAction\":[{\"@type\":\"SearchAction\",\"target\":{\"@type\":\"EntryPoint\",\"urlTemplate\":\"https:\\\/\\\/www.bbmnoticias.com\\\/labravaradiofm\\\/?s={search_term_string}\"},\"query-input\":{\"@type\":\"PropertyValueSpecification\",\"valueRequired\":true,\"valueName\":\"search_term_string\"}}],\"inLanguage\":\"es\"},{\"@type\":\"Person\",\"@id\":\"https:\\\/\\\/www.bbmnoticias.com\\\/labravaradiofm\\\/#\\\/schema\\\/person\\\/34b139c617a70ea5bef5678bffe4dd7b\",\"name\":\"Staff\",\"image\":{\"@type\":\"ImageObject\",\"inLanguage\":\"es\",\"@id\":\"https:\\\/\\\/secure.gravatar.com\\\/avatar\\\/fdd21ad66fd8b98c407f9dee5b5e588cfe7f0d8579ec20fa6527cd59bab7f0f0?s=96&d=mm&r=g\",\"url\":\"https:\\\/\\\/secure.gravatar.com\\\/avatar\\\/fdd21ad66fd8b98c407f9dee5b5e588cfe7f0d8579ec20fa6527cd59bab7f0f0?s=96&d=mm&r=g\",\"contentUrl\":\"https:\\\/\\\/secure.gravatar.com\\\/avatar\\\/fdd21ad66fd8b98c407f9dee5b5e588cfe7f0d8579ec20fa6527cd59bab7f0f0?s=96&d=mm&r=g\",\"caption\":\"Staff\"},\"url\":\"https:\\\/\\\/www.bbmnoticias.com\\\/labravaradiofm\\\/author\\\/redaccion\\\/\"}]}<\/script>\n<!-- \/ Yoast SEO plugin. -->","yoast_head_json":{"title":"Confirma SSPC accidente vial de patrulla de la Polic\u00eda Estatal en Ocotl\u00e1n - LA BRAVA RADIO","robots":{"index":"index","follow":"follow","max-snippet":"max-snippet:-1","max-image-preview":"max-image-preview:large","max-video-preview":"max-video-preview:-1"},"canonical":"https:\/\/www.bbmnoticias.com\/blog\/2025\/04\/14\/confirma-sspc-accidente-vial-de-patrulla-de-la-policia-estatal-en-ocotlan\/","og_locale":"es_MX","og_type":"article","og_title":"Confirma SSPC accidente vial de patrulla de la Polic\u00eda Estatal en Ocotl\u00e1n - LA BRAVA RADIO","og_description":"\u00b7&nbsp;&nbsp;&nbsp;&nbsp;&nbsp;&nbsp;&nbsp;&nbsp; Seis elementos de la Polic\u00eda Estatal y de la Semar resultaron con lesiones menores Oaxaca de Ju\u00e1rez, Oax. 14 de abril de 2025. La Secretar\u00eda de Seguridad y Protecci\u00f3n Ciudadana (SSPC) reporta que no hay personas lesionadas de gravedad tras el accidente vial de la patrulla PE 08 de la Polic\u00eda Estatal en la [&hellip;]","og_url":"https:\/\/www.bbmnoticias.com\/blog\/2025\/04\/14\/confirma-sspc-accidente-vial-de-patrulla-de-la-policia-estatal-en-ocotlan\/","og_site_name":"LA BRAVA RADIO","article_published_time":"2025-04-14T18:37:21+00:00","article_modified_time":"2025-04-14T18:37:30+00:00","og_image":[{"width":571,"height":541,"url":"https:\/\/www.bbmnoticias.com\/labravaradiofm\/wp-content\/uploads\/sites\/5\/2025\/04\/GohBM74W4AAEbua.jpg","type":"image\/jpeg"}],"author":"Staff","twitter_card":"summary_large_image","twitter_misc":{"Escrito por":"Staff","Tiempo de lectura":"1 minuto"},"schema":{"@context":"https:\/\/schema.org","@graph":[{"@type":"Article","@id":"https:\/\/www.bbmnoticias.com\/blog\/2025\/04\/14\/confirma-sspc-accidente-vial-de-patrulla-de-la-policia-estatal-en-ocotlan\/#article","isPartOf":{"@id":"https:\/\/www.bbmnoticias.com\/labravaradiofm\/2025\/04\/14\/confirma-sspc-accidente-vial-de-patrulla-de-la-policia-estatal-en-ocotlan\/"},"author":{"name":"Staff","@id":"https:\/\/www.bbmnoticias.com\/labravaradiofm\/#\/schema\/person\/34b139c617a70ea5bef5678bffe4dd7b"},"headline":"Confirma SSPC accidente vial de patrulla de la Polic\u00eda Estatal en Ocotl\u00e1n","datePublished":"2025-04-14T18:37:21+00:00","dateModified":"2025-04-14T18:37:30+00:00","mainEntityOfPage":{"@id":"https:\/\/www.bbmnoticias.com\/labravaradiofm\/2025\/04\/14\/confirma-sspc-accidente-vial-de-patrulla-de-la-policia-estatal-en-ocotlan\/"},"wordCount":156,"image":{"@id":"https:\/\/www.bbmnoticias.com\/blog\/2025\/04\/14\/confirma-sspc-accidente-vial-de-patrulla-de-la-policia-estatal-en-ocotlan\/#primaryimage"},"thumbnailUrl":"https:\/\/www.bbmnoticias.com\/labravaradiofm\/wp-content\/uploads\/sites\/5\/2025\/04\/GohBM74W4AAEbua.jpg","articleSection":["LOCAL","POLICIACA"],"inLanguage":"es"},{"@type":"WebPage","@id":"https:\/\/www.bbmnoticias.com\/labravaradiofm\/2025\/04\/14\/confirma-sspc-accidente-vial-de-patrulla-de-la-policia-estatal-en-ocotlan\/","url":"https:\/\/www.bbmnoticias.com\/blog\/2025\/04\/14\/confirma-sspc-accidente-vial-de-patrulla-de-la-policia-estatal-en-ocotlan\/","name":"Confirma SSPC accidente vial de patrulla de la Polic\u00eda Estatal en Ocotl\u00e1n - LA BRAVA RADIO","isPartOf":{"@id":"https:\/\/www.bbmnoticias.com\/labravaradiofm\/#website"},"primaryImageOfPage":{"@id":"https:\/\/www.bbmnoticias.com\/blog\/2025\/04\/14\/confirma-sspc-accidente-vial-de-patrulla-de-la-policia-estatal-en-ocotlan\/#primaryimage"},"image":{"@id":"https:\/\/www.bbmnoticias.com\/blog\/2025\/04\/14\/confirma-sspc-accidente-vial-de-patrulla-de-la-policia-estatal-en-ocotlan\/#primaryimage"},"thumbnailUrl":"https:\/\/www.bbmnoticias.com\/labravaradiofm\/wp-content\/uploads\/sites\/5\/2025\/04\/GohBM74W4AAEbua.jpg","datePublished":"2025-04-14T18:37:21+00:00","dateModified":"2025-04-14T18:37:30+00:00","author":{"@id":"https:\/\/www.bbmnoticias.com\/labravaradiofm\/#\/schema\/person\/34b139c617a70ea5bef5678bffe4dd7b"},"breadcrumb":{"@id":"https:\/\/www.bbmnoticias.com\/blog\/2025\/04\/14\/confirma-sspc-accidente-vial-de-patrulla-de-la-policia-estatal-en-ocotlan\/#breadcrumb"},"inLanguage":"es","potentialAction":[{"@type":"ReadAction","target":["https:\/\/www.bbmnoticias.com\/blog\/2025\/04\/14\/confirma-sspc-accidente-vial-de-patrulla-de-la-policia-estatal-en-ocotlan\/"]}]},{"@type":"ImageObject","inLanguage":"es","@id":"https:\/\/www.bbmnoticias.com\/blog\/2025\/04\/14\/confirma-sspc-accidente-vial-de-patrulla-de-la-policia-estatal-en-ocotlan\/#primaryimage","url":"https:\/\/www.bbmnoticias.com\/labravaradiofm\/wp-content\/uploads\/sites\/5\/2025\/04\/GohBM74W4AAEbua.jpg","contentUrl":"https:\/\/www.bbmnoticias.com\/labravaradiofm\/wp-content\/uploads\/sites\/5\/2025\/04\/GohBM74W4AAEbua.jpg","width":571,"height":541},{"@type":"BreadcrumbList","@id":"https:\/\/www.bbmnoticias.com\/blog\/2025\/04\/14\/confirma-sspc-accidente-vial-de-patrulla-de-la-policia-estatal-en-ocotlan\/#breadcrumb","itemListElement":[{"@type":"ListItem","position":1,"name":"Inicio","item":"https:\/\/www.bbmnoticias.com\/labravaradiofm\/"},{"@type":"ListItem","position":2,"name":"Confirma SSPC accidente vial de patrulla de la Polic\u00eda Estatal en Ocotl\u00e1n"}]},{"@type":"WebSite","@id":"https:\/\/www.bbmnoticias.com\/labravaradiofm\/#website","url":"https:\/\/www.bbmnoticias.com\/labravaradiofm\/","name":"LA BRAVA RADIO","description":"Empresa productora de medios, Radiodifusi\u00f3n, Noticias, tendencias y todo lo que necesitas saber de la pol\u00edtica mexicana e internacional; entretenimiento, espect\u00e1culos, salud y mucho m\u00e1s.","potentialAction":[{"@type":"SearchAction","target":{"@type":"EntryPoint","urlTemplate":"https:\/\/www.bbmnoticias.com\/labravaradiofm\/?s={search_term_string}"},"query-input":{"@type":"PropertyValueSpecification","valueRequired":true,"valueName":"search_term_string"}}],"inLanguage":"es"},{"@type":"Person","@id":"https:\/\/www.bbmnoticias.com\/labravaradiofm\/#\/schema\/person\/34b139c617a70ea5bef5678bffe4dd7b","name":"Staff","image":{"@type":"ImageObject","inLanguage":"es","@id":"https:\/\/secure.gravatar.com\/avatar\/fdd21ad66fd8b98c407f9dee5b5e588cfe7f0d8579ec20fa6527cd59bab7f0f0?s=96&d=mm&r=g","url":"https:\/\/secure.gravatar.com\/avatar\/fdd21ad66fd8b98c407f9dee5b5e588cfe7f0d8579ec20fa6527cd59bab7f0f0?s=96&d=mm&r=g","contentUrl":"https:\/\/secure.gravatar.com\/avatar\/fdd21ad66fd8b98c407f9dee5b5e588cfe7f0d8579ec20fa6527cd59bab7f0f0?s=96&d=mm&r=g","caption":"Staff"},"url":"https:\/\/www.bbmnoticias.com\/labravaradiofm\/author\/redaccion\/"}]}},"_links":{"self":[{"href":"https:\/\/www.bbmnoticias.com\/labravaradiofm\/wp-json\/wp\/v2\/posts\/58253","targetHints":{"allow":["GET"]}}],"collection":[{"href":"https:\/\/www.bbmnoticias.com\/labravaradiofm\/wp-json\/wp\/v2\/posts"}],"about":[{"href":"https:\/\/www.bbmnoticias.com\/labravaradiofm\/wp-json\/wp\/v2\/types\/post"}],"author":[{"embeddable":true,"href":"https:\/\/www.bbmnoticias.com\/labravaradiofm\/wp-json\/wp\/v2\/users\/2"}],"replies":[{"embeddable":true,"href":"https:\/\/www.bbmnoticias.com\/labravaradiofm\/wp-json\/wp\/v2\/comments?post=58253"}],"version-history":[{"count":0,"href":"https:\/\/www.bbmnoticias.com\/labravaradiofm\/wp-json\/wp\/v2\/posts\/58253\/revisions"}],"wp:featuredmedia":[{"embeddable":true,"href":"https:\/\/www.bbmnoticias.com\/labravaradiofm\/wp-json\/wp\/v2\/media\/58255"}],"wp:attachment":[{"href":"https:\/\/www.bbmnoticias.com\/labravaradiofm\/wp-json\/wp\/v2\/media?parent=58253"}],"wp:term":[{"taxonomy":"category","embeddable":true,"href":"https:\/\/www.bbmnoticias.com\/labravaradiofm\/wp-json\/wp\/v2\/categories?post=58253"},{"taxonomy":"post_tag","embeddable":true,"href":"https:\/\/www.bbmnoticias.com\/labravaradiofm\/wp-json\/wp\/v2\/tags?post=58253"}],"curies":[{"name":"wp","href":"https:\/\/api.w.org\/{rel}","templated":true}]}}