{"id":58247,"date":"2025-04-14T10:21:35","date_gmt":"2025-04-14T16:21:35","guid":{"rendered":"https:\/\/www.bbmnoticias.com\/labravaradiofm\/2025\/04\/14\/sheinbaum-pide-a-titular-de-hacienda-hablar-con-banqueros-para-que-bajen-tasas-de-interes\/"},"modified":"2025-04-14T10:21:43","modified_gmt":"2025-04-14T16:21:43","slug":"sheinbaum-pide-a-titular-de-hacienda-hablar-con-banqueros-para-que-bajen-tasas-de-interes","status":"publish","type":"post","link":"https:\/\/www.bbmnoticias.com\/labravaradiofm\/2025\/04\/14\/sheinbaum-pide-a-titular-de-hacienda-hablar-con-banqueros-para-que-bajen-tasas-de-interes\/","title":{"rendered":"Sheinbaum pide a titular de Hacienda hablar con banqueros para que bajen tasas de inter\u00e9s"},"content":{"rendered":"<div style=\"margin-top: 0px; margin-bottom: 0px;\" class=\"sharethis-inline-share-buttons\" ><\/div>\n<p>La presidenta <strong>Claudia Sheinbaum Pardo<\/strong> detall\u00f3 que ha encargado al nuevo titular de <strong>Hacienda, Edgar Amador<\/strong>, para que tenga un di\u00e1logo con <strong>bancos comerciales y de desarrollo<\/strong> con el objetivo de que <strong>bajen <\/strong>sus <strong>tasas de inter\u00e9s.<\/strong><\/p>\n\n\n\n<p>En la conferencia matutina de Palacio Nacional, Sheinbaum Pardo apunt\u00f3 que mientras el <strong>Banco de M\u00e9xico<\/strong> (<strong>Banxico<\/strong>) ha bajado la tasas de inter\u00e9s, esto no ha ocurrido con los bancos, lo que hace muy dif\u00edcil que empresas peque\u00f1as y medianas logren obtener un cr\u00e9dito.<\/p>\n\n\n\n<figure class=\"wp-block-pullquote\"><blockquote><p>Le encargamos a Edgar (Amador) que busque junto con los bancos, tanto de desarrollo como banca comercial, que bajen las tasas\u201d, se\u00f1al\u00f3.<\/p><\/blockquote><\/figure>\n\n\n\n<p>\u201cCon todo y que Banco de M\u00e9xico baj\u00f3 la tasa, de todas maneras el acceso a un cr\u00e9dito para una peque\u00f1a y mediana empresa, sigue siendo muy complejo\u201d, afirm\u00f3.<\/p>\n\n\n\n<p>\u201cTambi\u00e9n para dinamizar la econom\u00eda, obviamente sin riesgos, es que se bajen las tasas de inter\u00e9s, esa es una parte importante que estamos pidi\u00e9ndole al secretario de Hacienda para que platique con la banca\u201d, argument\u00f3 esta ma\u00f1ana<\/p>\n\n\n\n<p>La mandataria mexicana confirm\u00f3 su asistencia a la 88 Convenci\u00f3n Bancaria, que se realizar\u00e1 el 8 y 9 de Mayo en Nuevo Nayarit y Vallarta.<\/p>\n\n\n\n<p>Dicho evento, organizado por la Asociaci\u00f3n de Bancos de M\u00e9xico (ABM), se llevar\u00e1 a cabo bajo el lema \u2018La banca y su aportaci\u00f3n al desarrollo de M\u00e9xico\u2019 y re\u00fane a todos los actores y autoridades del sistema financiero mexicano.<\/p>\n\n\n\n<p>Este a\u00f1o el evento m\u00e1s grande de la banca comercial mexicana se realiza en medio de un nuevo entorno de incertidumbre y oportunidades entre tensiones comerciales con su principal socio comercial, Estados Unidos.<\/p>\n","protected":false},"excerpt":{"rendered":"<p>La presidenta Claudia Sheinbaum Pardo detall\u00f3 que ha encargado al nuevo titular de Hacienda, Edgar Amador, para que tenga un di\u00e1logo con bancos comerciales y de desarrollo con el objetivo de que bajen sus tasas de inter\u00e9s. En la conferencia matutina de Palacio Nacional, Sheinbaum Pardo apunt\u00f3 que mientras el Banco de M\u00e9xico (Banxico) ha [&hellip;]<\/p>\n","protected":false},"author":4,"featured_media":58249,"comment_status":"closed","ping_status":"","sticky":false,"template":"","format":"standard","meta":{"footnotes":""},"categories":[2,19],"tags":[],"class_list":{"0":"post-58247","1":"post","2":"type-post","3":"status-publish","4":"format-standard","5":"has-post-thumbnail","7":"category-oaxaca","8":"category-nacional"},"yoast_head":"<!-- This site is optimized with the Yoast SEO plugin v27.4 - https:\/\/yoast.com\/product\/yoast-seo-wordpress\/ -->\n<title>Sheinbaum pide a titular de Hacienda hablar con banqueros para que bajen tasas de inter\u00e9s - LA BRAVA RADIO<\/title>\n<meta name=\"robots\" content=\"index, follow, max-snippet:-1, max-image-preview:large, max-video-preview:-1\" \/>\n<link rel=\"canonical\" href=\"https:\/\/www.bbmnoticias.com\/blog\/2025\/04\/14\/sheinbaum-pide-a-titular-de-hacienda-hablar-con-banqueros-para-que-bajen-tasas-de-interes\/\" \/>\n<meta property=\"og:locale\" content=\"es_MX\" \/>\n<meta property=\"og:type\" content=\"article\" \/>\n<meta property=\"og:title\" content=\"Sheinbaum pide a titular de Hacienda hablar con banqueros para que bajen tasas de inter\u00e9s - LA BRAVA RADIO\" \/>\n<meta property=\"og:description\" content=\"La presidenta Claudia Sheinbaum Pardo detall\u00f3 que ha encargado al nuevo titular de Hacienda, Edgar Amador, para que tenga un di\u00e1logo con bancos comerciales y de desarrollo con el objetivo de que bajen sus tasas de inter\u00e9s. En la conferencia matutina de Palacio Nacional, Sheinbaum Pardo apunt\u00f3 que mientras el Banco de M\u00e9xico (Banxico) ha [&hellip;]\" \/>\n<meta property=\"og:url\" content=\"https:\/\/www.bbmnoticias.com\/blog\/2025\/04\/14\/sheinbaum-pide-a-titular-de-hacienda-hablar-con-banqueros-para-que-bajen-tasas-de-interes\/\" \/>\n<meta property=\"og:site_name\" content=\"LA BRAVA RADIO\" \/>\n<meta property=\"article:published_time\" content=\"2025-04-14T16:21:35+00:00\" \/>\n<meta property=\"article:modified_time\" content=\"2025-04-14T16:21:43+00:00\" \/>\n<meta property=\"og:image\" content=\"https:\/\/www.bbmnoticias.com\/labravaradiofm\/wp-content\/uploads\/sites\/5\/2025\/04\/sheinbaum-tasas-interes-1536x1024-1.jpg\" \/>\n\t<meta property=\"og:image:width\" content=\"1536\" \/>\n\t<meta property=\"og:image:height\" content=\"1024\" \/>\n\t<meta property=\"og:image:type\" content=\"image\/jpeg\" \/>\n<meta name=\"author\" content=\"Agencias\" \/>\n<meta name=\"twitter:card\" content=\"summary_large_image\" \/>\n<meta name=\"twitter:label1\" content=\"Escrito por\" \/>\n\t<meta name=\"twitter:data1\" content=\"Agencias\" \/>\n\t<meta name=\"twitter:label2\" content=\"Tiempo de lectura\" \/>\n\t<meta name=\"twitter:data2\" content=\"1 minuto\" \/>\n<script type=\"application\/ld+json\" class=\"yoast-schema-graph\">{\"@context\":\"https:\\\/\\\/schema.org\",\"@graph\":[{\"@type\":\"Article\",\"@id\":\"https:\\\/\\\/www.bbmnoticias.com\\\/blog\\\/2025\\\/04\\\/14\\\/sheinbaum-pide-a-titular-de-hacienda-hablar-con-banqueros-para-que-bajen-tasas-de-interes\\\/#article\",\"isPartOf\":{\"@id\":\"https:\\\/\\\/www.bbmnoticias.com\\\/labravaradiofm\\\/2025\\\/04\\\/14\\\/sheinbaum-pide-a-titular-de-hacienda-hablar-con-banqueros-para-que-bajen-tasas-de-interes\\\/\"},\"author\":{\"name\":\"Agencias\",\"@id\":\"https:\\\/\\\/www.bbmnoticias.com\\\/labravaradiofm\\\/#\\\/schema\\\/person\\\/857a3daf5c8142f29919023f377fbfad\"},\"headline\":\"Sheinbaum pide a titular de Hacienda hablar con banqueros para que bajen tasas de inter\u00e9s\",\"datePublished\":\"2025-04-14T16:21:35+00:00\",\"dateModified\":\"2025-04-14T16:21:43+00:00\",\"mainEntityOfPage\":{\"@id\":\"https:\\\/\\\/www.bbmnoticias.com\\\/labravaradiofm\\\/2025\\\/04\\\/14\\\/sheinbaum-pide-a-titular-de-hacienda-hablar-con-banqueros-para-que-bajen-tasas-de-interes\\\/\"},\"wordCount\":303,\"image\":{\"@id\":\"https:\\\/\\\/www.bbmnoticias.com\\\/blog\\\/2025\\\/04\\\/14\\\/sheinbaum-pide-a-titular-de-hacienda-hablar-con-banqueros-para-que-bajen-tasas-de-interes\\\/#primaryimage\"},\"thumbnailUrl\":\"https:\\\/\\\/www.bbmnoticias.com\\\/labravaradiofm\\\/wp-content\\\/uploads\\\/sites\\\/5\\\/2025\\\/04\\\/sheinbaum-tasas-interes-1536x1024-1.jpg\",\"articleSection\":[\"LOCAL\",\"NACIONAL\"],\"inLanguage\":\"es\"},{\"@type\":\"WebPage\",\"@id\":\"https:\\\/\\\/www.bbmnoticias.com\\\/labravaradiofm\\\/2025\\\/04\\\/14\\\/sheinbaum-pide-a-titular-de-hacienda-hablar-con-banqueros-para-que-bajen-tasas-de-interes\\\/\",\"url\":\"https:\\\/\\\/www.bbmnoticias.com\\\/blog\\\/2025\\\/04\\\/14\\\/sheinbaum-pide-a-titular-de-hacienda-hablar-con-banqueros-para-que-bajen-tasas-de-interes\\\/\",\"name\":\"Sheinbaum pide a titular de Hacienda hablar con banqueros para que bajen tasas de inter\u00e9s - LA BRAVA RADIO\",\"isPartOf\":{\"@id\":\"https:\\\/\\\/www.bbmnoticias.com\\\/labravaradiofm\\\/#website\"},\"primaryImageOfPage\":{\"@id\":\"https:\\\/\\\/www.bbmnoticias.com\\\/blog\\\/2025\\\/04\\\/14\\\/sheinbaum-pide-a-titular-de-hacienda-hablar-con-banqueros-para-que-bajen-tasas-de-interes\\\/#primaryimage\"},\"image\":{\"@id\":\"https:\\\/\\\/www.bbmnoticias.com\\\/blog\\\/2025\\\/04\\\/14\\\/sheinbaum-pide-a-titular-de-hacienda-hablar-con-banqueros-para-que-bajen-tasas-de-interes\\\/#primaryimage\"},\"thumbnailUrl\":\"https:\\\/\\\/www.bbmnoticias.com\\\/labravaradiofm\\\/wp-content\\\/uploads\\\/sites\\\/5\\\/2025\\\/04\\\/sheinbaum-tasas-interes-1536x1024-1.jpg\",\"datePublished\":\"2025-04-14T16:21:35+00:00\",\"dateModified\":\"2025-04-14T16:21:43+00:00\",\"author\":{\"@id\":\"https:\\\/\\\/www.bbmnoticias.com\\\/labravaradiofm\\\/#\\\/schema\\\/person\\\/857a3daf5c8142f29919023f377fbfad\"},\"breadcrumb\":{\"@id\":\"https:\\\/\\\/www.bbmnoticias.com\\\/blog\\\/2025\\\/04\\\/14\\\/sheinbaum-pide-a-titular-de-hacienda-hablar-con-banqueros-para-que-bajen-tasas-de-interes\\\/#breadcrumb\"},\"inLanguage\":\"es\",\"potentialAction\":[{\"@type\":\"ReadAction\",\"target\":[\"https:\\\/\\\/www.bbmnoticias.com\\\/blog\\\/2025\\\/04\\\/14\\\/sheinbaum-pide-a-titular-de-hacienda-hablar-con-banqueros-para-que-bajen-tasas-de-interes\\\/\"]}]},{\"@type\":\"ImageObject\",\"inLanguage\":\"es\",\"@id\":\"https:\\\/\\\/www.bbmnoticias.com\\\/blog\\\/2025\\\/04\\\/14\\\/sheinbaum-pide-a-titular-de-hacienda-hablar-con-banqueros-para-que-bajen-tasas-de-interes\\\/#primaryimage\",\"url\":\"https:\\\/\\\/www.bbmnoticias.com\\\/labravaradiofm\\\/wp-content\\\/uploads\\\/sites\\\/5\\\/2025\\\/04\\\/sheinbaum-tasas-interes-1536x1024-1.jpg\",\"contentUrl\":\"https:\\\/\\\/www.bbmnoticias.com\\\/labravaradiofm\\\/wp-content\\\/uploads\\\/sites\\\/5\\\/2025\\\/04\\\/sheinbaum-tasas-interes-1536x1024-1.jpg\",\"width\":1536,\"height\":1024},{\"@type\":\"BreadcrumbList\",\"@id\":\"https:\\\/\\\/www.bbmnoticias.com\\\/blog\\\/2025\\\/04\\\/14\\\/sheinbaum-pide-a-titular-de-hacienda-hablar-con-banqueros-para-que-bajen-tasas-de-interes\\\/#breadcrumb\",\"itemListElement\":[{\"@type\":\"ListItem\",\"position\":1,\"name\":\"Inicio\",\"item\":\"https:\\\/\\\/www.bbmnoticias.com\\\/labravaradiofm\\\/\"},{\"@type\":\"ListItem\",\"position\":2,\"name\":\"Sheinbaum pide a titular de Hacienda hablar con banqueros para que bajen tasas de inter\u00e9s\"}]},{\"@type\":\"WebSite\",\"@id\":\"https:\\\/\\\/www.bbmnoticias.com\\\/labravaradiofm\\\/#website\",\"url\":\"https:\\\/\\\/www.bbmnoticias.com\\\/labravaradiofm\\\/\",\"name\":\"LA BRAVA RADIO\",\"description\":\"Empresa productora de medios, Radiodifusi\u00f3n, Noticias, tendencias y todo lo que necesitas saber de la pol\u00edtica mexicana e internacional; entretenimiento, espect\u00e1culos, salud y mucho m\u00e1s.\",\"potentialAction\":[{\"@type\":\"SearchAction\",\"target\":{\"@type\":\"EntryPoint\",\"urlTemplate\":\"https:\\\/\\\/www.bbmnoticias.com\\\/labravaradiofm\\\/?s={search_term_string}\"},\"query-input\":{\"@type\":\"PropertyValueSpecification\",\"valueRequired\":true,\"valueName\":\"search_term_string\"}}],\"inLanguage\":\"es\"},{\"@type\":\"Person\",\"@id\":\"https:\\\/\\\/www.bbmnoticias.com\\\/labravaradiofm\\\/#\\\/schema\\\/person\\\/857a3daf5c8142f29919023f377fbfad\",\"name\":\"Agencias\",\"image\":{\"@type\":\"ImageObject\",\"inLanguage\":\"es\",\"@id\":\"https:\\\/\\\/secure.gravatar.com\\\/avatar\\\/739e0b61adf9e398b425c36718c8752286da0e8cd90f20ce9a86678abc26aa0d?s=96&d=mm&r=g\",\"url\":\"https:\\\/\\\/secure.gravatar.com\\\/avatar\\\/739e0b61adf9e398b425c36718c8752286da0e8cd90f20ce9a86678abc26aa0d?s=96&d=mm&r=g\",\"contentUrl\":\"https:\\\/\\\/secure.gravatar.com\\\/avatar\\\/739e0b61adf9e398b425c36718c8752286da0e8cd90f20ce9a86678abc26aa0d?s=96&d=mm&r=g\",\"caption\":\"Agencias\"},\"url\":\"https:\\\/\\\/www.bbmnoticias.com\\\/labravaradiofm\\\/author\\\/agencias\\\/\"}]}<\/script>\n<!-- \/ Yoast SEO plugin. -->","yoast_head_json":{"title":"Sheinbaum pide a titular de Hacienda hablar con banqueros para que bajen tasas de inter\u00e9s - LA BRAVA RADIO","robots":{"index":"index","follow":"follow","max-snippet":"max-snippet:-1","max-image-preview":"max-image-preview:large","max-video-preview":"max-video-preview:-1"},"canonical":"https:\/\/www.bbmnoticias.com\/blog\/2025\/04\/14\/sheinbaum-pide-a-titular-de-hacienda-hablar-con-banqueros-para-que-bajen-tasas-de-interes\/","og_locale":"es_MX","og_type":"article","og_title":"Sheinbaum pide a titular de Hacienda hablar con banqueros para que bajen tasas de inter\u00e9s - LA BRAVA RADIO","og_description":"La presidenta Claudia Sheinbaum Pardo detall\u00f3 que ha encargado al nuevo titular de Hacienda, Edgar Amador, para que tenga un di\u00e1logo con bancos comerciales y de desarrollo con el objetivo de que bajen sus tasas de inter\u00e9s. En la conferencia matutina de Palacio Nacional, Sheinbaum Pardo apunt\u00f3 que mientras el Banco de M\u00e9xico (Banxico) ha [&hellip;]","og_url":"https:\/\/www.bbmnoticias.com\/blog\/2025\/04\/14\/sheinbaum-pide-a-titular-de-hacienda-hablar-con-banqueros-para-que-bajen-tasas-de-interes\/","og_site_name":"LA BRAVA RADIO","article_published_time":"2025-04-14T16:21:35+00:00","article_modified_time":"2025-04-14T16:21:43+00:00","og_image":[{"width":1536,"height":1024,"url":"https:\/\/www.bbmnoticias.com\/labravaradiofm\/wp-content\/uploads\/sites\/5\/2025\/04\/sheinbaum-tasas-interes-1536x1024-1.jpg","type":"image\/jpeg"}],"author":"Agencias","twitter_card":"summary_large_image","twitter_misc":{"Escrito por":"Agencias","Tiempo de lectura":"1 minuto"},"schema":{"@context":"https:\/\/schema.org","@graph":[{"@type":"Article","@id":"https:\/\/www.bbmnoticias.com\/blog\/2025\/04\/14\/sheinbaum-pide-a-titular-de-hacienda-hablar-con-banqueros-para-que-bajen-tasas-de-interes\/#article","isPartOf":{"@id":"https:\/\/www.bbmnoticias.com\/labravaradiofm\/2025\/04\/14\/sheinbaum-pide-a-titular-de-hacienda-hablar-con-banqueros-para-que-bajen-tasas-de-interes\/"},"author":{"name":"Agencias","@id":"https:\/\/www.bbmnoticias.com\/labravaradiofm\/#\/schema\/person\/857a3daf5c8142f29919023f377fbfad"},"headline":"Sheinbaum pide a titular de Hacienda hablar con banqueros para que bajen tasas de inter\u00e9s","datePublished":"2025-04-14T16:21:35+00:00","dateModified":"2025-04-14T16:21:43+00:00","mainEntityOfPage":{"@id":"https:\/\/www.bbmnoticias.com\/labravaradiofm\/2025\/04\/14\/sheinbaum-pide-a-titular-de-hacienda-hablar-con-banqueros-para-que-bajen-tasas-de-interes\/"},"wordCount":303,"image":{"@id":"https:\/\/www.bbmnoticias.com\/blog\/2025\/04\/14\/sheinbaum-pide-a-titular-de-hacienda-hablar-con-banqueros-para-que-bajen-tasas-de-interes\/#primaryimage"},"thumbnailUrl":"https:\/\/www.bbmnoticias.com\/labravaradiofm\/wp-content\/uploads\/sites\/5\/2025\/04\/sheinbaum-tasas-interes-1536x1024-1.jpg","articleSection":["LOCAL","NACIONAL"],"inLanguage":"es"},{"@type":"WebPage","@id":"https:\/\/www.bbmnoticias.com\/labravaradiofm\/2025\/04\/14\/sheinbaum-pide-a-titular-de-hacienda-hablar-con-banqueros-para-que-bajen-tasas-de-interes\/","url":"https:\/\/www.bbmnoticias.com\/blog\/2025\/04\/14\/sheinbaum-pide-a-titular-de-hacienda-hablar-con-banqueros-para-que-bajen-tasas-de-interes\/","name":"Sheinbaum pide a titular de Hacienda hablar con banqueros para que bajen tasas de inter\u00e9s - LA BRAVA RADIO","isPartOf":{"@id":"https:\/\/www.bbmnoticias.com\/labravaradiofm\/#website"},"primaryImageOfPage":{"@id":"https:\/\/www.bbmnoticias.com\/blog\/2025\/04\/14\/sheinbaum-pide-a-titular-de-hacienda-hablar-con-banqueros-para-que-bajen-tasas-de-interes\/#primaryimage"},"image":{"@id":"https:\/\/www.bbmnoticias.com\/blog\/2025\/04\/14\/sheinbaum-pide-a-titular-de-hacienda-hablar-con-banqueros-para-que-bajen-tasas-de-interes\/#primaryimage"},"thumbnailUrl":"https:\/\/www.bbmnoticias.com\/labravaradiofm\/wp-content\/uploads\/sites\/5\/2025\/04\/sheinbaum-tasas-interes-1536x1024-1.jpg","datePublished":"2025-04-14T16:21:35+00:00","dateModified":"2025-04-14T16:21:43+00:00","author":{"@id":"https:\/\/www.bbmnoticias.com\/labravaradiofm\/#\/schema\/person\/857a3daf5c8142f29919023f377fbfad"},"breadcrumb":{"@id":"https:\/\/www.bbmnoticias.com\/blog\/2025\/04\/14\/sheinbaum-pide-a-titular-de-hacienda-hablar-con-banqueros-para-que-bajen-tasas-de-interes\/#breadcrumb"},"inLanguage":"es","potentialAction":[{"@type":"ReadAction","target":["https:\/\/www.bbmnoticias.com\/blog\/2025\/04\/14\/sheinbaum-pide-a-titular-de-hacienda-hablar-con-banqueros-para-que-bajen-tasas-de-interes\/"]}]},{"@type":"ImageObject","inLanguage":"es","@id":"https:\/\/www.bbmnoticias.com\/blog\/2025\/04\/14\/sheinbaum-pide-a-titular-de-hacienda-hablar-con-banqueros-para-que-bajen-tasas-de-interes\/#primaryimage","url":"https:\/\/www.bbmnoticias.com\/labravaradiofm\/wp-content\/uploads\/sites\/5\/2025\/04\/sheinbaum-tasas-interes-1536x1024-1.jpg","contentUrl":"https:\/\/www.bbmnoticias.com\/labravaradiofm\/wp-content\/uploads\/sites\/5\/2025\/04\/sheinbaum-tasas-interes-1536x1024-1.jpg","width":1536,"height":1024},{"@type":"BreadcrumbList","@id":"https:\/\/www.bbmnoticias.com\/blog\/2025\/04\/14\/sheinbaum-pide-a-titular-de-hacienda-hablar-con-banqueros-para-que-bajen-tasas-de-interes\/#breadcrumb","itemListElement":[{"@type":"ListItem","position":1,"name":"Inicio","item":"https:\/\/www.bbmnoticias.com\/labravaradiofm\/"},{"@type":"ListItem","position":2,"name":"Sheinbaum pide a titular de Hacienda hablar con banqueros para que bajen tasas de inter\u00e9s"}]},{"@type":"WebSite","@id":"https:\/\/www.bbmnoticias.com\/labravaradiofm\/#website","url":"https:\/\/www.bbmnoticias.com\/labravaradiofm\/","name":"LA BRAVA RADIO","description":"Empresa productora de medios, Radiodifusi\u00f3n, Noticias, tendencias y todo lo que necesitas saber de la pol\u00edtica mexicana e internacional; entretenimiento, espect\u00e1culos, salud y mucho m\u00e1s.","potentialAction":[{"@type":"SearchAction","target":{"@type":"EntryPoint","urlTemplate":"https:\/\/www.bbmnoticias.com\/labravaradiofm\/?s={search_term_string}"},"query-input":{"@type":"PropertyValueSpecification","valueRequired":true,"valueName":"search_term_string"}}],"inLanguage":"es"},{"@type":"Person","@id":"https:\/\/www.bbmnoticias.com\/labravaradiofm\/#\/schema\/person\/857a3daf5c8142f29919023f377fbfad","name":"Agencias","image":{"@type":"ImageObject","inLanguage":"es","@id":"https:\/\/secure.gravatar.com\/avatar\/739e0b61adf9e398b425c36718c8752286da0e8cd90f20ce9a86678abc26aa0d?s=96&d=mm&r=g","url":"https:\/\/secure.gravatar.com\/avatar\/739e0b61adf9e398b425c36718c8752286da0e8cd90f20ce9a86678abc26aa0d?s=96&d=mm&r=g","contentUrl":"https:\/\/secure.gravatar.com\/avatar\/739e0b61adf9e398b425c36718c8752286da0e8cd90f20ce9a86678abc26aa0d?s=96&d=mm&r=g","caption":"Agencias"},"url":"https:\/\/www.bbmnoticias.com\/labravaradiofm\/author\/agencias\/"}]}},"_links":{"self":[{"href":"https:\/\/www.bbmnoticias.com\/labravaradiofm\/wp-json\/wp\/v2\/posts\/58247","targetHints":{"allow":["GET"]}}],"collection":[{"href":"https:\/\/www.bbmnoticias.com\/labravaradiofm\/wp-json\/wp\/v2\/posts"}],"about":[{"href":"https:\/\/www.bbmnoticias.com\/labravaradiofm\/wp-json\/wp\/v2\/types\/post"}],"author":[{"embeddable":true,"href":"https:\/\/www.bbmnoticias.com\/labravaradiofm\/wp-json\/wp\/v2\/users\/4"}],"replies":[{"embeddable":true,"href":"https:\/\/www.bbmnoticias.com\/labravaradiofm\/wp-json\/wp\/v2\/comments?post=58247"}],"version-history":[{"count":0,"href":"https:\/\/www.bbmnoticias.com\/labravaradiofm\/wp-json\/wp\/v2\/posts\/58247\/revisions"}],"wp:featuredmedia":[{"embeddable":true,"href":"https:\/\/www.bbmnoticias.com\/labravaradiofm\/wp-json\/wp\/v2\/media\/58249"}],"wp:attachment":[{"href":"https:\/\/www.bbmnoticias.com\/labravaradiofm\/wp-json\/wp\/v2\/media?parent=58247"}],"wp:term":[{"taxonomy":"category","embeddable":true,"href":"https:\/\/www.bbmnoticias.com\/labravaradiofm\/wp-json\/wp\/v2\/categories?post=58247"},{"taxonomy":"post_tag","embeddable":true,"href":"https:\/\/www.bbmnoticias.com\/labravaradiofm\/wp-json\/wp\/v2\/tags?post=58247"}],"curies":[{"name":"wp","href":"https:\/\/api.w.org\/{rel}","templated":true}]}}