{"id":58244,"date":"2025-04-14T10:13:55","date_gmt":"2025-04-14T16:13:55","guid":{"rendered":"https:\/\/www.bbmnoticias.com\/labravaradiofm\/2025\/04\/14\/no-es-necesario-un-paro-nacional-en-mayo-hay-dialogo-sheinbaum-a-maestros-de-la-cnte\/"},"modified":"2025-04-14T10:14:05","modified_gmt":"2025-04-14T16:14:05","slug":"no-es-necesario-un-paro-nacional-en-mayo-hay-dialogo-sheinbaum-a-maestros-de-la-cnte","status":"publish","type":"post","link":"https:\/\/www.bbmnoticias.com\/labravaradiofm\/2025\/04\/14\/no-es-necesario-un-paro-nacional-en-mayo-hay-dialogo-sheinbaum-a-maestros-de-la-cnte\/","title":{"rendered":"No es necesario un paro nacional en mayo, hay di\u00e1logo: Sheinbaum a maestros de la CNTE"},"content":{"rendered":"<div style=\"margin-top: 0px; margin-bottom: 0px;\" class=\"sharethis-inline-share-buttons\" ><\/div>\n<p><strong>Claudia Sheinbaum Pardo<\/strong>, presidenta de M\u00e9xico, no ve necesario un <strong>paro nacional<\/strong> por parte de integrantes de la <strong>Coordinadora Nacional de Trabajadores de la Educaci\u00f3n<\/strong> (<strong>CNTE<\/strong>) el <strong>15 de mayo<\/strong>.<\/p>\n\n\n\n<p>En la conferencia matutina de Palacio Nacional, Sheinbaum Pardo apunt\u00f3 que las v\u00edas de di\u00e1logo con esa parte del magisterio sigue en pie.<\/p>\n\n\n\n<p>\u201cSe est\u00e1 dialogando con ellos, dialogando en los estados tambi\u00e9n, porque hay algunas demandas que tienen a nivel estatal. Yo les recuerdo a los maestros que a diferencia del pasado que se asum\u00eda o se criticaba, se dec\u00eda, que ellos eran responsables de una visi\u00f3n que hab\u00eda de que la educaci\u00f3n p\u00fablica era muy mala y se les impuso una reforma educativa punitiva, hubo un cambio con el presidente L\u00f3pez obrador, tanto que se basificaron a un mill\u00f3n de maestros, se aument\u00f3 el salario de manera importante y resolviendo varias de las demandas que ten\u00edan\u201d, destac\u00f3.<\/p>\n\n\n\n<figure class=\"wp-block-pullquote\"><blockquote><p>Seguimos viendo todas las posibilidades, no consideramos que un paro nacional sea necesario, sobre todo cuando est\u00e1n abiertas todas las v\u00edas de di\u00e1logo, nunca nos hemos negado a nada\u201d, sostuvo.<\/p><\/blockquote><\/figure>\n\n\n\n<p>\u201cM\u00e1s bien es el planteamiento de a d\u00f3nde podemos llegar y seguir viendo diferentes opciones para una pensi\u00f3n justa, un salario m\u00ednimo para las y los profesores, y la carrera magisterial mejorar las condiciones y todo lo que se requiera para apoyar a los maestros de M\u00e9xico\u201d, dijo.<\/p>\n\n\n\n<p>La mandataria mexicana asever\u00f3 que a los maestros que se manifiesten en la Ciudad de M\u00e9xico el 15 de mayo se les permitir\u00e1 llegar al Z\u00f3calo capitalino, ya que su Gobierno no es represor.<\/p>\n\n\n\n<p>\u201cS\u00ed (se les permitir\u00e1 llegar al Z\u00f3calo a la CNTE), nosotros no reprimimos, nosotros nunca lo vamos a hacer y est\u00e1 abierto el di\u00e1logo, y a los maestros que conozcan cu\u00e1l es la posici\u00f3n del Gobierno, porque no es como en el pasado que no haya di\u00e1logo, que estemos cerrados, que estemos reprimiendo\u201d, se\u00f1al\u00f3.<\/p>\n\n\n\n<p>La CNTE acord\u00f3 adelantar un paro nacional el pr\u00f3ximo 15 de mayo para exigir a Sheinbaum Pardo mejoras laborales.<\/p>\n\n\n\n<p>\u201cNuestra asamblea determina iniciar con esta huelga nacional el pr\u00f3ximo 15 de mayo. Para ello, partiremos con la marcha del \u00c1ngel de la Independencia al Z\u00f3calo a partir de las nueve horas\u201d, dijo <strong>Yenny P\u00e9rez<\/strong>, secretaria general de la secci\u00f3n 22 de Oaxaca.<\/p>\n\n\n\n<p>Adem\u00e1s, los docentes tambi\u00e9n determinaron que instalar\u00e1n un plant\u00f3n en el Z\u00f3calo de la Ciudad de M\u00e9xico a partir de la misma fecha, como parte de sus protestas.<\/p>\n\n\n\n<p>Los maestros hicieron un llamado al magisterio del pa\u00eds a sumarse al paro, ya que aseguraron que no es s\u00f3lo una lucha de ellos sino de todos los trabajadores del Estado.<\/p>\n\n\n\n<p>En conferencia de prensa, P\u00e9rez asegur\u00f3 que no se reunir\u00e1n con Sheinbaum el pr\u00f3ximo 8 de mayo como estaba previsto.<\/p>\n\n\n\n<p>\u201cCualquier mesa de di\u00e1logo tendr\u00e1 que ser en el marco de nuestra pr\u00f3xima jornada de lucha, es decir, a partir del 15 de mayo estar\u00edamos viendo esa posibilidad\u201d, enfatiz\u00f3 la docente.<\/p>\n","protected":false},"excerpt":{"rendered":"<p>Claudia Sheinbaum Pardo, presidenta de M\u00e9xico, no ve necesario un paro nacional por parte de integrantes de la Coordinadora Nacional de Trabajadores de la Educaci\u00f3n (CNTE) el 15 de mayo. En la conferencia matutina de Palacio Nacional, Sheinbaum Pardo apunt\u00f3 que las v\u00edas de di\u00e1logo con esa parte del magisterio sigue en pie. \u201cSe est\u00e1 [&hellip;]<\/p>\n","protected":false},"author":2,"featured_media":58246,"comment_status":"closed","ping_status":"","sticky":false,"template":"","format":"standard","meta":{"footnotes":""},"categories":[2,19],"tags":[],"class_list":{"0":"post-58244","1":"post","2":"type-post","3":"status-publish","4":"format-standard","5":"has-post-thumbnail","7":"category-oaxaca","8":"category-nacional"},"yoast_head":"<!-- This site is optimized with the Yoast SEO plugin v27.4 - https:\/\/yoast.com\/product\/yoast-seo-wordpress\/ -->\n<title>No es necesario un paro nacional en mayo, hay di\u00e1logo: Sheinbaum a maestros de la CNTE - LA BRAVA RADIO<\/title>\n<meta name=\"robots\" content=\"index, follow, max-snippet:-1, max-image-preview:large, max-video-preview:-1\" \/>\n<link rel=\"canonical\" href=\"https:\/\/www.bbmnoticias.com\/blog\/2025\/04\/14\/no-es-necesario-un-paro-nacional-en-mayo-hay-dialogo-sheinbaum-a-maestros-de-la-cnte\/\" \/>\n<meta property=\"og:locale\" content=\"es_MX\" \/>\n<meta property=\"og:type\" content=\"article\" \/>\n<meta property=\"og:title\" content=\"No es necesario un paro nacional en mayo, hay di\u00e1logo: Sheinbaum a maestros de la CNTE - LA BRAVA RADIO\" \/>\n<meta property=\"og:description\" content=\"Claudia Sheinbaum Pardo, presidenta de M\u00e9xico, no ve necesario un paro nacional por parte de integrantes de la Coordinadora Nacional de Trabajadores de la Educaci\u00f3n (CNTE) el 15 de mayo. En la conferencia matutina de Palacio Nacional, Sheinbaum Pardo apunt\u00f3 que las v\u00edas de di\u00e1logo con esa parte del magisterio sigue en pie. \u201cSe est\u00e1 [&hellip;]\" \/>\n<meta property=\"og:url\" content=\"https:\/\/www.bbmnoticias.com\/blog\/2025\/04\/14\/no-es-necesario-un-paro-nacional-en-mayo-hay-dialogo-sheinbaum-a-maestros-de-la-cnte\/\" \/>\n<meta property=\"og:site_name\" content=\"LA BRAVA RADIO\" \/>\n<meta property=\"article:published_time\" content=\"2025-04-14T16:13:55+00:00\" \/>\n<meta property=\"article:modified_time\" content=\"2025-04-14T16:14:05+00:00\" \/>\n<meta property=\"og:image\" content=\"https:\/\/www.bbmnoticias.com\/labravaradiofm\/wp-content\/uploads\/sites\/5\/2025\/04\/cnte-maestros-docentes-zocalo-cdmx-amlo-marea-rosa-1536x1024-1.jpg\" \/>\n\t<meta property=\"og:image:width\" content=\"1536\" \/>\n\t<meta property=\"og:image:height\" content=\"1024\" \/>\n\t<meta property=\"og:image:type\" content=\"image\/jpeg\" \/>\n<meta name=\"author\" content=\"Staff\" \/>\n<meta name=\"twitter:card\" content=\"summary_large_image\" \/>\n<meta name=\"twitter:label1\" content=\"Escrito por\" \/>\n\t<meta name=\"twitter:data1\" content=\"Staff\" \/>\n\t<meta name=\"twitter:label2\" content=\"Tiempo de lectura\" \/>\n\t<meta name=\"twitter:data2\" content=\"3 minutos\" \/>\n<script type=\"application\/ld+json\" class=\"yoast-schema-graph\">{\"@context\":\"https:\\\/\\\/schema.org\",\"@graph\":[{\"@type\":\"Article\",\"@id\":\"https:\\\/\\\/www.bbmnoticias.com\\\/blog\\\/2025\\\/04\\\/14\\\/no-es-necesario-un-paro-nacional-en-mayo-hay-dialogo-sheinbaum-a-maestros-de-la-cnte\\\/#article\",\"isPartOf\":{\"@id\":\"https:\\\/\\\/www.bbmnoticias.com\\\/labravaradiofm\\\/2025\\\/04\\\/14\\\/no-es-necesario-un-paro-nacional-en-mayo-hay-dialogo-sheinbaum-a-maestros-de-la-cnte\\\/\"},\"author\":{\"name\":\"Staff\",\"@id\":\"https:\\\/\\\/www.bbmnoticias.com\\\/labravaradiofm\\\/#\\\/schema\\\/person\\\/34b139c617a70ea5bef5678bffe4dd7b\"},\"headline\":\"No es necesario un paro nacional en mayo, hay di\u00e1logo: Sheinbaum a maestros de la CNTE\",\"datePublished\":\"2025-04-14T16:13:55+00:00\",\"dateModified\":\"2025-04-14T16:14:05+00:00\",\"mainEntityOfPage\":{\"@id\":\"https:\\\/\\\/www.bbmnoticias.com\\\/labravaradiofm\\\/2025\\\/04\\\/14\\\/no-es-necesario-un-paro-nacional-en-mayo-hay-dialogo-sheinbaum-a-maestros-de-la-cnte\\\/\"},\"wordCount\":546,\"image\":{\"@id\":\"https:\\\/\\\/www.bbmnoticias.com\\\/blog\\\/2025\\\/04\\\/14\\\/no-es-necesario-un-paro-nacional-en-mayo-hay-dialogo-sheinbaum-a-maestros-de-la-cnte\\\/#primaryimage\"},\"thumbnailUrl\":\"https:\\\/\\\/www.bbmnoticias.com\\\/labravaradiofm\\\/wp-content\\\/uploads\\\/sites\\\/5\\\/2025\\\/04\\\/cnte-maestros-docentes-zocalo-cdmx-amlo-marea-rosa-1536x1024-1.jpg\",\"articleSection\":[\"LOCAL\",\"NACIONAL\"],\"inLanguage\":\"es\"},{\"@type\":\"WebPage\",\"@id\":\"https:\\\/\\\/www.bbmnoticias.com\\\/labravaradiofm\\\/2025\\\/04\\\/14\\\/no-es-necesario-un-paro-nacional-en-mayo-hay-dialogo-sheinbaum-a-maestros-de-la-cnte\\\/\",\"url\":\"https:\\\/\\\/www.bbmnoticias.com\\\/blog\\\/2025\\\/04\\\/14\\\/no-es-necesario-un-paro-nacional-en-mayo-hay-dialogo-sheinbaum-a-maestros-de-la-cnte\\\/\",\"name\":\"No es necesario un paro nacional en mayo, hay di\u00e1logo: Sheinbaum a maestros de la CNTE - LA BRAVA RADIO\",\"isPartOf\":{\"@id\":\"https:\\\/\\\/www.bbmnoticias.com\\\/labravaradiofm\\\/#website\"},\"primaryImageOfPage\":{\"@id\":\"https:\\\/\\\/www.bbmnoticias.com\\\/blog\\\/2025\\\/04\\\/14\\\/no-es-necesario-un-paro-nacional-en-mayo-hay-dialogo-sheinbaum-a-maestros-de-la-cnte\\\/#primaryimage\"},\"image\":{\"@id\":\"https:\\\/\\\/www.bbmnoticias.com\\\/blog\\\/2025\\\/04\\\/14\\\/no-es-necesario-un-paro-nacional-en-mayo-hay-dialogo-sheinbaum-a-maestros-de-la-cnte\\\/#primaryimage\"},\"thumbnailUrl\":\"https:\\\/\\\/www.bbmnoticias.com\\\/labravaradiofm\\\/wp-content\\\/uploads\\\/sites\\\/5\\\/2025\\\/04\\\/cnte-maestros-docentes-zocalo-cdmx-amlo-marea-rosa-1536x1024-1.jpg\",\"datePublished\":\"2025-04-14T16:13:55+00:00\",\"dateModified\":\"2025-04-14T16:14:05+00:00\",\"author\":{\"@id\":\"https:\\\/\\\/www.bbmnoticias.com\\\/labravaradiofm\\\/#\\\/schema\\\/person\\\/34b139c617a70ea5bef5678bffe4dd7b\"},\"breadcrumb\":{\"@id\":\"https:\\\/\\\/www.bbmnoticias.com\\\/blog\\\/2025\\\/04\\\/14\\\/no-es-necesario-un-paro-nacional-en-mayo-hay-dialogo-sheinbaum-a-maestros-de-la-cnte\\\/#breadcrumb\"},\"inLanguage\":\"es\",\"potentialAction\":[{\"@type\":\"ReadAction\",\"target\":[\"https:\\\/\\\/www.bbmnoticias.com\\\/blog\\\/2025\\\/04\\\/14\\\/no-es-necesario-un-paro-nacional-en-mayo-hay-dialogo-sheinbaum-a-maestros-de-la-cnte\\\/\"]}]},{\"@type\":\"ImageObject\",\"inLanguage\":\"es\",\"@id\":\"https:\\\/\\\/www.bbmnoticias.com\\\/blog\\\/2025\\\/04\\\/14\\\/no-es-necesario-un-paro-nacional-en-mayo-hay-dialogo-sheinbaum-a-maestros-de-la-cnte\\\/#primaryimage\",\"url\":\"https:\\\/\\\/www.bbmnoticias.com\\\/labravaradiofm\\\/wp-content\\\/uploads\\\/sites\\\/5\\\/2025\\\/04\\\/cnte-maestros-docentes-zocalo-cdmx-amlo-marea-rosa-1536x1024-1.jpg\",\"contentUrl\":\"https:\\\/\\\/www.bbmnoticias.com\\\/labravaradiofm\\\/wp-content\\\/uploads\\\/sites\\\/5\\\/2025\\\/04\\\/cnte-maestros-docentes-zocalo-cdmx-amlo-marea-rosa-1536x1024-1.jpg\",\"width\":1536,\"height\":1024},{\"@type\":\"BreadcrumbList\",\"@id\":\"https:\\\/\\\/www.bbmnoticias.com\\\/blog\\\/2025\\\/04\\\/14\\\/no-es-necesario-un-paro-nacional-en-mayo-hay-dialogo-sheinbaum-a-maestros-de-la-cnte\\\/#breadcrumb\",\"itemListElement\":[{\"@type\":\"ListItem\",\"position\":1,\"name\":\"Inicio\",\"item\":\"https:\\\/\\\/www.bbmnoticias.com\\\/labravaradiofm\\\/\"},{\"@type\":\"ListItem\",\"position\":2,\"name\":\"No es necesario un paro nacional en mayo, hay di\u00e1logo: Sheinbaum a maestros de la CNTE\"}]},{\"@type\":\"WebSite\",\"@id\":\"https:\\\/\\\/www.bbmnoticias.com\\\/labravaradiofm\\\/#website\",\"url\":\"https:\\\/\\\/www.bbmnoticias.com\\\/labravaradiofm\\\/\",\"name\":\"LA BRAVA RADIO\",\"description\":\"Empresa productora de medios, Radiodifusi\u00f3n, Noticias, tendencias y todo lo que necesitas saber de la pol\u00edtica mexicana e internacional; entretenimiento, espect\u00e1culos, salud y mucho m\u00e1s.\",\"potentialAction\":[{\"@type\":\"SearchAction\",\"target\":{\"@type\":\"EntryPoint\",\"urlTemplate\":\"https:\\\/\\\/www.bbmnoticias.com\\\/labravaradiofm\\\/?s={search_term_string}\"},\"query-input\":{\"@type\":\"PropertyValueSpecification\",\"valueRequired\":true,\"valueName\":\"search_term_string\"}}],\"inLanguage\":\"es\"},{\"@type\":\"Person\",\"@id\":\"https:\\\/\\\/www.bbmnoticias.com\\\/labravaradiofm\\\/#\\\/schema\\\/person\\\/34b139c617a70ea5bef5678bffe4dd7b\",\"name\":\"Staff\",\"image\":{\"@type\":\"ImageObject\",\"inLanguage\":\"es\",\"@id\":\"https:\\\/\\\/secure.gravatar.com\\\/avatar\\\/fdd21ad66fd8b98c407f9dee5b5e588cfe7f0d8579ec20fa6527cd59bab7f0f0?s=96&d=mm&r=g\",\"url\":\"https:\\\/\\\/secure.gravatar.com\\\/avatar\\\/fdd21ad66fd8b98c407f9dee5b5e588cfe7f0d8579ec20fa6527cd59bab7f0f0?s=96&d=mm&r=g\",\"contentUrl\":\"https:\\\/\\\/secure.gravatar.com\\\/avatar\\\/fdd21ad66fd8b98c407f9dee5b5e588cfe7f0d8579ec20fa6527cd59bab7f0f0?s=96&d=mm&r=g\",\"caption\":\"Staff\"},\"url\":\"https:\\\/\\\/www.bbmnoticias.com\\\/labravaradiofm\\\/author\\\/redaccion\\\/\"}]}<\/script>\n<!-- \/ Yoast SEO plugin. -->","yoast_head_json":{"title":"No es necesario un paro nacional en mayo, hay di\u00e1logo: Sheinbaum a maestros de la CNTE - LA BRAVA RADIO","robots":{"index":"index","follow":"follow","max-snippet":"max-snippet:-1","max-image-preview":"max-image-preview:large","max-video-preview":"max-video-preview:-1"},"canonical":"https:\/\/www.bbmnoticias.com\/blog\/2025\/04\/14\/no-es-necesario-un-paro-nacional-en-mayo-hay-dialogo-sheinbaum-a-maestros-de-la-cnte\/","og_locale":"es_MX","og_type":"article","og_title":"No es necesario un paro nacional en mayo, hay di\u00e1logo: Sheinbaum a maestros de la CNTE - LA BRAVA RADIO","og_description":"Claudia Sheinbaum Pardo, presidenta de M\u00e9xico, no ve necesario un paro nacional por parte de integrantes de la Coordinadora Nacional de Trabajadores de la Educaci\u00f3n (CNTE) el 15 de mayo. En la conferencia matutina de Palacio Nacional, Sheinbaum Pardo apunt\u00f3 que las v\u00edas de di\u00e1logo con esa parte del magisterio sigue en pie. \u201cSe est\u00e1 [&hellip;]","og_url":"https:\/\/www.bbmnoticias.com\/blog\/2025\/04\/14\/no-es-necesario-un-paro-nacional-en-mayo-hay-dialogo-sheinbaum-a-maestros-de-la-cnte\/","og_site_name":"LA BRAVA RADIO","article_published_time":"2025-04-14T16:13:55+00:00","article_modified_time":"2025-04-14T16:14:05+00:00","og_image":[{"width":1536,"height":1024,"url":"https:\/\/www.bbmnoticias.com\/labravaradiofm\/wp-content\/uploads\/sites\/5\/2025\/04\/cnte-maestros-docentes-zocalo-cdmx-amlo-marea-rosa-1536x1024-1.jpg","type":"image\/jpeg"}],"author":"Staff","twitter_card":"summary_large_image","twitter_misc":{"Escrito por":"Staff","Tiempo de lectura":"3 minutos"},"schema":{"@context":"https:\/\/schema.org","@graph":[{"@type":"Article","@id":"https:\/\/www.bbmnoticias.com\/blog\/2025\/04\/14\/no-es-necesario-un-paro-nacional-en-mayo-hay-dialogo-sheinbaum-a-maestros-de-la-cnte\/#article","isPartOf":{"@id":"https:\/\/www.bbmnoticias.com\/labravaradiofm\/2025\/04\/14\/no-es-necesario-un-paro-nacional-en-mayo-hay-dialogo-sheinbaum-a-maestros-de-la-cnte\/"},"author":{"name":"Staff","@id":"https:\/\/www.bbmnoticias.com\/labravaradiofm\/#\/schema\/person\/34b139c617a70ea5bef5678bffe4dd7b"},"headline":"No es necesario un paro nacional en mayo, hay di\u00e1logo: Sheinbaum a maestros de la CNTE","datePublished":"2025-04-14T16:13:55+00:00","dateModified":"2025-04-14T16:14:05+00:00","mainEntityOfPage":{"@id":"https:\/\/www.bbmnoticias.com\/labravaradiofm\/2025\/04\/14\/no-es-necesario-un-paro-nacional-en-mayo-hay-dialogo-sheinbaum-a-maestros-de-la-cnte\/"},"wordCount":546,"image":{"@id":"https:\/\/www.bbmnoticias.com\/blog\/2025\/04\/14\/no-es-necesario-un-paro-nacional-en-mayo-hay-dialogo-sheinbaum-a-maestros-de-la-cnte\/#primaryimage"},"thumbnailUrl":"https:\/\/www.bbmnoticias.com\/labravaradiofm\/wp-content\/uploads\/sites\/5\/2025\/04\/cnte-maestros-docentes-zocalo-cdmx-amlo-marea-rosa-1536x1024-1.jpg","articleSection":["LOCAL","NACIONAL"],"inLanguage":"es"},{"@type":"WebPage","@id":"https:\/\/www.bbmnoticias.com\/labravaradiofm\/2025\/04\/14\/no-es-necesario-un-paro-nacional-en-mayo-hay-dialogo-sheinbaum-a-maestros-de-la-cnte\/","url":"https:\/\/www.bbmnoticias.com\/blog\/2025\/04\/14\/no-es-necesario-un-paro-nacional-en-mayo-hay-dialogo-sheinbaum-a-maestros-de-la-cnte\/","name":"No es necesario un paro nacional en mayo, hay di\u00e1logo: Sheinbaum a maestros de la CNTE - LA BRAVA RADIO","isPartOf":{"@id":"https:\/\/www.bbmnoticias.com\/labravaradiofm\/#website"},"primaryImageOfPage":{"@id":"https:\/\/www.bbmnoticias.com\/blog\/2025\/04\/14\/no-es-necesario-un-paro-nacional-en-mayo-hay-dialogo-sheinbaum-a-maestros-de-la-cnte\/#primaryimage"},"image":{"@id":"https:\/\/www.bbmnoticias.com\/blog\/2025\/04\/14\/no-es-necesario-un-paro-nacional-en-mayo-hay-dialogo-sheinbaum-a-maestros-de-la-cnte\/#primaryimage"},"thumbnailUrl":"https:\/\/www.bbmnoticias.com\/labravaradiofm\/wp-content\/uploads\/sites\/5\/2025\/04\/cnte-maestros-docentes-zocalo-cdmx-amlo-marea-rosa-1536x1024-1.jpg","datePublished":"2025-04-14T16:13:55+00:00","dateModified":"2025-04-14T16:14:05+00:00","author":{"@id":"https:\/\/www.bbmnoticias.com\/labravaradiofm\/#\/schema\/person\/34b139c617a70ea5bef5678bffe4dd7b"},"breadcrumb":{"@id":"https:\/\/www.bbmnoticias.com\/blog\/2025\/04\/14\/no-es-necesario-un-paro-nacional-en-mayo-hay-dialogo-sheinbaum-a-maestros-de-la-cnte\/#breadcrumb"},"inLanguage":"es","potentialAction":[{"@type":"ReadAction","target":["https:\/\/www.bbmnoticias.com\/blog\/2025\/04\/14\/no-es-necesario-un-paro-nacional-en-mayo-hay-dialogo-sheinbaum-a-maestros-de-la-cnte\/"]}]},{"@type":"ImageObject","inLanguage":"es","@id":"https:\/\/www.bbmnoticias.com\/blog\/2025\/04\/14\/no-es-necesario-un-paro-nacional-en-mayo-hay-dialogo-sheinbaum-a-maestros-de-la-cnte\/#primaryimage","url":"https:\/\/www.bbmnoticias.com\/labravaradiofm\/wp-content\/uploads\/sites\/5\/2025\/04\/cnte-maestros-docentes-zocalo-cdmx-amlo-marea-rosa-1536x1024-1.jpg","contentUrl":"https:\/\/www.bbmnoticias.com\/labravaradiofm\/wp-content\/uploads\/sites\/5\/2025\/04\/cnte-maestros-docentes-zocalo-cdmx-amlo-marea-rosa-1536x1024-1.jpg","width":1536,"height":1024},{"@type":"BreadcrumbList","@id":"https:\/\/www.bbmnoticias.com\/blog\/2025\/04\/14\/no-es-necesario-un-paro-nacional-en-mayo-hay-dialogo-sheinbaum-a-maestros-de-la-cnte\/#breadcrumb","itemListElement":[{"@type":"ListItem","position":1,"name":"Inicio","item":"https:\/\/www.bbmnoticias.com\/labravaradiofm\/"},{"@type":"ListItem","position":2,"name":"No es necesario un paro nacional en mayo, hay di\u00e1logo: Sheinbaum a maestros de la CNTE"}]},{"@type":"WebSite","@id":"https:\/\/www.bbmnoticias.com\/labravaradiofm\/#website","url":"https:\/\/www.bbmnoticias.com\/labravaradiofm\/","name":"LA BRAVA RADIO","description":"Empresa productora de medios, Radiodifusi\u00f3n, Noticias, tendencias y todo lo que necesitas saber de la pol\u00edtica mexicana e internacional; entretenimiento, espect\u00e1culos, salud y mucho m\u00e1s.","potentialAction":[{"@type":"SearchAction","target":{"@type":"EntryPoint","urlTemplate":"https:\/\/www.bbmnoticias.com\/labravaradiofm\/?s={search_term_string}"},"query-input":{"@type":"PropertyValueSpecification","valueRequired":true,"valueName":"search_term_string"}}],"inLanguage":"es"},{"@type":"Person","@id":"https:\/\/www.bbmnoticias.com\/labravaradiofm\/#\/schema\/person\/34b139c617a70ea5bef5678bffe4dd7b","name":"Staff","image":{"@type":"ImageObject","inLanguage":"es","@id":"https:\/\/secure.gravatar.com\/avatar\/fdd21ad66fd8b98c407f9dee5b5e588cfe7f0d8579ec20fa6527cd59bab7f0f0?s=96&d=mm&r=g","url":"https:\/\/secure.gravatar.com\/avatar\/fdd21ad66fd8b98c407f9dee5b5e588cfe7f0d8579ec20fa6527cd59bab7f0f0?s=96&d=mm&r=g","contentUrl":"https:\/\/secure.gravatar.com\/avatar\/fdd21ad66fd8b98c407f9dee5b5e588cfe7f0d8579ec20fa6527cd59bab7f0f0?s=96&d=mm&r=g","caption":"Staff"},"url":"https:\/\/www.bbmnoticias.com\/labravaradiofm\/author\/redaccion\/"}]}},"_links":{"self":[{"href":"https:\/\/www.bbmnoticias.com\/labravaradiofm\/wp-json\/wp\/v2\/posts\/58244","targetHints":{"allow":["GET"]}}],"collection":[{"href":"https:\/\/www.bbmnoticias.com\/labravaradiofm\/wp-json\/wp\/v2\/posts"}],"about":[{"href":"https:\/\/www.bbmnoticias.com\/labravaradiofm\/wp-json\/wp\/v2\/types\/post"}],"author":[{"embeddable":true,"href":"https:\/\/www.bbmnoticias.com\/labravaradiofm\/wp-json\/wp\/v2\/users\/2"}],"replies":[{"embeddable":true,"href":"https:\/\/www.bbmnoticias.com\/labravaradiofm\/wp-json\/wp\/v2\/comments?post=58244"}],"version-history":[{"count":0,"href":"https:\/\/www.bbmnoticias.com\/labravaradiofm\/wp-json\/wp\/v2\/posts\/58244\/revisions"}],"wp:featuredmedia":[{"embeddable":true,"href":"https:\/\/www.bbmnoticias.com\/labravaradiofm\/wp-json\/wp\/v2\/media\/58246"}],"wp:attachment":[{"href":"https:\/\/www.bbmnoticias.com\/labravaradiofm\/wp-json\/wp\/v2\/media?parent=58244"}],"wp:term":[{"taxonomy":"category","embeddable":true,"href":"https:\/\/www.bbmnoticias.com\/labravaradiofm\/wp-json\/wp\/v2\/categories?post=58244"},{"taxonomy":"post_tag","embeddable":true,"href":"https:\/\/www.bbmnoticias.com\/labravaradiofm\/wp-json\/wp\/v2\/tags?post=58244"}],"curies":[{"name":"wp","href":"https:\/\/api.w.org\/{rel}","templated":true}]}}