{"id":58232,"date":"2025-04-14T08:15:16","date_gmt":"2025-04-14T14:15:16","guid":{"rendered":"https:\/\/www.bbmnoticias.com\/labravaradiofm\/2025\/04\/14\/muere-miguel-n-presunto-feminicida-serial-de-iztacalco\/"},"modified":"2025-04-14T08:15:29","modified_gmt":"2025-04-14T14:15:29","slug":"muere-miguel-n-presunto-feminicida-serial-de-iztacalco","status":"publish","type":"post","link":"https:\/\/www.bbmnoticias.com\/labravaradiofm\/2025\/04\/14\/muere-miguel-n-presunto-feminicida-serial-de-iztacalco\/","title":{"rendered":"Muere Miguel &#8216;N&#8217;, presunto feminicida serial de Iztacalco"},"content":{"rendered":"<div style=\"margin-top: 0px; margin-bottom: 0px;\" class=\"sharethis-inline-share-buttons\" ><\/div>\n<p><strong>Miguel<\/strong> \u2018N\u2019, presunto <strong>feminicida serial<\/strong>, muri\u00f3 en su celda en el Reclusorio Oriente, inform\u00f3 este domingo la Secretar\u00eda de Seguridad Ciudadana (SSC).<\/p>\n\n\n\n<p>Por medio de un comunicado, la dependencia detall\u00f3 que <strong>Miguel<\/strong> \u2018N\u2019 se desvaneci\u00f3 al interior de su celda en el <strong>Reclusorio Preventivo Varonil Oriente<\/strong>.<\/p>\n\n\n\n<p>El sujeto fue trasladado al <strong>Hospital General de Iztapalapa<\/strong>, donde fue diagnosticado sin signos vitales por posible paro cardiorrespiratorio.<\/p>\n\n\n\n<figure class=\"wp-block-embed is-type-rich is-provider-twitter wp-block-embed-twitter\"><div class=\"wp-block-embed__wrapper\">\n<blockquote class=\"twitter-tweet\" data-width=\"550\" data-dnt=\"true\"><p lang=\"es\" dir=\"ltr\">SE MUERE el QU\u00cdMICO FEMINICiDA<br>Miguel Cort\u00e9s <br>Es el tipo q llevaba mujeres a su depa de <a href=\"https:\/\/twitter.com\/IztacalcoAl?ref_src=twsrc%5Etfw\">@IztacalcoAl<\/a>, las asesinaba y desaparec\u00eda.<br>Todo indica q LE DIO UN INFARTO.<br>Aunq autoridades penitenciarias lo llevaron a un hospital, ah\u00ed muri\u00f3. <a href=\"https:\/\/twitter.com\/SSC_CDMX?ref_src=twsrc%5Etfw\">@SSC_CDMX<\/a> y <a href=\"https:\/\/twitter.com\/FiscaliaCDMX?ref_src=twsrc%5Etfw\">@FiscaliaCDMX<\/a> indagan. <a href=\"https:\/\/t.co\/NanO0GtcBN\">pic.twitter.com\/NanO0GtcBN<\/a><\/p>&mdash; Carlos Jim\u00e9nez (@c4jimenez) <a href=\"https:\/\/twitter.com\/c4jimenez\/status\/1911580642313113617?ref_src=twsrc%5Etfw\">April 14, 2025<\/a><\/blockquote><script async src=\"https:\/\/platform.twitter.com\/widgets.js\" charset=\"utf-8\"><\/script>\n<\/div><\/figure>\n\n\n\n<figure class=\"wp-block-pullquote\"><blockquote><p>Cabe mencionar que Miguel \u2018N\u2019, contaba con vigilancia con custodio de vista y ten\u00eda tratamiento con medicamento controlado supervisado por el Servicio M\u00e9dico del Reclusorio Preventivo Varonil Oriente, adscrito a la Secretar\u00eda de Salud de la Ciudad de M\u00e9xico\u201d, inform\u00f3 la SSC.<\/p><\/blockquote><\/figure>\n\n\n\n<p>El sujeto, quien era qu\u00edmico, estaba bajo investigaci\u00f3n por la muerte de varias mujeres. De acuerdo con las investigaciones, el sujeto mataba a sus v\u00edctimas a un departamento ubicado en Iztacalco.<\/p>\n\n\n\n<p>En la vivienda las autoridades encontraron indicios que datan de los a\u00f1os 2012, 2015, 2018, 2019 y 2024. Al sujeto lo relacionaban con al menos seis feminicidios y un intento de feminicidio.<\/p>\n\n\n\n<p>El 16 de abril de 2024, el sujeto asesin\u00f3 a una adolescente identificada como Mar\u00eda Jos\u00e9 \u201cN\u201d y atac\u00f3 a la madre de esta. Por este \u00faltimo caso fue detenido y vinculado a proceso.<\/p>\n","protected":false},"excerpt":{"rendered":"<p>Miguel \u2018N\u2019, presunto feminicida serial, muri\u00f3 en su celda en el Reclusorio Oriente, inform\u00f3 este domingo la Secretar\u00eda de Seguridad Ciudadana (SSC). Por medio de un comunicado, la dependencia detall\u00f3 que Miguel \u2018N\u2019 se desvaneci\u00f3 al interior de su celda en el Reclusorio Preventivo Varonil Oriente. El sujeto fue trasladado al Hospital General de Iztapalapa, [&hellip;]<\/p>\n","protected":false},"author":4,"featured_media":58234,"comment_status":"closed","ping_status":"","sticky":false,"template":"","format":"standard","meta":{"footnotes":""},"categories":[2,19],"tags":[],"class_list":{"0":"post-58232","1":"post","2":"type-post","3":"status-publish","4":"format-standard","5":"has-post-thumbnail","7":"category-oaxaca","8":"category-nacional"},"yoast_head":"<!-- This site is optimized with the Yoast SEO plugin v27.4 - https:\/\/yoast.com\/product\/yoast-seo-wordpress\/ -->\n<title>Muere Miguel &#039;N&#039;, presunto feminicida serial de Iztacalco - LA BRAVA RADIO<\/title>\n<meta name=\"robots\" content=\"index, follow, max-snippet:-1, max-image-preview:large, max-video-preview:-1\" \/>\n<link rel=\"canonical\" href=\"https:\/\/www.bbmnoticias.com\/blog\/2025\/04\/14\/muere-miguel-n-presunto-feminicida-serial-de-iztacalco\/\" \/>\n<meta property=\"og:locale\" content=\"es_MX\" \/>\n<meta property=\"og:type\" content=\"article\" \/>\n<meta property=\"og:title\" content=\"Muere Miguel &#039;N&#039;, presunto feminicida serial de Iztacalco - LA BRAVA RADIO\" \/>\n<meta property=\"og:description\" content=\"Miguel \u2018N\u2019, presunto feminicida serial, muri\u00f3 en su celda en el Reclusorio Oriente, inform\u00f3 este domingo la Secretar\u00eda de Seguridad Ciudadana (SSC). Por medio de un comunicado, la dependencia detall\u00f3 que Miguel \u2018N\u2019 se desvaneci\u00f3 al interior de su celda en el Reclusorio Preventivo Varonil Oriente. El sujeto fue trasladado al Hospital General de Iztapalapa, [&hellip;]\" \/>\n<meta property=\"og:url\" content=\"https:\/\/www.bbmnoticias.com\/blog\/2025\/04\/14\/muere-miguel-n-presunto-feminicida-serial-de-iztacalco\/\" \/>\n<meta property=\"og:site_name\" content=\"LA BRAVA RADIO\" \/>\n<meta property=\"article:published_time\" content=\"2025-04-14T14:15:16+00:00\" \/>\n<meta property=\"article:modified_time\" content=\"2025-04-14T14:15:29+00:00\" \/>\n<meta property=\"og:image\" content=\"https:\/\/www.bbmnoticias.com\/labravaradiofm\/wp-content\/uploads\/sites\/5\/2025\/04\/vinculan-a-proceso-a-miguel-n-presunto-feminicida-de-maria-jose-en-iztacalco.jpg\" \/>\n\t<meta property=\"og:image:width\" content=\"1200\" \/>\n\t<meta property=\"og:image:height\" content=\"675\" \/>\n\t<meta property=\"og:image:type\" content=\"image\/jpeg\" \/>\n<meta name=\"author\" content=\"Agencias\" \/>\n<meta name=\"twitter:card\" content=\"summary_large_image\" \/>\n<meta name=\"twitter:label1\" content=\"Escrito por\" \/>\n\t<meta name=\"twitter:data1\" content=\"Agencias\" \/>\n\t<meta name=\"twitter:label2\" content=\"Tiempo de lectura\" \/>\n\t<meta name=\"twitter:data2\" content=\"1 minuto\" \/>\n<script type=\"application\/ld+json\" class=\"yoast-schema-graph\">{\"@context\":\"https:\\\/\\\/schema.org\",\"@graph\":[{\"@type\":\"Article\",\"@id\":\"https:\\\/\\\/www.bbmnoticias.com\\\/blog\\\/2025\\\/04\\\/14\\\/muere-miguel-n-presunto-feminicida-serial-de-iztacalco\\\/#article\",\"isPartOf\":{\"@id\":\"https:\\\/\\\/www.bbmnoticias.com\\\/labravaradiofm\\\/2025\\\/04\\\/14\\\/muere-miguel-n-presunto-feminicida-serial-de-iztacalco\\\/\"},\"author\":{\"name\":\"Agencias\",\"@id\":\"https:\\\/\\\/www.bbmnoticias.com\\\/labravaradiofm\\\/#\\\/schema\\\/person\\\/857a3daf5c8142f29919023f377fbfad\"},\"headline\":\"Muere Miguel &#8216;N&#8217;, presunto feminicida serial de Iztacalco\",\"datePublished\":\"2025-04-14T14:15:16+00:00\",\"dateModified\":\"2025-04-14T14:15:29+00:00\",\"mainEntityOfPage\":{\"@id\":\"https:\\\/\\\/www.bbmnoticias.com\\\/labravaradiofm\\\/2025\\\/04\\\/14\\\/muere-miguel-n-presunto-feminicida-serial-de-iztacalco\\\/\"},\"wordCount\":221,\"image\":{\"@id\":\"https:\\\/\\\/www.bbmnoticias.com\\\/blog\\\/2025\\\/04\\\/14\\\/muere-miguel-n-presunto-feminicida-serial-de-iztacalco\\\/#primaryimage\"},\"thumbnailUrl\":\"https:\\\/\\\/www.bbmnoticias.com\\\/labravaradiofm\\\/wp-content\\\/uploads\\\/sites\\\/5\\\/2025\\\/04\\\/vinculan-a-proceso-a-miguel-n-presunto-feminicida-de-maria-jose-en-iztacalco.jpg\",\"articleSection\":[\"LOCAL\",\"NACIONAL\"],\"inLanguage\":\"es\"},{\"@type\":\"WebPage\",\"@id\":\"https:\\\/\\\/www.bbmnoticias.com\\\/labravaradiofm\\\/2025\\\/04\\\/14\\\/muere-miguel-n-presunto-feminicida-serial-de-iztacalco\\\/\",\"url\":\"https:\\\/\\\/www.bbmnoticias.com\\\/blog\\\/2025\\\/04\\\/14\\\/muere-miguel-n-presunto-feminicida-serial-de-iztacalco\\\/\",\"name\":\"Muere Miguel 'N', presunto feminicida serial de Iztacalco - LA BRAVA RADIO\",\"isPartOf\":{\"@id\":\"https:\\\/\\\/www.bbmnoticias.com\\\/labravaradiofm\\\/#website\"},\"primaryImageOfPage\":{\"@id\":\"https:\\\/\\\/www.bbmnoticias.com\\\/blog\\\/2025\\\/04\\\/14\\\/muere-miguel-n-presunto-feminicida-serial-de-iztacalco\\\/#primaryimage\"},\"image\":{\"@id\":\"https:\\\/\\\/www.bbmnoticias.com\\\/blog\\\/2025\\\/04\\\/14\\\/muere-miguel-n-presunto-feminicida-serial-de-iztacalco\\\/#primaryimage\"},\"thumbnailUrl\":\"https:\\\/\\\/www.bbmnoticias.com\\\/labravaradiofm\\\/wp-content\\\/uploads\\\/sites\\\/5\\\/2025\\\/04\\\/vinculan-a-proceso-a-miguel-n-presunto-feminicida-de-maria-jose-en-iztacalco.jpg\",\"datePublished\":\"2025-04-14T14:15:16+00:00\",\"dateModified\":\"2025-04-14T14:15:29+00:00\",\"author\":{\"@id\":\"https:\\\/\\\/www.bbmnoticias.com\\\/labravaradiofm\\\/#\\\/schema\\\/person\\\/857a3daf5c8142f29919023f377fbfad\"},\"breadcrumb\":{\"@id\":\"https:\\\/\\\/www.bbmnoticias.com\\\/blog\\\/2025\\\/04\\\/14\\\/muere-miguel-n-presunto-feminicida-serial-de-iztacalco\\\/#breadcrumb\"},\"inLanguage\":\"es\",\"potentialAction\":[{\"@type\":\"ReadAction\",\"target\":[\"https:\\\/\\\/www.bbmnoticias.com\\\/blog\\\/2025\\\/04\\\/14\\\/muere-miguel-n-presunto-feminicida-serial-de-iztacalco\\\/\"]}]},{\"@type\":\"ImageObject\",\"inLanguage\":\"es\",\"@id\":\"https:\\\/\\\/www.bbmnoticias.com\\\/blog\\\/2025\\\/04\\\/14\\\/muere-miguel-n-presunto-feminicida-serial-de-iztacalco\\\/#primaryimage\",\"url\":\"https:\\\/\\\/www.bbmnoticias.com\\\/labravaradiofm\\\/wp-content\\\/uploads\\\/sites\\\/5\\\/2025\\\/04\\\/vinculan-a-proceso-a-miguel-n-presunto-feminicida-de-maria-jose-en-iztacalco.jpg\",\"contentUrl\":\"https:\\\/\\\/www.bbmnoticias.com\\\/labravaradiofm\\\/wp-content\\\/uploads\\\/sites\\\/5\\\/2025\\\/04\\\/vinculan-a-proceso-a-miguel-n-presunto-feminicida-de-maria-jose-en-iztacalco.jpg\",\"width\":1200,\"height\":675},{\"@type\":\"BreadcrumbList\",\"@id\":\"https:\\\/\\\/www.bbmnoticias.com\\\/blog\\\/2025\\\/04\\\/14\\\/muere-miguel-n-presunto-feminicida-serial-de-iztacalco\\\/#breadcrumb\",\"itemListElement\":[{\"@type\":\"ListItem\",\"position\":1,\"name\":\"Inicio\",\"item\":\"https:\\\/\\\/www.bbmnoticias.com\\\/labravaradiofm\\\/\"},{\"@type\":\"ListItem\",\"position\":2,\"name\":\"Muere Miguel &#8216;N&#8217;, presunto feminicida serial de Iztacalco\"}]},{\"@type\":\"WebSite\",\"@id\":\"https:\\\/\\\/www.bbmnoticias.com\\\/labravaradiofm\\\/#website\",\"url\":\"https:\\\/\\\/www.bbmnoticias.com\\\/labravaradiofm\\\/\",\"name\":\"LA BRAVA RADIO\",\"description\":\"Empresa productora de medios, Radiodifusi\u00f3n, Noticias, tendencias y todo lo que necesitas saber de la pol\u00edtica mexicana e internacional; entretenimiento, espect\u00e1culos, salud y mucho m\u00e1s.\",\"potentialAction\":[{\"@type\":\"SearchAction\",\"target\":{\"@type\":\"EntryPoint\",\"urlTemplate\":\"https:\\\/\\\/www.bbmnoticias.com\\\/labravaradiofm\\\/?s={search_term_string}\"},\"query-input\":{\"@type\":\"PropertyValueSpecification\",\"valueRequired\":true,\"valueName\":\"search_term_string\"}}],\"inLanguage\":\"es\"},{\"@type\":\"Person\",\"@id\":\"https:\\\/\\\/www.bbmnoticias.com\\\/labravaradiofm\\\/#\\\/schema\\\/person\\\/857a3daf5c8142f29919023f377fbfad\",\"name\":\"Agencias\",\"image\":{\"@type\":\"ImageObject\",\"inLanguage\":\"es\",\"@id\":\"https:\\\/\\\/secure.gravatar.com\\\/avatar\\\/739e0b61adf9e398b425c36718c8752286da0e8cd90f20ce9a86678abc26aa0d?s=96&d=mm&r=g\",\"url\":\"https:\\\/\\\/secure.gravatar.com\\\/avatar\\\/739e0b61adf9e398b425c36718c8752286da0e8cd90f20ce9a86678abc26aa0d?s=96&d=mm&r=g\",\"contentUrl\":\"https:\\\/\\\/secure.gravatar.com\\\/avatar\\\/739e0b61adf9e398b425c36718c8752286da0e8cd90f20ce9a86678abc26aa0d?s=96&d=mm&r=g\",\"caption\":\"Agencias\"},\"url\":\"https:\\\/\\\/www.bbmnoticias.com\\\/labravaradiofm\\\/author\\\/agencias\\\/\"}]}<\/script>\n<!-- \/ Yoast SEO plugin. -->","yoast_head_json":{"title":"Muere Miguel 'N', presunto feminicida serial de Iztacalco - LA BRAVA RADIO","robots":{"index":"index","follow":"follow","max-snippet":"max-snippet:-1","max-image-preview":"max-image-preview:large","max-video-preview":"max-video-preview:-1"},"canonical":"https:\/\/www.bbmnoticias.com\/blog\/2025\/04\/14\/muere-miguel-n-presunto-feminicida-serial-de-iztacalco\/","og_locale":"es_MX","og_type":"article","og_title":"Muere Miguel 'N', presunto feminicida serial de Iztacalco - LA BRAVA RADIO","og_description":"Miguel \u2018N\u2019, presunto feminicida serial, muri\u00f3 en su celda en el Reclusorio Oriente, inform\u00f3 este domingo la Secretar\u00eda de Seguridad Ciudadana (SSC). Por medio de un comunicado, la dependencia detall\u00f3 que Miguel \u2018N\u2019 se desvaneci\u00f3 al interior de su celda en el Reclusorio Preventivo Varonil Oriente. El sujeto fue trasladado al Hospital General de Iztapalapa, [&hellip;]","og_url":"https:\/\/www.bbmnoticias.com\/blog\/2025\/04\/14\/muere-miguel-n-presunto-feminicida-serial-de-iztacalco\/","og_site_name":"LA BRAVA RADIO","article_published_time":"2025-04-14T14:15:16+00:00","article_modified_time":"2025-04-14T14:15:29+00:00","og_image":[{"width":1200,"height":675,"url":"https:\/\/www.bbmnoticias.com\/labravaradiofm\/wp-content\/uploads\/sites\/5\/2025\/04\/vinculan-a-proceso-a-miguel-n-presunto-feminicida-de-maria-jose-en-iztacalco.jpg","type":"image\/jpeg"}],"author":"Agencias","twitter_card":"summary_large_image","twitter_misc":{"Escrito por":"Agencias","Tiempo de lectura":"1 minuto"},"schema":{"@context":"https:\/\/schema.org","@graph":[{"@type":"Article","@id":"https:\/\/www.bbmnoticias.com\/blog\/2025\/04\/14\/muere-miguel-n-presunto-feminicida-serial-de-iztacalco\/#article","isPartOf":{"@id":"https:\/\/www.bbmnoticias.com\/labravaradiofm\/2025\/04\/14\/muere-miguel-n-presunto-feminicida-serial-de-iztacalco\/"},"author":{"name":"Agencias","@id":"https:\/\/www.bbmnoticias.com\/labravaradiofm\/#\/schema\/person\/857a3daf5c8142f29919023f377fbfad"},"headline":"Muere Miguel &#8216;N&#8217;, presunto feminicida serial de Iztacalco","datePublished":"2025-04-14T14:15:16+00:00","dateModified":"2025-04-14T14:15:29+00:00","mainEntityOfPage":{"@id":"https:\/\/www.bbmnoticias.com\/labravaradiofm\/2025\/04\/14\/muere-miguel-n-presunto-feminicida-serial-de-iztacalco\/"},"wordCount":221,"image":{"@id":"https:\/\/www.bbmnoticias.com\/blog\/2025\/04\/14\/muere-miguel-n-presunto-feminicida-serial-de-iztacalco\/#primaryimage"},"thumbnailUrl":"https:\/\/www.bbmnoticias.com\/labravaradiofm\/wp-content\/uploads\/sites\/5\/2025\/04\/vinculan-a-proceso-a-miguel-n-presunto-feminicida-de-maria-jose-en-iztacalco.jpg","articleSection":["LOCAL","NACIONAL"],"inLanguage":"es"},{"@type":"WebPage","@id":"https:\/\/www.bbmnoticias.com\/labravaradiofm\/2025\/04\/14\/muere-miguel-n-presunto-feminicida-serial-de-iztacalco\/","url":"https:\/\/www.bbmnoticias.com\/blog\/2025\/04\/14\/muere-miguel-n-presunto-feminicida-serial-de-iztacalco\/","name":"Muere Miguel 'N', presunto feminicida serial de Iztacalco - LA BRAVA RADIO","isPartOf":{"@id":"https:\/\/www.bbmnoticias.com\/labravaradiofm\/#website"},"primaryImageOfPage":{"@id":"https:\/\/www.bbmnoticias.com\/blog\/2025\/04\/14\/muere-miguel-n-presunto-feminicida-serial-de-iztacalco\/#primaryimage"},"image":{"@id":"https:\/\/www.bbmnoticias.com\/blog\/2025\/04\/14\/muere-miguel-n-presunto-feminicida-serial-de-iztacalco\/#primaryimage"},"thumbnailUrl":"https:\/\/www.bbmnoticias.com\/labravaradiofm\/wp-content\/uploads\/sites\/5\/2025\/04\/vinculan-a-proceso-a-miguel-n-presunto-feminicida-de-maria-jose-en-iztacalco.jpg","datePublished":"2025-04-14T14:15:16+00:00","dateModified":"2025-04-14T14:15:29+00:00","author":{"@id":"https:\/\/www.bbmnoticias.com\/labravaradiofm\/#\/schema\/person\/857a3daf5c8142f29919023f377fbfad"},"breadcrumb":{"@id":"https:\/\/www.bbmnoticias.com\/blog\/2025\/04\/14\/muere-miguel-n-presunto-feminicida-serial-de-iztacalco\/#breadcrumb"},"inLanguage":"es","potentialAction":[{"@type":"ReadAction","target":["https:\/\/www.bbmnoticias.com\/blog\/2025\/04\/14\/muere-miguel-n-presunto-feminicida-serial-de-iztacalco\/"]}]},{"@type":"ImageObject","inLanguage":"es","@id":"https:\/\/www.bbmnoticias.com\/blog\/2025\/04\/14\/muere-miguel-n-presunto-feminicida-serial-de-iztacalco\/#primaryimage","url":"https:\/\/www.bbmnoticias.com\/labravaradiofm\/wp-content\/uploads\/sites\/5\/2025\/04\/vinculan-a-proceso-a-miguel-n-presunto-feminicida-de-maria-jose-en-iztacalco.jpg","contentUrl":"https:\/\/www.bbmnoticias.com\/labravaradiofm\/wp-content\/uploads\/sites\/5\/2025\/04\/vinculan-a-proceso-a-miguel-n-presunto-feminicida-de-maria-jose-en-iztacalco.jpg","width":1200,"height":675},{"@type":"BreadcrumbList","@id":"https:\/\/www.bbmnoticias.com\/blog\/2025\/04\/14\/muere-miguel-n-presunto-feminicida-serial-de-iztacalco\/#breadcrumb","itemListElement":[{"@type":"ListItem","position":1,"name":"Inicio","item":"https:\/\/www.bbmnoticias.com\/labravaradiofm\/"},{"@type":"ListItem","position":2,"name":"Muere Miguel &#8216;N&#8217;, presunto feminicida serial de Iztacalco"}]},{"@type":"WebSite","@id":"https:\/\/www.bbmnoticias.com\/labravaradiofm\/#website","url":"https:\/\/www.bbmnoticias.com\/labravaradiofm\/","name":"LA BRAVA RADIO","description":"Empresa productora de medios, Radiodifusi\u00f3n, Noticias, tendencias y todo lo que necesitas saber de la pol\u00edtica mexicana e internacional; entretenimiento, espect\u00e1culos, salud y mucho m\u00e1s.","potentialAction":[{"@type":"SearchAction","target":{"@type":"EntryPoint","urlTemplate":"https:\/\/www.bbmnoticias.com\/labravaradiofm\/?s={search_term_string}"},"query-input":{"@type":"PropertyValueSpecification","valueRequired":true,"valueName":"search_term_string"}}],"inLanguage":"es"},{"@type":"Person","@id":"https:\/\/www.bbmnoticias.com\/labravaradiofm\/#\/schema\/person\/857a3daf5c8142f29919023f377fbfad","name":"Agencias","image":{"@type":"ImageObject","inLanguage":"es","@id":"https:\/\/secure.gravatar.com\/avatar\/739e0b61adf9e398b425c36718c8752286da0e8cd90f20ce9a86678abc26aa0d?s=96&d=mm&r=g","url":"https:\/\/secure.gravatar.com\/avatar\/739e0b61adf9e398b425c36718c8752286da0e8cd90f20ce9a86678abc26aa0d?s=96&d=mm&r=g","contentUrl":"https:\/\/secure.gravatar.com\/avatar\/739e0b61adf9e398b425c36718c8752286da0e8cd90f20ce9a86678abc26aa0d?s=96&d=mm&r=g","caption":"Agencias"},"url":"https:\/\/www.bbmnoticias.com\/labravaradiofm\/author\/agencias\/"}]}},"_links":{"self":[{"href":"https:\/\/www.bbmnoticias.com\/labravaradiofm\/wp-json\/wp\/v2\/posts\/58232","targetHints":{"allow":["GET"]}}],"collection":[{"href":"https:\/\/www.bbmnoticias.com\/labravaradiofm\/wp-json\/wp\/v2\/posts"}],"about":[{"href":"https:\/\/www.bbmnoticias.com\/labravaradiofm\/wp-json\/wp\/v2\/types\/post"}],"author":[{"embeddable":true,"href":"https:\/\/www.bbmnoticias.com\/labravaradiofm\/wp-json\/wp\/v2\/users\/4"}],"replies":[{"embeddable":true,"href":"https:\/\/www.bbmnoticias.com\/labravaradiofm\/wp-json\/wp\/v2\/comments?post=58232"}],"version-history":[{"count":0,"href":"https:\/\/www.bbmnoticias.com\/labravaradiofm\/wp-json\/wp\/v2\/posts\/58232\/revisions"}],"wp:featuredmedia":[{"embeddable":true,"href":"https:\/\/www.bbmnoticias.com\/labravaradiofm\/wp-json\/wp\/v2\/media\/58234"}],"wp:attachment":[{"href":"https:\/\/www.bbmnoticias.com\/labravaradiofm\/wp-json\/wp\/v2\/media?parent=58232"}],"wp:term":[{"taxonomy":"category","embeddable":true,"href":"https:\/\/www.bbmnoticias.com\/labravaradiofm\/wp-json\/wp\/v2\/categories?post=58232"},{"taxonomy":"post_tag","embeddable":true,"href":"https:\/\/www.bbmnoticias.com\/labravaradiofm\/wp-json\/wp\/v2\/tags?post=58232"}],"curies":[{"name":"wp","href":"https:\/\/api.w.org\/{rel}","templated":true}]}}