{"id":58226,"date":"2025-04-13T19:25:23","date_gmt":"2025-04-14T01:25:23","guid":{"rendered":"https:\/\/www.bbmnoticias.com\/labravaradiofm\/2025\/04\/13\/muere-el-escritor-mario-vargas-llosa\/"},"modified":"2025-04-13T19:25:32","modified_gmt":"2025-04-14T01:25:32","slug":"muere-el-escritor-mario-vargas-llosa","status":"publish","type":"post","link":"https:\/\/www.bbmnoticias.com\/labravaradiofm\/2025\/04\/13\/muere-el-escritor-mario-vargas-llosa\/","title":{"rendered":"Muere el escritor Mario Vargas Llosa"},"content":{"rendered":"<div style=\"margin-top: 0px; margin-bottom: 0px;\" class=\"sharethis-inline-share-buttons\" ><\/div>\n<p>El novelista peruano-espa\u00f1ol <strong>Mario Vargas Llosa<\/strong> muri\u00f3 este domingo a los 89 a\u00f1os en su casa <strong>lime\u00f1a<\/strong>, donde resid\u00eda desde 2022 tras un largo periplo que le llev\u00f3 a vivir en <strong>Europa<\/strong> desde la d\u00e9cada de 1990, informaron sus hijos a trav\u00e9s de las <strong>redes sociales<\/strong>.<\/p>\n\n\n\n<figure class=\"wp-block-embed is-type-rich is-provider-twitter wp-block-embed-twitter\"><div class=\"wp-block-embed__wrapper\">\n<blockquote class=\"twitter-tweet\" data-width=\"550\" data-dnt=\"true\"><p lang=\"es\" dir=\"ltr\">Con profundo dolor, hacemos p\u00fablico que nuestro padre, Mario Vargas Llosa,\u00a0ha fallecido\u00a0hoy\u00a0en Lima,\u00a0rodeado de su familia\u00a0y en paz.\u00a0<a href=\"https:\/\/twitter.com\/morganavll?ref_src=twsrc%5Etfw\">@morganavll<\/a> <a href=\"https:\/\/t.co\/mkFEanxEjA\">pic.twitter.com\/mkFEanxEjA<\/a><\/p>&mdash; \u00c1lvaro Vargas Llosa (@AlvaroVargasLl) <a href=\"https:\/\/twitter.com\/AlvaroVargasLl\/status\/1911575930884997187?ref_src=twsrc%5Etfw\">April 14, 2025<\/a><\/blockquote><script async src=\"https:\/\/platform.twitter.com\/widgets.js\" charset=\"utf-8\"><\/script>\n<\/div><\/figure>\n\n\n\n<figure class=\"wp-block-pullquote\"><blockquote><p>Con profundo dolor, hacemos p\u00fablico que nuestro padre, <strong>Mario Vargas Llosa<\/strong>, ha fallecido hoy en Lima, rodeado de su familia y en paz\u201d, escribi\u00f3 su hijo <strong>\u00c1lvaro Vargas Llosa<\/strong> en su cuenta de la red social X.<\/p><\/blockquote><\/figure>\n\n\n\n<p>En el mensaje, tambi\u00e9n replicado por su hija <strong>Morgana Vargas Llosa<\/strong>, los v\u00e1stagos del autor subrayaron que, hicieron p\u00fablica la muerte de su padre \u201c<strong>rodeado de su familia<\/strong> y en paz\u201d.<\/p>\n\n\n\n<p>\u201cSu partida entristecer\u00e1 a sus parientes, a sus amigos y a sus lectores alrededor del mundo, pero esperamos que encuentren consuelo, como nosotros, en el hecho de que goz\u00f3 de una vida larga, m\u00faltiple y fruct\u00edfera, y deja detr\u00e1s suyo una obra que lo <strong>sobrevivir\u00e1<\/strong>\u201c, reza el mensaje.<\/p>\n\n\n\n<p>Detallaron que, en las pr\u00f3ximas horas y d\u00edas, proceder\u00e1n \u201cde acuerdo a sus instrucciones\u201d, que incluyen que no haya \u201cninguna ceremonia p\u00fablica\u201d-<\/p>\n\n\n\n<p>\u201cNuestra madre, nuestros hijos y nosotros mismos confiamos en tener el espacio y la privacidad para despedirlo en familia y en compa\u00f1\u00eda de sus amigos cercanos. Sus retos, como era su voluntad, ser\u00e1n incinerados\u201d, reza el mensaje.<\/p>\n\n\n\n<p><strong>Vargas Llosa<\/strong> hab\u00eda vuelto a vivir en su apartamento lime\u00f1o, ubicado en el bohemio distrito de <strong>Barranco<\/strong> y con vistas al oc\u00e9ano <strong>Pac\u00edfico<\/strong>, en 2022, donde retom\u00f3 su relaci\u00f3n con su esposa, <strong>Patricia Llosa<\/strong>, y los paseos por su ciudad adoptiva.<\/p>\n\n\n\n<p>Como parte de sus paseos por la capital peruana, visit\u00f3 en noviembre pasado el local lime\u00f1o en el que estaba instalado el bar \u2018La Catedral\u2019, que inspir\u00f3 su c\u00e9lebre novela \u2018Conversaci\u00f3n en La Catedral\u2019, publicada en 1969 y considerada una de las grandes novelas de la historia.<\/p>\n\n\n\n<p>Entonces, las fotos difundidas por su hijo \u00c1lvaro Vargas Llosa mostraban a un escritor por el que los a\u00f1os no hab\u00edan pasado en balde.<\/p>\n\n\n\n<p>D\u00edas antes, public\u00f3 tambi\u00e9n una foto de su padre frente al colegio militar Leoncio Prado, en el que estudi\u00f3 y en el que, seg\u00fan ha confesado, consolid\u00f3 su vocaci\u00f3n literaria en contra de los deseos de su progenitor.<\/p>\n\n\n\n<p>El autor de \u2018<strong>La ciudad y los perros<\/strong>\u2018 (1963) o \u2018<strong>Lituma en los Andes<\/strong>\u2018 (1993) fue el ganador del Premio Nobel de Literatura 2010 por su \u201ccartograf\u00eda de las estructuras del poder y aceradas im\u00e1genes de la resistencia, la rebeli\u00f3n y la derrota del individuo\u201d.<\/p>\n\n\n\n<p>Vargas Llosa se convirti\u00f3 en el primer autor de lengua espa\u00f1ola en ingresar a la Academia de la Lengua de Francia, en febrero de 2023, y en su discurso asegur\u00f3 que \u201cgracias a Francia\u201d, donde empez\u00f3 a escribir algunas de sus novelas m\u00e1s destacadas, descubri\u00f3 \u201cotra Am\u00e9rica Latina\u201d.<\/p>\n\n\n\n<p>Nacido en <strong>Arequipa<\/strong> (<strong>Per\u00fa<\/strong>) en 1936, siempre mostr\u00f3 una gran capacidad y disciplina para trabajar y un deseo vital que le llevaron a meterse en diferentes \u00e1mbitos adem\u00e1s de la escritura, como ser candidato a la presidencia de Per\u00fa en 1990 o subirse a los escenarios como actor.<\/p>\n\n\n\n<p>Con una vida marcada por los \u00e9xitos -salvo el fracaso de su <strong>experiencia pol\u00edtica<\/strong>-, el favor de los lectores y con todos los premios posibles (<strong>Nobel<\/strong>, <strong>Cervantes<\/strong>, <strong>Pr\u00edncipe de Asturias<\/strong>, <strong>R\u00f3mulo Gallegos<\/strong>, <strong>Planeta<\/strong> o <strong>Jerusal\u00e9n<\/strong>, entre otros)- la historia del acad\u00e9mico y escritor estuvo determinada por la figura de su padre, un hombre autoritario que nunca quiso que fuera escritor.<\/p>\n\n\n\n<p>Su deslumbrante carrera comenz\u00f3 en los a\u00f1os sesenta con obras como \u2018<strong>La ciudad y los perros<\/strong>\u2018, \u2018La casa verde\u2019 o \u2018Conversaci\u00f3n en La Catedral\u2019.<\/p>\n\n\n\n<p>En los \u00faltimos meses, sus vecinos de <strong>Barranco<\/strong> se acostumbraron a la imagen de un <strong>Vargas Llosa<\/strong> que, apoyado en su bast\u00f3n, recorr\u00eda los rincones de su <strong>Lima<\/strong>.<\/p>\n\n\n\n<p>Con informaci\u00f3n de EFE<\/p>\n","protected":false},"excerpt":{"rendered":"<p>El novelista peruano-espa\u00f1ol Mario Vargas Llosa muri\u00f3 este domingo a los 89 a\u00f1os en su casa lime\u00f1a, donde resid\u00eda desde 2022 tras un largo periplo que le llev\u00f3 a vivir en Europa desde la d\u00e9cada de 1990, informaron sus hijos a trav\u00e9s de las redes sociales. Con profundo dolor, hacemos p\u00fablico que nuestro padre, Mario [&hellip;]<\/p>\n","protected":false},"author":4,"featured_media":58228,"comment_status":"closed","ping_status":"","sticky":false,"template":"","format":"standard","meta":{"footnotes":""},"categories":[2,19],"tags":[],"class_list":{"0":"post-58226","1":"post","2":"type-post","3":"status-publish","4":"format-standard","5":"has-post-thumbnail","7":"category-oaxaca","8":"category-nacional"},"yoast_head":"<!-- This site is optimized with the Yoast SEO plugin v27.4 - https:\/\/yoast.com\/product\/yoast-seo-wordpress\/ -->\n<title>Muere el escritor Mario Vargas Llosa - LA BRAVA RADIO<\/title>\n<meta name=\"robots\" content=\"index, follow, max-snippet:-1, max-image-preview:large, max-video-preview:-1\" \/>\n<link rel=\"canonical\" href=\"https:\/\/www.bbmnoticias.com\/blog\/2025\/04\/13\/muere-el-escritor-mario-vargas-llosa\/\" \/>\n<meta property=\"og:locale\" content=\"es_MX\" \/>\n<meta property=\"og:type\" content=\"article\" \/>\n<meta property=\"og:title\" content=\"Muere el escritor Mario Vargas Llosa - LA BRAVA RADIO\" \/>\n<meta property=\"og:description\" content=\"El novelista peruano-espa\u00f1ol Mario Vargas Llosa muri\u00f3 este domingo a los 89 a\u00f1os en su casa lime\u00f1a, donde resid\u00eda desde 2022 tras un largo periplo que le llev\u00f3 a vivir en Europa desde la d\u00e9cada de 1990, informaron sus hijos a trav\u00e9s de las redes sociales. Con profundo dolor, hacemos p\u00fablico que nuestro padre, Mario [&hellip;]\" \/>\n<meta property=\"og:url\" content=\"https:\/\/www.bbmnoticias.com\/blog\/2025\/04\/13\/muere-el-escritor-mario-vargas-llosa\/\" \/>\n<meta property=\"og:site_name\" content=\"LA BRAVA RADIO\" \/>\n<meta property=\"article:published_time\" content=\"2025-04-14T01:25:23+00:00\" \/>\n<meta property=\"article:modified_time\" content=\"2025-04-14T01:25:32+00:00\" \/>\n<meta property=\"og:image\" content=\"https:\/\/www.bbmnoticias.com\/labravaradiofm\/wp-content\/uploads\/sites\/5\/2025\/04\/muere-el-escritor-mario-vargas-llosa.jpg\" \/>\n\t<meta property=\"og:image:width\" content=\"1920\" \/>\n\t<meta property=\"og:image:height\" content=\"1280\" \/>\n\t<meta property=\"og:image:type\" content=\"image\/jpeg\" \/>\n<meta name=\"author\" content=\"Agencias\" \/>\n<meta name=\"twitter:card\" content=\"summary_large_image\" \/>\n<meta name=\"twitter:label1\" content=\"Escrito por\" \/>\n\t<meta name=\"twitter:data1\" content=\"Agencias\" \/>\n\t<meta name=\"twitter:label2\" content=\"Tiempo de lectura\" \/>\n\t<meta name=\"twitter:data2\" content=\"3 minutos\" \/>\n<script type=\"application\/ld+json\" class=\"yoast-schema-graph\">{\"@context\":\"https:\\\/\\\/schema.org\",\"@graph\":[{\"@type\":\"Article\",\"@id\":\"https:\\\/\\\/www.bbmnoticias.com\\\/blog\\\/2025\\\/04\\\/13\\\/muere-el-escritor-mario-vargas-llosa\\\/#article\",\"isPartOf\":{\"@id\":\"https:\\\/\\\/www.bbmnoticias.com\\\/labravaradiofm\\\/2025\\\/04\\\/13\\\/muere-el-escritor-mario-vargas-llosa\\\/\"},\"author\":{\"name\":\"Agencias\",\"@id\":\"https:\\\/\\\/www.bbmnoticias.com\\\/labravaradiofm\\\/#\\\/schema\\\/person\\\/857a3daf5c8142f29919023f377fbfad\"},\"headline\":\"Muere el escritor Mario Vargas Llosa\",\"datePublished\":\"2025-04-14T01:25:23+00:00\",\"dateModified\":\"2025-04-14T01:25:32+00:00\",\"mainEntityOfPage\":{\"@id\":\"https:\\\/\\\/www.bbmnoticias.com\\\/labravaradiofm\\\/2025\\\/04\\\/13\\\/muere-el-escritor-mario-vargas-llosa\\\/\"},\"wordCount\":680,\"image\":{\"@id\":\"https:\\\/\\\/www.bbmnoticias.com\\\/blog\\\/2025\\\/04\\\/13\\\/muere-el-escritor-mario-vargas-llosa\\\/#primaryimage\"},\"thumbnailUrl\":\"https:\\\/\\\/www.bbmnoticias.com\\\/labravaradiofm\\\/wp-content\\\/uploads\\\/sites\\\/5\\\/2025\\\/04\\\/muere-el-escritor-mario-vargas-llosa.jpg\",\"articleSection\":[\"LOCAL\",\"NACIONAL\"],\"inLanguage\":\"es\"},{\"@type\":\"WebPage\",\"@id\":\"https:\\\/\\\/www.bbmnoticias.com\\\/labravaradiofm\\\/2025\\\/04\\\/13\\\/muere-el-escritor-mario-vargas-llosa\\\/\",\"url\":\"https:\\\/\\\/www.bbmnoticias.com\\\/blog\\\/2025\\\/04\\\/13\\\/muere-el-escritor-mario-vargas-llosa\\\/\",\"name\":\"Muere el escritor Mario Vargas Llosa - LA BRAVA RADIO\",\"isPartOf\":{\"@id\":\"https:\\\/\\\/www.bbmnoticias.com\\\/labravaradiofm\\\/#website\"},\"primaryImageOfPage\":{\"@id\":\"https:\\\/\\\/www.bbmnoticias.com\\\/blog\\\/2025\\\/04\\\/13\\\/muere-el-escritor-mario-vargas-llosa\\\/#primaryimage\"},\"image\":{\"@id\":\"https:\\\/\\\/www.bbmnoticias.com\\\/blog\\\/2025\\\/04\\\/13\\\/muere-el-escritor-mario-vargas-llosa\\\/#primaryimage\"},\"thumbnailUrl\":\"https:\\\/\\\/www.bbmnoticias.com\\\/labravaradiofm\\\/wp-content\\\/uploads\\\/sites\\\/5\\\/2025\\\/04\\\/muere-el-escritor-mario-vargas-llosa.jpg\",\"datePublished\":\"2025-04-14T01:25:23+00:00\",\"dateModified\":\"2025-04-14T01:25:32+00:00\",\"author\":{\"@id\":\"https:\\\/\\\/www.bbmnoticias.com\\\/labravaradiofm\\\/#\\\/schema\\\/person\\\/857a3daf5c8142f29919023f377fbfad\"},\"breadcrumb\":{\"@id\":\"https:\\\/\\\/www.bbmnoticias.com\\\/blog\\\/2025\\\/04\\\/13\\\/muere-el-escritor-mario-vargas-llosa\\\/#breadcrumb\"},\"inLanguage\":\"es\",\"potentialAction\":[{\"@type\":\"ReadAction\",\"target\":[\"https:\\\/\\\/www.bbmnoticias.com\\\/blog\\\/2025\\\/04\\\/13\\\/muere-el-escritor-mario-vargas-llosa\\\/\"]}]},{\"@type\":\"ImageObject\",\"inLanguage\":\"es\",\"@id\":\"https:\\\/\\\/www.bbmnoticias.com\\\/blog\\\/2025\\\/04\\\/13\\\/muere-el-escritor-mario-vargas-llosa\\\/#primaryimage\",\"url\":\"https:\\\/\\\/www.bbmnoticias.com\\\/labravaradiofm\\\/wp-content\\\/uploads\\\/sites\\\/5\\\/2025\\\/04\\\/muere-el-escritor-mario-vargas-llosa.jpg\",\"contentUrl\":\"https:\\\/\\\/www.bbmnoticias.com\\\/labravaradiofm\\\/wp-content\\\/uploads\\\/sites\\\/5\\\/2025\\\/04\\\/muere-el-escritor-mario-vargas-llosa.jpg\",\"width\":1920,\"height\":1280},{\"@type\":\"BreadcrumbList\",\"@id\":\"https:\\\/\\\/www.bbmnoticias.com\\\/blog\\\/2025\\\/04\\\/13\\\/muere-el-escritor-mario-vargas-llosa\\\/#breadcrumb\",\"itemListElement\":[{\"@type\":\"ListItem\",\"position\":1,\"name\":\"Inicio\",\"item\":\"https:\\\/\\\/www.bbmnoticias.com\\\/labravaradiofm\\\/\"},{\"@type\":\"ListItem\",\"position\":2,\"name\":\"Muere el escritor Mario Vargas Llosa\"}]},{\"@type\":\"WebSite\",\"@id\":\"https:\\\/\\\/www.bbmnoticias.com\\\/labravaradiofm\\\/#website\",\"url\":\"https:\\\/\\\/www.bbmnoticias.com\\\/labravaradiofm\\\/\",\"name\":\"LA BRAVA RADIO\",\"description\":\"Empresa productora de medios, Radiodifusi\u00f3n, Noticias, tendencias y todo lo que necesitas saber de la pol\u00edtica mexicana e internacional; entretenimiento, espect\u00e1culos, salud y mucho m\u00e1s.\",\"potentialAction\":[{\"@type\":\"SearchAction\",\"target\":{\"@type\":\"EntryPoint\",\"urlTemplate\":\"https:\\\/\\\/www.bbmnoticias.com\\\/labravaradiofm\\\/?s={search_term_string}\"},\"query-input\":{\"@type\":\"PropertyValueSpecification\",\"valueRequired\":true,\"valueName\":\"search_term_string\"}}],\"inLanguage\":\"es\"},{\"@type\":\"Person\",\"@id\":\"https:\\\/\\\/www.bbmnoticias.com\\\/labravaradiofm\\\/#\\\/schema\\\/person\\\/857a3daf5c8142f29919023f377fbfad\",\"name\":\"Agencias\",\"image\":{\"@type\":\"ImageObject\",\"inLanguage\":\"es\",\"@id\":\"https:\\\/\\\/secure.gravatar.com\\\/avatar\\\/739e0b61adf9e398b425c36718c8752286da0e8cd90f20ce9a86678abc26aa0d?s=96&d=mm&r=g\",\"url\":\"https:\\\/\\\/secure.gravatar.com\\\/avatar\\\/739e0b61adf9e398b425c36718c8752286da0e8cd90f20ce9a86678abc26aa0d?s=96&d=mm&r=g\",\"contentUrl\":\"https:\\\/\\\/secure.gravatar.com\\\/avatar\\\/739e0b61adf9e398b425c36718c8752286da0e8cd90f20ce9a86678abc26aa0d?s=96&d=mm&r=g\",\"caption\":\"Agencias\"},\"url\":\"https:\\\/\\\/www.bbmnoticias.com\\\/labravaradiofm\\\/author\\\/agencias\\\/\"}]}<\/script>\n<!-- \/ Yoast SEO plugin. -->","yoast_head_json":{"title":"Muere el escritor Mario Vargas Llosa - LA BRAVA RADIO","robots":{"index":"index","follow":"follow","max-snippet":"max-snippet:-1","max-image-preview":"max-image-preview:large","max-video-preview":"max-video-preview:-1"},"canonical":"https:\/\/www.bbmnoticias.com\/blog\/2025\/04\/13\/muere-el-escritor-mario-vargas-llosa\/","og_locale":"es_MX","og_type":"article","og_title":"Muere el escritor Mario Vargas Llosa - LA BRAVA RADIO","og_description":"El novelista peruano-espa\u00f1ol Mario Vargas Llosa muri\u00f3 este domingo a los 89 a\u00f1os en su casa lime\u00f1a, donde resid\u00eda desde 2022 tras un largo periplo que le llev\u00f3 a vivir en Europa desde la d\u00e9cada de 1990, informaron sus hijos a trav\u00e9s de las redes sociales. Con profundo dolor, hacemos p\u00fablico que nuestro padre, Mario [&hellip;]","og_url":"https:\/\/www.bbmnoticias.com\/blog\/2025\/04\/13\/muere-el-escritor-mario-vargas-llosa\/","og_site_name":"LA BRAVA RADIO","article_published_time":"2025-04-14T01:25:23+00:00","article_modified_time":"2025-04-14T01:25:32+00:00","og_image":[{"width":1920,"height":1280,"url":"https:\/\/www.bbmnoticias.com\/labravaradiofm\/wp-content\/uploads\/sites\/5\/2025\/04\/muere-el-escritor-mario-vargas-llosa.jpg","type":"image\/jpeg"}],"author":"Agencias","twitter_card":"summary_large_image","twitter_misc":{"Escrito por":"Agencias","Tiempo de lectura":"3 minutos"},"schema":{"@context":"https:\/\/schema.org","@graph":[{"@type":"Article","@id":"https:\/\/www.bbmnoticias.com\/blog\/2025\/04\/13\/muere-el-escritor-mario-vargas-llosa\/#article","isPartOf":{"@id":"https:\/\/www.bbmnoticias.com\/labravaradiofm\/2025\/04\/13\/muere-el-escritor-mario-vargas-llosa\/"},"author":{"name":"Agencias","@id":"https:\/\/www.bbmnoticias.com\/labravaradiofm\/#\/schema\/person\/857a3daf5c8142f29919023f377fbfad"},"headline":"Muere el escritor Mario Vargas Llosa","datePublished":"2025-04-14T01:25:23+00:00","dateModified":"2025-04-14T01:25:32+00:00","mainEntityOfPage":{"@id":"https:\/\/www.bbmnoticias.com\/labravaradiofm\/2025\/04\/13\/muere-el-escritor-mario-vargas-llosa\/"},"wordCount":680,"image":{"@id":"https:\/\/www.bbmnoticias.com\/blog\/2025\/04\/13\/muere-el-escritor-mario-vargas-llosa\/#primaryimage"},"thumbnailUrl":"https:\/\/www.bbmnoticias.com\/labravaradiofm\/wp-content\/uploads\/sites\/5\/2025\/04\/muere-el-escritor-mario-vargas-llosa.jpg","articleSection":["LOCAL","NACIONAL"],"inLanguage":"es"},{"@type":"WebPage","@id":"https:\/\/www.bbmnoticias.com\/labravaradiofm\/2025\/04\/13\/muere-el-escritor-mario-vargas-llosa\/","url":"https:\/\/www.bbmnoticias.com\/blog\/2025\/04\/13\/muere-el-escritor-mario-vargas-llosa\/","name":"Muere el escritor Mario Vargas Llosa - LA BRAVA RADIO","isPartOf":{"@id":"https:\/\/www.bbmnoticias.com\/labravaradiofm\/#website"},"primaryImageOfPage":{"@id":"https:\/\/www.bbmnoticias.com\/blog\/2025\/04\/13\/muere-el-escritor-mario-vargas-llosa\/#primaryimage"},"image":{"@id":"https:\/\/www.bbmnoticias.com\/blog\/2025\/04\/13\/muere-el-escritor-mario-vargas-llosa\/#primaryimage"},"thumbnailUrl":"https:\/\/www.bbmnoticias.com\/labravaradiofm\/wp-content\/uploads\/sites\/5\/2025\/04\/muere-el-escritor-mario-vargas-llosa.jpg","datePublished":"2025-04-14T01:25:23+00:00","dateModified":"2025-04-14T01:25:32+00:00","author":{"@id":"https:\/\/www.bbmnoticias.com\/labravaradiofm\/#\/schema\/person\/857a3daf5c8142f29919023f377fbfad"},"breadcrumb":{"@id":"https:\/\/www.bbmnoticias.com\/blog\/2025\/04\/13\/muere-el-escritor-mario-vargas-llosa\/#breadcrumb"},"inLanguage":"es","potentialAction":[{"@type":"ReadAction","target":["https:\/\/www.bbmnoticias.com\/blog\/2025\/04\/13\/muere-el-escritor-mario-vargas-llosa\/"]}]},{"@type":"ImageObject","inLanguage":"es","@id":"https:\/\/www.bbmnoticias.com\/blog\/2025\/04\/13\/muere-el-escritor-mario-vargas-llosa\/#primaryimage","url":"https:\/\/www.bbmnoticias.com\/labravaradiofm\/wp-content\/uploads\/sites\/5\/2025\/04\/muere-el-escritor-mario-vargas-llosa.jpg","contentUrl":"https:\/\/www.bbmnoticias.com\/labravaradiofm\/wp-content\/uploads\/sites\/5\/2025\/04\/muere-el-escritor-mario-vargas-llosa.jpg","width":1920,"height":1280},{"@type":"BreadcrumbList","@id":"https:\/\/www.bbmnoticias.com\/blog\/2025\/04\/13\/muere-el-escritor-mario-vargas-llosa\/#breadcrumb","itemListElement":[{"@type":"ListItem","position":1,"name":"Inicio","item":"https:\/\/www.bbmnoticias.com\/labravaradiofm\/"},{"@type":"ListItem","position":2,"name":"Muere el escritor Mario Vargas Llosa"}]},{"@type":"WebSite","@id":"https:\/\/www.bbmnoticias.com\/labravaradiofm\/#website","url":"https:\/\/www.bbmnoticias.com\/labravaradiofm\/","name":"LA BRAVA RADIO","description":"Empresa productora de medios, Radiodifusi\u00f3n, Noticias, tendencias y todo lo que necesitas saber de la pol\u00edtica mexicana e internacional; entretenimiento, espect\u00e1culos, salud y mucho m\u00e1s.","potentialAction":[{"@type":"SearchAction","target":{"@type":"EntryPoint","urlTemplate":"https:\/\/www.bbmnoticias.com\/labravaradiofm\/?s={search_term_string}"},"query-input":{"@type":"PropertyValueSpecification","valueRequired":true,"valueName":"search_term_string"}}],"inLanguage":"es"},{"@type":"Person","@id":"https:\/\/www.bbmnoticias.com\/labravaradiofm\/#\/schema\/person\/857a3daf5c8142f29919023f377fbfad","name":"Agencias","image":{"@type":"ImageObject","inLanguage":"es","@id":"https:\/\/secure.gravatar.com\/avatar\/739e0b61adf9e398b425c36718c8752286da0e8cd90f20ce9a86678abc26aa0d?s=96&d=mm&r=g","url":"https:\/\/secure.gravatar.com\/avatar\/739e0b61adf9e398b425c36718c8752286da0e8cd90f20ce9a86678abc26aa0d?s=96&d=mm&r=g","contentUrl":"https:\/\/secure.gravatar.com\/avatar\/739e0b61adf9e398b425c36718c8752286da0e8cd90f20ce9a86678abc26aa0d?s=96&d=mm&r=g","caption":"Agencias"},"url":"https:\/\/www.bbmnoticias.com\/labravaradiofm\/author\/agencias\/"}]}},"_links":{"self":[{"href":"https:\/\/www.bbmnoticias.com\/labravaradiofm\/wp-json\/wp\/v2\/posts\/58226","targetHints":{"allow":["GET"]}}],"collection":[{"href":"https:\/\/www.bbmnoticias.com\/labravaradiofm\/wp-json\/wp\/v2\/posts"}],"about":[{"href":"https:\/\/www.bbmnoticias.com\/labravaradiofm\/wp-json\/wp\/v2\/types\/post"}],"author":[{"embeddable":true,"href":"https:\/\/www.bbmnoticias.com\/labravaradiofm\/wp-json\/wp\/v2\/users\/4"}],"replies":[{"embeddable":true,"href":"https:\/\/www.bbmnoticias.com\/labravaradiofm\/wp-json\/wp\/v2\/comments?post=58226"}],"version-history":[{"count":0,"href":"https:\/\/www.bbmnoticias.com\/labravaradiofm\/wp-json\/wp\/v2\/posts\/58226\/revisions"}],"wp:featuredmedia":[{"embeddable":true,"href":"https:\/\/www.bbmnoticias.com\/labravaradiofm\/wp-json\/wp\/v2\/media\/58228"}],"wp:attachment":[{"href":"https:\/\/www.bbmnoticias.com\/labravaradiofm\/wp-json\/wp\/v2\/media?parent=58226"}],"wp:term":[{"taxonomy":"category","embeddable":true,"href":"https:\/\/www.bbmnoticias.com\/labravaradiofm\/wp-json\/wp\/v2\/categories?post=58226"},{"taxonomy":"post_tag","embeddable":true,"href":"https:\/\/www.bbmnoticias.com\/labravaradiofm\/wp-json\/wp\/v2\/tags?post=58226"}],"curies":[{"name":"wp","href":"https:\/\/api.w.org\/{rel}","templated":true}]}}