{"id":58217,"date":"2025-04-12T09:25:46","date_gmt":"2025-04-12T15:25:46","guid":{"rendered":"https:\/\/www.bbmnoticias.com\/labravaradiofm\/2025\/04\/12\/olinia-auto-mexicano-de-90000-pesitos-a-partir-de-cuando-podra-comprarse\/"},"modified":"2025-04-12T09:25:54","modified_gmt":"2025-04-12T15:25:54","slug":"olinia-auto-mexicano-de-90000-pesitos-a-partir-de-cuando-podra-comprarse","status":"publish","type":"post","link":"https:\/\/www.bbmnoticias.com\/labravaradiofm\/2025\/04\/12\/olinia-auto-mexicano-de-90000-pesitos-a-partir-de-cuando-podra-comprarse\/","title":{"rendered":"Olinia, auto mexicano de 90,000 pesitos, \u00bfa partir de cu\u00e1ndo podr\u00e1 comprarse?"},"content":{"rendered":"<div style=\"margin-top: 0px; margin-bottom: 0px;\" class=\"sharethis-inline-share-buttons\" ><\/div>\n<p>El <strong>peque\u00f1o auto el\u00e9ctrico de producci\u00f3n mexicana, Olinia, ser\u00e1 m\u00e1s que un veh\u00edculo eficiente, amigable con el medio ambiente<\/strong> y econ\u00f3mico, pues es considerado<strong> un &#8220;proyecto de naci\u00f3n&#8221;<\/strong> de m\u00e1xima relevancia de cara al <strong>Mundial de Futbol de 2026,<\/strong> cuyo partido ser\u00e1 inaugural ser\u00e1 protagonizado precisamente por la mandataria y el carro.<\/p>\n\n\n\n<p>De acuerdo con Rafael Garayoa Guajardo y Roberto Capuano Tripp, los&nbsp;titulares del proyecto, durante la ceremonia de inauguraci\u00f3n del Mundial de futbol, que tendr\u00e1 sede compartida en <strong>Am\u00e9rica del Norte, entre M\u00e9xico, Estados Unidos y Canad\u00e1,<\/strong> Sheinbaum llegar\u00e1 al evento <strong>a bordo de un Olinia.<\/strong><\/p>\n\n\n\n<figure class=\"wp-block-image\"><img decoding=\"async\" src=\"https:\/\/heraldodemexico.com.mx\/u\/fotografias\/m\/2025\/1\/6\/f768x1-1066649_1066776_5050.jpg\" alt=\"\"\/><figcaption class=\"wp-element-caption\">Olinia es un proyecto de naci\u00f3n<\/figcaption><\/figure>\n\n\n\n<p>El pasado 3 de abril, la Presidenta deline\u00f3 el <strong>Plan Nacional de Desarrollo, <\/strong>en el que se busca aumentar la<strong> soberan\u00eda energ\u00e9tica y el\u00e9ctrica, acelerar proyectos de obra p\u00fablica <\/strong>y de construcci\u00f3n de vivienda, <strong>ampliar la fabricaci\u00f3n nacional,<\/strong> como es el caso de la producci\u00f3n de veh\u00edculos, y continuar con el <strong>aumento del salario m\u00ednimo.<\/strong><\/p>\n\n\n\n<p>Claudia Sheinbaum coment\u00f3 que dentro de estos programas est\u00e1 la <strong>ampliaci\u00f3n nacional para el mercado interno de veh\u00edculos,<\/strong> decreto que se publicar\u00e1 el 16 de mayo, por lo que la<strong> empresa Olinia iniciar\u00e1 su producci\u00f3n en 2027 con 10 mil unidades y para el 2028 un total de 25 mil unidades.&nbsp;<\/strong><\/p>\n\n\n\n<p>La producci\u00f3n del autos el\u00e9ctricos Olinia ser\u00e1 en Puebla y su nombre se debe al vocablo en n\u00e1huatl que significa &#8220;estar en movimiento&#8221;. Se sabe que <strong>el auto es 100% el\u00e9ctrico y<\/strong> que su aunque har\u00e1 su p<strong>resentaci\u00f3n oficial en junio de 2026<\/strong>, la producci\u00f3n iniciar\u00e1 hasta el a\u00f1o siguiente, por lo que estar\u00e1n a la venta a\u00fan despu\u00e9s de esa fecha, adem\u00e1s de que se prev\u00e9 que su <strong>costo sea de 90 mil pesos.<\/strong><\/p>\n","protected":false},"excerpt":{"rendered":"<p>El peque\u00f1o auto el\u00e9ctrico de producci\u00f3n mexicana, Olinia, ser\u00e1 m\u00e1s que un veh\u00edculo eficiente, amigable con el medio ambiente y econ\u00f3mico, pues es considerado un &#8220;proyecto de naci\u00f3n&#8221; de m\u00e1xima relevancia de cara al Mundial de Futbol de 2026, cuyo partido ser\u00e1 inaugural ser\u00e1 protagonizado precisamente por la mandataria y el carro. De acuerdo con [&hellip;]<\/p>\n","protected":false},"author":15,"featured_media":58219,"comment_status":"closed","ping_status":"","sticky":false,"template":"","format":"standard","meta":{"footnotes":""},"categories":[2],"tags":[],"class_list":{"0":"post-58217","1":"post","2":"type-post","3":"status-publish","4":"format-standard","5":"has-post-thumbnail","7":"category-oaxaca"},"yoast_head":"<!-- This site is optimized with the Yoast SEO plugin v27.4 - https:\/\/yoast.com\/product\/yoast-seo-wordpress\/ -->\n<title>Olinia, auto mexicano de 90,000 pesitos, \u00bfa partir de cu\u00e1ndo podr\u00e1 comprarse? - LA BRAVA RADIO<\/title>\n<meta name=\"robots\" content=\"index, follow, max-snippet:-1, max-image-preview:large, max-video-preview:-1\" \/>\n<link rel=\"canonical\" href=\"https:\/\/www.bbmnoticias.com\/blog\/2025\/04\/12\/olinia-auto-mexicano-de-90000-pesitos-a-partir-de-cuando-podra-comprarse\/\" \/>\n<meta property=\"og:locale\" content=\"es_MX\" \/>\n<meta property=\"og:type\" content=\"article\" \/>\n<meta property=\"og:title\" content=\"Olinia, auto mexicano de 90,000 pesitos, \u00bfa partir de cu\u00e1ndo podr\u00e1 comprarse? - LA BRAVA RADIO\" \/>\n<meta property=\"og:description\" content=\"El peque\u00f1o auto el\u00e9ctrico de producci\u00f3n mexicana, Olinia, ser\u00e1 m\u00e1s que un veh\u00edculo eficiente, amigable con el medio ambiente y econ\u00f3mico, pues es considerado un &#8220;proyecto de naci\u00f3n&#8221; de m\u00e1xima relevancia de cara al Mundial de Futbol de 2026, cuyo partido ser\u00e1 inaugural ser\u00e1 protagonizado precisamente por la mandataria y el carro. De acuerdo con [&hellip;]\" \/>\n<meta property=\"og:url\" content=\"https:\/\/www.bbmnoticias.com\/blog\/2025\/04\/12\/olinia-auto-mexicano-de-90000-pesitos-a-partir-de-cuando-podra-comprarse\/\" \/>\n<meta property=\"og:site_name\" content=\"LA BRAVA RADIO\" \/>\n<meta property=\"article:published_time\" content=\"2025-04-12T15:25:46+00:00\" \/>\n<meta property=\"article:modified_time\" content=\"2025-04-12T15:25:54+00:00\" \/>\n<meta property=\"og:image\" content=\"https:\/\/www.bbmnoticias.com\/labravaradiofm\/wp-content\/uploads\/sites\/5\/2025\/04\/olinia-carros.jpg\" \/>\n\t<meta property=\"og:image:width\" content=\"848\" \/>\n\t<meta property=\"og:image:height\" content=\"477\" \/>\n\t<meta property=\"og:image:type\" content=\"image\/jpeg\" \/>\n<meta name=\"author\" content=\"El Heraldo\" \/>\n<meta name=\"twitter:card\" content=\"summary_large_image\" \/>\n<meta name=\"twitter:label1\" content=\"Escrito por\" \/>\n\t<meta name=\"twitter:data1\" content=\"El Heraldo\" \/>\n\t<meta name=\"twitter:label2\" content=\"Tiempo de lectura\" \/>\n\t<meta name=\"twitter:data2\" content=\"2 minutos\" \/>\n<script type=\"application\/ld+json\" class=\"yoast-schema-graph\">{\"@context\":\"https:\\\/\\\/schema.org\",\"@graph\":[{\"@type\":\"Article\",\"@id\":\"https:\\\/\\\/www.bbmnoticias.com\\\/blog\\\/2025\\\/04\\\/12\\\/olinia-auto-mexicano-de-90000-pesitos-a-partir-de-cuando-podra-comprarse\\\/#article\",\"isPartOf\":{\"@id\":\"https:\\\/\\\/www.bbmnoticias.com\\\/labravaradiofm\\\/2025\\\/04\\\/12\\\/olinia-auto-mexicano-de-90000-pesitos-a-partir-de-cuando-podra-comprarse\\\/\"},\"author\":{\"name\":\"El Heraldo\",\"@id\":\"https:\\\/\\\/www.bbmnoticias.com\\\/labravaradiofm\\\/#\\\/schema\\\/person\\\/1d485366d29083d2d818c24013f8cbc0\"},\"headline\":\"Olinia, auto mexicano de 90,000 pesitos, \u00bfa partir de cu\u00e1ndo podr\u00e1 comprarse?\",\"datePublished\":\"2025-04-12T15:25:46+00:00\",\"dateModified\":\"2025-04-12T15:25:54+00:00\",\"mainEntityOfPage\":{\"@id\":\"https:\\\/\\\/www.bbmnoticias.com\\\/labravaradiofm\\\/2025\\\/04\\\/12\\\/olinia-auto-mexicano-de-90000-pesitos-a-partir-de-cuando-podra-comprarse\\\/\"},\"wordCount\":324,\"image\":{\"@id\":\"https:\\\/\\\/www.bbmnoticias.com\\\/blog\\\/2025\\\/04\\\/12\\\/olinia-auto-mexicano-de-90000-pesitos-a-partir-de-cuando-podra-comprarse\\\/#primaryimage\"},\"thumbnailUrl\":\"https:\\\/\\\/www.bbmnoticias.com\\\/labravaradiofm\\\/wp-content\\\/uploads\\\/sites\\\/5\\\/2025\\\/04\\\/olinia-carros.jpg\",\"articleSection\":[\"LOCAL\"],\"inLanguage\":\"es\"},{\"@type\":\"WebPage\",\"@id\":\"https:\\\/\\\/www.bbmnoticias.com\\\/labravaradiofm\\\/2025\\\/04\\\/12\\\/olinia-auto-mexicano-de-90000-pesitos-a-partir-de-cuando-podra-comprarse\\\/\",\"url\":\"https:\\\/\\\/www.bbmnoticias.com\\\/blog\\\/2025\\\/04\\\/12\\\/olinia-auto-mexicano-de-90000-pesitos-a-partir-de-cuando-podra-comprarse\\\/\",\"name\":\"Olinia, auto mexicano de 90,000 pesitos, \u00bfa partir de cu\u00e1ndo podr\u00e1 comprarse? - LA BRAVA RADIO\",\"isPartOf\":{\"@id\":\"https:\\\/\\\/www.bbmnoticias.com\\\/labravaradiofm\\\/#website\"},\"primaryImageOfPage\":{\"@id\":\"https:\\\/\\\/www.bbmnoticias.com\\\/blog\\\/2025\\\/04\\\/12\\\/olinia-auto-mexicano-de-90000-pesitos-a-partir-de-cuando-podra-comprarse\\\/#primaryimage\"},\"image\":{\"@id\":\"https:\\\/\\\/www.bbmnoticias.com\\\/blog\\\/2025\\\/04\\\/12\\\/olinia-auto-mexicano-de-90000-pesitos-a-partir-de-cuando-podra-comprarse\\\/#primaryimage\"},\"thumbnailUrl\":\"https:\\\/\\\/www.bbmnoticias.com\\\/labravaradiofm\\\/wp-content\\\/uploads\\\/sites\\\/5\\\/2025\\\/04\\\/olinia-carros.jpg\",\"datePublished\":\"2025-04-12T15:25:46+00:00\",\"dateModified\":\"2025-04-12T15:25:54+00:00\",\"author\":{\"@id\":\"https:\\\/\\\/www.bbmnoticias.com\\\/labravaradiofm\\\/#\\\/schema\\\/person\\\/1d485366d29083d2d818c24013f8cbc0\"},\"breadcrumb\":{\"@id\":\"https:\\\/\\\/www.bbmnoticias.com\\\/blog\\\/2025\\\/04\\\/12\\\/olinia-auto-mexicano-de-90000-pesitos-a-partir-de-cuando-podra-comprarse\\\/#breadcrumb\"},\"inLanguage\":\"es\",\"potentialAction\":[{\"@type\":\"ReadAction\",\"target\":[\"https:\\\/\\\/www.bbmnoticias.com\\\/blog\\\/2025\\\/04\\\/12\\\/olinia-auto-mexicano-de-90000-pesitos-a-partir-de-cuando-podra-comprarse\\\/\"]}]},{\"@type\":\"ImageObject\",\"inLanguage\":\"es\",\"@id\":\"https:\\\/\\\/www.bbmnoticias.com\\\/blog\\\/2025\\\/04\\\/12\\\/olinia-auto-mexicano-de-90000-pesitos-a-partir-de-cuando-podra-comprarse\\\/#primaryimage\",\"url\":\"https:\\\/\\\/www.bbmnoticias.com\\\/labravaradiofm\\\/wp-content\\\/uploads\\\/sites\\\/5\\\/2025\\\/04\\\/olinia-carros.jpg\",\"contentUrl\":\"https:\\\/\\\/www.bbmnoticias.com\\\/labravaradiofm\\\/wp-content\\\/uploads\\\/sites\\\/5\\\/2025\\\/04\\\/olinia-carros.jpg\",\"width\":848,\"height\":477},{\"@type\":\"BreadcrumbList\",\"@id\":\"https:\\\/\\\/www.bbmnoticias.com\\\/blog\\\/2025\\\/04\\\/12\\\/olinia-auto-mexicano-de-90000-pesitos-a-partir-de-cuando-podra-comprarse\\\/#breadcrumb\",\"itemListElement\":[{\"@type\":\"ListItem\",\"position\":1,\"name\":\"Inicio\",\"item\":\"https:\\\/\\\/www.bbmnoticias.com\\\/labravaradiofm\\\/\"},{\"@type\":\"ListItem\",\"position\":2,\"name\":\"Olinia, auto mexicano de 90,000 pesitos, \u00bfa partir de cu\u00e1ndo podr\u00e1 comprarse?\"}]},{\"@type\":\"WebSite\",\"@id\":\"https:\\\/\\\/www.bbmnoticias.com\\\/labravaradiofm\\\/#website\",\"url\":\"https:\\\/\\\/www.bbmnoticias.com\\\/labravaradiofm\\\/\",\"name\":\"LA BRAVA RADIO\",\"description\":\"Empresa productora de medios, Radiodifusi\u00f3n, Noticias, tendencias y todo lo que necesitas saber de la pol\u00edtica mexicana e internacional; entretenimiento, espect\u00e1culos, salud y mucho m\u00e1s.\",\"potentialAction\":[{\"@type\":\"SearchAction\",\"target\":{\"@type\":\"EntryPoint\",\"urlTemplate\":\"https:\\\/\\\/www.bbmnoticias.com\\\/labravaradiofm\\\/?s={search_term_string}\"},\"query-input\":{\"@type\":\"PropertyValueSpecification\",\"valueRequired\":true,\"valueName\":\"search_term_string\"}}],\"inLanguage\":\"es\"},{\"@type\":\"Person\",\"@id\":\"https:\\\/\\\/www.bbmnoticias.com\\\/labravaradiofm\\\/#\\\/schema\\\/person\\\/1d485366d29083d2d818c24013f8cbc0\",\"name\":\"El Heraldo\",\"image\":{\"@type\":\"ImageObject\",\"inLanguage\":\"es\",\"@id\":\"https:\\\/\\\/secure.gravatar.com\\\/avatar\\\/463017be041288b5a196814ef7242bd62699b857f306e4b5b61b533e8a87f404?s=96&d=mm&r=g\",\"url\":\"https:\\\/\\\/secure.gravatar.com\\\/avatar\\\/463017be041288b5a196814ef7242bd62699b857f306e4b5b61b533e8a87f404?s=96&d=mm&r=g\",\"contentUrl\":\"https:\\\/\\\/secure.gravatar.com\\\/avatar\\\/463017be041288b5a196814ef7242bd62699b857f306e4b5b61b533e8a87f404?s=96&d=mm&r=g\",\"caption\":\"El Heraldo\"},\"url\":\"https:\\\/\\\/www.bbmnoticias.com\\\/labravaradiofm\\\/author\\\/heraldo\\\/\"}]}<\/script>\n<!-- \/ Yoast SEO plugin. -->","yoast_head_json":{"title":"Olinia, auto mexicano de 90,000 pesitos, \u00bfa partir de cu\u00e1ndo podr\u00e1 comprarse? - LA BRAVA RADIO","robots":{"index":"index","follow":"follow","max-snippet":"max-snippet:-1","max-image-preview":"max-image-preview:large","max-video-preview":"max-video-preview:-1"},"canonical":"https:\/\/www.bbmnoticias.com\/blog\/2025\/04\/12\/olinia-auto-mexicano-de-90000-pesitos-a-partir-de-cuando-podra-comprarse\/","og_locale":"es_MX","og_type":"article","og_title":"Olinia, auto mexicano de 90,000 pesitos, \u00bfa partir de cu\u00e1ndo podr\u00e1 comprarse? - LA BRAVA RADIO","og_description":"El peque\u00f1o auto el\u00e9ctrico de producci\u00f3n mexicana, Olinia, ser\u00e1 m\u00e1s que un veh\u00edculo eficiente, amigable con el medio ambiente y econ\u00f3mico, pues es considerado un &#8220;proyecto de naci\u00f3n&#8221; de m\u00e1xima relevancia de cara al Mundial de Futbol de 2026, cuyo partido ser\u00e1 inaugural ser\u00e1 protagonizado precisamente por la mandataria y el carro. De acuerdo con [&hellip;]","og_url":"https:\/\/www.bbmnoticias.com\/blog\/2025\/04\/12\/olinia-auto-mexicano-de-90000-pesitos-a-partir-de-cuando-podra-comprarse\/","og_site_name":"LA BRAVA RADIO","article_published_time":"2025-04-12T15:25:46+00:00","article_modified_time":"2025-04-12T15:25:54+00:00","og_image":[{"width":848,"height":477,"url":"https:\/\/www.bbmnoticias.com\/labravaradiofm\/wp-content\/uploads\/sites\/5\/2025\/04\/olinia-carros.jpg","type":"image\/jpeg"}],"author":"El Heraldo","twitter_card":"summary_large_image","twitter_misc":{"Escrito por":"El Heraldo","Tiempo de lectura":"2 minutos"},"schema":{"@context":"https:\/\/schema.org","@graph":[{"@type":"Article","@id":"https:\/\/www.bbmnoticias.com\/blog\/2025\/04\/12\/olinia-auto-mexicano-de-90000-pesitos-a-partir-de-cuando-podra-comprarse\/#article","isPartOf":{"@id":"https:\/\/www.bbmnoticias.com\/labravaradiofm\/2025\/04\/12\/olinia-auto-mexicano-de-90000-pesitos-a-partir-de-cuando-podra-comprarse\/"},"author":{"name":"El Heraldo","@id":"https:\/\/www.bbmnoticias.com\/labravaradiofm\/#\/schema\/person\/1d485366d29083d2d818c24013f8cbc0"},"headline":"Olinia, auto mexicano de 90,000 pesitos, \u00bfa partir de cu\u00e1ndo podr\u00e1 comprarse?","datePublished":"2025-04-12T15:25:46+00:00","dateModified":"2025-04-12T15:25:54+00:00","mainEntityOfPage":{"@id":"https:\/\/www.bbmnoticias.com\/labravaradiofm\/2025\/04\/12\/olinia-auto-mexicano-de-90000-pesitos-a-partir-de-cuando-podra-comprarse\/"},"wordCount":324,"image":{"@id":"https:\/\/www.bbmnoticias.com\/blog\/2025\/04\/12\/olinia-auto-mexicano-de-90000-pesitos-a-partir-de-cuando-podra-comprarse\/#primaryimage"},"thumbnailUrl":"https:\/\/www.bbmnoticias.com\/labravaradiofm\/wp-content\/uploads\/sites\/5\/2025\/04\/olinia-carros.jpg","articleSection":["LOCAL"],"inLanguage":"es"},{"@type":"WebPage","@id":"https:\/\/www.bbmnoticias.com\/labravaradiofm\/2025\/04\/12\/olinia-auto-mexicano-de-90000-pesitos-a-partir-de-cuando-podra-comprarse\/","url":"https:\/\/www.bbmnoticias.com\/blog\/2025\/04\/12\/olinia-auto-mexicano-de-90000-pesitos-a-partir-de-cuando-podra-comprarse\/","name":"Olinia, auto mexicano de 90,000 pesitos, \u00bfa partir de cu\u00e1ndo podr\u00e1 comprarse? - LA BRAVA RADIO","isPartOf":{"@id":"https:\/\/www.bbmnoticias.com\/labravaradiofm\/#website"},"primaryImageOfPage":{"@id":"https:\/\/www.bbmnoticias.com\/blog\/2025\/04\/12\/olinia-auto-mexicano-de-90000-pesitos-a-partir-de-cuando-podra-comprarse\/#primaryimage"},"image":{"@id":"https:\/\/www.bbmnoticias.com\/blog\/2025\/04\/12\/olinia-auto-mexicano-de-90000-pesitos-a-partir-de-cuando-podra-comprarse\/#primaryimage"},"thumbnailUrl":"https:\/\/www.bbmnoticias.com\/labravaradiofm\/wp-content\/uploads\/sites\/5\/2025\/04\/olinia-carros.jpg","datePublished":"2025-04-12T15:25:46+00:00","dateModified":"2025-04-12T15:25:54+00:00","author":{"@id":"https:\/\/www.bbmnoticias.com\/labravaradiofm\/#\/schema\/person\/1d485366d29083d2d818c24013f8cbc0"},"breadcrumb":{"@id":"https:\/\/www.bbmnoticias.com\/blog\/2025\/04\/12\/olinia-auto-mexicano-de-90000-pesitos-a-partir-de-cuando-podra-comprarse\/#breadcrumb"},"inLanguage":"es","potentialAction":[{"@type":"ReadAction","target":["https:\/\/www.bbmnoticias.com\/blog\/2025\/04\/12\/olinia-auto-mexicano-de-90000-pesitos-a-partir-de-cuando-podra-comprarse\/"]}]},{"@type":"ImageObject","inLanguage":"es","@id":"https:\/\/www.bbmnoticias.com\/blog\/2025\/04\/12\/olinia-auto-mexicano-de-90000-pesitos-a-partir-de-cuando-podra-comprarse\/#primaryimage","url":"https:\/\/www.bbmnoticias.com\/labravaradiofm\/wp-content\/uploads\/sites\/5\/2025\/04\/olinia-carros.jpg","contentUrl":"https:\/\/www.bbmnoticias.com\/labravaradiofm\/wp-content\/uploads\/sites\/5\/2025\/04\/olinia-carros.jpg","width":848,"height":477},{"@type":"BreadcrumbList","@id":"https:\/\/www.bbmnoticias.com\/blog\/2025\/04\/12\/olinia-auto-mexicano-de-90000-pesitos-a-partir-de-cuando-podra-comprarse\/#breadcrumb","itemListElement":[{"@type":"ListItem","position":1,"name":"Inicio","item":"https:\/\/www.bbmnoticias.com\/labravaradiofm\/"},{"@type":"ListItem","position":2,"name":"Olinia, auto mexicano de 90,000 pesitos, \u00bfa partir de cu\u00e1ndo podr\u00e1 comprarse?"}]},{"@type":"WebSite","@id":"https:\/\/www.bbmnoticias.com\/labravaradiofm\/#website","url":"https:\/\/www.bbmnoticias.com\/labravaradiofm\/","name":"LA BRAVA RADIO","description":"Empresa productora de medios, Radiodifusi\u00f3n, Noticias, tendencias y todo lo que necesitas saber de la pol\u00edtica mexicana e internacional; entretenimiento, espect\u00e1culos, salud y mucho m\u00e1s.","potentialAction":[{"@type":"SearchAction","target":{"@type":"EntryPoint","urlTemplate":"https:\/\/www.bbmnoticias.com\/labravaradiofm\/?s={search_term_string}"},"query-input":{"@type":"PropertyValueSpecification","valueRequired":true,"valueName":"search_term_string"}}],"inLanguage":"es"},{"@type":"Person","@id":"https:\/\/www.bbmnoticias.com\/labravaradiofm\/#\/schema\/person\/1d485366d29083d2d818c24013f8cbc0","name":"El Heraldo","image":{"@type":"ImageObject","inLanguage":"es","@id":"https:\/\/secure.gravatar.com\/avatar\/463017be041288b5a196814ef7242bd62699b857f306e4b5b61b533e8a87f404?s=96&d=mm&r=g","url":"https:\/\/secure.gravatar.com\/avatar\/463017be041288b5a196814ef7242bd62699b857f306e4b5b61b533e8a87f404?s=96&d=mm&r=g","contentUrl":"https:\/\/secure.gravatar.com\/avatar\/463017be041288b5a196814ef7242bd62699b857f306e4b5b61b533e8a87f404?s=96&d=mm&r=g","caption":"El Heraldo"},"url":"https:\/\/www.bbmnoticias.com\/labravaradiofm\/author\/heraldo\/"}]}},"_links":{"self":[{"href":"https:\/\/www.bbmnoticias.com\/labravaradiofm\/wp-json\/wp\/v2\/posts\/58217","targetHints":{"allow":["GET"]}}],"collection":[{"href":"https:\/\/www.bbmnoticias.com\/labravaradiofm\/wp-json\/wp\/v2\/posts"}],"about":[{"href":"https:\/\/www.bbmnoticias.com\/labravaradiofm\/wp-json\/wp\/v2\/types\/post"}],"author":[{"embeddable":true,"href":"https:\/\/www.bbmnoticias.com\/labravaradiofm\/wp-json\/wp\/v2\/users\/15"}],"replies":[{"embeddable":true,"href":"https:\/\/www.bbmnoticias.com\/labravaradiofm\/wp-json\/wp\/v2\/comments?post=58217"}],"version-history":[{"count":0,"href":"https:\/\/www.bbmnoticias.com\/labravaradiofm\/wp-json\/wp\/v2\/posts\/58217\/revisions"}],"wp:featuredmedia":[{"embeddable":true,"href":"https:\/\/www.bbmnoticias.com\/labravaradiofm\/wp-json\/wp\/v2\/media\/58219"}],"wp:attachment":[{"href":"https:\/\/www.bbmnoticias.com\/labravaradiofm\/wp-json\/wp\/v2\/media?parent=58217"}],"wp:term":[{"taxonomy":"category","embeddable":true,"href":"https:\/\/www.bbmnoticias.com\/labravaradiofm\/wp-json\/wp\/v2\/categories?post=58217"},{"taxonomy":"post_tag","embeddable":true,"href":"https:\/\/www.bbmnoticias.com\/labravaradiofm\/wp-json\/wp\/v2\/tags?post=58217"}],"curies":[{"name":"wp","href":"https:\/\/api.w.org\/{rel}","templated":true}]}}