{"id":58211,"date":"2025-04-11T21:33:22","date_gmt":"2025-04-12T03:33:22","guid":{"rendered":"https:\/\/www.bbmnoticias.com\/labravaradiofm\/2025\/04\/11\/reafirma-oaxaca-liderazgo-nacional-en-reinsercion-social-con-justicia-laboral\/"},"modified":"2025-04-11T21:33:26","modified_gmt":"2025-04-12T03:33:26","slug":"reafirma-oaxaca-liderazgo-nacional-en-reinsercion-social-con-justicia-laboral","status":"publish","type":"post","link":"https:\/\/www.bbmnoticias.com\/labravaradiofm\/2025\/04\/11\/reafirma-oaxaca-liderazgo-nacional-en-reinsercion-social-con-justicia-laboral\/","title":{"rendered":"Reafirma Oaxaca liderazgo nacional en reinserci\u00f3n social con justicia laboral"},"content":{"rendered":"<div style=\"margin-top: 0px; margin-bottom: 0px;\" class=\"sharethis-inline-share-buttons\" ><\/div>\n<p>\u2022&nbsp;&nbsp;&nbsp;&nbsp;&nbsp;&nbsp;&nbsp;&nbsp;&nbsp; <em>A trav\u00e9s del CEFLP se impulsa un modelo integral que promueve la capacitaci\u00f3n, el empleo digno, el acceso a servicios de salud y la seguridad social, en beneficio tanto de las personas internas como de sus familias<\/em><\/p>\n\n\n\n<p>Oaxaca de Ju\u00e1rez, Oax.- En un hecho que reafirma el liderazgo de Oaxaca en materia de derechos humanos y laborales, se celebr\u00f3 la Segunda Sesi\u00f3n Ordinaria del Comit\u00e9 Estatal de Fomento Laboral Penitenciario (CEFLP), un organismo pionero en todo el pa\u00eds que impulsa la construcci\u00f3n de un sistema penitenciario m\u00e1s humano, justo y transformador.<\/p>\n\n\n\n<p>En este ejercicio de coordinaci\u00f3n interinstitucional para garantizar los derechos laborales, la capacitaci\u00f3n, la salud y la reinserci\u00f3n social de las Personas Privadas de su Libertad (PPL) en el estado, se anunci\u00f3 la publicaci\u00f3n de los Lineamientos del CEFLP, en el Peri\u00f3dico Oficial del Estado de Oaxaca.<\/p>\n\n\n\n<p>Al encabezar esta reuni\u00f3n, la titular de la Secretar\u00eda del Trabajo en Oaxaca (Setrao) y presidenta del CEFLP, Edith Araceli Santib\u00e1\u00f1ez Boh\u00f3rquez, reafirm\u00f3 el compromiso del Gobernador Salom\u00f3n Jara Cruz y de la Presidenta de la Rep\u00fablica, Claudia Sheinbaum Pardo, con hacerle justicia a las PPL de Oaxaca.<\/p>\n\n\n\n<p>&#8220;En Oaxaca estamos haciendo lo que nunca se hizo, colocar en el centro de las decisiones p\u00fablicas a quienes durante a\u00f1os fueron invisibilizados. Estamos convencidas y convencidos de que la justicia social no puede excluir a nadie&#8221;, expres\u00f3.<\/p>\n\n\n\n<p>El CEFLP impulsa un modelo integral que promueve la capacitaci\u00f3n, el empleo digno, el acceso a servicios de salud y la seguridad social, en beneficio tanto de las personas internas como de sus familias.<\/p>\n\n\n\n<p>En este sentido, Santib\u00e1\u00f1ez Boh\u00f3rquez asever\u00f3 que desde la Primavera Oaxaque\u00f1a, se est\u00e1 sembrando un nuevo modelo de justicia, \u201cuno que no castiga con el olvido, sino que repara con acciones. Porque donde hay respeto, hay esperanza, y donde hay voluntad, hay transformaci\u00f3n\u201d, dijo.<\/p>\n\n\n\n<p>En este marco se cont\u00f3 con la participaci\u00f3n de representantes de instituciones estatales y federales como el Instituto Mexicano del Seguro Social (IMSS), Servicios de Salud de Oaxaca (SSO), Secretar\u00eda de Interculturalidad, Pueblos y Comunidades Ind\u00edgenas y Afromexicanas (SIPCIA), Secretar\u00eda de Gobierno y dem\u00e1s instituciones integrantes del CEFLP.<\/p>\n","protected":false},"excerpt":{"rendered":"<p>\u2022&nbsp;&nbsp;&nbsp;&nbsp;&nbsp;&nbsp;&nbsp;&nbsp;&nbsp; A trav\u00e9s del CEFLP se impulsa un modelo integral que promueve la capacitaci\u00f3n, el empleo digno, el acceso a servicios de salud y la seguridad social, en beneficio tanto de las personas internas como de sus familias Oaxaca de Ju\u00e1rez, Oax.- En un hecho que reafirma el liderazgo de Oaxaca en materia de derechos [&hellip;]<\/p>\n","protected":false},"author":2,"featured_media":58213,"comment_status":"closed","ping_status":"","sticky":false,"template":"","format":"standard","meta":{"footnotes":""},"categories":[2],"tags":[],"class_list":{"0":"post-58211","1":"post","2":"type-post","3":"status-publish","4":"format-standard","5":"has-post-thumbnail","7":"category-oaxaca"},"yoast_head":"<!-- This site is optimized with the Yoast SEO plugin v27.4 - https:\/\/yoast.com\/product\/yoast-seo-wordpress\/ -->\n<title>Reafirma Oaxaca liderazgo nacional en reinserci\u00f3n social con justicia laboral - LA BRAVA RADIO<\/title>\n<meta name=\"robots\" content=\"index, follow, max-snippet:-1, max-image-preview:large, max-video-preview:-1\" \/>\n<link rel=\"canonical\" href=\"https:\/\/www.bbmnoticias.com\/blog\/2025\/04\/11\/reafirma-oaxaca-liderazgo-nacional-en-reinsercion-social-con-justicia-laboral\/\" \/>\n<meta property=\"og:locale\" content=\"es_MX\" \/>\n<meta property=\"og:type\" content=\"article\" \/>\n<meta property=\"og:title\" content=\"Reafirma Oaxaca liderazgo nacional en reinserci\u00f3n social con justicia laboral - LA BRAVA RADIO\" \/>\n<meta property=\"og:description\" content=\"\u2022&nbsp;&nbsp;&nbsp;&nbsp;&nbsp;&nbsp;&nbsp;&nbsp;&nbsp; A trav\u00e9s del CEFLP se impulsa un modelo integral que promueve la capacitaci\u00f3n, el empleo digno, el acceso a servicios de salud y la seguridad social, en beneficio tanto de las personas internas como de sus familias Oaxaca de Ju\u00e1rez, Oax.- En un hecho que reafirma el liderazgo de Oaxaca en materia de derechos [&hellip;]\" \/>\n<meta property=\"og:url\" content=\"https:\/\/www.bbmnoticias.com\/blog\/2025\/04\/11\/reafirma-oaxaca-liderazgo-nacional-en-reinsercion-social-con-justicia-laboral\/\" \/>\n<meta property=\"og:site_name\" content=\"LA BRAVA RADIO\" \/>\n<meta property=\"article:published_time\" content=\"2025-04-12T03:33:22+00:00\" \/>\n<meta property=\"article:modified_time\" content=\"2025-04-12T03:33:26+00:00\" \/>\n<meta property=\"og:image\" content=\"https:\/\/www.bbmnoticias.com\/labravaradiofm\/wp-content\/uploads\/sites\/5\/2025\/04\/thumbnail_Reafirma-Oaxaca-liderazgo-nacional-en-reinsercion-social-con-justicia-laboral-5.jpg\" \/>\n\t<meta property=\"og:image:width\" content=\"900\" \/>\n\t<meta property=\"og:image:height\" content=\"535\" \/>\n\t<meta property=\"og:image:type\" content=\"image\/jpeg\" \/>\n<meta name=\"author\" content=\"Staff\" \/>\n<meta name=\"twitter:card\" content=\"summary_large_image\" \/>\n<meta name=\"twitter:label1\" content=\"Escrito por\" \/>\n\t<meta name=\"twitter:data1\" content=\"Staff\" \/>\n\t<meta name=\"twitter:label2\" content=\"Tiempo de lectura\" \/>\n\t<meta name=\"twitter:data2\" content=\"2 minutos\" \/>\n<script type=\"application\/ld+json\" class=\"yoast-schema-graph\">{\"@context\":\"https:\\\/\\\/schema.org\",\"@graph\":[{\"@type\":\"Article\",\"@id\":\"https:\\\/\\\/www.bbmnoticias.com\\\/blog\\\/2025\\\/04\\\/11\\\/reafirma-oaxaca-liderazgo-nacional-en-reinsercion-social-con-justicia-laboral\\\/#article\",\"isPartOf\":{\"@id\":\"https:\\\/\\\/www.bbmnoticias.com\\\/labravaradiofm\\\/2025\\\/04\\\/11\\\/reafirma-oaxaca-liderazgo-nacional-en-reinsercion-social-con-justicia-laboral\\\/\"},\"author\":{\"name\":\"Staff\",\"@id\":\"https:\\\/\\\/www.bbmnoticias.com\\\/labravaradiofm\\\/#\\\/schema\\\/person\\\/34b139c617a70ea5bef5678bffe4dd7b\"},\"headline\":\"Reafirma Oaxaca liderazgo nacional en reinserci\u00f3n social con justicia laboral\",\"datePublished\":\"2025-04-12T03:33:22+00:00\",\"dateModified\":\"2025-04-12T03:33:26+00:00\",\"mainEntityOfPage\":{\"@id\":\"https:\\\/\\\/www.bbmnoticias.com\\\/labravaradiofm\\\/2025\\\/04\\\/11\\\/reafirma-oaxaca-liderazgo-nacional-en-reinsercion-social-con-justicia-laboral\\\/\"},\"wordCount\":401,\"image\":{\"@id\":\"https:\\\/\\\/www.bbmnoticias.com\\\/blog\\\/2025\\\/04\\\/11\\\/reafirma-oaxaca-liderazgo-nacional-en-reinsercion-social-con-justicia-laboral\\\/#primaryimage\"},\"thumbnailUrl\":\"https:\\\/\\\/www.bbmnoticias.com\\\/labravaradiofm\\\/wp-content\\\/uploads\\\/sites\\\/5\\\/2025\\\/04\\\/thumbnail_Reafirma-Oaxaca-liderazgo-nacional-en-reinsercion-social-con-justicia-laboral-5.jpg\",\"articleSection\":[\"LOCAL\"],\"inLanguage\":\"es\"},{\"@type\":\"WebPage\",\"@id\":\"https:\\\/\\\/www.bbmnoticias.com\\\/labravaradiofm\\\/2025\\\/04\\\/11\\\/reafirma-oaxaca-liderazgo-nacional-en-reinsercion-social-con-justicia-laboral\\\/\",\"url\":\"https:\\\/\\\/www.bbmnoticias.com\\\/blog\\\/2025\\\/04\\\/11\\\/reafirma-oaxaca-liderazgo-nacional-en-reinsercion-social-con-justicia-laboral\\\/\",\"name\":\"Reafirma Oaxaca liderazgo nacional en reinserci\u00f3n social con justicia laboral - LA BRAVA RADIO\",\"isPartOf\":{\"@id\":\"https:\\\/\\\/www.bbmnoticias.com\\\/labravaradiofm\\\/#website\"},\"primaryImageOfPage\":{\"@id\":\"https:\\\/\\\/www.bbmnoticias.com\\\/blog\\\/2025\\\/04\\\/11\\\/reafirma-oaxaca-liderazgo-nacional-en-reinsercion-social-con-justicia-laboral\\\/#primaryimage\"},\"image\":{\"@id\":\"https:\\\/\\\/www.bbmnoticias.com\\\/blog\\\/2025\\\/04\\\/11\\\/reafirma-oaxaca-liderazgo-nacional-en-reinsercion-social-con-justicia-laboral\\\/#primaryimage\"},\"thumbnailUrl\":\"https:\\\/\\\/www.bbmnoticias.com\\\/labravaradiofm\\\/wp-content\\\/uploads\\\/sites\\\/5\\\/2025\\\/04\\\/thumbnail_Reafirma-Oaxaca-liderazgo-nacional-en-reinsercion-social-con-justicia-laboral-5.jpg\",\"datePublished\":\"2025-04-12T03:33:22+00:00\",\"dateModified\":\"2025-04-12T03:33:26+00:00\",\"author\":{\"@id\":\"https:\\\/\\\/www.bbmnoticias.com\\\/labravaradiofm\\\/#\\\/schema\\\/person\\\/34b139c617a70ea5bef5678bffe4dd7b\"},\"breadcrumb\":{\"@id\":\"https:\\\/\\\/www.bbmnoticias.com\\\/blog\\\/2025\\\/04\\\/11\\\/reafirma-oaxaca-liderazgo-nacional-en-reinsercion-social-con-justicia-laboral\\\/#breadcrumb\"},\"inLanguage\":\"es\",\"potentialAction\":[{\"@type\":\"ReadAction\",\"target\":[\"https:\\\/\\\/www.bbmnoticias.com\\\/blog\\\/2025\\\/04\\\/11\\\/reafirma-oaxaca-liderazgo-nacional-en-reinsercion-social-con-justicia-laboral\\\/\"]}]},{\"@type\":\"ImageObject\",\"inLanguage\":\"es\",\"@id\":\"https:\\\/\\\/www.bbmnoticias.com\\\/blog\\\/2025\\\/04\\\/11\\\/reafirma-oaxaca-liderazgo-nacional-en-reinsercion-social-con-justicia-laboral\\\/#primaryimage\",\"url\":\"https:\\\/\\\/www.bbmnoticias.com\\\/labravaradiofm\\\/wp-content\\\/uploads\\\/sites\\\/5\\\/2025\\\/04\\\/thumbnail_Reafirma-Oaxaca-liderazgo-nacional-en-reinsercion-social-con-justicia-laboral-5.jpg\",\"contentUrl\":\"https:\\\/\\\/www.bbmnoticias.com\\\/labravaradiofm\\\/wp-content\\\/uploads\\\/sites\\\/5\\\/2025\\\/04\\\/thumbnail_Reafirma-Oaxaca-liderazgo-nacional-en-reinsercion-social-con-justicia-laboral-5.jpg\",\"width\":900,\"height\":535},{\"@type\":\"BreadcrumbList\",\"@id\":\"https:\\\/\\\/www.bbmnoticias.com\\\/blog\\\/2025\\\/04\\\/11\\\/reafirma-oaxaca-liderazgo-nacional-en-reinsercion-social-con-justicia-laboral\\\/#breadcrumb\",\"itemListElement\":[{\"@type\":\"ListItem\",\"position\":1,\"name\":\"Inicio\",\"item\":\"https:\\\/\\\/www.bbmnoticias.com\\\/labravaradiofm\\\/\"},{\"@type\":\"ListItem\",\"position\":2,\"name\":\"Reafirma Oaxaca liderazgo nacional en reinserci\u00f3n social con justicia laboral\"}]},{\"@type\":\"WebSite\",\"@id\":\"https:\\\/\\\/www.bbmnoticias.com\\\/labravaradiofm\\\/#website\",\"url\":\"https:\\\/\\\/www.bbmnoticias.com\\\/labravaradiofm\\\/\",\"name\":\"LA BRAVA RADIO\",\"description\":\"Empresa productora de medios, Radiodifusi\u00f3n, Noticias, tendencias y todo lo que necesitas saber de la pol\u00edtica mexicana e internacional; entretenimiento, espect\u00e1culos, salud y mucho m\u00e1s.\",\"potentialAction\":[{\"@type\":\"SearchAction\",\"target\":{\"@type\":\"EntryPoint\",\"urlTemplate\":\"https:\\\/\\\/www.bbmnoticias.com\\\/labravaradiofm\\\/?s={search_term_string}\"},\"query-input\":{\"@type\":\"PropertyValueSpecification\",\"valueRequired\":true,\"valueName\":\"search_term_string\"}}],\"inLanguage\":\"es\"},{\"@type\":\"Person\",\"@id\":\"https:\\\/\\\/www.bbmnoticias.com\\\/labravaradiofm\\\/#\\\/schema\\\/person\\\/34b139c617a70ea5bef5678bffe4dd7b\",\"name\":\"Staff\",\"image\":{\"@type\":\"ImageObject\",\"inLanguage\":\"es\",\"@id\":\"https:\\\/\\\/secure.gravatar.com\\\/avatar\\\/fdd21ad66fd8b98c407f9dee5b5e588cfe7f0d8579ec20fa6527cd59bab7f0f0?s=96&d=mm&r=g\",\"url\":\"https:\\\/\\\/secure.gravatar.com\\\/avatar\\\/fdd21ad66fd8b98c407f9dee5b5e588cfe7f0d8579ec20fa6527cd59bab7f0f0?s=96&d=mm&r=g\",\"contentUrl\":\"https:\\\/\\\/secure.gravatar.com\\\/avatar\\\/fdd21ad66fd8b98c407f9dee5b5e588cfe7f0d8579ec20fa6527cd59bab7f0f0?s=96&d=mm&r=g\",\"caption\":\"Staff\"},\"url\":\"https:\\\/\\\/www.bbmnoticias.com\\\/labravaradiofm\\\/author\\\/redaccion\\\/\"}]}<\/script>\n<!-- \/ Yoast SEO plugin. -->","yoast_head_json":{"title":"Reafirma Oaxaca liderazgo nacional en reinserci\u00f3n social con justicia laboral - LA BRAVA RADIO","robots":{"index":"index","follow":"follow","max-snippet":"max-snippet:-1","max-image-preview":"max-image-preview:large","max-video-preview":"max-video-preview:-1"},"canonical":"https:\/\/www.bbmnoticias.com\/blog\/2025\/04\/11\/reafirma-oaxaca-liderazgo-nacional-en-reinsercion-social-con-justicia-laboral\/","og_locale":"es_MX","og_type":"article","og_title":"Reafirma Oaxaca liderazgo nacional en reinserci\u00f3n social con justicia laboral - LA BRAVA RADIO","og_description":"\u2022&nbsp;&nbsp;&nbsp;&nbsp;&nbsp;&nbsp;&nbsp;&nbsp;&nbsp; A trav\u00e9s del CEFLP se impulsa un modelo integral que promueve la capacitaci\u00f3n, el empleo digno, el acceso a servicios de salud y la seguridad social, en beneficio tanto de las personas internas como de sus familias Oaxaca de Ju\u00e1rez, Oax.- En un hecho que reafirma el liderazgo de Oaxaca en materia de derechos [&hellip;]","og_url":"https:\/\/www.bbmnoticias.com\/blog\/2025\/04\/11\/reafirma-oaxaca-liderazgo-nacional-en-reinsercion-social-con-justicia-laboral\/","og_site_name":"LA BRAVA RADIO","article_published_time":"2025-04-12T03:33:22+00:00","article_modified_time":"2025-04-12T03:33:26+00:00","og_image":[{"width":900,"height":535,"url":"https:\/\/www.bbmnoticias.com\/labravaradiofm\/wp-content\/uploads\/sites\/5\/2025\/04\/thumbnail_Reafirma-Oaxaca-liderazgo-nacional-en-reinsercion-social-con-justicia-laboral-5.jpg","type":"image\/jpeg"}],"author":"Staff","twitter_card":"summary_large_image","twitter_misc":{"Escrito por":"Staff","Tiempo de lectura":"2 minutos"},"schema":{"@context":"https:\/\/schema.org","@graph":[{"@type":"Article","@id":"https:\/\/www.bbmnoticias.com\/blog\/2025\/04\/11\/reafirma-oaxaca-liderazgo-nacional-en-reinsercion-social-con-justicia-laboral\/#article","isPartOf":{"@id":"https:\/\/www.bbmnoticias.com\/labravaradiofm\/2025\/04\/11\/reafirma-oaxaca-liderazgo-nacional-en-reinsercion-social-con-justicia-laboral\/"},"author":{"name":"Staff","@id":"https:\/\/www.bbmnoticias.com\/labravaradiofm\/#\/schema\/person\/34b139c617a70ea5bef5678bffe4dd7b"},"headline":"Reafirma Oaxaca liderazgo nacional en reinserci\u00f3n social con justicia laboral","datePublished":"2025-04-12T03:33:22+00:00","dateModified":"2025-04-12T03:33:26+00:00","mainEntityOfPage":{"@id":"https:\/\/www.bbmnoticias.com\/labravaradiofm\/2025\/04\/11\/reafirma-oaxaca-liderazgo-nacional-en-reinsercion-social-con-justicia-laboral\/"},"wordCount":401,"image":{"@id":"https:\/\/www.bbmnoticias.com\/blog\/2025\/04\/11\/reafirma-oaxaca-liderazgo-nacional-en-reinsercion-social-con-justicia-laboral\/#primaryimage"},"thumbnailUrl":"https:\/\/www.bbmnoticias.com\/labravaradiofm\/wp-content\/uploads\/sites\/5\/2025\/04\/thumbnail_Reafirma-Oaxaca-liderazgo-nacional-en-reinsercion-social-con-justicia-laboral-5.jpg","articleSection":["LOCAL"],"inLanguage":"es"},{"@type":"WebPage","@id":"https:\/\/www.bbmnoticias.com\/labravaradiofm\/2025\/04\/11\/reafirma-oaxaca-liderazgo-nacional-en-reinsercion-social-con-justicia-laboral\/","url":"https:\/\/www.bbmnoticias.com\/blog\/2025\/04\/11\/reafirma-oaxaca-liderazgo-nacional-en-reinsercion-social-con-justicia-laboral\/","name":"Reafirma Oaxaca liderazgo nacional en reinserci\u00f3n social con justicia laboral - LA BRAVA RADIO","isPartOf":{"@id":"https:\/\/www.bbmnoticias.com\/labravaradiofm\/#website"},"primaryImageOfPage":{"@id":"https:\/\/www.bbmnoticias.com\/blog\/2025\/04\/11\/reafirma-oaxaca-liderazgo-nacional-en-reinsercion-social-con-justicia-laboral\/#primaryimage"},"image":{"@id":"https:\/\/www.bbmnoticias.com\/blog\/2025\/04\/11\/reafirma-oaxaca-liderazgo-nacional-en-reinsercion-social-con-justicia-laboral\/#primaryimage"},"thumbnailUrl":"https:\/\/www.bbmnoticias.com\/labravaradiofm\/wp-content\/uploads\/sites\/5\/2025\/04\/thumbnail_Reafirma-Oaxaca-liderazgo-nacional-en-reinsercion-social-con-justicia-laboral-5.jpg","datePublished":"2025-04-12T03:33:22+00:00","dateModified":"2025-04-12T03:33:26+00:00","author":{"@id":"https:\/\/www.bbmnoticias.com\/labravaradiofm\/#\/schema\/person\/34b139c617a70ea5bef5678bffe4dd7b"},"breadcrumb":{"@id":"https:\/\/www.bbmnoticias.com\/blog\/2025\/04\/11\/reafirma-oaxaca-liderazgo-nacional-en-reinsercion-social-con-justicia-laboral\/#breadcrumb"},"inLanguage":"es","potentialAction":[{"@type":"ReadAction","target":["https:\/\/www.bbmnoticias.com\/blog\/2025\/04\/11\/reafirma-oaxaca-liderazgo-nacional-en-reinsercion-social-con-justicia-laboral\/"]}]},{"@type":"ImageObject","inLanguage":"es","@id":"https:\/\/www.bbmnoticias.com\/blog\/2025\/04\/11\/reafirma-oaxaca-liderazgo-nacional-en-reinsercion-social-con-justicia-laboral\/#primaryimage","url":"https:\/\/www.bbmnoticias.com\/labravaradiofm\/wp-content\/uploads\/sites\/5\/2025\/04\/thumbnail_Reafirma-Oaxaca-liderazgo-nacional-en-reinsercion-social-con-justicia-laboral-5.jpg","contentUrl":"https:\/\/www.bbmnoticias.com\/labravaradiofm\/wp-content\/uploads\/sites\/5\/2025\/04\/thumbnail_Reafirma-Oaxaca-liderazgo-nacional-en-reinsercion-social-con-justicia-laboral-5.jpg","width":900,"height":535},{"@type":"BreadcrumbList","@id":"https:\/\/www.bbmnoticias.com\/blog\/2025\/04\/11\/reafirma-oaxaca-liderazgo-nacional-en-reinsercion-social-con-justicia-laboral\/#breadcrumb","itemListElement":[{"@type":"ListItem","position":1,"name":"Inicio","item":"https:\/\/www.bbmnoticias.com\/labravaradiofm\/"},{"@type":"ListItem","position":2,"name":"Reafirma Oaxaca liderazgo nacional en reinserci\u00f3n social con justicia laboral"}]},{"@type":"WebSite","@id":"https:\/\/www.bbmnoticias.com\/labravaradiofm\/#website","url":"https:\/\/www.bbmnoticias.com\/labravaradiofm\/","name":"LA BRAVA RADIO","description":"Empresa productora de medios, Radiodifusi\u00f3n, Noticias, tendencias y todo lo que necesitas saber de la pol\u00edtica mexicana e internacional; entretenimiento, espect\u00e1culos, salud y mucho m\u00e1s.","potentialAction":[{"@type":"SearchAction","target":{"@type":"EntryPoint","urlTemplate":"https:\/\/www.bbmnoticias.com\/labravaradiofm\/?s={search_term_string}"},"query-input":{"@type":"PropertyValueSpecification","valueRequired":true,"valueName":"search_term_string"}}],"inLanguage":"es"},{"@type":"Person","@id":"https:\/\/www.bbmnoticias.com\/labravaradiofm\/#\/schema\/person\/34b139c617a70ea5bef5678bffe4dd7b","name":"Staff","image":{"@type":"ImageObject","inLanguage":"es","@id":"https:\/\/secure.gravatar.com\/avatar\/fdd21ad66fd8b98c407f9dee5b5e588cfe7f0d8579ec20fa6527cd59bab7f0f0?s=96&d=mm&r=g","url":"https:\/\/secure.gravatar.com\/avatar\/fdd21ad66fd8b98c407f9dee5b5e588cfe7f0d8579ec20fa6527cd59bab7f0f0?s=96&d=mm&r=g","contentUrl":"https:\/\/secure.gravatar.com\/avatar\/fdd21ad66fd8b98c407f9dee5b5e588cfe7f0d8579ec20fa6527cd59bab7f0f0?s=96&d=mm&r=g","caption":"Staff"},"url":"https:\/\/www.bbmnoticias.com\/labravaradiofm\/author\/redaccion\/"}]}},"_links":{"self":[{"href":"https:\/\/www.bbmnoticias.com\/labravaradiofm\/wp-json\/wp\/v2\/posts\/58211","targetHints":{"allow":["GET"]}}],"collection":[{"href":"https:\/\/www.bbmnoticias.com\/labravaradiofm\/wp-json\/wp\/v2\/posts"}],"about":[{"href":"https:\/\/www.bbmnoticias.com\/labravaradiofm\/wp-json\/wp\/v2\/types\/post"}],"author":[{"embeddable":true,"href":"https:\/\/www.bbmnoticias.com\/labravaradiofm\/wp-json\/wp\/v2\/users\/2"}],"replies":[{"embeddable":true,"href":"https:\/\/www.bbmnoticias.com\/labravaradiofm\/wp-json\/wp\/v2\/comments?post=58211"}],"version-history":[{"count":0,"href":"https:\/\/www.bbmnoticias.com\/labravaradiofm\/wp-json\/wp\/v2\/posts\/58211\/revisions"}],"wp:featuredmedia":[{"embeddable":true,"href":"https:\/\/www.bbmnoticias.com\/labravaradiofm\/wp-json\/wp\/v2\/media\/58213"}],"wp:attachment":[{"href":"https:\/\/www.bbmnoticias.com\/labravaradiofm\/wp-json\/wp\/v2\/media?parent=58211"}],"wp:term":[{"taxonomy":"category","embeddable":true,"href":"https:\/\/www.bbmnoticias.com\/labravaradiofm\/wp-json\/wp\/v2\/categories?post=58211"},{"taxonomy":"post_tag","embeddable":true,"href":"https:\/\/www.bbmnoticias.com\/labravaradiofm\/wp-json\/wp\/v2\/tags?post=58211"}],"curies":[{"name":"wp","href":"https:\/\/api.w.org\/{rel}","templated":true}]}}