{"id":58190,"date":"2025-04-11T19:39:34","date_gmt":"2025-04-12T01:39:34","guid":{"rendered":"https:\/\/www.bbmnoticias.com\/labravaradiofm\/2025\/04\/11\/entrega-sso-ambulancia-equipada-a-ejutla-de-crespo\/"},"modified":"2025-04-11T19:39:39","modified_gmt":"2025-04-12T01:39:39","slug":"entrega-sso-ambulancia-equipada-a-ejutla-de-crespo","status":"publish","type":"post","link":"https:\/\/www.bbmnoticias.com\/labravaradiofm\/2025\/04\/11\/entrega-sso-ambulancia-equipada-a-ejutla-de-crespo\/","title":{"rendered":"Entrega SSO ambulancia equipada a Ejutla de Crespo"},"content":{"rendered":"<div style=\"margin-top: 0px; margin-bottom: 0px;\" class=\"sharethis-inline-share-buttons\" ><\/div>\n<p>\u00b7&nbsp;&nbsp;&nbsp;&nbsp;&nbsp;&nbsp;&nbsp;&nbsp; <em>El veh\u00edculo de \u00faltima generaci\u00f3n, no solo simboliza vida y esperanza, sino que adem\u00e1s permite que pacientes sean referidos de manera segura y eficiente a la red m\u00e9dica<\/em><\/p>\n\n\n\n<p><strong>Heroica Ciudad de Ejutla de Crespo, Oax.- <\/strong>En una acci\u00f3n destinada a fortalecer la infraestructura de salud y reducir los tiempos de traslado en situaciones de emergencia, el secretario de Salud de Oaxaca (SSO), Efr\u00e9n Emmanuel Jarqu\u00edn Gonz\u00e1lez realiz\u00f3 la entrega de una ambulancia de \u00faltima generaci\u00f3n en favor de los 25 mil habitantes de este municipio de Valles Centrales.<\/p>\n\n\n\n<p>La nueva unidad, resultado del compromiso permanente del Gobierno de Oaxaca, representa un avance significativo en la optimizaci\u00f3n de la atenci\u00f3n m\u00e9dica prehospitalaria.<\/p>\n\n\n\n<p>Durante el acto, el titular de SSO enfatiz\u00f3 que el veh\u00edculo equipado no solo simboliza vida y esperanza, sino que adem\u00e1s permite que pacientes sean referidos de manera segura y eficiente a la red m\u00e9dica, garantizando as\u00ed la atenci\u00f3n oportuna en casos de emergencia.<\/p>\n\n\n\n<p>\u201cLa instrucci\u00f3n del Gobernador Salom\u00f3n Jara Cruz es clara: renovar el parque vehicular de ambulancias en las seis Jurisdicciones Sanitarias, lo que constituye un paso crucial para mejorar la calidad de los servicios de salud en el estado\u201d, dijo.<\/p>\n\n\n\n<p>En tanto, el presidente municipal de Ejutla de Crespo, Carlos Armando D\u00edaz Jim\u00e9nez manifest\u00f3 su agradecimiento por el apoyo decisivo brindado por SSO y la r\u00e1pida intervenci\u00f3n de la administraci\u00f3n estatal, en respuesta a la necesaria solicitud de esta comunidad. &nbsp;<\/p>\n\n\n\n<p>Expres\u00f3 que esta entrega es de gran ayuda, especialmente ante la inminente temporada vacacional, periodo en el que se registra un incremento anual en accidentes.<\/p>\n\n\n\n<p>Con estas acciones, el Gobierno de la Primavera Oaxaque\u00f1a reafirma su compromiso inquebrantable con la salud y el bienestar de la ciudadan\u00eda, consolidando un sistema de atenci\u00f3n de emergencias que prioriza la vida y la seguridad de las y los oaxaque\u00f1os.<\/p>\n","protected":false},"excerpt":{"rendered":"<p>\u00b7&nbsp;&nbsp;&nbsp;&nbsp;&nbsp;&nbsp;&nbsp;&nbsp; El veh\u00edculo de \u00faltima generaci\u00f3n, no solo simboliza vida y esperanza, sino que adem\u00e1s permite que pacientes sean referidos de manera segura y eficiente a la red m\u00e9dica Heroica Ciudad de Ejutla de Crespo, Oax.- En una acci\u00f3n destinada a fortalecer la infraestructura de salud y reducir los tiempos de traslado en situaciones de [&hellip;]<\/p>\n","protected":false},"author":2,"featured_media":58192,"comment_status":"closed","ping_status":"","sticky":false,"template":"","format":"standard","meta":{"footnotes":""},"categories":[2],"tags":[],"class_list":{"0":"post-58190","1":"post","2":"type-post","3":"status-publish","4":"format-standard","5":"has-post-thumbnail","7":"category-oaxaca"},"yoast_head":"<!-- This site is optimized with the Yoast SEO plugin v27.4 - https:\/\/yoast.com\/product\/yoast-seo-wordpress\/ -->\n<title>Entrega SSO ambulancia equipada a Ejutla de Crespo - LA BRAVA RADIO<\/title>\n<meta name=\"robots\" content=\"index, follow, max-snippet:-1, max-image-preview:large, max-video-preview:-1\" \/>\n<link rel=\"canonical\" href=\"https:\/\/www.bbmnoticias.com\/blog\/2025\/04\/11\/entrega-sso-ambulancia-equipada-a-ejutla-de-crespo\/\" \/>\n<meta property=\"og:locale\" content=\"es_MX\" \/>\n<meta property=\"og:type\" content=\"article\" \/>\n<meta property=\"og:title\" content=\"Entrega SSO ambulancia equipada a Ejutla de Crespo - LA BRAVA RADIO\" \/>\n<meta property=\"og:description\" content=\"\u00b7&nbsp;&nbsp;&nbsp;&nbsp;&nbsp;&nbsp;&nbsp;&nbsp; El veh\u00edculo de \u00faltima generaci\u00f3n, no solo simboliza vida y esperanza, sino que adem\u00e1s permite que pacientes sean referidos de manera segura y eficiente a la red m\u00e9dica Heroica Ciudad de Ejutla de Crespo, Oax.- En una acci\u00f3n destinada a fortalecer la infraestructura de salud y reducir los tiempos de traslado en situaciones de [&hellip;]\" \/>\n<meta property=\"og:url\" content=\"https:\/\/www.bbmnoticias.com\/blog\/2025\/04\/11\/entrega-sso-ambulancia-equipada-a-ejutla-de-crespo\/\" \/>\n<meta property=\"og:site_name\" content=\"LA BRAVA RADIO\" \/>\n<meta property=\"article:published_time\" content=\"2025-04-12T01:39:34+00:00\" \/>\n<meta property=\"article:modified_time\" content=\"2025-04-12T01:39:39+00:00\" \/>\n<meta property=\"og:image\" content=\"https:\/\/www.bbmnoticias.com\/labravaradiofm\/wp-content\/uploads\/sites\/5\/2025\/04\/Entrega-SSO-ambulancia-equipada-a-Ejutla-de-Crespo-3.jpeg\" \/>\n\t<meta property=\"og:image:width\" content=\"1280\" \/>\n\t<meta property=\"og:image:height\" content=\"720\" \/>\n\t<meta property=\"og:image:type\" content=\"image\/jpeg\" \/>\n<meta name=\"author\" content=\"Staff\" \/>\n<meta name=\"twitter:card\" content=\"summary_large_image\" \/>\n<meta name=\"twitter:label1\" content=\"Escrito por\" \/>\n\t<meta name=\"twitter:data1\" content=\"Staff\" \/>\n\t<meta name=\"twitter:label2\" content=\"Tiempo de lectura\" \/>\n\t<meta name=\"twitter:data2\" content=\"2 minutos\" \/>\n<script type=\"application\/ld+json\" class=\"yoast-schema-graph\">{\"@context\":\"https:\\\/\\\/schema.org\",\"@graph\":[{\"@type\":\"Article\",\"@id\":\"https:\\\/\\\/www.bbmnoticias.com\\\/blog\\\/2025\\\/04\\\/11\\\/entrega-sso-ambulancia-equipada-a-ejutla-de-crespo\\\/#article\",\"isPartOf\":{\"@id\":\"https:\\\/\\\/www.bbmnoticias.com\\\/labravaradiofm\\\/2025\\\/04\\\/11\\\/entrega-sso-ambulancia-equipada-a-ejutla-de-crespo\\\/\"},\"author\":{\"name\":\"Staff\",\"@id\":\"https:\\\/\\\/www.bbmnoticias.com\\\/labravaradiofm\\\/#\\\/schema\\\/person\\\/34b139c617a70ea5bef5678bffe4dd7b\"},\"headline\":\"Entrega SSO ambulancia equipada a Ejutla de Crespo\",\"datePublished\":\"2025-04-12T01:39:34+00:00\",\"dateModified\":\"2025-04-12T01:39:39+00:00\",\"mainEntityOfPage\":{\"@id\":\"https:\\\/\\\/www.bbmnoticias.com\\\/labravaradiofm\\\/2025\\\/04\\\/11\\\/entrega-sso-ambulancia-equipada-a-ejutla-de-crespo\\\/\"},\"wordCount\":344,\"image\":{\"@id\":\"https:\\\/\\\/www.bbmnoticias.com\\\/blog\\\/2025\\\/04\\\/11\\\/entrega-sso-ambulancia-equipada-a-ejutla-de-crespo\\\/#primaryimage\"},\"thumbnailUrl\":\"https:\\\/\\\/www.bbmnoticias.com\\\/labravaradiofm\\\/wp-content\\\/uploads\\\/sites\\\/5\\\/2025\\\/04\\\/Entrega-SSO-ambulancia-equipada-a-Ejutla-de-Crespo-3.jpeg\",\"articleSection\":[\"LOCAL\"],\"inLanguage\":\"es\"},{\"@type\":\"WebPage\",\"@id\":\"https:\\\/\\\/www.bbmnoticias.com\\\/labravaradiofm\\\/2025\\\/04\\\/11\\\/entrega-sso-ambulancia-equipada-a-ejutla-de-crespo\\\/\",\"url\":\"https:\\\/\\\/www.bbmnoticias.com\\\/blog\\\/2025\\\/04\\\/11\\\/entrega-sso-ambulancia-equipada-a-ejutla-de-crespo\\\/\",\"name\":\"Entrega SSO ambulancia equipada a Ejutla de Crespo - LA BRAVA RADIO\",\"isPartOf\":{\"@id\":\"https:\\\/\\\/www.bbmnoticias.com\\\/labravaradiofm\\\/#website\"},\"primaryImageOfPage\":{\"@id\":\"https:\\\/\\\/www.bbmnoticias.com\\\/blog\\\/2025\\\/04\\\/11\\\/entrega-sso-ambulancia-equipada-a-ejutla-de-crespo\\\/#primaryimage\"},\"image\":{\"@id\":\"https:\\\/\\\/www.bbmnoticias.com\\\/blog\\\/2025\\\/04\\\/11\\\/entrega-sso-ambulancia-equipada-a-ejutla-de-crespo\\\/#primaryimage\"},\"thumbnailUrl\":\"https:\\\/\\\/www.bbmnoticias.com\\\/labravaradiofm\\\/wp-content\\\/uploads\\\/sites\\\/5\\\/2025\\\/04\\\/Entrega-SSO-ambulancia-equipada-a-Ejutla-de-Crespo-3.jpeg\",\"datePublished\":\"2025-04-12T01:39:34+00:00\",\"dateModified\":\"2025-04-12T01:39:39+00:00\",\"author\":{\"@id\":\"https:\\\/\\\/www.bbmnoticias.com\\\/labravaradiofm\\\/#\\\/schema\\\/person\\\/34b139c617a70ea5bef5678bffe4dd7b\"},\"breadcrumb\":{\"@id\":\"https:\\\/\\\/www.bbmnoticias.com\\\/blog\\\/2025\\\/04\\\/11\\\/entrega-sso-ambulancia-equipada-a-ejutla-de-crespo\\\/#breadcrumb\"},\"inLanguage\":\"es\",\"potentialAction\":[{\"@type\":\"ReadAction\",\"target\":[\"https:\\\/\\\/www.bbmnoticias.com\\\/blog\\\/2025\\\/04\\\/11\\\/entrega-sso-ambulancia-equipada-a-ejutla-de-crespo\\\/\"]}]},{\"@type\":\"ImageObject\",\"inLanguage\":\"es\",\"@id\":\"https:\\\/\\\/www.bbmnoticias.com\\\/blog\\\/2025\\\/04\\\/11\\\/entrega-sso-ambulancia-equipada-a-ejutla-de-crespo\\\/#primaryimage\",\"url\":\"https:\\\/\\\/www.bbmnoticias.com\\\/labravaradiofm\\\/wp-content\\\/uploads\\\/sites\\\/5\\\/2025\\\/04\\\/Entrega-SSO-ambulancia-equipada-a-Ejutla-de-Crespo-3.jpeg\",\"contentUrl\":\"https:\\\/\\\/www.bbmnoticias.com\\\/labravaradiofm\\\/wp-content\\\/uploads\\\/sites\\\/5\\\/2025\\\/04\\\/Entrega-SSO-ambulancia-equipada-a-Ejutla-de-Crespo-3.jpeg\",\"width\":1280,\"height\":720},{\"@type\":\"BreadcrumbList\",\"@id\":\"https:\\\/\\\/www.bbmnoticias.com\\\/blog\\\/2025\\\/04\\\/11\\\/entrega-sso-ambulancia-equipada-a-ejutla-de-crespo\\\/#breadcrumb\",\"itemListElement\":[{\"@type\":\"ListItem\",\"position\":1,\"name\":\"Inicio\",\"item\":\"https:\\\/\\\/www.bbmnoticias.com\\\/labravaradiofm\\\/\"},{\"@type\":\"ListItem\",\"position\":2,\"name\":\"Entrega SSO ambulancia equipada a Ejutla de Crespo\"}]},{\"@type\":\"WebSite\",\"@id\":\"https:\\\/\\\/www.bbmnoticias.com\\\/labravaradiofm\\\/#website\",\"url\":\"https:\\\/\\\/www.bbmnoticias.com\\\/labravaradiofm\\\/\",\"name\":\"LA BRAVA RADIO\",\"description\":\"Empresa productora de medios, Radiodifusi\u00f3n, Noticias, tendencias y todo lo que necesitas saber de la pol\u00edtica mexicana e internacional; entretenimiento, espect\u00e1culos, salud y mucho m\u00e1s.\",\"potentialAction\":[{\"@type\":\"SearchAction\",\"target\":{\"@type\":\"EntryPoint\",\"urlTemplate\":\"https:\\\/\\\/www.bbmnoticias.com\\\/labravaradiofm\\\/?s={search_term_string}\"},\"query-input\":{\"@type\":\"PropertyValueSpecification\",\"valueRequired\":true,\"valueName\":\"search_term_string\"}}],\"inLanguage\":\"es\"},{\"@type\":\"Person\",\"@id\":\"https:\\\/\\\/www.bbmnoticias.com\\\/labravaradiofm\\\/#\\\/schema\\\/person\\\/34b139c617a70ea5bef5678bffe4dd7b\",\"name\":\"Staff\",\"image\":{\"@type\":\"ImageObject\",\"inLanguage\":\"es\",\"@id\":\"https:\\\/\\\/secure.gravatar.com\\\/avatar\\\/fdd21ad66fd8b98c407f9dee5b5e588cfe7f0d8579ec20fa6527cd59bab7f0f0?s=96&d=mm&r=g\",\"url\":\"https:\\\/\\\/secure.gravatar.com\\\/avatar\\\/fdd21ad66fd8b98c407f9dee5b5e588cfe7f0d8579ec20fa6527cd59bab7f0f0?s=96&d=mm&r=g\",\"contentUrl\":\"https:\\\/\\\/secure.gravatar.com\\\/avatar\\\/fdd21ad66fd8b98c407f9dee5b5e588cfe7f0d8579ec20fa6527cd59bab7f0f0?s=96&d=mm&r=g\",\"caption\":\"Staff\"},\"url\":\"https:\\\/\\\/www.bbmnoticias.com\\\/labravaradiofm\\\/author\\\/redaccion\\\/\"}]}<\/script>\n<!-- \/ Yoast SEO plugin. -->","yoast_head_json":{"title":"Entrega SSO ambulancia equipada a Ejutla de Crespo - LA BRAVA RADIO","robots":{"index":"index","follow":"follow","max-snippet":"max-snippet:-1","max-image-preview":"max-image-preview:large","max-video-preview":"max-video-preview:-1"},"canonical":"https:\/\/www.bbmnoticias.com\/blog\/2025\/04\/11\/entrega-sso-ambulancia-equipada-a-ejutla-de-crespo\/","og_locale":"es_MX","og_type":"article","og_title":"Entrega SSO ambulancia equipada a Ejutla de Crespo - LA BRAVA RADIO","og_description":"\u00b7&nbsp;&nbsp;&nbsp;&nbsp;&nbsp;&nbsp;&nbsp;&nbsp; El veh\u00edculo de \u00faltima generaci\u00f3n, no solo simboliza vida y esperanza, sino que adem\u00e1s permite que pacientes sean referidos de manera segura y eficiente a la red m\u00e9dica Heroica Ciudad de Ejutla de Crespo, Oax.- En una acci\u00f3n destinada a fortalecer la infraestructura de salud y reducir los tiempos de traslado en situaciones de [&hellip;]","og_url":"https:\/\/www.bbmnoticias.com\/blog\/2025\/04\/11\/entrega-sso-ambulancia-equipada-a-ejutla-de-crespo\/","og_site_name":"LA BRAVA RADIO","article_published_time":"2025-04-12T01:39:34+00:00","article_modified_time":"2025-04-12T01:39:39+00:00","og_image":[{"width":1280,"height":720,"url":"https:\/\/www.bbmnoticias.com\/labravaradiofm\/wp-content\/uploads\/sites\/5\/2025\/04\/Entrega-SSO-ambulancia-equipada-a-Ejutla-de-Crespo-3.jpeg","type":"image\/jpeg"}],"author":"Staff","twitter_card":"summary_large_image","twitter_misc":{"Escrito por":"Staff","Tiempo de lectura":"2 minutos"},"schema":{"@context":"https:\/\/schema.org","@graph":[{"@type":"Article","@id":"https:\/\/www.bbmnoticias.com\/blog\/2025\/04\/11\/entrega-sso-ambulancia-equipada-a-ejutla-de-crespo\/#article","isPartOf":{"@id":"https:\/\/www.bbmnoticias.com\/labravaradiofm\/2025\/04\/11\/entrega-sso-ambulancia-equipada-a-ejutla-de-crespo\/"},"author":{"name":"Staff","@id":"https:\/\/www.bbmnoticias.com\/labravaradiofm\/#\/schema\/person\/34b139c617a70ea5bef5678bffe4dd7b"},"headline":"Entrega SSO ambulancia equipada a Ejutla de Crespo","datePublished":"2025-04-12T01:39:34+00:00","dateModified":"2025-04-12T01:39:39+00:00","mainEntityOfPage":{"@id":"https:\/\/www.bbmnoticias.com\/labravaradiofm\/2025\/04\/11\/entrega-sso-ambulancia-equipada-a-ejutla-de-crespo\/"},"wordCount":344,"image":{"@id":"https:\/\/www.bbmnoticias.com\/blog\/2025\/04\/11\/entrega-sso-ambulancia-equipada-a-ejutla-de-crespo\/#primaryimage"},"thumbnailUrl":"https:\/\/www.bbmnoticias.com\/labravaradiofm\/wp-content\/uploads\/sites\/5\/2025\/04\/Entrega-SSO-ambulancia-equipada-a-Ejutla-de-Crespo-3.jpeg","articleSection":["LOCAL"],"inLanguage":"es"},{"@type":"WebPage","@id":"https:\/\/www.bbmnoticias.com\/labravaradiofm\/2025\/04\/11\/entrega-sso-ambulancia-equipada-a-ejutla-de-crespo\/","url":"https:\/\/www.bbmnoticias.com\/blog\/2025\/04\/11\/entrega-sso-ambulancia-equipada-a-ejutla-de-crespo\/","name":"Entrega SSO ambulancia equipada a Ejutla de Crespo - LA BRAVA RADIO","isPartOf":{"@id":"https:\/\/www.bbmnoticias.com\/labravaradiofm\/#website"},"primaryImageOfPage":{"@id":"https:\/\/www.bbmnoticias.com\/blog\/2025\/04\/11\/entrega-sso-ambulancia-equipada-a-ejutla-de-crespo\/#primaryimage"},"image":{"@id":"https:\/\/www.bbmnoticias.com\/blog\/2025\/04\/11\/entrega-sso-ambulancia-equipada-a-ejutla-de-crespo\/#primaryimage"},"thumbnailUrl":"https:\/\/www.bbmnoticias.com\/labravaradiofm\/wp-content\/uploads\/sites\/5\/2025\/04\/Entrega-SSO-ambulancia-equipada-a-Ejutla-de-Crespo-3.jpeg","datePublished":"2025-04-12T01:39:34+00:00","dateModified":"2025-04-12T01:39:39+00:00","author":{"@id":"https:\/\/www.bbmnoticias.com\/labravaradiofm\/#\/schema\/person\/34b139c617a70ea5bef5678bffe4dd7b"},"breadcrumb":{"@id":"https:\/\/www.bbmnoticias.com\/blog\/2025\/04\/11\/entrega-sso-ambulancia-equipada-a-ejutla-de-crespo\/#breadcrumb"},"inLanguage":"es","potentialAction":[{"@type":"ReadAction","target":["https:\/\/www.bbmnoticias.com\/blog\/2025\/04\/11\/entrega-sso-ambulancia-equipada-a-ejutla-de-crespo\/"]}]},{"@type":"ImageObject","inLanguage":"es","@id":"https:\/\/www.bbmnoticias.com\/blog\/2025\/04\/11\/entrega-sso-ambulancia-equipada-a-ejutla-de-crespo\/#primaryimage","url":"https:\/\/www.bbmnoticias.com\/labravaradiofm\/wp-content\/uploads\/sites\/5\/2025\/04\/Entrega-SSO-ambulancia-equipada-a-Ejutla-de-Crespo-3.jpeg","contentUrl":"https:\/\/www.bbmnoticias.com\/labravaradiofm\/wp-content\/uploads\/sites\/5\/2025\/04\/Entrega-SSO-ambulancia-equipada-a-Ejutla-de-Crespo-3.jpeg","width":1280,"height":720},{"@type":"BreadcrumbList","@id":"https:\/\/www.bbmnoticias.com\/blog\/2025\/04\/11\/entrega-sso-ambulancia-equipada-a-ejutla-de-crespo\/#breadcrumb","itemListElement":[{"@type":"ListItem","position":1,"name":"Inicio","item":"https:\/\/www.bbmnoticias.com\/labravaradiofm\/"},{"@type":"ListItem","position":2,"name":"Entrega SSO ambulancia equipada a Ejutla de Crespo"}]},{"@type":"WebSite","@id":"https:\/\/www.bbmnoticias.com\/labravaradiofm\/#website","url":"https:\/\/www.bbmnoticias.com\/labravaradiofm\/","name":"LA BRAVA RADIO","description":"Empresa productora de medios, Radiodifusi\u00f3n, Noticias, tendencias y todo lo que necesitas saber de la pol\u00edtica mexicana e internacional; entretenimiento, espect\u00e1culos, salud y mucho m\u00e1s.","potentialAction":[{"@type":"SearchAction","target":{"@type":"EntryPoint","urlTemplate":"https:\/\/www.bbmnoticias.com\/labravaradiofm\/?s={search_term_string}"},"query-input":{"@type":"PropertyValueSpecification","valueRequired":true,"valueName":"search_term_string"}}],"inLanguage":"es"},{"@type":"Person","@id":"https:\/\/www.bbmnoticias.com\/labravaradiofm\/#\/schema\/person\/34b139c617a70ea5bef5678bffe4dd7b","name":"Staff","image":{"@type":"ImageObject","inLanguage":"es","@id":"https:\/\/secure.gravatar.com\/avatar\/fdd21ad66fd8b98c407f9dee5b5e588cfe7f0d8579ec20fa6527cd59bab7f0f0?s=96&d=mm&r=g","url":"https:\/\/secure.gravatar.com\/avatar\/fdd21ad66fd8b98c407f9dee5b5e588cfe7f0d8579ec20fa6527cd59bab7f0f0?s=96&d=mm&r=g","contentUrl":"https:\/\/secure.gravatar.com\/avatar\/fdd21ad66fd8b98c407f9dee5b5e588cfe7f0d8579ec20fa6527cd59bab7f0f0?s=96&d=mm&r=g","caption":"Staff"},"url":"https:\/\/www.bbmnoticias.com\/labravaradiofm\/author\/redaccion\/"}]}},"_links":{"self":[{"href":"https:\/\/www.bbmnoticias.com\/labravaradiofm\/wp-json\/wp\/v2\/posts\/58190","targetHints":{"allow":["GET"]}}],"collection":[{"href":"https:\/\/www.bbmnoticias.com\/labravaradiofm\/wp-json\/wp\/v2\/posts"}],"about":[{"href":"https:\/\/www.bbmnoticias.com\/labravaradiofm\/wp-json\/wp\/v2\/types\/post"}],"author":[{"embeddable":true,"href":"https:\/\/www.bbmnoticias.com\/labravaradiofm\/wp-json\/wp\/v2\/users\/2"}],"replies":[{"embeddable":true,"href":"https:\/\/www.bbmnoticias.com\/labravaradiofm\/wp-json\/wp\/v2\/comments?post=58190"}],"version-history":[{"count":0,"href":"https:\/\/www.bbmnoticias.com\/labravaradiofm\/wp-json\/wp\/v2\/posts\/58190\/revisions"}],"wp:featuredmedia":[{"embeddable":true,"href":"https:\/\/www.bbmnoticias.com\/labravaradiofm\/wp-json\/wp\/v2\/media\/58192"}],"wp:attachment":[{"href":"https:\/\/www.bbmnoticias.com\/labravaradiofm\/wp-json\/wp\/v2\/media?parent=58190"}],"wp:term":[{"taxonomy":"category","embeddable":true,"href":"https:\/\/www.bbmnoticias.com\/labravaradiofm\/wp-json\/wp\/v2\/categories?post=58190"},{"taxonomy":"post_tag","embeddable":true,"href":"https:\/\/www.bbmnoticias.com\/labravaradiofm\/wp-json\/wp\/v2\/tags?post=58190"}],"curies":[{"name":"wp","href":"https:\/\/api.w.org\/{rel}","templated":true}]}}