{"id":57850,"date":"2025-04-07T11:15:01","date_gmt":"2025-04-07T17:15:01","guid":{"rendered":"https:\/\/www.bbmnoticias.com\/labravaradiofm\/2025\/04\/07\/sheinbaum-no-descarta-aranceles-reciprocos-a-eeuu-pero-prefiere-buscar-un-acuerdo-previo\/"},"modified":"2025-04-07T11:15:09","modified_gmt":"2025-04-07T17:15:09","slug":"sheinbaum-no-descarta-aranceles-reciprocos-a-eeuu-pero-prefiere-buscar-un-acuerdo-previo","status":"publish","type":"post","link":"https:\/\/www.bbmnoticias.com\/labravaradiofm\/2025\/04\/07\/sheinbaum-no-descarta-aranceles-reciprocos-a-eeuu-pero-prefiere-buscar-un-acuerdo-previo\/","title":{"rendered":"Sheinbaum &#8220;no descarta&#8221; aranceles rec\u00edprocos a EEUU pero prefiere buscar &#8220;un acuerdo previo&#8221;"},"content":{"rendered":"<div style=\"margin-top: 0px; margin-bottom: 0px;\" class=\"sharethis-inline-share-buttons\" ><\/div>\n<p>La presidenta de M\u00e9xico, <strong>Claudia Sheinbaum<\/strong>, no descart\u00f3 imponer<strong> aranceles rec\u00edprocos<\/strong> a los que impuso el mandatario de<strong> Estados Unidos, Donald Trump<\/strong>, pero prefiere buscar un \u201c<strong>acuerdo previo<\/strong>\u201c, por lo que el secretario de Econom\u00eda, <strong>Marcelo Ebrard<\/strong>, viajar\u00e1 otra vez a Washington D.C. esta semana.<\/p>\n\n\n\n<figure class=\"wp-block-pullquote\"><blockquote><p>El aumentar el 25 por ciento (el arancel), digamos, no lo descartamos, pero preferimos seguir el di\u00e1logo antes de alguna otra medida, representar\u00eda incrementos para el precio en M\u00e9xico. Entonces, por supuesto que queremos proteger a la industria mexicana, pero estamos viendo si llegamos a un acuerdo previo\u201d, declar\u00f3.<\/p><\/blockquote><\/figure>\n\n\n\n<p>La gobernante mexicana defendi\u00f3 en su conferencia matutina, ante la oposici\u00f3n que la acusa de \u201cceder\u201d ante Trump, no responder con medidas espejo a los aranceles del 25 por ciento que Washington impuso al acero, al aluminio, a la industria automotriz y a los productos fuera del Tratado entre M\u00e9xico, Estados Unidos y Canad\u00e1 (T-MEC).<\/p>\n\n\n\n<p>La presidenta sostuvo que el Gobierno est\u00e1 \u201ctodav\u00eda\u201d en negociaciones con Estados Unidos, por lo que esta semana el secretario Ebrard viajar\u00e1 por sexta vez a Washington para dialogar sobre los aranceles.<\/p>\n\n\n\n<p>\u201cEn la medida de lo posible queremos evitar poner aranceles rec\u00edprocos\u201d, asever\u00f3.<\/p>\n\n\n\n<p>La mandataria ha destacado que M\u00e9xico qued\u00f3 en una situaci\u00f3n \u201cmejor\u201d que la de otros pa\u00edses en el esquema de aranceles que anunci\u00f3 Trump el mi\u00e9rcoles pasado porque quedaron exentos los productos dentro del <strong>T-MEC<\/strong>, lo que abarca sectores como el agropecuario, el el\u00e9ctrico, el electr\u00f3nico y otras manufacturas.<\/p>\n\n\n\n<p>El objetivo del Gobierno de Sheinbaum es buscar \u201cun trato preferencial\u201d para M\u00e9xico que le permita tener aranceles menores que otras regiones, como el 20 % de la Uni\u00f3n Europea (UE) y el 34 por ciento de China, que anunci\u00f3 un gravamen rec\u00edproco para Estados Unidos la semana pasada.<\/p>\n\n\n\n<p>\u201cM\u00e1s all\u00e1 de lo que vaya a hacer otro pa\u00eds, otra regi\u00f3n del mundo, que es su responsabilidad y la respetamos, nosotros estamos buscando evitarlo y poder llegar a un acuerdo previo a alguna otra circunstancia y, hasta ahora, lo hemos logrado, vamos a ver si seguimos en este mecanismo\u201d, coment\u00f3 la presidenta.<\/p>\n\n\n\n<p>Con informaci\u00f3n de EFE<\/p>\n","protected":false},"excerpt":{"rendered":"<p>La presidenta de M\u00e9xico, Claudia Sheinbaum, no descart\u00f3 imponer aranceles rec\u00edprocos a los que impuso el mandatario de Estados Unidos, Donald Trump, pero prefiere buscar un \u201cacuerdo previo\u201c, por lo que el secretario de Econom\u00eda, Marcelo Ebrard, viajar\u00e1 otra vez a Washington D.C. esta semana. El aumentar el 25 por ciento (el arancel), digamos, no [&hellip;]<\/p>\n","protected":false},"author":4,"featured_media":57852,"comment_status":"closed","ping_status":"","sticky":false,"template":"","format":"standard","meta":{"footnotes":""},"categories":[2,19],"tags":[],"class_list":{"0":"post-57850","1":"post","2":"type-post","3":"status-publish","4":"format-standard","5":"has-post-thumbnail","7":"category-oaxaca","8":"category-nacional"},"yoast_head":"<!-- This site is optimized with the Yoast SEO plugin v27.4 - https:\/\/yoast.com\/product\/yoast-seo-wordpress\/ -->\n<title>Sheinbaum &quot;no descarta&quot; aranceles rec\u00edprocos a EEUU pero prefiere buscar &quot;un acuerdo previo&quot; - LA BRAVA RADIO<\/title>\n<meta name=\"robots\" content=\"index, follow, max-snippet:-1, max-image-preview:large, max-video-preview:-1\" \/>\n<link rel=\"canonical\" href=\"https:\/\/www.bbmnoticias.com\/blog\/2025\/04\/07\/sheinbaum-no-descarta-aranceles-reciprocos-a-eeuu-pero-prefiere-buscar-un-acuerdo-previo\/\" \/>\n<meta property=\"og:locale\" content=\"es_MX\" \/>\n<meta property=\"og:type\" content=\"article\" \/>\n<meta property=\"og:title\" content=\"Sheinbaum &quot;no descarta&quot; aranceles rec\u00edprocos a EEUU pero prefiere buscar &quot;un acuerdo previo&quot; - LA BRAVA RADIO\" \/>\n<meta property=\"og:description\" content=\"La presidenta de M\u00e9xico, Claudia Sheinbaum, no descart\u00f3 imponer aranceles rec\u00edprocos a los que impuso el mandatario de Estados Unidos, Donald Trump, pero prefiere buscar un \u201cacuerdo previo\u201c, por lo que el secretario de Econom\u00eda, Marcelo Ebrard, viajar\u00e1 otra vez a Washington D.C. esta semana. El aumentar el 25 por ciento (el arancel), digamos, no [&hellip;]\" \/>\n<meta property=\"og:url\" content=\"https:\/\/www.bbmnoticias.com\/blog\/2025\/04\/07\/sheinbaum-no-descarta-aranceles-reciprocos-a-eeuu-pero-prefiere-buscar-un-acuerdo-previo\/\" \/>\n<meta property=\"og:site_name\" content=\"LA BRAVA RADIO\" \/>\n<meta property=\"article:published_time\" content=\"2025-04-07T17:15:01+00:00\" \/>\n<meta property=\"article:modified_time\" content=\"2025-04-07T17:15:09+00:00\" \/>\n<meta property=\"og:image\" content=\"https:\/\/www.bbmnoticias.com\/labravaradiofm\/wp-content\/uploads\/sites\/5\/2025\/04\/sheinbaum-aranceles-trump-eeuu-1-1536x1024-1.jpg\" \/>\n\t<meta property=\"og:image:width\" content=\"1536\" \/>\n\t<meta property=\"og:image:height\" content=\"1024\" \/>\n\t<meta property=\"og:image:type\" content=\"image\/jpeg\" \/>\n<meta name=\"author\" content=\"Agencias\" \/>\n<meta name=\"twitter:card\" content=\"summary_large_image\" \/>\n<meta name=\"twitter:label1\" content=\"Escrito por\" \/>\n\t<meta name=\"twitter:data1\" content=\"Agencias\" \/>\n\t<meta name=\"twitter:label2\" content=\"Tiempo de lectura\" \/>\n\t<meta name=\"twitter:data2\" content=\"2 minutos\" \/>\n<script type=\"application\/ld+json\" class=\"yoast-schema-graph\">{\"@context\":\"https:\\\/\\\/schema.org\",\"@graph\":[{\"@type\":\"Article\",\"@id\":\"https:\\\/\\\/www.bbmnoticias.com\\\/blog\\\/2025\\\/04\\\/07\\\/sheinbaum-no-descarta-aranceles-reciprocos-a-eeuu-pero-prefiere-buscar-un-acuerdo-previo\\\/#article\",\"isPartOf\":{\"@id\":\"https:\\\/\\\/www.bbmnoticias.com\\\/labravaradiofm\\\/2025\\\/04\\\/07\\\/sheinbaum-no-descarta-aranceles-reciprocos-a-eeuu-pero-prefiere-buscar-un-acuerdo-previo\\\/\"},\"author\":{\"name\":\"Agencias\",\"@id\":\"https:\\\/\\\/www.bbmnoticias.com\\\/labravaradiofm\\\/#\\\/schema\\\/person\\\/000bdaf0a8fb5bff0d537c4d0778e33f\"},\"headline\":\"Sheinbaum &#8220;no descarta&#8221; aranceles rec\u00edprocos a EEUU pero prefiere buscar &#8220;un acuerdo previo&#8221;\",\"datePublished\":\"2025-04-07T17:15:01+00:00\",\"dateModified\":\"2025-04-07T17:15:09+00:00\",\"mainEntityOfPage\":{\"@id\":\"https:\\\/\\\/www.bbmnoticias.com\\\/labravaradiofm\\\/2025\\\/04\\\/07\\\/sheinbaum-no-descarta-aranceles-reciprocos-a-eeuu-pero-prefiere-buscar-un-acuerdo-previo\\\/\"},\"wordCount\":381,\"image\":{\"@id\":\"https:\\\/\\\/www.bbmnoticias.com\\\/blog\\\/2025\\\/04\\\/07\\\/sheinbaum-no-descarta-aranceles-reciprocos-a-eeuu-pero-prefiere-buscar-un-acuerdo-previo\\\/#primaryimage\"},\"thumbnailUrl\":\"https:\\\/\\\/www.bbmnoticias.com\\\/labravaradiofm\\\/wp-content\\\/uploads\\\/sites\\\/5\\\/2025\\\/04\\\/sheinbaum-aranceles-trump-eeuu-1-1536x1024-1.jpg\",\"articleSection\":[\"LOCAL\",\"NACIONAL\"],\"inLanguage\":\"es\"},{\"@type\":\"WebPage\",\"@id\":\"https:\\\/\\\/www.bbmnoticias.com\\\/labravaradiofm\\\/2025\\\/04\\\/07\\\/sheinbaum-no-descarta-aranceles-reciprocos-a-eeuu-pero-prefiere-buscar-un-acuerdo-previo\\\/\",\"url\":\"https:\\\/\\\/www.bbmnoticias.com\\\/blog\\\/2025\\\/04\\\/07\\\/sheinbaum-no-descarta-aranceles-reciprocos-a-eeuu-pero-prefiere-buscar-un-acuerdo-previo\\\/\",\"name\":\"Sheinbaum \\\"no descarta\\\" aranceles rec\u00edprocos a EEUU pero prefiere buscar \\\"un acuerdo previo\\\" - LA BRAVA RADIO\",\"isPartOf\":{\"@id\":\"https:\\\/\\\/www.bbmnoticias.com\\\/labravaradiofm\\\/#website\"},\"primaryImageOfPage\":{\"@id\":\"https:\\\/\\\/www.bbmnoticias.com\\\/blog\\\/2025\\\/04\\\/07\\\/sheinbaum-no-descarta-aranceles-reciprocos-a-eeuu-pero-prefiere-buscar-un-acuerdo-previo\\\/#primaryimage\"},\"image\":{\"@id\":\"https:\\\/\\\/www.bbmnoticias.com\\\/blog\\\/2025\\\/04\\\/07\\\/sheinbaum-no-descarta-aranceles-reciprocos-a-eeuu-pero-prefiere-buscar-un-acuerdo-previo\\\/#primaryimage\"},\"thumbnailUrl\":\"https:\\\/\\\/www.bbmnoticias.com\\\/labravaradiofm\\\/wp-content\\\/uploads\\\/sites\\\/5\\\/2025\\\/04\\\/sheinbaum-aranceles-trump-eeuu-1-1536x1024-1.jpg\",\"datePublished\":\"2025-04-07T17:15:01+00:00\",\"dateModified\":\"2025-04-07T17:15:09+00:00\",\"author\":{\"@id\":\"https:\\\/\\\/www.bbmnoticias.com\\\/labravaradiofm\\\/#\\\/schema\\\/person\\\/000bdaf0a8fb5bff0d537c4d0778e33f\"},\"breadcrumb\":{\"@id\":\"https:\\\/\\\/www.bbmnoticias.com\\\/blog\\\/2025\\\/04\\\/07\\\/sheinbaum-no-descarta-aranceles-reciprocos-a-eeuu-pero-prefiere-buscar-un-acuerdo-previo\\\/#breadcrumb\"},\"inLanguage\":\"es\",\"potentialAction\":[{\"@type\":\"ReadAction\",\"target\":[\"https:\\\/\\\/www.bbmnoticias.com\\\/blog\\\/2025\\\/04\\\/07\\\/sheinbaum-no-descarta-aranceles-reciprocos-a-eeuu-pero-prefiere-buscar-un-acuerdo-previo\\\/\"]}]},{\"@type\":\"ImageObject\",\"inLanguage\":\"es\",\"@id\":\"https:\\\/\\\/www.bbmnoticias.com\\\/blog\\\/2025\\\/04\\\/07\\\/sheinbaum-no-descarta-aranceles-reciprocos-a-eeuu-pero-prefiere-buscar-un-acuerdo-previo\\\/#primaryimage\",\"url\":\"https:\\\/\\\/www.bbmnoticias.com\\\/labravaradiofm\\\/wp-content\\\/uploads\\\/sites\\\/5\\\/2025\\\/04\\\/sheinbaum-aranceles-trump-eeuu-1-1536x1024-1.jpg\",\"contentUrl\":\"https:\\\/\\\/www.bbmnoticias.com\\\/labravaradiofm\\\/wp-content\\\/uploads\\\/sites\\\/5\\\/2025\\\/04\\\/sheinbaum-aranceles-trump-eeuu-1-1536x1024-1.jpg\",\"width\":1536,\"height\":1024},{\"@type\":\"BreadcrumbList\",\"@id\":\"https:\\\/\\\/www.bbmnoticias.com\\\/blog\\\/2025\\\/04\\\/07\\\/sheinbaum-no-descarta-aranceles-reciprocos-a-eeuu-pero-prefiere-buscar-un-acuerdo-previo\\\/#breadcrumb\",\"itemListElement\":[{\"@type\":\"ListItem\",\"position\":1,\"name\":\"Inicio\",\"item\":\"https:\\\/\\\/www.bbmnoticias.com\\\/labravaradiofm\\\/\"},{\"@type\":\"ListItem\",\"position\":2,\"name\":\"Sheinbaum &#8220;no descarta&#8221; aranceles rec\u00edprocos a EEUU pero prefiere buscar &#8220;un acuerdo previo&#8221;\"}]},{\"@type\":\"WebSite\",\"@id\":\"https:\\\/\\\/www.bbmnoticias.com\\\/labravaradiofm\\\/#website\",\"url\":\"https:\\\/\\\/www.bbmnoticias.com\\\/labravaradiofm\\\/\",\"name\":\"LA BRAVA RADIO\",\"description\":\"Empresa productora de medios, Radiodifusi\u00f3n, Noticias, tendencias y todo lo que necesitas saber de la pol\u00edtica mexicana e internacional; entretenimiento, espect\u00e1culos, salud y mucho m\u00e1s.\",\"potentialAction\":[{\"@type\":\"SearchAction\",\"target\":{\"@type\":\"EntryPoint\",\"urlTemplate\":\"https:\\\/\\\/www.bbmnoticias.com\\\/labravaradiofm\\\/?s={search_term_string}\"},\"query-input\":{\"@type\":\"PropertyValueSpecification\",\"valueRequired\":true,\"valueName\":\"search_term_string\"}}],\"inLanguage\":\"es\"},{\"@type\":\"Person\",\"@id\":\"https:\\\/\\\/www.bbmnoticias.com\\\/labravaradiofm\\\/#\\\/schema\\\/person\\\/000bdaf0a8fb5bff0d537c4d0778e33f\",\"name\":\"Agencias\",\"image\":{\"@type\":\"ImageObject\",\"inLanguage\":\"es\",\"@id\":\"https:\\\/\\\/secure.gravatar.com\\\/avatar\\\/739e0b61adf9e398b425c36718c8752286da0e8cd90f20ce9a86678abc26aa0d?s=96&d=mm&r=g\",\"url\":\"https:\\\/\\\/secure.gravatar.com\\\/avatar\\\/739e0b61adf9e398b425c36718c8752286da0e8cd90f20ce9a86678abc26aa0d?s=96&d=mm&r=g\",\"contentUrl\":\"https:\\\/\\\/secure.gravatar.com\\\/avatar\\\/739e0b61adf9e398b425c36718c8752286da0e8cd90f20ce9a86678abc26aa0d?s=96&d=mm&r=g\",\"caption\":\"Agencias\"},\"url\":\"https:\\\/\\\/www.bbmnoticias.com\\\/labravaradiofm\\\/author\\\/agencias\\\/\"}]}<\/script>\n<!-- \/ Yoast SEO plugin. -->","yoast_head_json":{"title":"Sheinbaum \"no descarta\" aranceles rec\u00edprocos a EEUU pero prefiere buscar \"un acuerdo previo\" - LA BRAVA RADIO","robots":{"index":"index","follow":"follow","max-snippet":"max-snippet:-1","max-image-preview":"max-image-preview:large","max-video-preview":"max-video-preview:-1"},"canonical":"https:\/\/www.bbmnoticias.com\/blog\/2025\/04\/07\/sheinbaum-no-descarta-aranceles-reciprocos-a-eeuu-pero-prefiere-buscar-un-acuerdo-previo\/","og_locale":"es_MX","og_type":"article","og_title":"Sheinbaum \"no descarta\" aranceles rec\u00edprocos a EEUU pero prefiere buscar \"un acuerdo previo\" - LA BRAVA RADIO","og_description":"La presidenta de M\u00e9xico, Claudia Sheinbaum, no descart\u00f3 imponer aranceles rec\u00edprocos a los que impuso el mandatario de Estados Unidos, Donald Trump, pero prefiere buscar un \u201cacuerdo previo\u201c, por lo que el secretario de Econom\u00eda, Marcelo Ebrard, viajar\u00e1 otra vez a Washington D.C. esta semana. El aumentar el 25 por ciento (el arancel), digamos, no [&hellip;]","og_url":"https:\/\/www.bbmnoticias.com\/blog\/2025\/04\/07\/sheinbaum-no-descarta-aranceles-reciprocos-a-eeuu-pero-prefiere-buscar-un-acuerdo-previo\/","og_site_name":"LA BRAVA RADIO","article_published_time":"2025-04-07T17:15:01+00:00","article_modified_time":"2025-04-07T17:15:09+00:00","og_image":[{"width":1536,"height":1024,"url":"https:\/\/www.bbmnoticias.com\/labravaradiofm\/wp-content\/uploads\/sites\/5\/2025\/04\/sheinbaum-aranceles-trump-eeuu-1-1536x1024-1.jpg","type":"image\/jpeg"}],"author":"Agencias","twitter_card":"summary_large_image","twitter_misc":{"Escrito por":"Agencias","Tiempo de lectura":"2 minutos"},"schema":{"@context":"https:\/\/schema.org","@graph":[{"@type":"Article","@id":"https:\/\/www.bbmnoticias.com\/blog\/2025\/04\/07\/sheinbaum-no-descarta-aranceles-reciprocos-a-eeuu-pero-prefiere-buscar-un-acuerdo-previo\/#article","isPartOf":{"@id":"https:\/\/www.bbmnoticias.com\/labravaradiofm\/2025\/04\/07\/sheinbaum-no-descarta-aranceles-reciprocos-a-eeuu-pero-prefiere-buscar-un-acuerdo-previo\/"},"author":{"name":"Agencias","@id":"https:\/\/www.bbmnoticias.com\/labravaradiofm\/#\/schema\/person\/000bdaf0a8fb5bff0d537c4d0778e33f"},"headline":"Sheinbaum &#8220;no descarta&#8221; aranceles rec\u00edprocos a EEUU pero prefiere buscar &#8220;un acuerdo previo&#8221;","datePublished":"2025-04-07T17:15:01+00:00","dateModified":"2025-04-07T17:15:09+00:00","mainEntityOfPage":{"@id":"https:\/\/www.bbmnoticias.com\/labravaradiofm\/2025\/04\/07\/sheinbaum-no-descarta-aranceles-reciprocos-a-eeuu-pero-prefiere-buscar-un-acuerdo-previo\/"},"wordCount":381,"image":{"@id":"https:\/\/www.bbmnoticias.com\/blog\/2025\/04\/07\/sheinbaum-no-descarta-aranceles-reciprocos-a-eeuu-pero-prefiere-buscar-un-acuerdo-previo\/#primaryimage"},"thumbnailUrl":"https:\/\/www.bbmnoticias.com\/labravaradiofm\/wp-content\/uploads\/sites\/5\/2025\/04\/sheinbaum-aranceles-trump-eeuu-1-1536x1024-1.jpg","articleSection":["LOCAL","NACIONAL"],"inLanguage":"es"},{"@type":"WebPage","@id":"https:\/\/www.bbmnoticias.com\/labravaradiofm\/2025\/04\/07\/sheinbaum-no-descarta-aranceles-reciprocos-a-eeuu-pero-prefiere-buscar-un-acuerdo-previo\/","url":"https:\/\/www.bbmnoticias.com\/blog\/2025\/04\/07\/sheinbaum-no-descarta-aranceles-reciprocos-a-eeuu-pero-prefiere-buscar-un-acuerdo-previo\/","name":"Sheinbaum \"no descarta\" aranceles rec\u00edprocos a EEUU pero prefiere buscar \"un acuerdo previo\" - LA BRAVA RADIO","isPartOf":{"@id":"https:\/\/www.bbmnoticias.com\/labravaradiofm\/#website"},"primaryImageOfPage":{"@id":"https:\/\/www.bbmnoticias.com\/blog\/2025\/04\/07\/sheinbaum-no-descarta-aranceles-reciprocos-a-eeuu-pero-prefiere-buscar-un-acuerdo-previo\/#primaryimage"},"image":{"@id":"https:\/\/www.bbmnoticias.com\/blog\/2025\/04\/07\/sheinbaum-no-descarta-aranceles-reciprocos-a-eeuu-pero-prefiere-buscar-un-acuerdo-previo\/#primaryimage"},"thumbnailUrl":"https:\/\/www.bbmnoticias.com\/labravaradiofm\/wp-content\/uploads\/sites\/5\/2025\/04\/sheinbaum-aranceles-trump-eeuu-1-1536x1024-1.jpg","datePublished":"2025-04-07T17:15:01+00:00","dateModified":"2025-04-07T17:15:09+00:00","author":{"@id":"https:\/\/www.bbmnoticias.com\/labravaradiofm\/#\/schema\/person\/000bdaf0a8fb5bff0d537c4d0778e33f"},"breadcrumb":{"@id":"https:\/\/www.bbmnoticias.com\/blog\/2025\/04\/07\/sheinbaum-no-descarta-aranceles-reciprocos-a-eeuu-pero-prefiere-buscar-un-acuerdo-previo\/#breadcrumb"},"inLanguage":"es","potentialAction":[{"@type":"ReadAction","target":["https:\/\/www.bbmnoticias.com\/blog\/2025\/04\/07\/sheinbaum-no-descarta-aranceles-reciprocos-a-eeuu-pero-prefiere-buscar-un-acuerdo-previo\/"]}]},{"@type":"ImageObject","inLanguage":"es","@id":"https:\/\/www.bbmnoticias.com\/blog\/2025\/04\/07\/sheinbaum-no-descarta-aranceles-reciprocos-a-eeuu-pero-prefiere-buscar-un-acuerdo-previo\/#primaryimage","url":"https:\/\/www.bbmnoticias.com\/labravaradiofm\/wp-content\/uploads\/sites\/5\/2025\/04\/sheinbaum-aranceles-trump-eeuu-1-1536x1024-1.jpg","contentUrl":"https:\/\/www.bbmnoticias.com\/labravaradiofm\/wp-content\/uploads\/sites\/5\/2025\/04\/sheinbaum-aranceles-trump-eeuu-1-1536x1024-1.jpg","width":1536,"height":1024},{"@type":"BreadcrumbList","@id":"https:\/\/www.bbmnoticias.com\/blog\/2025\/04\/07\/sheinbaum-no-descarta-aranceles-reciprocos-a-eeuu-pero-prefiere-buscar-un-acuerdo-previo\/#breadcrumb","itemListElement":[{"@type":"ListItem","position":1,"name":"Inicio","item":"https:\/\/www.bbmnoticias.com\/labravaradiofm\/"},{"@type":"ListItem","position":2,"name":"Sheinbaum &#8220;no descarta&#8221; aranceles rec\u00edprocos a EEUU pero prefiere buscar &#8220;un acuerdo previo&#8221;"}]},{"@type":"WebSite","@id":"https:\/\/www.bbmnoticias.com\/labravaradiofm\/#website","url":"https:\/\/www.bbmnoticias.com\/labravaradiofm\/","name":"LA BRAVA RADIO","description":"Empresa productora de medios, Radiodifusi\u00f3n, Noticias, tendencias y todo lo que necesitas saber de la pol\u00edtica mexicana e internacional; entretenimiento, espect\u00e1culos, salud y mucho m\u00e1s.","potentialAction":[{"@type":"SearchAction","target":{"@type":"EntryPoint","urlTemplate":"https:\/\/www.bbmnoticias.com\/labravaradiofm\/?s={search_term_string}"},"query-input":{"@type":"PropertyValueSpecification","valueRequired":true,"valueName":"search_term_string"}}],"inLanguage":"es"},{"@type":"Person","@id":"https:\/\/www.bbmnoticias.com\/labravaradiofm\/#\/schema\/person\/000bdaf0a8fb5bff0d537c4d0778e33f","name":"Agencias","image":{"@type":"ImageObject","inLanguage":"es","@id":"https:\/\/secure.gravatar.com\/avatar\/739e0b61adf9e398b425c36718c8752286da0e8cd90f20ce9a86678abc26aa0d?s=96&d=mm&r=g","url":"https:\/\/secure.gravatar.com\/avatar\/739e0b61adf9e398b425c36718c8752286da0e8cd90f20ce9a86678abc26aa0d?s=96&d=mm&r=g","contentUrl":"https:\/\/secure.gravatar.com\/avatar\/739e0b61adf9e398b425c36718c8752286da0e8cd90f20ce9a86678abc26aa0d?s=96&d=mm&r=g","caption":"Agencias"},"url":"https:\/\/www.bbmnoticias.com\/labravaradiofm\/author\/agencias\/"}]}},"_links":{"self":[{"href":"https:\/\/www.bbmnoticias.com\/labravaradiofm\/wp-json\/wp\/v2\/posts\/57850","targetHints":{"allow":["GET"]}}],"collection":[{"href":"https:\/\/www.bbmnoticias.com\/labravaradiofm\/wp-json\/wp\/v2\/posts"}],"about":[{"href":"https:\/\/www.bbmnoticias.com\/labravaradiofm\/wp-json\/wp\/v2\/types\/post"}],"author":[{"embeddable":true,"href":"https:\/\/www.bbmnoticias.com\/labravaradiofm\/wp-json\/wp\/v2\/users\/4"}],"replies":[{"embeddable":true,"href":"https:\/\/www.bbmnoticias.com\/labravaradiofm\/wp-json\/wp\/v2\/comments?post=57850"}],"version-history":[{"count":0,"href":"https:\/\/www.bbmnoticias.com\/labravaradiofm\/wp-json\/wp\/v2\/posts\/57850\/revisions"}],"wp:featuredmedia":[{"embeddable":true,"href":"https:\/\/www.bbmnoticias.com\/labravaradiofm\/wp-json\/wp\/v2\/media\/57852"}],"wp:attachment":[{"href":"https:\/\/www.bbmnoticias.com\/labravaradiofm\/wp-json\/wp\/v2\/media?parent=57850"}],"wp:term":[{"taxonomy":"category","embeddable":true,"href":"https:\/\/www.bbmnoticias.com\/labravaradiofm\/wp-json\/wp\/v2\/categories?post=57850"},{"taxonomy":"post_tag","embeddable":true,"href":"https:\/\/www.bbmnoticias.com\/labravaradiofm\/wp-json\/wp\/v2\/tags?post=57850"}],"curies":[{"name":"wp","href":"https:\/\/api.w.org\/{rel}","templated":true}]}}